{"id":45201,"date":"2024-06-23T15:22:59","date_gmt":"2024-06-23T13:22:59","guid":{"rendered":"https:\/\/www.apfelpatient.de\/?p=45201"},"modified":"2024-06-23T15:23:01","modified_gmt":"2024-06-23T13:23:01","slug":"inexpensive-apple-vision-headset-connection-to-iphone-necessary","status":"publish","type":"post","link":"https:\/\/www.apfelpatient.de\/en\/rumors\/preiswertes-apple-vision-headset-verbindung-zu-iphone-noetig","title":{"rendered":"Affordable Apple Vision Headset: Connection to iPhone necessary?"},"content":{"rendered":"<p class=\"has-drop-cap\"><strong>At a time when technology and innovation go hand in hand, Apple is once again making headlines. This time, it&#039;s all about the upcoming &quot;Apple Vision&quot; headset. The headset that is set to change the technological landscape could soon be available in a cheaper version. But what are the trade-offs and how could this shape the future of augmented reality (AR)?<\/strong><\/p>\n\n\n\n<p>Apple is known for its high-priced, but also high-quality products. The Vision Pro headset, which has already caused a stir, is another example of the company&#039;s innovative power. But the market also demands more affordable options. According to recent reports, Apple is now working on a cheaper version of the Vision headset. This decision could have far-reaching consequences - both for the market and for you as a potential user.<\/p>\n\n\n\n<h4 class=\"wp-block-heading\" id=\"h-hintergrund-und-aktuelle-entwicklungen\">Background and current developments<\/h4>\n\n\n\n<p>Earlier this week, it was announced that Apple was shifting its focus from developing a second generation of the Vision Pro headset to a more affordable version <a href=\"https:\/\/www.apfelpatient.de\/en\/rumors\/apple-vision-pro-2-development-stopped-favorable-model-coming\">shifted<\/a> This was reported by Bloomberg journalist Mark Gurman in his Power On newsletter <a href=\"https:\/\/www.bloomberg.com\/authors\/AS7Hj1mBMGM\/mark-gurman\" target=\"_blank\" rel=\"noreferrer noopener\">confirmed<\/a>According to Gurman, Apple plans to cut costs by tying the new headset more closely to other Apple devices, such as the iPhone or Mac. This would be a big difference from the Vision Pro, which works completely independently.<\/p>\n\n\n\n<h4 class=\"wp-block-heading\" id=\"h-technische-unterschiede-und-kostenersparnis\">Technical differences and cost savings<\/h4>\n\n\n\n<p>Prototypes of the cheaper headset, codenamed internally as N107, are said to have a smaller field of view. This could mean the immersive experience is somewhat limited. But the biggest change is the reliance on a connected Mac or iPhone. This decision could allow Apple to save significant costs on processing power and integrated components, which would have a direct impact on the selling price.<\/p>\n\n\n\n<h4 class=\"wp-block-heading\" id=\"h-markteinfuhrung-und-herausforderungen\">market launch and challenges<\/h4>\n\n\n\n<p>Gurman reports that Apple is aiming to launch the cheaper Vision headset as early as late 2025. These plans were reportedly in place before the Vision Pro was officially unveiled last year. Still, Apple faces the challenge of reducing costs without losing key features, which requires a careful balance between price and performance.<\/p>\n\n\n\n<h4 class=\"wp-block-heading\" id=\"h-zukunftsperspektiven-und-high-end-strategie\">future prospects and high-end strategy<\/h4>\n\n\n\n<p>Despite the push into the lower price sector, Apple has no plans to abandon the high-end headset market. Work continues on a second generation of the Vision Pro, known internally as the N109. This model is expected to be faster and offer improvements in the external cameras. However, this high-end headset is not expected to hit the market until late 2026 at the earliest.<\/p>\n\n\n\n<h3 class=\"wp-block-heading\" id=\"h-preis-vs-unabhangigkeit-die-balance-des-neuen-apple-vision-headsets\">Price vs. Independence: The Balance of the New Apple Vision Headset<\/h3>\n\n\n\n<p>The launch of a cheaper &quot;Apple Vision&quot; headset could mark a turning point in AR technology. While the cost reduction will be achieved by relying on a connected iPhone or Mac, it remains to be seen how users will react to these limitations. For many, the lower price could be a deciding factor, while others might prefer the complete independence of the Vision Pro. (Image: Apple)<\/p>\n\n\n\n<ul class=\"wp-block-list\">\n<li><a href=\"https:\/\/www.apfelpatient.de\/en\/news\/apple-vision-pro-demos-from-12-july-be-there\">Apple Vision Pro demos starting July 12: Be there!<\/a><\/li>\n<\/ul>\n\n\n\n<h6 class=\"wp-block-heading translation-block\" id=\"h-kennt-ihr-schon-unsere-amazon-storefront-dort-findet-ihr-eine-handverlesene-auswahl-von-diversen-produkten-f-r-euer-iphone-und-co-viel-spa-beim-st-bern\"><em>Have you already visited our Amazon Storefront? There you&#039;ll find a hand-picked selection of various products for your iPhone and other devices \u2013 <span class=\"has-inline-color has-vivid-red-color\"><a href=\"https:\/\/www.amazon.de\/shop\/apfelpatientofficial\" class=\"ek-link\" data-wpel-link=\"exclude\" rel=\"follow noopener\" target=\"_self\"><span style=\"text-decoration: underline\" class=\"ek-underline\">enjoy browsing<\/span><\/a> !<\/span><\/em><\/h6>\n\n\n\n<h6 class=\"wp-block-heading translation-block\" id=\"h-der-beitrag-enthalt-partnerlinks\">This post contains <a data-type=\"URL\" data-id=\"https:\/\/www.apfelpatient.de\/partnerprogramm\" href=\"https:\/\/www.apfelpatient.de\/en\/partner-program\" data-wpel-link=\"internal\" target=\"_self\">affiliate links<\/a>.<\/h6>","protected":false},"excerpt":{"rendered":"<p>Find out everything about the upcoming &quot;Apple Vision&quot; headset! Cheaper and with iPhone connection: What does this mean for the future of AR?<\/p>","protected":false},"author":2,"featured_media":45202,"comment_status":"closed","ping_status":"closed","sticky":false,"template":"","format":"standard","meta":{"jnews-multi-image_gallery":[],"jnews_single_post":{"subtitle":"","format":"standard","video":"","gallery":"","source_name":"","source_url":"","via_name":"","via_url":"","override_template":"0","override":[{"template":"4","single_blog_custom":"","parallax":"1","fullscreen":"1","layout":"right-sidebar","sidebar":"default-sidebar","second_sidebar":"default-sidebar","sticky_sidebar":"1","share_position":"top","share_float_style":"share-monocrhome","show_share_counter":"0","show_view_counter":"0","show_featured":"1","show_post_meta":"1","show_post_author":"1","show_post_author_image":"1","show_post_date":"1","post_date_format":"default","post_date_format_custom":"Y\/m\/d","show_post_category":"1","show_post_reading_time":"0","post_reading_time_wpm":"300","show_zoom_button":"0","zoom_button_out_step":"2","zoom_button_in_step":"3","show_post_tag":"1","show_prev_next_post":"1","show_popup_post":"1","number_popup_post":"1","show_author_box":"0","show_post_related":"0","show_inline_post_related":"0"}],"override_image_size":"0","image_override":[{"single_post_thumbnail_size":"crop-500","single_post_gallery_size":"crop-500"}],"trending_post":"0","trending_post_position":"meta","trending_post_label":"Trending","sponsored_post":"0","sponsored_post_label":"Sponsored by","sponsored_post_name":"","sponsored_post_url":"","sponsored_post_logo_enable":"0","sponsored_post_logo":"","sponsored_post_desc":"","disable_ad":"0"},"jnews_primary_category":{"id":"25","hide":""},"footnotes":""},"categories":[25],"tags":[843,609],"class_list":["post-45201","post","type-post","status-publish","format-standard","has-post-thumbnail","hentry","category-rumors","tag-apple-vision-pro","tag-apple-vr-ar"],"yoast_head":"<!-- This site is optimized with the Yoast SEO Premium plugin v27.5 (Yoast SEO v27.5) - https:\/\/yoast.com\/product\/yoast-seo-premium-wordpress\/ -->\n<title>Preiswertes Apple Vision Headset: Verbindung zu iPhone n\u00f6tig? Apfelpatient<\/title>\n<meta name=\"description\" content=\"Erfahre alles \u00fcber das kommende \u201eApple Vision\u201c-Headset! G\u00fcnstiger und mit iPhone-Verbindung: Was bedeutet das f\u00fcr die AR-Zukunft?\" \/>\n<meta name=\"robots\" content=\"index, follow, max-snippet:-1, max-image-preview:large, max-video-preview:-1\" \/>\n<link rel=\"canonical\" href=\"https:\/\/www.apfelpatient.de\/en\/rumors\/inexpensive-apple-vision-headset-connection-to-iphone-necessary\" \/>\n<meta property=\"og:locale\" content=\"en_US\" \/>\n<meta property=\"og:type\" content=\"article\" \/>\n<meta property=\"og:title\" content=\"Preiswertes Apple Vision Headset: Verbindung zu iPhone n\u00f6tig?\" \/>\n<meta property=\"og:description\" content=\"Erfahre alles \u00fcber das kommende \u201eApple Vision\u201c-Headset! G\u00fcnstiger und mit iPhone-Verbindung: Was bedeutet das f\u00fcr die AR-Zukunft?\" \/>\n<meta property=\"og:url\" content=\"https:\/\/www.apfelpatient.de\/en\/rumors\/inexpensive-apple-vision-headset-connection-to-iphone-necessary\" \/>\n<meta property=\"og:site_name\" content=\"Apfelpatient\" \/>\n<meta property=\"article:publisher\" content=\"https:\/\/www.facebook.com\/apfelpatientOfficial\" \/>\n<meta property=\"article:author\" content=\"https:\/\/www.facebook.com\/apfelpatientOfficial\" \/>\n<meta property=\"article:published_time\" content=\"2024-06-23T13:22:59+00:00\" \/>\n<meta property=\"article:modified_time\" content=\"2024-06-23T13:23:01+00:00\" \/>\n<meta property=\"og:image\" content=\"https:\/\/www.apfelpatient.de\/wp-content\/uploads\/2024\/06\/Apple-Vision-Pro-availability-selfie-with-Tim-Cook.jpg\" \/>\n\t<meta property=\"og:image:width\" content=\"1600\" \/>\n\t<meta property=\"og:image:height\" content=\"1066\" \/>\n\t<meta property=\"og:image:type\" content=\"image\/jpeg\" \/>\n<meta name=\"author\" content=\"Milan\" \/>\n<meta name=\"twitter:card\" content=\"summary_large_image\" \/>\n<meta name=\"twitter:description\" content=\"Erfahre alles \u00fcber das kommende \u201eApple Vision\u201c-Headset! G\u00fcnstiger und mit iPhone-Verbindung: Was bedeutet das f\u00fcr die AR-Zukunft?\" \/>\n<meta name=\"twitter:label1\" content=\"Written by\" \/>\n\t<meta name=\"twitter:data1\" content=\"Milan\" \/>\n\t<meta name=\"twitter:label2\" content=\"Est. reading time\" \/>\n\t<meta name=\"twitter:data2\" content=\"3 minutes\" \/>\n<script type=\"application\/ld+json\" class=\"yoast-schema-graph\">{\"@context\":\"https:\\\/\\\/schema.org\",\"@graph\":[{\"@type\":\"NewsArticle\",\"@id\":\"https:\\\/\\\/www.apfelpatient.de\\\/rumors\\\/preiswertes-apple-vision-headset-verbindung-zu-iphone-noetig#article\",\"isPartOf\":{\"@id\":\"https:\\\/\\\/www.apfelpatient.de\\\/rumors\\\/preiswertes-apple-vision-headset-verbindung-zu-iphone-noetig\"},\"author\":{\"@type\":\"Organization\",\"@id\":\"https:\\\/\\\/www.apfelpatient.de\\\/en\\\/#organization\",\"name\":\"Apfelpatient\",\"url\":\"https:\\\/\\\/www.apfelpatient.de\\\/en\\\/\"},\"headline\":\"Preiswertes Apple Vision Headset: Verbindung zu iPhone n\u00f6tig?\",\"datePublished\":\"2024-06-23T13:22:59+00:00\",\"dateModified\":\"2024-06-23T13:23:01+00:00\",\"mainEntityOfPage\":{\"@id\":\"https:\\\/\\\/www.apfelpatient.de\\\/rumors\\\/preiswertes-apple-vision-headset-verbindung-zu-iphone-noetig\"},\"wordCount\":521,\"publisher\":{\"@type\":\"Organization\",\"@id\":\"https:\\\/\\\/www.apfelpatient.de\\\/en\\\/#organization\",\"name\":\"Apfelpatient\",\"url\":\"https:\\\/\\\/www.apfelpatient.de\\\/en\\\/\"},\"image\":{\"@id\":\"https:\\\/\\\/www.apfelpatient.de\\\/rumors\\\/preiswertes-apple-vision-headset-verbindung-zu-iphone-noetig#primaryimage\"},\"thumbnailUrl\":\"https:\\\/\\\/www.apfelpatient.de\\\/wp-content\\\/uploads\\\/2024\\\/06\\\/Apple-Vision-Pro-availability-selfie-with-Tim-Cook.jpg\",\"keywords\":[\"Apple Vision Pro\",\"Apple VR\\\/AR\"],\"articleSection\":\"Rumors\",\"inLanguage\":\"en-US\",\"copyrightYear\":\"2024\",\"copyrightHolder\":{\"@id\":\"https:\\\/\\\/www.apfelpatient.de\\\/en\\\/#organization\"}},{\"@type\":\"WebPage\",\"@id\":\"https:\\\/\\\/www.apfelpatient.de\\\/rumors\\\/preiswertes-apple-vision-headset-verbindung-zu-iphone-noetig\",\"url\":\"https:\\\/\\\/www.apfelpatient.de\\\/rumors\\\/preiswertes-apple-vision-headset-verbindung-zu-iphone-noetig\",\"name\":\"Preiswertes Apple Vision Headset: Verbindung zu iPhone n\u00f6tig? Apfelpatient\",\"isPartOf\":{\"@id\":\"https:\\\/\\\/www.apfelpatient.de\\\/#website\"},\"primaryImageOfPage\":{\"@id\":\"https:\\\/\\\/www.apfelpatient.de\\\/rumors\\\/preiswertes-apple-vision-headset-verbindung-zu-iphone-noetig#primaryimage\"},\"image\":{\"@id\":\"https:\\\/\\\/www.apfelpatient.de\\\/rumors\\\/preiswertes-apple-vision-headset-verbindung-zu-iphone-noetig#primaryimage\"},\"thumbnailUrl\":\"https:\\\/\\\/www.apfelpatient.de\\\/wp-content\\\/uploads\\\/2024\\\/06\\\/Apple-Vision-Pro-availability-selfie-with-Tim-Cook.jpg\",\"datePublished\":\"2024-06-23T13:22:59+00:00\",\"dateModified\":\"2024-06-23T13:23:01+00:00\",\"description\":\"Erfahre alles \u00fcber das kommende \u201eApple Vision\u201c-Headset! G\u00fcnstiger und mit iPhone-Verbindung: Was bedeutet das f\u00fcr die AR-Zukunft?\",\"breadcrumb\":{\"@id\":\"https:\\\/\\\/www.apfelpatient.de\\\/rumors\\\/preiswertes-apple-vision-headset-verbindung-zu-iphone-noetig#breadcrumb\"},\"inLanguage\":\"en-US\",\"potentialAction\":[{\"@type\":\"ReadAction\",\"target\":[\"https:\\\/\\\/www.apfelpatient.de\\\/rumors\\\/preiswertes-apple-vision-headset-verbindung-zu-iphone-noetig\"]}]},{\"@type\":\"ImageObject\",\"inLanguage\":\"en-US\",\"@id\":\"https:\\\/\\\/www.apfelpatient.de\\\/rumors\\\/preiswertes-apple-vision-headset-verbindung-zu-iphone-noetig#primaryimage\",\"url\":\"https:\\\/\\\/www.apfelpatient.de\\\/wp-content\\\/uploads\\\/2024\\\/06\\\/Apple-Vision-Pro-availability-selfie-with-Tim-Cook.jpg\",\"contentUrl\":\"https:\\\/\\\/www.apfelpatient.de\\\/wp-content\\\/uploads\\\/2024\\\/06\\\/Apple-Vision-Pro-availability-selfie-with-Tim-Cook.jpg\",\"width\":1600,\"height\":1066,\"caption\":\"Bild: Apple\"},{\"@type\":\"BreadcrumbList\",\"@id\":\"https:\\\/\\\/www.apfelpatient.de\\\/rumors\\\/preiswertes-apple-vision-headset-verbindung-zu-iphone-noetig#breadcrumb\",\"itemListElement\":[{\"@type\":\"ListItem\",\"position\":1,\"name\":\"Startseite\",\"item\":\"https:\\\/\\\/www.apfelpatient.de\\\/\"},{\"@type\":\"ListItem\",\"position\":2,\"name\":\"Preiswertes Apple Vision Headset: Verbindung zu iPhone n\u00f6tig?\"}]},{\"@type\":\"WebSite\",\"@id\":\"https:\\\/\\\/www.apfelpatient.de\\\/#website\",\"url\":\"https:\\\/\\\/www.apfelpatient.de\\\/\",\"name\":\"Apfelpatient\",\"description\":\"Alles rund um Apple!\",\"publisher\":{\"@type\":\"Organization\",\"@id\":\"https:\\\/\\\/www.apfelpatient.de\\\/en\\\/#organization\",\"name\":\"Apfelpatient\",\"url\":\"https:\\\/\\\/www.apfelpatient.de\\\/en\\\/\"},\"alternateName\":\"Apfelpatient\",\"potentialAction\":[{\"@type\":\"SearchAction\",\"target\":{\"@type\":\"EntryPoint\",\"urlTemplate\":\"https:\\\/\\\/www.apfelpatient.de\\\/?s={search_term_string}\"},\"query-input\":{\"@type\":\"PropertyValueSpecification\",\"valueRequired\":true,\"valueName\":\"search_term_string\"}}],\"inLanguage\":\"en-US\"},{\"@type\":[\"Person\",\"Organization\"],\"@id\":\"https:\\\/\\\/www.apfelpatient.de\\\/#\\\/schema\\\/person\\\/7dc56ad6c8e9824b76d2c08d4c140e13\",\"name\":\"Milan\",\"logo\":{\"@id\":\"https:\\\/\\\/www.apfelpatient.de\\\/#\\\/schema\\\/person\\\/image\\\/\"},\"description\":\"Hallo und herzlich willkommen auf meinem Technik-Blog! Als gro\u00dfer Apple-Fan berichte ich hier \u00fcber alles, was mit Apple zu tun hat: von den neuesten News und spannenden Ger\u00fcchten \u00fcber hilfreiche Tipps und Tricks bis hin zu ausf\u00fchrlichen Produkttests. Wenn du genauso technikbegeistert bist wie ich, bist du hier genau richtig!\",\"sameAs\":[\"https:\\\/\\\/www.facebook.com\\\/apfelpatientOfficial\",\"https:\\\/\\\/www.linkedin.com\\\/in\\\/milan-jovicic-42aa0231b\"],\"url\":\"https:\\\/\\\/www.apfelpatient.de\\\/en\\\/author\\\/apfeladmin\"}]}<\/script>\n<!-- \/ Yoast SEO Premium plugin. -->","yoast_head_json":{"title":"Affordable Apple Vision Headset: Connection to iPhone necessary? Apfelpatient","description":"Find out everything about the upcoming &quot;Apple Vision&quot; headset! Cheaper and with iPhone connection: What does this mean for the future of AR?","robots":{"index":"index","follow":"follow","max-snippet":"max-snippet:-1","max-image-preview":"max-image-preview:large","max-video-preview":"max-video-preview:-1"},"canonical":"https:\/\/www.apfelpatient.de\/en\/rumors\/inexpensive-apple-vision-headset-connection-to-iphone-necessary","og_locale":"en_US","og_type":"article","og_title":"Preiswertes Apple Vision Headset: Verbindung zu iPhone n\u00f6tig?","og_description":"Erfahre alles \u00fcber das kommende \u201eApple Vision\u201c-Headset! G\u00fcnstiger und mit iPhone-Verbindung: Was bedeutet das f\u00fcr die AR-Zukunft?","og_url":"https:\/\/www.apfelpatient.de\/en\/rumors\/inexpensive-apple-vision-headset-connection-to-iphone-necessary","og_site_name":"Apfelpatient","article_publisher":"https:\/\/www.facebook.com\/apfelpatientOfficial","article_author":"https:\/\/www.facebook.com\/apfelpatientOfficial","article_published_time":"2024-06-23T13:22:59+00:00","article_modified_time":"2024-06-23T13:23:01+00:00","og_image":[{"width":1600,"height":1066,"url":"https:\/\/www.apfelpatient.de\/wp-content\/uploads\/2024\/06\/Apple-Vision-Pro-availability-selfie-with-Tim-Cook.jpg","type":"image\/jpeg"}],"author":"Milan","twitter_card":"summary_large_image","twitter_description":"Erfahre alles \u00fcber das kommende \u201eApple Vision\u201c-Headset! G\u00fcnstiger und mit iPhone-Verbindung: Was bedeutet das f\u00fcr die AR-Zukunft?","twitter_misc":{"Written by":"Milan","Est. reading time":"3 minutes"},"schema":{"@context":"https:\/\/schema.org","@graph":[{"@type":"NewsArticle","@id":"https:\/\/www.apfelpatient.de\/rumors\/preiswertes-apple-vision-headset-verbindung-zu-iphone-noetig#article","isPartOf":{"@id":"https:\/\/www.apfelpatient.de\/rumors\/preiswertes-apple-vision-headset-verbindung-zu-iphone-noetig"},"author":{"@type":"Organization","@id":"https:\/\/www.apfelpatient.de\/en\/#organization","name":"Apfelpatient","url":"https:\/\/www.apfelpatient.de\/en\/"},"headline":"Preiswertes Apple Vision Headset: Verbindung zu iPhone n\u00f6tig?","datePublished":"2024-06-23T13:22:59+00:00","dateModified":"2024-06-23T13:23:01+00:00","mainEntityOfPage":{"@id":"https:\/\/www.apfelpatient.de\/rumors\/preiswertes-apple-vision-headset-verbindung-zu-iphone-noetig"},"wordCount":521,"publisher":{"@type":"Organization","@id":"https:\/\/www.apfelpatient.de\/en\/#organization","name":"Apfelpatient","url":"https:\/\/www.apfelpatient.de\/en\/"},"image":{"@id":"https:\/\/www.apfelpatient.de\/rumors\/preiswertes-apple-vision-headset-verbindung-zu-iphone-noetig#primaryimage"},"thumbnailUrl":"https:\/\/www.apfelpatient.de\/wp-content\/uploads\/2024\/06\/Apple-Vision-Pro-availability-selfie-with-Tim-Cook.jpg","keywords":["Apple Vision Pro","Apple VR\/AR"],"articleSection":"Rumors","inLanguage":"en-US","copyrightYear":"2024","copyrightHolder":{"@id":"https:\/\/www.apfelpatient.de\/en\/#organization"}},{"@type":"WebPage","@id":"https:\/\/www.apfelpatient.de\/rumors\/preiswertes-apple-vision-headset-verbindung-zu-iphone-noetig","url":"https:\/\/www.apfelpatient.de\/rumors\/preiswertes-apple-vision-headset-verbindung-zu-iphone-noetig","name":"Affordable Apple Vision Headset: Connection to iPhone necessary? Apfelpatient","isPartOf":{"@id":"https:\/\/www.apfelpatient.de\/#website"},"primaryImageOfPage":{"@id":"https:\/\/www.apfelpatient.de\/rumors\/preiswertes-apple-vision-headset-verbindung-zu-iphone-noetig#primaryimage"},"image":{"@id":"https:\/\/www.apfelpatient.de\/rumors\/preiswertes-apple-vision-headset-verbindung-zu-iphone-noetig#primaryimage"},"thumbnailUrl":"https:\/\/www.apfelpatient.de\/wp-content\/uploads\/2024\/06\/Apple-Vision-Pro-availability-selfie-with-Tim-Cook.jpg","datePublished":"2024-06-23T13:22:59+00:00","dateModified":"2024-06-23T13:23:01+00:00","description":"Find out everything about the upcoming &quot;Apple Vision&quot; headset! Cheaper and with iPhone connection: What does this mean for the future of AR?","breadcrumb":{"@id":"https:\/\/www.apfelpatient.de\/rumors\/preiswertes-apple-vision-headset-verbindung-zu-iphone-noetig#breadcrumb"},"inLanguage":"en-US","potentialAction":[{"@type":"ReadAction","target":["https:\/\/www.apfelpatient.de\/rumors\/preiswertes-apple-vision-headset-verbindung-zu-iphone-noetig"]}]},{"@type":"ImageObject","inLanguage":"en-US","@id":"https:\/\/www.apfelpatient.de\/rumors\/preiswertes-apple-vision-headset-verbindung-zu-iphone-noetig#primaryimage","url":"https:\/\/www.apfelpatient.de\/wp-content\/uploads\/2024\/06\/Apple-Vision-Pro-availability-selfie-with-Tim-Cook.jpg","contentUrl":"https:\/\/www.apfelpatient.de\/wp-content\/uploads\/2024\/06\/Apple-Vision-Pro-availability-selfie-with-Tim-Cook.jpg","width":1600,"height":1066,"caption":"Bild: Apple"},{"@type":"BreadcrumbList","@id":"https:\/\/www.apfelpatient.de\/rumors\/preiswertes-apple-vision-headset-verbindung-zu-iphone-noetig#breadcrumb","itemListElement":[{"@type":"ListItem","position":1,"name":"Startseite","item":"https:\/\/www.apfelpatient.de\/"},{"@type":"ListItem","position":2,"name":"Preiswertes Apple Vision Headset: Verbindung zu iPhone n\u00f6tig?"}]},{"@type":"WebSite","@id":"https:\/\/www.apfelpatient.de\/#website","url":"https:\/\/www.apfelpatient.de\/","name":"apple patient","description":"Everything about Apple!","publisher":{"@type":"Organization","@id":"https:\/\/www.apfelpatient.de\/en\/#organization","name":"Apfelpatient","url":"https:\/\/www.apfelpatient.de\/en\/"},"alternateName":"Apfelpatient","potentialAction":[{"@type":"SearchAction","target":{"@type":"EntryPoint","urlTemplate":"https:\/\/www.apfelpatient.de\/?s={search_term_string}"},"query-input":{"@type":"PropertyValueSpecification","valueRequired":true,"valueName":"search_term_string"}}],"inLanguage":"en-US"},{"@type":["Person","Organization"],"@id":"https:\/\/www.apfelpatient.de\/#\/schema\/person\/7dc56ad6c8e9824b76d2c08d4c140e13","name":"Milan","logo":{"@id":"https:\/\/www.apfelpatient.de\/#\/schema\/person\/image\/"},"description":"Hello and welcome to my technology blog! As a big Apple fan, I report on everything to do with Apple: from the latest news and exciting rumors to helpful tips and tricks and detailed product tests. If you are as enthusiastic about technology as I am, you have come to the right place!","sameAs":["https:\/\/www.facebook.com\/apfelpatientOfficial","https:\/\/www.linkedin.com\/in\/milan-jovicic-42aa0231b"],"url":"https:\/\/www.apfelpatient.de\/en\/author\/apfeladmin"}]}},"_links":{"self":[{"href":"https:\/\/www.apfelpatient.de\/en\/wp-json\/wp\/v2\/posts\/45201","targetHints":{"allow":["GET"]}}],"collection":[{"href":"https:\/\/www.apfelpatient.de\/en\/wp-json\/wp\/v2\/posts"}],"about":[{"href":"https:\/\/www.apfelpatient.de\/en\/wp-json\/wp\/v2\/types\/post"}],"author":[{"embeddable":true,"href":"https:\/\/www.apfelpatient.de\/en\/wp-json\/wp\/v2\/users\/2"}],"replies":[{"embeddable":true,"href":"https:\/\/www.apfelpatient.de\/en\/wp-json\/wp\/v2\/comments?post=45201"}],"version-history":[{"count":0,"href":"https:\/\/www.apfelpatient.de\/en\/wp-json\/wp\/v2\/posts\/45201\/revisions"}],"wp:featuredmedia":[{"embeddable":true,"href":"https:\/\/www.apfelpatient.de\/en\/wp-json\/wp\/v2\/media\/45202"}],"wp:attachment":[{"href":"https:\/\/www.apfelpatient.de\/en\/wp-json\/wp\/v2\/media?parent=45201"}],"wp:term":[{"taxonomy":"category","embeddable":true,"href":"https:\/\/www.apfelpatient.de\/en\/wp-json\/wp\/v2\/categories?post=45201"},{"taxonomy":"post_tag","embeddable":true,"href":"https:\/\/www.apfelpatient.de\/en\/wp-json\/wp\/v2\/tags?post=45201"}],"curies":[{"name":"wp","href":"https:\/\/api.w.org\/{rel}","templated":true}]}}