{"id":45195,"date":"2024-06-28T14:04:21","date_gmt":"2024-06-28T12:04:21","guid":{"rendered":"https:\/\/www.apfelpatient.de\/?p=45195"},"modified":"2024-06-28T14:04:23","modified_gmt":"2024-06-28T12:04:23","slug":"apple-vision-pro-now-available-for-pre-order-in-germany","status":"publish","type":"post","link":"https:\/\/www.apfelpatient.de\/en\/news\/apple-vision-pro-ab-sofort-in-deutschland-vorbestellbar","title":{"rendered":"Apple Vision Pro: Now available for pre-order in Germany"},"content":{"rendered":"<p class=\"has-drop-cap\"><strong>The Apple Vision Pro will soon arrive in Germany and offers revolutionary technology in an elegant design. Below you will find everything you need to know about the brand new Apple product, its prices and availability. Get ready to immerse yourself in the future of technology!<\/strong><\/p>\n\n\n\n<p>With the Vision Pro, Apple is once again setting standards in the world of technology. The advanced hardware and impressive performance make these devices a must-have for technology enthusiasts and Apple fans. Whether you are a professional user or just want the best of the best, the Apple Vision Pro will exceed your expectations.<\/p>\n\n\n\n<h4 class=\"wp-block-heading\" id=\"h-preise-und-modelle\">prices and models<\/h4>\n\n\n\n<p>Apple offers the Vision Pro in three different storage options to meet different needs:<\/p>\n\n\n\n<ul class=\"wp-block-list\">\n<li>256 GB: 3,999 euros<\/li>\n\n\n\n<li>512 GB: 4,249 euros<\/li>\n\n\n\n<li>1 TB: 4,499 euros<\/li>\n<\/ul>\n\n\n\n<p>This pricing structure allows you to choose the model that best fits your budget and storage needs.<\/p>\n\n\n\n<h4 class=\"wp-block-heading\" id=\"h-vorbestellungen-und-verfugbarkeit\">Pre-orders and availability<\/h4>\n\n\n\n<p>You can pre-order the Apple Vision Pro starting today, June 28. Be one of the first to get your hands on this impressive device by placing your order in time. Shipping will begin on July 12, so you won&#039;t have to wait long to enjoy the latest technologies.<\/p>\n\n\n\n<h3 class=\"wp-block-heading\" id=\"h-revolutionare-funktionen-der-apple-vision-pro\">Revolutionary features of the Apple Vision Pro<\/h3>\n\n\n\n<h4 class=\"wp-block-heading\" id=\"h-visionos-das-herzstuck-der-vision-pro\">visionOS: The heart of the Vision Pro<\/h4>\n\n\n\n<p>The Apple Vision Pro is powered by visionOS, a revolutionary operating system based on years of technical innovation. The intuitive user interface lets you control apps simply by looking at them and tapping your fingers. Siri lets you open, close apps, and answer questions. The infinite canvas gives you a limitless workspace for maximum productivity and entertainment.<\/p>\n\n\n\n<h4 class=\"wp-block-heading\" id=\"h-immersive-umgebungen\">Immersive environments<\/h4>\n\n\n\n<p>Apple Vision Pro features immersive, dynamic environments like Haleakal\u0101, Joshua Tree, Yosemite, and the moon. These environments help you focus, reduce visual clutter, and become fully immersed in your tasks or entertainment.<\/p>\n\n\n\n<h4 class=\"wp-block-heading\" id=\"h-visionos-2-noch-mehr-funktionen\">visionOS 2: Even more features<\/h4>\n\n\n\n<p>In the fall, visionOS 2 will be available as a free update, offering additional features such as 3D reminders, intuitive hand gestures and improved mindfulness tools. These updates make using the Apple Vision Pro even more intuitive and effective.<\/p>\n\n\n\n<h3 class=\"wp-block-heading\" id=\"h-ein-vielseitiges-gerat-fur-arbeit-und-freizeit\">A versatile device for work and leisure<\/h3>\n\n\n\n<h4 class=\"wp-block-heading\" id=\"h-produktivitats-apps\">productivity apps<\/h4>\n\n\n\n<p>The Apple Vision Pro supports a variety of business and productivity apps such as Box, Craft, Slack and Microsoft 365. These apps help you work efficiently and communicate seamlessly with colleagues. Additionally, you can use Bluetooth accessories such as the Magic Keyboard and Magic Mouse to further increase your productivity.<\/p>\n\n\n\n<h4 class=\"wp-block-heading\" id=\"h-unterhaltung-und-spiele\">entertainment and games<\/h4>\n\n\n\n<p>With the Apple Vision Pro you can enjoy the best streaming services like Apple TV+, Disney+, Amazon Prime Video and many others. The ability to experience movies in 3D and play games with stunning graphics makes the Vision Pro a unique entertainment device.<\/p>\n\n\n\n<h3 class=\"wp-block-heading\" id=\"h-innovatives-design-und-beeindruckende-technologie\">Innovative design and impressive technology<\/h3>\n\n\n\n<h4 class=\"wp-block-heading\" id=\"h-hochauflosende-displays-und-spatial-audio\">High-resolution displays and spatial audio<\/h4>\n\n\n\n<p>The Apple Vision Pro&#039;s ultra-high-resolution display system uses Micro-OLED technology to pack 23 million pixels onto two displays, offering more pixels than a 4K TV. The advanced spatial audio system delivers personalized audio that makes it feel like the sounds are coming from the room around you.<\/p>\n\n\n\n<h4 class=\"wp-block-heading\" id=\"h-eyetracking-und-eyesight\">Eyetracking and EyeSight<\/h4>\n\n\n\n<p>The powerful eye-tracking system enables responsive and intuitive inputs, while EyeSight helps you stay connected with the people around you. Vision Pro is powered by Apple Silicon in a dual-chip design that delivers strong performance and impressive processing power.<\/p>\n\n\n\n<h4 class=\"wp-block-heading\" id=\"h-nachhaltigkeit-und-datenschutz\">Sustainability and Data Protection<\/h4>\n\n\n\n<p>Apple placed great emphasis on sustainability when developing the Vision Pro. The device uses 100 percent recycled materials in many components and meets high standards for energy efficiency. In addition, the Vision Pro offers industry-leading privacy and security, including the new Optic ID, which analyzes the user&#039;s iris to unlock the device and make payments.<\/p>\n\n\n\n<h3 class=\"wp-block-heading\" id=\"h-apple-vision-pro-ein-meilenstein-in-der-technologie\">Apple Vision Pro: A milestone in technology<\/h3>\n\n\n\n<p>The Apple Vision Pro is more than just a gadget - it&#039;s a statement. With its advanced technology and elegant design, it sets new standards. Don&#039;t miss the opportunity to be one of the first to experience this innovation. <a href=\"https:\/\/www.apple.com\/de\/apple-vision-pro\/\" target=\"_blank\" rel=\"noreferrer noopener\">Secure your model<\/a> and be ready for the future of technology. Are you looking for new accessories? Then take a look&nbsp;<a href=\"https:\/\/www.amazon.de\/shop\/apfelpatientofficial\" target=\"_blank\" rel=\"noreferrer noopener\">in our Amazon Storefront<\/a>&nbsp;- there you will find numerous products from leading providers, also for HomeKit and Co.! (Image: Apple)<\/p>\n\n\n\n<ul class=\"wp-block-list\">\n<li><a href=\"https:\/\/www.apfelpatient.de\/en\/news\/new-games-on-apple-vision-pro-warped-and-cityscapes\">New games on Apple Vision Pro: Warped and Cityscapes<\/a><\/li>\n\n\n\n<li><a href=\"https:\/\/www.apfelpatient.de\/en\/rumors\/inexpensive-apple-vision-headset-connection-to-iphone-necessary\">Affordable Apple Vision Headset: Connection to iPhone necessary?<\/a><\/li>\n<\/ul>\n\n\n\n<h6 class=\"wp-block-heading translation-block\" id=\"h-kennt-ihr-schon-unsere-amazon-storefront-dort-findet-ihr-eine-handverlesene-auswahl-von-diversen-produkten-f-r-euer-iphone-und-co-viel-spa-beim-st-bern\"><em>Have you already visited our Amazon Storefront? There you&#039;ll find a hand-picked selection of various products for your iPhone and other devices \u2013 <span class=\"has-inline-color has-vivid-red-color\"><a href=\"https:\/\/www.amazon.de\/shop\/apfelpatientofficial\" class=\"ek-link\" data-wpel-link=\"exclude\" rel=\"follow noopener\" target=\"_self\"><span style=\"text-decoration: underline\" class=\"ek-underline\">enjoy browsing<\/span><\/a> !<\/span><\/em><\/h6>\n\n\n\n<h6 class=\"wp-block-heading translation-block\" id=\"h-der-beitrag-enthalt-partnerlinks\">This post contains <a data-type=\"URL\" data-id=\"https:\/\/www.apfelpatient.de\/partnerprogramm\" href=\"https:\/\/www.apfelpatient.de\/en\/partner-program\" data-wpel-link=\"internal\" target=\"_self\">affiliate links<\/a>.<\/h6>","protected":false},"excerpt":{"rendered":"<p>Apple Vision Pro: Revolutionary technology meets elegant design. Pre-order now in Germany. Learn more about pricing and more.<\/p>","protected":false},"author":2,"featured_media":41971,"comment_status":"closed","ping_status":"closed","sticky":false,"template":"","format":"standard","meta":{"jnews-multi-image_gallery":[],"jnews_single_post":{"subtitle":"","format":"standard","video":"","gallery":"","source_name":"","source_url":"","via_name":"","via_url":"","override_template":"0","override":[{"template":"4","single_blog_custom":"","parallax":"1","fullscreen":"1","layout":"right-sidebar","sidebar":"default-sidebar","second_sidebar":"default-sidebar","sticky_sidebar":"1","share_position":"top","share_float_style":"share-monocrhome","show_share_counter":"0","show_view_counter":"0","show_featured":"1","show_post_meta":"1","show_post_author":"1","show_post_author_image":"1","show_post_date":"1","post_date_format":"default","post_date_format_custom":"Y\/m\/d","show_post_category":"1","show_post_reading_time":"0","post_reading_time_wpm":"300","post_calculate_word_method":"str_word_count","show_zoom_button":"0","zoom_button_out_step":"2","zoom_button_in_step":"3","show_post_tag":"1","show_prev_next_post":"1","show_popup_post":"1","number_popup_post":"1","show_author_box":"0","show_post_related":"0","show_inline_post_related":"0"}],"override_image_size":"0","image_override":[{"single_post_thumbnail_size":"crop-500","single_post_gallery_size":"crop-500"}],"trending_post":"0","trending_post_position":"meta","trending_post_label":"Trending","sponsored_post":"0","sponsored_post_label":"Sponsored by","sponsored_post_name":"","sponsored_post_url":"","sponsored_post_logo_enable":"0","sponsored_post_logo":"","sponsored_post_desc":"","disable_ad":"0"},"jnews_primary_category":{"id":"9","hide":""},"footnotes":""},"categories":[9],"tags":[843,609],"class_list":["post-45195","post","type-post","status-publish","format-standard","has-post-thumbnail","hentry","category-news","tag-apple-vision-pro","tag-apple-vr-ar"],"yoast_head":"<!-- This site is optimized with the Yoast SEO Premium plugin v27.5 (Yoast SEO v27.5) - https:\/\/yoast.com\/product\/yoast-seo-premium-wordpress\/ -->\n<title>Apple Vision Pro: Ab sofort in Deutschland vorbestellbar Apfelpatient<\/title>\n<meta name=\"description\" content=\"Apple Vision Pro: Revolution\u00e4re Technologie trifft elegantes Design. Jetzt in Deutschland vorbestellen. Erfahre alles \u00fcber Preise &amp; mehr.\" \/>\n<meta name=\"robots\" content=\"index, follow, max-snippet:-1, max-image-preview:large, max-video-preview:-1\" \/>\n<link rel=\"canonical\" href=\"https:\/\/www.apfelpatient.de\/en\/news\/apple-vision-pro-now-available-for-pre-order-in-germany\" \/>\n<meta property=\"og:locale\" content=\"en_US\" \/>\n<meta property=\"og:type\" content=\"article\" \/>\n<meta property=\"og:title\" content=\"Apple Vision Pro: Ab sofort in Deutschland vorbestellbar\" \/>\n<meta property=\"og:description\" content=\"Apple Vision Pro: Revolution\u00e4re Technologie trifft elegantes Design. Jetzt in Deutschland vorbestellen. Erfahre alles \u00fcber Preise &amp; mehr.\" \/>\n<meta property=\"og:url\" content=\"https:\/\/www.apfelpatient.de\/en\/news\/apple-vision-pro-now-available-for-pre-order-in-germany\" \/>\n<meta property=\"og:site_name\" content=\"Apfelpatient\" \/>\n<meta property=\"article:publisher\" content=\"https:\/\/www.facebook.com\/apfelpatientOfficial\" \/>\n<meta property=\"article:author\" content=\"https:\/\/www.facebook.com\/apfelpatientOfficial\" \/>\n<meta property=\"article:published_time\" content=\"2024-06-28T12:04:21+00:00\" \/>\n<meta property=\"article:modified_time\" content=\"2024-06-28T12:04:23+00:00\" \/>\n<meta property=\"og:image\" content=\"https:\/\/www.apfelpatient.de\/wp-content\/uploads\/2024\/02\/Apple-Vision-Pro-availability-Tim-Cook-Deirdre-O-Brien-and-team-members.jpg\" \/>\n\t<meta property=\"og:image:width\" content=\"1600\" \/>\n\t<meta property=\"og:image:height\" content=\"1066\" \/>\n\t<meta property=\"og:image:type\" content=\"image\/jpeg\" \/>\n<meta name=\"author\" content=\"Milan\" \/>\n<meta name=\"twitter:card\" content=\"summary_large_image\" \/>\n<meta name=\"twitter:description\" content=\"Apple Vision Pro: Revolution\u00e4re Technologie trifft elegantes Design. Jetzt in Deutschland vorbestellen. Erfahre alles \u00fcber Preise &amp; mehr.\" \/>\n<meta name=\"twitter:label1\" content=\"Written by\" \/>\n\t<meta name=\"twitter:data1\" content=\"Milan\" \/>\n\t<meta name=\"twitter:label2\" content=\"Est. reading time\" \/>\n\t<meta name=\"twitter:data2\" content=\"5 minutes\" \/>\n<script type=\"application\/ld+json\" class=\"yoast-schema-graph\">{\"@context\":\"https:\\\/\\\/schema.org\",\"@graph\":[{\"@type\":\"NewsArticle\",\"@id\":\"https:\\\/\\\/www.apfelpatient.de\\\/news\\\/apple-vision-pro-ab-sofort-in-deutschland-vorbestellbar#article\",\"isPartOf\":{\"@id\":\"https:\\\/\\\/www.apfelpatient.de\\\/news\\\/apple-vision-pro-ab-sofort-in-deutschland-vorbestellbar\"},\"author\":{\"@type\":\"Organization\",\"@id\":\"https:\\\/\\\/www.apfelpatient.de\\\/en\\\/#organization\",\"name\":\"Apfelpatient\",\"url\":\"https:\\\/\\\/www.apfelpatient.de\\\/en\\\/\"},\"headline\":\"Apple Vision Pro: Ab sofort in Deutschland vorbestellbar\",\"datePublished\":\"2024-06-28T12:04:21+00:00\",\"dateModified\":\"2024-06-28T12:04:23+00:00\",\"mainEntityOfPage\":{\"@id\":\"https:\\\/\\\/www.apfelpatient.de\\\/news\\\/apple-vision-pro-ab-sofort-in-deutschland-vorbestellbar\"},\"wordCount\":762,\"publisher\":{\"@type\":\"Organization\",\"@id\":\"https:\\\/\\\/www.apfelpatient.de\\\/en\\\/#organization\",\"name\":\"Apfelpatient\",\"url\":\"https:\\\/\\\/www.apfelpatient.de\\\/en\\\/\"},\"image\":{\"@id\":\"https:\\\/\\\/www.apfelpatient.de\\\/news\\\/apple-vision-pro-ab-sofort-in-deutschland-vorbestellbar#primaryimage\"},\"thumbnailUrl\":\"https:\\\/\\\/www.apfelpatient.de\\\/wp-content\\\/uploads\\\/2024\\\/02\\\/Apple-Vision-Pro-availability-Tim-Cook-Deirdre-O-Brien-and-team-members.jpg\",\"keywords\":[\"Apple Vision Pro\",\"Apple VR\\\/AR\"],\"articleSection\":\"News\",\"inLanguage\":\"en-US\",\"copyrightYear\":\"2024\",\"copyrightHolder\":{\"@id\":\"https:\\\/\\\/www.apfelpatient.de\\\/en\\\/#organization\"}},{\"@type\":\"WebPage\",\"@id\":\"https:\\\/\\\/www.apfelpatient.de\\\/news\\\/apple-vision-pro-ab-sofort-in-deutschland-vorbestellbar\",\"url\":\"https:\\\/\\\/www.apfelpatient.de\\\/news\\\/apple-vision-pro-ab-sofort-in-deutschland-vorbestellbar\",\"name\":\"Apple Vision Pro: Ab sofort in Deutschland vorbestellbar Apfelpatient\",\"isPartOf\":{\"@id\":\"https:\\\/\\\/www.apfelpatient.de\\\/#website\"},\"primaryImageOfPage\":{\"@id\":\"https:\\\/\\\/www.apfelpatient.de\\\/news\\\/apple-vision-pro-ab-sofort-in-deutschland-vorbestellbar#primaryimage\"},\"image\":{\"@id\":\"https:\\\/\\\/www.apfelpatient.de\\\/news\\\/apple-vision-pro-ab-sofort-in-deutschland-vorbestellbar#primaryimage\"},\"thumbnailUrl\":\"https:\\\/\\\/www.apfelpatient.de\\\/wp-content\\\/uploads\\\/2024\\\/02\\\/Apple-Vision-Pro-availability-Tim-Cook-Deirdre-O-Brien-and-team-members.jpg\",\"datePublished\":\"2024-06-28T12:04:21+00:00\",\"dateModified\":\"2024-06-28T12:04:23+00:00\",\"description\":\"Apple Vision Pro: Revolution\u00e4re Technologie trifft elegantes Design. Jetzt in Deutschland vorbestellen. Erfahre alles \u00fcber Preise & mehr.\",\"breadcrumb\":{\"@id\":\"https:\\\/\\\/www.apfelpatient.de\\\/news\\\/apple-vision-pro-ab-sofort-in-deutschland-vorbestellbar#breadcrumb\"},\"inLanguage\":\"en-US\",\"potentialAction\":[{\"@type\":\"ReadAction\",\"target\":[\"https:\\\/\\\/www.apfelpatient.de\\\/news\\\/apple-vision-pro-ab-sofort-in-deutschland-vorbestellbar\"]}]},{\"@type\":\"ImageObject\",\"inLanguage\":\"en-US\",\"@id\":\"https:\\\/\\\/www.apfelpatient.de\\\/news\\\/apple-vision-pro-ab-sofort-in-deutschland-vorbestellbar#primaryimage\",\"url\":\"https:\\\/\\\/www.apfelpatient.de\\\/wp-content\\\/uploads\\\/2024\\\/02\\\/Apple-Vision-Pro-availability-Tim-Cook-Deirdre-O-Brien-and-team-members.jpg\",\"contentUrl\":\"https:\\\/\\\/www.apfelpatient.de\\\/wp-content\\\/uploads\\\/2024\\\/02\\\/Apple-Vision-Pro-availability-Tim-Cook-Deirdre-O-Brien-and-team-members.jpg\",\"width\":1600,\"height\":1066,\"caption\":\"Bild: Apple\"},{\"@type\":\"BreadcrumbList\",\"@id\":\"https:\\\/\\\/www.apfelpatient.de\\\/news\\\/apple-vision-pro-ab-sofort-in-deutschland-vorbestellbar#breadcrumb\",\"itemListElement\":[{\"@type\":\"ListItem\",\"position\":1,\"name\":\"Startseite\",\"item\":\"https:\\\/\\\/www.apfelpatient.de\\\/\"},{\"@type\":\"ListItem\",\"position\":2,\"name\":\"Apple Vision Pro: Ab sofort in Deutschland vorbestellbar\"}]},{\"@type\":\"WebSite\",\"@id\":\"https:\\\/\\\/www.apfelpatient.de\\\/#website\",\"url\":\"https:\\\/\\\/www.apfelpatient.de\\\/\",\"name\":\"Apfelpatient\",\"description\":\"Alles rund um Apple!\",\"publisher\":{\"@type\":\"Organization\",\"@id\":\"https:\\\/\\\/www.apfelpatient.de\\\/en\\\/#organization\",\"name\":\"Apfelpatient\",\"url\":\"https:\\\/\\\/www.apfelpatient.de\\\/en\\\/\"},\"alternateName\":\"Apfelpatient\",\"potentialAction\":[{\"@type\":\"SearchAction\",\"target\":{\"@type\":\"EntryPoint\",\"urlTemplate\":\"https:\\\/\\\/www.apfelpatient.de\\\/?s={search_term_string}\"},\"query-input\":{\"@type\":\"PropertyValueSpecification\",\"valueRequired\":true,\"valueName\":\"search_term_string\"}}],\"inLanguage\":\"en-US\"},{\"@type\":[\"Person\",\"Organization\"],\"@id\":\"https:\\\/\\\/www.apfelpatient.de\\\/#\\\/schema\\\/person\\\/7dc56ad6c8e9824b76d2c08d4c140e13\",\"name\":\"Milan\",\"logo\":{\"@id\":\"https:\\\/\\\/www.apfelpatient.de\\\/#\\\/schema\\\/person\\\/image\\\/\"},\"description\":\"Hallo und herzlich willkommen auf meinem Technik-Blog! Als gro\u00dfer Apple-Fan berichte ich hier \u00fcber alles, was mit Apple zu tun hat: von den neuesten News und spannenden Ger\u00fcchten \u00fcber hilfreiche Tipps und Tricks bis hin zu ausf\u00fchrlichen Produkttests. Wenn du genauso technikbegeistert bist wie ich, bist du hier genau richtig!\",\"sameAs\":[\"https:\\\/\\\/www.facebook.com\\\/apfelpatientOfficial\",\"https:\\\/\\\/www.linkedin.com\\\/in\\\/milan-jovicic-42aa0231b\"],\"url\":\"https:\\\/\\\/www.apfelpatient.de\\\/en\\\/author\\\/apfeladmin\"}]}<\/script>\n<!-- \/ Yoast SEO Premium plugin. -->","yoast_head_json":{"title":"Apple Vision Pro: Now available for pre-order in Germany Apfelpatient","description":"Apple Vision Pro: Revolutionary technology meets elegant design. Pre-order now in Germany. Find out everything about prices &amp; more.","robots":{"index":"index","follow":"follow","max-snippet":"max-snippet:-1","max-image-preview":"max-image-preview:large","max-video-preview":"max-video-preview:-1"},"canonical":"https:\/\/www.apfelpatient.de\/en\/news\/apple-vision-pro-now-available-for-pre-order-in-germany","og_locale":"en_US","og_type":"article","og_title":"Apple Vision Pro: Ab sofort in Deutschland vorbestellbar","og_description":"Apple Vision Pro: Revolution\u00e4re Technologie trifft elegantes Design. Jetzt in Deutschland vorbestellen. Erfahre alles \u00fcber Preise & mehr.","og_url":"https:\/\/www.apfelpatient.de\/en\/news\/apple-vision-pro-now-available-for-pre-order-in-germany","og_site_name":"Apfelpatient","article_publisher":"https:\/\/www.facebook.com\/apfelpatientOfficial","article_author":"https:\/\/www.facebook.com\/apfelpatientOfficial","article_published_time":"2024-06-28T12:04:21+00:00","article_modified_time":"2024-06-28T12:04:23+00:00","og_image":[{"width":1600,"height":1066,"url":"https:\/\/www.apfelpatient.de\/wp-content\/uploads\/2024\/02\/Apple-Vision-Pro-availability-Tim-Cook-Deirdre-O-Brien-and-team-members.jpg","type":"image\/jpeg"}],"author":"Milan","twitter_card":"summary_large_image","twitter_description":"Apple Vision Pro: Revolution\u00e4re Technologie trifft elegantes Design. Jetzt in Deutschland vorbestellen. Erfahre alles \u00fcber Preise & mehr.","twitter_misc":{"Written by":"Milan","Est. reading time":"5 minutes"},"schema":{"@context":"https:\/\/schema.org","@graph":[{"@type":"NewsArticle","@id":"https:\/\/www.apfelpatient.de\/news\/apple-vision-pro-ab-sofort-in-deutschland-vorbestellbar#article","isPartOf":{"@id":"https:\/\/www.apfelpatient.de\/news\/apple-vision-pro-ab-sofort-in-deutschland-vorbestellbar"},"author":{"@type":"Organization","@id":"https:\/\/www.apfelpatient.de\/en\/#organization","name":"Apfelpatient","url":"https:\/\/www.apfelpatient.de\/en\/"},"headline":"Apple Vision Pro: Ab sofort in Deutschland vorbestellbar","datePublished":"2024-06-28T12:04:21+00:00","dateModified":"2024-06-28T12:04:23+00:00","mainEntityOfPage":{"@id":"https:\/\/www.apfelpatient.de\/news\/apple-vision-pro-ab-sofort-in-deutschland-vorbestellbar"},"wordCount":762,"publisher":{"@type":"Organization","@id":"https:\/\/www.apfelpatient.de\/en\/#organization","name":"Apfelpatient","url":"https:\/\/www.apfelpatient.de\/en\/"},"image":{"@id":"https:\/\/www.apfelpatient.de\/news\/apple-vision-pro-ab-sofort-in-deutschland-vorbestellbar#primaryimage"},"thumbnailUrl":"https:\/\/www.apfelpatient.de\/wp-content\/uploads\/2024\/02\/Apple-Vision-Pro-availability-Tim-Cook-Deirdre-O-Brien-and-team-members.jpg","keywords":["Apple Vision Pro","Apple VR\/AR"],"articleSection":"News","inLanguage":"en-US","copyrightYear":"2024","copyrightHolder":{"@id":"https:\/\/www.apfelpatient.de\/en\/#organization"}},{"@type":"WebPage","@id":"https:\/\/www.apfelpatient.de\/news\/apple-vision-pro-ab-sofort-in-deutschland-vorbestellbar","url":"https:\/\/www.apfelpatient.de\/news\/apple-vision-pro-ab-sofort-in-deutschland-vorbestellbar","name":"Apple Vision Pro: Now available for pre-order in Germany Apfelpatient","isPartOf":{"@id":"https:\/\/www.apfelpatient.de\/#website"},"primaryImageOfPage":{"@id":"https:\/\/www.apfelpatient.de\/news\/apple-vision-pro-ab-sofort-in-deutschland-vorbestellbar#primaryimage"},"image":{"@id":"https:\/\/www.apfelpatient.de\/news\/apple-vision-pro-ab-sofort-in-deutschland-vorbestellbar#primaryimage"},"thumbnailUrl":"https:\/\/www.apfelpatient.de\/wp-content\/uploads\/2024\/02\/Apple-Vision-Pro-availability-Tim-Cook-Deirdre-O-Brien-and-team-members.jpg","datePublished":"2024-06-28T12:04:21+00:00","dateModified":"2024-06-28T12:04:23+00:00","description":"Apple Vision Pro: Revolutionary technology meets elegant design. Pre-order now in Germany. Find out everything about prices &amp; more.","breadcrumb":{"@id":"https:\/\/www.apfelpatient.de\/news\/apple-vision-pro-ab-sofort-in-deutschland-vorbestellbar#breadcrumb"},"inLanguage":"en-US","potentialAction":[{"@type":"ReadAction","target":["https:\/\/www.apfelpatient.de\/news\/apple-vision-pro-ab-sofort-in-deutschland-vorbestellbar"]}]},{"@type":"ImageObject","inLanguage":"en-US","@id":"https:\/\/www.apfelpatient.de\/news\/apple-vision-pro-ab-sofort-in-deutschland-vorbestellbar#primaryimage","url":"https:\/\/www.apfelpatient.de\/wp-content\/uploads\/2024\/02\/Apple-Vision-Pro-availability-Tim-Cook-Deirdre-O-Brien-and-team-members.jpg","contentUrl":"https:\/\/www.apfelpatient.de\/wp-content\/uploads\/2024\/02\/Apple-Vision-Pro-availability-Tim-Cook-Deirdre-O-Brien-and-team-members.jpg","width":1600,"height":1066,"caption":"Bild: Apple"},{"@type":"BreadcrumbList","@id":"https:\/\/www.apfelpatient.de\/news\/apple-vision-pro-ab-sofort-in-deutschland-vorbestellbar#breadcrumb","itemListElement":[{"@type":"ListItem","position":1,"name":"Startseite","item":"https:\/\/www.apfelpatient.de\/"},{"@type":"ListItem","position":2,"name":"Apple Vision Pro: Ab sofort in Deutschland vorbestellbar"}]},{"@type":"WebSite","@id":"https:\/\/www.apfelpatient.de\/#website","url":"https:\/\/www.apfelpatient.de\/","name":"apple patient","description":"Everything about Apple!","publisher":{"@type":"Organization","@id":"https:\/\/www.apfelpatient.de\/en\/#organization","name":"Apfelpatient","url":"https:\/\/www.apfelpatient.de\/en\/"},"alternateName":"Apfelpatient","potentialAction":[{"@type":"SearchAction","target":{"@type":"EntryPoint","urlTemplate":"https:\/\/www.apfelpatient.de\/?s={search_term_string}"},"query-input":{"@type":"PropertyValueSpecification","valueRequired":true,"valueName":"search_term_string"}}],"inLanguage":"en-US"},{"@type":["Person","Organization"],"@id":"https:\/\/www.apfelpatient.de\/#\/schema\/person\/7dc56ad6c8e9824b76d2c08d4c140e13","name":"Milan","logo":{"@id":"https:\/\/www.apfelpatient.de\/#\/schema\/person\/image\/"},"description":"Hello and welcome to my technology blog! As a big Apple fan, I report on everything to do with Apple: from the latest news and exciting rumors to helpful tips and tricks and detailed product tests. If you are as enthusiastic about technology as I am, you have come to the right place!","sameAs":["https:\/\/www.facebook.com\/apfelpatientOfficial","https:\/\/www.linkedin.com\/in\/milan-jovicic-42aa0231b"],"url":"https:\/\/www.apfelpatient.de\/en\/author\/apfeladmin"}]}},"_links":{"self":[{"href":"https:\/\/www.apfelpatient.de\/en\/wp-json\/wp\/v2\/posts\/45195","targetHints":{"allow":["GET"]}}],"collection":[{"href":"https:\/\/www.apfelpatient.de\/en\/wp-json\/wp\/v2\/posts"}],"about":[{"href":"https:\/\/www.apfelpatient.de\/en\/wp-json\/wp\/v2\/types\/post"}],"author":[{"embeddable":true,"href":"https:\/\/www.apfelpatient.de\/en\/wp-json\/wp\/v2\/users\/2"}],"replies":[{"embeddable":true,"href":"https:\/\/www.apfelpatient.de\/en\/wp-json\/wp\/v2\/comments?post=45195"}],"version-history":[{"count":0,"href":"https:\/\/www.apfelpatient.de\/en\/wp-json\/wp\/v2\/posts\/45195\/revisions"}],"wp:featuredmedia":[{"embeddable":true,"href":"https:\/\/www.apfelpatient.de\/en\/wp-json\/wp\/v2\/media\/41971"}],"wp:attachment":[{"href":"https:\/\/www.apfelpatient.de\/en\/wp-json\/wp\/v2\/media?parent=45195"}],"wp:term":[{"taxonomy":"category","embeddable":true,"href":"https:\/\/www.apfelpatient.de\/en\/wp-json\/wp\/v2\/categories?post=45195"},{"taxonomy":"post_tag","embeddable":true,"href":"https:\/\/www.apfelpatient.de\/en\/wp-json\/wp\/v2\/tags?post=45195"}],"curies":[{"name":"wp","href":"https:\/\/api.w.org\/{rel}","templated":true}]}}