{"id":45142,"date":"2024-06-18T20:31:25","date_gmt":"2024-06-18T18:31:25","guid":{"rendered":"https:\/\/www.apfelpatient.de\/?p=45142"},"modified":"2024-06-18T20:31:26","modified_gmt":"2024-06-18T18:31:26","slug":"apple-vision-pro-2-development-stopped-favorable-model-coming","status":"publish","type":"post","link":"https:\/\/www.apfelpatient.de\/en\/rumors\/apple-vision-pro-2-entwicklung-gestoppt-guenstiges-modell-kommt","title":{"rendered":"Apple Vision Pro 2: Development stopped, cheaper model coming"},"content":{"rendered":"<p class=\"has-drop-cap\"><strong>The rumor mill is churning: Apple has reportedly stopped work on the second generation of its Vision Pro headset. Instead, the company is concentrating on developing a more affordable model. But what does this mean for the future of the Vision product line?<\/strong><\/p>\n\n\n\n<p>The Apple Vision Pro series has attracted a lot of attention since the first model came onto the market. With its advanced technology and high-resolution display, it set new standards in the world of augmented reality (AR) and virtual reality (VR). However, the high costs deterred many potential customers. Now Apple seems to be taking a new approach to make its Vision headsets more accessible to a wider target group.<\/p>\n\n\n\n<h4 class=\"wp-block-heading\" id=\"h-einstellung-der-arbeit-an-der-zweiten-generation-des-vision-pro\">Discontinuation of work on the second generation of the Vision Pro<\/h4>\n\n\n\n<p>Apple has stopped development of the second generation of its Vision Pro headset. According to a <a href=\"https:\/\/www.theinformation.com\/articles\/apple-suspends-work-on-next-high-end-headset-focused-on-releasing-cheaper-model-in-late-2025\" target=\"_blank\" rel=\"noreferrer noopener\">report<\/a> by The Information, the company has made this decision to focus on a more affordable model. This news comes as a surprise, as many had expected Apple to split its Vision product line into a \"Pro\" model and a less expensive standard model. Over the past year, Apple has reportedly assigned fewer and fewer employees to the Vision Pro project, focusing instead on reducing the cost of the first model's components and developing an improved display for the next generation. One supplier has already been informed that work on the next generation of the Vision Pro has been discontinued. Nevertheless, Apple is still working on a cheaper \"Vision\" product with fewer features.<\/p>\n\n\n\n<h4 class=\"wp-block-heading\" id=\"h-entwicklung-eines-gunstigeren-vision-gerats\">Development of a more affordable vision device<\/h4>\n\n\n\n<p>Apple has been working on a more affordable Vision device, codenamed \"N109\", since 2022. The aim is to sell this model at a price comparable to that of a high-end iPhone, i.e. around USD 1,600. Although Apple planned to launch this device at the end of 2024, there was still no firm prototype at the beginning of this year. Difficulties in reducing costs without sacrificing too many features could push back the release date to the end of 2025. Apple wants to integrate the high-quality display components of the Vision Pro into the more affordable model. These components are among the most expensive in the device and are to be retained despite the lower price. The cheaper model will have fewer cameras, a simpler headband and smaller speakers, but will be at least a third lighter than the Vision Pro.<\/p>\n\n\n\n<h4 class=\"wp-block-heading\" id=\"h-herausforderungen-und-produktionsprobleme\">Challenges and production problems<\/h4>\n\n\n\n<p>A supplier that makes key components for the Vision Pro cut production by 50 % in May after Apple predicted weaker-than-expected demand. Until August, Apple did not plan to significantly increase production and has not produced more than 500,000 Vision Pro units this year. This development could indicate that Apple may resume work on a second-generation Vision Pro headset at a later date. But until then, it remains to be seen how the company will continue to develop its Vision product line and whether the more affordable model will bring the hoped-for success.<\/p>\n\n\n\n<h3 class=\"wp-block-heading\" id=\"h-apple-setzt-auf-erschwinglichkeit-vision-pro-2-vorerst-gestoppt\">Apple focuses on affordability: Vision Pro 2 halted for the time being<\/h3>\n\n\n\n<p>Apple has caused a stir with its decision to stop work on the second generation of the Vision Pro headset. Instead, the company is now concentrating on developing a more affordable model to appeal to a broader target group. Whether this change in strategy will bring the desired success remains to be seen. One thing is certain, however: the Vision product line remains an exciting topic that keeps the tech world on its toes. (Image: Apple)<\/p>\n\n\n\n<ul class=\"wp-block-list\">\n<li><a href=\"https:\/\/www.apfelpatient.de\/en\/news\/apple-vision-pro-demos-from-12-july-be-there\">Apple Vision Pro demos starting July 12: Be there!<\/a><\/li>\n<\/ul>\n\n\n\n<h6 class=\"wp-block-heading translation-block\" id=\"h-kennt-ihr-schon-unsere-amazon-storefront-dort-findet-ihr-eine-handverlesene-auswahl-von-diversen-produkten-f-r-euer-iphone-und-co-viel-spa-beim-st-bern\"><em>Have you already visited our Amazon Storefront? There you&#039;ll find a hand-picked selection of various products for your iPhone and other devices \u2013 <span class=\"has-inline-color has-vivid-red-color\"><a href=\"https:\/\/www.amazon.de\/shop\/apfelpatientofficial\" class=\"ek-link\" data-wpel-link=\"exclude\" rel=\"follow noopener\" target=\"_self\"><span style=\"text-decoration: underline\" class=\"ek-underline\">enjoy browsing<\/span><\/a> !<\/span><\/em><\/h6>\n\n\n\n<h6 class=\"wp-block-heading translation-block\" id=\"h-der-beitrag-enthalt-partnerlinks\">This post contains <a data-type=\"URL\" data-id=\"https:\/\/www.apfelpatient.de\/partnerprogramm\" href=\"https:\/\/www.apfelpatient.de\/en\/partner-program\" data-wpel-link=\"internal\" target=\"_self\">affiliate links<\/a>.<\/h6>","protected":false},"excerpt":{"rendered":"<p>Apple Vision Pro 2: Development stopped. Apple is planning a cheaper model. What does this mean for the future of the Vision product line?<\/p>","protected":false},"author":2,"featured_media":41577,"comment_status":"closed","ping_status":"closed","sticky":false,"template":"","format":"standard","meta":{"jnews-multi-image_gallery":[],"jnews_single_post":{"subtitle":"","format":"standard","video":"","gallery":"","source_name":"","source_url":"","via_name":"","via_url":"","override_template":"0","override":[{"template":"4","single_blog_custom":"","parallax":"1","fullscreen":"1","layout":"right-sidebar","sidebar":"default-sidebar","second_sidebar":"default-sidebar","sticky_sidebar":"1","share_position":"top","share_float_style":"share-monocrhome","show_share_counter":"0","show_view_counter":"0","show_featured":"1","show_post_meta":"1","show_post_author":"1","show_post_author_image":"1","show_post_date":"1","post_date_format":"default","post_date_format_custom":"Y\/m\/d","show_post_category":"1","show_post_reading_time":"0","post_reading_time_wpm":"300","show_zoom_button":"0","zoom_button_out_step":"2","zoom_button_in_step":"3","show_post_tag":"1","show_prev_next_post":"1","show_popup_post":"1","number_popup_post":"1","show_author_box":"0","show_post_related":"0","show_inline_post_related":"0"}],"override_image_size":"0","image_override":[{"single_post_thumbnail_size":"crop-500","single_post_gallery_size":"crop-500"}],"trending_post":"0","trending_post_position":"meta","trending_post_label":"Trending","sponsored_post":"0","sponsored_post_label":"Sponsored by","sponsored_post_name":"","sponsored_post_url":"","sponsored_post_logo_enable":"0","sponsored_post_logo":"","sponsored_post_desc":"","disable_ad":"0"},"jnews_primary_category":{"id":"25","hide":""},"footnotes":""},"categories":[25],"tags":[843,609],"class_list":["post-45142","post","type-post","status-publish","format-standard","has-post-thumbnail","hentry","category-rumors","tag-apple-vision-pro","tag-apple-vr-ar"],"yoast_head":"<!-- This site is optimized with the Yoast SEO Premium plugin v27.5 (Yoast SEO v27.5) - https:\/\/yoast.com\/product\/yoast-seo-premium-wordpress\/ -->\n<title>Apple Vision Pro 2: Entwicklung gestoppt, g\u00fcnstiges Modell kommt Apfelpatient<\/title>\n<meta name=\"description\" content=\"Apple Vision Pro 2: Entwicklung gestoppt. Apple plant kosteng\u00fcnstigeres Modell. Was bedeutet das f\u00fcr die Zukunft der Vision-Produktlinie?\" \/>\n<meta name=\"robots\" content=\"index, follow, max-snippet:-1, max-image-preview:large, max-video-preview:-1\" \/>\n<link rel=\"canonical\" href=\"https:\/\/www.apfelpatient.de\/en\/rumors\/apple-vision-pro-2-development-stopped-favorable-model-coming\" \/>\n<meta property=\"og:locale\" content=\"en_US\" \/>\n<meta property=\"og:type\" content=\"article\" \/>\n<meta property=\"og:title\" content=\"Apple Vision Pro 2: Entwicklung gestoppt, g\u00fcnstiges Modell kommt\" \/>\n<meta property=\"og:description\" content=\"Apple Vision Pro 2: Entwicklung gestoppt. Apple plant kosteng\u00fcnstigeres Modell. Was bedeutet das f\u00fcr die Zukunft der Vision-Produktlinie?\" \/>\n<meta property=\"og:url\" content=\"https:\/\/www.apfelpatient.de\/en\/rumors\/apple-vision-pro-2-development-stopped-favorable-model-coming\" \/>\n<meta property=\"og:site_name\" content=\"Apfelpatient\" \/>\n<meta property=\"article:publisher\" content=\"https:\/\/www.facebook.com\/apfelpatientOfficial\" \/>\n<meta property=\"article:author\" content=\"https:\/\/www.facebook.com\/apfelpatientOfficial\" \/>\n<meta property=\"article:published_time\" content=\"2024-06-18T18:31:25+00:00\" \/>\n<meta property=\"article:modified_time\" content=\"2024-06-18T18:31:26+00:00\" \/>\n<meta property=\"og:image\" content=\"https:\/\/www.apfelpatient.de\/wp-content\/uploads\/2023\/12\/Apple-WWCD23-Vision-Pro-EyeSight-230605.jpg\" \/>\n\t<meta property=\"og:image:width\" content=\"1600\" \/>\n\t<meta property=\"og:image:height\" content=\"900\" \/>\n\t<meta property=\"og:image:type\" content=\"image\/jpeg\" \/>\n<meta name=\"author\" content=\"Milan\" \/>\n<meta name=\"twitter:card\" content=\"summary_large_image\" \/>\n<meta name=\"twitter:description\" content=\"Apple Vision Pro 2: Entwicklung gestoppt. Apple plant kosteng\u00fcnstigeres Modell. Was bedeutet das f\u00fcr die Zukunft der Vision-Produktlinie?\" \/>\n<meta name=\"twitter:label1\" content=\"Written by\" \/>\n\t<meta name=\"twitter:data1\" content=\"Milan\" \/>\n\t<meta name=\"twitter:label2\" content=\"Est. reading time\" \/>\n\t<meta name=\"twitter:data2\" content=\"4 minutes\" \/>\n<script type=\"application\/ld+json\" class=\"yoast-schema-graph\">{\"@context\":\"https:\\\/\\\/schema.org\",\"@graph\":[{\"@type\":\"NewsArticle\",\"@id\":\"https:\\\/\\\/www.apfelpatient.de\\\/rumors\\\/apple-vision-pro-2-entwicklung-gestoppt-guenstiges-modell-kommt#article\",\"isPartOf\":{\"@id\":\"https:\\\/\\\/www.apfelpatient.de\\\/rumors\\\/apple-vision-pro-2-entwicklung-gestoppt-guenstiges-modell-kommt\"},\"author\":{\"@type\":\"Organization\",\"@id\":\"https:\\\/\\\/www.apfelpatient.de\\\/en\\\/#organization\",\"name\":\"Apfelpatient\",\"url\":\"https:\\\/\\\/www.apfelpatient.de\\\/en\\\/\"},\"headline\":\"Apple Vision Pro 2: Entwicklung gestoppt, g\u00fcnstiges Modell kommt\",\"datePublished\":\"2024-06-18T18:31:25+00:00\",\"dateModified\":\"2024-06-18T18:31:26+00:00\",\"mainEntityOfPage\":{\"@id\":\"https:\\\/\\\/www.apfelpatient.de\\\/rumors\\\/apple-vision-pro-2-entwicklung-gestoppt-guenstiges-modell-kommt\"},\"wordCount\":577,\"publisher\":{\"@type\":\"Organization\",\"@id\":\"https:\\\/\\\/www.apfelpatient.de\\\/en\\\/#organization\",\"name\":\"Apfelpatient\",\"url\":\"https:\\\/\\\/www.apfelpatient.de\\\/en\\\/\"},\"image\":{\"@id\":\"https:\\\/\\\/www.apfelpatient.de\\\/rumors\\\/apple-vision-pro-2-entwicklung-gestoppt-guenstiges-modell-kommt#primaryimage\"},\"thumbnailUrl\":\"https:\\\/\\\/www.apfelpatient.de\\\/wp-content\\\/uploads\\\/2023\\\/12\\\/Apple-WWCD23-Vision-Pro-EyeSight-230605.jpg\",\"keywords\":[\"Apple Vision Pro\",\"Apple VR\\\/AR\"],\"articleSection\":\"Rumors\",\"inLanguage\":\"en-US\",\"copyrightYear\":\"2024\",\"copyrightHolder\":{\"@id\":\"https:\\\/\\\/www.apfelpatient.de\\\/en\\\/#organization\"}},{\"@type\":\"WebPage\",\"@id\":\"https:\\\/\\\/www.apfelpatient.de\\\/rumors\\\/apple-vision-pro-2-entwicklung-gestoppt-guenstiges-modell-kommt\",\"url\":\"https:\\\/\\\/www.apfelpatient.de\\\/rumors\\\/apple-vision-pro-2-entwicklung-gestoppt-guenstiges-modell-kommt\",\"name\":\"Apple Vision Pro 2: Entwicklung gestoppt, g\u00fcnstiges Modell kommt Apfelpatient\",\"isPartOf\":{\"@id\":\"https:\\\/\\\/www.apfelpatient.de\\\/#website\"},\"primaryImageOfPage\":{\"@id\":\"https:\\\/\\\/www.apfelpatient.de\\\/rumors\\\/apple-vision-pro-2-entwicklung-gestoppt-guenstiges-modell-kommt#primaryimage\"},\"image\":{\"@id\":\"https:\\\/\\\/www.apfelpatient.de\\\/rumors\\\/apple-vision-pro-2-entwicklung-gestoppt-guenstiges-modell-kommt#primaryimage\"},\"thumbnailUrl\":\"https:\\\/\\\/www.apfelpatient.de\\\/wp-content\\\/uploads\\\/2023\\\/12\\\/Apple-WWCD23-Vision-Pro-EyeSight-230605.jpg\",\"datePublished\":\"2024-06-18T18:31:25+00:00\",\"dateModified\":\"2024-06-18T18:31:26+00:00\",\"description\":\"Apple Vision Pro 2: Entwicklung gestoppt. Apple plant kosteng\u00fcnstigeres Modell. Was bedeutet das f\u00fcr die Zukunft der Vision-Produktlinie?\",\"breadcrumb\":{\"@id\":\"https:\\\/\\\/www.apfelpatient.de\\\/rumors\\\/apple-vision-pro-2-entwicklung-gestoppt-guenstiges-modell-kommt#breadcrumb\"},\"inLanguage\":\"en-US\",\"potentialAction\":[{\"@type\":\"ReadAction\",\"target\":[\"https:\\\/\\\/www.apfelpatient.de\\\/rumors\\\/apple-vision-pro-2-entwicklung-gestoppt-guenstiges-modell-kommt\"]}]},{\"@type\":\"ImageObject\",\"inLanguage\":\"en-US\",\"@id\":\"https:\\\/\\\/www.apfelpatient.de\\\/rumors\\\/apple-vision-pro-2-entwicklung-gestoppt-guenstiges-modell-kommt#primaryimage\",\"url\":\"https:\\\/\\\/www.apfelpatient.de\\\/wp-content\\\/uploads\\\/2023\\\/12\\\/Apple-WWCD23-Vision-Pro-EyeSight-230605.jpg\",\"contentUrl\":\"https:\\\/\\\/www.apfelpatient.de\\\/wp-content\\\/uploads\\\/2023\\\/12\\\/Apple-WWCD23-Vision-Pro-EyeSight-230605.jpg\",\"width\":1600,\"height\":900,\"caption\":\"Bild: Apple\"},{\"@type\":\"BreadcrumbList\",\"@id\":\"https:\\\/\\\/www.apfelpatient.de\\\/rumors\\\/apple-vision-pro-2-entwicklung-gestoppt-guenstiges-modell-kommt#breadcrumb\",\"itemListElement\":[{\"@type\":\"ListItem\",\"position\":1,\"name\":\"Startseite\",\"item\":\"https:\\\/\\\/www.apfelpatient.de\\\/\"},{\"@type\":\"ListItem\",\"position\":2,\"name\":\"Apple Vision Pro 2: Entwicklung gestoppt, g\u00fcnstiges Modell kommt\"}]},{\"@type\":\"WebSite\",\"@id\":\"https:\\\/\\\/www.apfelpatient.de\\\/#website\",\"url\":\"https:\\\/\\\/www.apfelpatient.de\\\/\",\"name\":\"Apfelpatient\",\"description\":\"Alles rund um Apple!\",\"publisher\":{\"@type\":\"Organization\",\"@id\":\"https:\\\/\\\/www.apfelpatient.de\\\/en\\\/#organization\",\"name\":\"Apfelpatient\",\"url\":\"https:\\\/\\\/www.apfelpatient.de\\\/en\\\/\"},\"alternateName\":\"Apfelpatient\",\"potentialAction\":[{\"@type\":\"SearchAction\",\"target\":{\"@type\":\"EntryPoint\",\"urlTemplate\":\"https:\\\/\\\/www.apfelpatient.de\\\/?s={search_term_string}\"},\"query-input\":{\"@type\":\"PropertyValueSpecification\",\"valueRequired\":true,\"valueName\":\"search_term_string\"}}],\"inLanguage\":\"en-US\"},{\"@type\":[\"Person\",\"Organization\"],\"@id\":\"https:\\\/\\\/www.apfelpatient.de\\\/#\\\/schema\\\/person\\\/7dc56ad6c8e9824b76d2c08d4c140e13\",\"name\":\"Milan\",\"logo\":{\"@id\":\"https:\\\/\\\/www.apfelpatient.de\\\/#\\\/schema\\\/person\\\/image\\\/\"},\"description\":\"Hallo und herzlich willkommen auf meinem Technik-Blog! Als gro\u00dfer Apple-Fan berichte ich hier \u00fcber alles, was mit Apple zu tun hat: von den neuesten News und spannenden Ger\u00fcchten \u00fcber hilfreiche Tipps und Tricks bis hin zu ausf\u00fchrlichen Produkttests. Wenn du genauso technikbegeistert bist wie ich, bist du hier genau richtig!\",\"sameAs\":[\"https:\\\/\\\/www.facebook.com\\\/apfelpatientOfficial\",\"https:\\\/\\\/www.linkedin.com\\\/in\\\/milan-jovicic-42aa0231b\"],\"url\":\"https:\\\/\\\/www.apfelpatient.de\\\/en\\\/author\\\/apfeladmin\"}]}<\/script>\n<!-- \/ Yoast SEO Premium plugin. -->","yoast_head_json":{"title":"Apple Vision Pro 2: Development stopped, cheaper model coming Apfelpatient","description":"Apple Vision Pro 2: Development stopped. Apple is planning a cheaper model. What does this mean for the future of the Vision product line?","robots":{"index":"index","follow":"follow","max-snippet":"max-snippet:-1","max-image-preview":"max-image-preview:large","max-video-preview":"max-video-preview:-1"},"canonical":"https:\/\/www.apfelpatient.de\/en\/rumors\/apple-vision-pro-2-development-stopped-favorable-model-coming","og_locale":"en_US","og_type":"article","og_title":"Apple Vision Pro 2: Entwicklung gestoppt, g\u00fcnstiges Modell kommt","og_description":"Apple Vision Pro 2: Entwicklung gestoppt. Apple plant kosteng\u00fcnstigeres Modell. Was bedeutet das f\u00fcr die Zukunft der Vision-Produktlinie?","og_url":"https:\/\/www.apfelpatient.de\/en\/rumors\/apple-vision-pro-2-development-stopped-favorable-model-coming","og_site_name":"Apfelpatient","article_publisher":"https:\/\/www.facebook.com\/apfelpatientOfficial","article_author":"https:\/\/www.facebook.com\/apfelpatientOfficial","article_published_time":"2024-06-18T18:31:25+00:00","article_modified_time":"2024-06-18T18:31:26+00:00","og_image":[{"width":1600,"height":900,"url":"https:\/\/www.apfelpatient.de\/wp-content\/uploads\/2023\/12\/Apple-WWCD23-Vision-Pro-EyeSight-230605.jpg","type":"image\/jpeg"}],"author":"Milan","twitter_card":"summary_large_image","twitter_description":"Apple Vision Pro 2: Entwicklung gestoppt. Apple plant kosteng\u00fcnstigeres Modell. Was bedeutet das f\u00fcr die Zukunft der Vision-Produktlinie?","twitter_misc":{"Written by":"Milan","Est. reading time":"4 minutes"},"schema":{"@context":"https:\/\/schema.org","@graph":[{"@type":"NewsArticle","@id":"https:\/\/www.apfelpatient.de\/rumors\/apple-vision-pro-2-entwicklung-gestoppt-guenstiges-modell-kommt#article","isPartOf":{"@id":"https:\/\/www.apfelpatient.de\/rumors\/apple-vision-pro-2-entwicklung-gestoppt-guenstiges-modell-kommt"},"author":{"@type":"Organization","@id":"https:\/\/www.apfelpatient.de\/en\/#organization","name":"Apfelpatient","url":"https:\/\/www.apfelpatient.de\/en\/"},"headline":"Apple Vision Pro 2: Entwicklung gestoppt, g\u00fcnstiges Modell kommt","datePublished":"2024-06-18T18:31:25+00:00","dateModified":"2024-06-18T18:31:26+00:00","mainEntityOfPage":{"@id":"https:\/\/www.apfelpatient.de\/rumors\/apple-vision-pro-2-entwicklung-gestoppt-guenstiges-modell-kommt"},"wordCount":577,"publisher":{"@type":"Organization","@id":"https:\/\/www.apfelpatient.de\/en\/#organization","name":"Apfelpatient","url":"https:\/\/www.apfelpatient.de\/en\/"},"image":{"@id":"https:\/\/www.apfelpatient.de\/rumors\/apple-vision-pro-2-entwicklung-gestoppt-guenstiges-modell-kommt#primaryimage"},"thumbnailUrl":"https:\/\/www.apfelpatient.de\/wp-content\/uploads\/2023\/12\/Apple-WWCD23-Vision-Pro-EyeSight-230605.jpg","keywords":["Apple Vision Pro","Apple VR\/AR"],"articleSection":"Rumors","inLanguage":"en-US","copyrightYear":"2024","copyrightHolder":{"@id":"https:\/\/www.apfelpatient.de\/en\/#organization"}},{"@type":"WebPage","@id":"https:\/\/www.apfelpatient.de\/rumors\/apple-vision-pro-2-entwicklung-gestoppt-guenstiges-modell-kommt","url":"https:\/\/www.apfelpatient.de\/rumors\/apple-vision-pro-2-entwicklung-gestoppt-guenstiges-modell-kommt","name":"Apple Vision Pro 2: Development stopped, cheaper model coming Apfelpatient","isPartOf":{"@id":"https:\/\/www.apfelpatient.de\/#website"},"primaryImageOfPage":{"@id":"https:\/\/www.apfelpatient.de\/rumors\/apple-vision-pro-2-entwicklung-gestoppt-guenstiges-modell-kommt#primaryimage"},"image":{"@id":"https:\/\/www.apfelpatient.de\/rumors\/apple-vision-pro-2-entwicklung-gestoppt-guenstiges-modell-kommt#primaryimage"},"thumbnailUrl":"https:\/\/www.apfelpatient.de\/wp-content\/uploads\/2023\/12\/Apple-WWCD23-Vision-Pro-EyeSight-230605.jpg","datePublished":"2024-06-18T18:31:25+00:00","dateModified":"2024-06-18T18:31:26+00:00","description":"Apple Vision Pro 2: Development stopped. Apple is planning a cheaper model. What does this mean for the future of the Vision product line?","breadcrumb":{"@id":"https:\/\/www.apfelpatient.de\/rumors\/apple-vision-pro-2-entwicklung-gestoppt-guenstiges-modell-kommt#breadcrumb"},"inLanguage":"en-US","potentialAction":[{"@type":"ReadAction","target":["https:\/\/www.apfelpatient.de\/rumors\/apple-vision-pro-2-entwicklung-gestoppt-guenstiges-modell-kommt"]}]},{"@type":"ImageObject","inLanguage":"en-US","@id":"https:\/\/www.apfelpatient.de\/rumors\/apple-vision-pro-2-entwicklung-gestoppt-guenstiges-modell-kommt#primaryimage","url":"https:\/\/www.apfelpatient.de\/wp-content\/uploads\/2023\/12\/Apple-WWCD23-Vision-Pro-EyeSight-230605.jpg","contentUrl":"https:\/\/www.apfelpatient.de\/wp-content\/uploads\/2023\/12\/Apple-WWCD23-Vision-Pro-EyeSight-230605.jpg","width":1600,"height":900,"caption":"Bild: Apple"},{"@type":"BreadcrumbList","@id":"https:\/\/www.apfelpatient.de\/rumors\/apple-vision-pro-2-entwicklung-gestoppt-guenstiges-modell-kommt#breadcrumb","itemListElement":[{"@type":"ListItem","position":1,"name":"Startseite","item":"https:\/\/www.apfelpatient.de\/"},{"@type":"ListItem","position":2,"name":"Apple Vision Pro 2: Entwicklung gestoppt, g\u00fcnstiges Modell kommt"}]},{"@type":"WebSite","@id":"https:\/\/www.apfelpatient.de\/#website","url":"https:\/\/www.apfelpatient.de\/","name":"apple patient","description":"Everything about Apple!","publisher":{"@type":"Organization","@id":"https:\/\/www.apfelpatient.de\/en\/#organization","name":"Apfelpatient","url":"https:\/\/www.apfelpatient.de\/en\/"},"alternateName":"Apfelpatient","potentialAction":[{"@type":"SearchAction","target":{"@type":"EntryPoint","urlTemplate":"https:\/\/www.apfelpatient.de\/?s={search_term_string}"},"query-input":{"@type":"PropertyValueSpecification","valueRequired":true,"valueName":"search_term_string"}}],"inLanguage":"en-US"},{"@type":["Person","Organization"],"@id":"https:\/\/www.apfelpatient.de\/#\/schema\/person\/7dc56ad6c8e9824b76d2c08d4c140e13","name":"Milan","logo":{"@id":"https:\/\/www.apfelpatient.de\/#\/schema\/person\/image\/"},"description":"Hello and welcome to my technology blog! As a big Apple fan, I report on everything to do with Apple: from the latest news and exciting rumors to helpful tips and tricks and detailed product tests. If you are as enthusiastic about technology as I am, you have come to the right place!","sameAs":["https:\/\/www.facebook.com\/apfelpatientOfficial","https:\/\/www.linkedin.com\/in\/milan-jovicic-42aa0231b"],"url":"https:\/\/www.apfelpatient.de\/en\/author\/apfeladmin"}]}},"_links":{"self":[{"href":"https:\/\/www.apfelpatient.de\/en\/wp-json\/wp\/v2\/posts\/45142","targetHints":{"allow":["GET"]}}],"collection":[{"href":"https:\/\/www.apfelpatient.de\/en\/wp-json\/wp\/v2\/posts"}],"about":[{"href":"https:\/\/www.apfelpatient.de\/en\/wp-json\/wp\/v2\/types\/post"}],"author":[{"embeddable":true,"href":"https:\/\/www.apfelpatient.de\/en\/wp-json\/wp\/v2\/users\/2"}],"replies":[{"embeddable":true,"href":"https:\/\/www.apfelpatient.de\/en\/wp-json\/wp\/v2\/comments?post=45142"}],"version-history":[{"count":0,"href":"https:\/\/www.apfelpatient.de\/en\/wp-json\/wp\/v2\/posts\/45142\/revisions"}],"wp:featuredmedia":[{"embeddable":true,"href":"https:\/\/www.apfelpatient.de\/en\/wp-json\/wp\/v2\/media\/41577"}],"wp:attachment":[{"href":"https:\/\/www.apfelpatient.de\/en\/wp-json\/wp\/v2\/media?parent=45142"}],"wp:term":[{"taxonomy":"category","embeddable":true,"href":"https:\/\/www.apfelpatient.de\/en\/wp-json\/wp\/v2\/categories?post=45142"},{"taxonomy":"post_tag","embeddable":true,"href":"https:\/\/www.apfelpatient.de\/en\/wp-json\/wp\/v2\/tags?post=45142"}],"curies":[{"name":"wp","href":"https:\/\/api.w.org\/{rel}","templated":true}]}}