{"id":45115,"date":"2024-07-10T16:14:20","date_gmt":"2024-07-10T14:14:20","guid":{"rendered":"https:\/\/www.apfelpatient.de\/?p=45115"},"modified":"2024-07-10T16:14:21","modified_gmt":"2024-07-10T14:14:21","slug":"connect-apple-vision-pro-to-mac-how-to-do-it","status":"publish","type":"post","link":"https:\/\/www.apfelpatient.de\/en\/tipps-tricks\/apple-vision-pro-mit-mac-verbinden-so-gehts","title":{"rendered":"Connecting Apple Vision Pro to Mac: How it works"},"content":{"rendered":"\n<p class=\"has-drop-cap\"><strong>Die Technologie schreitet immer weiter voran und erm\u00f6glicht es uns, Arbeitsprozesse effizienter zu gestalten und Unterhaltung auf einem neuen Level zu genie\u00dfen. Ein herausragendes Beispiel f\u00fcr diese Entwicklung ist die Apple Vision Pro, die innovative Augmented-Reality-Funktionen bietet. In diesem Artikel erf\u00e4hrst du, wie du deinen Mac-Bildschirm auf Vision Pro anzeigen kannst, welche Voraussetzungen daf\u00fcr notwendig sind und wie du die Verbindung optimal nutzt.<\/strong><\/p>\n\n\n\n<p>Apple hat mit der Vision Pro ein beeindruckendes Ger\u00e4t geschaffen, das nicht nur durch seine technische Raffinesse sondern auch durch seine Vielseitigkeit \u00fcberzeugt. Die M\u00f6glichkeit, deinen Mac-Bildschirm in einer virtuellen Umgebung zu nutzen, er\u00f6ffnet neue Horizonte in Bezug auf Produktivit\u00e4t und Unterhaltung. Bevor wir jedoch tiefer in die Anleitung eintauchen, ist es wichtig, die notwendigen Voraussetzungen zu kennen und sicherzustellen, dass dein System bereit ist f\u00fcr diese fortschrittliche Funktion.<\/p>\n\n\n\n<h4 class=\"wp-block-heading\" id=\"h-verbinde-dich-mit-deinem-mac\">Verbinde dich mit deinem Mac<\/h4>\n\n\n\n<p>Um deinen Mac-Bildschirm auf der Vision Pro anzeigen zu k\u00f6nnen, m\u00fcssen beide Ger\u00e4te mit derselben Apple-ID angemeldet sein. Zudem muss auf deinem Mac macOS Sonoma oder eine neuere Version installiert sein.<\/p>\n\n\n\n<ul class=\"wp-block-list\">\n<li>\u00d6ffne das Kontrollzentrum: Trage die Vision Pro und \u00f6ffne Kontrollzentrum.<\/li>\n\n\n\n<li>W\u00e4hle Mac Virtual Display: Tippe auf die Schaltfl\u00e4che \u201eKontrollzentrum\u201c, dann auf \u201eMac Virtual Display\u201c und w\u00e4hle deinen Mac aus.<\/li>\n\n\n\n<li>Verbinden: Wenn du ein MacBook verwendest, kannst du einfach deinen Mac ansehen (stelle sicher, dass der Bildschirm eingeschaltet ist) und auf \u201eVerbinden\u201c tippen.<\/li>\n<\/ul>\n\n\n\n<p>Du kannst die Gr\u00f6\u00dfe des Mac-Bildschirms anpassen und ihn nach Belieben n\u00e4her an dich heran oder weiter weg bewegen. Diese Anpassungen funktionieren genauso <a href=\"https:\/\/www.apfelpatient.de\/tipps-tricks\/apple-vision-pro-app-fenster-verschieben-und-anpassen\">wie bei App-Fenstern in visionOS<\/a>. W\u00e4hrend der Verbindung kannst du dein Trackpad wie gewohnt nutzen und den Zeiger nahtlos zwischen deinem Mac und ge\u00f6ffneten visionOS-Apps hin und her bewegen. Auch die Nutzung von Gesten in visionOS-Apps bleibt weiterhin m\u00f6glich. Um die Verbindung zu trennen, tippe einfach auf die Schaltfl\u00e4che \u201eSchlie\u00dfen\u201c.<\/p>\n\n\n\n<h4 class=\"wp-block-heading\" id=\"h-was-du-benotigst-um-die-virtuelle-mac-anzeige-zu-verwenden\">Was du ben\u00f6tigst, um die virtuelle Mac-Anzeige zu verwenden<\/h4>\n\n\n\n<p>Bevor du loslegen kannst, musst du sicherstellen, dass bestimmte Voraussetzungen erf\u00fcllt sind:<\/p>\n\n\n\n<ul class=\"wp-block-list\">\n<li>Apple-ID und Zwei-Faktor-Authentifizierung: Beide Ger\u00e4te m\u00fcssen mit derselben Apple-ID angemeldet sein und die Zwei-Faktor-Authentifizierung muss aktiviert sein.<\/li>\n\n\n\n<li>Aktuelle Softwareversionen: Auf deinem Mac muss macOS Sonoma oder neuer installiert sein und Vision Pro sollte die neueste Version von visionOS verwenden.<\/li>\n\n\n\n<li>iCloud-Schl\u00fcsselbund: Beide Ger\u00e4te m\u00fcssen iCloud-Schl\u00fcsselbund aktiviert haben. Auf deinem Mac gehst du zu Systemeinstellungen > [dein Name] > iCloud > Passw\u00f6rter und Schl\u00fcsselbund und aktivierst \u201eDiesen Mac synchronisieren\u201c. Auf der Vision Pro gehst du zu Einstellungen > [dein Name] > iCloud > Passw\u00f6rter und Schl\u00fcsselbund und aktivierst \u201eDiese Apple Vision Pro synchronisieren\u201c.<\/li>\n\n\n\n<li>Bluetooth und WLAN: Beide Ger\u00e4te m\u00fcssen sich in einem Umkreis von 10 Metern (30 Fu\u00df) voneinander befinden, mit aktiviertem Bluetooth und WLAN. Keines der Ger\u00e4te darf seine Internetverbindung teilen.<\/li>\n\n\n\n<li>Handoff: Wenn du den Zeiger zwischen macOS- und visionOS-Apps teilen m\u00f6chtest, muss Handoff auf beiden Ger\u00e4ten aktiviert sein. Auf der Apple Vision Pro gehst du zu Einstellungen &gt; Allgemein &gt; Handoff, auf deinem Mac zu Systemeinstellungen &gt; Allgemein &gt; AirDrop &amp; Handoff.<\/li>\n\n\n\n<li>Mauszeiger und Tastatur freigeben: Auf deinem Mac musst du au\u00dferdem \u201eMauszeiger und Tastatur zwischen allen in der N\u00e4he befindlichen Macs oder iPads bewegen lassen\u201c aktivieren. Dies findest du unter Systemeinstellungen &gt; Displays &gt; Erweitert.<\/li>\n<\/ul>\n\n\n\n<h3 class=\"wp-block-heading\" id=\"h-erlebe-neue-dimensionen-mit-apple-vision-pro-und-deinem-mac\">Erlebe neue Dimensionen mit Apple Vision Pro und deinem Mac<\/h3>\n\n\n\n<p>Die Integration deines Mac-Bildschirms auf der Vision Pro er\u00f6ffnet dir v\u00f6llig neue M\u00f6glichkeiten, sowohl bei der Arbeit als auch in der Freizeit. Mit dieser Funktion kannst du deinen Workflow optimieren und eine immersive Erfahrung genie\u00dfen, die Technologie und Komfort auf beeindruckende Weise verbindet. Stelle sicher, dass alle Voraussetzungen erf\u00fcllt sind, und folge der einfachen Anleitung, um das volle Potenzial deiner Ger\u00e4te auszusch\u00f6pfen. Viel Spa\u00df beim Entdecken dieser innovativen Funktion! Du suchst nach neuem Zubeh\u00f6r? Dann schau doch mal&nbsp;<a href=\"https:\/\/www.amazon.de\/shop\/apfelpatientofficial\" target=\"_blank\" rel=\"noreferrer noopener\">in unserer Amazon Storefront<\/a>&nbsp;vorbei \u2013 dort findest du zahlreiche Produkte von f\u00fchrenden Anbietern, auch f\u00fcr HomeKit und Co.! (Bild: Apple)<\/p>\n\n\n\n<ul class=\"wp-block-list\">\n<li><a href=\"https:\/\/www.apfelpatient.de\/tipps-tricks\/apple-vision-pro-immersive-fotos-und-videos-erstellen\">Apple Vision Pro: Immersive Fotos und Videos erstellen<\/a><\/li>\n\n\n\n<li><a href=\"https:\/\/www.apfelpatient.de\/tipps-tricks\/apple-vision-pro-wichtige-tipps-gegen-schwindelgefuehle\">Apple Vision Pro: Wichtige Tipps gegen Schwindelgef\u00fchle<\/a><\/li>\n\n\n\n<li><a href=\"https:\/\/www.apfelpatient.de\/tipps-tricks\/apple-vision-pro-app-fenster-verschieben-und-anpassen\">Apple Vision Pro: App-Fenster verschieben und anpassen<\/a><\/li>\n\n\n\n<li><a href=\"https:\/\/www.apfelpatient.de\/tipps-tricks\/apple-vision-pro-reagiert-nicht-neustart-anleitung\">Apple Vision Pro reagiert nicht? Neustart-Anleitung<\/a><\/li>\n\n\n\n<li><a href=\"https:\/\/www.apfelpatient.de\/tipps-tricks\/apple-vision-pro-gastbenutzer-einrichten-und-nutzen\">Apple Vision Pro: Gastbenutzer einrichten und nutzen<\/a><\/li>\n\n\n\n<li><a href=\"https:\/\/www.apfelpatient.de\/tipps-tricks\/apple-vision-pro-lautstaerke-anpassen-so-gehts\">Apple Vision Pro: Lautst\u00e4rke anpassen \u2013 so geht\u2019s<\/a><\/li>\n\n\n\n<li><a href=\"https:\/\/www.apfelpatient.de\/tipps-tricks\/apple-vision-pro-ansicht-neu-ausrichten-so-gehts\">Apple Vision Pro: Ansicht neu ausrichten \u2013 so geht\u2019s<\/a><\/li>\n\n\n\n<li><a href=\"https:\/\/www.apfelpatient.de\/tipps-tricks\/apple-vision-pro-so-funktioniert-die-bildschirmfreigabe\">Apple Vision Pro: So funktioniert die Bildschirmfreigabe<\/a><\/li>\n\n\n\n<li><a href=\"https:\/\/www.apfelpatient.de\/tipps-tricks\/apple-vision-pro-screenshots-und-videos-erstellens-so-gehts\">Apple Vision Pro: Screenshots und Videos erstellens \u2013 so geht\u2019s<\/a><\/li>\n\n\n\n<li><a href=\"https:\/\/www.apfelpatient.de\/tipps-tricks\/apple-vision-pro-bluetooth-zubehoer-verbinden-so-gehts\">Apple Vision Pro: Bluetooth-Zubeh\u00f6r verbinden \u2013 so geht\u2019s<\/a><\/li>\n\n\n\n<li><a href=\"https:\/\/www.apfelpatient.de\/tipps-tricks\/apple-vision-pro-akku-aufladen-und-stand-ueberpruefen\">Apple Vision Pro: Akku aufladen und Stand \u00fcberpr\u00fcfen<\/a><\/li>\n\n\n\n<li><a href=\"https:\/\/www.apfelpatient.de\/tipps-tricks\/apple-vision-pro-optic-id-einrichten-und-sicher-verwenden\">Apple Vision Pro: Optic ID einrichten und sicher verwenden<\/a><\/li>\n\n\n\n<li><a href=\"https:\/\/www.apfelpatient.de\/tipps-tricks\/apple-vision-pro-die-wichtigsten-gesten-und-steuerelemente\">Apple Vision Pro: Die wichtigsten Gesten und Steuerelemente<\/a><\/li>\n<\/ul>\n\n\n\n<h6 class=\"wp-block-heading\" id=\"h-kennt-ihr-schon-unsere-amazon-storefront-dort-findet-ihr-eine-handverlesene-auswahl-von-diversen-produkten-f-r-euer-iphone-und-co-viel-spa-beim-st-bern\"><em>Kennt ihr schon unsere Amazon Storefront? Dort findet ihr eine handverlesene Auswahl von diversen Produkten f\u00fcr euer iPhone und Co.  &#8211; <span class=\"has-inline-color has-vivid-red-color\"><a href=\"https:\/\/www.amazon.de\/shop\/apfelpatientofficial\" class=\"ek-link\"><span style=\"text-decoration: underline;\" class=\"ek-underline\">viel Spa\u00df beim St\u00f6bern<\/span><\/a>.<\/span><\/em><\/h6>\n\n\n\n<h6 class=\"wp-block-heading\" id=\"h-der-beitrag-enthalt-partnerlinks\">Der Beitrag enth\u00e4lt <a data-type=\"URL\" data-id=\"https:\/\/www.apfelpatient.de\/partnerprogramm\" href=\"https:\/\/www.apfelpatient.de\/partnerprogramm\">Partnerlinks<\/a>.<\/h6>\n","protected":false},"excerpt":{"rendered":"<p>Apple Vision Pro: Connect your Mac screen and experience innovative augmented reality features. Work more efficiently &amp; have more fun.<\/p>","protected":false},"author":2,"featured_media":45114,"comment_status":"closed","ping_status":"closed","sticky":false,"template":"","format":"standard","meta":{"jnews-multi-image_gallery":[],"jnews_single_post":{"subtitle":"","format":"standard","video":"","gallery":"","source_name":"","source_url":"","via_name":"","via_url":"","override_template":"0","override":[{"template":"4","single_blog_custom":"","parallax":"1","fullscreen":"1","layout":"right-sidebar","sidebar":"default-sidebar","second_sidebar":"default-sidebar","sticky_sidebar":"1","share_position":"top","share_float_style":"share-monocrhome","show_share_counter":"0","show_view_counter":"0","show_featured":"1","show_post_meta":"1","show_post_author":"1","show_post_author_image":"1","show_post_date":"1","post_date_format":"default","post_date_format_custom":"Y\/m\/d","show_post_category":"1","show_post_reading_time":"0","post_reading_time_wpm":"300","post_calculate_word_method":"str_word_count","show_zoom_button":"0","zoom_button_out_step":"2","zoom_button_in_step":"3","show_post_tag":"1","show_prev_next_post":"1","show_popup_post":"1","number_popup_post":"1","show_author_box":"0","show_post_related":"0","show_inline_post_related":"0"}],"override_image_size":"0","image_override":[{"single_post_thumbnail_size":"crop-500","single_post_gallery_size":"crop-500"}],"trending_post":"0","trending_post_position":"meta","trending_post_label":"Trending","sponsored_post":"0","sponsored_post_label":"Sponsored by","sponsored_post_name":"","sponsored_post_url":"","sponsored_post_logo_enable":"0","sponsored_post_logo":"","sponsored_post_desc":"","disable_ad":"0"},"jnews_primary_category":{"id":"16","hide":""},"footnotes":""},"categories":[16],"tags":[843,1120,609,844],"class_list":["post-45115","post","type-post","status-publish","format-standard","has-post-thumbnail","hentry","category-tipps-tricks","tag-apple-vision-pro","tag-apple-vision-pro-tipps-und-tricks","tag-apple-vr-ar","tag-visionos"],"yoast_head":"<!-- This site is optimized with the Yoast SEO Premium plugin v27.5 (Yoast SEO v27.5) - https:\/\/yoast.com\/product\/yoast-seo-premium-wordpress\/ -->\n<title>Apple Vision Pro mit Mac verbinden: So geht\u2019s Apfelpatient<\/title>\n<meta name=\"description\" content=\"Apple Vision Pro: Verbinde deinen Mac-Bildschirm und erlebe innovative Augmented-Reality-Funktionen. Effizienter arbeiten &amp; mehr Spa\u00df haben.\" \/>\n<meta name=\"robots\" content=\"index, follow, max-snippet:-1, max-image-preview:large, max-video-preview:-1\" \/>\n<link rel=\"canonical\" href=\"https:\/\/www.apfelpatient.de\/en\/tips-tricks\/connect-apple-vision-pro-to-mac-how-to-do-it\" \/>\n<meta property=\"og:locale\" content=\"en_US\" \/>\n<meta property=\"og:type\" content=\"article\" \/>\n<meta property=\"og:title\" content=\"Apple Vision Pro mit Mac verbinden: So geht\u2019s\" \/>\n<meta property=\"og:description\" content=\"Apple Vision Pro: Verbinde deinen Mac-Bildschirm und erlebe innovative Augmented-Reality-Funktionen. Effizienter arbeiten &amp; mehr Spa\u00df haben.\" \/>\n<meta property=\"og:url\" content=\"https:\/\/www.apfelpatient.de\/en\/tips-tricks\/connect-apple-vision-pro-to-mac-how-to-do-it\" \/>\n<meta property=\"og:site_name\" content=\"Apfelpatient\" \/>\n<meta property=\"article:publisher\" content=\"https:\/\/www.facebook.com\/apfelpatientOfficial\" \/>\n<meta property=\"article:author\" content=\"https:\/\/www.facebook.com\/apfelpatientOfficial\" \/>\n<meta property=\"article:published_time\" content=\"2024-07-10T14:14:20+00:00\" \/>\n<meta property=\"article:modified_time\" content=\"2024-07-10T14:14:21+00:00\" \/>\n<meta property=\"og:image\" content=\"https:\/\/www.apfelpatient.de\/wp-content\/uploads\/2024\/06\/Unbenannt-3-7.png\" \/>\n\t<meta property=\"og:image:width\" content=\"1600\" \/>\n\t<meta property=\"og:image:height\" content=\"900\" \/>\n\t<meta property=\"og:image:type\" content=\"image\/png\" \/>\n<meta name=\"author\" content=\"Milan\" \/>\n<meta name=\"twitter:card\" content=\"summary_large_image\" \/>\n<meta name=\"twitter:description\" content=\"Apple Vision Pro: Verbinde deinen Mac-Bildschirm und erlebe innovative Augmented-Reality-Funktionen. Effizienter arbeiten &amp; mehr Spa\u00df haben.\" \/>\n<meta name=\"twitter:label1\" content=\"Written by\" \/>\n\t<meta name=\"twitter:data1\" content=\"Milan\" \/>\n\t<meta name=\"twitter:label2\" content=\"Est. reading time\" \/>\n\t<meta name=\"twitter:data2\" content=\"5 minutes\" \/>\n<script type=\"application\/ld+json\" class=\"yoast-schema-graph\">{\"@context\":\"https:\\\/\\\/schema.org\",\"@graph\":[{\"@type\":\"NewsArticle\",\"@id\":\"https:\\\/\\\/www.apfelpatient.de\\\/tipps-tricks\\\/apple-vision-pro-mit-mac-verbinden-so-gehts#article\",\"isPartOf\":{\"@id\":\"https:\\\/\\\/www.apfelpatient.de\\\/tipps-tricks\\\/apple-vision-pro-mit-mac-verbinden-so-gehts\"},\"author\":{\"@type\":\"Organization\",\"@id\":\"https:\\\/\\\/www.apfelpatient.de\\\/en\\\/#organization\",\"name\":\"Apfelpatient\",\"url\":\"https:\\\/\\\/www.apfelpatient.de\\\/en\\\/\"},\"headline\":\"Apple Vision Pro mit Mac verbinden: So geht\u2019s\",\"datePublished\":\"2024-07-10T14:14:20+00:00\",\"dateModified\":\"2024-07-10T14:14:21+00:00\",\"mainEntityOfPage\":{\"@id\":\"https:\\\/\\\/www.apfelpatient.de\\\/tipps-tricks\\\/apple-vision-pro-mit-mac-verbinden-so-gehts\"},\"wordCount\":779,\"publisher\":{\"@type\":\"Organization\",\"@id\":\"https:\\\/\\\/www.apfelpatient.de\\\/en\\\/#organization\",\"name\":\"Apfelpatient\",\"url\":\"https:\\\/\\\/www.apfelpatient.de\\\/en\\\/\"},\"image\":{\"@id\":\"https:\\\/\\\/www.apfelpatient.de\\\/tipps-tricks\\\/apple-vision-pro-mit-mac-verbinden-so-gehts#primaryimage\"},\"thumbnailUrl\":\"https:\\\/\\\/www.apfelpatient.de\\\/wp-content\\\/uploads\\\/2024\\\/06\\\/Unbenannt-3-7.png\",\"keywords\":[\"Apple Vision Pro\",\"Apple Vision Pro Tipps und Tricks\",\"Apple VR\\\/AR\",\"visionOS\"],\"articleSection\":\"Tipps &amp; Tricks\",\"inLanguage\":\"en-US\",\"copyrightYear\":\"2024\",\"copyrightHolder\":{\"@id\":\"https:\\\/\\\/www.apfelpatient.de\\\/en\\\/#organization\"}},{\"@type\":\"WebPage\",\"@id\":\"https:\\\/\\\/www.apfelpatient.de\\\/tipps-tricks\\\/apple-vision-pro-mit-mac-verbinden-so-gehts\",\"url\":\"https:\\\/\\\/www.apfelpatient.de\\\/tipps-tricks\\\/apple-vision-pro-mit-mac-verbinden-so-gehts\",\"name\":\"Apple Vision Pro mit Mac verbinden: So geht\u2019s Apfelpatient\",\"isPartOf\":{\"@id\":\"https:\\\/\\\/www.apfelpatient.de\\\/#website\"},\"primaryImageOfPage\":{\"@id\":\"https:\\\/\\\/www.apfelpatient.de\\\/tipps-tricks\\\/apple-vision-pro-mit-mac-verbinden-so-gehts#primaryimage\"},\"image\":{\"@id\":\"https:\\\/\\\/www.apfelpatient.de\\\/tipps-tricks\\\/apple-vision-pro-mit-mac-verbinden-so-gehts#primaryimage\"},\"thumbnailUrl\":\"https:\\\/\\\/www.apfelpatient.de\\\/wp-content\\\/uploads\\\/2024\\\/06\\\/Unbenannt-3-7.png\",\"datePublished\":\"2024-07-10T14:14:20+00:00\",\"dateModified\":\"2024-07-10T14:14:21+00:00\",\"description\":\"Apple Vision Pro: Verbinde deinen Mac-Bildschirm und erlebe innovative Augmented-Reality-Funktionen. Effizienter arbeiten & mehr Spa\u00df haben.\",\"breadcrumb\":{\"@id\":\"https:\\\/\\\/www.apfelpatient.de\\\/tipps-tricks\\\/apple-vision-pro-mit-mac-verbinden-so-gehts#breadcrumb\"},\"inLanguage\":\"en-US\",\"potentialAction\":[{\"@type\":\"ReadAction\",\"target\":[\"https:\\\/\\\/www.apfelpatient.de\\\/tipps-tricks\\\/apple-vision-pro-mit-mac-verbinden-so-gehts\"]}]},{\"@type\":\"ImageObject\",\"inLanguage\":\"en-US\",\"@id\":\"https:\\\/\\\/www.apfelpatient.de\\\/tipps-tricks\\\/apple-vision-pro-mit-mac-verbinden-so-gehts#primaryimage\",\"url\":\"https:\\\/\\\/www.apfelpatient.de\\\/wp-content\\\/uploads\\\/2024\\\/06\\\/Unbenannt-3-7.png\",\"contentUrl\":\"https:\\\/\\\/www.apfelpatient.de\\\/wp-content\\\/uploads\\\/2024\\\/06\\\/Unbenannt-3-7.png\",\"width\":1600,\"height\":900,\"caption\":\"Bild: Apple\"},{\"@type\":\"BreadcrumbList\",\"@id\":\"https:\\\/\\\/www.apfelpatient.de\\\/tipps-tricks\\\/apple-vision-pro-mit-mac-verbinden-so-gehts#breadcrumb\",\"itemListElement\":[{\"@type\":\"ListItem\",\"position\":1,\"name\":\"Startseite\",\"item\":\"https:\\\/\\\/www.apfelpatient.de\\\/\"},{\"@type\":\"ListItem\",\"position\":2,\"name\":\"Apple Vision Pro mit Mac verbinden: So geht\u2019s\"}]},{\"@type\":\"WebSite\",\"@id\":\"https:\\\/\\\/www.apfelpatient.de\\\/#website\",\"url\":\"https:\\\/\\\/www.apfelpatient.de\\\/\",\"name\":\"Apfelpatient\",\"description\":\"Alles rund um Apple!\",\"publisher\":{\"@type\":\"Organization\",\"@id\":\"https:\\\/\\\/www.apfelpatient.de\\\/en\\\/#organization\",\"name\":\"Apfelpatient\",\"url\":\"https:\\\/\\\/www.apfelpatient.de\\\/en\\\/\"},\"alternateName\":\"Apfelpatient\",\"potentialAction\":[{\"@type\":\"SearchAction\",\"target\":{\"@type\":\"EntryPoint\",\"urlTemplate\":\"https:\\\/\\\/www.apfelpatient.de\\\/?s={search_term_string}\"},\"query-input\":{\"@type\":\"PropertyValueSpecification\",\"valueRequired\":true,\"valueName\":\"search_term_string\"}}],\"inLanguage\":\"en-US\"},{\"@type\":[\"Person\",\"Organization\"],\"@id\":\"https:\\\/\\\/www.apfelpatient.de\\\/#\\\/schema\\\/person\\\/7dc56ad6c8e9824b76d2c08d4c140e13\",\"name\":\"Milan\",\"logo\":{\"@id\":\"https:\\\/\\\/www.apfelpatient.de\\\/#\\\/schema\\\/person\\\/image\\\/\"},\"description\":\"Hallo und herzlich willkommen auf meinem Technik-Blog! Als gro\u00dfer Apple-Fan berichte ich hier \u00fcber alles, was mit Apple zu tun hat: von den neuesten News und spannenden Ger\u00fcchten \u00fcber hilfreiche Tipps und Tricks bis hin zu ausf\u00fchrlichen Produkttests. Wenn du genauso technikbegeistert bist wie ich, bist du hier genau richtig!\",\"sameAs\":[\"https:\\\/\\\/www.facebook.com\\\/apfelpatientOfficial\",\"https:\\\/\\\/www.linkedin.com\\\/in\\\/milan-jovicic-42aa0231b\"],\"url\":\"https:\\\/\\\/www.apfelpatient.de\\\/en\\\/author\\\/apfeladmin\"}]}<\/script>\n<!-- \/ Yoast SEO Premium plugin. -->","yoast_head_json":{"title":"Connecting Apple Vision Pro to Mac: How it works Apfelpatient","description":"Apple Vision Pro: Connect your Mac screen and experience innovative augmented reality features. Work more efficiently &amp; have more fun.","robots":{"index":"index","follow":"follow","max-snippet":"max-snippet:-1","max-image-preview":"max-image-preview:large","max-video-preview":"max-video-preview:-1"},"canonical":"https:\/\/www.apfelpatient.de\/en\/tips-tricks\/connect-apple-vision-pro-to-mac-how-to-do-it","og_locale":"en_US","og_type":"article","og_title":"Apple Vision Pro mit Mac verbinden: So geht\u2019s","og_description":"Apple Vision Pro: Verbinde deinen Mac-Bildschirm und erlebe innovative Augmented-Reality-Funktionen. Effizienter arbeiten & mehr Spa\u00df haben.","og_url":"https:\/\/www.apfelpatient.de\/en\/tips-tricks\/connect-apple-vision-pro-to-mac-how-to-do-it","og_site_name":"Apfelpatient","article_publisher":"https:\/\/www.facebook.com\/apfelpatientOfficial","article_author":"https:\/\/www.facebook.com\/apfelpatientOfficial","article_published_time":"2024-07-10T14:14:20+00:00","article_modified_time":"2024-07-10T14:14:21+00:00","og_image":[{"width":1600,"height":900,"url":"https:\/\/www.apfelpatient.de\/wp-content\/uploads\/2024\/06\/Unbenannt-3-7.png","type":"image\/png"}],"author":"Milan","twitter_card":"summary_large_image","twitter_description":"Apple Vision Pro: Verbinde deinen Mac-Bildschirm und erlebe innovative Augmented-Reality-Funktionen. Effizienter arbeiten & mehr Spa\u00df haben.","twitter_misc":{"Written by":"Milan","Est. reading time":"5 minutes"},"schema":{"@context":"https:\/\/schema.org","@graph":[{"@type":"NewsArticle","@id":"https:\/\/www.apfelpatient.de\/tipps-tricks\/apple-vision-pro-mit-mac-verbinden-so-gehts#article","isPartOf":{"@id":"https:\/\/www.apfelpatient.de\/tipps-tricks\/apple-vision-pro-mit-mac-verbinden-so-gehts"},"author":{"@type":"Organization","@id":"https:\/\/www.apfelpatient.de\/en\/#organization","name":"Apfelpatient","url":"https:\/\/www.apfelpatient.de\/en\/"},"headline":"Apple Vision Pro mit Mac verbinden: So geht\u2019s","datePublished":"2024-07-10T14:14:20+00:00","dateModified":"2024-07-10T14:14:21+00:00","mainEntityOfPage":{"@id":"https:\/\/www.apfelpatient.de\/tipps-tricks\/apple-vision-pro-mit-mac-verbinden-so-gehts"},"wordCount":779,"publisher":{"@type":"Organization","@id":"https:\/\/www.apfelpatient.de\/en\/#organization","name":"Apfelpatient","url":"https:\/\/www.apfelpatient.de\/en\/"},"image":{"@id":"https:\/\/www.apfelpatient.de\/tipps-tricks\/apple-vision-pro-mit-mac-verbinden-so-gehts#primaryimage"},"thumbnailUrl":"https:\/\/www.apfelpatient.de\/wp-content\/uploads\/2024\/06\/Unbenannt-3-7.png","keywords":["Apple Vision Pro","Apple Vision Pro Tipps und Tricks","Apple VR\/AR","visionOS"],"articleSection":"Tipps &amp; Tricks","inLanguage":"en-US","copyrightYear":"2024","copyrightHolder":{"@id":"https:\/\/www.apfelpatient.de\/en\/#organization"}},{"@type":"WebPage","@id":"https:\/\/www.apfelpatient.de\/tipps-tricks\/apple-vision-pro-mit-mac-verbinden-so-gehts","url":"https:\/\/www.apfelpatient.de\/tipps-tricks\/apple-vision-pro-mit-mac-verbinden-so-gehts","name":"Connecting Apple Vision Pro to Mac: How it works Apfelpatient","isPartOf":{"@id":"https:\/\/www.apfelpatient.de\/#website"},"primaryImageOfPage":{"@id":"https:\/\/www.apfelpatient.de\/tipps-tricks\/apple-vision-pro-mit-mac-verbinden-so-gehts#primaryimage"},"image":{"@id":"https:\/\/www.apfelpatient.de\/tipps-tricks\/apple-vision-pro-mit-mac-verbinden-so-gehts#primaryimage"},"thumbnailUrl":"https:\/\/www.apfelpatient.de\/wp-content\/uploads\/2024\/06\/Unbenannt-3-7.png","datePublished":"2024-07-10T14:14:20+00:00","dateModified":"2024-07-10T14:14:21+00:00","description":"Apple Vision Pro: Connect your Mac screen and experience innovative augmented reality features. Work more efficiently &amp; have more fun.","breadcrumb":{"@id":"https:\/\/www.apfelpatient.de\/tipps-tricks\/apple-vision-pro-mit-mac-verbinden-so-gehts#breadcrumb"},"inLanguage":"en-US","potentialAction":[{"@type":"ReadAction","target":["https:\/\/www.apfelpatient.de\/tipps-tricks\/apple-vision-pro-mit-mac-verbinden-so-gehts"]}]},{"@type":"ImageObject","inLanguage":"en-US","@id":"https:\/\/www.apfelpatient.de\/tipps-tricks\/apple-vision-pro-mit-mac-verbinden-so-gehts#primaryimage","url":"https:\/\/www.apfelpatient.de\/wp-content\/uploads\/2024\/06\/Unbenannt-3-7.png","contentUrl":"https:\/\/www.apfelpatient.de\/wp-content\/uploads\/2024\/06\/Unbenannt-3-7.png","width":1600,"height":900,"caption":"Bild: Apple"},{"@type":"BreadcrumbList","@id":"https:\/\/www.apfelpatient.de\/tipps-tricks\/apple-vision-pro-mit-mac-verbinden-so-gehts#breadcrumb","itemListElement":[{"@type":"ListItem","position":1,"name":"Startseite","item":"https:\/\/www.apfelpatient.de\/"},{"@type":"ListItem","position":2,"name":"Apple Vision Pro mit Mac verbinden: So geht\u2019s"}]},{"@type":"WebSite","@id":"https:\/\/www.apfelpatient.de\/#website","url":"https:\/\/www.apfelpatient.de\/","name":"apple patient","description":"Everything about Apple!","publisher":{"@type":"Organization","@id":"https:\/\/www.apfelpatient.de\/en\/#organization","name":"Apfelpatient","url":"https:\/\/www.apfelpatient.de\/en\/"},"alternateName":"Apfelpatient","potentialAction":[{"@type":"SearchAction","target":{"@type":"EntryPoint","urlTemplate":"https:\/\/www.apfelpatient.de\/?s={search_term_string}"},"query-input":{"@type":"PropertyValueSpecification","valueRequired":true,"valueName":"search_term_string"}}],"inLanguage":"en-US"},{"@type":["Person","Organization"],"@id":"https:\/\/www.apfelpatient.de\/#\/schema\/person\/7dc56ad6c8e9824b76d2c08d4c140e13","name":"Milan","logo":{"@id":"https:\/\/www.apfelpatient.de\/#\/schema\/person\/image\/"},"description":"Hello and welcome to my technology blog! As a big Apple fan, I report on everything to do with Apple: from the latest news and exciting rumors to helpful tips and tricks and detailed product tests. If you are as enthusiastic about technology as I am, you have come to the right place!","sameAs":["https:\/\/www.facebook.com\/apfelpatientOfficial","https:\/\/www.linkedin.com\/in\/milan-jovicic-42aa0231b"],"url":"https:\/\/www.apfelpatient.de\/en\/author\/apfeladmin"}]}},"_links":{"self":[{"href":"https:\/\/www.apfelpatient.de\/en\/wp-json\/wp\/v2\/posts\/45115","targetHints":{"allow":["GET"]}}],"collection":[{"href":"https:\/\/www.apfelpatient.de\/en\/wp-json\/wp\/v2\/posts"}],"about":[{"href":"https:\/\/www.apfelpatient.de\/en\/wp-json\/wp\/v2\/types\/post"}],"author":[{"embeddable":true,"href":"https:\/\/www.apfelpatient.de\/en\/wp-json\/wp\/v2\/users\/2"}],"replies":[{"embeddable":true,"href":"https:\/\/www.apfelpatient.de\/en\/wp-json\/wp\/v2\/comments?post=45115"}],"version-history":[{"count":0,"href":"https:\/\/www.apfelpatient.de\/en\/wp-json\/wp\/v2\/posts\/45115\/revisions"}],"wp:featuredmedia":[{"embeddable":true,"href":"https:\/\/www.apfelpatient.de\/en\/wp-json\/wp\/v2\/media\/45114"}],"wp:attachment":[{"href":"https:\/\/www.apfelpatient.de\/en\/wp-json\/wp\/v2\/media?parent=45115"}],"wp:term":[{"taxonomy":"category","embeddable":true,"href":"https:\/\/www.apfelpatient.de\/en\/wp-json\/wp\/v2\/categories?post=45115"},{"taxonomy":"post_tag","embeddable":true,"href":"https:\/\/www.apfelpatient.de\/en\/wp-json\/wp\/v2\/tags?post=45115"}],"curies":[{"name":"wp","href":"https:\/\/api.w.org\/{rel}","templated":true}]}}