{"id":44964,"date":"2024-06-16T16:30:36","date_gmt":"2024-06-16T14:30:36","guid":{"rendered":"https:\/\/www.apfelpatient.de\/?p=44964"},"modified":"2024-06-16T16:30:37","modified_gmt":"2024-06-16T14:30:37","slug":"apples-vision-of-the-future-thinner-and-lighter-devices-in-focus","status":"publish","type":"post","link":"https:\/\/www.apfelpatient.de\/en\/rumors\/apples-zukunftsvision-duennere-und-leichtere-geraete-im-fokus","title":{"rendered":"Apple&#039;s vision for the future: Thinner and lighter devices in focus"},"content":{"rendered":"<p class=\"has-drop-cap\"><strong>Apple, known for its innovative and stylish products, is planning a major redesign of its popular devices such as iPhone, MacBook Pro and Apple Watch. The technological giant aims to make these devices significantly thinner and lighter, starting with the new M4 iPad Pro, which is already considered Apple&#039;s thinnest product yet. Below you will learn all about the planned changes and how they will affect Apple&#039;s future product range.<\/strong><\/p>\n\n\n\n<p>Last month, Apple introduced the new M4 iPad Pro, which is the company&#039;s thinnest product yet at just 5.1 mm thick. This move marks the beginning of a new era in Apple&#039;s design language, focusing on ultra-thin and light devices. But Apple has no plans to rest on its laurels. Renowned Bloomberg journalist Mark Gurman <a href=\"https:\/\/www.bloomberg.com\/authors\/AS7Hj1mBMGM\/mark-gurman\" target=\"_blank\" rel=\"noreferrer noopener\">reported<\/a> in its Power On newsletter about the company&#039;s future plans to subject other products such as the iPhone, Apple Watch and MacBook Pro to similar treatment.<\/p>\n\n\n\n<h4 class=\"wp-block-heading\" id=\"h-die-vision-ultradunne-und-leichte-gerate\">The Vision: Ultra-thin and Lightweight Devices<\/h4>\n\n\n\n<p>According to Gurman, the new iPad Pro marks the start of a new class of Apple devices that aim to be &quot;the thinnest and lightest products in their categories.&quot; This vision also includes the iPhone and MacBook Pro, which are set to become significantly slimmer in the coming years.<\/p>\n\n\n\n<h3 class=\"wp-block-heading\" id=\"h-iphone-17-ein-vollig-neues-design\">iPhone 17: A completely new design<\/h3>\n\n\n\n<p>The iPhone 17 series, scheduled for release in 2025, is set to feature a completely new design. This new model will be significantly thinner than current iPhone designs, representing a significant shift in smartphone technology. Apple is working hard to perfect this slimmer design in time for launch.<\/p>\n\n\n\n<h4 class=\"wp-block-heading\" id=\"h-macbook-pro-ruckkehr-zur-schlankheit\">MacBook Pro: Return to Slimness<\/h4>\n\n\n\n<p>The MacBook Pro underwent a redesign in 2021, making it thicker and heavier to make room for the transition to Apple Silicon and the return of ports like MagSafe, HDMI, and an SD card slot. Now, Apple plans to redesign the MacBook Pro again, making it significantly thinner without compromising on performance and functionality.<\/p>\n\n\n\n<h4 class=\"wp-block-heading\" id=\"h-apple-watch-die-grosste-uberarbeitung\">Apple Watch: The biggest overhaul<\/h4>\n\n\n\n<p>The Apple Watch is also set to undergo a significant overhaul, with Gurman calling it the &quot;biggest overhaul yet&quot; of the design. This new &quot;Apple Watch X&quot; overhaul will not only make the device slimmer, but may also add new features and an improved design.<\/p>\n\n\n\n<h3 class=\"wp-block-heading\" id=\"h-herausforderungen-und-erwartungen\">challenges and expectations<\/h3>\n\n\n\n<p>Redesigning these devices not only brings aesthetic benefits but also presents Apple with technical challenges. Thinner devices mean less space for components such as batteries and ports, which presents a significant engineering challenge. Nevertheless, Apple&#039;s goal is clear: to offer the best and lightest products on the market.<\/p>\n\n\n\n<h4 class=\"wp-block-heading\" id=\"h-auswirkungen-auf-den-markt\">impact on the market<\/h4>\n\n\n\n<p>This new design strategy could have a significant impact on the market. Consumers increasingly prefer slimmer and lighter devices that are still powerful. Apple is setting a new standard that other manufacturers must follow in order to remain competitive.<\/p>\n\n\n\n<h3 class=\"wp-block-heading\" id=\"h-die-zukunft-ist-dunn-apples-neue-designphilosophie\">The future is thin: Apple&#039;s new design philosophy<\/h3>\n\n\n\n<p>The new M4 iPad Pro marks the beginning of an exciting new phase for Apple. With the redesign of the iPhone, MacBook Pro and Apple Watch to be slimmer and lighter, Apple is once again setting the standard in the technology industry. While exact launch dates are still unknown, it is clear that these new designs will shape the future of Apple. Stay tuned and watch as Apple realizes its vision of the next generation of ultra-thin devices. (Image: Apple)<\/p>\n\n\n\n<ul class=\"wp-block-list\">\n<li><a href=\"https:\/\/www.apfelpatient.de\/en\/rumors\/report-apples-foldable-iphone-relies-on-wrap-around-design\">Report: Apple&#039;s foldable iPhone relies on &quot;wrap-around design&quot;<\/a><\/li>\n\n\n\n<li><a href=\"https:\/\/www.apfelpatient.de\/en\/rumors\/rumored-iphone-16-pro-will-have-the-worlds-thinnest-frame\">Rumor: iPhone 16 Pro to have the world&#039;s thinnest frame<\/a><\/li>\n\n\n\n<li><a href=\"https:\/\/www.apfelpatient.de\/en\/rumors\/the-iphone-17-ultra-the-next-big-leap-for-apple\">The iPhone 17 Ultra: The next big leap for Apple?<\/a><\/li>\n<\/ul>\n\n\n\n<h6 class=\"wp-block-heading translation-block\" id=\"h-kennt-ihr-schon-unsere-amazon-storefront-dort-findet-ihr-eine-handverlesene-auswahl-von-diversen-produkten-f-r-euer-iphone-und-co-viel-spa-beim-st-bern\"><em>Have you already visited our Amazon Storefront? There you&#039;ll find a hand-picked selection of various products for your iPhone and other devices \u2013 <span class=\"has-inline-color has-vivid-red-color\"><a href=\"https:\/\/www.amazon.de\/shop\/apfelpatientofficial\" class=\"ek-link\" data-wpel-link=\"exclude\" rel=\"follow noopener\" target=\"_self\"><span style=\"text-decoration: underline\" class=\"ek-underline\">enjoy browsing<\/span><\/a> !<\/span><\/em><\/h6>\n\n\n\n<h6 class=\"wp-block-heading translation-block\" id=\"h-der-beitrag-enthalt-partnerlinks\">This post contains <a data-type=\"URL\" data-id=\"https:\/\/www.apfelpatient.de\/partnerprogramm\" href=\"https:\/\/www.apfelpatient.de\/en\/partner-program\" data-wpel-link=\"internal\" target=\"_self\">affiliate links<\/a>.<\/h6>","protected":false},"excerpt":{"rendered":"<p>Thinner &amp; lighter: Apple&#039;s new generation of devices. Learn how the iPhone, MacBook Pro, and Apple Watch are being redesigned to set standards.<\/p>","protected":false},"author":2,"featured_media":44965,"comment_status":"closed","ping_status":"closed","sticky":false,"template":"","format":"standard","meta":{"jnews-multi-image_gallery":[],"jnews_single_post":{"subtitle":"","format":"standard","video":"","gallery":"","source_name":"","source_url":"","via_name":"","via_url":"","override_template":"0","override":[{"template":"4","single_blog_custom":"","parallax":"1","fullscreen":"1","layout":"right-sidebar","sidebar":"default-sidebar","second_sidebar":"default-sidebar","sticky_sidebar":"1","share_position":"top","share_float_style":"share-monocrhome","show_share_counter":"0","show_view_counter":"0","show_featured":"1","show_post_meta":"1","show_post_author":"1","show_post_author_image":"1","show_post_date":"1","post_date_format":"default","post_date_format_custom":"Y\/m\/d","show_post_category":"1","show_post_reading_time":"0","post_reading_time_wpm":"300","show_zoom_button":"0","zoom_button_out_step":"2","zoom_button_in_step":"3","show_post_tag":"1","show_prev_next_post":"1","show_popup_post":"1","number_popup_post":"1","show_author_box":"0","show_post_related":"0","show_inline_post_related":"0"}],"override_image_size":"0","image_override":[{"single_post_thumbnail_size":"crop-500","single_post_gallery_size":"crop-500"}],"trending_post":"0","trending_post_position":"meta","trending_post_label":"Trending","sponsored_post":"0","sponsored_post_label":"Sponsored by","sponsored_post_name":"","sponsored_post_url":"","sponsored_post_logo_enable":"0","sponsored_post_logo":"","sponsored_post_desc":"","disable_ad":"0"},"jnews_primary_category":{"id":"25","hide":""},"footnotes":""},"categories":[25],"tags":[14,18,8,40],"class_list":["post-44964","post","type-post","status-publish","format-standard","has-post-thumbnail","hentry","category-rumors","tag-apple-watch","tag-ipad","tag-iphone","tag-mac"],"yoast_head":"<!-- This site is optimized with the Yoast SEO Premium plugin v27.5 (Yoast SEO v27.5) - https:\/\/yoast.com\/product\/yoast-seo-premium-wordpress\/ -->\n<title>Apples Zukunftsvision: D\u00fcnnere und leichtere Ger\u00e4te im Fokus Apfelpatient<\/title>\n<meta name=\"description\" content=\"D\u00fcnner &amp; leichter: Apples neue Ger\u00e4tegeneration. Erfahre, wie iPhone, MacBook Pro &amp; Apple Watch neu gestaltet werden, um Standards zu setzen.\" \/>\n<meta name=\"robots\" content=\"index, follow, max-snippet:-1, max-image-preview:large, max-video-preview:-1\" \/>\n<link rel=\"canonical\" href=\"https:\/\/www.apfelpatient.de\/en\/rumors\/apples-vision-of-the-future-thinner-and-lighter-devices-in-focus\" \/>\n<meta property=\"og:locale\" content=\"en_US\" \/>\n<meta property=\"og:type\" content=\"article\" \/>\n<meta property=\"og:title\" content=\"Apples Zukunftsvision: D\u00fcnnere und leichtere Ger\u00e4te im Fokus\" \/>\n<meta property=\"og:description\" content=\"D\u00fcnner &amp; leichter: Apples neue Ger\u00e4tegeneration. Erfahre, wie iPhone, MacBook Pro &amp; Apple Watch neu gestaltet werden, um Standards zu setzen.\" \/>\n<meta property=\"og:url\" content=\"https:\/\/www.apfelpatient.de\/en\/rumors\/apples-vision-of-the-future-thinner-and-lighter-devices-in-focus\" \/>\n<meta property=\"og:site_name\" content=\"Apfelpatient\" \/>\n<meta property=\"article:publisher\" content=\"https:\/\/www.facebook.com\/apfelpatientOfficial\" \/>\n<meta property=\"article:author\" content=\"https:\/\/www.facebook.com\/apfelpatientOfficial\" \/>\n<meta property=\"article:published_time\" content=\"2024-06-16T14:30:36+00:00\" \/>\n<meta property=\"article:modified_time\" content=\"2024-06-16T14:30:37+00:00\" \/>\n<meta property=\"og:image\" content=\"https:\/\/www.apfelpatient.de\/wp-content\/uploads\/2024\/06\/Apple-iPad-Pro-thin-profile-240507.jpg\" \/>\n\t<meta property=\"og:image:width\" content=\"1600\" \/>\n\t<meta property=\"og:image:height\" content=\"900\" \/>\n\t<meta property=\"og:image:type\" content=\"image\/jpeg\" \/>\n<meta name=\"author\" content=\"Milan\" \/>\n<meta name=\"twitter:card\" content=\"summary_large_image\" \/>\n<meta name=\"twitter:description\" content=\"D\u00fcnner &amp; leichter: Apples neue Ger\u00e4tegeneration. Erfahre, wie iPhone, MacBook Pro &amp; Apple Watch neu gestaltet werden, um Standards zu setzen.\" \/>\n<meta name=\"twitter:label1\" content=\"Written by\" \/>\n\t<meta name=\"twitter:data1\" content=\"Milan\" \/>\n\t<meta name=\"twitter:label2\" content=\"Est. reading time\" \/>\n\t<meta name=\"twitter:data2\" content=\"4 minutes\" \/>\n<script type=\"application\/ld+json\" class=\"yoast-schema-graph\">{\"@context\":\"https:\\\/\\\/schema.org\",\"@graph\":[{\"@type\":\"NewsArticle\",\"@id\":\"https:\\\/\\\/www.apfelpatient.de\\\/rumors\\\/apples-zukunftsvision-duennere-und-leichtere-geraete-im-fokus#article\",\"isPartOf\":{\"@id\":\"https:\\\/\\\/www.apfelpatient.de\\\/rumors\\\/apples-zukunftsvision-duennere-und-leichtere-geraete-im-fokus\"},\"author\":{\"@type\":\"Organization\",\"@id\":\"https:\\\/\\\/www.apfelpatient.de\\\/en\\\/#organization\",\"name\":\"Apfelpatient\",\"url\":\"https:\\\/\\\/www.apfelpatient.de\\\/en\\\/\"},\"headline\":\"Apples Zukunftsvision: D\u00fcnnere und leichtere Ger\u00e4te im Fokus\",\"datePublished\":\"2024-06-16T14:30:36+00:00\",\"dateModified\":\"2024-06-16T14:30:37+00:00\",\"mainEntityOfPage\":{\"@id\":\"https:\\\/\\\/www.apfelpatient.de\\\/rumors\\\/apples-zukunftsvision-duennere-und-leichtere-geraete-im-fokus\"},\"wordCount\":631,\"publisher\":{\"@type\":\"Organization\",\"@id\":\"https:\\\/\\\/www.apfelpatient.de\\\/en\\\/#organization\",\"name\":\"Apfelpatient\",\"url\":\"https:\\\/\\\/www.apfelpatient.de\\\/en\\\/\"},\"image\":{\"@id\":\"https:\\\/\\\/www.apfelpatient.de\\\/rumors\\\/apples-zukunftsvision-duennere-und-leichtere-geraete-im-fokus#primaryimage\"},\"thumbnailUrl\":\"https:\\\/\\\/www.apfelpatient.de\\\/wp-content\\\/uploads\\\/2024\\\/06\\\/Apple-iPad-Pro-thin-profile-240507.jpg\",\"keywords\":[\"Apple Watch\",\"iPad\",\"iPhone\",\"Mac\"],\"articleSection\":\"Rumors\",\"inLanguage\":\"en-US\",\"copyrightYear\":\"2024\",\"copyrightHolder\":{\"@id\":\"https:\\\/\\\/www.apfelpatient.de\\\/en\\\/#organization\"}},{\"@type\":\"WebPage\",\"@id\":\"https:\\\/\\\/www.apfelpatient.de\\\/rumors\\\/apples-zukunftsvision-duennere-und-leichtere-geraete-im-fokus\",\"url\":\"https:\\\/\\\/www.apfelpatient.de\\\/rumors\\\/apples-zukunftsvision-duennere-und-leichtere-geraete-im-fokus\",\"name\":\"Apples Zukunftsvision: D\u00fcnnere und leichtere Ger\u00e4te im Fokus Apfelpatient\",\"isPartOf\":{\"@id\":\"https:\\\/\\\/www.apfelpatient.de\\\/#website\"},\"primaryImageOfPage\":{\"@id\":\"https:\\\/\\\/www.apfelpatient.de\\\/rumors\\\/apples-zukunftsvision-duennere-und-leichtere-geraete-im-fokus#primaryimage\"},\"image\":{\"@id\":\"https:\\\/\\\/www.apfelpatient.de\\\/rumors\\\/apples-zukunftsvision-duennere-und-leichtere-geraete-im-fokus#primaryimage\"},\"thumbnailUrl\":\"https:\\\/\\\/www.apfelpatient.de\\\/wp-content\\\/uploads\\\/2024\\\/06\\\/Apple-iPad-Pro-thin-profile-240507.jpg\",\"datePublished\":\"2024-06-16T14:30:36+00:00\",\"dateModified\":\"2024-06-16T14:30:37+00:00\",\"description\":\"D\u00fcnner & leichter: Apples neue Ger\u00e4tegeneration. Erfahre, wie iPhone, MacBook Pro & Apple Watch neu gestaltet werden, um Standards zu setzen.\",\"breadcrumb\":{\"@id\":\"https:\\\/\\\/www.apfelpatient.de\\\/rumors\\\/apples-zukunftsvision-duennere-und-leichtere-geraete-im-fokus#breadcrumb\"},\"inLanguage\":\"en-US\",\"potentialAction\":[{\"@type\":\"ReadAction\",\"target\":[\"https:\\\/\\\/www.apfelpatient.de\\\/rumors\\\/apples-zukunftsvision-duennere-und-leichtere-geraete-im-fokus\"]}]},{\"@type\":\"ImageObject\",\"inLanguage\":\"en-US\",\"@id\":\"https:\\\/\\\/www.apfelpatient.de\\\/rumors\\\/apples-zukunftsvision-duennere-und-leichtere-geraete-im-fokus#primaryimage\",\"url\":\"https:\\\/\\\/www.apfelpatient.de\\\/wp-content\\\/uploads\\\/2024\\\/06\\\/Apple-iPad-Pro-thin-profile-240507.jpg\",\"contentUrl\":\"https:\\\/\\\/www.apfelpatient.de\\\/wp-content\\\/uploads\\\/2024\\\/06\\\/Apple-iPad-Pro-thin-profile-240507.jpg\",\"width\":1600,\"height\":900,\"caption\":\"Bild: Apple\"},{\"@type\":\"BreadcrumbList\",\"@id\":\"https:\\\/\\\/www.apfelpatient.de\\\/rumors\\\/apples-zukunftsvision-duennere-und-leichtere-geraete-im-fokus#breadcrumb\",\"itemListElement\":[{\"@type\":\"ListItem\",\"position\":1,\"name\":\"Startseite\",\"item\":\"https:\\\/\\\/www.apfelpatient.de\\\/\"},{\"@type\":\"ListItem\",\"position\":2,\"name\":\"Apples Zukunftsvision: D\u00fcnnere und leichtere Ger\u00e4te im Fokus\"}]},{\"@type\":\"WebSite\",\"@id\":\"https:\\\/\\\/www.apfelpatient.de\\\/#website\",\"url\":\"https:\\\/\\\/www.apfelpatient.de\\\/\",\"name\":\"Apfelpatient\",\"description\":\"Alles rund um Apple!\",\"publisher\":{\"@type\":\"Organization\",\"@id\":\"https:\\\/\\\/www.apfelpatient.de\\\/en\\\/#organization\",\"name\":\"Apfelpatient\",\"url\":\"https:\\\/\\\/www.apfelpatient.de\\\/en\\\/\"},\"alternateName\":\"Apfelpatient\",\"potentialAction\":[{\"@type\":\"SearchAction\",\"target\":{\"@type\":\"EntryPoint\",\"urlTemplate\":\"https:\\\/\\\/www.apfelpatient.de\\\/?s={search_term_string}\"},\"query-input\":{\"@type\":\"PropertyValueSpecification\",\"valueRequired\":true,\"valueName\":\"search_term_string\"}}],\"inLanguage\":\"en-US\"},{\"@type\":[\"Person\",\"Organization\"],\"@id\":\"https:\\\/\\\/www.apfelpatient.de\\\/#\\\/schema\\\/person\\\/7dc56ad6c8e9824b76d2c08d4c140e13\",\"name\":\"Milan\",\"logo\":{\"@id\":\"https:\\\/\\\/www.apfelpatient.de\\\/#\\\/schema\\\/person\\\/image\\\/\"},\"description\":\"Hallo und herzlich willkommen auf meinem Technik-Blog! Als gro\u00dfer Apple-Fan berichte ich hier \u00fcber alles, was mit Apple zu tun hat: von den neuesten News und spannenden Ger\u00fcchten \u00fcber hilfreiche Tipps und Tricks bis hin zu ausf\u00fchrlichen Produkttests. Wenn du genauso technikbegeistert bist wie ich, bist du hier genau richtig!\",\"sameAs\":[\"https:\\\/\\\/www.facebook.com\\\/apfelpatientOfficial\",\"https:\\\/\\\/www.linkedin.com\\\/in\\\/milan-jovicic-42aa0231b\"],\"url\":\"https:\\\/\\\/www.apfelpatient.de\\\/en\\\/author\\\/apfeladmin\"}]}<\/script>\n<!-- \/ Yoast SEO Premium plugin. -->","yoast_head_json":{"title":"Apple&#039;s vision for the future: Thinner and lighter devices in focus Apfelpatient","description":"Thinner &amp; lighter: Apple&#039;s new generation of devices. Find out how iPhone, MacBook Pro &amp; Apple Watch are being redesigned to set standards.","robots":{"index":"index","follow":"follow","max-snippet":"max-snippet:-1","max-image-preview":"max-image-preview:large","max-video-preview":"max-video-preview:-1"},"canonical":"https:\/\/www.apfelpatient.de\/en\/rumors\/apples-vision-of-the-future-thinner-and-lighter-devices-in-focus","og_locale":"en_US","og_type":"article","og_title":"Apples Zukunftsvision: D\u00fcnnere und leichtere Ger\u00e4te im Fokus","og_description":"D\u00fcnner & leichter: Apples neue Ger\u00e4tegeneration. Erfahre, wie iPhone, MacBook Pro & Apple Watch neu gestaltet werden, um Standards zu setzen.","og_url":"https:\/\/www.apfelpatient.de\/en\/rumors\/apples-vision-of-the-future-thinner-and-lighter-devices-in-focus","og_site_name":"Apfelpatient","article_publisher":"https:\/\/www.facebook.com\/apfelpatientOfficial","article_author":"https:\/\/www.facebook.com\/apfelpatientOfficial","article_published_time":"2024-06-16T14:30:36+00:00","article_modified_time":"2024-06-16T14:30:37+00:00","og_image":[{"width":1600,"height":900,"url":"https:\/\/www.apfelpatient.de\/wp-content\/uploads\/2024\/06\/Apple-iPad-Pro-thin-profile-240507.jpg","type":"image\/jpeg"}],"author":"Milan","twitter_card":"summary_large_image","twitter_description":"D\u00fcnner & leichter: Apples neue Ger\u00e4tegeneration. Erfahre, wie iPhone, MacBook Pro & Apple Watch neu gestaltet werden, um Standards zu setzen.","twitter_misc":{"Written by":"Milan","Est. reading time":"4 minutes"},"schema":{"@context":"https:\/\/schema.org","@graph":[{"@type":"NewsArticle","@id":"https:\/\/www.apfelpatient.de\/rumors\/apples-zukunftsvision-duennere-und-leichtere-geraete-im-fokus#article","isPartOf":{"@id":"https:\/\/www.apfelpatient.de\/rumors\/apples-zukunftsvision-duennere-und-leichtere-geraete-im-fokus"},"author":{"@type":"Organization","@id":"https:\/\/www.apfelpatient.de\/en\/#organization","name":"Apfelpatient","url":"https:\/\/www.apfelpatient.de\/en\/"},"headline":"Apples Zukunftsvision: D\u00fcnnere und leichtere Ger\u00e4te im Fokus","datePublished":"2024-06-16T14:30:36+00:00","dateModified":"2024-06-16T14:30:37+00:00","mainEntityOfPage":{"@id":"https:\/\/www.apfelpatient.de\/rumors\/apples-zukunftsvision-duennere-und-leichtere-geraete-im-fokus"},"wordCount":631,"publisher":{"@type":"Organization","@id":"https:\/\/www.apfelpatient.de\/en\/#organization","name":"Apfelpatient","url":"https:\/\/www.apfelpatient.de\/en\/"},"image":{"@id":"https:\/\/www.apfelpatient.de\/rumors\/apples-zukunftsvision-duennere-und-leichtere-geraete-im-fokus#primaryimage"},"thumbnailUrl":"https:\/\/www.apfelpatient.de\/wp-content\/uploads\/2024\/06\/Apple-iPad-Pro-thin-profile-240507.jpg","keywords":["Apple Watch","iPad","iPhone","Mac"],"articleSection":"Rumors","inLanguage":"en-US","copyrightYear":"2024","copyrightHolder":{"@id":"https:\/\/www.apfelpatient.de\/en\/#organization"}},{"@type":"WebPage","@id":"https:\/\/www.apfelpatient.de\/rumors\/apples-zukunftsvision-duennere-und-leichtere-geraete-im-fokus","url":"https:\/\/www.apfelpatient.de\/rumors\/apples-zukunftsvision-duennere-und-leichtere-geraete-im-fokus","name":"Apple&#039;s vision for the future: Thinner and lighter devices in focus Apfelpatient","isPartOf":{"@id":"https:\/\/www.apfelpatient.de\/#website"},"primaryImageOfPage":{"@id":"https:\/\/www.apfelpatient.de\/rumors\/apples-zukunftsvision-duennere-und-leichtere-geraete-im-fokus#primaryimage"},"image":{"@id":"https:\/\/www.apfelpatient.de\/rumors\/apples-zukunftsvision-duennere-und-leichtere-geraete-im-fokus#primaryimage"},"thumbnailUrl":"https:\/\/www.apfelpatient.de\/wp-content\/uploads\/2024\/06\/Apple-iPad-Pro-thin-profile-240507.jpg","datePublished":"2024-06-16T14:30:36+00:00","dateModified":"2024-06-16T14:30:37+00:00","description":"Thinner &amp; lighter: Apple&#039;s new generation of devices. Find out how iPhone, MacBook Pro &amp; Apple Watch are being redesigned to set standards.","breadcrumb":{"@id":"https:\/\/www.apfelpatient.de\/rumors\/apples-zukunftsvision-duennere-und-leichtere-geraete-im-fokus#breadcrumb"},"inLanguage":"en-US","potentialAction":[{"@type":"ReadAction","target":["https:\/\/www.apfelpatient.de\/rumors\/apples-zukunftsvision-duennere-und-leichtere-geraete-im-fokus"]}]},{"@type":"ImageObject","inLanguage":"en-US","@id":"https:\/\/www.apfelpatient.de\/rumors\/apples-zukunftsvision-duennere-und-leichtere-geraete-im-fokus#primaryimage","url":"https:\/\/www.apfelpatient.de\/wp-content\/uploads\/2024\/06\/Apple-iPad-Pro-thin-profile-240507.jpg","contentUrl":"https:\/\/www.apfelpatient.de\/wp-content\/uploads\/2024\/06\/Apple-iPad-Pro-thin-profile-240507.jpg","width":1600,"height":900,"caption":"Bild: Apple"},{"@type":"BreadcrumbList","@id":"https:\/\/www.apfelpatient.de\/rumors\/apples-zukunftsvision-duennere-und-leichtere-geraete-im-fokus#breadcrumb","itemListElement":[{"@type":"ListItem","position":1,"name":"Startseite","item":"https:\/\/www.apfelpatient.de\/"},{"@type":"ListItem","position":2,"name":"Apples Zukunftsvision: D\u00fcnnere und leichtere Ger\u00e4te im Fokus"}]},{"@type":"WebSite","@id":"https:\/\/www.apfelpatient.de\/#website","url":"https:\/\/www.apfelpatient.de\/","name":"apple patient","description":"Everything about Apple!","publisher":{"@type":"Organization","@id":"https:\/\/www.apfelpatient.de\/en\/#organization","name":"Apfelpatient","url":"https:\/\/www.apfelpatient.de\/en\/"},"alternateName":"Apfelpatient","potentialAction":[{"@type":"SearchAction","target":{"@type":"EntryPoint","urlTemplate":"https:\/\/www.apfelpatient.de\/?s={search_term_string}"},"query-input":{"@type":"PropertyValueSpecification","valueRequired":true,"valueName":"search_term_string"}}],"inLanguage":"en-US"},{"@type":["Person","Organization"],"@id":"https:\/\/www.apfelpatient.de\/#\/schema\/person\/7dc56ad6c8e9824b76d2c08d4c140e13","name":"Milan","logo":{"@id":"https:\/\/www.apfelpatient.de\/#\/schema\/person\/image\/"},"description":"Hello and welcome to my technology blog! As a big Apple fan, I report on everything to do with Apple: from the latest news and exciting rumors to helpful tips and tricks and detailed product tests. If you are as enthusiastic about technology as I am, you have come to the right place!","sameAs":["https:\/\/www.facebook.com\/apfelpatientOfficial","https:\/\/www.linkedin.com\/in\/milan-jovicic-42aa0231b"],"url":"https:\/\/www.apfelpatient.de\/en\/author\/apfeladmin"}]}},"_links":{"self":[{"href":"https:\/\/www.apfelpatient.de\/en\/wp-json\/wp\/v2\/posts\/44964","targetHints":{"allow":["GET"]}}],"collection":[{"href":"https:\/\/www.apfelpatient.de\/en\/wp-json\/wp\/v2\/posts"}],"about":[{"href":"https:\/\/www.apfelpatient.de\/en\/wp-json\/wp\/v2\/types\/post"}],"author":[{"embeddable":true,"href":"https:\/\/www.apfelpatient.de\/en\/wp-json\/wp\/v2\/users\/2"}],"replies":[{"embeddable":true,"href":"https:\/\/www.apfelpatient.de\/en\/wp-json\/wp\/v2\/comments?post=44964"}],"version-history":[{"count":0,"href":"https:\/\/www.apfelpatient.de\/en\/wp-json\/wp\/v2\/posts\/44964\/revisions"}],"wp:featuredmedia":[{"embeddable":true,"href":"https:\/\/www.apfelpatient.de\/en\/wp-json\/wp\/v2\/media\/44965"}],"wp:attachment":[{"href":"https:\/\/www.apfelpatient.de\/en\/wp-json\/wp\/v2\/media?parent=44964"}],"wp:term":[{"taxonomy":"category","embeddable":true,"href":"https:\/\/www.apfelpatient.de\/en\/wp-json\/wp\/v2\/categories?post=44964"},{"taxonomy":"post_tag","embeddable":true,"href":"https:\/\/www.apfelpatient.de\/en\/wp-json\/wp\/v2\/tags?post=44964"}],"curies":[{"name":"wp","href":"https:\/\/api.w.org\/{rel}","templated":true}]}}