{"id":4496,"date":"2019-05-28T18:50:22","date_gmt":"2019-05-28T16:50:22","guid":{"rendered":"https:\/\/apfelpatient.de\/?p=4496"},"modified":"2025-02-06T07:18:09","modified_gmt":"2025-02-06T06:18:09","slug":"ios-leak-screenshot-shows-dark-mode-under-ios-13-for-the-first-time","status":"publish","type":"post","link":"https:\/\/www.apfelpatient.de\/en\/news\/ios-leak-screenshot-zeigt-erstmals-dark-mode-unter-ios-13","title":{"rendered":"iOS Leak: Screenshot shows Dark Mode on iOS 13 for the first time"},"content":{"rendered":"<p>&nbsp;<\/p>\n<p class=\"p1\"><strong>WWDC 2019 will take place on June 3rd \u2013 just a week before the big event, the first screenshots have appeared, which are said to show, among other things, the long-awaited dark mode in iOS 13.<\/strong><\/p>\n<p class=\"p1\">Apple presents the new versions of macOS, iOS, watchOS and tvOS every year at the WWDC (World Wide Developer Conference). One thing is certain: it will be a big year for iOS \u2013 this has already been clear from various <a href=\"https:\/\/www.apfelpatient.de\/en\">leaks<\/a> Now the US platform 9to5mac has been sent pictures that show, among other things, the dark mode under iOS 13 on an iPhone. According to them, the dark mode can be activated or deactivated via the settings or the control center. On the home screen, the only noticeable change is the dock itself - if the dark mode is activated, it turns darker. Of course, it can be assumed that Apple will integrate suitable background images into the new operating system. If you look at an app like Music in dark mode - see the second image - you can see that Apple uses a real black background, which of course looks great on an OLED device.<\/p>\n<p class=\"p1\"><strong>Save power with Dark Mode<\/strong><\/p>\n<p class=\"p1\"><\/p>\n<p class=\"p1\">The function can also refer to the <a href=\"https:\/\/www.apfelpatient.de\/en\">battery life of an iPhone<\/a> with OLED display, because here the following applies: A black pixel consumes hardly any power compared to an actively used pixel. The third image shows another interesting change in iOS 13. When a screenshot is edited, the background is no longer white but gray. As already mentioned in an earlier report, the Reminders application is getting a comprehensive redesign in iOS 13 and macOS 10.15. On the iPad, the new app has a large sidebar with separate fields for &quot;Today,&quot; &quot;Planned,&quot; &quot;Marked,&quot; and &quot;All,&quot; which also includes a search field and a collection of a user&#039;s reminder lists.<\/p>\n<p class=\"p1\"><strong>Two in One<\/strong><\/p>\n<p class=\"p1\">The Friends app and iPhone Search will become one in the future - leaks revealed this a few weeks ago. There is also a new image for this. The image shows the new app icon. The app itself will be called &quot;Find My&quot; in the future and will include all the functions of its predecessors and more. The new application shows a large map that fills the entire screen of an iPhone or iPad. A small window is displayed in the corner that lists all of the user&#039;s friends and family members. Another tab presents all of the user&#039;s devices. When dark mode is activated, the map looks exactly like maps on macOS with dark mode activated - the source told 9to5mac.<\/p>\n<p class=\"p1\">Apple is expected to unveil iOS 13, watchOS 6, tvOS 13 and macOS 10.15 next Monday. The first developer betas for all four operating systems are expected to be released after the keynote.<\/p>\n<p class=\"entry-title\"><a href=\"https:\/\/www.apfelpatient.de\/en\"><em><strong>macOS Leak: Screenshots show the new music and TV applications under macOS 10.15 for the first time<\/strong><\/em><\/a><\/p>\n<p>&nbsp;<\/p>\n<div id='gallery_1' class='gallery galleryid-4496 gallery-columns-3 gallery-size-thumbnail'><figure class='gallery-item'>\n                <div class='gallery-icon landscape'>\n                    <a href='https:\/\/www.apfelpatient.de\/wp-content\/uploads\/2019\/05\/IMG_8641.jpg'><img loading=\"lazy\" decoding=\"async\" width=\"150\" height=\"75\" src=\"\" class=\"attachment-thumbnail size-thumbnail lazyload\" alt=\"\" data-src=\"https:\/\/www.apfelpatient.de\/wp-content\/uploads\/2019\/05\/IMG_8641.jpg\" data-sizes=\"auto\" data-srcset=\"\" data-expand=\"700\" \/><\/a>\n                <\/div><\/figure><figure class='gallery-item'>\n                <div class='gallery-icon portrait'>\n                    <a href='https:\/\/www.apfelpatient.de\/wp-content\/uploads\/2019\/05\/IMG_8642.png'><img loading=\"lazy\" decoding=\"async\" width=\"131\" height=\"150\" src=\"\" class=\"attachment-thumbnail size-thumbnail lazyload\" alt=\"\" data-src=\"https:\/\/www.apfelpatient.de\/wp-content\/uploads\/2019\/05\/IMG_8642.png\" data-sizes=\"auto\" data-srcset=\"\" data-expand=\"700\" \/><\/a>\n                <\/div><\/figure><figure class='gallery-item'>\n                <div class='gallery-icon landscape'>\n                    <a href='https:\/\/www.apfelpatient.de\/wp-content\/uploads\/2019\/05\/IMG_8643.jpg'><img loading=\"lazy\" decoding=\"async\" width=\"150\" height=\"75\" src=\"\" class=\"attachment-thumbnail size-thumbnail lazyload\" alt=\"\" data-src=\"https:\/\/www.apfelpatient.de\/wp-content\/uploads\/2019\/05\/IMG_8643.jpg\" data-sizes=\"auto\" data-srcset=\"\" data-expand=\"700\" \/><\/a>\n                <\/div><\/figure><br style=\"clear: both\" \/>\n            <\/div>\n\n<p>Images: 9to5mac<\/p>\n<p>&nbsp;<\/p>","protected":false},"excerpt":{"rendered":"<p>&nbsp; Die WWDC 2019 findet am 03. Juni statt &#8211; knapp eine Woche vor dem gro\u00dfen Event sind erste Screenshots aufgetaucht, die unter Anderem den lang ersehnten Dark Mode unter iOS 13 zeigen sollen. Apple stellt j\u00e4hrlich auf der WWDC (World Wide Developer Conference) die neuen Versionen von macOS, iOS, watchOS und tvOS vor. Eins [&hellip;]<\/p>\n","protected":false},"author":2,"featured_media":4554,"comment_status":"open","ping_status":"open","sticky":false,"template":"","format":"standard","meta":{"jnews-multi-image_gallery":[],"jnews_single_post":[],"jnews_primary_category":[],"footnotes":""},"categories":[9],"tags":[175,3,199,273],"class_list":["post-4496","post","type-post","status-publish","format-standard","has-post-thumbnail","hentry","category-news","tag-dark-mode","tag-ios","tag-ios-13","tag-wwdc-2019"],"yoast_head":"<!-- This site is optimized with the Yoast SEO Premium plugin v27.5 (Yoast SEO v27.5) - https:\/\/yoast.com\/product\/yoast-seo-premium-wordpress\/ -->\n<title>iOS Leak: Screenshot zeigt erstmals Dark Mode unter iOS 13 Apfelpatient<\/title>\n<meta name=\"description\" content=\"- Die WWDC 2019 findet am 03. Juni statt - knapp eine Woche vor dem gro\u00dfen Event sind erste Screenshots aufgetaucht, die unter Anderem den lang ersehnten Dark Mode unter iOS 13 zeigen sollen.\" \/>\n<meta name=\"robots\" content=\"index, follow, max-snippet:-1, max-image-preview:large, max-video-preview:-1\" \/>\n<link rel=\"canonical\" href=\"https:\/\/www.apfelpatient.de\/en\/news\/ios-leak-screenshot-shows-dark-mode-under-ios-13-for-the-first-time\" \/>\n<meta property=\"og:locale\" content=\"en_US\" \/>\n<meta property=\"og:type\" content=\"article\" \/>\n<meta property=\"og:title\" content=\"iOS Leak: Screenshot zeigt erstmals Dark Mode unter iOS 13\" \/>\n<meta property=\"og:description\" content=\"- Die WWDC 2019 findet am 03. Juni statt - knapp eine Woche vor dem gro\u00dfen Event sind erste Screenshots aufgetaucht, die unter Anderem den lang ersehnten Dark Mode unter iOS 13 zeigen sollen.\" \/>\n<meta property=\"og:url\" content=\"https:\/\/www.apfelpatient.de\/en\/news\/ios-leak-screenshot-shows-dark-mode-under-ios-13-for-the-first-time\" \/>\n<meta property=\"og:site_name\" content=\"Apfelpatient\" \/>\n<meta property=\"article:publisher\" content=\"https:\/\/www.facebook.com\/apfelpatientOfficial\" \/>\n<meta property=\"article:author\" content=\"https:\/\/www.facebook.com\/apfelpatientOfficial\" \/>\n<meta property=\"article:published_time\" content=\"2019-05-28T16:50:22+00:00\" \/>\n<meta property=\"article:modified_time\" content=\"2025-02-06T06:18:09+00:00\" \/>\n<meta property=\"og:image\" content=\"https:\/\/www.apfelpatient.de\/wp-content\/uploads\/2019\/05\/devon-janse-van-rensburg-1088498-unsplash-1540x1027-1.jpg\" \/>\n\t<meta property=\"og:image:width\" content=\"1540\" \/>\n\t<meta property=\"og:image:height\" content=\"1027\" \/>\n\t<meta property=\"og:image:type\" content=\"image\/jpeg\" \/>\n<meta name=\"author\" content=\"Milan\" \/>\n<meta name=\"twitter:card\" content=\"summary_large_image\" \/>\n<meta name=\"twitter:label1\" content=\"Written by\" \/>\n\t<meta name=\"twitter:data1\" content=\"Milan\" \/>\n\t<meta name=\"twitter:label2\" content=\"Est. reading time\" \/>\n\t<meta name=\"twitter:data2\" content=\"2 minutes\" \/>\n<script type=\"application\/ld+json\" class=\"yoast-schema-graph\">{\"@context\":\"https:\\\/\\\/schema.org\",\"@graph\":[{\"@type\":\"NewsArticle\",\"@id\":\"https:\\\/\\\/www.apfelpatient.de\\\/news\\\/ios-leak-screenshot-zeigt-erstmals-dark-mode-unter-ios-13#article\",\"isPartOf\":{\"@id\":\"https:\\\/\\\/www.apfelpatient.de\\\/news\\\/ios-leak-screenshot-zeigt-erstmals-dark-mode-unter-ios-13\"},\"author\":{\"@type\":\"Organization\",\"@id\":\"https:\\\/\\\/www.apfelpatient.de\\\/en\\\/#organization\",\"name\":\"Apfelpatient\",\"url\":\"https:\\\/\\\/www.apfelpatient.de\\\/en\\\/\"},\"headline\":\"iOS Leak: Screenshot zeigt erstmals Dark Mode unter iOS 13\",\"datePublished\":\"2019-05-28T16:50:22+00:00\",\"dateModified\":\"2025-02-06T06:18:09+00:00\",\"mainEntityOfPage\":{\"@id\":\"https:\\\/\\\/www.apfelpatient.de\\\/news\\\/ios-leak-screenshot-zeigt-erstmals-dark-mode-unter-ios-13\"},\"wordCount\":495,\"commentCount\":0,\"publisher\":{\"@type\":\"Organization\",\"@id\":\"https:\\\/\\\/www.apfelpatient.de\\\/en\\\/#organization\",\"name\":\"Apfelpatient\",\"url\":\"https:\\\/\\\/www.apfelpatient.de\\\/en\\\/\"},\"image\":{\"@id\":\"https:\\\/\\\/www.apfelpatient.de\\\/news\\\/ios-leak-screenshot-zeigt-erstmals-dark-mode-unter-ios-13#primaryimage\"},\"thumbnailUrl\":\"https:\\\/\\\/www.apfelpatient.de\\\/wp-content\\\/uploads\\\/2019\\\/05\\\/devon-janse-van-rensburg-1088498-unsplash-1540x1027-1.jpg\",\"keywords\":[\"Dark Mode\",\"iOS\",\"iOS 13\",\"WWDC 2019\"],\"articleSection\":\"News\",\"inLanguage\":\"en-US\",\"potentialAction\":[{\"@type\":\"CommentAction\",\"name\":\"Comment\",\"target\":[\"https:\\\/\\\/www.apfelpatient.de\\\/news\\\/ios-leak-screenshot-zeigt-erstmals-dark-mode-unter-ios-13#respond\"]}],\"copyrightYear\":\"2019\",\"copyrightHolder\":{\"@id\":\"https:\\\/\\\/www.apfelpatient.de\\\/en\\\/#organization\"}},{\"@type\":\"WebPage\",\"@id\":\"https:\\\/\\\/www.apfelpatient.de\\\/news\\\/ios-leak-screenshot-zeigt-erstmals-dark-mode-unter-ios-13\",\"url\":\"https:\\\/\\\/www.apfelpatient.de\\\/news\\\/ios-leak-screenshot-zeigt-erstmals-dark-mode-unter-ios-13\",\"name\":\"iOS Leak: Screenshot zeigt erstmals Dark Mode unter iOS 13 Apfelpatient\",\"isPartOf\":{\"@id\":\"https:\\\/\\\/www.apfelpatient.de\\\/#website\"},\"primaryImageOfPage\":{\"@id\":\"https:\\\/\\\/www.apfelpatient.de\\\/news\\\/ios-leak-screenshot-zeigt-erstmals-dark-mode-unter-ios-13#primaryimage\"},\"image\":{\"@id\":\"https:\\\/\\\/www.apfelpatient.de\\\/news\\\/ios-leak-screenshot-zeigt-erstmals-dark-mode-unter-ios-13#primaryimage\"},\"thumbnailUrl\":\"https:\\\/\\\/www.apfelpatient.de\\\/wp-content\\\/uploads\\\/2019\\\/05\\\/devon-janse-van-rensburg-1088498-unsplash-1540x1027-1.jpg\",\"datePublished\":\"2019-05-28T16:50:22+00:00\",\"dateModified\":\"2025-02-06T06:18:09+00:00\",\"description\":\"- Die WWDC 2019 findet am 03. Juni statt - knapp eine Woche vor dem gro\u00dfen Event sind erste Screenshots aufgetaucht, die unter Anderem den lang ersehnten Dark Mode unter iOS 13 zeigen sollen.\",\"breadcrumb\":{\"@id\":\"https:\\\/\\\/www.apfelpatient.de\\\/news\\\/ios-leak-screenshot-zeigt-erstmals-dark-mode-unter-ios-13#breadcrumb\"},\"inLanguage\":\"en-US\",\"potentialAction\":[{\"@type\":\"ReadAction\",\"target\":[\"https:\\\/\\\/www.apfelpatient.de\\\/news\\\/ios-leak-screenshot-zeigt-erstmals-dark-mode-unter-ios-13\"]}]},{\"@type\":\"ImageObject\",\"inLanguage\":\"en-US\",\"@id\":\"https:\\\/\\\/www.apfelpatient.de\\\/news\\\/ios-leak-screenshot-zeigt-erstmals-dark-mode-unter-ios-13#primaryimage\",\"url\":\"https:\\\/\\\/www.apfelpatient.de\\\/wp-content\\\/uploads\\\/2019\\\/05\\\/devon-janse-van-rensburg-1088498-unsplash-1540x1027-1.jpg\",\"contentUrl\":\"https:\\\/\\\/www.apfelpatient.de\\\/wp-content\\\/uploads\\\/2019\\\/05\\\/devon-janse-van-rensburg-1088498-unsplash-1540x1027-1.jpg\",\"width\":1540,\"height\":1027},{\"@type\":\"BreadcrumbList\",\"@id\":\"https:\\\/\\\/www.apfelpatient.de\\\/news\\\/ios-leak-screenshot-zeigt-erstmals-dark-mode-unter-ios-13#breadcrumb\",\"itemListElement\":[{\"@type\":\"ListItem\",\"position\":1,\"name\":\"Startseite\",\"item\":\"https:\\\/\\\/www.apfelpatient.de\\\/\"},{\"@type\":\"ListItem\",\"position\":2,\"name\":\"iOS Leak: Screenshot zeigt erstmals Dark Mode unter iOS 13\"}]},{\"@type\":\"WebSite\",\"@id\":\"https:\\\/\\\/www.apfelpatient.de\\\/#website\",\"url\":\"https:\\\/\\\/www.apfelpatient.de\\\/\",\"name\":\"Apfelpatient\",\"description\":\"Alles rund um Apple!\",\"publisher\":{\"@type\":\"Organization\",\"@id\":\"https:\\\/\\\/www.apfelpatient.de\\\/en\\\/#organization\",\"name\":\"Apfelpatient\",\"url\":\"https:\\\/\\\/www.apfelpatient.de\\\/en\\\/\"},\"alternateName\":\"Apfelpatient\",\"potentialAction\":[{\"@type\":\"SearchAction\",\"target\":{\"@type\":\"EntryPoint\",\"urlTemplate\":\"https:\\\/\\\/www.apfelpatient.de\\\/?s={search_term_string}\"},\"query-input\":{\"@type\":\"PropertyValueSpecification\",\"valueRequired\":true,\"valueName\":\"search_term_string\"}}],\"inLanguage\":\"en-US\"},{\"@type\":[\"Person\",\"Organization\"],\"@id\":\"https:\\\/\\\/www.apfelpatient.de\\\/#\\\/schema\\\/person\\\/7dc56ad6c8e9824b76d2c08d4c140e13\",\"name\":\"Milan\",\"logo\":{\"@id\":\"https:\\\/\\\/www.apfelpatient.de\\\/#\\\/schema\\\/person\\\/image\\\/\"},\"description\":\"Hallo und herzlich willkommen auf meinem Technik-Blog! Als gro\u00dfer Apple-Fan berichte ich hier \u00fcber alles, was mit Apple zu tun hat: von den neuesten News und spannenden Ger\u00fcchten \u00fcber hilfreiche Tipps und Tricks bis hin zu ausf\u00fchrlichen Produkttests. Wenn du genauso technikbegeistert bist wie ich, bist du hier genau richtig!\",\"sameAs\":[\"https:\\\/\\\/www.facebook.com\\\/apfelpatientOfficial\",\"https:\\\/\\\/www.linkedin.com\\\/in\\\/milan-jovicic-42aa0231b\"],\"url\":\"https:\\\/\\\/www.apfelpatient.de\\\/en\\\/author\\\/apfeladmin\"}]}<\/script>\n<!-- \/ Yoast SEO Premium plugin. -->","yoast_head_json":{"title":"iOS Leak: Screenshot shows Dark Mode for the first time under iOS 13 Apfelpatient","description":"- WWDC 2019 will take place on June 3rd - just under a week before the big event, the first screenshots have appeared, which are said to show, among other things, the long-awaited Dark Mode in iOS 13.","robots":{"index":"index","follow":"follow","max-snippet":"max-snippet:-1","max-image-preview":"max-image-preview:large","max-video-preview":"max-video-preview:-1"},"canonical":"https:\/\/www.apfelpatient.de\/en\/news\/ios-leak-screenshot-shows-dark-mode-under-ios-13-for-the-first-time","og_locale":"en_US","og_type":"article","og_title":"iOS Leak: Screenshot zeigt erstmals Dark Mode unter iOS 13","og_description":"- Die WWDC 2019 findet am 03. Juni statt - knapp eine Woche vor dem gro\u00dfen Event sind erste Screenshots aufgetaucht, die unter Anderem den lang ersehnten Dark Mode unter iOS 13 zeigen sollen.","og_url":"https:\/\/www.apfelpatient.de\/en\/news\/ios-leak-screenshot-shows-dark-mode-under-ios-13-for-the-first-time","og_site_name":"Apfelpatient","article_publisher":"https:\/\/www.facebook.com\/apfelpatientOfficial","article_author":"https:\/\/www.facebook.com\/apfelpatientOfficial","article_published_time":"2019-05-28T16:50:22+00:00","article_modified_time":"2025-02-06T06:18:09+00:00","og_image":[{"width":1540,"height":1027,"url":"https:\/\/www.apfelpatient.de\/wp-content\/uploads\/2019\/05\/devon-janse-van-rensburg-1088498-unsplash-1540x1027-1.jpg","type":"image\/jpeg"}],"author":"Milan","twitter_card":"summary_large_image","twitter_misc":{"Written by":"Milan","Est. reading time":"2 minutes"},"schema":{"@context":"https:\/\/schema.org","@graph":[{"@type":"NewsArticle","@id":"https:\/\/www.apfelpatient.de\/news\/ios-leak-screenshot-zeigt-erstmals-dark-mode-unter-ios-13#article","isPartOf":{"@id":"https:\/\/www.apfelpatient.de\/news\/ios-leak-screenshot-zeigt-erstmals-dark-mode-unter-ios-13"},"author":{"@type":"Organization","@id":"https:\/\/www.apfelpatient.de\/en\/#organization","name":"Apfelpatient","url":"https:\/\/www.apfelpatient.de\/en\/"},"headline":"iOS Leak: Screenshot zeigt erstmals Dark Mode unter iOS 13","datePublished":"2019-05-28T16:50:22+00:00","dateModified":"2025-02-06T06:18:09+00:00","mainEntityOfPage":{"@id":"https:\/\/www.apfelpatient.de\/news\/ios-leak-screenshot-zeigt-erstmals-dark-mode-unter-ios-13"},"wordCount":495,"commentCount":0,"publisher":{"@type":"Organization","@id":"https:\/\/www.apfelpatient.de\/en\/#organization","name":"Apfelpatient","url":"https:\/\/www.apfelpatient.de\/en\/"},"image":{"@id":"https:\/\/www.apfelpatient.de\/news\/ios-leak-screenshot-zeigt-erstmals-dark-mode-unter-ios-13#primaryimage"},"thumbnailUrl":"https:\/\/www.apfelpatient.de\/wp-content\/uploads\/2019\/05\/devon-janse-van-rensburg-1088498-unsplash-1540x1027-1.jpg","keywords":["Dark Mode","iOS","iOS 13","WWDC 2019"],"articleSection":"News","inLanguage":"en-US","potentialAction":[{"@type":"CommentAction","name":"Comment","target":["https:\/\/www.apfelpatient.de\/news\/ios-leak-screenshot-zeigt-erstmals-dark-mode-unter-ios-13#respond"]}],"copyrightYear":"2019","copyrightHolder":{"@id":"https:\/\/www.apfelpatient.de\/en\/#organization"}},{"@type":"WebPage","@id":"https:\/\/www.apfelpatient.de\/news\/ios-leak-screenshot-zeigt-erstmals-dark-mode-unter-ios-13","url":"https:\/\/www.apfelpatient.de\/news\/ios-leak-screenshot-zeigt-erstmals-dark-mode-unter-ios-13","name":"iOS Leak: Screenshot shows Dark Mode for the first time under iOS 13 Apfelpatient","isPartOf":{"@id":"https:\/\/www.apfelpatient.de\/#website"},"primaryImageOfPage":{"@id":"https:\/\/www.apfelpatient.de\/news\/ios-leak-screenshot-zeigt-erstmals-dark-mode-unter-ios-13#primaryimage"},"image":{"@id":"https:\/\/www.apfelpatient.de\/news\/ios-leak-screenshot-zeigt-erstmals-dark-mode-unter-ios-13#primaryimage"},"thumbnailUrl":"https:\/\/www.apfelpatient.de\/wp-content\/uploads\/2019\/05\/devon-janse-van-rensburg-1088498-unsplash-1540x1027-1.jpg","datePublished":"2019-05-28T16:50:22+00:00","dateModified":"2025-02-06T06:18:09+00:00","description":"- WWDC 2019 will take place on June 3rd - just under a week before the big event, the first screenshots have appeared, which are said to show, among other things, the long-awaited Dark Mode in iOS 13.","breadcrumb":{"@id":"https:\/\/www.apfelpatient.de\/news\/ios-leak-screenshot-zeigt-erstmals-dark-mode-unter-ios-13#breadcrumb"},"inLanguage":"en-US","potentialAction":[{"@type":"ReadAction","target":["https:\/\/www.apfelpatient.de\/news\/ios-leak-screenshot-zeigt-erstmals-dark-mode-unter-ios-13"]}]},{"@type":"ImageObject","inLanguage":"en-US","@id":"https:\/\/www.apfelpatient.de\/news\/ios-leak-screenshot-zeigt-erstmals-dark-mode-unter-ios-13#primaryimage","url":"https:\/\/www.apfelpatient.de\/wp-content\/uploads\/2019\/05\/devon-janse-van-rensburg-1088498-unsplash-1540x1027-1.jpg","contentUrl":"https:\/\/www.apfelpatient.de\/wp-content\/uploads\/2019\/05\/devon-janse-van-rensburg-1088498-unsplash-1540x1027-1.jpg","width":1540,"height":1027},{"@type":"BreadcrumbList","@id":"https:\/\/www.apfelpatient.de\/news\/ios-leak-screenshot-zeigt-erstmals-dark-mode-unter-ios-13#breadcrumb","itemListElement":[{"@type":"ListItem","position":1,"name":"Startseite","item":"https:\/\/www.apfelpatient.de\/"},{"@type":"ListItem","position":2,"name":"iOS Leak: Screenshot zeigt erstmals Dark Mode unter iOS 13"}]},{"@type":"WebSite","@id":"https:\/\/www.apfelpatient.de\/#website","url":"https:\/\/www.apfelpatient.de\/","name":"apple patient","description":"Everything about Apple!","publisher":{"@type":"Organization","@id":"https:\/\/www.apfelpatient.de\/en\/#organization","name":"Apfelpatient","url":"https:\/\/www.apfelpatient.de\/en\/"},"alternateName":"Apfelpatient","potentialAction":[{"@type":"SearchAction","target":{"@type":"EntryPoint","urlTemplate":"https:\/\/www.apfelpatient.de\/?s={search_term_string}"},"query-input":{"@type":"PropertyValueSpecification","valueRequired":true,"valueName":"search_term_string"}}],"inLanguage":"en-US"},{"@type":["Person","Organization"],"@id":"https:\/\/www.apfelpatient.de\/#\/schema\/person\/7dc56ad6c8e9824b76d2c08d4c140e13","name":"Milan","logo":{"@id":"https:\/\/www.apfelpatient.de\/#\/schema\/person\/image\/"},"description":"Hello and welcome to my technology blog! As a big Apple fan, I report on everything to do with Apple: from the latest news and exciting rumors to helpful tips and tricks and detailed product tests. If you are as enthusiastic about technology as I am, you have come to the right place!","sameAs":["https:\/\/www.facebook.com\/apfelpatientOfficial","https:\/\/www.linkedin.com\/in\/milan-jovicic-42aa0231b"],"url":"https:\/\/www.apfelpatient.de\/en\/author\/apfeladmin"}]}},"_links":{"self":[{"href":"https:\/\/www.apfelpatient.de\/en\/wp-json\/wp\/v2\/posts\/4496","targetHints":{"allow":["GET"]}}],"collection":[{"href":"https:\/\/www.apfelpatient.de\/en\/wp-json\/wp\/v2\/posts"}],"about":[{"href":"https:\/\/www.apfelpatient.de\/en\/wp-json\/wp\/v2\/types\/post"}],"author":[{"embeddable":true,"href":"https:\/\/www.apfelpatient.de\/en\/wp-json\/wp\/v2\/users\/2"}],"replies":[{"embeddable":true,"href":"https:\/\/www.apfelpatient.de\/en\/wp-json\/wp\/v2\/comments?post=4496"}],"version-history":[{"count":0,"href":"https:\/\/www.apfelpatient.de\/en\/wp-json\/wp\/v2\/posts\/4496\/revisions"}],"wp:featuredmedia":[{"embeddable":true,"href":"https:\/\/www.apfelpatient.de\/en\/wp-json\/wp\/v2\/media\/4554"}],"wp:attachment":[{"href":"https:\/\/www.apfelpatient.de\/en\/wp-json\/wp\/v2\/media?parent=4496"}],"wp:term":[{"taxonomy":"category","embeddable":true,"href":"https:\/\/www.apfelpatient.de\/en\/wp-json\/wp\/v2\/categories?post=4496"},{"taxonomy":"post_tag","embeddable":true,"href":"https:\/\/www.apfelpatient.de\/en\/wp-json\/wp\/v2\/tags?post=4496"}],"curies":[{"name":"wp","href":"https:\/\/api.w.org\/{rel}","templated":true}]}}