{"id":44938,"date":"2024-06-15T15:13:31","date_gmt":"2024-06-15T13:13:31","guid":{"rendered":"https:\/\/www.apfelpatient.de\/?p=44938"},"modified":"2024-06-15T15:13:33","modified_gmt":"2024-06-15T13:13:33","slug":"eu-plans-lawsuit-has-apple-violated-the-dma","status":"publish","type":"post","link":"https:\/\/www.apfelpatient.de\/en\/rumors\/eu-plant-klage-hat-apple-gegen-den-dma-verstossen","title":{"rendered":"EU plans lawsuit: Did Apple violate the DMA?"},"content":{"rendered":"<p class=\"has-drop-cap\"><strong>The European Union (EU) is planning to sue Apple for a possible violation of the Digital Markets Act (DMA). This news could have far-reaching implications for the tech giant and the entire app development community. Below you will find out what these allegations are all about, what consequences Apple could face and what changes have already been made to comply with EU guidelines.<\/strong><\/p>\n\n\n\n<p>Apple has been under EU scrutiny for some time, particularly with regard to its business practices and control over the App Store. The Digital Markets Act aims to promote competition and limit monopoly positions of large technology companies. The current developments shed new light on the EU&#039;s efforts to create fair market conditions and regulate the power of technology giants.<\/p>\n\n\n\n<h3 class=\"wp-block-heading\" id=\"h-apple-hintergrund-und-vorwurfe\">Apple: Background and Allegations<\/h3>\n\n\n\n<p>The European Commission has reportedly found that Apple has failed in its obligation to allow app developers to direct users to offers outside the App Store without additional fees. This obligation is a central part of the Digital Markets Act, which is intended to ensure that platforms such as the App Store do not unfairly harm competition. A key point of the EU&#039;s complaint appears to be Apple&#039;s so-called &quot;core technology fee&quot;. This fee is charged for the use of essential technologies, but the exact details and allegations have not yet been fully clarified. If the allegations are true, Apple could be fined up to 5% of its average daily global turnover, which is currently around $1 billion.<\/p>\n\n\n\n<h3 class=\"wp-block-heading\" id=\"h-mogliche-konsequenzen-und-zeitrahmen\">Possible consequences and timeframes<\/h3>\n\n\n\n<p>The EU investigation is currently preliminary, giving Apple the opportunity to make the necessary changes before regulators bring an official charge, the <a href=\"https:\/\/www.ft.com\/content\/31a996d5-b472-4357-953e-ace078494604\" target=\"_blank\" rel=\"noreferrer noopener\">Financial Times<\/a>. However, if the EU confirms the charges, it is expected to be officially announced by the European Commission in the coming weeks. Apple has already made important changes to the App Store as part of iOS 17.4 to comply with EU requirements. These include allowing alternative app marketplaces and introducing a standard web browser selection screen in Safari. Third-party developers can now use web engines other than their own WebKit engine on the iPhone. In addition, third-party mobile wallet apps can now access the iPhone&#039;s NFC chip to enable contactless payments.<\/p>\n\n\n\n<h3 class=\"wp-block-heading\" id=\"h-auswirkungen-auf-nutzer-und-entwickler\">Impact on Users and Developers<\/h3>\n\n\n\n<p>If the EU succeeds in its case against Apple, the impact could be far-reaching. For users, this could mean more choice and potentially cheaper prices through alternative app marketplaces and payment methods. For developers, it could be a relief, as they would have to pay fewer fees to Apple and thus be able to make their offerings more affordable.<\/p>\n\n\n\n<h3 class=\"wp-block-heading\" id=\"h-apples-reaktion-und-weitere-schritte\">Apple&#039;s reaction and further steps<\/h3>\n\n\n\n<p>Apple has not yet made an official statement on the latest developments. However, it is likely that the company will continue to make adjustments to comply with EU requirements and avoid potential penalties. The next few weeks will be crucial to observe how the situation develops and what measures Apple takes to change its business practices. (Photo by MediaWhalestock \/ Bigstockphoto)<\/p>\n\n\n\n<ul class=\"wp-block-list\">\n<li><a href=\"https:\/\/www.apfelpatient.de\/en\/news\/future-of-tiktok-a-possible-ban-in-europe-and-the-usa\">Future of TikTok: A possible ban in Europe and the USA<\/a><\/li>\n<\/ul>\n\n\n\n<h6 class=\"wp-block-heading translation-block\" id=\"h-kennt-ihr-schon-unsere-amazon-storefront-dort-findet-ihr-eine-handverlesene-auswahl-von-diversen-produkten-f-r-euer-iphone-und-co-viel-spa-beim-st-bern\"><em>Have you already visited our Amazon Storefront? There you&#039;ll find a hand-picked selection of various products for your iPhone and other devices \u2013 <span class=\"has-inline-color has-vivid-red-color\"><a href=\"https:\/\/www.amazon.de\/shop\/apfelpatientofficial\" class=\"ek-link\" data-wpel-link=\"exclude\" rel=\"follow noopener\" target=\"_self\"><span style=\"text-decoration: underline\" class=\"ek-underline\">enjoy browsing<\/span><\/a> !<\/span><\/em><\/h6>\n\n\n\n<h6 class=\"wp-block-heading translation-block\" id=\"h-der-beitrag-enthalt-partnerlinks\">This post contains <a data-type=\"URL\" data-id=\"https:\/\/www.apfelpatient.de\/partnerprogramm\" href=\"https:\/\/www.apfelpatient.de\/en\/partner-program\" data-wpel-link=\"internal\" target=\"_self\">affiliate links<\/a>.<\/h6>","protected":false},"excerpt":{"rendered":"<p>EU plans to sue Apple for violating the Digital Markets Act. Find out what this means for Apple and app developers.<\/p>","protected":false},"author":2,"featured_media":44939,"comment_status":"closed","ping_status":"closed","sticky":false,"template":"","format":"standard","meta":{"jnews-multi-image_gallery":[],"jnews_single_post":{"subtitle":"","format":"standard","video":"","gallery":"","source_name":"","source_url":"","via_name":"","via_url":"","override_template":"0","override":[{"template":"4","single_blog_custom":"","parallax":"1","fullscreen":"1","layout":"right-sidebar","sidebar":"default-sidebar","second_sidebar":"default-sidebar","sticky_sidebar":"1","share_position":"top","share_float_style":"share-monocrhome","show_share_counter":"0","show_view_counter":"0","show_featured":"1","show_post_meta":"1","show_post_author":"1","show_post_author_image":"1","show_post_date":"1","post_date_format":"default","post_date_format_custom":"Y\/m\/d","show_post_category":"1","show_post_reading_time":"0","post_reading_time_wpm":"300","show_zoom_button":"0","zoom_button_out_step":"2","zoom_button_in_step":"3","show_post_tag":"1","show_prev_next_post":"1","show_popup_post":"1","number_popup_post":"1","show_author_box":"0","show_post_related":"0","show_inline_post_related":"0"}],"override_image_size":"0","image_override":[{"single_post_thumbnail_size":"crop-500","single_post_gallery_size":"crop-500"}],"trending_post":"0","trending_post_position":"meta","trending_post_label":"Trending","sponsored_post":"0","sponsored_post_label":"Sponsored by","sponsored_post_name":"","sponsored_post_url":"","sponsored_post_logo_enable":"0","sponsored_post_logo":"","sponsored_post_desc":"","disable_ad":"0"},"jnews_primary_category":{"id":"25","hide":""},"footnotes":""},"categories":[25],"tags":[34,3],"class_list":["post-44938","post","type-post","status-publish","format-standard","has-post-thumbnail","hentry","category-rumors","tag-apple-dienste","tag-ios"],"yoast_head":"<!-- This site is optimized with the Yoast SEO Premium plugin v27.5 (Yoast SEO v27.5) - https:\/\/yoast.com\/product\/yoast-seo-premium-wordpress\/ -->\n<title>EU plant Klage: Hat Apple gegen den DMA versto\u00dfen? Apfelpatient<\/title>\n<meta name=\"description\" content=\"EU plant Klage gegen Apple wegen Versto\u00dfes gegen den Digital Markets Act. Erfahre, was das f\u00fcr Apple und die App-Entwickler bedeutet.\" \/>\n<meta name=\"robots\" content=\"index, follow, max-snippet:-1, max-image-preview:large, max-video-preview:-1\" \/>\n<link rel=\"canonical\" href=\"https:\/\/www.apfelpatient.de\/en\/rumors\/eu-plans-lawsuit-has-apple-violated-the-dma\" \/>\n<meta property=\"og:locale\" content=\"en_US\" \/>\n<meta property=\"og:type\" content=\"article\" \/>\n<meta property=\"og:title\" content=\"EU plant Klage: Hat Apple gegen den DMA versto\u00dfen?\" \/>\n<meta property=\"og:description\" content=\"EU plant Klage gegen Apple wegen Versto\u00dfes gegen den Digital Markets Act. Erfahre, was das f\u00fcr Apple und die App-Entwickler bedeutet.\" \/>\n<meta property=\"og:url\" content=\"https:\/\/www.apfelpatient.de\/en\/rumors\/eu-plans-lawsuit-has-apple-violated-the-dma\" \/>\n<meta property=\"og:site_name\" content=\"Apfelpatient\" \/>\n<meta property=\"article:publisher\" content=\"https:\/\/www.facebook.com\/apfelpatientOfficial\" \/>\n<meta property=\"article:author\" content=\"https:\/\/www.facebook.com\/apfelpatientOfficial\" \/>\n<meta property=\"article:published_time\" content=\"2024-06-15T13:13:31+00:00\" \/>\n<meta property=\"article:modified_time\" content=\"2024-06-15T13:13:33+00:00\" \/>\n<meta property=\"og:image\" content=\"https:\/\/www.apfelpatient.de\/wp-content\/uploads\/2024\/06\/bigstock-Flag-Of-The-European-Union-Be-276353938.jpg\" \/>\n\t<meta property=\"og:image:width\" content=\"1600\" \/>\n\t<meta property=\"og:image:height\" content=\"900\" \/>\n\t<meta property=\"og:image:type\" content=\"image\/jpeg\" \/>\n<meta name=\"author\" content=\"Milan\" \/>\n<meta name=\"twitter:card\" content=\"summary_large_image\" \/>\n<meta name=\"twitter:description\" content=\"EU plant Klage gegen Apple wegen Versto\u00dfes gegen den Digital Markets Act. Erfahre, was das f\u00fcr Apple und die App-Entwickler bedeutet.\" \/>\n<meta name=\"twitter:label1\" content=\"Written by\" \/>\n\t<meta name=\"twitter:data1\" content=\"Milan\" \/>\n\t<meta name=\"twitter:label2\" content=\"Est. reading time\" \/>\n\t<meta name=\"twitter:data2\" content=\"4 minutes\" \/>\n<script type=\"application\/ld+json\" class=\"yoast-schema-graph\">{\"@context\":\"https:\\\/\\\/schema.org\",\"@graph\":[{\"@type\":\"NewsArticle\",\"@id\":\"https:\\\/\\\/www.apfelpatient.de\\\/rumors\\\/eu-plant-klage-hat-apple-gegen-den-dma-verstossen#article\",\"isPartOf\":{\"@id\":\"https:\\\/\\\/www.apfelpatient.de\\\/rumors\\\/eu-plant-klage-hat-apple-gegen-den-dma-verstossen\"},\"author\":{\"@type\":\"Organization\",\"@id\":\"https:\\\/\\\/www.apfelpatient.de\\\/en\\\/#organization\",\"name\":\"Apfelpatient\",\"url\":\"https:\\\/\\\/www.apfelpatient.de\\\/en\\\/\"},\"headline\":\"EU plant Klage: Hat Apple gegen den DMA versto\u00dfen?\",\"datePublished\":\"2024-06-15T13:13:31+00:00\",\"dateModified\":\"2024-06-15T13:13:33+00:00\",\"mainEntityOfPage\":{\"@id\":\"https:\\\/\\\/www.apfelpatient.de\\\/rumors\\\/eu-plant-klage-hat-apple-gegen-den-dma-verstossen\"},\"wordCount\":564,\"publisher\":{\"@type\":\"Organization\",\"@id\":\"https:\\\/\\\/www.apfelpatient.de\\\/en\\\/#organization\",\"name\":\"Apfelpatient\",\"url\":\"https:\\\/\\\/www.apfelpatient.de\\\/en\\\/\"},\"image\":{\"@id\":\"https:\\\/\\\/www.apfelpatient.de\\\/rumors\\\/eu-plant-klage-hat-apple-gegen-den-dma-verstossen#primaryimage\"},\"thumbnailUrl\":\"https:\\\/\\\/www.apfelpatient.de\\\/wp-content\\\/uploads\\\/2024\\\/06\\\/bigstock-Flag-Of-The-European-Union-Be-276353938.jpg\",\"keywords\":[\"Apple Dienste\",\"iOS\"],\"articleSection\":\"Rumors\",\"inLanguage\":\"en-US\",\"copyrightYear\":\"2024\",\"copyrightHolder\":{\"@id\":\"https:\\\/\\\/www.apfelpatient.de\\\/en\\\/#organization\"}},{\"@type\":\"WebPage\",\"@id\":\"https:\\\/\\\/www.apfelpatient.de\\\/rumors\\\/eu-plant-klage-hat-apple-gegen-den-dma-verstossen\",\"url\":\"https:\\\/\\\/www.apfelpatient.de\\\/rumors\\\/eu-plant-klage-hat-apple-gegen-den-dma-verstossen\",\"name\":\"EU plant Klage: Hat Apple gegen den DMA versto\u00dfen? Apfelpatient\",\"isPartOf\":{\"@id\":\"https:\\\/\\\/www.apfelpatient.de\\\/#website\"},\"primaryImageOfPage\":{\"@id\":\"https:\\\/\\\/www.apfelpatient.de\\\/rumors\\\/eu-plant-klage-hat-apple-gegen-den-dma-verstossen#primaryimage\"},\"image\":{\"@id\":\"https:\\\/\\\/www.apfelpatient.de\\\/rumors\\\/eu-plant-klage-hat-apple-gegen-den-dma-verstossen#primaryimage\"},\"thumbnailUrl\":\"https:\\\/\\\/www.apfelpatient.de\\\/wp-content\\\/uploads\\\/2024\\\/06\\\/bigstock-Flag-Of-The-European-Union-Be-276353938.jpg\",\"datePublished\":\"2024-06-15T13:13:31+00:00\",\"dateModified\":\"2024-06-15T13:13:33+00:00\",\"description\":\"EU plant Klage gegen Apple wegen Versto\u00dfes gegen den Digital Markets Act. Erfahre, was das f\u00fcr Apple und die App-Entwickler bedeutet.\",\"breadcrumb\":{\"@id\":\"https:\\\/\\\/www.apfelpatient.de\\\/rumors\\\/eu-plant-klage-hat-apple-gegen-den-dma-verstossen#breadcrumb\"},\"inLanguage\":\"en-US\",\"potentialAction\":[{\"@type\":\"ReadAction\",\"target\":[\"https:\\\/\\\/www.apfelpatient.de\\\/rumors\\\/eu-plant-klage-hat-apple-gegen-den-dma-verstossen\"]}]},{\"@type\":\"ImageObject\",\"inLanguage\":\"en-US\",\"@id\":\"https:\\\/\\\/www.apfelpatient.de\\\/rumors\\\/eu-plant-klage-hat-apple-gegen-den-dma-verstossen#primaryimage\",\"url\":\"https:\\\/\\\/www.apfelpatient.de\\\/wp-content\\\/uploads\\\/2024\\\/06\\\/bigstock-Flag-Of-The-European-Union-Be-276353938.jpg\",\"contentUrl\":\"https:\\\/\\\/www.apfelpatient.de\\\/wp-content\\\/uploads\\\/2024\\\/06\\\/bigstock-Flag-Of-The-European-Union-Be-276353938.jpg\",\"width\":1600,\"height\":900,\"caption\":\"Flag of the European Union. Beautiful European flag. Flag of Europe waving at wind in slow, loop. Seamless loop - flag of the European Union waving in the wind with highly detailed fabric texture\"},{\"@type\":\"BreadcrumbList\",\"@id\":\"https:\\\/\\\/www.apfelpatient.de\\\/rumors\\\/eu-plant-klage-hat-apple-gegen-den-dma-verstossen#breadcrumb\",\"itemListElement\":[{\"@type\":\"ListItem\",\"position\":1,\"name\":\"Startseite\",\"item\":\"https:\\\/\\\/www.apfelpatient.de\\\/\"},{\"@type\":\"ListItem\",\"position\":2,\"name\":\"EU plant Klage: Hat Apple gegen den DMA versto\u00dfen?\"}]},{\"@type\":\"WebSite\",\"@id\":\"https:\\\/\\\/www.apfelpatient.de\\\/#website\",\"url\":\"https:\\\/\\\/www.apfelpatient.de\\\/\",\"name\":\"Apfelpatient\",\"description\":\"Alles rund um Apple!\",\"publisher\":{\"@type\":\"Organization\",\"@id\":\"https:\\\/\\\/www.apfelpatient.de\\\/en\\\/#organization\",\"name\":\"Apfelpatient\",\"url\":\"https:\\\/\\\/www.apfelpatient.de\\\/en\\\/\"},\"alternateName\":\"Apfelpatient\",\"potentialAction\":[{\"@type\":\"SearchAction\",\"target\":{\"@type\":\"EntryPoint\",\"urlTemplate\":\"https:\\\/\\\/www.apfelpatient.de\\\/?s={search_term_string}\"},\"query-input\":{\"@type\":\"PropertyValueSpecification\",\"valueRequired\":true,\"valueName\":\"search_term_string\"}}],\"inLanguage\":\"en-US\"},{\"@type\":[\"Person\",\"Organization\"],\"@id\":\"https:\\\/\\\/www.apfelpatient.de\\\/#\\\/schema\\\/person\\\/7dc56ad6c8e9824b76d2c08d4c140e13\",\"name\":\"Milan\",\"logo\":{\"@id\":\"https:\\\/\\\/www.apfelpatient.de\\\/#\\\/schema\\\/person\\\/image\\\/\"},\"description\":\"Hallo und herzlich willkommen auf meinem Technik-Blog! Als gro\u00dfer Apple-Fan berichte ich hier \u00fcber alles, was mit Apple zu tun hat: von den neuesten News und spannenden Ger\u00fcchten \u00fcber hilfreiche Tipps und Tricks bis hin zu ausf\u00fchrlichen Produkttests. Wenn du genauso technikbegeistert bist wie ich, bist du hier genau richtig!\",\"sameAs\":[\"https:\\\/\\\/www.facebook.com\\\/apfelpatientOfficial\",\"https:\\\/\\\/www.linkedin.com\\\/in\\\/milan-jovicic-42aa0231b\"],\"url\":\"https:\\\/\\\/www.apfelpatient.de\\\/en\\\/author\\\/apfeladmin\"}]}<\/script>\n<!-- \/ Yoast SEO Premium plugin. -->","yoast_head_json":{"title":"EU plans lawsuit: Has Apple violated the DMA? Apfelpatient","description":"EU plans to sue Apple for violating the Digital Markets Act. Find out what this means for Apple and app developers.","robots":{"index":"index","follow":"follow","max-snippet":"max-snippet:-1","max-image-preview":"max-image-preview:large","max-video-preview":"max-video-preview:-1"},"canonical":"https:\/\/www.apfelpatient.de\/en\/rumors\/eu-plans-lawsuit-has-apple-violated-the-dma","og_locale":"en_US","og_type":"article","og_title":"EU plant Klage: Hat Apple gegen den DMA versto\u00dfen?","og_description":"EU plant Klage gegen Apple wegen Versto\u00dfes gegen den Digital Markets Act. Erfahre, was das f\u00fcr Apple und die App-Entwickler bedeutet.","og_url":"https:\/\/www.apfelpatient.de\/en\/rumors\/eu-plans-lawsuit-has-apple-violated-the-dma","og_site_name":"Apfelpatient","article_publisher":"https:\/\/www.facebook.com\/apfelpatientOfficial","article_author":"https:\/\/www.facebook.com\/apfelpatientOfficial","article_published_time":"2024-06-15T13:13:31+00:00","article_modified_time":"2024-06-15T13:13:33+00:00","og_image":[{"width":1600,"height":900,"url":"https:\/\/www.apfelpatient.de\/wp-content\/uploads\/2024\/06\/bigstock-Flag-Of-The-European-Union-Be-276353938.jpg","type":"image\/jpeg"}],"author":"Milan","twitter_card":"summary_large_image","twitter_description":"EU plant Klage gegen Apple wegen Versto\u00dfes gegen den Digital Markets Act. Erfahre, was das f\u00fcr Apple und die App-Entwickler bedeutet.","twitter_misc":{"Written by":"Milan","Est. reading time":"4 minutes"},"schema":{"@context":"https:\/\/schema.org","@graph":[{"@type":"NewsArticle","@id":"https:\/\/www.apfelpatient.de\/rumors\/eu-plant-klage-hat-apple-gegen-den-dma-verstossen#article","isPartOf":{"@id":"https:\/\/www.apfelpatient.de\/rumors\/eu-plant-klage-hat-apple-gegen-den-dma-verstossen"},"author":{"@type":"Organization","@id":"https:\/\/www.apfelpatient.de\/en\/#organization","name":"Apfelpatient","url":"https:\/\/www.apfelpatient.de\/en\/"},"headline":"EU plant Klage: Hat Apple gegen den DMA versto\u00dfen?","datePublished":"2024-06-15T13:13:31+00:00","dateModified":"2024-06-15T13:13:33+00:00","mainEntityOfPage":{"@id":"https:\/\/www.apfelpatient.de\/rumors\/eu-plant-klage-hat-apple-gegen-den-dma-verstossen"},"wordCount":564,"publisher":{"@type":"Organization","@id":"https:\/\/www.apfelpatient.de\/en\/#organization","name":"Apfelpatient","url":"https:\/\/www.apfelpatient.de\/en\/"},"image":{"@id":"https:\/\/www.apfelpatient.de\/rumors\/eu-plant-klage-hat-apple-gegen-den-dma-verstossen#primaryimage"},"thumbnailUrl":"https:\/\/www.apfelpatient.de\/wp-content\/uploads\/2024\/06\/bigstock-Flag-Of-The-European-Union-Be-276353938.jpg","keywords":["Apple Dienste","iOS"],"articleSection":"Rumors","inLanguage":"en-US","copyrightYear":"2024","copyrightHolder":{"@id":"https:\/\/www.apfelpatient.de\/en\/#organization"}},{"@type":"WebPage","@id":"https:\/\/www.apfelpatient.de\/rumors\/eu-plant-klage-hat-apple-gegen-den-dma-verstossen","url":"https:\/\/www.apfelpatient.de\/rumors\/eu-plant-klage-hat-apple-gegen-den-dma-verstossen","name":"EU plans lawsuit: Has Apple violated the DMA? Apfelpatient","isPartOf":{"@id":"https:\/\/www.apfelpatient.de\/#website"},"primaryImageOfPage":{"@id":"https:\/\/www.apfelpatient.de\/rumors\/eu-plant-klage-hat-apple-gegen-den-dma-verstossen#primaryimage"},"image":{"@id":"https:\/\/www.apfelpatient.de\/rumors\/eu-plant-klage-hat-apple-gegen-den-dma-verstossen#primaryimage"},"thumbnailUrl":"https:\/\/www.apfelpatient.de\/wp-content\/uploads\/2024\/06\/bigstock-Flag-Of-The-European-Union-Be-276353938.jpg","datePublished":"2024-06-15T13:13:31+00:00","dateModified":"2024-06-15T13:13:33+00:00","description":"EU plans to sue Apple for violating the Digital Markets Act. Find out what this means for Apple and app developers.","breadcrumb":{"@id":"https:\/\/www.apfelpatient.de\/rumors\/eu-plant-klage-hat-apple-gegen-den-dma-verstossen#breadcrumb"},"inLanguage":"en-US","potentialAction":[{"@type":"ReadAction","target":["https:\/\/www.apfelpatient.de\/rumors\/eu-plant-klage-hat-apple-gegen-den-dma-verstossen"]}]},{"@type":"ImageObject","inLanguage":"en-US","@id":"https:\/\/www.apfelpatient.de\/rumors\/eu-plant-klage-hat-apple-gegen-den-dma-verstossen#primaryimage","url":"https:\/\/www.apfelpatient.de\/wp-content\/uploads\/2024\/06\/bigstock-Flag-Of-The-European-Union-Be-276353938.jpg","contentUrl":"https:\/\/www.apfelpatient.de\/wp-content\/uploads\/2024\/06\/bigstock-Flag-Of-The-European-Union-Be-276353938.jpg","width":1600,"height":900,"caption":"Flag of the European Union. Beautiful European flag. Flag of Europe waving at wind in slow, loop. Seamless loop - flag of the European Union waving in the wind with highly detailed fabric texture"},{"@type":"BreadcrumbList","@id":"https:\/\/www.apfelpatient.de\/rumors\/eu-plant-klage-hat-apple-gegen-den-dma-verstossen#breadcrumb","itemListElement":[{"@type":"ListItem","position":1,"name":"Startseite","item":"https:\/\/www.apfelpatient.de\/"},{"@type":"ListItem","position":2,"name":"EU plant Klage: Hat Apple gegen den DMA versto\u00dfen?"}]},{"@type":"WebSite","@id":"https:\/\/www.apfelpatient.de\/#website","url":"https:\/\/www.apfelpatient.de\/","name":"apple patient","description":"Everything about Apple!","publisher":{"@type":"Organization","@id":"https:\/\/www.apfelpatient.de\/en\/#organization","name":"Apfelpatient","url":"https:\/\/www.apfelpatient.de\/en\/"},"alternateName":"Apfelpatient","potentialAction":[{"@type":"SearchAction","target":{"@type":"EntryPoint","urlTemplate":"https:\/\/www.apfelpatient.de\/?s={search_term_string}"},"query-input":{"@type":"PropertyValueSpecification","valueRequired":true,"valueName":"search_term_string"}}],"inLanguage":"en-US"},{"@type":["Person","Organization"],"@id":"https:\/\/www.apfelpatient.de\/#\/schema\/person\/7dc56ad6c8e9824b76d2c08d4c140e13","name":"Milan","logo":{"@id":"https:\/\/www.apfelpatient.de\/#\/schema\/person\/image\/"},"description":"Hello and welcome to my technology blog! As a big Apple fan, I report on everything to do with Apple: from the latest news and exciting rumors to helpful tips and tricks and detailed product tests. If you are as enthusiastic about technology as I am, you have come to the right place!","sameAs":["https:\/\/www.facebook.com\/apfelpatientOfficial","https:\/\/www.linkedin.com\/in\/milan-jovicic-42aa0231b"],"url":"https:\/\/www.apfelpatient.de\/en\/author\/apfeladmin"}]}},"_links":{"self":[{"href":"https:\/\/www.apfelpatient.de\/en\/wp-json\/wp\/v2\/posts\/44938","targetHints":{"allow":["GET"]}}],"collection":[{"href":"https:\/\/www.apfelpatient.de\/en\/wp-json\/wp\/v2\/posts"}],"about":[{"href":"https:\/\/www.apfelpatient.de\/en\/wp-json\/wp\/v2\/types\/post"}],"author":[{"embeddable":true,"href":"https:\/\/www.apfelpatient.de\/en\/wp-json\/wp\/v2\/users\/2"}],"replies":[{"embeddable":true,"href":"https:\/\/www.apfelpatient.de\/en\/wp-json\/wp\/v2\/comments?post=44938"}],"version-history":[{"count":0,"href":"https:\/\/www.apfelpatient.de\/en\/wp-json\/wp\/v2\/posts\/44938\/revisions"}],"wp:featuredmedia":[{"embeddable":true,"href":"https:\/\/www.apfelpatient.de\/en\/wp-json\/wp\/v2\/media\/44939"}],"wp:attachment":[{"href":"https:\/\/www.apfelpatient.de\/en\/wp-json\/wp\/v2\/media?parent=44938"}],"wp:term":[{"taxonomy":"category","embeddable":true,"href":"https:\/\/www.apfelpatient.de\/en\/wp-json\/wp\/v2\/categories?post=44938"},{"taxonomy":"post_tag","embeddable":true,"href":"https:\/\/www.apfelpatient.de\/en\/wp-json\/wp\/v2\/tags?post=44938"}],"curies":[{"name":"wp","href":"https:\/\/api.w.org\/{rel}","templated":true}]}}