{"id":44853,"date":"2024-06-12T18:33:28","date_gmt":"2024-06-12T16:33:28","guid":{"rendered":"https:\/\/www.apfelpatient.de\/?p=44853"},"modified":"2024-06-12T18:33:28","modified_gmt":"2024-06-12T16:33:28","slug":"apple-vision-pro-demos-from-12-july-be-there","status":"publish","type":"post","link":"https:\/\/www.apfelpatient.de\/en\/news\/apple-vision-pro-demos-ab-12-juli-sei-dabei","title":{"rendered":"Apple Vision Pro demos starting July 12: Be there!"},"content":{"rendered":"<p class=\"has-drop-cap\"><strong>You&#039;ve probably heard about the new Apple Vision Pro, a revolutionary spatial computer that takes the computing experience to a new level. But before you invest thousands of dollars, you might want to get a taste of what this innovative computer can really do. Starting July 12, you&#039;ll have the chance to do just that - at Apple Stores in the UK, Canada, Australia, France and Germany.<\/strong><\/p>\n\n\n\n<p>The Apple Vision Pro is a groundbreaking device that pushes the boundaries of traditional computing. It delivers an immersive experience through spatial computing powered by the visionOS operating system. With built-in apps like Apple TV, Photos and Safari, it redefines your digital life.<\/p>\n\n\n\n<h3 class=\"wp-block-heading\" id=\"h-einfuhrung-der-demos\">introduction of the demos<\/h3>\n\n\n\n<p>Starting July 12, you can experience a 30-minute demo of the Apple Vision Pro at your local Apple Store in the countries listed. These demos are a unique opportunity to experience the technology first-hand before you decide to buy. The demos will begin at 8 a.m. local time on Friday, July 12, and run through the end of the day. After that, the demos are expected to be available by appointment only.<\/p>\n\n\n\n<figure class=\"wp-block-image size-large\"><img decoding=\"async\" width=\"1024\" height=\"576\" src=\"https:\/\/www.apfelpatient.de\/wp-content\/uploads\/2024\/01\/Apple-Vision-Pro-entertainment-Disney-Plus-1024x576.jpg\" alt=\"\" class=\"wp-image-41710\" srcset=\"https:\/\/www.apfelpatient.de\/wp-content\/uploads\/2024\/01\/Apple-Vision-Pro-entertainment-Disney-Plus-1024x576.jpg 1024w, https:\/\/www.apfelpatient.de\/wp-content\/uploads\/2024\/01\/Apple-Vision-Pro-entertainment-Disney-Plus-300x169.jpg 300w, https:\/\/www.apfelpatient.de\/wp-content\/uploads\/2024\/01\/Apple-Vision-Pro-entertainment-Disney-Plus-768x432.jpg 768w, https:\/\/www.apfelpatient.de\/wp-content\/uploads\/2024\/01\/Apple-Vision-Pro-entertainment-Disney-Plus-1536x864.jpg 1536w, https:\/\/www.apfelpatient.de\/wp-content\/uploads\/2024\/01\/Apple-Vision-Pro-entertainment-Disney-Plus-750x422.jpg 750w, https:\/\/www.apfelpatient.de\/wp-content\/uploads\/2024\/01\/Apple-Vision-Pro-entertainment-Disney-Plus-1140x641.jpg 1140w, https:\/\/www.apfelpatient.de\/wp-content\/uploads\/2024\/01\/Apple-Vision-Pro-entertainment-Disney-Plus.jpg 1600w\" sizes=\"(max-width: 1024px) 100vw, 1024px\" \/><figcaption class=\"wp-element-caption\">Image: Apple<\/figcaption><\/figure>\n\n\n\n<h4 class=\"wp-block-heading\" id=\"h-was-erwartet-dich-in-der-demo\">What can you expect in the demo?<\/h4>\n\n\n\n<p>During the demo, you will receive a comprehensive introduction to the visionOS operating system. You will learn how to navigate the intuitive interface and use the various apps. Here are some highlights that you can experience:<\/p>\n\n\n\n<ul class=\"wp-block-list\">\n<li>Apple TV: Enjoy your favorite shows and movies in an impressive, spatial display.<\/li>\n\n\n\n<li>Photos: Experience your memories in a whole new dimension.<\/li>\n\n\n\n<li>Safari: Browse the web and interact with websites in ways you&#039;ve never experienced before.<\/li>\n<\/ul>\n\n\n\n<h4 class=\"wp-block-heading\" id=\"h-preise-und-vorbestellungen\">Prices and pre-orders<\/h4>\n\n\n\n<p>The Apple Vision Pro is available in three different storage sizes:<\/p>\n\n\n\n<ul class=\"wp-block-list\">\n<li>256 GB: 3,999 euros<\/li>\n\n\n\n<li>512 GB: 4,249 euros<\/li>\n\n\n\n<li>1 TB: 4,499 euros<\/li>\n<\/ul>\n\n\n\n<p>According to Apple, pre-orders in this country will start on June 28th at 2 p.m., with delivery starting on July 12th.<\/p>\n\n\n\n<h4 class=\"wp-block-heading\" id=\"h-unterstutzung-durch-visionos\">Support by visionOS<\/h4>\n\n\n\n<p>The visionOS 1.2 operating system already supports the languages of the additional countries and regions. VisionOS 2, which will be released later this year, brings a number of new features that will further improve the user experience.<\/p>\n\n\n\n<figure class=\"wp-block-image size-large\"><img decoding=\"async\" width=\"1024\" height=\"576\" src=\"https:\/\/www.apfelpatient.de\/wp-content\/uploads\/2024\/06\/Apple-WWDC24-visionOS-2-Mac-Virtual-Display-240610-1024x576.jpg\" alt=\"\" class=\"wp-image-44825\" srcset=\"https:\/\/www.apfelpatient.de\/wp-content\/uploads\/2024\/06\/Apple-WWDC24-visionOS-2-Mac-Virtual-Display-240610-1024x576.jpg 1024w, https:\/\/www.apfelpatient.de\/wp-content\/uploads\/2024\/06\/Apple-WWDC24-visionOS-2-Mac-Virtual-Display-240610-300x169.jpg 300w, https:\/\/www.apfelpatient.de\/wp-content\/uploads\/2024\/06\/Apple-WWDC24-visionOS-2-Mac-Virtual-Display-240610-768x432.jpg 768w, https:\/\/www.apfelpatient.de\/wp-content\/uploads\/2024\/06\/Apple-WWDC24-visionOS-2-Mac-Virtual-Display-240610-1536x864.jpg 1536w, https:\/\/www.apfelpatient.de\/wp-content\/uploads\/2024\/06\/Apple-WWDC24-visionOS-2-Mac-Virtual-Display-240610-750x422.jpg 750w, https:\/\/www.apfelpatient.de\/wp-content\/uploads\/2024\/06\/Apple-WWDC24-visionOS-2-Mac-Virtual-Display-240610-1140x641.jpg 1140w, https:\/\/www.apfelpatient.de\/wp-content\/uploads\/2024\/06\/Apple-WWDC24-visionOS-2-Mac-Virtual-Display-240610.jpg 1600w\" sizes=\"(max-width: 1024px) 100vw, 1024px\" \/><figcaption class=\"wp-element-caption\">Image: Apple \u2013 visionOS 2<\/figcaption><\/figure>\n\n\n\n<h3 class=\"wp-block-heading\" id=\"h-nutze-die-chance-teste-die-apple-vision-pro-im-store\">Take the chance: Test the Apple Vision Pro in the store<\/h3>\n\n\n\n<p>The Apple Vision Pro demos are a great opportunity to get a first look at the future of computing. Whether you&#039;re already an Apple fan or just curious about the latest technology, the demos are a must-see. Don&#039;t miss the chance to try out the Apple Vision Pro at your local Apple Store and experience spatial computing first hand. Get ready for an unparalleled experience and plan your visit to the Apple Store. Who knows, you might end up going home with your own Apple Vision Pro! Looking for new accessories? Then take a look\u00a0<a href=\"https:\/\/www.amazon.de\/shop\/apfelpatientofficial\" target=\"_blank\" rel=\"noreferrer noopener\">in our Amazon Storefront<\/a>\u00a0- there you will find numerous products from leading providers, also for HomeKit and Co.! (Image: Apple)<\/p>\n\n\n\n<ul class=\"wp-block-list\">\n<li><a href=\"https:\/\/www.apfelpatient.de\/en\/news\/visionos-2-keyboard-overlay-home-view-upgrades-more\">visionOS 2: Keyboard overlay, home view upgrades &amp; more<\/a><\/li>\n<\/ul>\n\n\n\n<h6 class=\"wp-block-heading translation-block\" id=\"h-kennt-ihr-schon-unsere-amazon-storefront-dort-findet-ihr-eine-handverlesene-auswahl-von-diversen-produkten-f-r-euer-iphone-und-co-viel-spa-beim-st-bern\"><em>Have you already visited our Amazon Storefront? There you&#039;ll find a hand-picked selection of various products for your iPhone and other devices \u2013 <span class=\"has-inline-color has-vivid-red-color\"><a href=\"https:\/\/www.amazon.de\/shop\/apfelpatientofficial\" class=\"ek-link\" data-wpel-link=\"exclude\" rel=\"follow noopener\" target=\"_self\"><span style=\"text-decoration: underline\" class=\"ek-underline\">enjoy browsing<\/span><\/a> !<\/span><\/em><\/h6>\n\n\n\n<h6 class=\"wp-block-heading translation-block\" id=\"h-der-beitrag-enthalt-partnerlinks\">This post contains <a data-type=\"URL\" data-id=\"https:\/\/www.apfelpatient.de\/partnerprogramm\" href=\"https:\/\/www.apfelpatient.de\/en\/partner-program\" data-wpel-link=\"internal\" target=\"_self\">affiliate links<\/a>.<\/h6>","protected":false},"excerpt":{"rendered":"<p>Test the Apple Vision Pro from July 12th! Experience the revolutionary device in your Apple Store and discover the new features.<\/p>","protected":false},"author":2,"featured_media":41966,"comment_status":"closed","ping_status":"closed","sticky":false,"template":"","format":"standard","meta":{"jnews-multi-image_gallery":[],"jnews_single_post":{"subtitle":"","format":"standard","video":"","gallery":"","source_name":"","source_url":"","via_name":"","via_url":"","override_template":"0","override":[{"template":"4","single_blog_custom":"","parallax":"1","fullscreen":"1","layout":"right-sidebar","sidebar":"default-sidebar","second_sidebar":"default-sidebar","sticky_sidebar":"1","share_position":"top","share_float_style":"share-monocrhome","show_share_counter":"0","show_view_counter":"0","show_featured":"1","show_post_meta":"1","show_post_author":"1","show_post_author_image":"1","show_post_date":"1","post_date_format":"default","post_date_format_custom":"Y\/m\/d","show_post_category":"1","show_post_reading_time":"0","post_reading_time_wpm":"300","show_zoom_button":"0","zoom_button_out_step":"2","zoom_button_in_step":"3","show_post_tag":"1","show_prev_next_post":"1","show_popup_post":"1","number_popup_post":"1","show_author_box":"0","show_post_related":"0","show_inline_post_related":"0"}],"override_image_size":"0","image_override":[{"single_post_thumbnail_size":"crop-500","single_post_gallery_size":"crop-500"}],"trending_post":"0","trending_post_position":"meta","trending_post_label":"Trending","sponsored_post":"0","sponsored_post_label":"Sponsored by","sponsored_post_name":"","sponsored_post_url":"","sponsored_post_logo_enable":"0","sponsored_post_logo":"","sponsored_post_desc":"","disable_ad":"0"},"jnews_primary_category":{"id":"9","hide":""},"footnotes":""},"categories":[9],"tags":[843,609,844,919],"class_list":["post-44853","post","type-post","status-publish","format-standard","has-post-thumbnail","hentry","category-news","tag-apple-vision-pro","tag-apple-vr-ar","tag-visionos","tag-visionos-2"],"yoast_head":"<!-- This site is optimized with the Yoast SEO Premium plugin v27.5 (Yoast SEO v27.5) - https:\/\/yoast.com\/product\/yoast-seo-premium-wordpress\/ -->\n<title>Apple Vision Pro Demos ab 12. Juli: Sei dabei! Apfelpatient<\/title>\n<meta name=\"description\" content=\"Apple Vision Pro ab 12. Juli testen! Erlebe das revolution\u00e4re Ger\u00e4t in deinem Apple Store und entdecke die neuen Funktionen.\" \/>\n<meta name=\"robots\" content=\"index, follow, max-snippet:-1, max-image-preview:large, max-video-preview:-1\" \/>\n<link rel=\"canonical\" href=\"https:\/\/www.apfelpatient.de\/en\/news\/apple-vision-pro-demos-from-12-july-be-there\" \/>\n<meta property=\"og:locale\" content=\"en_US\" \/>\n<meta property=\"og:type\" content=\"article\" \/>\n<meta property=\"og:title\" content=\"Apple Vision Pro Demos ab 12. Juli: Sei dabei!\" \/>\n<meta property=\"og:description\" content=\"Apple Vision Pro ab 12. Juli testen! Erlebe das revolution\u00e4re Ger\u00e4t in deinem Apple Store und entdecke die neuen Funktionen.\" \/>\n<meta property=\"og:url\" content=\"https:\/\/www.apfelpatient.de\/en\/news\/apple-vision-pro-demos-from-12-july-be-there\" \/>\n<meta property=\"og:site_name\" content=\"Apfelpatient\" \/>\n<meta property=\"article:publisher\" content=\"https:\/\/www.facebook.com\/apfelpatientOfficial\" \/>\n<meta property=\"article:author\" content=\"https:\/\/www.facebook.com\/apfelpatientOfficial\" \/>\n<meta property=\"article:published_time\" content=\"2024-06-12T16:33:28+00:00\" \/>\n<meta property=\"og:image\" content=\"https:\/\/www.apfelpatient.de\/wp-content\/uploads\/2024\/02\/Apple-Vision-Pro-availability-customer-purchase.jpg\" \/>\n\t<meta property=\"og:image:width\" content=\"1600\" \/>\n\t<meta property=\"og:image:height\" content=\"1070\" \/>\n\t<meta property=\"og:image:type\" content=\"image\/jpeg\" \/>\n<meta name=\"author\" content=\"Milan\" \/>\n<meta name=\"twitter:card\" content=\"summary_large_image\" \/>\n<meta name=\"twitter:description\" content=\"Apple Vision Pro ab 12. Juli testen! Erlebe das revolution\u00e4re Ger\u00e4t in deinem Apple Store und entdecke die neuen Funktionen.\" \/>\n<meta name=\"twitter:label1\" content=\"Written by\" \/>\n\t<meta name=\"twitter:data1\" content=\"Milan\" \/>\n\t<meta name=\"twitter:label2\" content=\"Est. reading time\" \/>\n\t<meta name=\"twitter:data2\" content=\"4 minutes\" \/>\n<script type=\"application\/ld+json\" class=\"yoast-schema-graph\">{\"@context\":\"https:\\\/\\\/schema.org\",\"@graph\":[{\"@type\":\"NewsArticle\",\"@id\":\"https:\\\/\\\/www.apfelpatient.de\\\/news\\\/apple-vision-pro-demos-ab-12-juli-sei-dabei#article\",\"isPartOf\":{\"@id\":\"https:\\\/\\\/www.apfelpatient.de\\\/news\\\/apple-vision-pro-demos-ab-12-juli-sei-dabei\"},\"author\":{\"@type\":\"Organization\",\"@id\":\"https:\\\/\\\/www.apfelpatient.de\\\/en\\\/#organization\",\"name\":\"Apfelpatient\",\"url\":\"https:\\\/\\\/www.apfelpatient.de\\\/en\\\/\"},\"headline\":\"Apple Vision Pro Demos ab 12. Juli: Sei dabei!\",\"datePublished\":\"2024-06-12T16:33:28+00:00\",\"mainEntityOfPage\":{\"@id\":\"https:\\\/\\\/www.apfelpatient.de\\\/news\\\/apple-vision-pro-demos-ab-12-juli-sei-dabei\"},\"wordCount\":516,\"publisher\":{\"@type\":\"Organization\",\"@id\":\"https:\\\/\\\/www.apfelpatient.de\\\/en\\\/#organization\",\"name\":\"Apfelpatient\",\"url\":\"https:\\\/\\\/www.apfelpatient.de\\\/en\\\/\"},\"image\":{\"@id\":\"https:\\\/\\\/www.apfelpatient.de\\\/news\\\/apple-vision-pro-demos-ab-12-juli-sei-dabei#primaryimage\"},\"thumbnailUrl\":\"https:\\\/\\\/www.apfelpatient.de\\\/wp-content\\\/uploads\\\/2024\\\/02\\\/Apple-Vision-Pro-availability-customer-purchase.jpg\",\"keywords\":[\"Apple Vision Pro\",\"Apple VR\\\/AR\",\"visionOS\",\"visionOS 2\"],\"articleSection\":\"News\",\"inLanguage\":\"en-US\",\"copyrightYear\":\"2024\",\"copyrightHolder\":{\"@id\":\"https:\\\/\\\/www.apfelpatient.de\\\/en\\\/#organization\"}},{\"@type\":\"WebPage\",\"@id\":\"https:\\\/\\\/www.apfelpatient.de\\\/news\\\/apple-vision-pro-demos-ab-12-juli-sei-dabei\",\"url\":\"https:\\\/\\\/www.apfelpatient.de\\\/news\\\/apple-vision-pro-demos-ab-12-juli-sei-dabei\",\"name\":\"Apple Vision Pro Demos ab 12. Juli: Sei dabei! Apfelpatient\",\"isPartOf\":{\"@id\":\"https:\\\/\\\/www.apfelpatient.de\\\/#website\"},\"primaryImageOfPage\":{\"@id\":\"https:\\\/\\\/www.apfelpatient.de\\\/news\\\/apple-vision-pro-demos-ab-12-juli-sei-dabei#primaryimage\"},\"image\":{\"@id\":\"https:\\\/\\\/www.apfelpatient.de\\\/news\\\/apple-vision-pro-demos-ab-12-juli-sei-dabei#primaryimage\"},\"thumbnailUrl\":\"https:\\\/\\\/www.apfelpatient.de\\\/wp-content\\\/uploads\\\/2024\\\/02\\\/Apple-Vision-Pro-availability-customer-purchase.jpg\",\"datePublished\":\"2024-06-12T16:33:28+00:00\",\"description\":\"Apple Vision Pro ab 12. Juli testen! Erlebe das revolution\u00e4re Ger\u00e4t in deinem Apple Store und entdecke die neuen Funktionen.\",\"breadcrumb\":{\"@id\":\"https:\\\/\\\/www.apfelpatient.de\\\/news\\\/apple-vision-pro-demos-ab-12-juli-sei-dabei#breadcrumb\"},\"inLanguage\":\"en-US\",\"potentialAction\":[{\"@type\":\"ReadAction\",\"target\":[\"https:\\\/\\\/www.apfelpatient.de\\\/news\\\/apple-vision-pro-demos-ab-12-juli-sei-dabei\"]}]},{\"@type\":\"ImageObject\",\"inLanguage\":\"en-US\",\"@id\":\"https:\\\/\\\/www.apfelpatient.de\\\/news\\\/apple-vision-pro-demos-ab-12-juli-sei-dabei#primaryimage\",\"url\":\"https:\\\/\\\/www.apfelpatient.de\\\/wp-content\\\/uploads\\\/2024\\\/02\\\/Apple-Vision-Pro-availability-customer-purchase.jpg\",\"contentUrl\":\"https:\\\/\\\/www.apfelpatient.de\\\/wp-content\\\/uploads\\\/2024\\\/02\\\/Apple-Vision-Pro-availability-customer-purchase.jpg\",\"width\":1600,\"height\":1070,\"caption\":\"Bild: Apple\"},{\"@type\":\"BreadcrumbList\",\"@id\":\"https:\\\/\\\/www.apfelpatient.de\\\/news\\\/apple-vision-pro-demos-ab-12-juli-sei-dabei#breadcrumb\",\"itemListElement\":[{\"@type\":\"ListItem\",\"position\":1,\"name\":\"Startseite\",\"item\":\"https:\\\/\\\/www.apfelpatient.de\\\/\"},{\"@type\":\"ListItem\",\"position\":2,\"name\":\"Apple Vision Pro Demos ab 12. Juli: Sei dabei!\"}]},{\"@type\":\"WebSite\",\"@id\":\"https:\\\/\\\/www.apfelpatient.de\\\/#website\",\"url\":\"https:\\\/\\\/www.apfelpatient.de\\\/\",\"name\":\"Apfelpatient\",\"description\":\"Alles rund um Apple!\",\"publisher\":{\"@type\":\"Organization\",\"@id\":\"https:\\\/\\\/www.apfelpatient.de\\\/en\\\/#organization\",\"name\":\"Apfelpatient\",\"url\":\"https:\\\/\\\/www.apfelpatient.de\\\/en\\\/\"},\"alternateName\":\"Apfelpatient\",\"potentialAction\":[{\"@type\":\"SearchAction\",\"target\":{\"@type\":\"EntryPoint\",\"urlTemplate\":\"https:\\\/\\\/www.apfelpatient.de\\\/?s={search_term_string}\"},\"query-input\":{\"@type\":\"PropertyValueSpecification\",\"valueRequired\":true,\"valueName\":\"search_term_string\"}}],\"inLanguage\":\"en-US\"},{\"@type\":[\"Person\",\"Organization\"],\"@id\":\"https:\\\/\\\/www.apfelpatient.de\\\/#\\\/schema\\\/person\\\/7dc56ad6c8e9824b76d2c08d4c140e13\",\"name\":\"Milan\",\"logo\":{\"@id\":\"https:\\\/\\\/www.apfelpatient.de\\\/#\\\/schema\\\/person\\\/image\\\/\"},\"description\":\"Hallo und herzlich willkommen auf meinem Technik-Blog! Als gro\u00dfer Apple-Fan berichte ich hier \u00fcber alles, was mit Apple zu tun hat: von den neuesten News und spannenden Ger\u00fcchten \u00fcber hilfreiche Tipps und Tricks bis hin zu ausf\u00fchrlichen Produkttests. Wenn du genauso technikbegeistert bist wie ich, bist du hier genau richtig!\",\"sameAs\":[\"https:\\\/\\\/www.facebook.com\\\/apfelpatientOfficial\",\"https:\\\/\\\/www.linkedin.com\\\/in\\\/milan-jovicic-42aa0231b\"],\"url\":\"https:\\\/\\\/www.apfelpatient.de\\\/en\\\/author\\\/apfeladmin\"}]}<\/script>\n<!-- \/ Yoast SEO Premium plugin. -->","yoast_head_json":{"title":"Apple Vision Pro Demos starting July 12: Be there! Apfelpatient","description":"Test the Apple Vision Pro from July 12th! Experience the revolutionary device in your Apple Store and discover the new features.","robots":{"index":"index","follow":"follow","max-snippet":"max-snippet:-1","max-image-preview":"max-image-preview:large","max-video-preview":"max-video-preview:-1"},"canonical":"https:\/\/www.apfelpatient.de\/en\/news\/apple-vision-pro-demos-from-12-july-be-there","og_locale":"en_US","og_type":"article","og_title":"Apple Vision Pro Demos ab 12. Juli: Sei dabei!","og_description":"Apple Vision Pro ab 12. Juli testen! Erlebe das revolution\u00e4re Ger\u00e4t in deinem Apple Store und entdecke die neuen Funktionen.","og_url":"https:\/\/www.apfelpatient.de\/en\/news\/apple-vision-pro-demos-from-12-july-be-there","og_site_name":"Apfelpatient","article_publisher":"https:\/\/www.facebook.com\/apfelpatientOfficial","article_author":"https:\/\/www.facebook.com\/apfelpatientOfficial","article_published_time":"2024-06-12T16:33:28+00:00","og_image":[{"width":1600,"height":1070,"url":"https:\/\/www.apfelpatient.de\/wp-content\/uploads\/2024\/02\/Apple-Vision-Pro-availability-customer-purchase.jpg","type":"image\/jpeg"}],"author":"Milan","twitter_card":"summary_large_image","twitter_description":"Apple Vision Pro ab 12. Juli testen! Erlebe das revolution\u00e4re Ger\u00e4t in deinem Apple Store und entdecke die neuen Funktionen.","twitter_misc":{"Written by":"Milan","Est. reading time":"4 minutes"},"schema":{"@context":"https:\/\/schema.org","@graph":[{"@type":"NewsArticle","@id":"https:\/\/www.apfelpatient.de\/news\/apple-vision-pro-demos-ab-12-juli-sei-dabei#article","isPartOf":{"@id":"https:\/\/www.apfelpatient.de\/news\/apple-vision-pro-demos-ab-12-juli-sei-dabei"},"author":{"@type":"Organization","@id":"https:\/\/www.apfelpatient.de\/en\/#organization","name":"Apfelpatient","url":"https:\/\/www.apfelpatient.de\/en\/"},"headline":"Apple Vision Pro Demos ab 12. Juli: Sei dabei!","datePublished":"2024-06-12T16:33:28+00:00","mainEntityOfPage":{"@id":"https:\/\/www.apfelpatient.de\/news\/apple-vision-pro-demos-ab-12-juli-sei-dabei"},"wordCount":516,"publisher":{"@type":"Organization","@id":"https:\/\/www.apfelpatient.de\/en\/#organization","name":"Apfelpatient","url":"https:\/\/www.apfelpatient.de\/en\/"},"image":{"@id":"https:\/\/www.apfelpatient.de\/news\/apple-vision-pro-demos-ab-12-juli-sei-dabei#primaryimage"},"thumbnailUrl":"https:\/\/www.apfelpatient.de\/wp-content\/uploads\/2024\/02\/Apple-Vision-Pro-availability-customer-purchase.jpg","keywords":["Apple Vision Pro","Apple VR\/AR","visionOS","visionOS 2"],"articleSection":"News","inLanguage":"en-US","copyrightYear":"2024","copyrightHolder":{"@id":"https:\/\/www.apfelpatient.de\/en\/#organization"}},{"@type":"WebPage","@id":"https:\/\/www.apfelpatient.de\/news\/apple-vision-pro-demos-ab-12-juli-sei-dabei","url":"https:\/\/www.apfelpatient.de\/news\/apple-vision-pro-demos-ab-12-juli-sei-dabei","name":"Apple Vision Pro Demos starting July 12: Be there! Apfelpatient","isPartOf":{"@id":"https:\/\/www.apfelpatient.de\/#website"},"primaryImageOfPage":{"@id":"https:\/\/www.apfelpatient.de\/news\/apple-vision-pro-demos-ab-12-juli-sei-dabei#primaryimage"},"image":{"@id":"https:\/\/www.apfelpatient.de\/news\/apple-vision-pro-demos-ab-12-juli-sei-dabei#primaryimage"},"thumbnailUrl":"https:\/\/www.apfelpatient.de\/wp-content\/uploads\/2024\/02\/Apple-Vision-Pro-availability-customer-purchase.jpg","datePublished":"2024-06-12T16:33:28+00:00","description":"Test the Apple Vision Pro from July 12th! Experience the revolutionary device in your Apple Store and discover the new features.","breadcrumb":{"@id":"https:\/\/www.apfelpatient.de\/news\/apple-vision-pro-demos-ab-12-juli-sei-dabei#breadcrumb"},"inLanguage":"en-US","potentialAction":[{"@type":"ReadAction","target":["https:\/\/www.apfelpatient.de\/news\/apple-vision-pro-demos-ab-12-juli-sei-dabei"]}]},{"@type":"ImageObject","inLanguage":"en-US","@id":"https:\/\/www.apfelpatient.de\/news\/apple-vision-pro-demos-ab-12-juli-sei-dabei#primaryimage","url":"https:\/\/www.apfelpatient.de\/wp-content\/uploads\/2024\/02\/Apple-Vision-Pro-availability-customer-purchase.jpg","contentUrl":"https:\/\/www.apfelpatient.de\/wp-content\/uploads\/2024\/02\/Apple-Vision-Pro-availability-customer-purchase.jpg","width":1600,"height":1070,"caption":"Bild: Apple"},{"@type":"BreadcrumbList","@id":"https:\/\/www.apfelpatient.de\/news\/apple-vision-pro-demos-ab-12-juli-sei-dabei#breadcrumb","itemListElement":[{"@type":"ListItem","position":1,"name":"Startseite","item":"https:\/\/www.apfelpatient.de\/"},{"@type":"ListItem","position":2,"name":"Apple Vision Pro Demos ab 12. Juli: Sei dabei!"}]},{"@type":"WebSite","@id":"https:\/\/www.apfelpatient.de\/#website","url":"https:\/\/www.apfelpatient.de\/","name":"apple patient","description":"Everything about Apple!","publisher":{"@type":"Organization","@id":"https:\/\/www.apfelpatient.de\/en\/#organization","name":"Apfelpatient","url":"https:\/\/www.apfelpatient.de\/en\/"},"alternateName":"Apfelpatient","potentialAction":[{"@type":"SearchAction","target":{"@type":"EntryPoint","urlTemplate":"https:\/\/www.apfelpatient.de\/?s={search_term_string}"},"query-input":{"@type":"PropertyValueSpecification","valueRequired":true,"valueName":"search_term_string"}}],"inLanguage":"en-US"},{"@type":["Person","Organization"],"@id":"https:\/\/www.apfelpatient.de\/#\/schema\/person\/7dc56ad6c8e9824b76d2c08d4c140e13","name":"Milan","logo":{"@id":"https:\/\/www.apfelpatient.de\/#\/schema\/person\/image\/"},"description":"Hello and welcome to my technology blog! As a big Apple fan, I report on everything to do with Apple: from the latest news and exciting rumors to helpful tips and tricks and detailed product tests. If you are as enthusiastic about technology as I am, you have come to the right place!","sameAs":["https:\/\/www.facebook.com\/apfelpatientOfficial","https:\/\/www.linkedin.com\/in\/milan-jovicic-42aa0231b"],"url":"https:\/\/www.apfelpatient.de\/en\/author\/apfeladmin"}]}},"_links":{"self":[{"href":"https:\/\/www.apfelpatient.de\/en\/wp-json\/wp\/v2\/posts\/44853","targetHints":{"allow":["GET"]}}],"collection":[{"href":"https:\/\/www.apfelpatient.de\/en\/wp-json\/wp\/v2\/posts"}],"about":[{"href":"https:\/\/www.apfelpatient.de\/en\/wp-json\/wp\/v2\/types\/post"}],"author":[{"embeddable":true,"href":"https:\/\/www.apfelpatient.de\/en\/wp-json\/wp\/v2\/users\/2"}],"replies":[{"embeddable":true,"href":"https:\/\/www.apfelpatient.de\/en\/wp-json\/wp\/v2\/comments?post=44853"}],"version-history":[{"count":0,"href":"https:\/\/www.apfelpatient.de\/en\/wp-json\/wp\/v2\/posts\/44853\/revisions"}],"wp:featuredmedia":[{"embeddable":true,"href":"https:\/\/www.apfelpatient.de\/en\/wp-json\/wp\/v2\/media\/41966"}],"wp:attachment":[{"href":"https:\/\/www.apfelpatient.de\/en\/wp-json\/wp\/v2\/media?parent=44853"}],"wp:term":[{"taxonomy":"category","embeddable":true,"href":"https:\/\/www.apfelpatient.de\/en\/wp-json\/wp\/v2\/categories?post=44853"},{"taxonomy":"post_tag","embeddable":true,"href":"https:\/\/www.apfelpatient.de\/en\/wp-json\/wp\/v2\/tags?post=44853"}],"curies":[{"name":"wp","href":"https:\/\/api.w.org\/{rel}","templated":true}]}}