{"id":44656,"date":"2024-06-10T19:32:14","date_gmt":"2024-06-10T17:32:14","guid":{"rendered":"https:\/\/www.apfelpatient.de\/?p=44656"},"modified":"2024-06-10T19:54:51","modified_gmt":"2024-06-10T17:54:51","slug":"apple-vision-pro-available-in-germany-from-july-12th","status":"publish","type":"post","link":"https:\/\/www.apfelpatient.de\/en\/news\/apple-vision-pro-ab-12-juli-in-deutschland-erhaeltlich","title":{"rendered":"Apple Vision Pro: Available in Germany from July 12th"},"content":{"rendered":"<p class=\"has-drop-cap\"><strong>Apple has once again caused excitement in the tech world with the announcement of the Apple Vision Pro. The innovative device will be available in new countries and regions, including Germany, from June 28th and July 12th. With the Vision Pro, Apple promises to fundamentally change the way people work, collaborate, relive memories and enjoy entertainment.<\/strong><\/p>\n\n\n\n<p>The Apple Vision Pro is more than just a technical device. It represents another step into the future of spatial computing. CEO Tim Cook emphasizes the importance of this new product and the extraordinary enthusiasm it has already generated.<\/p>\n\n\n\n<h4 class=\"wp-block-heading\" id=\"h-verfugbarkeit-und-vorbestellungen\">Availability and pre-orders<\/h4>\n\n\n\n<p>Starting June 13, customers in China, Hong Kong, Japan and Singapore can pre-order the Apple Vision Pro. Starting June 28, the device will also be available for pre-order in Australia, Canada, France, Germany and the UK. <a href=\"https:\/\/www.apple.com\/newsroom\/2024\/06\/apple-vision-pro-arrives-in-new-countries-and-regions-beginning-june-28\/\" target=\"_blank\" rel=\"noreferrer noopener\">official<\/a> Availability begins on July 12th in this country. This expansion shows Apple&#039;s commitment to making the revolutionary device accessible to a global audience.<\/p>\n\n\n\n<h3 class=\"wp-block-heading\" id=\"h-revolutionare-funktionen-der-apple-vision-pro\">Revolutionary features of the Apple Vision Pro<\/h3>\n\n\n\n<h4 class=\"wp-block-heading\" id=\"h-visionos-das-herzstuck-der-vision-pro\">VisionOS: The heart of the Vision Pro<\/h4>\n\n\n\n<p>The Apple Vision Pro is powered by visionOS, a revolutionary operating system based on years of technical innovation. The intuitive user interface lets you control apps simply by looking at them and tapping your fingers. Siri lets you open, close apps, and answer questions. The infinite canvas gives you a limitless workspace for maximum productivity and entertainment.<\/p>\n\n\n\n<h4 class=\"wp-block-heading\" id=\"h-immersive-umgebungen\">Immersive environments<\/h4>\n\n\n\n<p>Apple Vision Pro features immersive, dynamic environments like Haleakal\u0101, Joshua Tree, Yosemite, and the moon. These environments help you focus, reduce visual clutter, and become fully immersed in your tasks or entertainment.<\/p>\n\n\n\n<h4 class=\"wp-block-heading\" id=\"h-visionos-2-noch-mehr-funktionen\">visionOS 2: Even more features<\/h4>\n\n\n\n<p>In the fall, visionOS 2 will be available as a free update, offering additional features such as 3D reminders, intuitive hand gestures and improved mindfulness tools. These updates make using the Apple Vision Pro even more intuitive and effective.<\/p>\n\n\n\n<h3 class=\"wp-block-heading\" id=\"h-ein-vielseitiges-gerat-fur-arbeit-und-freizeit\">A versatile device for work and leisure<\/h3>\n\n\n\n<h4 class=\"wp-block-heading\" id=\"h-produktivitats-apps\">productivity apps<\/h4>\n\n\n\n<p>The Apple Vision Pro supports a variety of business and productivity apps such as Box, Craft, Slack and Microsoft 365. These apps help you work efficiently and communicate seamlessly with colleagues. Additionally, you can use Bluetooth accessories such as the Magic Keyboard and Magic Mouse to further increase your productivity.<\/p>\n\n\n\n<h4 class=\"wp-block-heading\" id=\"h-unterhaltung-und-spiele\">entertainment and games<\/h4>\n\n\n\n<p>With the Apple Vision Pro you can enjoy the best streaming services like Apple TV+, Disney+, Amazon Prime Video and many others. The ability to experience movies in 3D and play games with stunning graphics makes the Vision Pro a unique entertainment device.<\/p>\n\n\n\n<h3 class=\"wp-block-heading\" id=\"h-innovatives-design-und-beeindruckende-technologie\">Innovative design and impressive technology<\/h3>\n\n\n\n<h4 class=\"wp-block-heading\" id=\"h-hochauflosende-displays-und-spatial-audio\">High-resolution displays and spatial audio<\/h4>\n\n\n\n<p>The Apple Vision Pro&#039;s ultra-high-resolution display system uses Micro-OLED technology to pack 23 million pixels onto two displays, offering more pixels than a 4K TV. The advanced spatial audio system delivers personalized audio that makes it feel like the sounds are coming from the room around you.<\/p>\n\n\n\n<h4 class=\"wp-block-heading\" id=\"h-eyetracking-und-eyesight\">Eyetracking and EyeSight<\/h4>\n\n\n\n<p>The powerful eye-tracking system enables responsive and intuitive inputs, while EyeSight helps you stay connected with the people around you. Vision Pro is powered by Apple Silicon in a dual-chip design that delivers strong performance and impressive processing power.<\/p>\n\n\n\n<h4 class=\"wp-block-heading\" id=\"h-nachhaltigkeit-und-datenschutz\">Sustainability and Data Protection<\/h4>\n\n\n\n<p>Apple placed great emphasis on sustainability when developing the Vision Pro. The device uses 100 percent recycled materials in many components and meets high standards for energy efficiency. In addition, the Vision Pro offers industry-leading privacy and security, including the new Optic ID, which analyzes the user&#039;s iris to unlock the device and make payments.<\/p>\n\n\n\n<h3 class=\"wp-block-heading\" id=\"h-apple-vision-pro-ein-meilenstein-im-raumlichen-computing\">Apple Vision Pro: A milestone in spatial computing<\/h3>\n\n\n\n<p>The Apple Vision Pro marks a significant advance in the world of spatial computing. With its impressive technology, intuitive user interface and focus on sustainability and data protection, it sets new standards. From July 12, the Vision Pro will be available in additional countries, including Germany, and you can be one of the first to experience this groundbreaking device. Whether for work, entertainment or creative projects - the Apple Vision Pro offers you endless possibilities. Don&#039;t miss the chance to experience the future of computing for yourself. (Image: Apple)<\/p>\n\n\n\n<ul class=\"wp-block-list\">\n<li><a href=\"https:\/\/www.apfelpatient.de\/en\/news\/apple-vision-pro-a-memorable-moment-like-the-iphone\">Apple Vision Pro: A memorable moment like the iPhone<\/a><\/li>\n\n\n\n<li><a href=\"https:\/\/www.apfelpatient.de\/en\/news\/apple-vision-pro-price-and-technology-in-harmony\">Apple Vision Pro: Price and technology in harmony<\/a><\/li>\n\n\n\n<li><a href=\"https:\/\/www.apfelpatient.de\/en\/tips-tricks\/apple-vision-pro-tips-for-optimal-use\">Apple Vision Pro: Tips for optimal use<\/a><\/li>\n\n\n\n<li><a href=\"https:\/\/www.apfelpatient.de\/en\/tips-tricks\/apple-vision-pro-cleaning-tips-for-flawless-ar-experiences\">Apple Vision Pro Cleaning: Tips for flawless AR experiences<\/a><\/li>\n\n\n\n<li><a href=\"https:\/\/www.apfelpatient.de\/en\/tips-tricks\/apple-vision-pro-data-sync-charging-indicator-in-focus\">Apple Vision Pro: Sync data &amp; focus on charging indicator<\/a><\/li>\n\n\n\n<li><a href=\"https:\/\/www.apfelpatient.de\/en\/tips-tricks\/vision-pro-apple-gives-tips-on-battery-life-performance-and-more\">Vision Pro: Apple gives tips on battery life, performance and more<\/a><\/li>\n<\/ul>\n\n\n\n<h6 class=\"wp-block-heading translation-block\" id=\"h-kennt-ihr-schon-unsere-amazon-storefront-dort-findet-ihr-eine-handverlesene-auswahl-von-diversen-produkten-f-r-euer-iphone-und-co-viel-spa-beim-st-bern\"><em>Have you already visited our Amazon Storefront? There you&#039;ll find a hand-picked selection of various products for your iPhone and other devices \u2013 <span class=\"has-inline-color has-vivid-red-color\"><a href=\"https:\/\/www.amazon.de\/shop\/apfelpatientofficial\" class=\"ek-link\" data-wpel-link=\"exclude\" rel=\"follow noopener\" target=\"_self\"><span style=\"text-decoration: underline\" class=\"ek-underline\">enjoy browsing<\/span><\/a> !<\/span><\/em><\/h6>\n\n\n\n<h6 class=\"wp-block-heading translation-block\" id=\"h-der-beitrag-enthalt-partnerlinks\">This post contains <a data-type=\"URL\" data-id=\"https:\/\/www.apfelpatient.de\/partnerprogramm\" href=\"https:\/\/www.apfelpatient.de\/en\/partner-program\" data-wpel-link=\"internal\" target=\"_self\">affiliate links<\/a>.<\/h6>","protected":false},"excerpt":{"rendered":"<p>The Apple Vision Pro will be available in Germany from July 12th. Experience groundbreaking technology for work and entertainment.<\/p>","protected":false},"author":2,"featured_media":44657,"comment_status":"closed","ping_status":"closed","sticky":false,"template":"","format":"standard","meta":{"jnews-multi-image_gallery":[],"jnews_single_post":{"subtitle":"","format":"standard","video":"","gallery":"","source_name":"","source_url":"","via_name":"","via_url":"","override_template":"0","override":[{"template":"4","single_blog_custom":"","parallax":"1","fullscreen":"1","layout":"right-sidebar","sidebar":"default-sidebar","second_sidebar":"default-sidebar","sticky_sidebar":"1","share_position":"top","share_float_style":"share-monocrhome","show_share_counter":"0","show_view_counter":"0","show_featured":"1","show_post_meta":"1","show_post_author":"1","show_post_author_image":"1","show_post_date":"1","post_date_format":"default","post_date_format_custom":"Y\/m\/d","show_post_category":"1","show_post_reading_time":"0","post_reading_time_wpm":"300","show_zoom_button":"0","zoom_button_out_step":"2","zoom_button_in_step":"3","show_post_tag":"1","show_prev_next_post":"1","show_popup_post":"1","number_popup_post":"1","show_author_box":"0","show_post_related":"0","show_inline_post_related":"0"}],"override_image_size":"0","image_override":[{"single_post_thumbnail_size":"crop-500","single_post_gallery_size":"crop-500"}],"trending_post":"0","trending_post_position":"meta","trending_post_label":"Trending","sponsored_post":"0","sponsored_post_label":"Sponsored by","sponsored_post_name":"","sponsored_post_url":"","sponsored_post_logo_enable":"0","sponsored_post_logo":"","sponsored_post_desc":"","disable_ad":"0"},"jnews_primary_category":{"id":"9","hide":""},"footnotes":""},"categories":[9],"tags":[843,609,203,920],"class_list":["post-44656","post","type-post","status-publish","format-standard","has-post-thumbnail","hentry","category-news","tag-apple-vision-pro","tag-apple-vr-ar","tag-wwdc","tag-wwdc-2024"],"yoast_head":"<!-- This site is optimized with the Yoast SEO Premium plugin v27.5 (Yoast SEO v27.5) - https:\/\/yoast.com\/product\/yoast-seo-premium-wordpress\/ -->\n<title>Apple Vision Pro: Ab 12. Juli in Deutschland erh\u00e4ltlich Apfelpatient<\/title>\n<meta name=\"description\" content=\"Die Apple Vision Pro ist ab 12. Juli in Deutschland erh\u00e4ltlich. Erlebe bahnbrechende Technologie f\u00fcr Arbeit und Unterhaltung.\" \/>\n<meta name=\"robots\" content=\"index, follow, max-snippet:-1, max-image-preview:large, max-video-preview:-1\" \/>\n<link rel=\"canonical\" href=\"https:\/\/www.apfelpatient.de\/en\/news\/apple-vision-pro-available-in-germany-from-july-12th\" \/>\n<meta property=\"og:locale\" content=\"en_US\" \/>\n<meta property=\"og:type\" content=\"article\" \/>\n<meta property=\"og:title\" content=\"Apple Vision Pro: Ab 12. Juli in Deutschland erh\u00e4ltlich\" \/>\n<meta property=\"og:description\" content=\"Die Apple Vision Pro ist ab 12. Juli in Deutschland erh\u00e4ltlich. Erlebe bahnbrechende Technologie f\u00fcr Arbeit und Unterhaltung.\" \/>\n<meta property=\"og:url\" content=\"https:\/\/www.apfelpatient.de\/en\/news\/apple-vision-pro-available-in-germany-from-july-12th\" \/>\n<meta property=\"og:site_name\" content=\"Apfelpatient\" \/>\n<meta property=\"article:publisher\" content=\"https:\/\/www.facebook.com\/apfelpatientOfficial\" \/>\n<meta property=\"article:author\" content=\"https:\/\/www.facebook.com\/apfelpatientOfficial\" \/>\n<meta property=\"article:published_time\" content=\"2024-06-10T17:32:14+00:00\" \/>\n<meta property=\"article:modified_time\" content=\"2024-06-10T17:54:51+00:00\" \/>\n<meta property=\"og:image\" content=\"https:\/\/www.apfelpatient.de\/wp-content\/uploads\/2024\/06\/Apple-WWDC24-Vision-Pro-global-availability-hero-240610-2.jpg\" \/>\n\t<meta property=\"og:image:width\" content=\"1600\" \/>\n\t<meta property=\"og:image:height\" content=\"900\" \/>\n\t<meta property=\"og:image:type\" content=\"image\/jpeg\" \/>\n<meta name=\"author\" content=\"Milan\" \/>\n<meta name=\"twitter:card\" content=\"summary_large_image\" \/>\n<meta name=\"twitter:description\" content=\"Die Apple Vision Pro ist ab 12. Juli in Deutschland erh\u00e4ltlich. Erlebe bahnbrechende Technologie f\u00fcr Arbeit und Unterhaltung.\" \/>\n<meta name=\"twitter:label1\" content=\"Written by\" \/>\n\t<meta name=\"twitter:data1\" content=\"Milan\" \/>\n\t<meta name=\"twitter:label2\" content=\"Est. reading time\" \/>\n\t<meta name=\"twitter:data2\" content=\"5 minutes\" \/>\n<script type=\"application\/ld+json\" class=\"yoast-schema-graph\">{\"@context\":\"https:\\\/\\\/schema.org\",\"@graph\":[{\"@type\":\"NewsArticle\",\"@id\":\"https:\\\/\\\/www.apfelpatient.de\\\/news\\\/apple-vision-pro-ab-12-juli-in-deutschland-erhaeltlich#article\",\"isPartOf\":{\"@id\":\"https:\\\/\\\/www.apfelpatient.de\\\/news\\\/apple-vision-pro-ab-12-juli-in-deutschland-erhaeltlich\"},\"author\":{\"@type\":\"Organization\",\"@id\":\"https:\\\/\\\/www.apfelpatient.de\\\/en\\\/#organization\",\"name\":\"Apfelpatient\",\"url\":\"https:\\\/\\\/www.apfelpatient.de\\\/en\\\/\"},\"headline\":\"Apple Vision Pro: Ab 12. Juli in Deutschland erh\u00e4ltlich\",\"datePublished\":\"2024-06-10T17:32:14+00:00\",\"dateModified\":\"2024-06-10T17:54:51+00:00\",\"mainEntityOfPage\":{\"@id\":\"https:\\\/\\\/www.apfelpatient.de\\\/news\\\/apple-vision-pro-ab-12-juli-in-deutschland-erhaeltlich\"},\"wordCount\":774,\"publisher\":{\"@type\":\"Organization\",\"@id\":\"https:\\\/\\\/www.apfelpatient.de\\\/en\\\/#organization\",\"name\":\"Apfelpatient\",\"url\":\"https:\\\/\\\/www.apfelpatient.de\\\/en\\\/\"},\"image\":{\"@id\":\"https:\\\/\\\/www.apfelpatient.de\\\/news\\\/apple-vision-pro-ab-12-juli-in-deutschland-erhaeltlich#primaryimage\"},\"thumbnailUrl\":\"https:\\\/\\\/www.apfelpatient.de\\\/wp-content\\\/uploads\\\/2024\\\/06\\\/Apple-WWDC24-Vision-Pro-global-availability-hero-240610-2.jpg\",\"keywords\":[\"Apple Vision Pro\",\"Apple VR\\\/AR\",\"WWDC\",\"WWDC 2024\"],\"articleSection\":\"News\",\"inLanguage\":\"en-US\",\"copyrightYear\":\"2024\",\"copyrightHolder\":{\"@id\":\"https:\\\/\\\/www.apfelpatient.de\\\/en\\\/#organization\"}},{\"@type\":\"WebPage\",\"@id\":\"https:\\\/\\\/www.apfelpatient.de\\\/news\\\/apple-vision-pro-ab-12-juli-in-deutschland-erhaeltlich\",\"url\":\"https:\\\/\\\/www.apfelpatient.de\\\/news\\\/apple-vision-pro-ab-12-juli-in-deutschland-erhaeltlich\",\"name\":\"Apple Vision Pro: Ab 12. Juli in Deutschland erh\u00e4ltlich Apfelpatient\",\"isPartOf\":{\"@id\":\"https:\\\/\\\/www.apfelpatient.de\\\/#website\"},\"primaryImageOfPage\":{\"@id\":\"https:\\\/\\\/www.apfelpatient.de\\\/news\\\/apple-vision-pro-ab-12-juli-in-deutschland-erhaeltlich#primaryimage\"},\"image\":{\"@id\":\"https:\\\/\\\/www.apfelpatient.de\\\/news\\\/apple-vision-pro-ab-12-juli-in-deutschland-erhaeltlich#primaryimage\"},\"thumbnailUrl\":\"https:\\\/\\\/www.apfelpatient.de\\\/wp-content\\\/uploads\\\/2024\\\/06\\\/Apple-WWDC24-Vision-Pro-global-availability-hero-240610-2.jpg\",\"datePublished\":\"2024-06-10T17:32:14+00:00\",\"dateModified\":\"2024-06-10T17:54:51+00:00\",\"description\":\"Die Apple Vision Pro ist ab 12. Juli in Deutschland erh\u00e4ltlich. Erlebe bahnbrechende Technologie f\u00fcr Arbeit und Unterhaltung.\",\"breadcrumb\":{\"@id\":\"https:\\\/\\\/www.apfelpatient.de\\\/news\\\/apple-vision-pro-ab-12-juli-in-deutschland-erhaeltlich#breadcrumb\"},\"inLanguage\":\"en-US\",\"potentialAction\":[{\"@type\":\"ReadAction\",\"target\":[\"https:\\\/\\\/www.apfelpatient.de\\\/news\\\/apple-vision-pro-ab-12-juli-in-deutschland-erhaeltlich\"]}]},{\"@type\":\"ImageObject\",\"inLanguage\":\"en-US\",\"@id\":\"https:\\\/\\\/www.apfelpatient.de\\\/news\\\/apple-vision-pro-ab-12-juli-in-deutschland-erhaeltlich#primaryimage\",\"url\":\"https:\\\/\\\/www.apfelpatient.de\\\/wp-content\\\/uploads\\\/2024\\\/06\\\/Apple-WWDC24-Vision-Pro-global-availability-hero-240610-2.jpg\",\"contentUrl\":\"https:\\\/\\\/www.apfelpatient.de\\\/wp-content\\\/uploads\\\/2024\\\/06\\\/Apple-WWDC24-Vision-Pro-global-availability-hero-240610-2.jpg\",\"width\":1600,\"height\":900,\"caption\":\"Bild: Apple\"},{\"@type\":\"BreadcrumbList\",\"@id\":\"https:\\\/\\\/www.apfelpatient.de\\\/news\\\/apple-vision-pro-ab-12-juli-in-deutschland-erhaeltlich#breadcrumb\",\"itemListElement\":[{\"@type\":\"ListItem\",\"position\":1,\"name\":\"Startseite\",\"item\":\"https:\\\/\\\/www.apfelpatient.de\\\/\"},{\"@type\":\"ListItem\",\"position\":2,\"name\":\"Apple Vision Pro: Ab 12. Juli in Deutschland erh\u00e4ltlich\"}]},{\"@type\":\"WebSite\",\"@id\":\"https:\\\/\\\/www.apfelpatient.de\\\/#website\",\"url\":\"https:\\\/\\\/www.apfelpatient.de\\\/\",\"name\":\"Apfelpatient\",\"description\":\"Alles rund um Apple!\",\"publisher\":{\"@type\":\"Organization\",\"@id\":\"https:\\\/\\\/www.apfelpatient.de\\\/en\\\/#organization\",\"name\":\"Apfelpatient\",\"url\":\"https:\\\/\\\/www.apfelpatient.de\\\/en\\\/\"},\"alternateName\":\"Apfelpatient\",\"potentialAction\":[{\"@type\":\"SearchAction\",\"target\":{\"@type\":\"EntryPoint\",\"urlTemplate\":\"https:\\\/\\\/www.apfelpatient.de\\\/?s={search_term_string}\"},\"query-input\":{\"@type\":\"PropertyValueSpecification\",\"valueRequired\":true,\"valueName\":\"search_term_string\"}}],\"inLanguage\":\"en-US\"},{\"@type\":[\"Person\",\"Organization\"],\"@id\":\"https:\\\/\\\/www.apfelpatient.de\\\/#\\\/schema\\\/person\\\/7dc56ad6c8e9824b76d2c08d4c140e13\",\"name\":\"Milan\",\"logo\":{\"@id\":\"https:\\\/\\\/www.apfelpatient.de\\\/#\\\/schema\\\/person\\\/image\\\/\"},\"description\":\"Hallo und herzlich willkommen auf meinem Technik-Blog! Als gro\u00dfer Apple-Fan berichte ich hier \u00fcber alles, was mit Apple zu tun hat: von den neuesten News und spannenden Ger\u00fcchten \u00fcber hilfreiche Tipps und Tricks bis hin zu ausf\u00fchrlichen Produkttests. Wenn du genauso technikbegeistert bist wie ich, bist du hier genau richtig!\",\"sameAs\":[\"https:\\\/\\\/www.facebook.com\\\/apfelpatientOfficial\",\"https:\\\/\\\/www.linkedin.com\\\/in\\\/milan-jovicic-42aa0231b\"],\"url\":\"https:\\\/\\\/www.apfelpatient.de\\\/en\\\/author\\\/apfeladmin\"}]}<\/script>\n<!-- \/ Yoast SEO Premium plugin. -->","yoast_head_json":{"title":"Apple Vision Pro: Available in Germany from July 12th Apfelpatient","description":"The Apple Vision Pro will be available in Germany from July 12th. Experience groundbreaking technology for work and entertainment.","robots":{"index":"index","follow":"follow","max-snippet":"max-snippet:-1","max-image-preview":"max-image-preview:large","max-video-preview":"max-video-preview:-1"},"canonical":"https:\/\/www.apfelpatient.de\/en\/news\/apple-vision-pro-available-in-germany-from-july-12th","og_locale":"en_US","og_type":"article","og_title":"Apple Vision Pro: Ab 12. Juli in Deutschland erh\u00e4ltlich","og_description":"Die Apple Vision Pro ist ab 12. Juli in Deutschland erh\u00e4ltlich. Erlebe bahnbrechende Technologie f\u00fcr Arbeit und Unterhaltung.","og_url":"https:\/\/www.apfelpatient.de\/en\/news\/apple-vision-pro-available-in-germany-from-july-12th","og_site_name":"Apfelpatient","article_publisher":"https:\/\/www.facebook.com\/apfelpatientOfficial","article_author":"https:\/\/www.facebook.com\/apfelpatientOfficial","article_published_time":"2024-06-10T17:32:14+00:00","article_modified_time":"2024-06-10T17:54:51+00:00","og_image":[{"width":1600,"height":900,"url":"https:\/\/www.apfelpatient.de\/wp-content\/uploads\/2024\/06\/Apple-WWDC24-Vision-Pro-global-availability-hero-240610-2.jpg","type":"image\/jpeg"}],"author":"Milan","twitter_card":"summary_large_image","twitter_description":"Die Apple Vision Pro ist ab 12. Juli in Deutschland erh\u00e4ltlich. Erlebe bahnbrechende Technologie f\u00fcr Arbeit und Unterhaltung.","twitter_misc":{"Written by":"Milan","Est. reading time":"5 minutes"},"schema":{"@context":"https:\/\/schema.org","@graph":[{"@type":"NewsArticle","@id":"https:\/\/www.apfelpatient.de\/news\/apple-vision-pro-ab-12-juli-in-deutschland-erhaeltlich#article","isPartOf":{"@id":"https:\/\/www.apfelpatient.de\/news\/apple-vision-pro-ab-12-juli-in-deutschland-erhaeltlich"},"author":{"@type":"Organization","@id":"https:\/\/www.apfelpatient.de\/en\/#organization","name":"Apfelpatient","url":"https:\/\/www.apfelpatient.de\/en\/"},"headline":"Apple Vision Pro: Ab 12. Juli in Deutschland erh\u00e4ltlich","datePublished":"2024-06-10T17:32:14+00:00","dateModified":"2024-06-10T17:54:51+00:00","mainEntityOfPage":{"@id":"https:\/\/www.apfelpatient.de\/news\/apple-vision-pro-ab-12-juli-in-deutschland-erhaeltlich"},"wordCount":774,"publisher":{"@type":"Organization","@id":"https:\/\/www.apfelpatient.de\/en\/#organization","name":"Apfelpatient","url":"https:\/\/www.apfelpatient.de\/en\/"},"image":{"@id":"https:\/\/www.apfelpatient.de\/news\/apple-vision-pro-ab-12-juli-in-deutschland-erhaeltlich#primaryimage"},"thumbnailUrl":"https:\/\/www.apfelpatient.de\/wp-content\/uploads\/2024\/06\/Apple-WWDC24-Vision-Pro-global-availability-hero-240610-2.jpg","keywords":["Apple Vision Pro","Apple VR\/AR","WWDC","WWDC 2024"],"articleSection":"News","inLanguage":"en-US","copyrightYear":"2024","copyrightHolder":{"@id":"https:\/\/www.apfelpatient.de\/en\/#organization"}},{"@type":"WebPage","@id":"https:\/\/www.apfelpatient.de\/news\/apple-vision-pro-ab-12-juli-in-deutschland-erhaeltlich","url":"https:\/\/www.apfelpatient.de\/news\/apple-vision-pro-ab-12-juli-in-deutschland-erhaeltlich","name":"Apple Vision Pro: Available in Germany from July 12th Apfelpatient","isPartOf":{"@id":"https:\/\/www.apfelpatient.de\/#website"},"primaryImageOfPage":{"@id":"https:\/\/www.apfelpatient.de\/news\/apple-vision-pro-ab-12-juli-in-deutschland-erhaeltlich#primaryimage"},"image":{"@id":"https:\/\/www.apfelpatient.de\/news\/apple-vision-pro-ab-12-juli-in-deutschland-erhaeltlich#primaryimage"},"thumbnailUrl":"https:\/\/www.apfelpatient.de\/wp-content\/uploads\/2024\/06\/Apple-WWDC24-Vision-Pro-global-availability-hero-240610-2.jpg","datePublished":"2024-06-10T17:32:14+00:00","dateModified":"2024-06-10T17:54:51+00:00","description":"The Apple Vision Pro will be available in Germany from July 12th. Experience groundbreaking technology for work and entertainment.","breadcrumb":{"@id":"https:\/\/www.apfelpatient.de\/news\/apple-vision-pro-ab-12-juli-in-deutschland-erhaeltlich#breadcrumb"},"inLanguage":"en-US","potentialAction":[{"@type":"ReadAction","target":["https:\/\/www.apfelpatient.de\/news\/apple-vision-pro-ab-12-juli-in-deutschland-erhaeltlich"]}]},{"@type":"ImageObject","inLanguage":"en-US","@id":"https:\/\/www.apfelpatient.de\/news\/apple-vision-pro-ab-12-juli-in-deutschland-erhaeltlich#primaryimage","url":"https:\/\/www.apfelpatient.de\/wp-content\/uploads\/2024\/06\/Apple-WWDC24-Vision-Pro-global-availability-hero-240610-2.jpg","contentUrl":"https:\/\/www.apfelpatient.de\/wp-content\/uploads\/2024\/06\/Apple-WWDC24-Vision-Pro-global-availability-hero-240610-2.jpg","width":1600,"height":900,"caption":"Bild: Apple"},{"@type":"BreadcrumbList","@id":"https:\/\/www.apfelpatient.de\/news\/apple-vision-pro-ab-12-juli-in-deutschland-erhaeltlich#breadcrumb","itemListElement":[{"@type":"ListItem","position":1,"name":"Startseite","item":"https:\/\/www.apfelpatient.de\/"},{"@type":"ListItem","position":2,"name":"Apple Vision Pro: Ab 12. Juli in Deutschland erh\u00e4ltlich"}]},{"@type":"WebSite","@id":"https:\/\/www.apfelpatient.de\/#website","url":"https:\/\/www.apfelpatient.de\/","name":"apple patient","description":"Everything about Apple!","publisher":{"@type":"Organization","@id":"https:\/\/www.apfelpatient.de\/en\/#organization","name":"Apfelpatient","url":"https:\/\/www.apfelpatient.de\/en\/"},"alternateName":"Apfelpatient","potentialAction":[{"@type":"SearchAction","target":{"@type":"EntryPoint","urlTemplate":"https:\/\/www.apfelpatient.de\/?s={search_term_string}"},"query-input":{"@type":"PropertyValueSpecification","valueRequired":true,"valueName":"search_term_string"}}],"inLanguage":"en-US"},{"@type":["Person","Organization"],"@id":"https:\/\/www.apfelpatient.de\/#\/schema\/person\/7dc56ad6c8e9824b76d2c08d4c140e13","name":"Milan","logo":{"@id":"https:\/\/www.apfelpatient.de\/#\/schema\/person\/image\/"},"description":"Hello and welcome to my technology blog! As a big Apple fan, I report on everything to do with Apple: from the latest news and exciting rumors to helpful tips and tricks and detailed product tests. If you are as enthusiastic about technology as I am, you have come to the right place!","sameAs":["https:\/\/www.facebook.com\/apfelpatientOfficial","https:\/\/www.linkedin.com\/in\/milan-jovicic-42aa0231b"],"url":"https:\/\/www.apfelpatient.de\/en\/author\/apfeladmin"}]}},"_links":{"self":[{"href":"https:\/\/www.apfelpatient.de\/en\/wp-json\/wp\/v2\/posts\/44656","targetHints":{"allow":["GET"]}}],"collection":[{"href":"https:\/\/www.apfelpatient.de\/en\/wp-json\/wp\/v2\/posts"}],"about":[{"href":"https:\/\/www.apfelpatient.de\/en\/wp-json\/wp\/v2\/types\/post"}],"author":[{"embeddable":true,"href":"https:\/\/www.apfelpatient.de\/en\/wp-json\/wp\/v2\/users\/2"}],"replies":[{"embeddable":true,"href":"https:\/\/www.apfelpatient.de\/en\/wp-json\/wp\/v2\/comments?post=44656"}],"version-history":[{"count":0,"href":"https:\/\/www.apfelpatient.de\/en\/wp-json\/wp\/v2\/posts\/44656\/revisions"}],"wp:featuredmedia":[{"embeddable":true,"href":"https:\/\/www.apfelpatient.de\/en\/wp-json\/wp\/v2\/media\/44657"}],"wp:attachment":[{"href":"https:\/\/www.apfelpatient.de\/en\/wp-json\/wp\/v2\/media?parent=44656"}],"wp:term":[{"taxonomy":"category","embeddable":true,"href":"https:\/\/www.apfelpatient.de\/en\/wp-json\/wp\/v2\/categories?post=44656"},{"taxonomy":"post_tag","embeddable":true,"href":"https:\/\/www.apfelpatient.de\/en\/wp-json\/wp\/v2\/tags?post=44656"}],"curies":[{"name":"wp","href":"https:\/\/api.w.org\/{rel}","templated":true}]}}