{"id":44579,"date":"2024-06-05T20:08:53","date_gmt":"2024-06-05T18:08:53","guid":{"rendered":"https:\/\/www.apfelpatient.de\/?p=44579"},"modified":"2024-06-05T20:08:54","modified_gmt":"2024-06-05T18:08:54","slug":"apple-vision-pro-international-launch-imminent","status":"publish","type":"post","link":"https:\/\/www.apfelpatient.de\/en\/rumors\/apple-vision-pro-internationale-markteinfuehrung-steht-bevor","title":{"rendered":"Apple Vision Pro: International market launch imminent"},"content":{"rendered":"<p class=\"has-drop-cap\"><strong>The Apple Vision Pro is one of the most anticipated technological devices of the year. Since its initial announcement and exclusive US launch in February, tech enthusiasts around the world have been waiting for an international launch. According to renowned analyst Ming-Chi Kuo, that moment is almost here. Here&#039;s everything you need to know about the upcoming international launch of the Vision Pro.<\/strong><\/p>\n\n\n\n<p>The rumor mill about the Apple Vision Pro has been bubbling for months. After the innovative device was already launched in the USA, there was constant speculation about its international availability. Ming-Chi Kuo, a respected analyst, has now finally provided clarity.<\/p>\n\n\n\n<h4 class=\"wp-block-heading\" id=\"h-ankundigung-der-internationalen-markteinfuhrung\">Announcement of the international market launch<\/h4>\n\n\n\n<p>Ming-Chi Kuo has <a href=\"https:\/\/x.com\/mingchikuo\/status\/1798389160673476824?s=46\" target=\"_blank\" rel=\"noreferrer noopener\">recently<\/a> on Platform X that the international launch of the Vision Pro is imminent. According to Kuo, Apple will begin shipping to target markets before mid-June. This announcement is expected to be made during the WWDC keynote, where Apple will not only confirm the international launch but also provide an official release date.<\/p>\n\n\n\n<h4 class=\"wp-block-heading\" id=\"h-zielmarkte-der-ersten-auslieferungswelle\">target markets of the first delivery wave<\/h4>\n\n\n\n<p>Kuo also named the first international markets that will receive the Vision Pro. These markets include:<\/p>\n\n\n\n<ul class=\"wp-block-list\">\n<li>Great Britain<\/li>\n\n\n\n<li>France<\/li>\n\n\n\n<li>Germany<\/li>\n\n\n\n<li>China<\/li>\n\n\n\n<li>Japan<\/li>\n\n\n\n<li>Singapore<\/li>\n<\/ul>\n\n\n\n<p>This selection shows that Apple has prioritized strategically important markets for the first international rollout. It&#039;s possible that more countries will be included in the first wave of deliveries, but according to Kuo, these six are the most important.<\/p>\n\n\n\n<h3 class=\"wp-block-heading\" id=\"h-zusammenhang-mit-visionos-2\">connection with visionOS 2<\/h3>\n\n\n\n<p>The announcement of the expanded markets could coincide perfectly with the unveiling of visionOS 2, the first major software update for the Vision Pro. visionOS 2 is expected to introduce more native first-party apps, new home screen customization options, and many more features. This update will greatly improve the user experience and make the Vision Pro even more attractive to international markets.<\/p>\n\n\n\n<h4 class=\"wp-block-heading\" id=\"h-reaktionen-und-erwartungen\">reactions and expectations<\/h4>\n\n\n\n<p>The technology community is reacting with excitement to this announcement. Expectations are high as the Vision Pro is considered a revolutionary device in the field of augmented reality. It is speculated that the expanded launch will significantly increase sales and secure Apple an even stronger position in the international market.<\/p>\n\n\n\n<h3 class=\"wp-block-heading\" id=\"h-internationale-spannung-apple-vision-pro-kurz-vor-dem-globalen-start\">International excitement: Apple Vision Pro nears global launch<\/h3>\n\n\n\n<p>The international launch of the Apple Vision Pro is just around the corner and excitement is building. With the upcoming announcement during the WWDC keynote and the unveiling of visionOS 2, Apple will undoubtedly be opening a new chapter in the technology industry. If you live in one of the first international markets, you will soon have the opportunity to experience one of the most advanced technological devices in the world. Stay tuned and keep up to date with the latest developments to make sure you are among the first to get your hands on the Vision Pro. (Image: Apple)<\/p>\n\n\n\n<ul class=\"wp-block-list\">\n<li><a href=\"https:\/\/www.apfelpatient.de\/en\/generally\/visionos-2-expected-innovations-apps-subtitles-and-more\">visionOS 2: Expected innovations \u2013 apps, subtitles and more<\/a><\/li>\n<\/ul>\n\n\n\n<h6 class=\"wp-block-heading translation-block\" id=\"h-kennt-ihr-schon-unsere-amazon-storefront-dort-findet-ihr-eine-handverlesene-auswahl-von-diversen-produkten-f-r-euer-iphone-und-co-viel-spa-beim-st-bern\"><em>Have you already visited our Amazon Storefront? There you&#039;ll find a hand-picked selection of various products for your iPhone and other devices \u2013 <span class=\"has-inline-color has-vivid-red-color\"><a href=\"https:\/\/www.amazon.de\/shop\/apfelpatientofficial\" class=\"ek-link\" data-wpel-link=\"exclude\" rel=\"follow noopener\" target=\"_self\"><span style=\"text-decoration: underline\" class=\"ek-underline\">enjoy browsing<\/span><\/a> !<\/span><\/em><\/h6>\n\n\n\n<h6 class=\"wp-block-heading translation-block\" id=\"h-der-beitrag-enthalt-partnerlinks\">This post contains <a data-type=\"URL\" data-id=\"https:\/\/www.apfelpatient.de\/partnerprogramm\" href=\"https:\/\/www.apfelpatient.de\/en\/partner-program\" data-wpel-link=\"internal\" target=\"_self\">affiliate links<\/a>.<\/h6>","protected":false},"excerpt":{"rendered":"<p>Apple Vision Pro: The global launch is near. Discover the target markets and important updates on visionOS 2. Find out more here!<\/p>","protected":false},"author":2,"featured_media":41960,"comment_status":"closed","ping_status":"closed","sticky":false,"template":"","format":"standard","meta":{"jnews-multi-image_gallery":[],"jnews_single_post":{"subtitle":"","format":"standard","video":"","gallery":"","source_name":"","source_url":"","via_name":"","via_url":"","override_template":"0","override":[{"template":"4","single_blog_custom":"","parallax":"1","fullscreen":"1","layout":"right-sidebar","sidebar":"default-sidebar","second_sidebar":"default-sidebar","sticky_sidebar":"1","share_position":"top","share_float_style":"share-monocrhome","show_share_counter":"0","show_view_counter":"0","show_featured":"1","show_post_meta":"1","show_post_author":"1","show_post_author_image":"1","show_post_date":"1","post_date_format":"default","post_date_format_custom":"Y\/m\/d","show_post_category":"1","show_post_reading_time":"0","post_reading_time_wpm":"300","show_zoom_button":"0","zoom_button_out_step":"2","zoom_button_in_step":"3","show_post_tag":"1","show_prev_next_post":"1","show_popup_post":"1","number_popup_post":"1","show_author_box":"0","show_post_related":"0","show_inline_post_related":"0"}],"override_image_size":"0","image_override":[{"single_post_thumbnail_size":"crop-500","single_post_gallery_size":"crop-500"}],"trending_post":"0","trending_post_position":"meta","trending_post_label":"Trending","sponsored_post":"0","sponsored_post_label":"Sponsored by","sponsored_post_name":"","sponsored_post_url":"","sponsored_post_logo_enable":"0","sponsored_post_logo":"","sponsored_post_desc":"","disable_ad":"0"},"jnews_primary_category":{"id":"25","hide":""},"footnotes":""},"categories":[25],"tags":[843,609,844,919],"class_list":["post-44579","post","type-post","status-publish","format-standard","has-post-thumbnail","hentry","category-rumors","tag-apple-vision-pro","tag-apple-vr-ar","tag-visionos","tag-visionos-2"],"yoast_head":"<!-- This site is optimized with the Yoast SEO Premium plugin v27.5 (Yoast SEO v27.5) - https:\/\/yoast.com\/product\/yoast-seo-premium-wordpress\/ -->\n<title>Apple Vision Pro: Internationale Markteinf\u00fchrung steht bevor Apfelpatient<\/title>\n<meta name=\"description\" content=\"Apple Vision Pro: Der globale Launch ist nah. Entdecke die Zielm\u00e4rkte und wichtige Updates zu visionOS 2. Mehr dazu hier!\" \/>\n<meta name=\"robots\" content=\"index, follow, max-snippet:-1, max-image-preview:large, max-video-preview:-1\" \/>\n<link rel=\"canonical\" href=\"https:\/\/www.apfelpatient.de\/en\/rumors\/apple-vision-pro-international-launch-imminent\" \/>\n<meta property=\"og:locale\" content=\"en_US\" \/>\n<meta property=\"og:type\" content=\"article\" \/>\n<meta property=\"og:title\" content=\"Apple Vision Pro: Internationale Markteinf\u00fchrung steht bevor\" \/>\n<meta property=\"og:description\" content=\"Apple Vision Pro: Der globale Launch ist nah. Entdecke die Zielm\u00e4rkte und wichtige Updates zu visionOS 2. Mehr dazu hier!\" \/>\n<meta property=\"og:url\" content=\"https:\/\/www.apfelpatient.de\/en\/rumors\/apple-vision-pro-international-launch-imminent\" \/>\n<meta property=\"og:site_name\" content=\"Apfelpatient\" \/>\n<meta property=\"article:publisher\" content=\"https:\/\/www.facebook.com\/apfelpatientOfficial\" \/>\n<meta property=\"article:author\" content=\"https:\/\/www.facebook.com\/apfelpatientOfficial\" \/>\n<meta property=\"article:published_time\" content=\"2024-06-05T18:08:53+00:00\" \/>\n<meta property=\"article:modified_time\" content=\"2024-06-05T18:08:54+00:00\" \/>\n<meta property=\"og:image\" content=\"https:\/\/www.apfelpatient.de\/wp-content\/uploads\/2024\/02\/Apple-Vision-Pro-availability-customer-demo-01.jpg\" \/>\n\t<meta property=\"og:image:width\" content=\"1600\" \/>\n\t<meta property=\"og:image:height\" content=\"1066\" \/>\n\t<meta property=\"og:image:type\" content=\"image\/jpeg\" \/>\n<meta name=\"author\" content=\"Milan\" \/>\n<meta name=\"twitter:card\" content=\"summary_large_image\" \/>\n<meta name=\"twitter:description\" content=\"Apple Vision Pro: Der globale Launch ist nah. Entdecke die Zielm\u00e4rkte und wichtige Updates zu visionOS 2. Mehr dazu hier!\" \/>\n<meta name=\"twitter:label1\" content=\"Written by\" \/>\n\t<meta name=\"twitter:data1\" content=\"Milan\" \/>\n\t<meta name=\"twitter:label2\" content=\"Est. reading time\" \/>\n\t<meta name=\"twitter:data2\" content=\"3 minutes\" \/>\n<script type=\"application\/ld+json\" class=\"yoast-schema-graph\">{\"@context\":\"https:\\\/\\\/schema.org\",\"@graph\":[{\"@type\":\"NewsArticle\",\"@id\":\"https:\\\/\\\/www.apfelpatient.de\\\/rumors\\\/apple-vision-pro-internationale-markteinfuehrung-steht-bevor#article\",\"isPartOf\":{\"@id\":\"https:\\\/\\\/www.apfelpatient.de\\\/rumors\\\/apple-vision-pro-internationale-markteinfuehrung-steht-bevor\"},\"author\":{\"@type\":\"Organization\",\"@id\":\"https:\\\/\\\/www.apfelpatient.de\\\/en\\\/#organization\",\"name\":\"Apfelpatient\",\"url\":\"https:\\\/\\\/www.apfelpatient.de\\\/en\\\/\"},\"headline\":\"Apple Vision Pro: Internationale Markteinf\u00fchrung steht bevor\",\"datePublished\":\"2024-06-05T18:08:53+00:00\",\"dateModified\":\"2024-06-05T18:08:54+00:00\",\"mainEntityOfPage\":{\"@id\":\"https:\\\/\\\/www.apfelpatient.de\\\/rumors\\\/apple-vision-pro-internationale-markteinfuehrung-steht-bevor\"},\"wordCount\":494,\"publisher\":{\"@type\":\"Organization\",\"@id\":\"https:\\\/\\\/www.apfelpatient.de\\\/en\\\/#organization\",\"name\":\"Apfelpatient\",\"url\":\"https:\\\/\\\/www.apfelpatient.de\\\/en\\\/\"},\"image\":{\"@id\":\"https:\\\/\\\/www.apfelpatient.de\\\/rumors\\\/apple-vision-pro-internationale-markteinfuehrung-steht-bevor#primaryimage\"},\"thumbnailUrl\":\"https:\\\/\\\/www.apfelpatient.de\\\/wp-content\\\/uploads\\\/2024\\\/02\\\/Apple-Vision-Pro-availability-customer-demo-01.jpg\",\"keywords\":[\"Apple Vision Pro\",\"Apple VR\\\/AR\",\"visionOS\",\"visionOS 2\"],\"articleSection\":\"Rumors\",\"inLanguage\":\"en-US\",\"copyrightYear\":\"2024\",\"copyrightHolder\":{\"@id\":\"https:\\\/\\\/www.apfelpatient.de\\\/en\\\/#organization\"}},{\"@type\":\"WebPage\",\"@id\":\"https:\\\/\\\/www.apfelpatient.de\\\/rumors\\\/apple-vision-pro-internationale-markteinfuehrung-steht-bevor\",\"url\":\"https:\\\/\\\/www.apfelpatient.de\\\/rumors\\\/apple-vision-pro-internationale-markteinfuehrung-steht-bevor\",\"name\":\"Apple Vision Pro: Internationale Markteinf\u00fchrung steht bevor Apfelpatient\",\"isPartOf\":{\"@id\":\"https:\\\/\\\/www.apfelpatient.de\\\/#website\"},\"primaryImageOfPage\":{\"@id\":\"https:\\\/\\\/www.apfelpatient.de\\\/rumors\\\/apple-vision-pro-internationale-markteinfuehrung-steht-bevor#primaryimage\"},\"image\":{\"@id\":\"https:\\\/\\\/www.apfelpatient.de\\\/rumors\\\/apple-vision-pro-internationale-markteinfuehrung-steht-bevor#primaryimage\"},\"thumbnailUrl\":\"https:\\\/\\\/www.apfelpatient.de\\\/wp-content\\\/uploads\\\/2024\\\/02\\\/Apple-Vision-Pro-availability-customer-demo-01.jpg\",\"datePublished\":\"2024-06-05T18:08:53+00:00\",\"dateModified\":\"2024-06-05T18:08:54+00:00\",\"description\":\"Apple Vision Pro: Der globale Launch ist nah. Entdecke die Zielm\u00e4rkte und wichtige Updates zu visionOS 2. Mehr dazu hier!\",\"breadcrumb\":{\"@id\":\"https:\\\/\\\/www.apfelpatient.de\\\/rumors\\\/apple-vision-pro-internationale-markteinfuehrung-steht-bevor#breadcrumb\"},\"inLanguage\":\"en-US\",\"potentialAction\":[{\"@type\":\"ReadAction\",\"target\":[\"https:\\\/\\\/www.apfelpatient.de\\\/rumors\\\/apple-vision-pro-internationale-markteinfuehrung-steht-bevor\"]}]},{\"@type\":\"ImageObject\",\"inLanguage\":\"en-US\",\"@id\":\"https:\\\/\\\/www.apfelpatient.de\\\/rumors\\\/apple-vision-pro-internationale-markteinfuehrung-steht-bevor#primaryimage\",\"url\":\"https:\\\/\\\/www.apfelpatient.de\\\/wp-content\\\/uploads\\\/2024\\\/02\\\/Apple-Vision-Pro-availability-customer-demo-01.jpg\",\"contentUrl\":\"https:\\\/\\\/www.apfelpatient.de\\\/wp-content\\\/uploads\\\/2024\\\/02\\\/Apple-Vision-Pro-availability-customer-demo-01.jpg\",\"width\":1600,\"height\":1066,\"caption\":\"Bild: Apple\"},{\"@type\":\"BreadcrumbList\",\"@id\":\"https:\\\/\\\/www.apfelpatient.de\\\/rumors\\\/apple-vision-pro-internationale-markteinfuehrung-steht-bevor#breadcrumb\",\"itemListElement\":[{\"@type\":\"ListItem\",\"position\":1,\"name\":\"Startseite\",\"item\":\"https:\\\/\\\/www.apfelpatient.de\\\/\"},{\"@type\":\"ListItem\",\"position\":2,\"name\":\"Apple Vision Pro: Internationale Markteinf\u00fchrung steht bevor\"}]},{\"@type\":\"WebSite\",\"@id\":\"https:\\\/\\\/www.apfelpatient.de\\\/#website\",\"url\":\"https:\\\/\\\/www.apfelpatient.de\\\/\",\"name\":\"Apfelpatient\",\"description\":\"Alles rund um Apple!\",\"publisher\":{\"@type\":\"Organization\",\"@id\":\"https:\\\/\\\/www.apfelpatient.de\\\/en\\\/#organization\",\"name\":\"Apfelpatient\",\"url\":\"https:\\\/\\\/www.apfelpatient.de\\\/en\\\/\"},\"alternateName\":\"Apfelpatient\",\"potentialAction\":[{\"@type\":\"SearchAction\",\"target\":{\"@type\":\"EntryPoint\",\"urlTemplate\":\"https:\\\/\\\/www.apfelpatient.de\\\/?s={search_term_string}\"},\"query-input\":{\"@type\":\"PropertyValueSpecification\",\"valueRequired\":true,\"valueName\":\"search_term_string\"}}],\"inLanguage\":\"en-US\"},{\"@type\":[\"Person\",\"Organization\"],\"@id\":\"https:\\\/\\\/www.apfelpatient.de\\\/#\\\/schema\\\/person\\\/7dc56ad6c8e9824b76d2c08d4c140e13\",\"name\":\"Milan\",\"logo\":{\"@id\":\"https:\\\/\\\/www.apfelpatient.de\\\/#\\\/schema\\\/person\\\/image\\\/\"},\"description\":\"Hallo und herzlich willkommen auf meinem Technik-Blog! Als gro\u00dfer Apple-Fan berichte ich hier \u00fcber alles, was mit Apple zu tun hat: von den neuesten News und spannenden Ger\u00fcchten \u00fcber hilfreiche Tipps und Tricks bis hin zu ausf\u00fchrlichen Produkttests. Wenn du genauso technikbegeistert bist wie ich, bist du hier genau richtig!\",\"sameAs\":[\"https:\\\/\\\/www.facebook.com\\\/apfelpatientOfficial\",\"https:\\\/\\\/www.linkedin.com\\\/in\\\/milan-jovicic-42aa0231b\"],\"url\":\"https:\\\/\\\/www.apfelpatient.de\\\/en\\\/author\\\/apfeladmin\"}]}<\/script>\n<!-- \/ Yoast SEO Premium plugin. -->","yoast_head_json":{"title":"Apple Vision Pro: International market launch imminent Apfelpatient","description":"Apple Vision Pro: The global launch is near. Discover the target markets and important updates on visionOS 2. Find out more here!","robots":{"index":"index","follow":"follow","max-snippet":"max-snippet:-1","max-image-preview":"max-image-preview:large","max-video-preview":"max-video-preview:-1"},"canonical":"https:\/\/www.apfelpatient.de\/en\/rumors\/apple-vision-pro-international-launch-imminent","og_locale":"en_US","og_type":"article","og_title":"Apple Vision Pro: Internationale Markteinf\u00fchrung steht bevor","og_description":"Apple Vision Pro: Der globale Launch ist nah. Entdecke die Zielm\u00e4rkte und wichtige Updates zu visionOS 2. Mehr dazu hier!","og_url":"https:\/\/www.apfelpatient.de\/en\/rumors\/apple-vision-pro-international-launch-imminent","og_site_name":"Apfelpatient","article_publisher":"https:\/\/www.facebook.com\/apfelpatientOfficial","article_author":"https:\/\/www.facebook.com\/apfelpatientOfficial","article_published_time":"2024-06-05T18:08:53+00:00","article_modified_time":"2024-06-05T18:08:54+00:00","og_image":[{"width":1600,"height":1066,"url":"https:\/\/www.apfelpatient.de\/wp-content\/uploads\/2024\/02\/Apple-Vision-Pro-availability-customer-demo-01.jpg","type":"image\/jpeg"}],"author":"Milan","twitter_card":"summary_large_image","twitter_description":"Apple Vision Pro: Der globale Launch ist nah. Entdecke die Zielm\u00e4rkte und wichtige Updates zu visionOS 2. Mehr dazu hier!","twitter_misc":{"Written by":"Milan","Est. reading time":"3 minutes"},"schema":{"@context":"https:\/\/schema.org","@graph":[{"@type":"NewsArticle","@id":"https:\/\/www.apfelpatient.de\/rumors\/apple-vision-pro-internationale-markteinfuehrung-steht-bevor#article","isPartOf":{"@id":"https:\/\/www.apfelpatient.de\/rumors\/apple-vision-pro-internationale-markteinfuehrung-steht-bevor"},"author":{"@type":"Organization","@id":"https:\/\/www.apfelpatient.de\/en\/#organization","name":"Apfelpatient","url":"https:\/\/www.apfelpatient.de\/en\/"},"headline":"Apple Vision Pro: Internationale Markteinf\u00fchrung steht bevor","datePublished":"2024-06-05T18:08:53+00:00","dateModified":"2024-06-05T18:08:54+00:00","mainEntityOfPage":{"@id":"https:\/\/www.apfelpatient.de\/rumors\/apple-vision-pro-internationale-markteinfuehrung-steht-bevor"},"wordCount":494,"publisher":{"@type":"Organization","@id":"https:\/\/www.apfelpatient.de\/en\/#organization","name":"Apfelpatient","url":"https:\/\/www.apfelpatient.de\/en\/"},"image":{"@id":"https:\/\/www.apfelpatient.de\/rumors\/apple-vision-pro-internationale-markteinfuehrung-steht-bevor#primaryimage"},"thumbnailUrl":"https:\/\/www.apfelpatient.de\/wp-content\/uploads\/2024\/02\/Apple-Vision-Pro-availability-customer-demo-01.jpg","keywords":["Apple Vision Pro","Apple VR\/AR","visionOS","visionOS 2"],"articleSection":"Rumors","inLanguage":"en-US","copyrightYear":"2024","copyrightHolder":{"@id":"https:\/\/www.apfelpatient.de\/en\/#organization"}},{"@type":"WebPage","@id":"https:\/\/www.apfelpatient.de\/rumors\/apple-vision-pro-internationale-markteinfuehrung-steht-bevor","url":"https:\/\/www.apfelpatient.de\/rumors\/apple-vision-pro-internationale-markteinfuehrung-steht-bevor","name":"Apple Vision Pro: International market launch imminent Apfelpatient","isPartOf":{"@id":"https:\/\/www.apfelpatient.de\/#website"},"primaryImageOfPage":{"@id":"https:\/\/www.apfelpatient.de\/rumors\/apple-vision-pro-internationale-markteinfuehrung-steht-bevor#primaryimage"},"image":{"@id":"https:\/\/www.apfelpatient.de\/rumors\/apple-vision-pro-internationale-markteinfuehrung-steht-bevor#primaryimage"},"thumbnailUrl":"https:\/\/www.apfelpatient.de\/wp-content\/uploads\/2024\/02\/Apple-Vision-Pro-availability-customer-demo-01.jpg","datePublished":"2024-06-05T18:08:53+00:00","dateModified":"2024-06-05T18:08:54+00:00","description":"Apple Vision Pro: The global launch is near. Discover the target markets and important updates on visionOS 2. Find out more here!","breadcrumb":{"@id":"https:\/\/www.apfelpatient.de\/rumors\/apple-vision-pro-internationale-markteinfuehrung-steht-bevor#breadcrumb"},"inLanguage":"en-US","potentialAction":[{"@type":"ReadAction","target":["https:\/\/www.apfelpatient.de\/rumors\/apple-vision-pro-internationale-markteinfuehrung-steht-bevor"]}]},{"@type":"ImageObject","inLanguage":"en-US","@id":"https:\/\/www.apfelpatient.de\/rumors\/apple-vision-pro-internationale-markteinfuehrung-steht-bevor#primaryimage","url":"https:\/\/www.apfelpatient.de\/wp-content\/uploads\/2024\/02\/Apple-Vision-Pro-availability-customer-demo-01.jpg","contentUrl":"https:\/\/www.apfelpatient.de\/wp-content\/uploads\/2024\/02\/Apple-Vision-Pro-availability-customer-demo-01.jpg","width":1600,"height":1066,"caption":"Bild: Apple"},{"@type":"BreadcrumbList","@id":"https:\/\/www.apfelpatient.de\/rumors\/apple-vision-pro-internationale-markteinfuehrung-steht-bevor#breadcrumb","itemListElement":[{"@type":"ListItem","position":1,"name":"Startseite","item":"https:\/\/www.apfelpatient.de\/"},{"@type":"ListItem","position":2,"name":"Apple Vision Pro: Internationale Markteinf\u00fchrung steht bevor"}]},{"@type":"WebSite","@id":"https:\/\/www.apfelpatient.de\/#website","url":"https:\/\/www.apfelpatient.de\/","name":"apple patient","description":"Everything about Apple!","publisher":{"@type":"Organization","@id":"https:\/\/www.apfelpatient.de\/en\/#organization","name":"Apfelpatient","url":"https:\/\/www.apfelpatient.de\/en\/"},"alternateName":"Apfelpatient","potentialAction":[{"@type":"SearchAction","target":{"@type":"EntryPoint","urlTemplate":"https:\/\/www.apfelpatient.de\/?s={search_term_string}"},"query-input":{"@type":"PropertyValueSpecification","valueRequired":true,"valueName":"search_term_string"}}],"inLanguage":"en-US"},{"@type":["Person","Organization"],"@id":"https:\/\/www.apfelpatient.de\/#\/schema\/person\/7dc56ad6c8e9824b76d2c08d4c140e13","name":"Milan","logo":{"@id":"https:\/\/www.apfelpatient.de\/#\/schema\/person\/image\/"},"description":"Hello and welcome to my technology blog! As a big Apple fan, I report on everything to do with Apple: from the latest news and exciting rumors to helpful tips and tricks and detailed product tests. If you are as enthusiastic about technology as I am, you have come to the right place!","sameAs":["https:\/\/www.facebook.com\/apfelpatientOfficial","https:\/\/www.linkedin.com\/in\/milan-jovicic-42aa0231b"],"url":"https:\/\/www.apfelpatient.de\/en\/author\/apfeladmin"}]}},"_links":{"self":[{"href":"https:\/\/www.apfelpatient.de\/en\/wp-json\/wp\/v2\/posts\/44579","targetHints":{"allow":["GET"]}}],"collection":[{"href":"https:\/\/www.apfelpatient.de\/en\/wp-json\/wp\/v2\/posts"}],"about":[{"href":"https:\/\/www.apfelpatient.de\/en\/wp-json\/wp\/v2\/types\/post"}],"author":[{"embeddable":true,"href":"https:\/\/www.apfelpatient.de\/en\/wp-json\/wp\/v2\/users\/2"}],"replies":[{"embeddable":true,"href":"https:\/\/www.apfelpatient.de\/en\/wp-json\/wp\/v2\/comments?post=44579"}],"version-history":[{"count":0,"href":"https:\/\/www.apfelpatient.de\/en\/wp-json\/wp\/v2\/posts\/44579\/revisions"}],"wp:featuredmedia":[{"embeddable":true,"href":"https:\/\/www.apfelpatient.de\/en\/wp-json\/wp\/v2\/media\/41960"}],"wp:attachment":[{"href":"https:\/\/www.apfelpatient.de\/en\/wp-json\/wp\/v2\/media?parent=44579"}],"wp:term":[{"taxonomy":"category","embeddable":true,"href":"https:\/\/www.apfelpatient.de\/en\/wp-json\/wp\/v2\/categories?post=44579"},{"taxonomy":"post_tag","embeddable":true,"href":"https:\/\/www.apfelpatient.de\/en\/wp-json\/wp\/v2\/tags?post=44579"}],"curies":[{"name":"wp","href":"https:\/\/api.w.org\/{rel}","templated":true}]}}