{"id":44525,"date":"2024-06-03T15:34:31","date_gmt":"2024-06-03T13:34:31","guid":{"rendered":"https:\/\/www.apfelpatient.de\/?p=44525"},"modified":"2024-06-03T16:00:17","modified_gmt":"2024-06-03T14:00:17","slug":"rumored-iphone-16-pro-will-have-the-worlds-thinnest-frame","status":"publish","type":"post","link":"https:\/\/www.apfelpatient.de\/en\/rumors\/geruecht-iphone-16-pro-soll-duennsten-rahmen-der-welt-haben","title":{"rendered":"Rumor: iPhone 16 Pro to have the world&#039;s thinnest frame"},"content":{"rendered":"<p class=\"has-drop-cap\"><strong>In the dynamic world of smartphones, Apple regularly causes a stir with its products. The latest rumor about the upcoming iPhone 16 Pro promises an exciting change: It is said to have the thinnest smartphone frame in the world. Below you will find out everything you need to know about the design, the technical innovations and the expectations for the iPhone 16 Pro.<\/strong><\/p>\n\n\n\n<p>Apple fans and technology enthusiasts eagerly await the new iPhone models every year. The constant improvements and innovations always set new standards in the industry. This year the focus is on the outer edges of the display. Will they really be as thin as the rumors say? We&#039;ll shed light on the details and technological advances that could make this possible.<\/p>\n\n\n\n<h3 class=\"wp-block-heading\" id=\"h-design-und-display\">Design and Display<\/h3>\n\n\n\n<p>The iPhone 16 Pro is expected to resemble the design of the iPhone 15 Pro, but with some notable changes. The screens of the Pro and Pro Max will be slightly larger. The Pro model is expected to have a 6.3-inch display, while the Pro Max will boast a 6.9-inch display. This increase in size will be offset by the reduction of the black bezel around the screen. According to the source <a href=\"https:\/\/x.com\/UniverseIce\/status\/1797408311513600503?mx=2\" target=\"_blank\" rel=\"noreferrer noopener\">IceUniverse<\/a> The iPhone 16 Pro could have the thinnest smartphone bezels in the world. This claim refers to the frame that surrounds the display. When switching from the 14 to the 15 series, the bezels were reduced from around 3.5 mm to under 2 mm. With the iPhone 16 Pro, this limit is to be reduced even further.<\/p>\n\n\n\n<h4 class=\"wp-block-heading\" id=\"h-brs-technologie\">BRS technology<\/h4>\n\n\n\n<p>Reducing the bezel is not an easy task. Apple uses BRS (Border Reduction Structure) technology to achieve this. This technology allows the wiring and circuitry near the edge of the panel to be bent downwards, allowing a significant reduction in the bezel width. However, this technology also brings with it challenges in manufacturing.<\/p>\n\n\n\n<h4 class=\"wp-block-heading\" id=\"h-weitere-verbesserungen\">Further improvements<\/h4>\n\n\n\n<p>In addition to reducing the frame width and enlarging the display, further innovations are to be expected. The iPhone 16 Pro is expected to be equipped with the latest A18 processor. There will also be a new physical, pressure-sensitive &quot;capture button&quot; that makes taking photos and videos easier. Another exciting innovation is the 5x zoom, which will now also be available for the non-Max model.<\/p>\n\n\n\n<h4 class=\"wp-block-heading\" id=\"h-zukunftsausblick\">future outlook<\/h4>\n\n\n\n<p>Another rumor suggests that Face ID may soon be integrated under the display. This would mean that the cutout in the display could shrink to a round hole on the high-end iPhone 17 in 2025. For the iPhone 16 Pro, however, the Dynamic Island display cutout design is expected to remain unchanged.<\/p>\n\n\n\n<h3 class=\"wp-block-heading\" id=\"h-das-iphone-16-pro-ein-weiteres-kapitel-in-apples-erfolgsgeschichte\">The iPhone 16 Pro: Another chapter in Apple&#039;s success story<\/h3>\n\n\n\n<p>The rumors about the iPhone 16 Pro promise exciting innovations and technical masterpieces. In addition to the aesthetic aspect, this change will also improve handling and the user experience. We can look forward to what Apple will present to us in the fall. With these technological advances and innovative features, Apple is once again showing why it is considered a pioneer in the world of smartphones. The iPhone 16 Pro promises to be another highlight in Apple&#039;s success story. Stay tuned for the official announcements and details. (Photo by Unsplash \/ Tyler Lastovich)<\/p>\n\n\n\n<ul class=\"wp-block-list\">\n<li><a href=\"https:\/\/www.apfelpatient.de\/en\/rumors\/wwdc-2024-no-hardware-announcements-expected\">WWDC 2024: No hardware announcements expected<\/a><\/li>\n\n\n\n<li><a href=\"https:\/\/www.apfelpatient.de\/en\/news\/apple-classifies-iphone-5s-as-outdated-and-ipod-touch-as-vintage\">Apple classifies iPhone 5s as outdated and iPod touch as vintage<\/a><\/li>\n\n\n\n<li><a href=\"https:\/\/www.apfelpatient.de\/en\/rumors\/iphone-16-pro-max-five-big-rumors-at-a-glance\">iPhone 16 Pro Max: Five big rumors at a glance<\/a><\/li>\n\n\n\n<li><a href=\"https:\/\/www.apfelpatient.de\/en\/rumors\/the-iphone-17-ultra-the-next-big-leap-for-apple\">The iPhone 17 Ultra: The next big leap for Apple?<\/a><\/li>\n\n\n\n<li><a href=\"https:\/\/www.apfelpatient.de\/en\/rumors\/foldable-iphone-why-you-still-have-to-wait\">Foldable iPhone: Why you still have to wait<\/a><\/li>\n<\/ul>\n\n\n\n<h6 class=\"wp-block-heading translation-block\" id=\"h-kennt-ihr-schon-unsere-amazon-storefront-dort-findet-ihr-eine-handverlesene-auswahl-von-diversen-produkten-f-r-euer-iphone-und-co-viel-spa-beim-st-bern\"><em>Have you already visited our Amazon Storefront? There you&#039;ll find a hand-picked selection of various products for your iPhone and other devices \u2013 <span class=\"has-inline-color has-vivid-red-color\"><a href=\"https:\/\/www.amazon.de\/shop\/apfelpatientofficial\" class=\"ek-link\" data-wpel-link=\"exclude\" rel=\"follow noopener\" target=\"_self\"><span style=\"text-decoration: underline\" class=\"ek-underline\">enjoy browsing<\/span><\/a> !<\/span><\/em><\/h6>\n\n\n\n<h6 class=\"wp-block-heading translation-block\" id=\"h-der-beitrag-enthalt-partnerlinks\">This post contains <a data-type=\"URL\" data-id=\"https:\/\/www.apfelpatient.de\/partnerprogramm\" href=\"https:\/\/www.apfelpatient.de\/en\/partner-program\" data-wpel-link=\"internal\" target=\"_self\">affiliate links<\/a>.<\/h6>","protected":false},"excerpt":{"rendered":"<p>Rumor: The iPhone 16 Pro will have the thinnest frame in the world. Find out everything about the design and technical innovations.<\/p>","protected":false},"author":2,"featured_media":44527,"comment_status":"closed","ping_status":"closed","sticky":false,"template":"","format":"standard","meta":{"jnews-multi-image_gallery":[],"jnews_single_post":{"subtitle":"","format":"standard","video":"","gallery":"","source_name":"","source_url":"","via_name":"","via_url":"","override_template":"0","override":[{"template":"4","single_blog_custom":"","parallax":"1","fullscreen":"1","layout":"right-sidebar","sidebar":"default-sidebar","second_sidebar":"default-sidebar","sticky_sidebar":"1","share_position":"top","share_float_style":"share-monocrhome","show_share_counter":"0","show_view_counter":"0","show_featured":"1","show_post_meta":"1","show_post_author":"1","show_post_author_image":"1","show_post_date":"1","post_date_format":"default","post_date_format_custom":"Y\/m\/d","show_post_category":"1","show_post_reading_time":"0","post_reading_time_wpm":"300","show_zoom_button":"0","zoom_button_out_step":"2","zoom_button_in_step":"3","show_post_tag":"1","show_prev_next_post":"1","show_popup_post":"1","number_popup_post":"1","show_author_box":"0","show_post_related":"0","show_inline_post_related":"0"}],"override_image_size":"0","image_override":[{"single_post_thumbnail_size":"crop-500","single_post_gallery_size":"crop-500"}],"trending_post":"0","trending_post_position":"meta","trending_post_label":"Trending","sponsored_post":"0","sponsored_post_label":"Sponsored by","sponsored_post_name":"","sponsored_post_url":"","sponsored_post_logo_enable":"0","sponsored_post_logo":"","sponsored_post_desc":"","disable_ad":"0"},"jnews_primary_category":{"id":"25","hide":""},"footnotes":""},"categories":[25],"tags":[8,705,657],"class_list":["post-44525","post","type-post","status-publish","format-standard","has-post-thumbnail","hentry","category-rumors","tag-iphone","tag-iphone-16","tag-iphone-2024"],"yoast_head":"<!-- This site is optimized with the Yoast SEO Premium plugin v27.5 (Yoast SEO v27.5) - https:\/\/yoast.com\/product\/yoast-seo-premium-wordpress\/ -->\n<title>Ger\u00fccht: iPhone 16 Pro soll d\u00fcnnsten Rahmen der Welt haben Apfelpatient<\/title>\n<meta name=\"description\" content=\"Ger\u00fccht: Das iPhone 16 Pro soll den d\u00fcnnsten Rahmen der Welt haben. Erfahre alles \u00fcber das Design und die technischen Neuerungen.\" \/>\n<meta name=\"robots\" content=\"index, follow, max-snippet:-1, max-image-preview:large, max-video-preview:-1\" \/>\n<link rel=\"canonical\" href=\"https:\/\/www.apfelpatient.de\/en\/rumors\/rumored-iphone-16-pro-will-have-the-worlds-thinnest-frame\" \/>\n<meta property=\"og:locale\" content=\"en_US\" \/>\n<meta property=\"og:type\" content=\"article\" \/>\n<meta property=\"og:title\" content=\"Ger\u00fccht: iPhone 16 Pro soll d\u00fcnnsten Rahmen der Welt haben\" \/>\n<meta property=\"og:description\" content=\"Ger\u00fccht: Das iPhone 16 Pro soll den d\u00fcnnsten Rahmen der Welt haben. Erfahre alles \u00fcber das Design und die technischen Neuerungen.\" \/>\n<meta property=\"og:url\" content=\"https:\/\/www.apfelpatient.de\/en\/rumors\/rumored-iphone-16-pro-will-have-the-worlds-thinnest-frame\" \/>\n<meta property=\"og:site_name\" content=\"Apfelpatient\" \/>\n<meta property=\"article:publisher\" content=\"https:\/\/www.facebook.com\/apfelpatientOfficial\" \/>\n<meta property=\"article:author\" content=\"https:\/\/www.facebook.com\/apfelpatientOfficial\" \/>\n<meta property=\"article:published_time\" content=\"2024-06-03T13:34:31+00:00\" \/>\n<meta property=\"article:modified_time\" content=\"2024-06-03T14:00:17+00:00\" \/>\n<meta property=\"og:image\" content=\"https:\/\/www.apfelpatient.de\/wp-content\/uploads\/2024\/06\/tyler-lastovich-d0Sl3AH8Tlg-unsplash.jpg\" \/>\n\t<meta property=\"og:image:width\" content=\"1600\" \/>\n\t<meta property=\"og:image:height\" content=\"1200\" \/>\n\t<meta property=\"og:image:type\" content=\"image\/jpeg\" \/>\n<meta name=\"author\" content=\"Milan\" \/>\n<meta name=\"twitter:card\" content=\"summary_large_image\" \/>\n<meta name=\"twitter:description\" content=\"Ger\u00fccht: Das iPhone 16 Pro soll den d\u00fcnnsten Rahmen der Welt haben. Erfahre alles \u00fcber das Design und die technischen Neuerungen.\" \/>\n<meta name=\"twitter:label1\" content=\"Written by\" \/>\n\t<meta name=\"twitter:data1\" content=\"Milan\" \/>\n\t<meta name=\"twitter:label2\" content=\"Est. reading time\" \/>\n\t<meta name=\"twitter:data2\" content=\"4 minutes\" \/>\n<script type=\"application\/ld+json\" class=\"yoast-schema-graph\">{\"@context\":\"https:\\\/\\\/schema.org\",\"@graph\":[{\"@type\":\"NewsArticle\",\"@id\":\"https:\\\/\\\/www.apfelpatient.de\\\/rumors\\\/geruecht-iphone-16-pro-soll-duennsten-rahmen-der-welt-haben#article\",\"isPartOf\":{\"@id\":\"https:\\\/\\\/www.apfelpatient.de\\\/rumors\\\/geruecht-iphone-16-pro-soll-duennsten-rahmen-der-welt-haben\"},\"author\":{\"@type\":\"Organization\",\"@id\":\"https:\\\/\\\/www.apfelpatient.de\\\/en\\\/#organization\",\"name\":\"Apfelpatient\",\"url\":\"https:\\\/\\\/www.apfelpatient.de\\\/en\\\/\"},\"headline\":\"Ger\u00fccht: iPhone 16 Pro soll d\u00fcnnsten Rahmen der Welt haben\",\"datePublished\":\"2024-06-03T13:34:31+00:00\",\"dateModified\":\"2024-06-03T14:00:17+00:00\",\"mainEntityOfPage\":{\"@id\":\"https:\\\/\\\/www.apfelpatient.de\\\/rumors\\\/geruecht-iphone-16-pro-soll-duennsten-rahmen-der-welt-haben\"},\"wordCount\":580,\"publisher\":{\"@type\":\"Organization\",\"@id\":\"https:\\\/\\\/www.apfelpatient.de\\\/en\\\/#organization\",\"name\":\"Apfelpatient\",\"url\":\"https:\\\/\\\/www.apfelpatient.de\\\/en\\\/\"},\"image\":{\"@id\":\"https:\\\/\\\/www.apfelpatient.de\\\/rumors\\\/geruecht-iphone-16-pro-soll-duennsten-rahmen-der-welt-haben#primaryimage\"},\"thumbnailUrl\":\"https:\\\/\\\/www.apfelpatient.de\\\/wp-content\\\/uploads\\\/2024\\\/06\\\/tyler-lastovich-d0Sl3AH8Tlg-unsplash.jpg\",\"keywords\":[\"iPhone\",\"iPhone 16\",\"iPhone 2024\"],\"articleSection\":\"Rumors\",\"inLanguage\":\"en-US\",\"copyrightYear\":\"2024\",\"copyrightHolder\":{\"@id\":\"https:\\\/\\\/www.apfelpatient.de\\\/en\\\/#organization\"}},{\"@type\":\"WebPage\",\"@id\":\"https:\\\/\\\/www.apfelpatient.de\\\/rumors\\\/geruecht-iphone-16-pro-soll-duennsten-rahmen-der-welt-haben\",\"url\":\"https:\\\/\\\/www.apfelpatient.de\\\/rumors\\\/geruecht-iphone-16-pro-soll-duennsten-rahmen-der-welt-haben\",\"name\":\"Ger\u00fccht: iPhone 16 Pro soll d\u00fcnnsten Rahmen der Welt haben Apfelpatient\",\"isPartOf\":{\"@id\":\"https:\\\/\\\/www.apfelpatient.de\\\/#website\"},\"primaryImageOfPage\":{\"@id\":\"https:\\\/\\\/www.apfelpatient.de\\\/rumors\\\/geruecht-iphone-16-pro-soll-duennsten-rahmen-der-welt-haben#primaryimage\"},\"image\":{\"@id\":\"https:\\\/\\\/www.apfelpatient.de\\\/rumors\\\/geruecht-iphone-16-pro-soll-duennsten-rahmen-der-welt-haben#primaryimage\"},\"thumbnailUrl\":\"https:\\\/\\\/www.apfelpatient.de\\\/wp-content\\\/uploads\\\/2024\\\/06\\\/tyler-lastovich-d0Sl3AH8Tlg-unsplash.jpg\",\"datePublished\":\"2024-06-03T13:34:31+00:00\",\"dateModified\":\"2024-06-03T14:00:17+00:00\",\"description\":\"Ger\u00fccht: Das iPhone 16 Pro soll den d\u00fcnnsten Rahmen der Welt haben. Erfahre alles \u00fcber das Design und die technischen Neuerungen.\",\"breadcrumb\":{\"@id\":\"https:\\\/\\\/www.apfelpatient.de\\\/rumors\\\/geruecht-iphone-16-pro-soll-duennsten-rahmen-der-welt-haben#breadcrumb\"},\"inLanguage\":\"en-US\",\"potentialAction\":[{\"@type\":\"ReadAction\",\"target\":[\"https:\\\/\\\/www.apfelpatient.de\\\/rumors\\\/geruecht-iphone-16-pro-soll-duennsten-rahmen-der-welt-haben\"]}]},{\"@type\":\"ImageObject\",\"inLanguage\":\"en-US\",\"@id\":\"https:\\\/\\\/www.apfelpatient.de\\\/rumors\\\/geruecht-iphone-16-pro-soll-duennsten-rahmen-der-welt-haben#primaryimage\",\"url\":\"https:\\\/\\\/www.apfelpatient.de\\\/wp-content\\\/uploads\\\/2024\\\/06\\\/tyler-lastovich-d0Sl3AH8Tlg-unsplash.jpg\",\"contentUrl\":\"https:\\\/\\\/www.apfelpatient.de\\\/wp-content\\\/uploads\\\/2024\\\/06\\\/tyler-lastovich-d0Sl3AH8Tlg-unsplash.jpg\",\"width\":1600,\"height\":1200,\"caption\":\"Photo by Unsplash \\\/ Tyler Lastovich\"},{\"@type\":\"BreadcrumbList\",\"@id\":\"https:\\\/\\\/www.apfelpatient.de\\\/rumors\\\/geruecht-iphone-16-pro-soll-duennsten-rahmen-der-welt-haben#breadcrumb\",\"itemListElement\":[{\"@type\":\"ListItem\",\"position\":1,\"name\":\"Startseite\",\"item\":\"https:\\\/\\\/www.apfelpatient.de\\\/\"},{\"@type\":\"ListItem\",\"position\":2,\"name\":\"Ger\u00fccht: iPhone 16 Pro soll d\u00fcnnsten Rahmen der Welt haben\"}]},{\"@type\":\"WebSite\",\"@id\":\"https:\\\/\\\/www.apfelpatient.de\\\/#website\",\"url\":\"https:\\\/\\\/www.apfelpatient.de\\\/\",\"name\":\"Apfelpatient\",\"description\":\"Alles rund um Apple!\",\"publisher\":{\"@type\":\"Organization\",\"@id\":\"https:\\\/\\\/www.apfelpatient.de\\\/en\\\/#organization\",\"name\":\"Apfelpatient\",\"url\":\"https:\\\/\\\/www.apfelpatient.de\\\/en\\\/\"},\"alternateName\":\"Apfelpatient\",\"potentialAction\":[{\"@type\":\"SearchAction\",\"target\":{\"@type\":\"EntryPoint\",\"urlTemplate\":\"https:\\\/\\\/www.apfelpatient.de\\\/?s={search_term_string}\"},\"query-input\":{\"@type\":\"PropertyValueSpecification\",\"valueRequired\":true,\"valueName\":\"search_term_string\"}}],\"inLanguage\":\"en-US\"},{\"@type\":[\"Person\",\"Organization\"],\"@id\":\"https:\\\/\\\/www.apfelpatient.de\\\/#\\\/schema\\\/person\\\/7dc56ad6c8e9824b76d2c08d4c140e13\",\"name\":\"Milan\",\"logo\":{\"@id\":\"https:\\\/\\\/www.apfelpatient.de\\\/#\\\/schema\\\/person\\\/image\\\/\"},\"description\":\"Hallo und herzlich willkommen auf meinem Technik-Blog! Als gro\u00dfer Apple-Fan berichte ich hier \u00fcber alles, was mit Apple zu tun hat: von den neuesten News und spannenden Ger\u00fcchten \u00fcber hilfreiche Tipps und Tricks bis hin zu ausf\u00fchrlichen Produkttests. Wenn du genauso technikbegeistert bist wie ich, bist du hier genau richtig!\",\"sameAs\":[\"https:\\\/\\\/www.facebook.com\\\/apfelpatientOfficial\",\"https:\\\/\\\/www.linkedin.com\\\/in\\\/milan-jovicic-42aa0231b\"],\"url\":\"https:\\\/\\\/www.apfelpatient.de\\\/en\\\/author\\\/apfeladmin\"}]}<\/script>\n<!-- \/ Yoast SEO Premium plugin. -->","yoast_head_json":{"title":"Rumor: iPhone 16 Pro will have the world&#039;s thinnest frame Apfelpatient","description":"Rumor: The iPhone 16 Pro will have the thinnest frame in the world. Find out everything about the design and technical innovations.","robots":{"index":"index","follow":"follow","max-snippet":"max-snippet:-1","max-image-preview":"max-image-preview:large","max-video-preview":"max-video-preview:-1"},"canonical":"https:\/\/www.apfelpatient.de\/en\/rumors\/rumored-iphone-16-pro-will-have-the-worlds-thinnest-frame","og_locale":"en_US","og_type":"article","og_title":"Ger\u00fccht: iPhone 16 Pro soll d\u00fcnnsten Rahmen der Welt haben","og_description":"Ger\u00fccht: Das iPhone 16 Pro soll den d\u00fcnnsten Rahmen der Welt haben. Erfahre alles \u00fcber das Design und die technischen Neuerungen.","og_url":"https:\/\/www.apfelpatient.de\/en\/rumors\/rumored-iphone-16-pro-will-have-the-worlds-thinnest-frame","og_site_name":"Apfelpatient","article_publisher":"https:\/\/www.facebook.com\/apfelpatientOfficial","article_author":"https:\/\/www.facebook.com\/apfelpatientOfficial","article_published_time":"2024-06-03T13:34:31+00:00","article_modified_time":"2024-06-03T14:00:17+00:00","og_image":[{"width":1600,"height":1200,"url":"https:\/\/www.apfelpatient.de\/wp-content\/uploads\/2024\/06\/tyler-lastovich-d0Sl3AH8Tlg-unsplash.jpg","type":"image\/jpeg"}],"author":"Milan","twitter_card":"summary_large_image","twitter_description":"Ger\u00fccht: Das iPhone 16 Pro soll den d\u00fcnnsten Rahmen der Welt haben. Erfahre alles \u00fcber das Design und die technischen Neuerungen.","twitter_misc":{"Written by":"Milan","Est. reading time":"4 minutes"},"schema":{"@context":"https:\/\/schema.org","@graph":[{"@type":"NewsArticle","@id":"https:\/\/www.apfelpatient.de\/rumors\/geruecht-iphone-16-pro-soll-duennsten-rahmen-der-welt-haben#article","isPartOf":{"@id":"https:\/\/www.apfelpatient.de\/rumors\/geruecht-iphone-16-pro-soll-duennsten-rahmen-der-welt-haben"},"author":{"@type":"Organization","@id":"https:\/\/www.apfelpatient.de\/en\/#organization","name":"Apfelpatient","url":"https:\/\/www.apfelpatient.de\/en\/"},"headline":"Ger\u00fccht: iPhone 16 Pro soll d\u00fcnnsten Rahmen der Welt haben","datePublished":"2024-06-03T13:34:31+00:00","dateModified":"2024-06-03T14:00:17+00:00","mainEntityOfPage":{"@id":"https:\/\/www.apfelpatient.de\/rumors\/geruecht-iphone-16-pro-soll-duennsten-rahmen-der-welt-haben"},"wordCount":580,"publisher":{"@type":"Organization","@id":"https:\/\/www.apfelpatient.de\/en\/#organization","name":"Apfelpatient","url":"https:\/\/www.apfelpatient.de\/en\/"},"image":{"@id":"https:\/\/www.apfelpatient.de\/rumors\/geruecht-iphone-16-pro-soll-duennsten-rahmen-der-welt-haben#primaryimage"},"thumbnailUrl":"https:\/\/www.apfelpatient.de\/wp-content\/uploads\/2024\/06\/tyler-lastovich-d0Sl3AH8Tlg-unsplash.jpg","keywords":["iPhone","iPhone 16","iPhone 2024"],"articleSection":"Rumors","inLanguage":"en-US","copyrightYear":"2024","copyrightHolder":{"@id":"https:\/\/www.apfelpatient.de\/en\/#organization"}},{"@type":"WebPage","@id":"https:\/\/www.apfelpatient.de\/rumors\/geruecht-iphone-16-pro-soll-duennsten-rahmen-der-welt-haben","url":"https:\/\/www.apfelpatient.de\/rumors\/geruecht-iphone-16-pro-soll-duennsten-rahmen-der-welt-haben","name":"Rumor: iPhone 16 Pro will have the world&#039;s thinnest frame Apfelpatient","isPartOf":{"@id":"https:\/\/www.apfelpatient.de\/#website"},"primaryImageOfPage":{"@id":"https:\/\/www.apfelpatient.de\/rumors\/geruecht-iphone-16-pro-soll-duennsten-rahmen-der-welt-haben#primaryimage"},"image":{"@id":"https:\/\/www.apfelpatient.de\/rumors\/geruecht-iphone-16-pro-soll-duennsten-rahmen-der-welt-haben#primaryimage"},"thumbnailUrl":"https:\/\/www.apfelpatient.de\/wp-content\/uploads\/2024\/06\/tyler-lastovich-d0Sl3AH8Tlg-unsplash.jpg","datePublished":"2024-06-03T13:34:31+00:00","dateModified":"2024-06-03T14:00:17+00:00","description":"Rumor: The iPhone 16 Pro will have the thinnest frame in the world. Find out everything about the design and technical innovations.","breadcrumb":{"@id":"https:\/\/www.apfelpatient.de\/rumors\/geruecht-iphone-16-pro-soll-duennsten-rahmen-der-welt-haben#breadcrumb"},"inLanguage":"en-US","potentialAction":[{"@type":"ReadAction","target":["https:\/\/www.apfelpatient.de\/rumors\/geruecht-iphone-16-pro-soll-duennsten-rahmen-der-welt-haben"]}]},{"@type":"ImageObject","inLanguage":"en-US","@id":"https:\/\/www.apfelpatient.de\/rumors\/geruecht-iphone-16-pro-soll-duennsten-rahmen-der-welt-haben#primaryimage","url":"https:\/\/www.apfelpatient.de\/wp-content\/uploads\/2024\/06\/tyler-lastovich-d0Sl3AH8Tlg-unsplash.jpg","contentUrl":"https:\/\/www.apfelpatient.de\/wp-content\/uploads\/2024\/06\/tyler-lastovich-d0Sl3AH8Tlg-unsplash.jpg","width":1600,"height":1200,"caption":"Photo by Unsplash \/ Tyler Lastovich"},{"@type":"BreadcrumbList","@id":"https:\/\/www.apfelpatient.de\/rumors\/geruecht-iphone-16-pro-soll-duennsten-rahmen-der-welt-haben#breadcrumb","itemListElement":[{"@type":"ListItem","position":1,"name":"Startseite","item":"https:\/\/www.apfelpatient.de\/"},{"@type":"ListItem","position":2,"name":"Ger\u00fccht: iPhone 16 Pro soll d\u00fcnnsten Rahmen der Welt haben"}]},{"@type":"WebSite","@id":"https:\/\/www.apfelpatient.de\/#website","url":"https:\/\/www.apfelpatient.de\/","name":"apple patient","description":"Everything about Apple!","publisher":{"@type":"Organization","@id":"https:\/\/www.apfelpatient.de\/en\/#organization","name":"Apfelpatient","url":"https:\/\/www.apfelpatient.de\/en\/"},"alternateName":"Apfelpatient","potentialAction":[{"@type":"SearchAction","target":{"@type":"EntryPoint","urlTemplate":"https:\/\/www.apfelpatient.de\/?s={search_term_string}"},"query-input":{"@type":"PropertyValueSpecification","valueRequired":true,"valueName":"search_term_string"}}],"inLanguage":"en-US"},{"@type":["Person","Organization"],"@id":"https:\/\/www.apfelpatient.de\/#\/schema\/person\/7dc56ad6c8e9824b76d2c08d4c140e13","name":"Milan","logo":{"@id":"https:\/\/www.apfelpatient.de\/#\/schema\/person\/image\/"},"description":"Hello and welcome to my technology blog! As a big Apple fan, I report on everything to do with Apple: from the latest news and exciting rumors to helpful tips and tricks and detailed product tests. If you are as enthusiastic about technology as I am, you have come to the right place!","sameAs":["https:\/\/www.facebook.com\/apfelpatientOfficial","https:\/\/www.linkedin.com\/in\/milan-jovicic-42aa0231b"],"url":"https:\/\/www.apfelpatient.de\/en\/author\/apfeladmin"}]}},"_links":{"self":[{"href":"https:\/\/www.apfelpatient.de\/en\/wp-json\/wp\/v2\/posts\/44525","targetHints":{"allow":["GET"]}}],"collection":[{"href":"https:\/\/www.apfelpatient.de\/en\/wp-json\/wp\/v2\/posts"}],"about":[{"href":"https:\/\/www.apfelpatient.de\/en\/wp-json\/wp\/v2\/types\/post"}],"author":[{"embeddable":true,"href":"https:\/\/www.apfelpatient.de\/en\/wp-json\/wp\/v2\/users\/2"}],"replies":[{"embeddable":true,"href":"https:\/\/www.apfelpatient.de\/en\/wp-json\/wp\/v2\/comments?post=44525"}],"version-history":[{"count":0,"href":"https:\/\/www.apfelpatient.de\/en\/wp-json\/wp\/v2\/posts\/44525\/revisions"}],"wp:featuredmedia":[{"embeddable":true,"href":"https:\/\/www.apfelpatient.de\/en\/wp-json\/wp\/v2\/media\/44527"}],"wp:attachment":[{"href":"https:\/\/www.apfelpatient.de\/en\/wp-json\/wp\/v2\/media?parent=44525"}],"wp:term":[{"taxonomy":"category","embeddable":true,"href":"https:\/\/www.apfelpatient.de\/en\/wp-json\/wp\/v2\/categories?post=44525"},{"taxonomy":"post_tag","embeddable":true,"href":"https:\/\/www.apfelpatient.de\/en\/wp-json\/wp\/v2\/tags?post=44525"}],"curies":[{"name":"wp","href":"https:\/\/api.w.org\/{rel}","templated":true}]}}