{"id":44493,"date":"2024-06-06T20:15:54","date_gmt":"2024-06-06T18:15:54","guid":{"rendered":"https:\/\/www.apfelpatient.de\/?p=44493"},"modified":"2024-06-06T20:15:55","modified_gmt":"2024-06-06T18:15:55","slug":"the-foldable-macbook-what-can-we-expect-from-apple","status":"publish","type":"post","link":"https:\/\/www.apfelpatient.de\/en\/allgemein\/das-faltbare-macbook-was-erwartet-uns-von-apple","title":{"rendered":"The foldable MacBook: What can we expect from Apple?"},"content":{"rendered":"<p class=\"has-drop-cap\"><strong>The world of technology is constantly changing, and Apple is often at the forefront of these innovations. Rumors and speculation about a foldable MacBook have been doing the rounds lately. But what is the truth behind these reports? Below, you&#039;ll find out everything you need to know about the potential foldable MacBook, from its design and size to its price and release date.<\/strong><\/p>\n\n\n\n<p>Over the past few years, Apple has continued to find new ways to revolutionize its products. With the introduction of the M-series chips, the company has shown that it is willing to push the boundaries of technology. A foldable MacBook could be the next big step. Here are the six most important things you should know about this innovative device.<\/p>\n\n\n\n<h4 class=\"wp-block-heading\" id=\"h-design\">Design<\/h4>\n\n\n\n<p>The design of a foldable MacBook would be significantly different from previous MacBook models. Instead of a traditional screen and physical keyboard, the device could have a single large screen that folds in the middle. When unfolded, it could be used as a monitor in conjunction with an external keyboard and mouse. When folded, it functions as a notebook with an on-screen keyboard that offers digital keys and haptic feedback to simulate the feel of a real keyboard.<\/p>\n\n\n\n<h4 class=\"wp-block-heading\" id=\"h-grosse\">Size<\/h4>\n\n\n\n<p>According to analyst Ross Young, the foldable MacBook will have an impressive 18.8-inch display. Apple is working to ensure that the screen is &quot;as crease-free as possible.&quot; Well-known Apple analyst Ming-Chi Kuo has also mentioned a screen of around 19 inches. This generous screen size would make the device ideal for both productive tasks and multimedia applications.<\/p>\n\n\n\n<h4 class=\"wp-block-heading\" id=\"h-display-technologie\">Display technology<\/h4>\n\n\n\n<p>Apple is said to be working with LG Display on a foldable OLED panel. LG has made significant progress in developing foldable, ultra-thin cover glass in recent years. There are also reports that Apple could be testing EPD (Electronic Paper Display) technology, which is known for its excellent visibility in bright light. Such a display could be used for both the inner and outer displays of the device. In addition, the foldable MacBook is expected to have a resolution of 5K or higher, which guarantees impressive image quality.<\/p>\n\n\n\n<h4 class=\"wp-block-heading\" id=\"h-m-serie-chip\">M-series chip<\/h4>\n\n\n\n<p>Production of the foldable screens could begin in the fourth quarter of 2025, which would coincide with the launch of the new M5 chip. This chip is expected to be based on a 3-nanometer or even a 2-nanometer node, which means even higher performance and better energy efficiency. Reducing the node size makes it possible to fit more transistors on a chip, resulting in faster and more efficient processors.<\/p>\n\n\n\n<h4 class=\"wp-block-heading\" id=\"h-preis\">Price<\/h4>\n\n\n\n<p>A foldable MacBook certainly won&#039;t be cheap. According to analyst Kuo, the price at launch could be almost as high as the Vision Pro headset, which costs $3,500. Since the 16-inch MacBook Pro currently starts at \u20ac2,999, it&#039;s expected that the foldable model will be even more expensive.<\/p>\n\n\n\n<h4 class=\"wp-block-heading\" id=\"h-erscheinungsdatum\">Release date<\/h4>\n\n\n\n<p>The rumors suggest that Apple could begin mass production in the fourth quarter of 2025, so a late 2025 or early 2026 launch seems realistic. Analysts such as Ross Young and Jeff Pu estimate that the device could be released as early as 2025. However, it remains to be seen whether these timelines will come true, as Apple&#039;s plans can change at any time.<\/p>\n\n\n\n<h3 class=\"wp-block-heading\" id=\"h-das-faltbare-macbook-ein-spannender-ausblick-auf-die-zukunft\">The foldable MacBook: An exciting look into the future<\/h3>\n\n\n\n<p class=\"translation-block\">The foldable MacBook could revolutionize the way we use laptops. With an innovative design, advanced display technology, and powerful chips, Apple seems to be pushing the boundaries of what&#039;s possible again. While much remains uncertain, the information so far offers an exciting glimpse of what could come. Stay tuned and stay tuned to see what&#039;s coming next. Looking for new accessories? Then check out <a href=\"https:\/\/www.amazon.de\/shop\/apfelpatientofficial\" target=\"_blank\" rel=\"noreferrer noopener follow\" data-wpel-link=\"exclude\">our Amazon Storefront<\/a> \u2013 there you&#039;ll find numerous products from leading manufacturers, including products for HomeKit and other devices! (Photo by Unsplash \/ Anthony Garand)<\/p>\n\n\n\n<ul class=\"wp-block-list\">\n<li><a href=\"https:\/\/www.apfelpatient.de\/en\/generally\/when-will-all-mac-models-get-the-new-apple-m4\">When will all Mac models get the new Apple M4?<\/a><\/li>\n\n\n\n<li><a href=\"https:\/\/www.apfelpatient.de\/en\/generally\/apples-next-generation-insight-into-mac-pro-and-mac-studio\">Apple&#039;s next generation: Insight into Mac Pro and Mac Studio<\/a><\/li>\n\n\n\n<li><a href=\"https:\/\/www.apfelpatient.de\/en\/generally\/the-macbook-pro-m4-series-from-apple-what-to-expect\">Apple&#039;s MacBook Pro M4 lineup: What to expect<\/a><\/li>\n\n\n\n<li><a href=\"https:\/\/www.apfelpatient.de\/en\/generally\/apples-m4-mac-studio-what-is-known-so-far\">Apple&#039;s M4 Mac Studio: What is known so far<\/a><\/li>\n\n\n\n<li><a href=\"https:\/\/www.apfelpatient.de\/en\/generally\/apples-m4-mac-pro-what-to-expect\">Apple&#039;s M4 Mac Pro: What to Expect<\/a><\/li>\n\n\n\n<li><a href=\"https:\/\/www.apfelpatient.de\/en\/generally\/apples-m4-macbook-air-what-to-expect\">Apple&#039;s M4 MacBook Air: What to Expect<\/a><\/li>\n\n\n\n<li><a href=\"https:\/\/www.apfelpatient.de\/en\/generally\/preview-apples-next-studio-and-pro-xdr-displays\">Preview: Apple&#039;s next Studio and Pro XDR displays<\/a><\/li>\n\n\n\n<li><a href=\"https:\/\/www.apfelpatient.de\/en\/generally\/apples-m4-mac-mini-what-we-know\">Apple&#039;s M4 Mac Mini: What we know<\/a><\/li>\n\n\n\n<li><a href=\"https:\/\/www.apfelpatient.de\/en\/generally\/apples-m4-imac-what-to-expect\">Apple&#039;s M4 iMac: What to Expect<\/a><\/li>\n<\/ul>\n\n\n\n<h6 class=\"wp-block-heading translation-block\" id=\"h-kennt-ihr-schon-unsere-amazon-storefront-dort-findet-ihr-eine-handverlesene-auswahl-von-diversen-produkten-f-r-euer-iphone-und-co-viel-spa-beim-st-bern\"><em>Have you already visited our Amazon Storefront? There you&#039;ll find a hand-picked selection of various products for your iPhone and other devices \u2013 <span class=\"has-inline-color has-vivid-red-color\"><a href=\"https:\/\/www.amazon.de\/shop\/apfelpatientofficial\" class=\"ek-link\" data-wpel-link=\"exclude\" rel=\"follow noopener\" target=\"_self\"><span style=\"text-decoration: underline\" class=\"ek-underline\">enjoy browsing<\/span><\/a> !<\/span><\/em><\/h6>\n\n\n\n<h6 class=\"wp-block-heading translation-block\" id=\"h-der-beitrag-enthalt-partnerlinks\">This post contains <a data-type=\"URL\" data-id=\"https:\/\/www.apfelpatient.de\/partnerprogramm\" href=\"https:\/\/www.apfelpatient.de\/en\/partner-program\" data-wpel-link=\"internal\" target=\"_self\">affiliate links<\/a>.<\/h6>","protected":false},"excerpt":{"rendered":"<p>A foldable MacBook from Apple? Find out everything about the design, display and release date of this innovative device. Stay informed!<\/p>","protected":false},"author":2,"featured_media":44492,"comment_status":"closed","ping_status":"closed","sticky":false,"template":"","format":"standard","meta":{"jnews-multi-image_gallery":[],"jnews_single_post":{"subtitle":"","format":"standard","video":"","gallery":"","source_name":"","source_url":"","via_name":"","via_url":"","override_template":"0","override":[{"template":"4","single_blog_custom":"","parallax":"1","fullscreen":"1","layout":"right-sidebar","sidebar":"default-sidebar","second_sidebar":"default-sidebar","sticky_sidebar":"1","share_position":"top","share_float_style":"share-monocrhome","show_share_counter":"0","show_view_counter":"0","show_featured":"1","show_post_meta":"1","show_post_author":"1","show_post_author_image":"1","show_post_date":"1","post_date_format":"default","post_date_format_custom":"Y\/m\/d","show_post_category":"1","show_post_reading_time":"0","post_reading_time_wpm":"300","show_zoom_button":"0","zoom_button_out_step":"2","zoom_button_in_step":"3","show_post_tag":"1","show_prev_next_post":"1","show_popup_post":"1","number_popup_post":"1","show_author_box":"0","show_post_related":"0","show_inline_post_related":"0"}],"override_image_size":"0","image_override":[{"single_post_thumbnail_size":"crop-500","single_post_gallery_size":"crop-500"}],"trending_post":"0","trending_post_position":"meta","trending_post_label":"Trending","sponsored_post":"0","sponsored_post_label":"Sponsored by","sponsored_post_name":"","sponsored_post_url":"","sponsored_post_logo_enable":"0","sponsored_post_logo":"","sponsored_post_desc":"","disable_ad":"0"},"jnews_primary_category":{"id":"2","hide":""},"footnotes":""},"categories":[2],"tags":[40,49],"class_list":["post-44493","post","type-post","status-publish","format-standard","has-post-thumbnail","hentry","category-allgemein","tag-mac","tag-macbook"],"yoast_head":"<!-- This site is optimized with the Yoast SEO Premium plugin v27.5 (Yoast SEO v27.5) - https:\/\/yoast.com\/product\/yoast-seo-premium-wordpress\/ -->\n<title>Das faltbare MacBook: Was erwartet uns von Apple? Apfelpatient<\/title>\n<meta name=\"description\" content=\"Ein faltbares MacBook von Apple? Erfahre alles \u00fcber Design, Display und Erscheinungsdatum dieses innovativen Ger\u00e4ts. Bleib informiert!\" \/>\n<meta name=\"robots\" content=\"index, follow, max-snippet:-1, max-image-preview:large, max-video-preview:-1\" \/>\n<link rel=\"canonical\" href=\"https:\/\/www.apfelpatient.de\/en\/generally\/the-foldable-macbook-what-can-we-expect-from-apple\" \/>\n<meta property=\"og:locale\" content=\"en_US\" \/>\n<meta property=\"og:type\" content=\"article\" \/>\n<meta property=\"og:title\" content=\"Das faltbare MacBook: Was erwartet uns von Apple?\" \/>\n<meta property=\"og:description\" content=\"Ein faltbares MacBook von Apple? Erfahre alles \u00fcber Design, Display und Erscheinungsdatum dieses innovativen Ger\u00e4ts. Bleib informiert!\" \/>\n<meta property=\"og:url\" content=\"https:\/\/www.apfelpatient.de\/en\/generally\/the-foldable-macbook-what-can-we-expect-from-apple\" \/>\n<meta property=\"og:site_name\" content=\"Apfelpatient\" \/>\n<meta property=\"article:publisher\" content=\"https:\/\/www.facebook.com\/apfelpatientOfficial\" \/>\n<meta property=\"article:author\" content=\"https:\/\/www.facebook.com\/apfelpatientOfficial\" \/>\n<meta property=\"article:published_time\" content=\"2024-06-06T18:15:54+00:00\" \/>\n<meta property=\"article:modified_time\" content=\"2024-06-06T18:15:55+00:00\" \/>\n<meta property=\"og:image\" content=\"https:\/\/www.apfelpatient.de\/wp-content\/uploads\/2024\/06\/anthony-garand-5sT07dJl65s-unsplash.jpg\" \/>\n\t<meta property=\"og:image:width\" content=\"1600\" \/>\n\t<meta property=\"og:image:height\" content=\"754\" \/>\n\t<meta property=\"og:image:type\" content=\"image\/jpeg\" \/>\n<meta name=\"author\" content=\"Milan\" \/>\n<meta name=\"twitter:card\" content=\"summary_large_image\" \/>\n<meta name=\"twitter:description\" content=\"Ein faltbares MacBook von Apple? Erfahre alles \u00fcber Design, Display und Erscheinungsdatum dieses innovativen Ger\u00e4ts. Bleib informiert!\" \/>\n<meta name=\"twitter:label1\" content=\"Written by\" \/>\n\t<meta name=\"twitter:data1\" content=\"Milan\" \/>\n\t<meta name=\"twitter:label2\" content=\"Est. reading time\" \/>\n\t<meta name=\"twitter:data2\" content=\"5 minutes\" \/>\n<script type=\"application\/ld+json\" class=\"yoast-schema-graph\">{\"@context\":\"https:\\\/\\\/schema.org\",\"@graph\":[{\"@type\":\"NewsArticle\",\"@id\":\"https:\\\/\\\/www.apfelpatient.de\\\/allgemein\\\/das-faltbare-macbook-was-erwartet-uns-von-apple#article\",\"isPartOf\":{\"@id\":\"https:\\\/\\\/www.apfelpatient.de\\\/allgemein\\\/das-faltbare-macbook-was-erwartet-uns-von-apple\"},\"author\":{\"@type\":\"Organization\",\"@id\":\"https:\\\/\\\/www.apfelpatient.de\\\/en\\\/#organization\",\"name\":\"Apfelpatient\",\"url\":\"https:\\\/\\\/www.apfelpatient.de\\\/en\\\/\"},\"headline\":\"Das faltbare MacBook: Was erwartet uns von Apple?\",\"datePublished\":\"2024-06-06T18:15:54+00:00\",\"dateModified\":\"2024-06-06T18:15:55+00:00\",\"mainEntityOfPage\":{\"@id\":\"https:\\\/\\\/www.apfelpatient.de\\\/allgemein\\\/das-faltbare-macbook-was-erwartet-uns-von-apple\"},\"wordCount\":767,\"publisher\":{\"@type\":\"Organization\",\"@id\":\"https:\\\/\\\/www.apfelpatient.de\\\/en\\\/#organization\",\"name\":\"Apfelpatient\",\"url\":\"https:\\\/\\\/www.apfelpatient.de\\\/en\\\/\"},\"image\":{\"@id\":\"https:\\\/\\\/www.apfelpatient.de\\\/allgemein\\\/das-faltbare-macbook-was-erwartet-uns-von-apple#primaryimage\"},\"thumbnailUrl\":\"https:\\\/\\\/www.apfelpatient.de\\\/wp-content\\\/uploads\\\/2024\\\/06\\\/anthony-garand-5sT07dJl65s-unsplash.jpg\",\"keywords\":[\"Mac\",\"MacBook\"],\"articleSection\":\"Allgemein\",\"inLanguage\":\"en-US\",\"copyrightYear\":\"2024\",\"copyrightHolder\":{\"@id\":\"https:\\\/\\\/www.apfelpatient.de\\\/en\\\/#organization\"}},{\"@type\":\"WebPage\",\"@id\":\"https:\\\/\\\/www.apfelpatient.de\\\/allgemein\\\/das-faltbare-macbook-was-erwartet-uns-von-apple\",\"url\":\"https:\\\/\\\/www.apfelpatient.de\\\/allgemein\\\/das-faltbare-macbook-was-erwartet-uns-von-apple\",\"name\":\"Das faltbare MacBook: Was erwartet uns von Apple? Apfelpatient\",\"isPartOf\":{\"@id\":\"https:\\\/\\\/www.apfelpatient.de\\\/#website\"},\"primaryImageOfPage\":{\"@id\":\"https:\\\/\\\/www.apfelpatient.de\\\/allgemein\\\/das-faltbare-macbook-was-erwartet-uns-von-apple#primaryimage\"},\"image\":{\"@id\":\"https:\\\/\\\/www.apfelpatient.de\\\/allgemein\\\/das-faltbare-macbook-was-erwartet-uns-von-apple#primaryimage\"},\"thumbnailUrl\":\"https:\\\/\\\/www.apfelpatient.de\\\/wp-content\\\/uploads\\\/2024\\\/06\\\/anthony-garand-5sT07dJl65s-unsplash.jpg\",\"datePublished\":\"2024-06-06T18:15:54+00:00\",\"dateModified\":\"2024-06-06T18:15:55+00:00\",\"description\":\"Ein faltbares MacBook von Apple? Erfahre alles \u00fcber Design, Display und Erscheinungsdatum dieses innovativen Ger\u00e4ts. Bleib informiert!\",\"breadcrumb\":{\"@id\":\"https:\\\/\\\/www.apfelpatient.de\\\/allgemein\\\/das-faltbare-macbook-was-erwartet-uns-von-apple#breadcrumb\"},\"inLanguage\":\"en-US\",\"potentialAction\":[{\"@type\":\"ReadAction\",\"target\":[\"https:\\\/\\\/www.apfelpatient.de\\\/allgemein\\\/das-faltbare-macbook-was-erwartet-uns-von-apple\"]}]},{\"@type\":\"ImageObject\",\"inLanguage\":\"en-US\",\"@id\":\"https:\\\/\\\/www.apfelpatient.de\\\/allgemein\\\/das-faltbare-macbook-was-erwartet-uns-von-apple#primaryimage\",\"url\":\"https:\\\/\\\/www.apfelpatient.de\\\/wp-content\\\/uploads\\\/2024\\\/06\\\/anthony-garand-5sT07dJl65s-unsplash.jpg\",\"contentUrl\":\"https:\\\/\\\/www.apfelpatient.de\\\/wp-content\\\/uploads\\\/2024\\\/06\\\/anthony-garand-5sT07dJl65s-unsplash.jpg\",\"width\":1600,\"height\":754,\"caption\":\"Photo by Unsplash \\\/ Anthony Garand\"},{\"@type\":\"BreadcrumbList\",\"@id\":\"https:\\\/\\\/www.apfelpatient.de\\\/allgemein\\\/das-faltbare-macbook-was-erwartet-uns-von-apple#breadcrumb\",\"itemListElement\":[{\"@type\":\"ListItem\",\"position\":1,\"name\":\"Startseite\",\"item\":\"https:\\\/\\\/www.apfelpatient.de\\\/\"},{\"@type\":\"ListItem\",\"position\":2,\"name\":\"Das faltbare MacBook: Was erwartet uns von Apple?\"}]},{\"@type\":\"WebSite\",\"@id\":\"https:\\\/\\\/www.apfelpatient.de\\\/#website\",\"url\":\"https:\\\/\\\/www.apfelpatient.de\\\/\",\"name\":\"Apfelpatient\",\"description\":\"Alles rund um Apple!\",\"publisher\":{\"@type\":\"Organization\",\"@id\":\"https:\\\/\\\/www.apfelpatient.de\\\/en\\\/#organization\",\"name\":\"Apfelpatient\",\"url\":\"https:\\\/\\\/www.apfelpatient.de\\\/en\\\/\"},\"alternateName\":\"Apfelpatient\",\"potentialAction\":[{\"@type\":\"SearchAction\",\"target\":{\"@type\":\"EntryPoint\",\"urlTemplate\":\"https:\\\/\\\/www.apfelpatient.de\\\/?s={search_term_string}\"},\"query-input\":{\"@type\":\"PropertyValueSpecification\",\"valueRequired\":true,\"valueName\":\"search_term_string\"}}],\"inLanguage\":\"en-US\"},{\"@type\":[\"Person\",\"Organization\"],\"@id\":\"https:\\\/\\\/www.apfelpatient.de\\\/#\\\/schema\\\/person\\\/7dc56ad6c8e9824b76d2c08d4c140e13\",\"name\":\"Milan\",\"logo\":{\"@id\":\"https:\\\/\\\/www.apfelpatient.de\\\/#\\\/schema\\\/person\\\/image\\\/\"},\"description\":\"Hallo und herzlich willkommen auf meinem Technik-Blog! Als gro\u00dfer Apple-Fan berichte ich hier \u00fcber alles, was mit Apple zu tun hat: von den neuesten News und spannenden Ger\u00fcchten \u00fcber hilfreiche Tipps und Tricks bis hin zu ausf\u00fchrlichen Produkttests. Wenn du genauso technikbegeistert bist wie ich, bist du hier genau richtig!\",\"sameAs\":[\"https:\\\/\\\/www.facebook.com\\\/apfelpatientOfficial\",\"https:\\\/\\\/www.linkedin.com\\\/in\\\/milan-jovicic-42aa0231b\"],\"url\":\"https:\\\/\\\/www.apfelpatient.de\\\/en\\\/author\\\/apfeladmin\"}]}<\/script>\n<!-- \/ Yoast SEO Premium plugin. -->","yoast_head_json":{"title":"The foldable MacBook: What can we expect from Apple? Apfelpatient","description":"A foldable MacBook from Apple? Find out everything about the design, display and release date of this innovative device. Stay informed!","robots":{"index":"index","follow":"follow","max-snippet":"max-snippet:-1","max-image-preview":"max-image-preview:large","max-video-preview":"max-video-preview:-1"},"canonical":"https:\/\/www.apfelpatient.de\/en\/generally\/the-foldable-macbook-what-can-we-expect-from-apple","og_locale":"en_US","og_type":"article","og_title":"Das faltbare MacBook: Was erwartet uns von Apple?","og_description":"Ein faltbares MacBook von Apple? Erfahre alles \u00fcber Design, Display und Erscheinungsdatum dieses innovativen Ger\u00e4ts. Bleib informiert!","og_url":"https:\/\/www.apfelpatient.de\/en\/generally\/the-foldable-macbook-what-can-we-expect-from-apple","og_site_name":"Apfelpatient","article_publisher":"https:\/\/www.facebook.com\/apfelpatientOfficial","article_author":"https:\/\/www.facebook.com\/apfelpatientOfficial","article_published_time":"2024-06-06T18:15:54+00:00","article_modified_time":"2024-06-06T18:15:55+00:00","og_image":[{"width":1600,"height":754,"url":"https:\/\/www.apfelpatient.de\/wp-content\/uploads\/2024\/06\/anthony-garand-5sT07dJl65s-unsplash.jpg","type":"image\/jpeg"}],"author":"Milan","twitter_card":"summary_large_image","twitter_description":"Ein faltbares MacBook von Apple? Erfahre alles \u00fcber Design, Display und Erscheinungsdatum dieses innovativen Ger\u00e4ts. Bleib informiert!","twitter_misc":{"Written by":"Milan","Est. reading time":"5 minutes"},"schema":{"@context":"https:\/\/schema.org","@graph":[{"@type":"NewsArticle","@id":"https:\/\/www.apfelpatient.de\/allgemein\/das-faltbare-macbook-was-erwartet-uns-von-apple#article","isPartOf":{"@id":"https:\/\/www.apfelpatient.de\/allgemein\/das-faltbare-macbook-was-erwartet-uns-von-apple"},"author":{"@type":"Organization","@id":"https:\/\/www.apfelpatient.de\/en\/#organization","name":"Apfelpatient","url":"https:\/\/www.apfelpatient.de\/en\/"},"headline":"Das faltbare MacBook: Was erwartet uns von Apple?","datePublished":"2024-06-06T18:15:54+00:00","dateModified":"2024-06-06T18:15:55+00:00","mainEntityOfPage":{"@id":"https:\/\/www.apfelpatient.de\/allgemein\/das-faltbare-macbook-was-erwartet-uns-von-apple"},"wordCount":767,"publisher":{"@type":"Organization","@id":"https:\/\/www.apfelpatient.de\/en\/#organization","name":"Apfelpatient","url":"https:\/\/www.apfelpatient.de\/en\/"},"image":{"@id":"https:\/\/www.apfelpatient.de\/allgemein\/das-faltbare-macbook-was-erwartet-uns-von-apple#primaryimage"},"thumbnailUrl":"https:\/\/www.apfelpatient.de\/wp-content\/uploads\/2024\/06\/anthony-garand-5sT07dJl65s-unsplash.jpg","keywords":["Mac","MacBook"],"articleSection":"Allgemein","inLanguage":"en-US","copyrightYear":"2024","copyrightHolder":{"@id":"https:\/\/www.apfelpatient.de\/en\/#organization"}},{"@type":"WebPage","@id":"https:\/\/www.apfelpatient.de\/allgemein\/das-faltbare-macbook-was-erwartet-uns-von-apple","url":"https:\/\/www.apfelpatient.de\/allgemein\/das-faltbare-macbook-was-erwartet-uns-von-apple","name":"The foldable MacBook: What can we expect from Apple? Apfelpatient","isPartOf":{"@id":"https:\/\/www.apfelpatient.de\/#website"},"primaryImageOfPage":{"@id":"https:\/\/www.apfelpatient.de\/allgemein\/das-faltbare-macbook-was-erwartet-uns-von-apple#primaryimage"},"image":{"@id":"https:\/\/www.apfelpatient.de\/allgemein\/das-faltbare-macbook-was-erwartet-uns-von-apple#primaryimage"},"thumbnailUrl":"https:\/\/www.apfelpatient.de\/wp-content\/uploads\/2024\/06\/anthony-garand-5sT07dJl65s-unsplash.jpg","datePublished":"2024-06-06T18:15:54+00:00","dateModified":"2024-06-06T18:15:55+00:00","description":"A foldable MacBook from Apple? Find out everything about the design, display and release date of this innovative device. Stay informed!","breadcrumb":{"@id":"https:\/\/www.apfelpatient.de\/allgemein\/das-faltbare-macbook-was-erwartet-uns-von-apple#breadcrumb"},"inLanguage":"en-US","potentialAction":[{"@type":"ReadAction","target":["https:\/\/www.apfelpatient.de\/allgemein\/das-faltbare-macbook-was-erwartet-uns-von-apple"]}]},{"@type":"ImageObject","inLanguage":"en-US","@id":"https:\/\/www.apfelpatient.de\/allgemein\/das-faltbare-macbook-was-erwartet-uns-von-apple#primaryimage","url":"https:\/\/www.apfelpatient.de\/wp-content\/uploads\/2024\/06\/anthony-garand-5sT07dJl65s-unsplash.jpg","contentUrl":"https:\/\/www.apfelpatient.de\/wp-content\/uploads\/2024\/06\/anthony-garand-5sT07dJl65s-unsplash.jpg","width":1600,"height":754,"caption":"Photo by Unsplash \/ Anthony Garand"},{"@type":"BreadcrumbList","@id":"https:\/\/www.apfelpatient.de\/allgemein\/das-faltbare-macbook-was-erwartet-uns-von-apple#breadcrumb","itemListElement":[{"@type":"ListItem","position":1,"name":"Startseite","item":"https:\/\/www.apfelpatient.de\/"},{"@type":"ListItem","position":2,"name":"Das faltbare MacBook: Was erwartet uns von Apple?"}]},{"@type":"WebSite","@id":"https:\/\/www.apfelpatient.de\/#website","url":"https:\/\/www.apfelpatient.de\/","name":"apple patient","description":"Everything about Apple!","publisher":{"@type":"Organization","@id":"https:\/\/www.apfelpatient.de\/en\/#organization","name":"Apfelpatient","url":"https:\/\/www.apfelpatient.de\/en\/"},"alternateName":"Apfelpatient","potentialAction":[{"@type":"SearchAction","target":{"@type":"EntryPoint","urlTemplate":"https:\/\/www.apfelpatient.de\/?s={search_term_string}"},"query-input":{"@type":"PropertyValueSpecification","valueRequired":true,"valueName":"search_term_string"}}],"inLanguage":"en-US"},{"@type":["Person","Organization"],"@id":"https:\/\/www.apfelpatient.de\/#\/schema\/person\/7dc56ad6c8e9824b76d2c08d4c140e13","name":"Milan","logo":{"@id":"https:\/\/www.apfelpatient.de\/#\/schema\/person\/image\/"},"description":"Hello and welcome to my technology blog! As a big Apple fan, I report on everything to do with Apple: from the latest news and exciting rumors to helpful tips and tricks and detailed product tests. If you are as enthusiastic about technology as I am, you have come to the right place!","sameAs":["https:\/\/www.facebook.com\/apfelpatientOfficial","https:\/\/www.linkedin.com\/in\/milan-jovicic-42aa0231b"],"url":"https:\/\/www.apfelpatient.de\/en\/author\/apfeladmin"}]}},"_links":{"self":[{"href":"https:\/\/www.apfelpatient.de\/en\/wp-json\/wp\/v2\/posts\/44493","targetHints":{"allow":["GET"]}}],"collection":[{"href":"https:\/\/www.apfelpatient.de\/en\/wp-json\/wp\/v2\/posts"}],"about":[{"href":"https:\/\/www.apfelpatient.de\/en\/wp-json\/wp\/v2\/types\/post"}],"author":[{"embeddable":true,"href":"https:\/\/www.apfelpatient.de\/en\/wp-json\/wp\/v2\/users\/2"}],"replies":[{"embeddable":true,"href":"https:\/\/www.apfelpatient.de\/en\/wp-json\/wp\/v2\/comments?post=44493"}],"version-history":[{"count":0,"href":"https:\/\/www.apfelpatient.de\/en\/wp-json\/wp\/v2\/posts\/44493\/revisions"}],"wp:featuredmedia":[{"embeddable":true,"href":"https:\/\/www.apfelpatient.de\/en\/wp-json\/wp\/v2\/media\/44492"}],"wp:attachment":[{"href":"https:\/\/www.apfelpatient.de\/en\/wp-json\/wp\/v2\/media?parent=44493"}],"wp:term":[{"taxonomy":"category","embeddable":true,"href":"https:\/\/www.apfelpatient.de\/en\/wp-json\/wp\/v2\/categories?post=44493"},{"taxonomy":"post_tag","embeddable":true,"href":"https:\/\/www.apfelpatient.de\/en\/wp-json\/wp\/v2\/tags?post=44493"}],"curies":[{"name":"wp","href":"https:\/\/api.w.org\/{rel}","templated":true}]}}