{"id":44475,"date":"2024-05-31T17:39:24","date_gmt":"2024-05-31T15:39:24","guid":{"rendered":"https:\/\/www.apfelpatient.de\/?p=44475"},"modified":"2024-05-31T17:39:26","modified_gmt":"2024-05-31T15:39:26","slug":"apple-vision-pro-rumors-about-the-international-launch-in-july","status":"publish","type":"post","link":"https:\/\/www.apfelpatient.de\/en\/rumors\/apple-vision-pro-geruechte-ueber-den-internationalen-launch-im-juli","title":{"rendered":"Apple Vision Pro: Rumors about the international launch in July"},"content":{"rendered":"<p class=\"has-drop-cap\"><strong>The technology industry thrives on speculation and anticipation, especially when it comes to news from Apple. One of the most exciting rumors concerns the Apple Vision Pro headset, which is rumored to launch internationally in July. Below, you&#039;ll learn all about the current speculation and what it could mean for tech fans around the world.<\/strong><\/p>\n\n\n\n<p>Since the Apple Vision Pro was released in the US, there has been a lot of interest in this innovative product worldwide. Now, various reports suggest that Apple is planning to make the headset available internationally soon. Although nothing has been officially confirmed, evidence is mounting that it will launch in July. Let&#039;s take a closer look at the latest rumors and possible clues.<\/p>\n\n\n\n<h3 class=\"wp-block-heading\" id=\"h-geruchte-uber-die-internationale-markteinfuhrung\">Rumors about the international market launch<\/h3>\n\n\n\n<p>According to a source familiar with MacRumors <a href=\"https:\/\/www.macrumors.com\/2024\/05\/31\/apple-vision-pro-international-launch-likely-july\/\" target=\"_blank\" rel=\"noreferrer noopener\">spoken<\/a> According to Apple&#039;s official website, the international launch of the Apple Vision Pro headset could take place in July. This information comes just over six months after the device&#039;s US release. Such speculations only fuel expectations and excitement.<\/p>\n\n\n\n<h4 class=\"wp-block-heading\" id=\"h-hinweise-aus-den-apple-stores\">Information from Apple Stores<\/h4>\n\n\n\n<p>There are reports that some Apple Stores in the UK recently received large shipments on pallets, presumably containing tools for Vision Pro demos. However, these demos are not yet allowed to be opened by staff. Additionally, Apple Store managers in the UK have been instructed to begin redesigning the sales floor to facilitate the sale of Vision Pro accessories. These activities suggest preparation for a possible July launch.<\/p>\n\n\n\n<h4 class=\"wp-block-heading\" id=\"h-mogliche-launch-daten\">Possible launch dates<\/h4>\n\n\n\n<p>Reports suggest that the international launch of the Vision Pro could occur in the third or fourth week of July. This time frame suggests that Apple could officially confirm the date at its WWDC keynote on June 10. Although these are rumors, such timing is typical of Apple&#039;s launch strategy.<\/p>\n\n\n\n<h4 class=\"wp-block-heading\" id=\"h-analystenerwartungen-und-erste-markte\">Analyst expectations and first markets<\/h4>\n\n\n\n<p>Well-known analyst Ming-Chi Kuo had originally expected Apple to launch the Vision Pro internationally before WWDC to boost interest in visionOS 2. However, the new rumors contradict these expectations. It is believed that the UK, Canada and China will be the first markets outside the US to receive the product. Australia, France, Germany, Japan, Singapore and South Korea are also expected to be in the mix.<\/p>\n\n\n\n<h4 class=\"wp-block-heading\" id=\"h-was-bedeutet-das-fur-dich\">What does this mean for you?<\/h4>\n\n\n\n<p>For tech enthusiasts, this rumor means they could potentially have access to the Apple Vision Pro headset soon. Despite the lack of confirmation, signs are promising that the device will be available internationally in the near future. Stay tuned and ready to try out one of the most innovative products of the year.<\/p>\n\n\n\n<h3 class=\"wp-block-heading\" id=\"h-hinweise-verdichten-sich-baldiger-globaler-launch-des-apple-vision-pro\">Clues are mounting: Apple Vision Pro global launch coming soon?<\/h3>\n\n\n\n<p>Rumors of the international launch of the Apple Vision Pro in July are generating a lot of excitement in the tech community. Although nothing has been officially confirmed yet, reports and activity in Apple stores suggest that a global launch could be imminent. Keep your eyes peeled for announcements at the WWDC keynote and be ready to be part of Apple&#039;s next big innovation. (Image: Apple)<\/p>\n\n\n\n<ul class=\"wp-block-list\">\n<li><a href=\"https:\/\/www.apfelpatient.de\/en\/rumors\/apple-vision-pro-international-expansion\">Apple Vision Pro: The international expansion<\/a><\/li>\n<\/ul>\n\n\n\n<h6 class=\"wp-block-heading translation-block\" id=\"h-kennt-ihr-schon-unsere-amazon-storefront-dort-findet-ihr-eine-handverlesene-auswahl-von-diversen-produkten-f-r-euer-iphone-und-co-viel-spa-beim-st-bern\"><em>Have you already visited our Amazon Storefront? There you&#039;ll find a hand-picked selection of various products for your iPhone and other devices \u2013 <span class=\"has-inline-color has-vivid-red-color\"><a href=\"https:\/\/www.amazon.de\/shop\/apfelpatientofficial\" class=\"ek-link\" data-wpel-link=\"exclude\" rel=\"follow noopener\" target=\"_self\"><span style=\"text-decoration: underline\" class=\"ek-underline\">enjoy browsing<\/span><\/a> !<\/span><\/em><\/h6>\n\n\n\n<h6 class=\"wp-block-heading translation-block\" id=\"h-der-beitrag-enthalt-partnerlinks\">This post contains <a data-type=\"URL\" data-id=\"https:\/\/www.apfelpatient.de\/partnerprogramm\" href=\"https:\/\/www.apfelpatient.de\/en\/partner-program\" data-wpel-link=\"internal\" target=\"_self\">affiliate links<\/a>.<\/h6>","protected":false},"excerpt":{"rendered":"<p>Apple Vision Pro could be available internationally in July! Find out all the latest rumors and more.<\/p>","protected":false},"author":2,"featured_media":41970,"comment_status":"closed","ping_status":"closed","sticky":false,"template":"","format":"standard","meta":{"jnews-multi-image_gallery":[],"jnews_single_post":{"subtitle":"","format":"standard","video":"","gallery":"","source_name":"","source_url":"","via_name":"","via_url":"","override_template":"0","override":[{"template":"4","single_blog_custom":"","parallax":"1","fullscreen":"1","layout":"right-sidebar","sidebar":"default-sidebar","second_sidebar":"default-sidebar","sticky_sidebar":"1","share_position":"top","share_float_style":"share-monocrhome","show_share_counter":"0","show_view_counter":"0","show_featured":"1","show_post_meta":"1","show_post_author":"1","show_post_author_image":"1","show_post_date":"1","post_date_format":"default","post_date_format_custom":"Y\/m\/d","show_post_category":"1","show_post_reading_time":"0","post_reading_time_wpm":"300","show_zoom_button":"0","zoom_button_out_step":"2","zoom_button_in_step":"3","show_post_tag":"1","show_prev_next_post":"1","show_popup_post":"1","number_popup_post":"1","show_author_box":"0","show_post_related":"0","show_inline_post_related":"0"}],"override_image_size":"0","image_override":[{"single_post_thumbnail_size":"crop-500","single_post_gallery_size":"crop-500"}],"trending_post":"0","trending_post_position":"meta","trending_post_label":"Trending","sponsored_post":"0","sponsored_post_label":"Sponsored by","sponsored_post_name":"","sponsored_post_url":"","sponsored_post_logo_enable":"0","sponsored_post_logo":"","sponsored_post_desc":"","disable_ad":"0"},"jnews_primary_category":{"id":"25","hide":""},"footnotes":""},"categories":[25],"tags":[843,609],"class_list":["post-44475","post","type-post","status-publish","format-standard","has-post-thumbnail","hentry","category-rumors","tag-apple-vision-pro","tag-apple-vr-ar"],"yoast_head":"<!-- This site is optimized with the Yoast SEO Premium plugin v27.5 (Yoast SEO v27.5) - https:\/\/yoast.com\/product\/yoast-seo-premium-wordpress\/ -->\n<title>Apple Vision Pro: Ger\u00fcchte \u00fcber den Internationalen Launch im Juli Apfelpatient<\/title>\n<meta name=\"description\" content=\"Apple Vision Pro k\u00f6nnte im Juli international erh\u00e4ltlich sein! Erfahre alles \u00fcber die neuesten Ger\u00fcchte und mehr.\" \/>\n<meta name=\"robots\" content=\"index, follow, max-snippet:-1, max-image-preview:large, max-video-preview:-1\" \/>\n<link rel=\"canonical\" href=\"https:\/\/www.apfelpatient.de\/en\/rumors\/apple-vision-pro-rumors-about-the-international-launch-in-july\" \/>\n<meta property=\"og:locale\" content=\"en_US\" \/>\n<meta property=\"og:type\" content=\"article\" \/>\n<meta property=\"og:title\" content=\"Apple Vision Pro: Ger\u00fcchte \u00fcber den Internationalen Launch im Juli\" \/>\n<meta property=\"og:description\" content=\"Apple Vision Pro k\u00f6nnte im Juli international erh\u00e4ltlich sein! Erfahre alles \u00fcber die neuesten Ger\u00fcchte und mehr.\" \/>\n<meta property=\"og:url\" content=\"https:\/\/www.apfelpatient.de\/en\/rumors\/apple-vision-pro-rumors-about-the-international-launch-in-july\" \/>\n<meta property=\"og:site_name\" content=\"Apfelpatient\" \/>\n<meta property=\"article:publisher\" content=\"https:\/\/www.facebook.com\/apfelpatientOfficial\" \/>\n<meta property=\"article:author\" content=\"https:\/\/www.facebook.com\/apfelpatientOfficial\" \/>\n<meta property=\"article:published_time\" content=\"2024-05-31T15:39:24+00:00\" \/>\n<meta property=\"article:modified_time\" content=\"2024-05-31T15:39:26+00:00\" \/>\n<meta property=\"og:image\" content=\"https:\/\/www.apfelpatient.de\/wp-content\/uploads\/2024\/02\/Apple-Vision-Pro-availability-selfie-with-Tim-Cook.jpg\" \/>\n\t<meta property=\"og:image:width\" content=\"1600\" \/>\n\t<meta property=\"og:image:height\" content=\"1066\" \/>\n\t<meta property=\"og:image:type\" content=\"image\/jpeg\" \/>\n<meta name=\"author\" content=\"Milan\" \/>\n<meta name=\"twitter:card\" content=\"summary_large_image\" \/>\n<meta name=\"twitter:description\" content=\"Apple Vision Pro k\u00f6nnte im Juli international erh\u00e4ltlich sein! Erfahre alles \u00fcber die neuesten Ger\u00fcchte und mehr.\" \/>\n<meta name=\"twitter:label1\" content=\"Written by\" \/>\n\t<meta name=\"twitter:data1\" content=\"Milan\" \/>\n\t<meta name=\"twitter:label2\" content=\"Est. reading time\" \/>\n\t<meta name=\"twitter:data2\" content=\"4 minutes\" \/>\n<script type=\"application\/ld+json\" class=\"yoast-schema-graph\">{\"@context\":\"https:\\\/\\\/schema.org\",\"@graph\":[{\"@type\":\"NewsArticle\",\"@id\":\"https:\\\/\\\/www.apfelpatient.de\\\/rumors\\\/apple-vision-pro-geruechte-ueber-den-internationalen-launch-im-juli#article\",\"isPartOf\":{\"@id\":\"https:\\\/\\\/www.apfelpatient.de\\\/rumors\\\/apple-vision-pro-geruechte-ueber-den-internationalen-launch-im-juli\"},\"author\":{\"@type\":\"Organization\",\"@id\":\"https:\\\/\\\/www.apfelpatient.de\\\/en\\\/#organization\",\"name\":\"Apfelpatient\",\"url\":\"https:\\\/\\\/www.apfelpatient.de\\\/en\\\/\"},\"headline\":\"Apple Vision Pro: Ger\u00fcchte \u00fcber den Internationalen Launch im Juli\",\"datePublished\":\"2024-05-31T15:39:24+00:00\",\"dateModified\":\"2024-05-31T15:39:26+00:00\",\"mainEntityOfPage\":{\"@id\":\"https:\\\/\\\/www.apfelpatient.de\\\/rumors\\\/apple-vision-pro-geruechte-ueber-den-internationalen-launch-im-juli\"},\"wordCount\":575,\"publisher\":{\"@type\":\"Organization\",\"@id\":\"https:\\\/\\\/www.apfelpatient.de\\\/en\\\/#organization\",\"name\":\"Apfelpatient\",\"url\":\"https:\\\/\\\/www.apfelpatient.de\\\/en\\\/\"},\"image\":{\"@id\":\"https:\\\/\\\/www.apfelpatient.de\\\/rumors\\\/apple-vision-pro-geruechte-ueber-den-internationalen-launch-im-juli#primaryimage\"},\"thumbnailUrl\":\"https:\\\/\\\/www.apfelpatient.de\\\/wp-content\\\/uploads\\\/2024\\\/02\\\/Apple-Vision-Pro-availability-selfie-with-Tim-Cook.jpg\",\"keywords\":[\"Apple Vision Pro\",\"Apple VR\\\/AR\"],\"articleSection\":\"Rumors\",\"inLanguage\":\"en-US\",\"copyrightYear\":\"2024\",\"copyrightHolder\":{\"@id\":\"https:\\\/\\\/www.apfelpatient.de\\\/en\\\/#organization\"}},{\"@type\":\"WebPage\",\"@id\":\"https:\\\/\\\/www.apfelpatient.de\\\/rumors\\\/apple-vision-pro-geruechte-ueber-den-internationalen-launch-im-juli\",\"url\":\"https:\\\/\\\/www.apfelpatient.de\\\/rumors\\\/apple-vision-pro-geruechte-ueber-den-internationalen-launch-im-juli\",\"name\":\"Apple Vision Pro: Ger\u00fcchte \u00fcber den Internationalen Launch im Juli Apfelpatient\",\"isPartOf\":{\"@id\":\"https:\\\/\\\/www.apfelpatient.de\\\/#website\"},\"primaryImageOfPage\":{\"@id\":\"https:\\\/\\\/www.apfelpatient.de\\\/rumors\\\/apple-vision-pro-geruechte-ueber-den-internationalen-launch-im-juli#primaryimage\"},\"image\":{\"@id\":\"https:\\\/\\\/www.apfelpatient.de\\\/rumors\\\/apple-vision-pro-geruechte-ueber-den-internationalen-launch-im-juli#primaryimage\"},\"thumbnailUrl\":\"https:\\\/\\\/www.apfelpatient.de\\\/wp-content\\\/uploads\\\/2024\\\/02\\\/Apple-Vision-Pro-availability-selfie-with-Tim-Cook.jpg\",\"datePublished\":\"2024-05-31T15:39:24+00:00\",\"dateModified\":\"2024-05-31T15:39:26+00:00\",\"description\":\"Apple Vision Pro k\u00f6nnte im Juli international erh\u00e4ltlich sein! Erfahre alles \u00fcber die neuesten Ger\u00fcchte und mehr.\",\"breadcrumb\":{\"@id\":\"https:\\\/\\\/www.apfelpatient.de\\\/rumors\\\/apple-vision-pro-geruechte-ueber-den-internationalen-launch-im-juli#breadcrumb\"},\"inLanguage\":\"en-US\",\"potentialAction\":[{\"@type\":\"ReadAction\",\"target\":[\"https:\\\/\\\/www.apfelpatient.de\\\/rumors\\\/apple-vision-pro-geruechte-ueber-den-internationalen-launch-im-juli\"]}]},{\"@type\":\"ImageObject\",\"inLanguage\":\"en-US\",\"@id\":\"https:\\\/\\\/www.apfelpatient.de\\\/rumors\\\/apple-vision-pro-geruechte-ueber-den-internationalen-launch-im-juli#primaryimage\",\"url\":\"https:\\\/\\\/www.apfelpatient.de\\\/wp-content\\\/uploads\\\/2024\\\/02\\\/Apple-Vision-Pro-availability-selfie-with-Tim-Cook.jpg\",\"contentUrl\":\"https:\\\/\\\/www.apfelpatient.de\\\/wp-content\\\/uploads\\\/2024\\\/02\\\/Apple-Vision-Pro-availability-selfie-with-Tim-Cook.jpg\",\"width\":1600,\"height\":1066,\"caption\":\"Bild: Apple\"},{\"@type\":\"BreadcrumbList\",\"@id\":\"https:\\\/\\\/www.apfelpatient.de\\\/rumors\\\/apple-vision-pro-geruechte-ueber-den-internationalen-launch-im-juli#breadcrumb\",\"itemListElement\":[{\"@type\":\"ListItem\",\"position\":1,\"name\":\"Startseite\",\"item\":\"https:\\\/\\\/www.apfelpatient.de\\\/\"},{\"@type\":\"ListItem\",\"position\":2,\"name\":\"Apple Vision Pro: Ger\u00fcchte \u00fcber den Internationalen Launch im Juli\"}]},{\"@type\":\"WebSite\",\"@id\":\"https:\\\/\\\/www.apfelpatient.de\\\/#website\",\"url\":\"https:\\\/\\\/www.apfelpatient.de\\\/\",\"name\":\"Apfelpatient\",\"description\":\"Alles rund um Apple!\",\"publisher\":{\"@type\":\"Organization\",\"@id\":\"https:\\\/\\\/www.apfelpatient.de\\\/en\\\/#organization\",\"name\":\"Apfelpatient\",\"url\":\"https:\\\/\\\/www.apfelpatient.de\\\/en\\\/\"},\"alternateName\":\"Apfelpatient\",\"potentialAction\":[{\"@type\":\"SearchAction\",\"target\":{\"@type\":\"EntryPoint\",\"urlTemplate\":\"https:\\\/\\\/www.apfelpatient.de\\\/?s={search_term_string}\"},\"query-input\":{\"@type\":\"PropertyValueSpecification\",\"valueRequired\":true,\"valueName\":\"search_term_string\"}}],\"inLanguage\":\"en-US\"},{\"@type\":[\"Person\",\"Organization\"],\"@id\":\"https:\\\/\\\/www.apfelpatient.de\\\/#\\\/schema\\\/person\\\/7dc56ad6c8e9824b76d2c08d4c140e13\",\"name\":\"Milan\",\"logo\":{\"@id\":\"https:\\\/\\\/www.apfelpatient.de\\\/#\\\/schema\\\/person\\\/image\\\/\"},\"description\":\"Hallo und herzlich willkommen auf meinem Technik-Blog! Als gro\u00dfer Apple-Fan berichte ich hier \u00fcber alles, was mit Apple zu tun hat: von den neuesten News und spannenden Ger\u00fcchten \u00fcber hilfreiche Tipps und Tricks bis hin zu ausf\u00fchrlichen Produkttests. Wenn du genauso technikbegeistert bist wie ich, bist du hier genau richtig!\",\"sameAs\":[\"https:\\\/\\\/www.facebook.com\\\/apfelpatientOfficial\",\"https:\\\/\\\/www.linkedin.com\\\/in\\\/milan-jovicic-42aa0231b\"],\"url\":\"https:\\\/\\\/www.apfelpatient.de\\\/en\\\/author\\\/apfeladmin\"}]}<\/script>\n<!-- \/ Yoast SEO Premium plugin. -->","yoast_head_json":{"title":"Apple Vision Pro: Rumors about the international launch in July Apfelpatient","description":"Apple Vision Pro could be available internationally in July! Find out all the latest rumors and more.","robots":{"index":"index","follow":"follow","max-snippet":"max-snippet:-1","max-image-preview":"max-image-preview:large","max-video-preview":"max-video-preview:-1"},"canonical":"https:\/\/www.apfelpatient.de\/en\/rumors\/apple-vision-pro-rumors-about-the-international-launch-in-july","og_locale":"en_US","og_type":"article","og_title":"Apple Vision Pro: Ger\u00fcchte \u00fcber den Internationalen Launch im Juli","og_description":"Apple Vision Pro k\u00f6nnte im Juli international erh\u00e4ltlich sein! Erfahre alles \u00fcber die neuesten Ger\u00fcchte und mehr.","og_url":"https:\/\/www.apfelpatient.de\/en\/rumors\/apple-vision-pro-rumors-about-the-international-launch-in-july","og_site_name":"Apfelpatient","article_publisher":"https:\/\/www.facebook.com\/apfelpatientOfficial","article_author":"https:\/\/www.facebook.com\/apfelpatientOfficial","article_published_time":"2024-05-31T15:39:24+00:00","article_modified_time":"2024-05-31T15:39:26+00:00","og_image":[{"width":1600,"height":1066,"url":"https:\/\/www.apfelpatient.de\/wp-content\/uploads\/2024\/02\/Apple-Vision-Pro-availability-selfie-with-Tim-Cook.jpg","type":"image\/jpeg"}],"author":"Milan","twitter_card":"summary_large_image","twitter_description":"Apple Vision Pro k\u00f6nnte im Juli international erh\u00e4ltlich sein! Erfahre alles \u00fcber die neuesten Ger\u00fcchte und mehr.","twitter_misc":{"Written by":"Milan","Est. reading time":"4 minutes"},"schema":{"@context":"https:\/\/schema.org","@graph":[{"@type":"NewsArticle","@id":"https:\/\/www.apfelpatient.de\/rumors\/apple-vision-pro-geruechte-ueber-den-internationalen-launch-im-juli#article","isPartOf":{"@id":"https:\/\/www.apfelpatient.de\/rumors\/apple-vision-pro-geruechte-ueber-den-internationalen-launch-im-juli"},"author":{"@type":"Organization","@id":"https:\/\/www.apfelpatient.de\/en\/#organization","name":"Apfelpatient","url":"https:\/\/www.apfelpatient.de\/en\/"},"headline":"Apple Vision Pro: Ger\u00fcchte \u00fcber den Internationalen Launch im Juli","datePublished":"2024-05-31T15:39:24+00:00","dateModified":"2024-05-31T15:39:26+00:00","mainEntityOfPage":{"@id":"https:\/\/www.apfelpatient.de\/rumors\/apple-vision-pro-geruechte-ueber-den-internationalen-launch-im-juli"},"wordCount":575,"publisher":{"@type":"Organization","@id":"https:\/\/www.apfelpatient.de\/en\/#organization","name":"Apfelpatient","url":"https:\/\/www.apfelpatient.de\/en\/"},"image":{"@id":"https:\/\/www.apfelpatient.de\/rumors\/apple-vision-pro-geruechte-ueber-den-internationalen-launch-im-juli#primaryimage"},"thumbnailUrl":"https:\/\/www.apfelpatient.de\/wp-content\/uploads\/2024\/02\/Apple-Vision-Pro-availability-selfie-with-Tim-Cook.jpg","keywords":["Apple Vision Pro","Apple VR\/AR"],"articleSection":"Rumors","inLanguage":"en-US","copyrightYear":"2024","copyrightHolder":{"@id":"https:\/\/www.apfelpatient.de\/en\/#organization"}},{"@type":"WebPage","@id":"https:\/\/www.apfelpatient.de\/rumors\/apple-vision-pro-geruechte-ueber-den-internationalen-launch-im-juli","url":"https:\/\/www.apfelpatient.de\/rumors\/apple-vision-pro-geruechte-ueber-den-internationalen-launch-im-juli","name":"Apple Vision Pro: Rumors about the international launch in July Apfelpatient","isPartOf":{"@id":"https:\/\/www.apfelpatient.de\/#website"},"primaryImageOfPage":{"@id":"https:\/\/www.apfelpatient.de\/rumors\/apple-vision-pro-geruechte-ueber-den-internationalen-launch-im-juli#primaryimage"},"image":{"@id":"https:\/\/www.apfelpatient.de\/rumors\/apple-vision-pro-geruechte-ueber-den-internationalen-launch-im-juli#primaryimage"},"thumbnailUrl":"https:\/\/www.apfelpatient.de\/wp-content\/uploads\/2024\/02\/Apple-Vision-Pro-availability-selfie-with-Tim-Cook.jpg","datePublished":"2024-05-31T15:39:24+00:00","dateModified":"2024-05-31T15:39:26+00:00","description":"Apple Vision Pro could be available internationally in July! Find out all the latest rumors and more.","breadcrumb":{"@id":"https:\/\/www.apfelpatient.de\/rumors\/apple-vision-pro-geruechte-ueber-den-internationalen-launch-im-juli#breadcrumb"},"inLanguage":"en-US","potentialAction":[{"@type":"ReadAction","target":["https:\/\/www.apfelpatient.de\/rumors\/apple-vision-pro-geruechte-ueber-den-internationalen-launch-im-juli"]}]},{"@type":"ImageObject","inLanguage":"en-US","@id":"https:\/\/www.apfelpatient.de\/rumors\/apple-vision-pro-geruechte-ueber-den-internationalen-launch-im-juli#primaryimage","url":"https:\/\/www.apfelpatient.de\/wp-content\/uploads\/2024\/02\/Apple-Vision-Pro-availability-selfie-with-Tim-Cook.jpg","contentUrl":"https:\/\/www.apfelpatient.de\/wp-content\/uploads\/2024\/02\/Apple-Vision-Pro-availability-selfie-with-Tim-Cook.jpg","width":1600,"height":1066,"caption":"Bild: Apple"},{"@type":"BreadcrumbList","@id":"https:\/\/www.apfelpatient.de\/rumors\/apple-vision-pro-geruechte-ueber-den-internationalen-launch-im-juli#breadcrumb","itemListElement":[{"@type":"ListItem","position":1,"name":"Startseite","item":"https:\/\/www.apfelpatient.de\/"},{"@type":"ListItem","position":2,"name":"Apple Vision Pro: Ger\u00fcchte \u00fcber den Internationalen Launch im Juli"}]},{"@type":"WebSite","@id":"https:\/\/www.apfelpatient.de\/#website","url":"https:\/\/www.apfelpatient.de\/","name":"apple patient","description":"Everything about Apple!","publisher":{"@type":"Organization","@id":"https:\/\/www.apfelpatient.de\/en\/#organization","name":"Apfelpatient","url":"https:\/\/www.apfelpatient.de\/en\/"},"alternateName":"Apfelpatient","potentialAction":[{"@type":"SearchAction","target":{"@type":"EntryPoint","urlTemplate":"https:\/\/www.apfelpatient.de\/?s={search_term_string}"},"query-input":{"@type":"PropertyValueSpecification","valueRequired":true,"valueName":"search_term_string"}}],"inLanguage":"en-US"},{"@type":["Person","Organization"],"@id":"https:\/\/www.apfelpatient.de\/#\/schema\/person\/7dc56ad6c8e9824b76d2c08d4c140e13","name":"Milan","logo":{"@id":"https:\/\/www.apfelpatient.de\/#\/schema\/person\/image\/"},"description":"Hello and welcome to my technology blog! As a big Apple fan, I report on everything to do with Apple: from the latest news and exciting rumors to helpful tips and tricks and detailed product tests. If you are as enthusiastic about technology as I am, you have come to the right place!","sameAs":["https:\/\/www.facebook.com\/apfelpatientOfficial","https:\/\/www.linkedin.com\/in\/milan-jovicic-42aa0231b"],"url":"https:\/\/www.apfelpatient.de\/en\/author\/apfeladmin"}]}},"_links":{"self":[{"href":"https:\/\/www.apfelpatient.de\/en\/wp-json\/wp\/v2\/posts\/44475","targetHints":{"allow":["GET"]}}],"collection":[{"href":"https:\/\/www.apfelpatient.de\/en\/wp-json\/wp\/v2\/posts"}],"about":[{"href":"https:\/\/www.apfelpatient.de\/en\/wp-json\/wp\/v2\/types\/post"}],"author":[{"embeddable":true,"href":"https:\/\/www.apfelpatient.de\/en\/wp-json\/wp\/v2\/users\/2"}],"replies":[{"embeddable":true,"href":"https:\/\/www.apfelpatient.de\/en\/wp-json\/wp\/v2\/comments?post=44475"}],"version-history":[{"count":0,"href":"https:\/\/www.apfelpatient.de\/en\/wp-json\/wp\/v2\/posts\/44475\/revisions"}],"wp:featuredmedia":[{"embeddable":true,"href":"https:\/\/www.apfelpatient.de\/en\/wp-json\/wp\/v2\/media\/41970"}],"wp:attachment":[{"href":"https:\/\/www.apfelpatient.de\/en\/wp-json\/wp\/v2\/media?parent=44475"}],"wp:term":[{"taxonomy":"category","embeddable":true,"href":"https:\/\/www.apfelpatient.de\/en\/wp-json\/wp\/v2\/categories?post=44475"},{"taxonomy":"post_tag","embeddable":true,"href":"https:\/\/www.apfelpatient.de\/en\/wp-json\/wp\/v2\/tags?post=44475"}],"curies":[{"name":"wp","href":"https:\/\/api.w.org\/{rel}","templated":true}]}}