{"id":44420,"date":"2024-05-28T21:11:16","date_gmt":"2024-05-28T19:11:16","guid":{"rendered":"https:\/\/www.apfelpatient.de\/?p=44420"},"modified":"2024-06-04T23:48:22","modified_gmt":"2024-06-04T21:48:22","slug":"wwdc-2024-apple-announces-keynote-time-and-program","status":"publish","type":"post","link":"https:\/\/www.apfelpatient.de\/en\/news\/wwdc-2024-apple-gibt-keynote-zeit-und-programm-bekannt","title":{"rendered":"WWDC 2024: Apple announces keynote time and program"},"content":{"rendered":"<p class=\"has-drop-cap\"><strong>Apple&#039;s Worldwide Developers Conference (WWDC) is an annual highlight for developers and technology enthusiasts around the world. Now Apple has announced the dates and detailed schedule for WWDC 2024, which will take place from June 10 to 14. This announcement raises great expectations, as Apple traditionally presents significant updates and new technologies. Below you will find out everything you need to know about the upcoming WWDC 2024 and what you can expect from the keynote and the following events.<\/strong><\/p>\n\n\n\n<p>Every year, WWDC attracts thousands of developers eager to discover Apple&#039;s latest innovations and software updates. This year&#039;s conference promises to be no exception. With the <a href=\"https:\/\/www.apple.com\/newsroom\/2024\/05\/apples-worldwide-developers-conference-to-kick-off-june-10-with-keynote-address\/\" target=\"_blank\" rel=\"noreferrer noopener\">Confirmation<\/a> With a keynote address and a full program offering deeper insights and numerous technical sessions, the event is aimed at anyone involved in the Apple developer community or interested in the latest advances in technology.<\/p>\n\n\n\n<h4 class=\"wp-block-heading\" id=\"h-die-keynote-einblicke-in-bahnbrechende-updates\">The Keynote: Insights into Groundbreaking Updates<\/h4>\n\n\n\n<p>On June 10 at 10:00 a.m. Pacific Time (7:00 p.m. UK), the highly anticipated keynote begins, broadcast live worldwide on the Apple website, Apple Developer app, Apple TV app, and YouTube. The keynote is often the highlight of WWDC, as it&#039;s where the biggest announcements are made. This year, Apple is expected to unveil iOS 18, iPadOS 18, macOS 15, tvOS 18, watchOS 11, and visionOS 2. These new releases promise exciting new features and improvements across all Apple platforms. While there are no rumors of new hardware yet, there&#039;s always a chance that Apple will delight us with a surprise.<\/p>\n\n\n\n<h4 class=\"wp-block-heading\" id=\"h-platforms-state-of-the-union-vertiefende-einblicke\">Platforms State of the Union: In-depth insights<\/h4>\n\n\n\n<p>The same day will be followed by the Platforms State of the Union, which will provide deeper insights into the latest advancements and tools for developers. This session is especially important for developers as it will provide them with detailed information about the new technologies and frameworks they can use in their projects. The Platforms State of the Union will be available in the Apple Developer app and on the Apple Developer website.<\/p>\n\n\n\n<h4 class=\"wp-block-heading\" id=\"h-apple-design-awards-und-entwickler-sitzungen\">Apple Design Awards and developer sessions<\/h4>\n\n\n\n<p>Another highlight on June 10th is the Apple Design Awards ceremony, which recognizes exceptional apps and games. These awards recognize excellence in design and innovation and offer the winners significant recognition within the Apple community.<\/p>\n\n\n\n<h4 class=\"wp-block-heading\" id=\"h-eine-woche-voller-lernen-und-networking\">A week full of learning and networking<\/h4>\n\n\n\n<p>Throughout WWDC week, Apple will offer a variety of online labs and consultations. Here, developers can get direct advice on how to implement the new features announced at the conference. In addition, there will be more than 100 technical sessions from Apple engineers, designers, and other experts. These sessions are a valuable opportunity to dive deep into the new technologies and get practical tips and tricks.<\/p>\n\n\n\n<h4 class=\"wp-block-heading\" id=\"h-exklusive-viewing-party-im-apple-park\">Exclusive viewing party at Apple Park<\/h4>\n\n\n\n<p>A select number of developers have been invited to an exclusive viewing party at the Apple Park campus in Cupertino, California. These lucky attendees will have the opportunity to experience the keynote and the Platforms State of the Union in person and to network with other developers.<\/p>\n\n\n\n<h3 class=\"wp-block-heading\" id=\"h-tauche-ein-in-die-zukunft-der-technologie-mit-der-wwdc-2024\">Immerse yourself in the future of technology with WWDC 2024<\/h3>\n\n\n\n<p>WWDC 2024 promises to be an exciting week full of innovation and learning opportunities. Whether you&#039;re watching the event live or watching the sessions later, there are plenty of ways to benefit from the announcements and knowledge of Apple experts. Download the Apple Developer app to stay up to date and not miss a moment of this year&#039;s WWDC. Get ready to discover the latest technologies and see how Apple is shaping the future of software development. (Image: Apple)<\/p>\n\n\n\n<ul class=\"wp-block-list\">\n<li><a href=\"https:\/\/www.apfelpatient.de\/en\/generally\/exciting-revelations-what-awaits-us-at-wwdc-2024\">Exciting revelations: What awaits us at WWDC 2024?<\/a><\/li>\n\n\n\n<li><a href=\"https:\/\/www.apfelpatient.de\/en\/news\/wwdc-2024-live-stream-on-iphone-ipad-mac-and-apple-tv\">WWDC 2024: Live stream on iPhone, iPad, Mac and Apple TV<\/a><\/li>\n<\/ul>\n\n\n\n<h6 class=\"wp-block-heading translation-block\" id=\"h-kennt-ihr-schon-unsere-amazon-storefront-dort-findet-ihr-eine-handverlesene-auswahl-von-diversen-produkten-f-r-euer-iphone-und-co-viel-spa-beim-st-bern\"><em>Have you already visited our Amazon Storefront? There you&#039;ll find a hand-picked selection of various products for your iPhone and other devices \u2013 <span class=\"has-inline-color has-vivid-red-color\"><a href=\"https:\/\/www.amazon.de\/shop\/apfelpatientofficial\" class=\"ek-link\" data-wpel-link=\"exclude\" rel=\"follow noopener\" target=\"_self\"><span style=\"text-decoration: underline\" class=\"ek-underline\">enjoy browsing<\/span><\/a> !<\/span><\/em><\/h6>\n\n\n\n<h6 class=\"wp-block-heading translation-block\" id=\"h-der-beitrag-enthalt-partnerlinks\">This post contains <a data-type=\"URL\" data-id=\"https:\/\/www.apfelpatient.de\/partnerprogramm\" href=\"https:\/\/www.apfelpatient.de\/en\/partner-program\" data-wpel-link=\"internal\" target=\"_self\">affiliate links<\/a>.<\/h6>","protected":false},"excerpt":{"rendered":"<p>Apple confirms WWDC 2024 keynote time and reveals schedule. Don&#039;t miss important announcements and updates.<\/p>","protected":false},"author":2,"featured_media":44419,"comment_status":"closed","ping_status":"closed","sticky":false,"template":"","format":"standard","meta":{"jnews-multi-image_gallery":[],"jnews_single_post":{"subtitle":"","format":"standard","video":"","gallery":"","source_name":"","source_url":"","via_name":"","via_url":"","override_template":"0","override":[{"template":"4","single_blog_custom":"","parallax":"1","fullscreen":"1","layout":"right-sidebar","sidebar":"default-sidebar","second_sidebar":"default-sidebar","sticky_sidebar":"1","share_position":"top","share_float_style":"share-monocrhome","show_share_counter":"0","show_view_counter":"0","show_featured":"1","show_post_meta":"1","show_post_author":"1","show_post_author_image":"1","show_post_date":"1","post_date_format":"default","post_date_format_custom":"Y\/m\/d","show_post_category":"1","show_post_reading_time":"0","post_reading_time_wpm":"300","show_zoom_button":"0","zoom_button_out_step":"2","zoom_button_in_step":"3","show_post_tag":"1","show_prev_next_post":"1","show_popup_post":"1","number_popup_post":"1","show_author_box":"0","show_post_related":"0","show_inline_post_related":"0"}],"override_image_size":"0","image_override":[{"single_post_thumbnail_size":"crop-500","single_post_gallery_size":"crop-500"}],"trending_post":"0","trending_post_position":"meta","trending_post_label":"Trending","sponsored_post":"0","sponsored_post_label":"Sponsored by","sponsored_post_name":"","sponsored_post_url":"","sponsored_post_logo_enable":"0","sponsored_post_logo":"","sponsored_post_desc":"","disable_ad":"0"},"jnews_primary_category":{"id":"9","hide":""},"footnotes":""},"categories":[9],"tags":[34,609,3,854,33,855,4,856,95,886,844,919,21,885,203,920],"class_list":["post-44420","post","type-post","status-publish","format-standard","has-post-thumbnail","hentry","category-news","tag-apple-dienste","tag-apple-vr-ar","tag-ios","tag-ios-18","tag-ipados","tag-ipados-18","tag-macos","tag-macos-15","tag-tvos","tag-tvos-18","tag-visionos","tag-visionos-2","tag-watchos","tag-watchos-11","tag-wwdc","tag-wwdc-2024"],"yoast_head":"<!-- This site is optimized with the Yoast SEO Premium plugin v27.5 (Yoast SEO v27.5) - https:\/\/yoast.com\/product\/yoast-seo-premium-wordpress\/ -->\n<title>WWDC 2024: Apple gibt Keynote-Zeit und Programm bekannt Apfelpatient<\/title>\n<meta name=\"description\" content=\"Apple best\u00e4tigt die Keynote-Zeit f\u00fcr die WWDC 2024 und gibt den Zeitplan bekannt. Verpasse keine wichtigen Ank\u00fcndigungen und Updates.\" \/>\n<meta name=\"robots\" content=\"index, follow, max-snippet:-1, max-image-preview:large, max-video-preview:-1\" \/>\n<link rel=\"canonical\" href=\"https:\/\/www.apfelpatient.de\/en\/news\/wwdc-2024-apple-announces-keynote-time-and-program\" \/>\n<meta property=\"og:locale\" content=\"en_US\" \/>\n<meta property=\"og:type\" content=\"article\" \/>\n<meta property=\"og:title\" content=\"WWDC 2024: Apple gibt Keynote-Zeit und Programm bekannt\" \/>\n<meta property=\"og:description\" content=\"Apple best\u00e4tigt die Keynote-Zeit f\u00fcr die WWDC 2024 und gibt den Zeitplan bekannt. Verpasse keine wichtigen Ank\u00fcndigungen und Updates.\" \/>\n<meta property=\"og:url\" content=\"https:\/\/www.apfelpatient.de\/en\/news\/wwdc-2024-apple-announces-keynote-time-and-program\" \/>\n<meta property=\"og:site_name\" content=\"Apfelpatient\" \/>\n<meta property=\"article:publisher\" content=\"https:\/\/www.facebook.com\/apfelpatientOfficial\" \/>\n<meta property=\"article:author\" content=\"https:\/\/www.facebook.com\/apfelpatientOfficial\" \/>\n<meta property=\"article:published_time\" content=\"2024-05-28T19:11:16+00:00\" \/>\n<meta property=\"article:modified_time\" content=\"2024-06-04T21:48:22+00:00\" \/>\n<meta property=\"og:image\" content=\"https:\/\/www.apfelpatient.de\/wp-content\/uploads\/2024\/05\/Apple-WWDC24-event-details-hero.jpg\" \/>\n\t<meta property=\"og:image:width\" content=\"1600\" \/>\n\t<meta property=\"og:image:height\" content=\"900\" \/>\n\t<meta property=\"og:image:type\" content=\"image\/jpeg\" \/>\n<meta name=\"author\" content=\"Milan\" \/>\n<meta name=\"twitter:card\" content=\"summary_large_image\" \/>\n<meta name=\"twitter:description\" content=\"Apple best\u00e4tigt die Keynote-Zeit f\u00fcr die WWDC 2024 und gibt den Zeitplan bekannt. Verpasse keine wichtigen Ank\u00fcndigungen und Updates.\" \/>\n<meta name=\"twitter:label1\" content=\"Written by\" \/>\n\t<meta name=\"twitter:data1\" content=\"Milan\" \/>\n\t<meta name=\"twitter:label2\" content=\"Est. reading time\" \/>\n\t<meta name=\"twitter:data2\" content=\"4 minutes\" \/>\n<script type=\"application\/ld+json\" class=\"yoast-schema-graph\">{\"@context\":\"https:\\\/\\\/schema.org\",\"@graph\":[{\"@type\":\"NewsArticle\",\"@id\":\"https:\\\/\\\/www.apfelpatient.de\\\/news\\\/wwdc-2024-apple-gibt-keynote-zeit-und-programm-bekannt#article\",\"isPartOf\":{\"@id\":\"https:\\\/\\\/www.apfelpatient.de\\\/news\\\/wwdc-2024-apple-gibt-keynote-zeit-und-programm-bekannt\"},\"author\":{\"@type\":\"Organization\",\"@id\":\"https:\\\/\\\/www.apfelpatient.de\\\/en\\\/#organization\",\"name\":\"Apfelpatient\",\"url\":\"https:\\\/\\\/www.apfelpatient.de\\\/en\\\/\"},\"headline\":\"WWDC 2024: Apple gibt Keynote-Zeit und Programm bekannt\",\"datePublished\":\"2024-05-28T19:11:16+00:00\",\"dateModified\":\"2024-06-04T21:48:22+00:00\",\"mainEntityOfPage\":{\"@id\":\"https:\\\/\\\/www.apfelpatient.de\\\/news\\\/wwdc-2024-apple-gibt-keynote-zeit-und-programm-bekannt\"},\"wordCount\":635,\"publisher\":{\"@type\":\"Organization\",\"@id\":\"https:\\\/\\\/www.apfelpatient.de\\\/en\\\/#organization\",\"name\":\"Apfelpatient\",\"url\":\"https:\\\/\\\/www.apfelpatient.de\\\/en\\\/\"},\"image\":{\"@id\":\"https:\\\/\\\/www.apfelpatient.de\\\/news\\\/wwdc-2024-apple-gibt-keynote-zeit-und-programm-bekannt#primaryimage\"},\"thumbnailUrl\":\"https:\\\/\\\/www.apfelpatient.de\\\/wp-content\\\/uploads\\\/2024\\\/05\\\/Apple-WWDC24-event-details-hero.jpg\",\"keywords\":[\"Apple Dienste\",\"Apple VR\\\/AR\",\"iOS\",\"iOS 18\",\"iPadOS\",\"iPadOS 18\",\"macOS\",\"macOS 15\",\"tvOS\",\"tvOS 18\",\"visionOS\",\"visionOS 2\",\"watchOS\",\"watchOS 11\",\"WWDC\",\"WWDC 2024\"],\"articleSection\":\"News\",\"inLanguage\":\"en-US\",\"copyrightYear\":\"2024\",\"copyrightHolder\":{\"@id\":\"https:\\\/\\\/www.apfelpatient.de\\\/en\\\/#organization\"}},{\"@type\":\"WebPage\",\"@id\":\"https:\\\/\\\/www.apfelpatient.de\\\/news\\\/wwdc-2024-apple-gibt-keynote-zeit-und-programm-bekannt\",\"url\":\"https:\\\/\\\/www.apfelpatient.de\\\/news\\\/wwdc-2024-apple-gibt-keynote-zeit-und-programm-bekannt\",\"name\":\"WWDC 2024: Apple gibt Keynote-Zeit und Programm bekannt Apfelpatient\",\"isPartOf\":{\"@id\":\"https:\\\/\\\/www.apfelpatient.de\\\/#website\"},\"primaryImageOfPage\":{\"@id\":\"https:\\\/\\\/www.apfelpatient.de\\\/news\\\/wwdc-2024-apple-gibt-keynote-zeit-und-programm-bekannt#primaryimage\"},\"image\":{\"@id\":\"https:\\\/\\\/www.apfelpatient.de\\\/news\\\/wwdc-2024-apple-gibt-keynote-zeit-und-programm-bekannt#primaryimage\"},\"thumbnailUrl\":\"https:\\\/\\\/www.apfelpatient.de\\\/wp-content\\\/uploads\\\/2024\\\/05\\\/Apple-WWDC24-event-details-hero.jpg\",\"datePublished\":\"2024-05-28T19:11:16+00:00\",\"dateModified\":\"2024-06-04T21:48:22+00:00\",\"description\":\"Apple best\u00e4tigt die Keynote-Zeit f\u00fcr die WWDC 2024 und gibt den Zeitplan bekannt. Verpasse keine wichtigen Ank\u00fcndigungen und Updates.\",\"breadcrumb\":{\"@id\":\"https:\\\/\\\/www.apfelpatient.de\\\/news\\\/wwdc-2024-apple-gibt-keynote-zeit-und-programm-bekannt#breadcrumb\"},\"inLanguage\":\"en-US\",\"potentialAction\":[{\"@type\":\"ReadAction\",\"target\":[\"https:\\\/\\\/www.apfelpatient.de\\\/news\\\/wwdc-2024-apple-gibt-keynote-zeit-und-programm-bekannt\"]}]},{\"@type\":\"ImageObject\",\"inLanguage\":\"en-US\",\"@id\":\"https:\\\/\\\/www.apfelpatient.de\\\/news\\\/wwdc-2024-apple-gibt-keynote-zeit-und-programm-bekannt#primaryimage\",\"url\":\"https:\\\/\\\/www.apfelpatient.de\\\/wp-content\\\/uploads\\\/2024\\\/05\\\/Apple-WWDC24-event-details-hero.jpg\",\"contentUrl\":\"https:\\\/\\\/www.apfelpatient.de\\\/wp-content\\\/uploads\\\/2024\\\/05\\\/Apple-WWDC24-event-details-hero.jpg\",\"width\":1600,\"height\":900,\"caption\":\"Bild: Apple\"},{\"@type\":\"BreadcrumbList\",\"@id\":\"https:\\\/\\\/www.apfelpatient.de\\\/news\\\/wwdc-2024-apple-gibt-keynote-zeit-und-programm-bekannt#breadcrumb\",\"itemListElement\":[{\"@type\":\"ListItem\",\"position\":1,\"name\":\"Startseite\",\"item\":\"https:\\\/\\\/www.apfelpatient.de\\\/\"},{\"@type\":\"ListItem\",\"position\":2,\"name\":\"WWDC 2024: Apple gibt Keynote-Zeit und Programm bekannt\"}]},{\"@type\":\"WebSite\",\"@id\":\"https:\\\/\\\/www.apfelpatient.de\\\/#website\",\"url\":\"https:\\\/\\\/www.apfelpatient.de\\\/\",\"name\":\"Apfelpatient\",\"description\":\"Alles rund um Apple!\",\"publisher\":{\"@type\":\"Organization\",\"@id\":\"https:\\\/\\\/www.apfelpatient.de\\\/en\\\/#organization\",\"name\":\"Apfelpatient\",\"url\":\"https:\\\/\\\/www.apfelpatient.de\\\/en\\\/\"},\"alternateName\":\"Apfelpatient\",\"potentialAction\":[{\"@type\":\"SearchAction\",\"target\":{\"@type\":\"EntryPoint\",\"urlTemplate\":\"https:\\\/\\\/www.apfelpatient.de\\\/?s={search_term_string}\"},\"query-input\":{\"@type\":\"PropertyValueSpecification\",\"valueRequired\":true,\"valueName\":\"search_term_string\"}}],\"inLanguage\":\"en-US\"},{\"@type\":[\"Person\",\"Organization\"],\"@id\":\"https:\\\/\\\/www.apfelpatient.de\\\/#\\\/schema\\\/person\\\/7dc56ad6c8e9824b76d2c08d4c140e13\",\"name\":\"Milan\",\"logo\":{\"@id\":\"https:\\\/\\\/www.apfelpatient.de\\\/#\\\/schema\\\/person\\\/image\\\/\"},\"description\":\"Hallo und herzlich willkommen auf meinem Technik-Blog! Als gro\u00dfer Apple-Fan berichte ich hier \u00fcber alles, was mit Apple zu tun hat: von den neuesten News und spannenden Ger\u00fcchten \u00fcber hilfreiche Tipps und Tricks bis hin zu ausf\u00fchrlichen Produkttests. Wenn du genauso technikbegeistert bist wie ich, bist du hier genau richtig!\",\"sameAs\":[\"https:\\\/\\\/www.facebook.com\\\/apfelpatientOfficial\",\"https:\\\/\\\/www.linkedin.com\\\/in\\\/milan-jovicic-42aa0231b\"],\"url\":\"https:\\\/\\\/www.apfelpatient.de\\\/en\\\/author\\\/apfeladmin\"}]}<\/script>\n<!-- \/ Yoast SEO Premium plugin. -->","yoast_head_json":{"title":"WWDC 2024: Apple announces keynote time and program Apfelpatient","description":"Apple confirms WWDC 2024 keynote time and reveals schedule. Don&#039;t miss important announcements and updates.","robots":{"index":"index","follow":"follow","max-snippet":"max-snippet:-1","max-image-preview":"max-image-preview:large","max-video-preview":"max-video-preview:-1"},"canonical":"https:\/\/www.apfelpatient.de\/en\/news\/wwdc-2024-apple-announces-keynote-time-and-program","og_locale":"en_US","og_type":"article","og_title":"WWDC 2024: Apple gibt Keynote-Zeit und Programm bekannt","og_description":"Apple best\u00e4tigt die Keynote-Zeit f\u00fcr die WWDC 2024 und gibt den Zeitplan bekannt. Verpasse keine wichtigen Ank\u00fcndigungen und Updates.","og_url":"https:\/\/www.apfelpatient.de\/en\/news\/wwdc-2024-apple-announces-keynote-time-and-program","og_site_name":"Apfelpatient","article_publisher":"https:\/\/www.facebook.com\/apfelpatientOfficial","article_author":"https:\/\/www.facebook.com\/apfelpatientOfficial","article_published_time":"2024-05-28T19:11:16+00:00","article_modified_time":"2024-06-04T21:48:22+00:00","og_image":[{"width":1600,"height":900,"url":"https:\/\/www.apfelpatient.de\/wp-content\/uploads\/2024\/05\/Apple-WWDC24-event-details-hero.jpg","type":"image\/jpeg"}],"author":"Milan","twitter_card":"summary_large_image","twitter_description":"Apple best\u00e4tigt die Keynote-Zeit f\u00fcr die WWDC 2024 und gibt den Zeitplan bekannt. Verpasse keine wichtigen Ank\u00fcndigungen und Updates.","twitter_misc":{"Written by":"Milan","Est. reading time":"4 minutes"},"schema":{"@context":"https:\/\/schema.org","@graph":[{"@type":"NewsArticle","@id":"https:\/\/www.apfelpatient.de\/news\/wwdc-2024-apple-gibt-keynote-zeit-und-programm-bekannt#article","isPartOf":{"@id":"https:\/\/www.apfelpatient.de\/news\/wwdc-2024-apple-gibt-keynote-zeit-und-programm-bekannt"},"author":{"@type":"Organization","@id":"https:\/\/www.apfelpatient.de\/en\/#organization","name":"Apfelpatient","url":"https:\/\/www.apfelpatient.de\/en\/"},"headline":"WWDC 2024: Apple gibt Keynote-Zeit und Programm bekannt","datePublished":"2024-05-28T19:11:16+00:00","dateModified":"2024-06-04T21:48:22+00:00","mainEntityOfPage":{"@id":"https:\/\/www.apfelpatient.de\/news\/wwdc-2024-apple-gibt-keynote-zeit-und-programm-bekannt"},"wordCount":635,"publisher":{"@type":"Organization","@id":"https:\/\/www.apfelpatient.de\/en\/#organization","name":"Apfelpatient","url":"https:\/\/www.apfelpatient.de\/en\/"},"image":{"@id":"https:\/\/www.apfelpatient.de\/news\/wwdc-2024-apple-gibt-keynote-zeit-und-programm-bekannt#primaryimage"},"thumbnailUrl":"https:\/\/www.apfelpatient.de\/wp-content\/uploads\/2024\/05\/Apple-WWDC24-event-details-hero.jpg","keywords":["Apple Dienste","Apple VR\/AR","iOS","iOS 18","iPadOS","iPadOS 18","macOS","macOS 15","tvOS","tvOS 18","visionOS","visionOS 2","watchOS","watchOS 11","WWDC","WWDC 2024"],"articleSection":"News","inLanguage":"en-US","copyrightYear":"2024","copyrightHolder":{"@id":"https:\/\/www.apfelpatient.de\/en\/#organization"}},{"@type":"WebPage","@id":"https:\/\/www.apfelpatient.de\/news\/wwdc-2024-apple-gibt-keynote-zeit-und-programm-bekannt","url":"https:\/\/www.apfelpatient.de\/news\/wwdc-2024-apple-gibt-keynote-zeit-und-programm-bekannt","name":"WWDC 2024: Apple announces keynote time and program Apfelpatient","isPartOf":{"@id":"https:\/\/www.apfelpatient.de\/#website"},"primaryImageOfPage":{"@id":"https:\/\/www.apfelpatient.de\/news\/wwdc-2024-apple-gibt-keynote-zeit-und-programm-bekannt#primaryimage"},"image":{"@id":"https:\/\/www.apfelpatient.de\/news\/wwdc-2024-apple-gibt-keynote-zeit-und-programm-bekannt#primaryimage"},"thumbnailUrl":"https:\/\/www.apfelpatient.de\/wp-content\/uploads\/2024\/05\/Apple-WWDC24-event-details-hero.jpg","datePublished":"2024-05-28T19:11:16+00:00","dateModified":"2024-06-04T21:48:22+00:00","description":"Apple confirms WWDC 2024 keynote time and reveals schedule. Don&#039;t miss important announcements and updates.","breadcrumb":{"@id":"https:\/\/www.apfelpatient.de\/news\/wwdc-2024-apple-gibt-keynote-zeit-und-programm-bekannt#breadcrumb"},"inLanguage":"en-US","potentialAction":[{"@type":"ReadAction","target":["https:\/\/www.apfelpatient.de\/news\/wwdc-2024-apple-gibt-keynote-zeit-und-programm-bekannt"]}]},{"@type":"ImageObject","inLanguage":"en-US","@id":"https:\/\/www.apfelpatient.de\/news\/wwdc-2024-apple-gibt-keynote-zeit-und-programm-bekannt#primaryimage","url":"https:\/\/www.apfelpatient.de\/wp-content\/uploads\/2024\/05\/Apple-WWDC24-event-details-hero.jpg","contentUrl":"https:\/\/www.apfelpatient.de\/wp-content\/uploads\/2024\/05\/Apple-WWDC24-event-details-hero.jpg","width":1600,"height":900,"caption":"Bild: Apple"},{"@type":"BreadcrumbList","@id":"https:\/\/www.apfelpatient.de\/news\/wwdc-2024-apple-gibt-keynote-zeit-und-programm-bekannt#breadcrumb","itemListElement":[{"@type":"ListItem","position":1,"name":"Startseite","item":"https:\/\/www.apfelpatient.de\/"},{"@type":"ListItem","position":2,"name":"WWDC 2024: Apple gibt Keynote-Zeit und Programm bekannt"}]},{"@type":"WebSite","@id":"https:\/\/www.apfelpatient.de\/#website","url":"https:\/\/www.apfelpatient.de\/","name":"apple patient","description":"Everything about Apple!","publisher":{"@type":"Organization","@id":"https:\/\/www.apfelpatient.de\/en\/#organization","name":"Apfelpatient","url":"https:\/\/www.apfelpatient.de\/en\/"},"alternateName":"Apfelpatient","potentialAction":[{"@type":"SearchAction","target":{"@type":"EntryPoint","urlTemplate":"https:\/\/www.apfelpatient.de\/?s={search_term_string}"},"query-input":{"@type":"PropertyValueSpecification","valueRequired":true,"valueName":"search_term_string"}}],"inLanguage":"en-US"},{"@type":["Person","Organization"],"@id":"https:\/\/www.apfelpatient.de\/#\/schema\/person\/7dc56ad6c8e9824b76d2c08d4c140e13","name":"Milan","logo":{"@id":"https:\/\/www.apfelpatient.de\/#\/schema\/person\/image\/"},"description":"Hello and welcome to my technology blog! As a big Apple fan, I report on everything to do with Apple: from the latest news and exciting rumors to helpful tips and tricks and detailed product tests. If you are as enthusiastic about technology as I am, you have come to the right place!","sameAs":["https:\/\/www.facebook.com\/apfelpatientOfficial","https:\/\/www.linkedin.com\/in\/milan-jovicic-42aa0231b"],"url":"https:\/\/www.apfelpatient.de\/en\/author\/apfeladmin"}]}},"_links":{"self":[{"href":"https:\/\/www.apfelpatient.de\/en\/wp-json\/wp\/v2\/posts\/44420","targetHints":{"allow":["GET"]}}],"collection":[{"href":"https:\/\/www.apfelpatient.de\/en\/wp-json\/wp\/v2\/posts"}],"about":[{"href":"https:\/\/www.apfelpatient.de\/en\/wp-json\/wp\/v2\/types\/post"}],"author":[{"embeddable":true,"href":"https:\/\/www.apfelpatient.de\/en\/wp-json\/wp\/v2\/users\/2"}],"replies":[{"embeddable":true,"href":"https:\/\/www.apfelpatient.de\/en\/wp-json\/wp\/v2\/comments?post=44420"}],"version-history":[{"count":0,"href":"https:\/\/www.apfelpatient.de\/en\/wp-json\/wp\/v2\/posts\/44420\/revisions"}],"wp:featuredmedia":[{"embeddable":true,"href":"https:\/\/www.apfelpatient.de\/en\/wp-json\/wp\/v2\/media\/44419"}],"wp:attachment":[{"href":"https:\/\/www.apfelpatient.de\/en\/wp-json\/wp\/v2\/media?parent=44420"}],"wp:term":[{"taxonomy":"category","embeddable":true,"href":"https:\/\/www.apfelpatient.de\/en\/wp-json\/wp\/v2\/categories?post=44420"},{"taxonomy":"post_tag","embeddable":true,"href":"https:\/\/www.apfelpatient.de\/en\/wp-json\/wp\/v2\/tags?post=44420"}],"curies":[{"name":"wp","href":"https:\/\/api.w.org\/{rel}","templated":true}]}}