{"id":44395,"date":"2024-05-27T20:37:05","date_gmt":"2024-05-27T18:37:05","guid":{"rendered":"https:\/\/www.apfelpatient.de\/?p=44395"},"modified":"2024-05-27T20:37:06","modified_gmt":"2024-05-27T18:37:06","slug":"apple-future-ipads-with-landscape-logo-possible","status":"publish","type":"post","link":"https:\/\/www.apfelpatient.de\/en\/news\/apple-zukuenftige-ipads-mit-querformatigem-logo-moeglich","title":{"rendered":"Apple: Future iPads with landscape logo possible"},"content":{"rendered":"<p class=\"has-drop-cap\"><strong>Apple is always at the forefront of technological innovation and is constantly striving to improve the user experience. One of the latest considerations is a possible change to the Apple logo on future iPads. This potential adjustment reflects the increasing use of the devices in landscape mode and could further optimize the user experience.<\/strong><\/p>\n\n\n\n<p>As one of the world&#039;s leading technology companies, Apple has revolutionized the way we use technology. From the first iPhone to the latest iPad Pro models, the company has proven time and again that it is willing to break traditions and adapt to new usage habits. The recent discussion about the Apple logo on the iPads is another example of how Apple is responding to the needs of its users.<\/p>\n\n\n\n<h3 class=\"wp-block-heading\" id=\"h-ipad-hintergrund-der-moglichen-anderung\">iPad: Background of the possible change<\/h3>\n\n\n\n<p>The French website Numerama recently introduced a <a href=\"https:\/\/www.numerama.com\/tech\/1747904-rencontre-avec-lequipe-design-dapple-lipad-est-une-feuille-de-verre-magique.html\" target=\"_blank\" rel=\"noreferrer noopener\">interview<\/a> with three senior Apple employees about the new iPad Pro models. Although the conversation didn&#039;t reveal any new details, it did bring up an interesting discussion about the orientation of the Apple logo on future iPads. Traditionally, the Apple logo on the back of the iPad is positioned so that it appears upright in a vertical orientation. However, the devices are increasingly being used in landscape mode, especially with an attached keyboard. This results in the Apple logo often appearing sideways.<\/p>\n\n\n\n<h4 class=\"wp-block-heading\" id=\"h-grunde-fur-die-anderung\">Reasons for the change<\/h4>\n\n\n\n<p>Molly Anderson, a product designer at Apple, mentioned in the interview that a landscape Apple logo is a possibility on future iPads. Anderson emphasized that the iPad was originally designed for vertical use but is increasingly used in landscape mode. This change reflects not only adaptation to user habits, but also the continuous evolution of product design at Apple.<\/p>\n\n\n\n<h4 class=\"wp-block-heading\" id=\"h-technische-anpassungen\">Technical adjustments<\/h4>\n\n\n\n<p>Already with iPadOS 14.5, Apple started displaying the Apple logo when booting up the iPad in landscape mode when the device is in that orientation. This is a first step towards a possible hardware change. If Apple also implements this change on the physical level, it could mean that future iPads will have a landscape Apple logo.<\/p>\n\n\n\n<h4 class=\"wp-block-heading\" id=\"h-vorteile-fur-die-nutzer\">Benefits for users<\/h4>\n\n\n\n<p>Such an adaptation would have several advantages. First, it would improve the aesthetic appearance of iPads, especially when used with a keyboard in landscape mode. Second, it would increase usability by better matching current usage habits. Finally, it could also create greater visual uniformity between the various Apple products, which are often used in landscape mode.<\/p>\n\n\n\n<h3 class=\"wp-block-heading\" id=\"h-nutzerorientierte-designentscheidungen-von-apple\">User-oriented design decisions by Apple<\/h3>\n\n\n\n<p>The discussion about a landscape Apple logo on future iPads is another example of how Apple is continuously listening to the needs of its users and is willing to rethink traditional design principles. While the final decision is still pending, this consideration shows that Apple is always striving to improve its products and adapt to the changing habits of users. So keep your eyes peeled - you might see an iPad with a landscape Apple logo soon. (Photo by Unsplash \/ Miguel Hern\u00e1ndez)<\/p>\n\n\n\n<ul class=\"wp-block-list\">\n<li><a href=\"https:\/\/www.apfelpatient.de\/en\/tests-experience-reports\/ipad-pro-case-from-esr-in-the-test-protection-and-flexibility\">iPad Pro case from ESR in the test: protection and flexibility<\/a><\/li>\n<\/ul>\n\n\n\n<h6 class=\"wp-block-heading translation-block\" id=\"h-kennt-ihr-schon-unsere-amazon-storefront-dort-findet-ihr-eine-handverlesene-auswahl-von-diversen-produkten-f-r-euer-iphone-und-co-viel-spa-beim-st-bern\"><em>Have you already visited our Amazon Storefront? There you&#039;ll find a hand-picked selection of various products for your iPhone and other devices \u2013 <span class=\"has-inline-color has-vivid-red-color\"><a href=\"https:\/\/www.amazon.de\/shop\/apfelpatientofficial\" class=\"ek-link\" data-wpel-link=\"exclude\" rel=\"follow noopener\" target=\"_self\"><span style=\"text-decoration: underline\" class=\"ek-underline\">enjoy browsing<\/span><\/a> !<\/span><\/em><\/h6>\n\n\n\n<h6 class=\"wp-block-heading translation-block\" id=\"h-der-beitrag-enthalt-partnerlinks\">This post contains <a data-type=\"URL\" data-id=\"https:\/\/www.apfelpatient.de\/partnerprogramm\" href=\"https:\/\/www.apfelpatient.de\/en\/partner-program\" data-wpel-link=\"internal\" target=\"_self\">affiliate links<\/a>.<\/h6>","protected":false},"excerpt":{"rendered":"<p>Apple is considering a landscape logo for new iPads. Learn how this change could improve the way you use your devices.<\/p>","protected":false},"author":2,"featured_media":44396,"comment_status":"closed","ping_status":"closed","sticky":false,"template":"","format":"standard","meta":{"jnews-multi-image_gallery":[],"jnews_single_post":{"subtitle":"","format":"standard","video":"","gallery":"","source_name":"","source_url":"","via_name":"","via_url":"","override_template":"0","override":[{"template":"4","single_blog_custom":"","parallax":"1","fullscreen":"1","layout":"right-sidebar","sidebar":"default-sidebar","second_sidebar":"default-sidebar","sticky_sidebar":"1","share_position":"top","share_float_style":"share-monocrhome","show_share_counter":"0","show_view_counter":"0","show_featured":"1","show_post_meta":"1","show_post_author":"1","show_post_author_image":"1","show_post_date":"1","post_date_format":"default","post_date_format_custom":"Y\/m\/d","show_post_category":"1","show_post_reading_time":"0","post_reading_time_wpm":"300","show_zoom_button":"0","zoom_button_out_step":"2","zoom_button_in_step":"3","show_post_tag":"1","show_prev_next_post":"1","show_popup_post":"1","number_popup_post":"1","show_author_box":"0","show_post_related":"0","show_inline_post_related":"0"}],"override_image_size":"0","image_override":[{"single_post_thumbnail_size":"crop-500","single_post_gallery_size":"crop-500"}],"trending_post":"0","trending_post_position":"meta","trending_post_label":"Trending","sponsored_post":"0","sponsored_post_label":"Sponsored by","sponsored_post_name":"","sponsored_post_url":"","sponsored_post_logo_enable":"0","sponsored_post_logo":"","sponsored_post_desc":"","disable_ad":"0"},"jnews_primary_category":{"id":"9","hide":""},"footnotes":""},"categories":[9],"tags":[18],"class_list":["post-44395","post","type-post","status-publish","format-standard","has-post-thumbnail","hentry","category-news","tag-ipad"],"yoast_head":"<!-- This site is optimized with the Yoast SEO Premium plugin v27.5 (Yoast SEO v27.5) - https:\/\/yoast.com\/product\/yoast-seo-premium-wordpress\/ -->\n<title>Apple: Zuk\u00fcnftige iPads mit querformatigem Logo m\u00f6glich Apfelpatient<\/title>\n<meta name=\"description\" content=\"Apple erw\u00e4gt ein querformatiges Logo f\u00fcr neue iPads. Erfahre, wie diese \u00c4nderung die Nutzung deiner Ger\u00e4te verbessern k\u00f6nnte.\" \/>\n<meta name=\"robots\" content=\"index, follow, max-snippet:-1, max-image-preview:large, max-video-preview:-1\" \/>\n<link rel=\"canonical\" href=\"https:\/\/www.apfelpatient.de\/en\/news\/apple-future-ipads-with-landscape-logo-possible\" \/>\n<meta property=\"og:locale\" content=\"en_US\" \/>\n<meta property=\"og:type\" content=\"article\" \/>\n<meta property=\"og:title\" content=\"Apple: Zuk\u00fcnftige iPads mit querformatigem Logo m\u00f6glich\" \/>\n<meta property=\"og:description\" content=\"Apple erw\u00e4gt ein querformatiges Logo f\u00fcr neue iPads. Erfahre, wie diese \u00c4nderung die Nutzung deiner Ger\u00e4te verbessern k\u00f6nnte.\" \/>\n<meta property=\"og:url\" content=\"https:\/\/www.apfelpatient.de\/en\/news\/apple-future-ipads-with-landscape-logo-possible\" \/>\n<meta property=\"og:site_name\" content=\"Apfelpatient\" \/>\n<meta property=\"article:publisher\" content=\"https:\/\/www.facebook.com\/apfelpatientOfficial\" \/>\n<meta property=\"article:author\" content=\"https:\/\/www.facebook.com\/apfelpatientOfficial\" \/>\n<meta property=\"article:published_time\" content=\"2024-05-27T18:37:05+00:00\" \/>\n<meta property=\"article:modified_time\" content=\"2024-05-27T18:37:06+00:00\" \/>\n<meta property=\"og:image\" content=\"https:\/\/www.apfelpatient.de\/wp-content\/uploads\/2024\/05\/miguel-hernandez-AwpxJRrVjM4-unsplash.jpg\" \/>\n\t<meta property=\"og:image:width\" content=\"1600\" \/>\n\t<meta property=\"og:image:height\" content=\"1067\" \/>\n\t<meta property=\"og:image:type\" content=\"image\/jpeg\" \/>\n<meta name=\"author\" content=\"Milan\" \/>\n<meta name=\"twitter:card\" content=\"summary_large_image\" \/>\n<meta name=\"twitter:description\" content=\"Apple erw\u00e4gt ein querformatiges Logo f\u00fcr neue iPads. Erfahre, wie diese \u00c4nderung die Nutzung deiner Ger\u00e4te verbessern k\u00f6nnte.\" \/>\n<meta name=\"twitter:label1\" content=\"Written by\" \/>\n\t<meta name=\"twitter:data1\" content=\"Milan\" \/>\n\t<meta name=\"twitter:label2\" content=\"Est. reading time\" \/>\n\t<meta name=\"twitter:data2\" content=\"3 minutes\" \/>\n<script type=\"application\/ld+json\" class=\"yoast-schema-graph\">{\"@context\":\"https:\\\/\\\/schema.org\",\"@graph\":[{\"@type\":\"NewsArticle\",\"@id\":\"https:\\\/\\\/www.apfelpatient.de\\\/news\\\/apple-zukuenftige-ipads-mit-querformatigem-logo-moeglich#article\",\"isPartOf\":{\"@id\":\"https:\\\/\\\/www.apfelpatient.de\\\/news\\\/apple-zukuenftige-ipads-mit-querformatigem-logo-moeglich\"},\"author\":{\"@type\":\"Organization\",\"@id\":\"https:\\\/\\\/www.apfelpatient.de\\\/en\\\/#organization\",\"name\":\"Apfelpatient\",\"url\":\"https:\\\/\\\/www.apfelpatient.de\\\/en\\\/\"},\"headline\":\"Apple: Zuk\u00fcnftige iPads mit querformatigem Logo m\u00f6glich\",\"datePublished\":\"2024-05-27T18:37:05+00:00\",\"dateModified\":\"2024-05-27T18:37:06+00:00\",\"mainEntityOfPage\":{\"@id\":\"https:\\\/\\\/www.apfelpatient.de\\\/news\\\/apple-zukuenftige-ipads-mit-querformatigem-logo-moeglich\"},\"wordCount\":526,\"publisher\":{\"@type\":\"Organization\",\"@id\":\"https:\\\/\\\/www.apfelpatient.de\\\/en\\\/#organization\",\"name\":\"Apfelpatient\",\"url\":\"https:\\\/\\\/www.apfelpatient.de\\\/en\\\/\"},\"image\":{\"@id\":\"https:\\\/\\\/www.apfelpatient.de\\\/news\\\/apple-zukuenftige-ipads-mit-querformatigem-logo-moeglich#primaryimage\"},\"thumbnailUrl\":\"https:\\\/\\\/www.apfelpatient.de\\\/wp-content\\\/uploads\\\/2024\\\/05\\\/miguel-hernandez-AwpxJRrVjM4-unsplash.jpg\",\"keywords\":[\"iPad\"],\"articleSection\":\"News\",\"inLanguage\":\"en-US\",\"copyrightYear\":\"2024\",\"copyrightHolder\":{\"@id\":\"https:\\\/\\\/www.apfelpatient.de\\\/en\\\/#organization\"}},{\"@type\":\"WebPage\",\"@id\":\"https:\\\/\\\/www.apfelpatient.de\\\/news\\\/apple-zukuenftige-ipads-mit-querformatigem-logo-moeglich\",\"url\":\"https:\\\/\\\/www.apfelpatient.de\\\/news\\\/apple-zukuenftige-ipads-mit-querformatigem-logo-moeglich\",\"name\":\"Apple: Zuk\u00fcnftige iPads mit querformatigem Logo m\u00f6glich Apfelpatient\",\"isPartOf\":{\"@id\":\"https:\\\/\\\/www.apfelpatient.de\\\/#website\"},\"primaryImageOfPage\":{\"@id\":\"https:\\\/\\\/www.apfelpatient.de\\\/news\\\/apple-zukuenftige-ipads-mit-querformatigem-logo-moeglich#primaryimage\"},\"image\":{\"@id\":\"https:\\\/\\\/www.apfelpatient.de\\\/news\\\/apple-zukuenftige-ipads-mit-querformatigem-logo-moeglich#primaryimage\"},\"thumbnailUrl\":\"https:\\\/\\\/www.apfelpatient.de\\\/wp-content\\\/uploads\\\/2024\\\/05\\\/miguel-hernandez-AwpxJRrVjM4-unsplash.jpg\",\"datePublished\":\"2024-05-27T18:37:05+00:00\",\"dateModified\":\"2024-05-27T18:37:06+00:00\",\"description\":\"Apple erw\u00e4gt ein querformatiges Logo f\u00fcr neue iPads. Erfahre, wie diese \u00c4nderung die Nutzung deiner Ger\u00e4te verbessern k\u00f6nnte.\",\"breadcrumb\":{\"@id\":\"https:\\\/\\\/www.apfelpatient.de\\\/news\\\/apple-zukuenftige-ipads-mit-querformatigem-logo-moeglich#breadcrumb\"},\"inLanguage\":\"en-US\",\"potentialAction\":[{\"@type\":\"ReadAction\",\"target\":[\"https:\\\/\\\/www.apfelpatient.de\\\/news\\\/apple-zukuenftige-ipads-mit-querformatigem-logo-moeglich\"]}]},{\"@type\":\"ImageObject\",\"inLanguage\":\"en-US\",\"@id\":\"https:\\\/\\\/www.apfelpatient.de\\\/news\\\/apple-zukuenftige-ipads-mit-querformatigem-logo-moeglich#primaryimage\",\"url\":\"https:\\\/\\\/www.apfelpatient.de\\\/wp-content\\\/uploads\\\/2024\\\/05\\\/miguel-hernandez-AwpxJRrVjM4-unsplash.jpg\",\"contentUrl\":\"https:\\\/\\\/www.apfelpatient.de\\\/wp-content\\\/uploads\\\/2024\\\/05\\\/miguel-hernandez-AwpxJRrVjM4-unsplash.jpg\",\"width\":1600,\"height\":1067,\"caption\":\"Photo by Unsplash \\\/ Miguel Hern\u00e1ndez\"},{\"@type\":\"BreadcrumbList\",\"@id\":\"https:\\\/\\\/www.apfelpatient.de\\\/news\\\/apple-zukuenftige-ipads-mit-querformatigem-logo-moeglich#breadcrumb\",\"itemListElement\":[{\"@type\":\"ListItem\",\"position\":1,\"name\":\"Startseite\",\"item\":\"https:\\\/\\\/www.apfelpatient.de\\\/\"},{\"@type\":\"ListItem\",\"position\":2,\"name\":\"Apple: Zuk\u00fcnftige iPads mit querformatigem Logo m\u00f6glich\"}]},{\"@type\":\"WebSite\",\"@id\":\"https:\\\/\\\/www.apfelpatient.de\\\/#website\",\"url\":\"https:\\\/\\\/www.apfelpatient.de\\\/\",\"name\":\"Apfelpatient\",\"description\":\"Alles rund um Apple!\",\"publisher\":{\"@type\":\"Organization\",\"@id\":\"https:\\\/\\\/www.apfelpatient.de\\\/en\\\/#organization\",\"name\":\"Apfelpatient\",\"url\":\"https:\\\/\\\/www.apfelpatient.de\\\/en\\\/\"},\"alternateName\":\"Apfelpatient\",\"potentialAction\":[{\"@type\":\"SearchAction\",\"target\":{\"@type\":\"EntryPoint\",\"urlTemplate\":\"https:\\\/\\\/www.apfelpatient.de\\\/?s={search_term_string}\"},\"query-input\":{\"@type\":\"PropertyValueSpecification\",\"valueRequired\":true,\"valueName\":\"search_term_string\"}}],\"inLanguage\":\"en-US\"},{\"@type\":[\"Person\",\"Organization\"],\"@id\":\"https:\\\/\\\/www.apfelpatient.de\\\/#\\\/schema\\\/person\\\/7dc56ad6c8e9824b76d2c08d4c140e13\",\"name\":\"Milan\",\"logo\":{\"@id\":\"https:\\\/\\\/www.apfelpatient.de\\\/#\\\/schema\\\/person\\\/image\\\/\"},\"description\":\"Hallo und herzlich willkommen auf meinem Technik-Blog! Als gro\u00dfer Apple-Fan berichte ich hier \u00fcber alles, was mit Apple zu tun hat: von den neuesten News und spannenden Ger\u00fcchten \u00fcber hilfreiche Tipps und Tricks bis hin zu ausf\u00fchrlichen Produkttests. Wenn du genauso technikbegeistert bist wie ich, bist du hier genau richtig!\",\"sameAs\":[\"https:\\\/\\\/www.facebook.com\\\/apfelpatientOfficial\",\"https:\\\/\\\/www.linkedin.com\\\/in\\\/milan-jovicic-42aa0231b\"],\"url\":\"https:\\\/\\\/www.apfelpatient.de\\\/en\\\/author\\\/apfeladmin\"}]}<\/script>\n<!-- \/ Yoast SEO Premium plugin. -->","yoast_head_json":{"title":"Apple: Future iPads with landscape logo possible Apfelpatient","description":"Apple is considering a landscape logo for new iPads. Learn how this change could improve the way you use your devices.","robots":{"index":"index","follow":"follow","max-snippet":"max-snippet:-1","max-image-preview":"max-image-preview:large","max-video-preview":"max-video-preview:-1"},"canonical":"https:\/\/www.apfelpatient.de\/en\/news\/apple-future-ipads-with-landscape-logo-possible","og_locale":"en_US","og_type":"article","og_title":"Apple: Zuk\u00fcnftige iPads mit querformatigem Logo m\u00f6glich","og_description":"Apple erw\u00e4gt ein querformatiges Logo f\u00fcr neue iPads. Erfahre, wie diese \u00c4nderung die Nutzung deiner Ger\u00e4te verbessern k\u00f6nnte.","og_url":"https:\/\/www.apfelpatient.de\/en\/news\/apple-future-ipads-with-landscape-logo-possible","og_site_name":"Apfelpatient","article_publisher":"https:\/\/www.facebook.com\/apfelpatientOfficial","article_author":"https:\/\/www.facebook.com\/apfelpatientOfficial","article_published_time":"2024-05-27T18:37:05+00:00","article_modified_time":"2024-05-27T18:37:06+00:00","og_image":[{"width":1600,"height":1067,"url":"https:\/\/www.apfelpatient.de\/wp-content\/uploads\/2024\/05\/miguel-hernandez-AwpxJRrVjM4-unsplash.jpg","type":"image\/jpeg"}],"author":"Milan","twitter_card":"summary_large_image","twitter_description":"Apple erw\u00e4gt ein querformatiges Logo f\u00fcr neue iPads. Erfahre, wie diese \u00c4nderung die Nutzung deiner Ger\u00e4te verbessern k\u00f6nnte.","twitter_misc":{"Written by":"Milan","Est. reading time":"3 minutes"},"schema":{"@context":"https:\/\/schema.org","@graph":[{"@type":"NewsArticle","@id":"https:\/\/www.apfelpatient.de\/news\/apple-zukuenftige-ipads-mit-querformatigem-logo-moeglich#article","isPartOf":{"@id":"https:\/\/www.apfelpatient.de\/news\/apple-zukuenftige-ipads-mit-querformatigem-logo-moeglich"},"author":{"@type":"Organization","@id":"https:\/\/www.apfelpatient.de\/en\/#organization","name":"Apfelpatient","url":"https:\/\/www.apfelpatient.de\/en\/"},"headline":"Apple: Zuk\u00fcnftige iPads mit querformatigem Logo m\u00f6glich","datePublished":"2024-05-27T18:37:05+00:00","dateModified":"2024-05-27T18:37:06+00:00","mainEntityOfPage":{"@id":"https:\/\/www.apfelpatient.de\/news\/apple-zukuenftige-ipads-mit-querformatigem-logo-moeglich"},"wordCount":526,"publisher":{"@type":"Organization","@id":"https:\/\/www.apfelpatient.de\/en\/#organization","name":"Apfelpatient","url":"https:\/\/www.apfelpatient.de\/en\/"},"image":{"@id":"https:\/\/www.apfelpatient.de\/news\/apple-zukuenftige-ipads-mit-querformatigem-logo-moeglich#primaryimage"},"thumbnailUrl":"https:\/\/www.apfelpatient.de\/wp-content\/uploads\/2024\/05\/miguel-hernandez-AwpxJRrVjM4-unsplash.jpg","keywords":["iPad"],"articleSection":"News","inLanguage":"en-US","copyrightYear":"2024","copyrightHolder":{"@id":"https:\/\/www.apfelpatient.de\/en\/#organization"}},{"@type":"WebPage","@id":"https:\/\/www.apfelpatient.de\/news\/apple-zukuenftige-ipads-mit-querformatigem-logo-moeglich","url":"https:\/\/www.apfelpatient.de\/news\/apple-zukuenftige-ipads-mit-querformatigem-logo-moeglich","name":"Apple: Future iPads with landscape logo possible Apfelpatient","isPartOf":{"@id":"https:\/\/www.apfelpatient.de\/#website"},"primaryImageOfPage":{"@id":"https:\/\/www.apfelpatient.de\/news\/apple-zukuenftige-ipads-mit-querformatigem-logo-moeglich#primaryimage"},"image":{"@id":"https:\/\/www.apfelpatient.de\/news\/apple-zukuenftige-ipads-mit-querformatigem-logo-moeglich#primaryimage"},"thumbnailUrl":"https:\/\/www.apfelpatient.de\/wp-content\/uploads\/2024\/05\/miguel-hernandez-AwpxJRrVjM4-unsplash.jpg","datePublished":"2024-05-27T18:37:05+00:00","dateModified":"2024-05-27T18:37:06+00:00","description":"Apple is considering a landscape logo for new iPads. Learn how this change could improve the way you use your devices.","breadcrumb":{"@id":"https:\/\/www.apfelpatient.de\/news\/apple-zukuenftige-ipads-mit-querformatigem-logo-moeglich#breadcrumb"},"inLanguage":"en-US","potentialAction":[{"@type":"ReadAction","target":["https:\/\/www.apfelpatient.de\/news\/apple-zukuenftige-ipads-mit-querformatigem-logo-moeglich"]}]},{"@type":"ImageObject","inLanguage":"en-US","@id":"https:\/\/www.apfelpatient.de\/news\/apple-zukuenftige-ipads-mit-querformatigem-logo-moeglich#primaryimage","url":"https:\/\/www.apfelpatient.de\/wp-content\/uploads\/2024\/05\/miguel-hernandez-AwpxJRrVjM4-unsplash.jpg","contentUrl":"https:\/\/www.apfelpatient.de\/wp-content\/uploads\/2024\/05\/miguel-hernandez-AwpxJRrVjM4-unsplash.jpg","width":1600,"height":1067,"caption":"Photo by Unsplash \/ Miguel Hern\u00e1ndez"},{"@type":"BreadcrumbList","@id":"https:\/\/www.apfelpatient.de\/news\/apple-zukuenftige-ipads-mit-querformatigem-logo-moeglich#breadcrumb","itemListElement":[{"@type":"ListItem","position":1,"name":"Startseite","item":"https:\/\/www.apfelpatient.de\/"},{"@type":"ListItem","position":2,"name":"Apple: Zuk\u00fcnftige iPads mit querformatigem Logo m\u00f6glich"}]},{"@type":"WebSite","@id":"https:\/\/www.apfelpatient.de\/#website","url":"https:\/\/www.apfelpatient.de\/","name":"apple patient","description":"Everything about Apple!","publisher":{"@type":"Organization","@id":"https:\/\/www.apfelpatient.de\/en\/#organization","name":"Apfelpatient","url":"https:\/\/www.apfelpatient.de\/en\/"},"alternateName":"Apfelpatient","potentialAction":[{"@type":"SearchAction","target":{"@type":"EntryPoint","urlTemplate":"https:\/\/www.apfelpatient.de\/?s={search_term_string}"},"query-input":{"@type":"PropertyValueSpecification","valueRequired":true,"valueName":"search_term_string"}}],"inLanguage":"en-US"},{"@type":["Person","Organization"],"@id":"https:\/\/www.apfelpatient.de\/#\/schema\/person\/7dc56ad6c8e9824b76d2c08d4c140e13","name":"Milan","logo":{"@id":"https:\/\/www.apfelpatient.de\/#\/schema\/person\/image\/"},"description":"Hello and welcome to my technology blog! As a big Apple fan, I report on everything to do with Apple: from the latest news and exciting rumors to helpful tips and tricks and detailed product tests. If you are as enthusiastic about technology as I am, you have come to the right place!","sameAs":["https:\/\/www.facebook.com\/apfelpatientOfficial","https:\/\/www.linkedin.com\/in\/milan-jovicic-42aa0231b"],"url":"https:\/\/www.apfelpatient.de\/en\/author\/apfeladmin"}]}},"_links":{"self":[{"href":"https:\/\/www.apfelpatient.de\/en\/wp-json\/wp\/v2\/posts\/44395","targetHints":{"allow":["GET"]}}],"collection":[{"href":"https:\/\/www.apfelpatient.de\/en\/wp-json\/wp\/v2\/posts"}],"about":[{"href":"https:\/\/www.apfelpatient.de\/en\/wp-json\/wp\/v2\/types\/post"}],"author":[{"embeddable":true,"href":"https:\/\/www.apfelpatient.de\/en\/wp-json\/wp\/v2\/users\/2"}],"replies":[{"embeddable":true,"href":"https:\/\/www.apfelpatient.de\/en\/wp-json\/wp\/v2\/comments?post=44395"}],"version-history":[{"count":0,"href":"https:\/\/www.apfelpatient.de\/en\/wp-json\/wp\/v2\/posts\/44395\/revisions"}],"wp:featuredmedia":[{"embeddable":true,"href":"https:\/\/www.apfelpatient.de\/en\/wp-json\/wp\/v2\/media\/44396"}],"wp:attachment":[{"href":"https:\/\/www.apfelpatient.de\/en\/wp-json\/wp\/v2\/media?parent=44395"}],"wp:term":[{"taxonomy":"category","embeddable":true,"href":"https:\/\/www.apfelpatient.de\/en\/wp-json\/wp\/v2\/categories?post=44395"},{"taxonomy":"post_tag","embeddable":true,"href":"https:\/\/www.apfelpatient.de\/en\/wp-json\/wp\/v2\/tags?post=44395"}],"curies":[{"name":"wp","href":"https:\/\/api.w.org\/{rel}","templated":true}]}}