{"id":43958,"date":"2024-05-20T14:19:16","date_gmt":"2024-05-20T12:19:16","guid":{"rendered":"https:\/\/www.apfelpatient.de\/?p=43958"},"modified":"2024-05-20T14:19:17","modified_gmt":"2024-05-20T12:19:17","slug":"apple-vision-pro-international-expansion","status":"publish","type":"post","link":"https:\/\/www.apfelpatient.de\/en\/rumors\/apple-vision-pro-die-internationale-expansion","title":{"rendered":"Apple Vision Pro: The international expansion"},"content":{"rendered":"<p class=\"has-drop-cap\"><strong>Apple is about to launch its latest masterpiece, the Vision Pro, internationally. This revolutionary technology will not only be available in the US but will also expand its reach to Canada and the UK. Below you will find out everything about the upcoming launch, the supported countries and the latest developments surrounding Apple Vision Pro.<\/strong><\/p>\n\n\n\n<p>Since the announcement of the Apple Vision Pro, the world has been eagerly awaiting the next phase of the rollout. The excitement continues to build as clues and reports suggest that Canada and the UK will be the next markets where this groundbreaking technology will be available. This reveal brings us one step closer to a future where Vision Pro is accessible worldwide.<\/p>\n\n\n\n<h3 class=\"wp-block-heading\" id=\"h-hinweise-auf-den-internationalen-rollout\">Notes on the international rollout<\/h3>\n\n\n\n<p>The first hints of the international rollout of Apple Vision Pro began with reports of training sessions for store staff in various countries. These training sessions are a sure sign that a launch is imminent. Recently, it was reported that Apple is conducting training sessions in seven countries: Australia, China, France, Germany, Japan, Singapore and South Korea.<\/p>\n\n\n\n<h4 class=\"wp-block-heading\" id=\"h-visionos-code-und-sprachunterstutzung\">visionOS code and language support<\/h4>\n\n\n\n<p>Another significant clue came from the visionOS code, which includes virtual keyboards and autocorrect features for 12 languages. This suggests wider international support and includes Australia, Canada, China, France, Germany, Japan, Singapore, South Korea and the UK. This information suggests that Apple is making extensive preparations to successfully launch the Vision Pro in these markets.<\/p>\n\n\n\n<h4 class=\"wp-block-heading\" id=\"h-bestatigung-durch-mark-gurman\">Confirmation by Mark Gurman<\/h4>\n\n\n\n<p>Mark Gurman of Bloomberg, a trusted source for Apple news, <a href=\"https:\/\/x.com\/markgurman\/status\/1791622882713620600\" target=\"_blank\" rel=\"noreferrer noopener\">confirmed<\/a> over the weekend that Canada and the UK will be among the next countries where the Vision Pro will be available. According to Gurman, Canada, the UK and Singapore are also slated for the first phase of international expansion. This confirmation increases expectations and anticipation for the launch in these key markets.<\/p>\n\n\n\n<h4 class=\"wp-block-heading\" id=\"h-reaktionen-und-erwartungen\">reactions and expectations<\/h4>\n\n\n\n<p>Confirmation that Canada and the UK are included in the first wave of Vision Pro expansion has been received positively. These two countries are traditionally among the first to receive new Apple products after the US. Anticipation is high as Vision Pro offers a range of innovative features and applications that are of great interest to both consumers and professionals.<\/p>\n\n\n\n<h3 class=\"wp-block-heading\" id=\"h-apple-vision-pro-nachster-schritt-in-die-globale-expansion\">Apple Vision Pro: Next step in global expansion<\/h3>\n\n\n\n<p>The launch of Apple Vision Pro in Canada and the UK marks a significant step in the global adoption of this revolutionary technology. With ongoing training and support from visionOS, Apple is well prepared to successfully launch Vision Pro in these new markets. Stay tuned for further updates on the international launch of Apple Vision Pro and experience the future of technology first hand. (Image: Apple)<\/p>\n\n\n\n<ul class=\"wp-block-list\">\n<li><a href=\"https:\/\/www.apfelpatient.de\/en\/news\/apple-vision-pro-in-china-registered-expansion-close\">Apple Vision Pro registered in China: Expansion near<\/a><\/li>\n<\/ul>\n\n\n\n<h6 class=\"wp-block-heading translation-block\" id=\"h-kennt-ihr-schon-unsere-amazon-storefront-dort-findet-ihr-eine-handverlesene-auswahl-von-diversen-produkten-f-r-euer-iphone-und-co-viel-spa-beim-st-bern\"><em>Have you already visited our Amazon Storefront? There you&#039;ll find a hand-picked selection of various products for your iPhone and other devices \u2013 <span class=\"has-inline-color has-vivid-red-color\"><a href=\"https:\/\/www.amazon.de\/shop\/apfelpatientofficial\" class=\"ek-link\" data-wpel-link=\"exclude\" rel=\"follow noopener\" target=\"_self\"><span style=\"text-decoration: underline\" class=\"ek-underline\">enjoy browsing<\/span><\/a> !<\/span><\/em><\/h6>\n\n\n\n<h6 class=\"wp-block-heading translation-block\" id=\"h-der-beitrag-enthalt-partnerlinks\">This post contains <a data-type=\"URL\" data-id=\"https:\/\/www.apfelpatient.de\/partnerprogramm\" href=\"https:\/\/www.apfelpatient.de\/en\/partner-program\" data-wpel-link=\"internal\" target=\"_self\">affiliate links<\/a>.<\/h6>","protected":false},"excerpt":{"rendered":"<p>Apple Vision Pro is coming to Canada, the UK, Germany, and more! Discover the latest updates on the international launch.<\/p>","protected":false},"author":2,"featured_media":41961,"comment_status":"closed","ping_status":"closed","sticky":false,"template":"","format":"standard","meta":{"jnews-multi-image_gallery":[],"jnews_single_post":{"subtitle":"","format":"standard","video":"","gallery":"","source_name":"","source_url":"","via_name":"","via_url":"","override_template":"0","override":[{"template":"4","single_blog_custom":"","parallax":"1","fullscreen":"1","layout":"right-sidebar","sidebar":"default-sidebar","second_sidebar":"default-sidebar","sticky_sidebar":"1","share_position":"top","share_float_style":"share-monocrhome","show_share_counter":"0","show_view_counter":"0","show_featured":"1","show_post_meta":"1","show_post_author":"1","show_post_author_image":"1","show_post_date":"1","post_date_format":"default","post_date_format_custom":"Y\/m\/d","show_post_category":"1","show_post_reading_time":"0","post_reading_time_wpm":"300","show_zoom_button":"0","zoom_button_out_step":"2","zoom_button_in_step":"3","show_post_tag":"1","show_prev_next_post":"1","show_popup_post":"1","number_popup_post":"1","show_author_box":"0","show_post_related":"0","show_inline_post_related":"0"}],"override_image_size":"0","image_override":[{"single_post_thumbnail_size":"crop-500","single_post_gallery_size":"crop-500"}],"trending_post":"0","trending_post_position":"meta","trending_post_label":"Trending","sponsored_post":"0","sponsored_post_label":"Sponsored by","sponsored_post_name":"","sponsored_post_url":"","sponsored_post_logo_enable":"0","sponsored_post_logo":"","sponsored_post_desc":"","disable_ad":"0"},"jnews_primary_category":{"id":"25","hide":""},"footnotes":""},"categories":[25],"tags":[843,609,844],"class_list":["post-43958","post","type-post","status-publish","format-standard","has-post-thumbnail","hentry","category-rumors","tag-apple-vision-pro","tag-apple-vr-ar","tag-visionos"],"yoast_head":"<!-- This site is optimized with the Yoast SEO Premium plugin v27.5 (Yoast SEO v27.5) - https:\/\/yoast.com\/product\/yoast-seo-premium-wordpress\/ -->\n<title>Apple Vision Pro: Die internationale Expansion Apfelpatient<\/title>\n<meta name=\"description\" content=\"Apple Vision Pro kommt nach Kanada, Gro\u00dfbritannien, Deutschland und mehr! Entdecke die neuesten Updates zur internationalen Einf\u00fchrung.\" \/>\n<meta name=\"robots\" content=\"index, follow, max-snippet:-1, max-image-preview:large, max-video-preview:-1\" \/>\n<link rel=\"canonical\" href=\"https:\/\/www.apfelpatient.de\/en\/rumors\/apple-vision-pro-international-expansion\" \/>\n<meta property=\"og:locale\" content=\"en_US\" \/>\n<meta property=\"og:type\" content=\"article\" \/>\n<meta property=\"og:title\" content=\"Apple Vision Pro: Die internationale Expansion\" \/>\n<meta property=\"og:description\" content=\"Apple Vision Pro kommt nach Kanada, Gro\u00dfbritannien, Deutschland und mehr! Entdecke die neuesten Updates zur internationalen Einf\u00fchrung.\" \/>\n<meta property=\"og:url\" content=\"https:\/\/www.apfelpatient.de\/en\/rumors\/apple-vision-pro-international-expansion\" \/>\n<meta property=\"og:site_name\" content=\"Apfelpatient\" \/>\n<meta property=\"article:publisher\" content=\"https:\/\/www.facebook.com\/apfelpatientOfficial\" \/>\n<meta property=\"article:author\" content=\"https:\/\/www.facebook.com\/apfelpatientOfficial\" \/>\n<meta property=\"article:published_time\" content=\"2024-05-20T12:19:16+00:00\" \/>\n<meta property=\"article:modified_time\" content=\"2024-05-20T12:19:17+00:00\" \/>\n<meta property=\"og:image\" content=\"https:\/\/www.apfelpatient.de\/wp-content\/uploads\/2024\/02\/Apple-Vision-Pro-availability-customer-demo-02.jpg\" \/>\n\t<meta property=\"og:image:width\" content=\"1600\" \/>\n\t<meta property=\"og:image:height\" content=\"1066\" \/>\n\t<meta property=\"og:image:type\" content=\"image\/jpeg\" \/>\n<meta name=\"author\" content=\"Milan\" \/>\n<meta name=\"twitter:card\" content=\"summary_large_image\" \/>\n<meta name=\"twitter:description\" content=\"Apple Vision Pro kommt nach Kanada, Gro\u00dfbritannien, Deutschland und mehr! Entdecke die neuesten Updates zur internationalen Einf\u00fchrung.\" \/>\n<meta name=\"twitter:label1\" content=\"Written by\" \/>\n\t<meta name=\"twitter:data1\" content=\"Milan\" \/>\n\t<meta name=\"twitter:label2\" content=\"Est. reading time\" \/>\n\t<meta name=\"twitter:data2\" content=\"3 minutes\" \/>\n<script type=\"application\/ld+json\" class=\"yoast-schema-graph\">{\"@context\":\"https:\\\/\\\/schema.org\",\"@graph\":[{\"@type\":\"NewsArticle\",\"@id\":\"https:\\\/\\\/www.apfelpatient.de\\\/rumors\\\/apple-vision-pro-die-internationale-expansion#article\",\"isPartOf\":{\"@id\":\"https:\\\/\\\/www.apfelpatient.de\\\/rumors\\\/apple-vision-pro-die-internationale-expansion\"},\"author\":{\"@type\":\"Organization\",\"@id\":\"https:\\\/\\\/www.apfelpatient.de\\\/en\\\/#organization\",\"name\":\"Apfelpatient\",\"url\":\"https:\\\/\\\/www.apfelpatient.de\\\/en\\\/\"},\"headline\":\"Apple Vision Pro: Die internationale Expansion\",\"datePublished\":\"2024-05-20T12:19:16+00:00\",\"dateModified\":\"2024-05-20T12:19:17+00:00\",\"mainEntityOfPage\":{\"@id\":\"https:\\\/\\\/www.apfelpatient.de\\\/rumors\\\/apple-vision-pro-die-internationale-expansion\"},\"wordCount\":515,\"publisher\":{\"@type\":\"Organization\",\"@id\":\"https:\\\/\\\/www.apfelpatient.de\\\/en\\\/#organization\",\"name\":\"Apfelpatient\",\"url\":\"https:\\\/\\\/www.apfelpatient.de\\\/en\\\/\"},\"image\":{\"@id\":\"https:\\\/\\\/www.apfelpatient.de\\\/rumors\\\/apple-vision-pro-die-internationale-expansion#primaryimage\"},\"thumbnailUrl\":\"https:\\\/\\\/www.apfelpatient.de\\\/wp-content\\\/uploads\\\/2024\\\/02\\\/Apple-Vision-Pro-availability-customer-demo-02.jpg\",\"keywords\":[\"Apple Vision Pro\",\"Apple VR\\\/AR\",\"visionOS\"],\"articleSection\":\"Rumors\",\"inLanguage\":\"en-US\",\"copyrightYear\":\"2024\",\"copyrightHolder\":{\"@id\":\"https:\\\/\\\/www.apfelpatient.de\\\/en\\\/#organization\"}},{\"@type\":\"WebPage\",\"@id\":\"https:\\\/\\\/www.apfelpatient.de\\\/rumors\\\/apple-vision-pro-die-internationale-expansion\",\"url\":\"https:\\\/\\\/www.apfelpatient.de\\\/rumors\\\/apple-vision-pro-die-internationale-expansion\",\"name\":\"Apple Vision Pro: Die internationale Expansion Apfelpatient\",\"isPartOf\":{\"@id\":\"https:\\\/\\\/www.apfelpatient.de\\\/#website\"},\"primaryImageOfPage\":{\"@id\":\"https:\\\/\\\/www.apfelpatient.de\\\/rumors\\\/apple-vision-pro-die-internationale-expansion#primaryimage\"},\"image\":{\"@id\":\"https:\\\/\\\/www.apfelpatient.de\\\/rumors\\\/apple-vision-pro-die-internationale-expansion#primaryimage\"},\"thumbnailUrl\":\"https:\\\/\\\/www.apfelpatient.de\\\/wp-content\\\/uploads\\\/2024\\\/02\\\/Apple-Vision-Pro-availability-customer-demo-02.jpg\",\"datePublished\":\"2024-05-20T12:19:16+00:00\",\"dateModified\":\"2024-05-20T12:19:17+00:00\",\"description\":\"Apple Vision Pro kommt nach Kanada, Gro\u00dfbritannien, Deutschland und mehr! Entdecke die neuesten Updates zur internationalen Einf\u00fchrung.\",\"breadcrumb\":{\"@id\":\"https:\\\/\\\/www.apfelpatient.de\\\/rumors\\\/apple-vision-pro-die-internationale-expansion#breadcrumb\"},\"inLanguage\":\"en-US\",\"potentialAction\":[{\"@type\":\"ReadAction\",\"target\":[\"https:\\\/\\\/www.apfelpatient.de\\\/rumors\\\/apple-vision-pro-die-internationale-expansion\"]}]},{\"@type\":\"ImageObject\",\"inLanguage\":\"en-US\",\"@id\":\"https:\\\/\\\/www.apfelpatient.de\\\/rumors\\\/apple-vision-pro-die-internationale-expansion#primaryimage\",\"url\":\"https:\\\/\\\/www.apfelpatient.de\\\/wp-content\\\/uploads\\\/2024\\\/02\\\/Apple-Vision-Pro-availability-customer-demo-02.jpg\",\"contentUrl\":\"https:\\\/\\\/www.apfelpatient.de\\\/wp-content\\\/uploads\\\/2024\\\/02\\\/Apple-Vision-Pro-availability-customer-demo-02.jpg\",\"width\":1600,\"height\":1066,\"caption\":\"Bild: Apple\"},{\"@type\":\"BreadcrumbList\",\"@id\":\"https:\\\/\\\/www.apfelpatient.de\\\/rumors\\\/apple-vision-pro-die-internationale-expansion#breadcrumb\",\"itemListElement\":[{\"@type\":\"ListItem\",\"position\":1,\"name\":\"Startseite\",\"item\":\"https:\\\/\\\/www.apfelpatient.de\\\/\"},{\"@type\":\"ListItem\",\"position\":2,\"name\":\"Apple Vision Pro: Die internationale Expansion\"}]},{\"@type\":\"WebSite\",\"@id\":\"https:\\\/\\\/www.apfelpatient.de\\\/#website\",\"url\":\"https:\\\/\\\/www.apfelpatient.de\\\/\",\"name\":\"Apfelpatient\",\"description\":\"Alles rund um Apple!\",\"publisher\":{\"@type\":\"Organization\",\"@id\":\"https:\\\/\\\/www.apfelpatient.de\\\/en\\\/#organization\",\"name\":\"Apfelpatient\",\"url\":\"https:\\\/\\\/www.apfelpatient.de\\\/en\\\/\"},\"alternateName\":\"Apfelpatient\",\"potentialAction\":[{\"@type\":\"SearchAction\",\"target\":{\"@type\":\"EntryPoint\",\"urlTemplate\":\"https:\\\/\\\/www.apfelpatient.de\\\/?s={search_term_string}\"},\"query-input\":{\"@type\":\"PropertyValueSpecification\",\"valueRequired\":true,\"valueName\":\"search_term_string\"}}],\"inLanguage\":\"en-US\"},{\"@type\":[\"Person\",\"Organization\"],\"@id\":\"https:\\\/\\\/www.apfelpatient.de\\\/#\\\/schema\\\/person\\\/7dc56ad6c8e9824b76d2c08d4c140e13\",\"name\":\"Milan\",\"logo\":{\"@id\":\"https:\\\/\\\/www.apfelpatient.de\\\/#\\\/schema\\\/person\\\/image\\\/\"},\"description\":\"Hallo und herzlich willkommen auf meinem Technik-Blog! Als gro\u00dfer Apple-Fan berichte ich hier \u00fcber alles, was mit Apple zu tun hat: von den neuesten News und spannenden Ger\u00fcchten \u00fcber hilfreiche Tipps und Tricks bis hin zu ausf\u00fchrlichen Produkttests. Wenn du genauso technikbegeistert bist wie ich, bist du hier genau richtig!\",\"sameAs\":[\"https:\\\/\\\/www.facebook.com\\\/apfelpatientOfficial\",\"https:\\\/\\\/www.linkedin.com\\\/in\\\/milan-jovicic-42aa0231b\"],\"url\":\"https:\\\/\\\/www.apfelpatient.de\\\/en\\\/author\\\/apfeladmin\"}]}<\/script>\n<!-- \/ Yoast SEO Premium plugin. -->","yoast_head_json":{"title":"Apple Vision Pro: The international expansion Apfelpatient","description":"Apple Vision Pro is coming to Canada, the UK, Germany, and more! Discover the latest updates on the international launch.","robots":{"index":"index","follow":"follow","max-snippet":"max-snippet:-1","max-image-preview":"max-image-preview:large","max-video-preview":"max-video-preview:-1"},"canonical":"https:\/\/www.apfelpatient.de\/en\/rumors\/apple-vision-pro-international-expansion","og_locale":"en_US","og_type":"article","og_title":"Apple Vision Pro: Die internationale Expansion","og_description":"Apple Vision Pro kommt nach Kanada, Gro\u00dfbritannien, Deutschland und mehr! Entdecke die neuesten Updates zur internationalen Einf\u00fchrung.","og_url":"https:\/\/www.apfelpatient.de\/en\/rumors\/apple-vision-pro-international-expansion","og_site_name":"Apfelpatient","article_publisher":"https:\/\/www.facebook.com\/apfelpatientOfficial","article_author":"https:\/\/www.facebook.com\/apfelpatientOfficial","article_published_time":"2024-05-20T12:19:16+00:00","article_modified_time":"2024-05-20T12:19:17+00:00","og_image":[{"width":1600,"height":1066,"url":"https:\/\/www.apfelpatient.de\/wp-content\/uploads\/2024\/02\/Apple-Vision-Pro-availability-customer-demo-02.jpg","type":"image\/jpeg"}],"author":"Milan","twitter_card":"summary_large_image","twitter_description":"Apple Vision Pro kommt nach Kanada, Gro\u00dfbritannien, Deutschland und mehr! Entdecke die neuesten Updates zur internationalen Einf\u00fchrung.","twitter_misc":{"Written by":"Milan","Est. reading time":"3 minutes"},"schema":{"@context":"https:\/\/schema.org","@graph":[{"@type":"NewsArticle","@id":"https:\/\/www.apfelpatient.de\/rumors\/apple-vision-pro-die-internationale-expansion#article","isPartOf":{"@id":"https:\/\/www.apfelpatient.de\/rumors\/apple-vision-pro-die-internationale-expansion"},"author":{"@type":"Organization","@id":"https:\/\/www.apfelpatient.de\/en\/#organization","name":"Apfelpatient","url":"https:\/\/www.apfelpatient.de\/en\/"},"headline":"Apple Vision Pro: Die internationale Expansion","datePublished":"2024-05-20T12:19:16+00:00","dateModified":"2024-05-20T12:19:17+00:00","mainEntityOfPage":{"@id":"https:\/\/www.apfelpatient.de\/rumors\/apple-vision-pro-die-internationale-expansion"},"wordCount":515,"publisher":{"@type":"Organization","@id":"https:\/\/www.apfelpatient.de\/en\/#organization","name":"Apfelpatient","url":"https:\/\/www.apfelpatient.de\/en\/"},"image":{"@id":"https:\/\/www.apfelpatient.de\/rumors\/apple-vision-pro-die-internationale-expansion#primaryimage"},"thumbnailUrl":"https:\/\/www.apfelpatient.de\/wp-content\/uploads\/2024\/02\/Apple-Vision-Pro-availability-customer-demo-02.jpg","keywords":["Apple Vision Pro","Apple VR\/AR","visionOS"],"articleSection":"Rumors","inLanguage":"en-US","copyrightYear":"2024","copyrightHolder":{"@id":"https:\/\/www.apfelpatient.de\/en\/#organization"}},{"@type":"WebPage","@id":"https:\/\/www.apfelpatient.de\/rumors\/apple-vision-pro-die-internationale-expansion","url":"https:\/\/www.apfelpatient.de\/rumors\/apple-vision-pro-die-internationale-expansion","name":"Apple Vision Pro: The international expansion Apfelpatient","isPartOf":{"@id":"https:\/\/www.apfelpatient.de\/#website"},"primaryImageOfPage":{"@id":"https:\/\/www.apfelpatient.de\/rumors\/apple-vision-pro-die-internationale-expansion#primaryimage"},"image":{"@id":"https:\/\/www.apfelpatient.de\/rumors\/apple-vision-pro-die-internationale-expansion#primaryimage"},"thumbnailUrl":"https:\/\/www.apfelpatient.de\/wp-content\/uploads\/2024\/02\/Apple-Vision-Pro-availability-customer-demo-02.jpg","datePublished":"2024-05-20T12:19:16+00:00","dateModified":"2024-05-20T12:19:17+00:00","description":"Apple Vision Pro is coming to Canada, the UK, Germany, and more! Discover the latest updates on the international launch.","breadcrumb":{"@id":"https:\/\/www.apfelpatient.de\/rumors\/apple-vision-pro-die-internationale-expansion#breadcrumb"},"inLanguage":"en-US","potentialAction":[{"@type":"ReadAction","target":["https:\/\/www.apfelpatient.de\/rumors\/apple-vision-pro-die-internationale-expansion"]}]},{"@type":"ImageObject","inLanguage":"en-US","@id":"https:\/\/www.apfelpatient.de\/rumors\/apple-vision-pro-die-internationale-expansion#primaryimage","url":"https:\/\/www.apfelpatient.de\/wp-content\/uploads\/2024\/02\/Apple-Vision-Pro-availability-customer-demo-02.jpg","contentUrl":"https:\/\/www.apfelpatient.de\/wp-content\/uploads\/2024\/02\/Apple-Vision-Pro-availability-customer-demo-02.jpg","width":1600,"height":1066,"caption":"Bild: Apple"},{"@type":"BreadcrumbList","@id":"https:\/\/www.apfelpatient.de\/rumors\/apple-vision-pro-die-internationale-expansion#breadcrumb","itemListElement":[{"@type":"ListItem","position":1,"name":"Startseite","item":"https:\/\/www.apfelpatient.de\/"},{"@type":"ListItem","position":2,"name":"Apple Vision Pro: Die internationale Expansion"}]},{"@type":"WebSite","@id":"https:\/\/www.apfelpatient.de\/#website","url":"https:\/\/www.apfelpatient.de\/","name":"apple patient","description":"Everything about Apple!","publisher":{"@type":"Organization","@id":"https:\/\/www.apfelpatient.de\/en\/#organization","name":"Apfelpatient","url":"https:\/\/www.apfelpatient.de\/en\/"},"alternateName":"Apfelpatient","potentialAction":[{"@type":"SearchAction","target":{"@type":"EntryPoint","urlTemplate":"https:\/\/www.apfelpatient.de\/?s={search_term_string}"},"query-input":{"@type":"PropertyValueSpecification","valueRequired":true,"valueName":"search_term_string"}}],"inLanguage":"en-US"},{"@type":["Person","Organization"],"@id":"https:\/\/www.apfelpatient.de\/#\/schema\/person\/7dc56ad6c8e9824b76d2c08d4c140e13","name":"Milan","logo":{"@id":"https:\/\/www.apfelpatient.de\/#\/schema\/person\/image\/"},"description":"Hello and welcome to my technology blog! As a big Apple fan, I report on everything to do with Apple: from the latest news and exciting rumors to helpful tips and tricks and detailed product tests. If you are as enthusiastic about technology as I am, you have come to the right place!","sameAs":["https:\/\/www.facebook.com\/apfelpatientOfficial","https:\/\/www.linkedin.com\/in\/milan-jovicic-42aa0231b"],"url":"https:\/\/www.apfelpatient.de\/en\/author\/apfeladmin"}]}},"_links":{"self":[{"href":"https:\/\/www.apfelpatient.de\/en\/wp-json\/wp\/v2\/posts\/43958","targetHints":{"allow":["GET"]}}],"collection":[{"href":"https:\/\/www.apfelpatient.de\/en\/wp-json\/wp\/v2\/posts"}],"about":[{"href":"https:\/\/www.apfelpatient.de\/en\/wp-json\/wp\/v2\/types\/post"}],"author":[{"embeddable":true,"href":"https:\/\/www.apfelpatient.de\/en\/wp-json\/wp\/v2\/users\/2"}],"replies":[{"embeddable":true,"href":"https:\/\/www.apfelpatient.de\/en\/wp-json\/wp\/v2\/comments?post=43958"}],"version-history":[{"count":0,"href":"https:\/\/www.apfelpatient.de\/en\/wp-json\/wp\/v2\/posts\/43958\/revisions"}],"wp:featuredmedia":[{"embeddable":true,"href":"https:\/\/www.apfelpatient.de\/en\/wp-json\/wp\/v2\/media\/41961"}],"wp:attachment":[{"href":"https:\/\/www.apfelpatient.de\/en\/wp-json\/wp\/v2\/media?parent=43958"}],"wp:term":[{"taxonomy":"category","embeddable":true,"href":"https:\/\/www.apfelpatient.de\/en\/wp-json\/wp\/v2\/categories?post=43958"},{"taxonomy":"post_tag","embeddable":true,"href":"https:\/\/www.apfelpatient.de\/en\/wp-json\/wp\/v2\/tags?post=43958"}],"curies":[{"name":"wp","href":"https:\/\/api.w.org\/{rel}","templated":true}]}}