{"id":4392,"date":"2019-05-21T20:34:52","date_gmt":"2019-05-21T18:34:52","guid":{"rendered":"https:\/\/www.apfelpatient.de\/?p=4392"},"modified":"2019-05-21T20:34:52","modified_gmt":"2019-05-21T18:34:52","slug":"apple-introduces-new-13-and-15-macbook-pro-models","status":"publish","type":"post","link":"https:\/\/www.apfelpatient.de\/en\/news\/apple-stellt-neue-13-und-15-macbook-pro-modelle-vor","title":{"rendered":"Apple introduces new 13\u2033 and 15\u2033 MacBook Pro models"},"content":{"rendered":"<p><strong>Apple has announced a new line-up of MacBook Pro models with Intel&#039;s latest 8th and 9th generation Core processors and did not fail to mention the ultra-flat butterfly keyboard - this is said to have been significantly improved.<\/strong><\/p>\n<p>The new 15&quot; MacBook Pro is said to be a real beast - it can be configured with a maximum of eight processor cores and is said to be the fastest of its kind. The large MacBook Pro model was updated twice in 2018, the first update coming shortly after WWDC 2018. The second update took place in November.<\/p>\n<p><strong>This is the new MacBook Pro 15\u2033 with Touch Bar<\/strong><\/p>\n<p class=\"p1\"><\/p>\n<p>The new 15&quot; model comes with a 9th generation Intel Core i7 or Core i9 processor and clocks at up to 5.0 GHz in Turbo Boost. Apple&#039;s latest 15&quot; professional devices still have 220ppi, with a resolution of 2880 x 1800 pixels. Thanks to the True Tone screen, excellent color reproduction should be guaranteed. In addition, the high-end models can be equipped with Radeon Pro 560X or Vega 20 graphics cards with up to 4 GB HBM2 memory. 16 or 32 GB RAM and 512 GB or 1, 2 or 4 TB SSD flash memory can be selected. The basic version of the MacBook Pro 15&quot; is available for 2,799.00 euros and can cost up to 7,779.00 euros. It can be pre-ordered now in the Apple Online Store - deliveries will start on May 29th.<\/p>\n<p><strong>This is the new MacBook Pro 13\u2033 with Touch Bar<\/strong><\/p>\n<p>The equipment of the 13&quot; model is also impressive. It leaves the factory with an 8th generation Intel Core i5 or Core i7 and clocks at up to 4.7 GHz in Turbo Boost. The graphics card comes from Intel - an Iris Plus 655 Graphics. If you need more flash memory, you can give the MacBook Pro 13&quot; with Touch Bar up to 2 TB. As with the 15&quot; model, the little brother will also be True Tone-capable. The price of the new model starts at 1,999.00 euros and can cost up to 4,099.00 euros depending on the configuration. The small MacBook Pro with Touch Bar can also be pre-ordered now in the Apple Online Store - delivery also starts on May 29th.<\/p>\n<p><strong>4th generation butterfly keyboard<\/strong><\/p>\n<p class=\"p1\"><\/p>\n<p>Both models have four Thunderbolt 3 ports. The 13&quot; device can support up to two 4K displays or one 5K screen, while the 15&quot; MacBook Pro supports two 5K monitors. Both devices also have the well-known T2 chip, the same Touch Bar and the same Touch ID authentication as their predecessors. Of course, there is also something to say about the butterfly keyboard. According to Apple, the new generation of the butterfly keyboard has of course been revised. The improved design should now ensure significantly fewer failures than with the previous models. It remains to be seen whether Apple has succeeded in improving it.<\/p>","protected":false},"excerpt":{"rendered":"<p>Apple hat ein neues Line-Up von MacBook Pro Modellen mit Intels neuesten Core-Prozessoren der 8. und 9. Generation angek\u00fcndigt und lie\u00df dabei die ultraflache Butterfly Tastatur nicht unerw\u00e4hnt &#8211; hier soll deutlich nachgebessert worden sein. Das neue MacBook Pro mit 15&#8243; soll ein echtes Biest sein &#8211; es kann mit maximal acht Prozessorkernen konfiguriert werden [&hellip;]<\/p>\n","protected":false},"author":2,"featured_media":4394,"comment_status":"open","ping_status":"open","sticky":false,"template":"","format":"standard","meta":{"jnews-multi-image_gallery":[],"jnews_single_post":[],"jnews_primary_category":[],"footnotes":""},"categories":[9],"tags":[40,50],"class_list":["post-4392","post","type-post","status-publish","format-standard","has-post-thumbnail","hentry","category-news","tag-mac","tag-macbook-pro"],"yoast_head":"<!-- This site is optimized with the Yoast SEO Premium plugin v27.5 (Yoast SEO v27.5) - https:\/\/yoast.com\/product\/yoast-seo-premium-wordpress\/ -->\n<title>Apple stellt neue 13&quot; und 15&quot; MacBook Pro Modelle vor Apfelpatient<\/title>\n<meta name=\"description\" content=\"- Apple hat ein neues Line-Up von MacBook Pro Modellen mit Intels neuesten Core-Prozessoren der 8. und 9. Generation angek\u00fcndigt und lie\u00df dabei die ultraflache Butterfly Tastatur nicht unerw\u00e4hnt - hier soll deutlich nachgebessert worden sein.\" \/>\n<meta name=\"robots\" content=\"index, follow, max-snippet:-1, max-image-preview:large, max-video-preview:-1\" \/>\n<link rel=\"canonical\" href=\"https:\/\/www.apfelpatient.de\/en\/news\/apple-introduces-new-13-and-15-macbook-pro-models\" \/>\n<meta property=\"og:locale\" content=\"en_US\" \/>\n<meta property=\"og:type\" content=\"article\" \/>\n<meta property=\"og:title\" content=\"Apple stellt neue 13&quot; und 15&quot; MacBook Pro Modelle vor\" \/>\n<meta property=\"og:description\" content=\"- Apple hat ein neues Line-Up von MacBook Pro Modellen mit Intels neuesten Core-Prozessoren der 8. und 9. Generation angek\u00fcndigt und lie\u00df dabei die ultraflache Butterfly Tastatur nicht unerw\u00e4hnt - hier soll deutlich nachgebessert worden sein.\" \/>\n<meta property=\"og:url\" content=\"https:\/\/www.apfelpatient.de\/en\/news\/apple-introduces-new-13-and-15-macbook-pro-models\" \/>\n<meta property=\"og:site_name\" content=\"Apfelpatient\" \/>\n<meta property=\"article:publisher\" content=\"https:\/\/www.facebook.com\/apfelpatientOfficial\" \/>\n<meta property=\"article:author\" content=\"https:\/\/www.facebook.com\/apfelpatientOfficial\" \/>\n<meta property=\"article:published_time\" content=\"2019-05-21T18:34:52+00:00\" \/>\n<meta property=\"og:image\" content=\"https:\/\/www.apfelpatient.de\/wp-content\/uploads\/2019\/05\/apple_macbookpro-8-core_display_05212019.jpg\" \/>\n\t<meta property=\"og:image:width\" content=\"1632\" \/>\n\t<meta property=\"og:image:height\" content=\"983\" \/>\n\t<meta property=\"og:image:type\" content=\"image\/jpeg\" \/>\n<meta name=\"author\" content=\"Milan\" \/>\n<meta name=\"twitter:card\" content=\"summary_large_image\" \/>\n<meta name=\"twitter:label1\" content=\"Written by\" \/>\n\t<meta name=\"twitter:data1\" content=\"Milan\" \/>\n\t<meta name=\"twitter:label2\" content=\"Est. reading time\" \/>\n\t<meta name=\"twitter:data2\" content=\"2 minutes\" \/>\n<script type=\"application\/ld+json\" class=\"yoast-schema-graph\">{\"@context\":\"https:\\\/\\\/schema.org\",\"@graph\":[{\"@type\":\"NewsArticle\",\"@id\":\"https:\\\/\\\/www.apfelpatient.de\\\/news\\\/apple-stellt-neue-13-und-15-macbook-pro-modelle-vor#article\",\"isPartOf\":{\"@id\":\"https:\\\/\\\/www.apfelpatient.de\\\/news\\\/apple-stellt-neue-13-und-15-macbook-pro-modelle-vor\"},\"author\":{\"@type\":\"Organization\",\"@id\":\"https:\\\/\\\/www.apfelpatient.de\\\/en\\\/#organization\",\"name\":\"Apfelpatient\",\"url\":\"https:\\\/\\\/www.apfelpatient.de\\\/en\\\/\"},\"headline\":\"Apple stellt neue 13&#8243; und 15&#8243; MacBook Pro Modelle vor\",\"datePublished\":\"2019-05-21T18:34:52+00:00\",\"mainEntityOfPage\":{\"@id\":\"https:\\\/\\\/www.apfelpatient.de\\\/news\\\/apple-stellt-neue-13-und-15-macbook-pro-modelle-vor\"},\"wordCount\":459,\"commentCount\":0,\"publisher\":{\"@type\":\"Organization\",\"@id\":\"https:\\\/\\\/www.apfelpatient.de\\\/en\\\/#organization\",\"name\":\"Apfelpatient\",\"url\":\"https:\\\/\\\/www.apfelpatient.de\\\/en\\\/\"},\"image\":{\"@id\":\"https:\\\/\\\/www.apfelpatient.de\\\/news\\\/apple-stellt-neue-13-und-15-macbook-pro-modelle-vor#primaryimage\"},\"thumbnailUrl\":\"https:\\\/\\\/www.apfelpatient.de\\\/wp-content\\\/uploads\\\/2019\\\/05\\\/apple_macbookpro-8-core_display_05212019.jpg\",\"keywords\":[\"Mac\",\"MacBook Pro\"],\"articleSection\":\"News\",\"inLanguage\":\"en-US\",\"potentialAction\":[{\"@type\":\"CommentAction\",\"name\":\"Comment\",\"target\":[\"https:\\\/\\\/www.apfelpatient.de\\\/news\\\/apple-stellt-neue-13-und-15-macbook-pro-modelle-vor#respond\"]}],\"copyrightYear\":\"2019\",\"copyrightHolder\":{\"@id\":\"https:\\\/\\\/www.apfelpatient.de\\\/en\\\/#organization\"}},{\"@type\":\"WebPage\",\"@id\":\"https:\\\/\\\/www.apfelpatient.de\\\/news\\\/apple-stellt-neue-13-und-15-macbook-pro-modelle-vor\",\"url\":\"https:\\\/\\\/www.apfelpatient.de\\\/news\\\/apple-stellt-neue-13-und-15-macbook-pro-modelle-vor\",\"name\":\"Apple stellt neue 13\\\" und 15\\\" MacBook Pro Modelle vor Apfelpatient\",\"isPartOf\":{\"@id\":\"https:\\\/\\\/www.apfelpatient.de\\\/#website\"},\"primaryImageOfPage\":{\"@id\":\"https:\\\/\\\/www.apfelpatient.de\\\/news\\\/apple-stellt-neue-13-und-15-macbook-pro-modelle-vor#primaryimage\"},\"image\":{\"@id\":\"https:\\\/\\\/www.apfelpatient.de\\\/news\\\/apple-stellt-neue-13-und-15-macbook-pro-modelle-vor#primaryimage\"},\"thumbnailUrl\":\"https:\\\/\\\/www.apfelpatient.de\\\/wp-content\\\/uploads\\\/2019\\\/05\\\/apple_macbookpro-8-core_display_05212019.jpg\",\"datePublished\":\"2019-05-21T18:34:52+00:00\",\"description\":\"- Apple hat ein neues Line-Up von MacBook Pro Modellen mit Intels neuesten Core-Prozessoren der 8. und 9. Generation angek\u00fcndigt und lie\u00df dabei die ultraflache Butterfly Tastatur nicht unerw\u00e4hnt - hier soll deutlich nachgebessert worden sein.\",\"breadcrumb\":{\"@id\":\"https:\\\/\\\/www.apfelpatient.de\\\/news\\\/apple-stellt-neue-13-und-15-macbook-pro-modelle-vor#breadcrumb\"},\"inLanguage\":\"en-US\",\"potentialAction\":[{\"@type\":\"ReadAction\",\"target\":[\"https:\\\/\\\/www.apfelpatient.de\\\/news\\\/apple-stellt-neue-13-und-15-macbook-pro-modelle-vor\"]}]},{\"@type\":\"ImageObject\",\"inLanguage\":\"en-US\",\"@id\":\"https:\\\/\\\/www.apfelpatient.de\\\/news\\\/apple-stellt-neue-13-und-15-macbook-pro-modelle-vor#primaryimage\",\"url\":\"https:\\\/\\\/www.apfelpatient.de\\\/wp-content\\\/uploads\\\/2019\\\/05\\\/apple_macbookpro-8-core_display_05212019.jpg\",\"contentUrl\":\"https:\\\/\\\/www.apfelpatient.de\\\/wp-content\\\/uploads\\\/2019\\\/05\\\/apple_macbookpro-8-core_display_05212019.jpg\",\"width\":1632,\"height\":983,\"caption\":\"Bild: Apple\"},{\"@type\":\"BreadcrumbList\",\"@id\":\"https:\\\/\\\/www.apfelpatient.de\\\/news\\\/apple-stellt-neue-13-und-15-macbook-pro-modelle-vor#breadcrumb\",\"itemListElement\":[{\"@type\":\"ListItem\",\"position\":1,\"name\":\"Startseite\",\"item\":\"https:\\\/\\\/www.apfelpatient.de\\\/\"},{\"@type\":\"ListItem\",\"position\":2,\"name\":\"Apple stellt neue 13&#8243; und 15&#8243; MacBook Pro Modelle vor\"}]},{\"@type\":\"WebSite\",\"@id\":\"https:\\\/\\\/www.apfelpatient.de\\\/#website\",\"url\":\"https:\\\/\\\/www.apfelpatient.de\\\/\",\"name\":\"Apfelpatient\",\"description\":\"Alles rund um Apple!\",\"publisher\":{\"@type\":\"Organization\",\"@id\":\"https:\\\/\\\/www.apfelpatient.de\\\/en\\\/#organization\",\"name\":\"Apfelpatient\",\"url\":\"https:\\\/\\\/www.apfelpatient.de\\\/en\\\/\"},\"alternateName\":\"Apfelpatient\",\"potentialAction\":[{\"@type\":\"SearchAction\",\"target\":{\"@type\":\"EntryPoint\",\"urlTemplate\":\"https:\\\/\\\/www.apfelpatient.de\\\/?s={search_term_string}\"},\"query-input\":{\"@type\":\"PropertyValueSpecification\",\"valueRequired\":true,\"valueName\":\"search_term_string\"}}],\"inLanguage\":\"en-US\"},{\"@type\":[\"Person\",\"Organization\"],\"@id\":\"https:\\\/\\\/www.apfelpatient.de\\\/#\\\/schema\\\/person\\\/7dc56ad6c8e9824b76d2c08d4c140e13\",\"name\":\"Milan\",\"logo\":{\"@id\":\"https:\\\/\\\/www.apfelpatient.de\\\/#\\\/schema\\\/person\\\/image\\\/\"},\"description\":\"Hallo und herzlich willkommen auf meinem Technik-Blog! Als gro\u00dfer Apple-Fan berichte ich hier \u00fcber alles, was mit Apple zu tun hat: von den neuesten News und spannenden Ger\u00fcchten \u00fcber hilfreiche Tipps und Tricks bis hin zu ausf\u00fchrlichen Produkttests. Wenn du genauso technikbegeistert bist wie ich, bist du hier genau richtig!\",\"sameAs\":[\"https:\\\/\\\/www.facebook.com\\\/apfelpatientOfficial\",\"https:\\\/\\\/www.linkedin.com\\\/in\\\/milan-jovicic-42aa0231b\"],\"url\":\"https:\\\/\\\/www.apfelpatient.de\\\/en\\\/author\\\/apfeladmin\"}]}<\/script>\n<!-- \/ Yoast SEO Premium plugin. -->","yoast_head_json":{"title":"Apple introduces new 13&quot; and 15&quot; MacBook Pro models Apfelpatient","description":"- Apple has announced a new line-up of MacBook Pro models with Intel&#039;s latest 8th and 9th generation Core processors and did not fail to mention the ultra-flat butterfly keyboard - this is said to have been significantly improved.","robots":{"index":"index","follow":"follow","max-snippet":"max-snippet:-1","max-image-preview":"max-image-preview:large","max-video-preview":"max-video-preview:-1"},"canonical":"https:\/\/www.apfelpatient.de\/en\/news\/apple-introduces-new-13-and-15-macbook-pro-models","og_locale":"en_US","og_type":"article","og_title":"Apple stellt neue 13\" und 15\" MacBook Pro Modelle vor","og_description":"- Apple hat ein neues Line-Up von MacBook Pro Modellen mit Intels neuesten Core-Prozessoren der 8. und 9. Generation angek\u00fcndigt und lie\u00df dabei die ultraflache Butterfly Tastatur nicht unerw\u00e4hnt - hier soll deutlich nachgebessert worden sein.","og_url":"https:\/\/www.apfelpatient.de\/en\/news\/apple-introduces-new-13-and-15-macbook-pro-models","og_site_name":"Apfelpatient","article_publisher":"https:\/\/www.facebook.com\/apfelpatientOfficial","article_author":"https:\/\/www.facebook.com\/apfelpatientOfficial","article_published_time":"2019-05-21T18:34:52+00:00","og_image":[{"width":1632,"height":983,"url":"https:\/\/www.apfelpatient.de\/wp-content\/uploads\/2019\/05\/apple_macbookpro-8-core_display_05212019.jpg","type":"image\/jpeg"}],"author":"Milan","twitter_card":"summary_large_image","twitter_misc":{"Written by":"Milan","Est. reading time":"2 minutes"},"schema":{"@context":"https:\/\/schema.org","@graph":[{"@type":"NewsArticle","@id":"https:\/\/www.apfelpatient.de\/news\/apple-stellt-neue-13-und-15-macbook-pro-modelle-vor#article","isPartOf":{"@id":"https:\/\/www.apfelpatient.de\/news\/apple-stellt-neue-13-und-15-macbook-pro-modelle-vor"},"author":{"@type":"Organization","@id":"https:\/\/www.apfelpatient.de\/en\/#organization","name":"Apfelpatient","url":"https:\/\/www.apfelpatient.de\/en\/"},"headline":"Apple stellt neue 13&#8243; und 15&#8243; MacBook Pro Modelle vor","datePublished":"2019-05-21T18:34:52+00:00","mainEntityOfPage":{"@id":"https:\/\/www.apfelpatient.de\/news\/apple-stellt-neue-13-und-15-macbook-pro-modelle-vor"},"wordCount":459,"commentCount":0,"publisher":{"@type":"Organization","@id":"https:\/\/www.apfelpatient.de\/en\/#organization","name":"Apfelpatient","url":"https:\/\/www.apfelpatient.de\/en\/"},"image":{"@id":"https:\/\/www.apfelpatient.de\/news\/apple-stellt-neue-13-und-15-macbook-pro-modelle-vor#primaryimage"},"thumbnailUrl":"https:\/\/www.apfelpatient.de\/wp-content\/uploads\/2019\/05\/apple_macbookpro-8-core_display_05212019.jpg","keywords":["Mac","MacBook Pro"],"articleSection":"News","inLanguage":"en-US","potentialAction":[{"@type":"CommentAction","name":"Comment","target":["https:\/\/www.apfelpatient.de\/news\/apple-stellt-neue-13-und-15-macbook-pro-modelle-vor#respond"]}],"copyrightYear":"2019","copyrightHolder":{"@id":"https:\/\/www.apfelpatient.de\/en\/#organization"}},{"@type":"WebPage","@id":"https:\/\/www.apfelpatient.de\/news\/apple-stellt-neue-13-und-15-macbook-pro-modelle-vor","url":"https:\/\/www.apfelpatient.de\/news\/apple-stellt-neue-13-und-15-macbook-pro-modelle-vor","name":"Apple introduces new 13&quot; and 15&quot; MacBook Pro models Apfelpatient","isPartOf":{"@id":"https:\/\/www.apfelpatient.de\/#website"},"primaryImageOfPage":{"@id":"https:\/\/www.apfelpatient.de\/news\/apple-stellt-neue-13-und-15-macbook-pro-modelle-vor#primaryimage"},"image":{"@id":"https:\/\/www.apfelpatient.de\/news\/apple-stellt-neue-13-und-15-macbook-pro-modelle-vor#primaryimage"},"thumbnailUrl":"https:\/\/www.apfelpatient.de\/wp-content\/uploads\/2019\/05\/apple_macbookpro-8-core_display_05212019.jpg","datePublished":"2019-05-21T18:34:52+00:00","description":"- Apple has announced a new line-up of MacBook Pro models with Intel&#039;s latest 8th and 9th generation Core processors and did not fail to mention the ultra-flat butterfly keyboard - this is said to have been significantly improved.","breadcrumb":{"@id":"https:\/\/www.apfelpatient.de\/news\/apple-stellt-neue-13-und-15-macbook-pro-modelle-vor#breadcrumb"},"inLanguage":"en-US","potentialAction":[{"@type":"ReadAction","target":["https:\/\/www.apfelpatient.de\/news\/apple-stellt-neue-13-und-15-macbook-pro-modelle-vor"]}]},{"@type":"ImageObject","inLanguage":"en-US","@id":"https:\/\/www.apfelpatient.de\/news\/apple-stellt-neue-13-und-15-macbook-pro-modelle-vor#primaryimage","url":"https:\/\/www.apfelpatient.de\/wp-content\/uploads\/2019\/05\/apple_macbookpro-8-core_display_05212019.jpg","contentUrl":"https:\/\/www.apfelpatient.de\/wp-content\/uploads\/2019\/05\/apple_macbookpro-8-core_display_05212019.jpg","width":1632,"height":983,"caption":"Bild: Apple"},{"@type":"BreadcrumbList","@id":"https:\/\/www.apfelpatient.de\/news\/apple-stellt-neue-13-und-15-macbook-pro-modelle-vor#breadcrumb","itemListElement":[{"@type":"ListItem","position":1,"name":"Startseite","item":"https:\/\/www.apfelpatient.de\/"},{"@type":"ListItem","position":2,"name":"Apple stellt neue 13&#8243; und 15&#8243; MacBook Pro Modelle vor"}]},{"@type":"WebSite","@id":"https:\/\/www.apfelpatient.de\/#website","url":"https:\/\/www.apfelpatient.de\/","name":"apple patient","description":"Everything about Apple!","publisher":{"@type":"Organization","@id":"https:\/\/www.apfelpatient.de\/en\/#organization","name":"Apfelpatient","url":"https:\/\/www.apfelpatient.de\/en\/"},"alternateName":"Apfelpatient","potentialAction":[{"@type":"SearchAction","target":{"@type":"EntryPoint","urlTemplate":"https:\/\/www.apfelpatient.de\/?s={search_term_string}"},"query-input":{"@type":"PropertyValueSpecification","valueRequired":true,"valueName":"search_term_string"}}],"inLanguage":"en-US"},{"@type":["Person","Organization"],"@id":"https:\/\/www.apfelpatient.de\/#\/schema\/person\/7dc56ad6c8e9824b76d2c08d4c140e13","name":"Milan","logo":{"@id":"https:\/\/www.apfelpatient.de\/#\/schema\/person\/image\/"},"description":"Hello and welcome to my technology blog! As a big Apple fan, I report on everything to do with Apple: from the latest news and exciting rumors to helpful tips and tricks and detailed product tests. If you are as enthusiastic about technology as I am, you have come to the right place!","sameAs":["https:\/\/www.facebook.com\/apfelpatientOfficial","https:\/\/www.linkedin.com\/in\/milan-jovicic-42aa0231b"],"url":"https:\/\/www.apfelpatient.de\/en\/author\/apfeladmin"}]}},"_links":{"self":[{"href":"https:\/\/www.apfelpatient.de\/en\/wp-json\/wp\/v2\/posts\/4392","targetHints":{"allow":["GET"]}}],"collection":[{"href":"https:\/\/www.apfelpatient.de\/en\/wp-json\/wp\/v2\/posts"}],"about":[{"href":"https:\/\/www.apfelpatient.de\/en\/wp-json\/wp\/v2\/types\/post"}],"author":[{"embeddable":true,"href":"https:\/\/www.apfelpatient.de\/en\/wp-json\/wp\/v2\/users\/2"}],"replies":[{"embeddable":true,"href":"https:\/\/www.apfelpatient.de\/en\/wp-json\/wp\/v2\/comments?post=4392"}],"version-history":[{"count":0,"href":"https:\/\/www.apfelpatient.de\/en\/wp-json\/wp\/v2\/posts\/4392\/revisions"}],"wp:featuredmedia":[{"embeddable":true,"href":"https:\/\/www.apfelpatient.de\/en\/wp-json\/wp\/v2\/media\/4394"}],"wp:attachment":[{"href":"https:\/\/www.apfelpatient.de\/en\/wp-json\/wp\/v2\/media?parent=4392"}],"wp:term":[{"taxonomy":"category","embeddable":true,"href":"https:\/\/www.apfelpatient.de\/en\/wp-json\/wp\/v2\/categories?post=4392"},{"taxonomy":"post_tag","embeddable":true,"href":"https:\/\/www.apfelpatient.de\/en\/wp-json\/wp\/v2\/tags?post=4392"}],"curies":[{"name":"wp","href":"https:\/\/api.w.org\/{rel}","templated":true}]}}