{"id":43915,"date":"2024-05-17T19:12:09","date_gmt":"2024-05-17T17:12:09","guid":{"rendered":"https:\/\/www.apfelpatient.de\/?p=43915"},"modified":"2024-05-17T19:12:11","modified_gmt":"2024-05-17T17:12:11","slug":"first-reports-about-grainy-displays-on-the-m4-ipad-pro","status":"publish","type":"post","link":"https:\/\/www.apfelpatient.de\/en\/news\/erste-berichte-ueber-koernige-displays-beim-m4-ipad-pro","title":{"rendered":"First reports of grainy displays on the M4 iPad Pro"},"content":{"rendered":"<p class=\"has-drop-cap\"><strong>The new M4 iPad Pro is a technical masterpiece that is equipped with an impressive OLED display. However, some users report an annoying grainy effect on the screens. Below you will find out everything you need to know about this phenomenon, possible causes and what you can do as an affected user.<\/strong><\/p>\n\n\n\n<p>Since the launch of the new M4 iPad Pro models, many users have complained on various platforms such as Reddit and the MacRumors forums about a visible grain pattern on the OLED displays. This effect is said to be particularly noticeable in dark environments and at low to medium brightness. But what is really behind it? Is it a production defect or is it a normal phenomenon for OLED displays?<\/p>\n\n\n\n<h4 class=\"wp-block-heading\" id=\"h-berichte-von-nutzern\">user reports<\/h4>\n\n\n\n<p>The first reports about the grainy display on the M4 iPad Pro appeared <a href=\"https:\/\/www.reddit.com\/r\/ipad\/comments\/1csrchw\/grainy_display_on_ipad_m4\/?rdt=36454\" target=\"_blank\" rel=\"noreferrer noopener\">Reddit<\/a> and in the <a href=\"https:\/\/forums.macrumors.com\/threads\/grainy-display-on-new-ipad-pro-m4.2426450\/\" target=\"_blank\" rel=\"noreferrer noopener\">MacRumors forums<\/a> on (via <a href=\"https:\/\/www.macrumors.com\/2024\/05\/17\/oled-ipad-pro-grainy-display-reports\/\" target=\"_blank\" rel=\"noreferrer noopener\">MacRumors<\/a>). Users describe a static grain pattern that is particularly noticeable in gray or muted colors. Some compare the effect to the visual noise of a photo taken at a high ISO setting.<\/p>\n\n\n\n<h4 class=\"wp-block-heading\" id=\"h-sichtbarkeit-des-effekts\">visibility of the effect<\/h4>\n\n\n\n<p>The graininess is most noticeable in dark environments and on displays with low to medium brightness. This means that many users will notice the effect mainly when using the display indoors or at night. In brighter environments or at higher brightness, the effect seems to be less noticeable.<\/p>\n\n\n\n<h3 class=\"wp-block-heading\" id=\"h-mogliche-ursachen\">Possible causes<\/h3>\n\n\n\n<h4 class=\"wp-block-heading\" id=\"h-design-und-herstellungsprozess\">design and manufacturing process<\/h4>\n\n\n\n<p>OLED displays, such as those used in the M4 iPad Pro, can appear grainy due to a number of factors. The individual subpixels in OLED displays vary in size and shape, which can result in an uneven texture. This non-uniformity is often more pronounced on larger displays. In addition, differences in the application of the organic materials can affect the uniformity of light emission.<\/p>\n\n\n\n<h4 class=\"wp-block-heading\" id=\"h-energieverwaltungstechniken\">energy management techniques<\/h4>\n\n\n\n<p>OLED displays control brightness at the pixel level, and the power management techniques used can result in slight variations in brightness. These variations sometimes manifest as a grainy effect, especially in dark environments or when displaying uniform colors.<\/p>\n\n\n\n<h4 class=\"wp-block-heading\" id=\"h-vergleich-mit-anderen-geraten\">comparison with other devices<\/h4>\n\n\n\n<p>Interestingly, there have been similar reports of grainy screens on Samsung Galaxy S24 Ultra smartphones as well. This suggests that the effect is not exclusive to the M4 iPad Pro models but is a more general phenomenon on OLED displays.<\/p>\n\n\n\n<h4 class=\"wp-block-heading\" id=\"h-unterschiedliche-display-lieferanten\">Different display suppliers<\/h4>\n\n\n\n<p>The displays for the 11-inch model of the M4 iPad Pro come from Samsung, while LG Display supplies the panels for the 13-inch model. A report from Korea in March 2024 suggests that Samsung had difficulty meeting the order quantity for the 11-inch panels, prompting Apple to pass some orders on to LG Display.<\/p>\n\n\n\n<h3 class=\"wp-block-heading\" id=\"h-m4-ipad-pro-betroffene-modelle\">M4 iPad Pro: Affected models<\/h3>\n\n\n\n<p>Most reports refer to the 11-inch model, but there are also isolated reports about the 13-inch model. It is unclear whether the potential defect only occurs with one OLED panel supplier or whether both are affected.<\/p>\n\n\n\n<h3 class=\"wp-block-heading\" id=\"h-korniges-display-argernis-oder-normales-phanomen\">Grainy display: annoyance or normal phenomenon?<\/h3>\n\n\n\n<p>The grainy display on the M4 iPad Pro is a nuisance for many users that can spoil the user experience. Whether this is a genuine defect or a typical phenomenon with OLED displays is difficult to say at this point. If you are affected by this problem, it might be worth having the device checked by an Apple service provider or considering purchasing a nano-texture display option. Despite this challenge, the M4 iPad Pro remains a powerful and versatile device that excels in many other aspects. Stay informed and watch for future updates and reports that could shed more light on this matter. (Image: Apple)<\/p>\n\n\n\n<ul class=\"wp-block-list\">\n<li><a href=\"https:\/\/www.apfelpatient.de\/en\/news\/m4-ipad-pro-new-stress-tests-show-impressive-stability\">M4 iPad Pro: New stress tests show impressive stability<\/a><\/li>\n<\/ul>\n\n\n\n<h6 class=\"wp-block-heading translation-block\" id=\"h-kennt-ihr-schon-unsere-amazon-storefront-dort-findet-ihr-eine-handverlesene-auswahl-von-diversen-produkten-f-r-euer-iphone-und-co-viel-spa-beim-st-bern\"><em>Have you already visited our Amazon Storefront? There you&#039;ll find a hand-picked selection of various products for your iPhone and other devices \u2013 <span class=\"has-inline-color has-vivid-red-color\"><a href=\"https:\/\/www.amazon.de\/shop\/apfelpatientofficial\" class=\"ek-link\" data-wpel-link=\"exclude\" rel=\"follow noopener\" target=\"_self\"><span style=\"text-decoration: underline\" class=\"ek-underline\">enjoy browsing<\/span><\/a> !<\/span><\/em><\/h6>\n\n\n\n<h6 class=\"wp-block-heading translation-block\" id=\"h-der-beitrag-enthalt-partnerlinks\">This post contains <a data-type=\"URL\" data-id=\"https:\/\/www.apfelpatient.de\/partnerprogramm\" href=\"https:\/\/www.apfelpatient.de\/en\/partner-program\" data-wpel-link=\"internal\" target=\"_self\">affiliate links<\/a>.<\/h6>","protected":false},"excerpt":{"rendered":"<p>Grainy display on the M4 iPad Pro? Read here what users are saying and what the causes and solutions are. Get the most important information!<\/p>","protected":false},"author":2,"featured_media":43607,"comment_status":"closed","ping_status":"closed","sticky":false,"template":"","format":"standard","meta":{"jnews-multi-image_gallery":[],"jnews_single_post":{"subtitle":"","format":"standard","video":"","gallery":"","source_name":"","source_url":"","via_name":"","via_url":"","override_template":"0","override":[{"template":"4","single_blog_custom":"","parallax":"1","fullscreen":"1","layout":"right-sidebar","sidebar":"default-sidebar","second_sidebar":"default-sidebar","sticky_sidebar":"1","share_position":"top","share_float_style":"share-monocrhome","show_share_counter":"0","show_view_counter":"0","show_featured":"1","show_post_meta":"1","show_post_author":"1","show_post_author_image":"1","show_post_date":"1","post_date_format":"default","post_date_format_custom":"Y\/m\/d","show_post_category":"1","show_post_reading_time":"0","post_reading_time_wpm":"300","show_zoom_button":"0","zoom_button_out_step":"2","zoom_button_in_step":"3","show_post_tag":"1","show_prev_next_post":"1","show_popup_post":"1","number_popup_post":"1","show_author_box":"0","show_post_related":"0","show_inline_post_related":"0"}],"override_image_size":"0","image_override":[{"single_post_thumbnail_size":"crop-500","single_post_gallery_size":"crop-500"}],"trending_post":"0","trending_post_position":"meta","trending_post_label":"Trending","sponsored_post":"0","sponsored_post_label":"Sponsored by","sponsored_post_name":"","sponsored_post_url":"","sponsored_post_logo_enable":"0","sponsored_post_logo":"","sponsored_post_desc":"","disable_ad":"0"},"jnews_primary_category":{"id":"9","hide":""},"footnotes":""},"categories":[9],"tags":[18,66],"class_list":["post-43915","post","type-post","status-publish","format-standard","has-post-thumbnail","hentry","category-news","tag-ipad","tag-ipad-pro"],"yoast_head":"<!-- This site is optimized with the Yoast SEO Premium plugin v27.5 (Yoast SEO v27.5) - https:\/\/yoast.com\/product\/yoast-seo-premium-wordpress\/ -->\n<title>Erste Berichte \u00fcber k\u00f6rnige Displays beim M4 iPad Pro Apfelpatient<\/title>\n<meta name=\"description\" content=\"K\u00f6rniges Display beim M4 iPad Pro? Lies hier, was Nutzer berichten und welche Ursachen und L\u00f6sungen es gibt. Hol dir die wichtigsten Infos!\" \/>\n<meta name=\"robots\" content=\"index, follow, max-snippet:-1, max-image-preview:large, max-video-preview:-1\" \/>\n<link rel=\"canonical\" href=\"https:\/\/www.apfelpatient.de\/en\/news\/first-reports-about-grainy-displays-on-the-m4-ipad-pro\" \/>\n<meta property=\"og:locale\" content=\"en_US\" \/>\n<meta property=\"og:type\" content=\"article\" \/>\n<meta property=\"og:title\" content=\"Erste Berichte \u00fcber k\u00f6rnige Displays beim M4 iPad Pro\" \/>\n<meta property=\"og:description\" content=\"K\u00f6rniges Display beim M4 iPad Pro? Lies hier, was Nutzer berichten und welche Ursachen und L\u00f6sungen es gibt. Hol dir die wichtigsten Infos!\" \/>\n<meta property=\"og:url\" content=\"https:\/\/www.apfelpatient.de\/en\/news\/first-reports-about-grainy-displays-on-the-m4-ipad-pro\" \/>\n<meta property=\"og:site_name\" content=\"Apfelpatient\" \/>\n<meta property=\"article:publisher\" content=\"https:\/\/www.facebook.com\/apfelpatientOfficial\" \/>\n<meta property=\"article:author\" content=\"https:\/\/www.facebook.com\/apfelpatientOfficial\" \/>\n<meta property=\"article:published_time\" content=\"2024-05-17T17:12:09+00:00\" \/>\n<meta property=\"article:modified_time\" content=\"2024-05-17T17:12:11+00:00\" \/>\n<meta property=\"og:image\" content=\"https:\/\/www.apfelpatient.de\/wp-content\/uploads\/2024\/05\/Apple-iPad-Pro-hero-240507.jpg\" \/>\n\t<meta property=\"og:image:width\" content=\"1600\" \/>\n\t<meta property=\"og:image:height\" content=\"900\" \/>\n\t<meta property=\"og:image:type\" content=\"image\/jpeg\" \/>\n<meta name=\"author\" content=\"Milan\" \/>\n<meta name=\"twitter:card\" content=\"summary_large_image\" \/>\n<meta name=\"twitter:description\" content=\"K\u00f6rniges Display beim M4 iPad Pro? Lies hier, was Nutzer berichten und welche Ursachen und L\u00f6sungen es gibt. Hol dir die wichtigsten Infos!\" \/>\n<meta name=\"twitter:label1\" content=\"Written by\" \/>\n\t<meta name=\"twitter:data1\" content=\"Milan\" \/>\n\t<meta name=\"twitter:label2\" content=\"Est. reading time\" \/>\n\t<meta name=\"twitter:data2\" content=\"4 minutes\" \/>\n<script type=\"application\/ld+json\" class=\"yoast-schema-graph\">{\"@context\":\"https:\\\/\\\/schema.org\",\"@graph\":[{\"@type\":\"NewsArticle\",\"@id\":\"https:\\\/\\\/www.apfelpatient.de\\\/news\\\/erste-berichte-ueber-koernige-displays-beim-m4-ipad-pro#article\",\"isPartOf\":{\"@id\":\"https:\\\/\\\/www.apfelpatient.de\\\/news\\\/erste-berichte-ueber-koernige-displays-beim-m4-ipad-pro\"},\"author\":{\"@type\":\"Organization\",\"@id\":\"https:\\\/\\\/www.apfelpatient.de\\\/en\\\/#organization\",\"name\":\"Apfelpatient\",\"url\":\"https:\\\/\\\/www.apfelpatient.de\\\/en\\\/\"},\"headline\":\"Erste Berichte \u00fcber k\u00f6rnige Displays beim M4 iPad Pro\",\"datePublished\":\"2024-05-17T17:12:09+00:00\",\"dateModified\":\"2024-05-17T17:12:11+00:00\",\"mainEntityOfPage\":{\"@id\":\"https:\\\/\\\/www.apfelpatient.de\\\/news\\\/erste-berichte-ueber-koernige-displays-beim-m4-ipad-pro\"},\"wordCount\":629,\"publisher\":{\"@type\":\"Organization\",\"@id\":\"https:\\\/\\\/www.apfelpatient.de\\\/en\\\/#organization\",\"name\":\"Apfelpatient\",\"url\":\"https:\\\/\\\/www.apfelpatient.de\\\/en\\\/\"},\"image\":{\"@id\":\"https:\\\/\\\/www.apfelpatient.de\\\/news\\\/erste-berichte-ueber-koernige-displays-beim-m4-ipad-pro#primaryimage\"},\"thumbnailUrl\":\"https:\\\/\\\/www.apfelpatient.de\\\/wp-content\\\/uploads\\\/2024\\\/05\\\/Apple-iPad-Pro-hero-240507.jpg\",\"keywords\":[\"iPad\",\"iPad Pro\"],\"articleSection\":\"News\",\"inLanguage\":\"en-US\",\"copyrightYear\":\"2024\",\"copyrightHolder\":{\"@id\":\"https:\\\/\\\/www.apfelpatient.de\\\/en\\\/#organization\"}},{\"@type\":\"WebPage\",\"@id\":\"https:\\\/\\\/www.apfelpatient.de\\\/news\\\/erste-berichte-ueber-koernige-displays-beim-m4-ipad-pro\",\"url\":\"https:\\\/\\\/www.apfelpatient.de\\\/news\\\/erste-berichte-ueber-koernige-displays-beim-m4-ipad-pro\",\"name\":\"Erste Berichte \u00fcber k\u00f6rnige Displays beim M4 iPad Pro Apfelpatient\",\"isPartOf\":{\"@id\":\"https:\\\/\\\/www.apfelpatient.de\\\/#website\"},\"primaryImageOfPage\":{\"@id\":\"https:\\\/\\\/www.apfelpatient.de\\\/news\\\/erste-berichte-ueber-koernige-displays-beim-m4-ipad-pro#primaryimage\"},\"image\":{\"@id\":\"https:\\\/\\\/www.apfelpatient.de\\\/news\\\/erste-berichte-ueber-koernige-displays-beim-m4-ipad-pro#primaryimage\"},\"thumbnailUrl\":\"https:\\\/\\\/www.apfelpatient.de\\\/wp-content\\\/uploads\\\/2024\\\/05\\\/Apple-iPad-Pro-hero-240507.jpg\",\"datePublished\":\"2024-05-17T17:12:09+00:00\",\"dateModified\":\"2024-05-17T17:12:11+00:00\",\"description\":\"K\u00f6rniges Display beim M4 iPad Pro? Lies hier, was Nutzer berichten und welche Ursachen und L\u00f6sungen es gibt. Hol dir die wichtigsten Infos!\",\"breadcrumb\":{\"@id\":\"https:\\\/\\\/www.apfelpatient.de\\\/news\\\/erste-berichte-ueber-koernige-displays-beim-m4-ipad-pro#breadcrumb\"},\"inLanguage\":\"en-US\",\"potentialAction\":[{\"@type\":\"ReadAction\",\"target\":[\"https:\\\/\\\/www.apfelpatient.de\\\/news\\\/erste-berichte-ueber-koernige-displays-beim-m4-ipad-pro\"]}]},{\"@type\":\"ImageObject\",\"inLanguage\":\"en-US\",\"@id\":\"https:\\\/\\\/www.apfelpatient.de\\\/news\\\/erste-berichte-ueber-koernige-displays-beim-m4-ipad-pro#primaryimage\",\"url\":\"https:\\\/\\\/www.apfelpatient.de\\\/wp-content\\\/uploads\\\/2024\\\/05\\\/Apple-iPad-Pro-hero-240507.jpg\",\"contentUrl\":\"https:\\\/\\\/www.apfelpatient.de\\\/wp-content\\\/uploads\\\/2024\\\/05\\\/Apple-iPad-Pro-hero-240507.jpg\",\"width\":1600,\"height\":900,\"caption\":\"Bild: Apple\"},{\"@type\":\"BreadcrumbList\",\"@id\":\"https:\\\/\\\/www.apfelpatient.de\\\/news\\\/erste-berichte-ueber-koernige-displays-beim-m4-ipad-pro#breadcrumb\",\"itemListElement\":[{\"@type\":\"ListItem\",\"position\":1,\"name\":\"Startseite\",\"item\":\"https:\\\/\\\/www.apfelpatient.de\\\/\"},{\"@type\":\"ListItem\",\"position\":2,\"name\":\"Erste Berichte \u00fcber k\u00f6rnige Displays beim M4 iPad Pro\"}]},{\"@type\":\"WebSite\",\"@id\":\"https:\\\/\\\/www.apfelpatient.de\\\/#website\",\"url\":\"https:\\\/\\\/www.apfelpatient.de\\\/\",\"name\":\"Apfelpatient\",\"description\":\"Alles rund um Apple!\",\"publisher\":{\"@type\":\"Organization\",\"@id\":\"https:\\\/\\\/www.apfelpatient.de\\\/en\\\/#organization\",\"name\":\"Apfelpatient\",\"url\":\"https:\\\/\\\/www.apfelpatient.de\\\/en\\\/\"},\"alternateName\":\"Apfelpatient\",\"potentialAction\":[{\"@type\":\"SearchAction\",\"target\":{\"@type\":\"EntryPoint\",\"urlTemplate\":\"https:\\\/\\\/www.apfelpatient.de\\\/?s={search_term_string}\"},\"query-input\":{\"@type\":\"PropertyValueSpecification\",\"valueRequired\":true,\"valueName\":\"search_term_string\"}}],\"inLanguage\":\"en-US\"},{\"@type\":[\"Person\",\"Organization\"],\"@id\":\"https:\\\/\\\/www.apfelpatient.de\\\/#\\\/schema\\\/person\\\/7dc56ad6c8e9824b76d2c08d4c140e13\",\"name\":\"Milan\",\"logo\":{\"@id\":\"https:\\\/\\\/www.apfelpatient.de\\\/#\\\/schema\\\/person\\\/image\\\/\"},\"description\":\"Hallo und herzlich willkommen auf meinem Technik-Blog! Als gro\u00dfer Apple-Fan berichte ich hier \u00fcber alles, was mit Apple zu tun hat: von den neuesten News und spannenden Ger\u00fcchten \u00fcber hilfreiche Tipps und Tricks bis hin zu ausf\u00fchrlichen Produkttests. Wenn du genauso technikbegeistert bist wie ich, bist du hier genau richtig!\",\"sameAs\":[\"https:\\\/\\\/www.facebook.com\\\/apfelpatientOfficial\",\"https:\\\/\\\/www.linkedin.com\\\/in\\\/milan-jovicic-42aa0231b\"],\"url\":\"https:\\\/\\\/www.apfelpatient.de\\\/en\\\/author\\\/apfeladmin\"}]}<\/script>\n<!-- \/ Yoast SEO Premium plugin. -->","yoast_head_json":{"title":"First reports of grainy displays on the M4 iPad Pro Apfelpatient","description":"Grainy display on the M4 iPad Pro? Read here what users are saying and what the causes and solutions are. Get the most important information!","robots":{"index":"index","follow":"follow","max-snippet":"max-snippet:-1","max-image-preview":"max-image-preview:large","max-video-preview":"max-video-preview:-1"},"canonical":"https:\/\/www.apfelpatient.de\/en\/news\/first-reports-about-grainy-displays-on-the-m4-ipad-pro","og_locale":"en_US","og_type":"article","og_title":"Erste Berichte \u00fcber k\u00f6rnige Displays beim M4 iPad Pro","og_description":"K\u00f6rniges Display beim M4 iPad Pro? Lies hier, was Nutzer berichten und welche Ursachen und L\u00f6sungen es gibt. Hol dir die wichtigsten Infos!","og_url":"https:\/\/www.apfelpatient.de\/en\/news\/first-reports-about-grainy-displays-on-the-m4-ipad-pro","og_site_name":"Apfelpatient","article_publisher":"https:\/\/www.facebook.com\/apfelpatientOfficial","article_author":"https:\/\/www.facebook.com\/apfelpatientOfficial","article_published_time":"2024-05-17T17:12:09+00:00","article_modified_time":"2024-05-17T17:12:11+00:00","og_image":[{"width":1600,"height":900,"url":"https:\/\/www.apfelpatient.de\/wp-content\/uploads\/2024\/05\/Apple-iPad-Pro-hero-240507.jpg","type":"image\/jpeg"}],"author":"Milan","twitter_card":"summary_large_image","twitter_description":"K\u00f6rniges Display beim M4 iPad Pro? Lies hier, was Nutzer berichten und welche Ursachen und L\u00f6sungen es gibt. Hol dir die wichtigsten Infos!","twitter_misc":{"Written by":"Milan","Est. reading time":"4 minutes"},"schema":{"@context":"https:\/\/schema.org","@graph":[{"@type":"NewsArticle","@id":"https:\/\/www.apfelpatient.de\/news\/erste-berichte-ueber-koernige-displays-beim-m4-ipad-pro#article","isPartOf":{"@id":"https:\/\/www.apfelpatient.de\/news\/erste-berichte-ueber-koernige-displays-beim-m4-ipad-pro"},"author":{"@type":"Organization","@id":"https:\/\/www.apfelpatient.de\/en\/#organization","name":"Apfelpatient","url":"https:\/\/www.apfelpatient.de\/en\/"},"headline":"Erste Berichte \u00fcber k\u00f6rnige Displays beim M4 iPad Pro","datePublished":"2024-05-17T17:12:09+00:00","dateModified":"2024-05-17T17:12:11+00:00","mainEntityOfPage":{"@id":"https:\/\/www.apfelpatient.de\/news\/erste-berichte-ueber-koernige-displays-beim-m4-ipad-pro"},"wordCount":629,"publisher":{"@type":"Organization","@id":"https:\/\/www.apfelpatient.de\/en\/#organization","name":"Apfelpatient","url":"https:\/\/www.apfelpatient.de\/en\/"},"image":{"@id":"https:\/\/www.apfelpatient.de\/news\/erste-berichte-ueber-koernige-displays-beim-m4-ipad-pro#primaryimage"},"thumbnailUrl":"https:\/\/www.apfelpatient.de\/wp-content\/uploads\/2024\/05\/Apple-iPad-Pro-hero-240507.jpg","keywords":["iPad","iPad Pro"],"articleSection":"News","inLanguage":"en-US","copyrightYear":"2024","copyrightHolder":{"@id":"https:\/\/www.apfelpatient.de\/en\/#organization"}},{"@type":"WebPage","@id":"https:\/\/www.apfelpatient.de\/news\/erste-berichte-ueber-koernige-displays-beim-m4-ipad-pro","url":"https:\/\/www.apfelpatient.de\/news\/erste-berichte-ueber-koernige-displays-beim-m4-ipad-pro","name":"First reports of grainy displays on the M4 iPad Pro Apfelpatient","isPartOf":{"@id":"https:\/\/www.apfelpatient.de\/#website"},"primaryImageOfPage":{"@id":"https:\/\/www.apfelpatient.de\/news\/erste-berichte-ueber-koernige-displays-beim-m4-ipad-pro#primaryimage"},"image":{"@id":"https:\/\/www.apfelpatient.de\/news\/erste-berichte-ueber-koernige-displays-beim-m4-ipad-pro#primaryimage"},"thumbnailUrl":"https:\/\/www.apfelpatient.de\/wp-content\/uploads\/2024\/05\/Apple-iPad-Pro-hero-240507.jpg","datePublished":"2024-05-17T17:12:09+00:00","dateModified":"2024-05-17T17:12:11+00:00","description":"Grainy display on the M4 iPad Pro? Read here what users are saying and what the causes and solutions are. Get the most important information!","breadcrumb":{"@id":"https:\/\/www.apfelpatient.de\/news\/erste-berichte-ueber-koernige-displays-beim-m4-ipad-pro#breadcrumb"},"inLanguage":"en-US","potentialAction":[{"@type":"ReadAction","target":["https:\/\/www.apfelpatient.de\/news\/erste-berichte-ueber-koernige-displays-beim-m4-ipad-pro"]}]},{"@type":"ImageObject","inLanguage":"en-US","@id":"https:\/\/www.apfelpatient.de\/news\/erste-berichte-ueber-koernige-displays-beim-m4-ipad-pro#primaryimage","url":"https:\/\/www.apfelpatient.de\/wp-content\/uploads\/2024\/05\/Apple-iPad-Pro-hero-240507.jpg","contentUrl":"https:\/\/www.apfelpatient.de\/wp-content\/uploads\/2024\/05\/Apple-iPad-Pro-hero-240507.jpg","width":1600,"height":900,"caption":"Bild: Apple"},{"@type":"BreadcrumbList","@id":"https:\/\/www.apfelpatient.de\/news\/erste-berichte-ueber-koernige-displays-beim-m4-ipad-pro#breadcrumb","itemListElement":[{"@type":"ListItem","position":1,"name":"Startseite","item":"https:\/\/www.apfelpatient.de\/"},{"@type":"ListItem","position":2,"name":"Erste Berichte \u00fcber k\u00f6rnige Displays beim M4 iPad Pro"}]},{"@type":"WebSite","@id":"https:\/\/www.apfelpatient.de\/#website","url":"https:\/\/www.apfelpatient.de\/","name":"apple patient","description":"Everything about Apple!","publisher":{"@type":"Organization","@id":"https:\/\/www.apfelpatient.de\/en\/#organization","name":"Apfelpatient","url":"https:\/\/www.apfelpatient.de\/en\/"},"alternateName":"Apfelpatient","potentialAction":[{"@type":"SearchAction","target":{"@type":"EntryPoint","urlTemplate":"https:\/\/www.apfelpatient.de\/?s={search_term_string}"},"query-input":{"@type":"PropertyValueSpecification","valueRequired":true,"valueName":"search_term_string"}}],"inLanguage":"en-US"},{"@type":["Person","Organization"],"@id":"https:\/\/www.apfelpatient.de\/#\/schema\/person\/7dc56ad6c8e9824b76d2c08d4c140e13","name":"Milan","logo":{"@id":"https:\/\/www.apfelpatient.de\/#\/schema\/person\/image\/"},"description":"Hello and welcome to my technology blog! As a big Apple fan, I report on everything to do with Apple: from the latest news and exciting rumors to helpful tips and tricks and detailed product tests. If you are as enthusiastic about technology as I am, you have come to the right place!","sameAs":["https:\/\/www.facebook.com\/apfelpatientOfficial","https:\/\/www.linkedin.com\/in\/milan-jovicic-42aa0231b"],"url":"https:\/\/www.apfelpatient.de\/en\/author\/apfeladmin"}]}},"_links":{"self":[{"href":"https:\/\/www.apfelpatient.de\/en\/wp-json\/wp\/v2\/posts\/43915","targetHints":{"allow":["GET"]}}],"collection":[{"href":"https:\/\/www.apfelpatient.de\/en\/wp-json\/wp\/v2\/posts"}],"about":[{"href":"https:\/\/www.apfelpatient.de\/en\/wp-json\/wp\/v2\/types\/post"}],"author":[{"embeddable":true,"href":"https:\/\/www.apfelpatient.de\/en\/wp-json\/wp\/v2\/users\/2"}],"replies":[{"embeddable":true,"href":"https:\/\/www.apfelpatient.de\/en\/wp-json\/wp\/v2\/comments?post=43915"}],"version-history":[{"count":0,"href":"https:\/\/www.apfelpatient.de\/en\/wp-json\/wp\/v2\/posts\/43915\/revisions"}],"wp:featuredmedia":[{"embeddable":true,"href":"https:\/\/www.apfelpatient.de\/en\/wp-json\/wp\/v2\/media\/43607"}],"wp:attachment":[{"href":"https:\/\/www.apfelpatient.de\/en\/wp-json\/wp\/v2\/media?parent=43915"}],"wp:term":[{"taxonomy":"category","embeddable":true,"href":"https:\/\/www.apfelpatient.de\/en\/wp-json\/wp\/v2\/categories?post=43915"},{"taxonomy":"post_tag","embeddable":true,"href":"https:\/\/www.apfelpatient.de\/en\/wp-json\/wp\/v2\/tags?post=43915"}],"curies":[{"name":"wp","href":"https:\/\/api.w.org\/{rel}","templated":true}]}}