{"id":43877,"date":"2024-05-27T20:22:48","date_gmt":"2024-05-27T18:22:48","guid":{"rendered":"https:\/\/www.apfelpatient.de\/?p=43877"},"modified":"2024-05-27T20:22:49","modified_gmt":"2024-05-27T18:22:49","slug":"everything-about-the-airtag-2-launch-date-and-more","status":"publish","type":"post","link":"https:\/\/www.apfelpatient.de\/en\/allgemein\/alles-ueber-den-airtag-2-startdatum-und-mehr","title":{"rendered":"Everything about the AirTag 2 \u2013 launch date and more"},"content":{"rendered":"<p class=\"has-drop-cap\"><strong>The technology world is constantly changing, and Apple is often at the center of these developments. Since the launch of the first AirTag in April 2021, a device that makes it easier to find lost items, fans and tech enthusiasts have been eagerly awaiting news of an updated version. Below, we take a detailed look at the latest rumors surrounding the AirTag 2, Apple&#039;s next big thing in the world of item trackers.<\/strong><\/p>\n\n\n\n<p>Technology is evolving rapidly. New features and improvements are not only desirable, but often necessary to keep up with the ever-increasing demands of users. The AirTag has revolutionized the way we deal with lost items since its launch. But what can the second generation, the AirTag 2, improve? Here we look at what experts and rumors tell us.<\/p>\n\n\n\n<h4 class=\"wp-block-heading\" id=\"h-zeitplan-fur-den-airtag-2\">Schedule for the AirTag 2<\/h4>\n\n\n\n<p>The launch of the first AirTag was a major event in the technology space, especially for those concerned about the security of their personal belongings. Now the question is: when can we expect the AirTag 2?<\/p>\n\n\n\n<ul class=\"wp-block-list\">\n<li>Analyst forecasts: According to Apple supply chain analyst Ming-Chi Kuo and Mark Gurman of Bloomberg, the AirTag 2 is scheduled to launch in 2025. Mass production of the second generation was originally scheduled to begin in the fourth quarter of 2024, but this deadline has been pushed back to sometime in 2025. The reasons for this delay have not been made public.<\/li>\n<\/ul>\n\n\n\n<h3 class=\"wp-block-heading\" id=\"h-erwartete-funktionen-des-airtag-2\">Expected features of the AirTag 2<\/h3>\n\n\n\n<p>The features of a device are crucial to its success. Here are some exciting new features we can expect in the AirTag 2:<\/p>\n\n\n\n<ul class=\"wp-block-list\">\n<li>Integration with Apple Vision Pro: Kuo speculates that the new AirTag will be compatible in some way with Apple&#039;s Vision Pro headset. The exact details are still pending.<\/li>\n\n\n\n<li>Improved radio chip: Gurman suspects that the AirTag 2 could be equipped with an improved radio chip. It is possible that this chip is an updated version of the Ultra Wideband chip already found in the iPhone 15, which significantly improves location accuracy.<\/li>\n<\/ul>\n\n\n\n<h4 class=\"wp-block-heading\" id=\"h-design-und-preis\">design and price<\/h4>\n\n\n\n<p>So far, there are no concrete rumors about changes in the design or price of the AirTag 2. It remains to be seen whether Apple will maintain its pricing strategy or adjust it in light of new features.<\/p>\n\n\n\n<h3 class=\"wp-block-heading\" id=\"h-einblick-in-apples-nachste-generation-der-item-tracker\">Insight into Apple&#039;s next generation of item trackers<\/h3>\n\n\n\n<p class=\"translation-block\">The AirTag 2 promises to be an exciting new addition to Apple&#039;s product line. With potential improvements in technology and integration with other Apple products, the AirTag 2 could offer an even more effective solution for tracking items. Keep your eyes peeled for further announcements from Apple and prepare to take your tracking to the next level. Stay tuned for further updates and deeper insights into the upcoming AirTag 2. Looking for new accessories? Then check <a href=\"https:\/\/www.amazon.de\/shop\/apfelpatientofficial\" target=\"_blank\" rel=\"noreferrer noopener follow\" data-wpel-link=\"exclude\">out our Amazon Storefront<\/a> \u2013 there you&#039;ll find numerous products from leading providers, including those for HomeKit and others! (Photo by Unsplash \/ Daniel Romero)<\/p>\n\n\n\n<ul class=\"wp-block-list\">\n<li><a href=\"https:\/\/www.apfelpatient.de\/en\/tips-tricks\/airtags-share-in-ios-17-how-to-use-the-new-feature\">Share AirTags in iOS 17: How to use the new feature<\/a><\/li>\n<\/ul>\n\n\n\n<h6 class=\"wp-block-heading translation-block\" id=\"h-kennt-ihr-schon-unsere-amazon-storefront-dort-findet-ihr-eine-handverlesene-auswahl-von-diversen-produkten-f-r-euer-iphone-und-co-viel-spa-beim-st-bern\"><em>Have you already visited our Amazon Storefront? There you&#039;ll find a hand-picked selection of various products for your iPhone and other devices \u2013 <span class=\"has-inline-color has-vivid-red-color\"><a href=\"https:\/\/www.amazon.de\/shop\/apfelpatientofficial\" class=\"ek-link\" data-wpel-link=\"exclude\" rel=\"follow noopener\" target=\"_self\"><span style=\"text-decoration: underline\" class=\"ek-underline\">enjoy browsing<\/span><\/a> !<\/span><\/em><\/h6>\n\n\n\n<h6 class=\"wp-block-heading translation-block\" id=\"h-der-beitrag-enthalt-partnerlinks\">This post contains <a data-type=\"URL\" data-id=\"https:\/\/www.apfelpatient.de\/partnerprogramm\" href=\"https:\/\/www.apfelpatient.de\/en\/partner-program\" data-wpel-link=\"internal\" target=\"_self\">affiliate links<\/a>.<\/h6>","protected":false},"excerpt":{"rendered":"<p>What can the upcoming AirTag 2 do? Find out the possible launch date, technology updates and more in our overview.<\/p>","protected":false},"author":2,"featured_media":43878,"comment_status":"closed","ping_status":"closed","sticky":false,"template":"","format":"standard","meta":{"jnews-multi-image_gallery":[],"jnews_single_post":{"subtitle":"","format":"standard","video":"","gallery":"","source_name":"","source_url":"","via_name":"","via_url":"","override_template":"0","override":[{"template":"4","single_blog_custom":"","parallax":"1","fullscreen":"1","layout":"right-sidebar","sidebar":"default-sidebar","second_sidebar":"default-sidebar","sticky_sidebar":"1","share_position":"top","share_float_style":"share-monocrhome","show_share_counter":"0","show_view_counter":"0","show_featured":"1","show_post_meta":"1","show_post_author":"1","show_post_author_image":"1","show_post_date":"1","post_date_format":"default","post_date_format_custom":"Y\/m\/d","show_post_category":"1","show_post_reading_time":"0","post_reading_time_wpm":"300","show_zoom_button":"0","zoom_button_out_step":"2","zoom_button_in_step":"3","show_post_tag":"1","show_prev_next_post":"1","show_popup_post":"1","number_popup_post":"1","show_author_box":"0","show_post_related":"0","show_inline_post_related":"0"}],"override_image_size":"0","image_override":[{"single_post_thumbnail_size":"crop-500","single_post_gallery_size":"crop-500"}],"trending_post":"0","trending_post_position":"meta","trending_post_label":"Trending","sponsored_post":"0","sponsored_post_label":"Sponsored by","sponsored_post_name":"","sponsored_post_url":"","sponsored_post_logo_enable":"0","sponsored_post_logo":"","sponsored_post_desc":"","disable_ad":"0"},"jnews_primary_category":{"id":"2","hide":""},"footnotes":""},"categories":[2],"tags":[328],"class_list":["post-43877","post","type-post","status-publish","format-standard","has-post-thumbnail","hentry","category-allgemein","tag-airtag"],"yoast_head":"<!-- This site is optimized with the Yoast SEO Premium plugin v27.5 (Yoast SEO v27.5) - https:\/\/yoast.com\/product\/yoast-seo-premium-wordpress\/ -->\n<title>Alles \u00fcber den AirTag 2 \u2013 Startdatum und mehr Apfelpatient<\/title>\n<meta name=\"description\" content=\"Was kann der kommende AirTag 2? Erfahre das m\u00f6gliche Startdatum, Technologie-Updates und mehr in unserem \u00dcberblick.\" \/>\n<meta name=\"robots\" content=\"index, follow, max-snippet:-1, max-image-preview:large, max-video-preview:-1\" \/>\n<link rel=\"canonical\" href=\"https:\/\/www.apfelpatient.de\/en\/generally\/everything-about-the-airtag-2-launch-date-and-more\" \/>\n<meta property=\"og:locale\" content=\"en_US\" \/>\n<meta property=\"og:type\" content=\"article\" \/>\n<meta property=\"og:title\" content=\"Alles \u00fcber den AirTag 2 \u2013 Startdatum und mehr\" \/>\n<meta property=\"og:description\" content=\"Was kann der kommende AirTag 2? Erfahre das m\u00f6gliche Startdatum, Technologie-Updates und mehr in unserem \u00dcberblick.\" \/>\n<meta property=\"og:url\" content=\"https:\/\/www.apfelpatient.de\/en\/generally\/everything-about-the-airtag-2-launch-date-and-more\" \/>\n<meta property=\"og:site_name\" content=\"Apfelpatient\" \/>\n<meta property=\"article:publisher\" content=\"https:\/\/www.facebook.com\/apfelpatientOfficial\" \/>\n<meta property=\"article:author\" content=\"https:\/\/www.facebook.com\/apfelpatientOfficial\" \/>\n<meta property=\"article:published_time\" content=\"2024-05-27T18:22:48+00:00\" \/>\n<meta property=\"article:modified_time\" content=\"2024-05-27T18:22:49+00:00\" \/>\n<meta property=\"og:image\" content=\"https:\/\/www.apfelpatient.de\/wp-content\/uploads\/2024\/05\/daniel-romero-7Oxnu9lcVD0-unsplash.jpg\" \/>\n\t<meta property=\"og:image:width\" content=\"1600\" \/>\n\t<meta property=\"og:image:height\" content=\"900\" \/>\n\t<meta property=\"og:image:type\" content=\"image\/jpeg\" \/>\n<meta name=\"author\" content=\"Milan\" \/>\n<meta name=\"twitter:card\" content=\"summary_large_image\" \/>\n<meta name=\"twitter:description\" content=\"Was kann der kommende AirTag 2? Erfahre das m\u00f6gliche Startdatum, Technologie-Updates und mehr in unserem \u00dcberblick.\" \/>\n<meta name=\"twitter:label1\" content=\"Written by\" \/>\n\t<meta name=\"twitter:data1\" content=\"Milan\" \/>\n\t<meta name=\"twitter:label2\" content=\"Est. reading time\" \/>\n\t<meta name=\"twitter:data2\" content=\"4 minutes\" \/>\n<script type=\"application\/ld+json\" class=\"yoast-schema-graph\">{\"@context\":\"https:\\\/\\\/schema.org\",\"@graph\":[{\"@type\":\"NewsArticle\",\"@id\":\"https:\\\/\\\/www.apfelpatient.de\\\/allgemein\\\/alles-ueber-den-airtag-2-startdatum-und-mehr#article\",\"isPartOf\":{\"@id\":\"https:\\\/\\\/www.apfelpatient.de\\\/allgemein\\\/alles-ueber-den-airtag-2-startdatum-und-mehr\"},\"author\":{\"@type\":\"Organization\",\"@id\":\"https:\\\/\\\/www.apfelpatient.de\\\/en\\\/#organization\",\"name\":\"Apfelpatient\",\"url\":\"https:\\\/\\\/www.apfelpatient.de\\\/en\\\/\"},\"headline\":\"Alles \u00fcber den AirTag 2 \u2013 Startdatum und mehr\",\"datePublished\":\"2024-05-27T18:22:48+00:00\",\"dateModified\":\"2024-05-27T18:22:49+00:00\",\"mainEntityOfPage\":{\"@id\":\"https:\\\/\\\/www.apfelpatient.de\\\/allgemein\\\/alles-ueber-den-airtag-2-startdatum-und-mehr\"},\"wordCount\":522,\"publisher\":{\"@type\":\"Organization\",\"@id\":\"https:\\\/\\\/www.apfelpatient.de\\\/en\\\/#organization\",\"name\":\"Apfelpatient\",\"url\":\"https:\\\/\\\/www.apfelpatient.de\\\/en\\\/\"},\"image\":{\"@id\":\"https:\\\/\\\/www.apfelpatient.de\\\/allgemein\\\/alles-ueber-den-airtag-2-startdatum-und-mehr#primaryimage\"},\"thumbnailUrl\":\"https:\\\/\\\/www.apfelpatient.de\\\/wp-content\\\/uploads\\\/2024\\\/05\\\/daniel-romero-7Oxnu9lcVD0-unsplash.jpg\",\"keywords\":[\"AirTags\"],\"articleSection\":\"Allgemein\",\"inLanguage\":\"en-US\",\"copyrightYear\":\"2024\",\"copyrightHolder\":{\"@id\":\"https:\\\/\\\/www.apfelpatient.de\\\/en\\\/#organization\"}},{\"@type\":\"WebPage\",\"@id\":\"https:\\\/\\\/www.apfelpatient.de\\\/allgemein\\\/alles-ueber-den-airtag-2-startdatum-und-mehr\",\"url\":\"https:\\\/\\\/www.apfelpatient.de\\\/allgemein\\\/alles-ueber-den-airtag-2-startdatum-und-mehr\",\"name\":\"Alles \u00fcber den AirTag 2 \u2013 Startdatum und mehr Apfelpatient\",\"isPartOf\":{\"@id\":\"https:\\\/\\\/www.apfelpatient.de\\\/#website\"},\"primaryImageOfPage\":{\"@id\":\"https:\\\/\\\/www.apfelpatient.de\\\/allgemein\\\/alles-ueber-den-airtag-2-startdatum-und-mehr#primaryimage\"},\"image\":{\"@id\":\"https:\\\/\\\/www.apfelpatient.de\\\/allgemein\\\/alles-ueber-den-airtag-2-startdatum-und-mehr#primaryimage\"},\"thumbnailUrl\":\"https:\\\/\\\/www.apfelpatient.de\\\/wp-content\\\/uploads\\\/2024\\\/05\\\/daniel-romero-7Oxnu9lcVD0-unsplash.jpg\",\"datePublished\":\"2024-05-27T18:22:48+00:00\",\"dateModified\":\"2024-05-27T18:22:49+00:00\",\"description\":\"Was kann der kommende AirTag 2? Erfahre das m\u00f6gliche Startdatum, Technologie-Updates und mehr in unserem \u00dcberblick.\",\"breadcrumb\":{\"@id\":\"https:\\\/\\\/www.apfelpatient.de\\\/allgemein\\\/alles-ueber-den-airtag-2-startdatum-und-mehr#breadcrumb\"},\"inLanguage\":\"en-US\",\"potentialAction\":[{\"@type\":\"ReadAction\",\"target\":[\"https:\\\/\\\/www.apfelpatient.de\\\/allgemein\\\/alles-ueber-den-airtag-2-startdatum-und-mehr\"]}]},{\"@type\":\"ImageObject\",\"inLanguage\":\"en-US\",\"@id\":\"https:\\\/\\\/www.apfelpatient.de\\\/allgemein\\\/alles-ueber-den-airtag-2-startdatum-und-mehr#primaryimage\",\"url\":\"https:\\\/\\\/www.apfelpatient.de\\\/wp-content\\\/uploads\\\/2024\\\/05\\\/daniel-romero-7Oxnu9lcVD0-unsplash.jpg\",\"contentUrl\":\"https:\\\/\\\/www.apfelpatient.de\\\/wp-content\\\/uploads\\\/2024\\\/05\\\/daniel-romero-7Oxnu9lcVD0-unsplash.jpg\",\"width\":1600,\"height\":900,\"caption\":\"Photo by Unsplash \\\/ Daniel Romero\"},{\"@type\":\"BreadcrumbList\",\"@id\":\"https:\\\/\\\/www.apfelpatient.de\\\/allgemein\\\/alles-ueber-den-airtag-2-startdatum-und-mehr#breadcrumb\",\"itemListElement\":[{\"@type\":\"ListItem\",\"position\":1,\"name\":\"Startseite\",\"item\":\"https:\\\/\\\/www.apfelpatient.de\\\/\"},{\"@type\":\"ListItem\",\"position\":2,\"name\":\"Alles \u00fcber den AirTag 2 \u2013 Startdatum und mehr\"}]},{\"@type\":\"WebSite\",\"@id\":\"https:\\\/\\\/www.apfelpatient.de\\\/#website\",\"url\":\"https:\\\/\\\/www.apfelpatient.de\\\/\",\"name\":\"Apfelpatient\",\"description\":\"Alles rund um Apple!\",\"publisher\":{\"@type\":\"Organization\",\"@id\":\"https:\\\/\\\/www.apfelpatient.de\\\/en\\\/#organization\",\"name\":\"Apfelpatient\",\"url\":\"https:\\\/\\\/www.apfelpatient.de\\\/en\\\/\"},\"alternateName\":\"Apfelpatient\",\"potentialAction\":[{\"@type\":\"SearchAction\",\"target\":{\"@type\":\"EntryPoint\",\"urlTemplate\":\"https:\\\/\\\/www.apfelpatient.de\\\/?s={search_term_string}\"},\"query-input\":{\"@type\":\"PropertyValueSpecification\",\"valueRequired\":true,\"valueName\":\"search_term_string\"}}],\"inLanguage\":\"en-US\"},{\"@type\":[\"Person\",\"Organization\"],\"@id\":\"https:\\\/\\\/www.apfelpatient.de\\\/#\\\/schema\\\/person\\\/7dc56ad6c8e9824b76d2c08d4c140e13\",\"name\":\"Milan\",\"logo\":{\"@id\":\"https:\\\/\\\/www.apfelpatient.de\\\/#\\\/schema\\\/person\\\/image\\\/\"},\"description\":\"Hallo und herzlich willkommen auf meinem Technik-Blog! Als gro\u00dfer Apple-Fan berichte ich hier \u00fcber alles, was mit Apple zu tun hat: von den neuesten News und spannenden Ger\u00fcchten \u00fcber hilfreiche Tipps und Tricks bis hin zu ausf\u00fchrlichen Produkttests. Wenn du genauso technikbegeistert bist wie ich, bist du hier genau richtig!\",\"sameAs\":[\"https:\\\/\\\/www.facebook.com\\\/apfelpatientOfficial\",\"https:\\\/\\\/www.linkedin.com\\\/in\\\/milan-jovicic-42aa0231b\"],\"url\":\"https:\\\/\\\/www.apfelpatient.de\\\/en\\\/author\\\/apfeladmin\"}]}<\/script>\n<!-- \/ Yoast SEO Premium plugin. -->","yoast_head_json":{"title":"Everything about the AirTag 2 \u2013 launch date and more Apfelpatient","description":"What can the upcoming AirTag 2 do? Find out the possible launch date, technology updates and more in our overview.","robots":{"index":"index","follow":"follow","max-snippet":"max-snippet:-1","max-image-preview":"max-image-preview:large","max-video-preview":"max-video-preview:-1"},"canonical":"https:\/\/www.apfelpatient.de\/en\/generally\/everything-about-the-airtag-2-launch-date-and-more","og_locale":"en_US","og_type":"article","og_title":"Alles \u00fcber den AirTag 2 \u2013 Startdatum und mehr","og_description":"Was kann der kommende AirTag 2? Erfahre das m\u00f6gliche Startdatum, Technologie-Updates und mehr in unserem \u00dcberblick.","og_url":"https:\/\/www.apfelpatient.de\/en\/generally\/everything-about-the-airtag-2-launch-date-and-more","og_site_name":"Apfelpatient","article_publisher":"https:\/\/www.facebook.com\/apfelpatientOfficial","article_author":"https:\/\/www.facebook.com\/apfelpatientOfficial","article_published_time":"2024-05-27T18:22:48+00:00","article_modified_time":"2024-05-27T18:22:49+00:00","og_image":[{"width":1600,"height":900,"url":"https:\/\/www.apfelpatient.de\/wp-content\/uploads\/2024\/05\/daniel-romero-7Oxnu9lcVD0-unsplash.jpg","type":"image\/jpeg"}],"author":"Milan","twitter_card":"summary_large_image","twitter_description":"Was kann der kommende AirTag 2? Erfahre das m\u00f6gliche Startdatum, Technologie-Updates und mehr in unserem \u00dcberblick.","twitter_misc":{"Written by":"Milan","Est. reading time":"4 minutes"},"schema":{"@context":"https:\/\/schema.org","@graph":[{"@type":"NewsArticle","@id":"https:\/\/www.apfelpatient.de\/allgemein\/alles-ueber-den-airtag-2-startdatum-und-mehr#article","isPartOf":{"@id":"https:\/\/www.apfelpatient.de\/allgemein\/alles-ueber-den-airtag-2-startdatum-und-mehr"},"author":{"@type":"Organization","@id":"https:\/\/www.apfelpatient.de\/en\/#organization","name":"Apfelpatient","url":"https:\/\/www.apfelpatient.de\/en\/"},"headline":"Alles \u00fcber den AirTag 2 \u2013 Startdatum und mehr","datePublished":"2024-05-27T18:22:48+00:00","dateModified":"2024-05-27T18:22:49+00:00","mainEntityOfPage":{"@id":"https:\/\/www.apfelpatient.de\/allgemein\/alles-ueber-den-airtag-2-startdatum-und-mehr"},"wordCount":522,"publisher":{"@type":"Organization","@id":"https:\/\/www.apfelpatient.de\/en\/#organization","name":"Apfelpatient","url":"https:\/\/www.apfelpatient.de\/en\/"},"image":{"@id":"https:\/\/www.apfelpatient.de\/allgemein\/alles-ueber-den-airtag-2-startdatum-und-mehr#primaryimage"},"thumbnailUrl":"https:\/\/www.apfelpatient.de\/wp-content\/uploads\/2024\/05\/daniel-romero-7Oxnu9lcVD0-unsplash.jpg","keywords":["AirTags"],"articleSection":"Allgemein","inLanguage":"en-US","copyrightYear":"2024","copyrightHolder":{"@id":"https:\/\/www.apfelpatient.de\/en\/#organization"}},{"@type":"WebPage","@id":"https:\/\/www.apfelpatient.de\/allgemein\/alles-ueber-den-airtag-2-startdatum-und-mehr","url":"https:\/\/www.apfelpatient.de\/allgemein\/alles-ueber-den-airtag-2-startdatum-und-mehr","name":"Everything about the AirTag 2 \u2013 launch date and more Apfelpatient","isPartOf":{"@id":"https:\/\/www.apfelpatient.de\/#website"},"primaryImageOfPage":{"@id":"https:\/\/www.apfelpatient.de\/allgemein\/alles-ueber-den-airtag-2-startdatum-und-mehr#primaryimage"},"image":{"@id":"https:\/\/www.apfelpatient.de\/allgemein\/alles-ueber-den-airtag-2-startdatum-und-mehr#primaryimage"},"thumbnailUrl":"https:\/\/www.apfelpatient.de\/wp-content\/uploads\/2024\/05\/daniel-romero-7Oxnu9lcVD0-unsplash.jpg","datePublished":"2024-05-27T18:22:48+00:00","dateModified":"2024-05-27T18:22:49+00:00","description":"What can the upcoming AirTag 2 do? Find out the possible launch date, technology updates and more in our overview.","breadcrumb":{"@id":"https:\/\/www.apfelpatient.de\/allgemein\/alles-ueber-den-airtag-2-startdatum-und-mehr#breadcrumb"},"inLanguage":"en-US","potentialAction":[{"@type":"ReadAction","target":["https:\/\/www.apfelpatient.de\/allgemein\/alles-ueber-den-airtag-2-startdatum-und-mehr"]}]},{"@type":"ImageObject","inLanguage":"en-US","@id":"https:\/\/www.apfelpatient.de\/allgemein\/alles-ueber-den-airtag-2-startdatum-und-mehr#primaryimage","url":"https:\/\/www.apfelpatient.de\/wp-content\/uploads\/2024\/05\/daniel-romero-7Oxnu9lcVD0-unsplash.jpg","contentUrl":"https:\/\/www.apfelpatient.de\/wp-content\/uploads\/2024\/05\/daniel-romero-7Oxnu9lcVD0-unsplash.jpg","width":1600,"height":900,"caption":"Photo by Unsplash \/ Daniel Romero"},{"@type":"BreadcrumbList","@id":"https:\/\/www.apfelpatient.de\/allgemein\/alles-ueber-den-airtag-2-startdatum-und-mehr#breadcrumb","itemListElement":[{"@type":"ListItem","position":1,"name":"Startseite","item":"https:\/\/www.apfelpatient.de\/"},{"@type":"ListItem","position":2,"name":"Alles \u00fcber den AirTag 2 \u2013 Startdatum und mehr"}]},{"@type":"WebSite","@id":"https:\/\/www.apfelpatient.de\/#website","url":"https:\/\/www.apfelpatient.de\/","name":"apple patient","description":"Everything about Apple!","publisher":{"@type":"Organization","@id":"https:\/\/www.apfelpatient.de\/en\/#organization","name":"Apfelpatient","url":"https:\/\/www.apfelpatient.de\/en\/"},"alternateName":"Apfelpatient","potentialAction":[{"@type":"SearchAction","target":{"@type":"EntryPoint","urlTemplate":"https:\/\/www.apfelpatient.de\/?s={search_term_string}"},"query-input":{"@type":"PropertyValueSpecification","valueRequired":true,"valueName":"search_term_string"}}],"inLanguage":"en-US"},{"@type":["Person","Organization"],"@id":"https:\/\/www.apfelpatient.de\/#\/schema\/person\/7dc56ad6c8e9824b76d2c08d4c140e13","name":"Milan","logo":{"@id":"https:\/\/www.apfelpatient.de\/#\/schema\/person\/image\/"},"description":"Hello and welcome to my technology blog! As a big Apple fan, I report on everything to do with Apple: from the latest news and exciting rumors to helpful tips and tricks and detailed product tests. If you are as enthusiastic about technology as I am, you have come to the right place!","sameAs":["https:\/\/www.facebook.com\/apfelpatientOfficial","https:\/\/www.linkedin.com\/in\/milan-jovicic-42aa0231b"],"url":"https:\/\/www.apfelpatient.de\/en\/author\/apfeladmin"}]}},"_links":{"self":[{"href":"https:\/\/www.apfelpatient.de\/en\/wp-json\/wp\/v2\/posts\/43877","targetHints":{"allow":["GET"]}}],"collection":[{"href":"https:\/\/www.apfelpatient.de\/en\/wp-json\/wp\/v2\/posts"}],"about":[{"href":"https:\/\/www.apfelpatient.de\/en\/wp-json\/wp\/v2\/types\/post"}],"author":[{"embeddable":true,"href":"https:\/\/www.apfelpatient.de\/en\/wp-json\/wp\/v2\/users\/2"}],"replies":[{"embeddable":true,"href":"https:\/\/www.apfelpatient.de\/en\/wp-json\/wp\/v2\/comments?post=43877"}],"version-history":[{"count":0,"href":"https:\/\/www.apfelpatient.de\/en\/wp-json\/wp\/v2\/posts\/43877\/revisions"}],"wp:featuredmedia":[{"embeddable":true,"href":"https:\/\/www.apfelpatient.de\/en\/wp-json\/wp\/v2\/media\/43878"}],"wp:attachment":[{"href":"https:\/\/www.apfelpatient.de\/en\/wp-json\/wp\/v2\/media?parent=43877"}],"wp:term":[{"taxonomy":"category","embeddable":true,"href":"https:\/\/www.apfelpatient.de\/en\/wp-json\/wp\/v2\/categories?post=43877"},{"taxonomy":"post_tag","embeddable":true,"href":"https:\/\/www.apfelpatient.de\/en\/wp-json\/wp\/v2\/tags?post=43877"}],"curies":[{"name":"wp","href":"https:\/\/api.w.org\/{rel}","templated":true}]}}