{"id":43696,"date":"2024-05-09T13:41:35","date_gmt":"2024-05-09T11:41:35","guid":{"rendered":"https:\/\/www.apfelpatient.de\/?p=43696"},"modified":"2024-05-09T13:41:36","modified_gmt":"2024-05-09T11:41:36","slug":"iphone-16-introduces-apples-esim-globally","status":"publish","type":"post","link":"https:\/\/www.apfelpatient.de\/en\/rumors\/iphone-16-fuehrt-apple-die-esim-global-ein","title":{"rendered":"iPhone 16: Is Apple introducing the eSIM globally?"},"content":{"rendered":"<p class=\"has-drop-cap\"><strong>Apple may be making a significant change in its product line by integrating eSIM technology more into its devices. Now the question is whether the iPhone 16 series will switch to eSim worldwide.<\/strong><\/p>\n\n\n\n<p>With the launch of the new iPad Air and iPad Pro last Tuesday, Apple made a notable change to their cellular capabilities: Both devices now only support eSIM and do away with a physical SIM card slot altogether. This could be an indication that similar changes could soon apply to iPhone users worldwide.<\/p>\n\n\n\n<h3 class=\"wp-block-heading\" id=\"h-expansion-der-esim-technologie\">expansion of eSIM technology<\/h3>\n\n\n\n<p>iPhones without a physical SIM card are already available in the US, while traditional SIM cards are still common in many other countries. The introduction of eSIM-only iPads on the global market suggests that Apple is ready to expand this technology internationally. In particular, in markets such as China, which have so far hardly supported eSIM, special iPad models with a SIM card tray are no longer offered.<\/p>\n\n\n\n<h3 class=\"wp-block-heading\" id=\"h-vorteile-der-esim-technologie\">Advantages of eSIM technology<\/h3>\n\n\n\n<p>eSIM offers several advantages over traditional SIM cards, including the ability to switch network providers quickly and easily, and increased security by eliminating the physical SIM card that could be stolen or tampered with. In addition, eSIM allows devices to be slimmer by eliminating the space for the SIM card tray.<\/p>\n\n\n\n<h3 class=\"wp-block-heading\" id=\"h-die-zukunft-des-iphones\">The Future of the iPhone<\/h3>\n\n\n\n<p>The global launches of eSIM-only iPads may indicate that Apple plans to release future iPhone models without a SIM card tray as well. It is likely that the iPhone 16, expected later this year, will be released as an eSIM-only model in a larger number of countries. Increasing eSIM support by carriers worldwide could ease this transition.<\/p>\n\n\n\n<h3 class=\"wp-block-heading\" id=\"h-die-zukunft-der-telekommunikation-eine-welt-ohne-sim-karten\">The Future of Telecommunications: A World Without SIM Cards<\/h3>\n\n\n\n<p>Apple&#039;s possible move towards a world without physical SIM cards for iPhones could significantly change both the use of the devices and the global telecommunications landscape. This development underscores the increasing technological integration and could create new opportunities for consumers and providers in the future. Are you looking for new accessories? Then take a look\u00a0<a href=\"https:\/\/www.amazon.de\/shop\/apfelpatientofficial\" target=\"_blank\" rel=\"noreferrer noopener\">in our Amazon Storefront<\/a>\u00a0- there you will find numerous products from leading suppliers, also for HomeKit and Co.! (Photo by hadrian \/ Bigstockphoto)<\/p>\n\n\n\n<ul class=\"wp-block-list\">\n<li><a href=\"https:\/\/www.apfelpatient.de\/en\/rumors\/iphone-16-rumors-these-colors-could-be-it\">iPhone 16 rumors: These colors could be it<\/a><\/li>\n<\/ul>\n\n\n\n<h6 class=\"wp-block-heading translation-block\" id=\"h-kennt-ihr-schon-unsere-amazon-storefront-dort-findet-ihr-eine-handverlesene-auswahl-von-diversen-produkten-f-r-euer-iphone-und-co-viel-spa-beim-st-bern\"><em>Have you already visited our Amazon Storefront? There you&#039;ll find a hand-picked selection of various products for your iPhone and other devices \u2013 <span class=\"has-inline-color has-vivid-red-color\"><a href=\"https:\/\/www.amazon.de\/shop\/apfelpatientofficial\" class=\"ek-link\" data-wpel-link=\"exclude\" rel=\"follow noopener\" target=\"_self\"><span style=\"text-decoration: underline\" class=\"ek-underline\">enjoy browsing<\/span><\/a> !<\/span><\/em><\/h6>\n\n\n\n<h6 class=\"wp-block-heading translation-block\" id=\"h-der-beitrag-enthalt-partnerlinks\">This post contains <a data-type=\"URL\" data-id=\"https:\/\/www.apfelpatient.de\/partnerprogramm\" href=\"https:\/\/www.apfelpatient.de\/en\/partner-program\" data-wpel-link=\"internal\" target=\"_self\">affiliate links<\/a>.<\/h6>","protected":false},"excerpt":{"rendered":"<p>Find out if the iPhone 16 will introduce eSIM worldwide. Is it time to say goodbye to SIM cards? Find out more!<\/p>","protected":false},"author":2,"featured_media":43697,"comment_status":"closed","ping_status":"closed","sticky":false,"template":"","format":"standard","meta":{"jnews-multi-image_gallery":[],"jnews_single_post":{"subtitle":"","format":"standard","video":"","gallery":"","source_name":"","source_url":"","via_name":"","via_url":"","override_template":"0","override":[{"template":"4","single_blog_custom":"","parallax":"1","fullscreen":"1","layout":"right-sidebar","sidebar":"default-sidebar","second_sidebar":"default-sidebar","sticky_sidebar":"1","share_position":"top","share_float_style":"share-monocrhome","show_share_counter":"0","show_view_counter":"0","show_featured":"1","show_post_meta":"1","show_post_author":"1","show_post_author_image":"1","show_post_date":"1","post_date_format":"default","post_date_format_custom":"Y\/m\/d","show_post_category":"1","show_post_reading_time":"0","post_reading_time_wpm":"300","show_zoom_button":"0","zoom_button_out_step":"2","zoom_button_in_step":"3","show_post_tag":"1","show_prev_next_post":"1","show_popup_post":"1","number_popup_post":"1","show_author_box":"0","show_post_related":"0","show_inline_post_related":"0"}],"override_image_size":"0","image_override":[{"single_post_thumbnail_size":"crop-500","single_post_gallery_size":"crop-500"}],"trending_post":"0","trending_post_position":"meta","trending_post_label":"Trending","sponsored_post":"0","sponsored_post_label":"Sponsored by","sponsored_post_name":"","sponsored_post_url":"","sponsored_post_logo_enable":"0","sponsored_post_logo":"","sponsored_post_desc":"","disable_ad":"0"},"jnews_primary_category":{"id":"25","hide":""},"footnotes":""},"categories":[25],"tags":[18,240,66,8,705,657],"class_list":["post-43696","post","type-post","status-publish","format-standard","has-post-thumbnail","hentry","category-rumors","tag-ipad","tag-ipad-air","tag-ipad-pro","tag-iphone","tag-iphone-16","tag-iphone-2024"],"yoast_head":"<!-- This site is optimized with the Yoast SEO Premium plugin v27.5 (Yoast SEO v27.5) - https:\/\/yoast.com\/product\/yoast-seo-premium-wordpress\/ -->\n<title>iPhone 16: F\u00fchrt Apple die eSIM global ein? Apfelpatient<\/title>\n<meta name=\"description\" content=\"Erfahre, ob das iPhone 16 weltweit eSIM einf\u00fchrt. Ist es Zeit, Abschied von SIM-Karten zu nehmen? Erfahre mehr!\" \/>\n<meta name=\"robots\" content=\"index, follow, max-snippet:-1, max-image-preview:large, max-video-preview:-1\" \/>\n<link rel=\"canonical\" href=\"https:\/\/www.apfelpatient.de\/en\/rumors\/iphone-16-introduces-apples-esim-globally\" \/>\n<meta property=\"og:locale\" content=\"en_US\" \/>\n<meta property=\"og:type\" content=\"article\" \/>\n<meta property=\"og:title\" content=\"iPhone 16: F\u00fchrt Apple die eSIM global ein?\" \/>\n<meta property=\"og:description\" content=\"Erfahre, ob das iPhone 16 weltweit eSIM einf\u00fchrt. Ist es Zeit, Abschied von SIM-Karten zu nehmen? Erfahre mehr!\" \/>\n<meta property=\"og:url\" content=\"https:\/\/www.apfelpatient.de\/en\/rumors\/iphone-16-introduces-apples-esim-globally\" \/>\n<meta property=\"og:site_name\" content=\"Apfelpatient\" \/>\n<meta property=\"article:publisher\" content=\"https:\/\/www.facebook.com\/apfelpatientOfficial\" \/>\n<meta property=\"article:author\" content=\"https:\/\/www.facebook.com\/apfelpatientOfficial\" \/>\n<meta property=\"article:published_time\" content=\"2024-05-09T11:41:35+00:00\" \/>\n<meta property=\"article:modified_time\" content=\"2024-05-09T11:41:36+00:00\" \/>\n<meta property=\"og:image\" content=\"https:\/\/www.apfelpatient.de\/wp-content\/uploads\/2024\/05\/bigstock-127680698.jpg\" \/>\n\t<meta property=\"og:image:width\" content=\"1600\" \/>\n\t<meta property=\"og:image:height\" content=\"1067\" \/>\n\t<meta property=\"og:image:type\" content=\"image\/jpeg\" \/>\n<meta name=\"author\" content=\"Milan\" \/>\n<meta name=\"twitter:card\" content=\"summary_large_image\" \/>\n<meta name=\"twitter:description\" content=\"Erfahre, ob das iPhone 16 weltweit eSIM einf\u00fchrt. Ist es Zeit, Abschied von SIM-Karten zu nehmen? Erfahre mehr!\" \/>\n<meta name=\"twitter:label1\" content=\"Written by\" \/>\n\t<meta name=\"twitter:data1\" content=\"Milan\" \/>\n\t<meta name=\"twitter:label2\" content=\"Est. reading time\" \/>\n\t<meta name=\"twitter:data2\" content=\"3 minutes\" \/>\n<script type=\"application\/ld+json\" class=\"yoast-schema-graph\">{\"@context\":\"https:\\\/\\\/schema.org\",\"@graph\":[{\"@type\":\"NewsArticle\",\"@id\":\"https:\\\/\\\/www.apfelpatient.de\\\/rumors\\\/iphone-16-fuehrt-apple-die-esim-global-ein#article\",\"isPartOf\":{\"@id\":\"https:\\\/\\\/www.apfelpatient.de\\\/rumors\\\/iphone-16-fuehrt-apple-die-esim-global-ein\"},\"author\":{\"@type\":\"Organization\",\"@id\":\"https:\\\/\\\/www.apfelpatient.de\\\/en\\\/#organization\",\"name\":\"Apfelpatient\",\"url\":\"https:\\\/\\\/www.apfelpatient.de\\\/en\\\/\"},\"headline\":\"iPhone 16: F\u00fchrt Apple die eSIM global ein?\",\"datePublished\":\"2024-05-09T11:41:35+00:00\",\"dateModified\":\"2024-05-09T11:41:36+00:00\",\"mainEntityOfPage\":{\"@id\":\"https:\\\/\\\/www.apfelpatient.de\\\/rumors\\\/iphone-16-fuehrt-apple-die-esim-global-ein\"},\"wordCount\":410,\"publisher\":{\"@type\":\"Organization\",\"@id\":\"https:\\\/\\\/www.apfelpatient.de\\\/en\\\/#organization\",\"name\":\"Apfelpatient\",\"url\":\"https:\\\/\\\/www.apfelpatient.de\\\/en\\\/\"},\"image\":{\"@id\":\"https:\\\/\\\/www.apfelpatient.de\\\/rumors\\\/iphone-16-fuehrt-apple-die-esim-global-ein#primaryimage\"},\"thumbnailUrl\":\"https:\\\/\\\/www.apfelpatient.de\\\/wp-content\\\/uploads\\\/2024\\\/05\\\/bigstock-127680698.jpg\",\"keywords\":[\"iPad\",\"iPad Air\",\"iPad Pro\",\"iPhone\",\"iPhone 16\",\"iPhone 2024\"],\"articleSection\":\"Rumors\",\"inLanguage\":\"en-US\",\"copyrightYear\":\"2024\",\"copyrightHolder\":{\"@id\":\"https:\\\/\\\/www.apfelpatient.de\\\/en\\\/#organization\"}},{\"@type\":\"WebPage\",\"@id\":\"https:\\\/\\\/www.apfelpatient.de\\\/rumors\\\/iphone-16-fuehrt-apple-die-esim-global-ein\",\"url\":\"https:\\\/\\\/www.apfelpatient.de\\\/rumors\\\/iphone-16-fuehrt-apple-die-esim-global-ein\",\"name\":\"iPhone 16: F\u00fchrt Apple die eSIM global ein? Apfelpatient\",\"isPartOf\":{\"@id\":\"https:\\\/\\\/www.apfelpatient.de\\\/#website\"},\"primaryImageOfPage\":{\"@id\":\"https:\\\/\\\/www.apfelpatient.de\\\/rumors\\\/iphone-16-fuehrt-apple-die-esim-global-ein#primaryimage\"},\"image\":{\"@id\":\"https:\\\/\\\/www.apfelpatient.de\\\/rumors\\\/iphone-16-fuehrt-apple-die-esim-global-ein#primaryimage\"},\"thumbnailUrl\":\"https:\\\/\\\/www.apfelpatient.de\\\/wp-content\\\/uploads\\\/2024\\\/05\\\/bigstock-127680698.jpg\",\"datePublished\":\"2024-05-09T11:41:35+00:00\",\"dateModified\":\"2024-05-09T11:41:36+00:00\",\"description\":\"Erfahre, ob das iPhone 16 weltweit eSIM einf\u00fchrt. Ist es Zeit, Abschied von SIM-Karten zu nehmen? Erfahre mehr!\",\"breadcrumb\":{\"@id\":\"https:\\\/\\\/www.apfelpatient.de\\\/rumors\\\/iphone-16-fuehrt-apple-die-esim-global-ein#breadcrumb\"},\"inLanguage\":\"en-US\",\"potentialAction\":[{\"@type\":\"ReadAction\",\"target\":[\"https:\\\/\\\/www.apfelpatient.de\\\/rumors\\\/iphone-16-fuehrt-apple-die-esim-global-ein\"]}]},{\"@type\":\"ImageObject\",\"inLanguage\":\"en-US\",\"@id\":\"https:\\\/\\\/www.apfelpatient.de\\\/rumors\\\/iphone-16-fuehrt-apple-die-esim-global-ein#primaryimage\",\"url\":\"https:\\\/\\\/www.apfelpatient.de\\\/wp-content\\\/uploads\\\/2024\\\/05\\\/bigstock-127680698.jpg\",\"contentUrl\":\"https:\\\/\\\/www.apfelpatient.de\\\/wp-content\\\/uploads\\\/2024\\\/05\\\/bigstock-127680698.jpg\",\"width\":1600,\"height\":1067,\"caption\":\"PARIS FRANCE - APR 21 2016: Instalation of the new SIM card in the new Apple iPhone SE combining the updated processor 4K rear camera touch id retina display\"},{\"@type\":\"BreadcrumbList\",\"@id\":\"https:\\\/\\\/www.apfelpatient.de\\\/rumors\\\/iphone-16-fuehrt-apple-die-esim-global-ein#breadcrumb\",\"itemListElement\":[{\"@type\":\"ListItem\",\"position\":1,\"name\":\"Startseite\",\"item\":\"https:\\\/\\\/www.apfelpatient.de\\\/\"},{\"@type\":\"ListItem\",\"position\":2,\"name\":\"iPhone 16: F\u00fchrt Apple die eSIM global ein?\"}]},{\"@type\":\"WebSite\",\"@id\":\"https:\\\/\\\/www.apfelpatient.de\\\/#website\",\"url\":\"https:\\\/\\\/www.apfelpatient.de\\\/\",\"name\":\"Apfelpatient\",\"description\":\"Alles rund um Apple!\",\"publisher\":{\"@type\":\"Organization\",\"@id\":\"https:\\\/\\\/www.apfelpatient.de\\\/en\\\/#organization\",\"name\":\"Apfelpatient\",\"url\":\"https:\\\/\\\/www.apfelpatient.de\\\/en\\\/\"},\"alternateName\":\"Apfelpatient\",\"potentialAction\":[{\"@type\":\"SearchAction\",\"target\":{\"@type\":\"EntryPoint\",\"urlTemplate\":\"https:\\\/\\\/www.apfelpatient.de\\\/?s={search_term_string}\"},\"query-input\":{\"@type\":\"PropertyValueSpecification\",\"valueRequired\":true,\"valueName\":\"search_term_string\"}}],\"inLanguage\":\"en-US\"},{\"@type\":[\"Person\",\"Organization\"],\"@id\":\"https:\\\/\\\/www.apfelpatient.de\\\/#\\\/schema\\\/person\\\/35b3ddba5832f2bfc7fff5206d4f6b7b\",\"name\":\"Milan\",\"logo\":{\"@id\":\"https:\\\/\\\/www.apfelpatient.de\\\/#\\\/schema\\\/person\\\/image\\\/\"},\"description\":\"Hallo und herzlich willkommen auf meinem Technik-Blog! Als gro\u00dfer Apple-Fan berichte ich hier \u00fcber alles, was mit Apple zu tun hat: von den neuesten News und spannenden Ger\u00fcchten \u00fcber hilfreiche Tipps und Tricks bis hin zu ausf\u00fchrlichen Produkttests. Wenn du genauso technikbegeistert bist wie ich, bist du hier genau richtig!\",\"sameAs\":[\"https:\\\/\\\/www.facebook.com\\\/apfelpatientOfficial\",\"https:\\\/\\\/www.linkedin.com\\\/in\\\/milan-jovicic-42aa0231b\"],\"url\":\"https:\\\/\\\/www.apfelpatient.de\\\/en\\\/author\\\/apfeladmin\"}]}<\/script>\n<!-- \/ Yoast SEO Premium plugin. -->","yoast_head_json":{"title":"iPhone 16: Will Apple introduce the eSIM globally? Apfelpatient","description":"Find out if the iPhone 16 will introduce eSIM worldwide. Is it time to say goodbye to SIM cards? Find out more!","robots":{"index":"index","follow":"follow","max-snippet":"max-snippet:-1","max-image-preview":"max-image-preview:large","max-video-preview":"max-video-preview:-1"},"canonical":"https:\/\/www.apfelpatient.de\/en\/rumors\/iphone-16-introduces-apples-esim-globally","og_locale":"en_US","og_type":"article","og_title":"iPhone 16: F\u00fchrt Apple die eSIM global ein?","og_description":"Erfahre, ob das iPhone 16 weltweit eSIM einf\u00fchrt. Ist es Zeit, Abschied von SIM-Karten zu nehmen? Erfahre mehr!","og_url":"https:\/\/www.apfelpatient.de\/en\/rumors\/iphone-16-introduces-apples-esim-globally","og_site_name":"Apfelpatient","article_publisher":"https:\/\/www.facebook.com\/apfelpatientOfficial","article_author":"https:\/\/www.facebook.com\/apfelpatientOfficial","article_published_time":"2024-05-09T11:41:35+00:00","article_modified_time":"2024-05-09T11:41:36+00:00","og_image":[{"width":1600,"height":1067,"url":"https:\/\/www.apfelpatient.de\/wp-content\/uploads\/2024\/05\/bigstock-127680698.jpg","type":"image\/jpeg"}],"author":"Milan","twitter_card":"summary_large_image","twitter_description":"Erfahre, ob das iPhone 16 weltweit eSIM einf\u00fchrt. Ist es Zeit, Abschied von SIM-Karten zu nehmen? Erfahre mehr!","twitter_misc":{"Written by":"Milan","Est. reading time":"3 minutes"},"schema":{"@context":"https:\/\/schema.org","@graph":[{"@type":"NewsArticle","@id":"https:\/\/www.apfelpatient.de\/rumors\/iphone-16-fuehrt-apple-die-esim-global-ein#article","isPartOf":{"@id":"https:\/\/www.apfelpatient.de\/rumors\/iphone-16-fuehrt-apple-die-esim-global-ein"},"author":{"@type":"Organization","@id":"https:\/\/www.apfelpatient.de\/en\/#organization","name":"Apfelpatient","url":"https:\/\/www.apfelpatient.de\/en\/"},"headline":"iPhone 16: F\u00fchrt Apple die eSIM global ein?","datePublished":"2024-05-09T11:41:35+00:00","dateModified":"2024-05-09T11:41:36+00:00","mainEntityOfPage":{"@id":"https:\/\/www.apfelpatient.de\/rumors\/iphone-16-fuehrt-apple-die-esim-global-ein"},"wordCount":410,"publisher":{"@type":"Organization","@id":"https:\/\/www.apfelpatient.de\/en\/#organization","name":"Apfelpatient","url":"https:\/\/www.apfelpatient.de\/en\/"},"image":{"@id":"https:\/\/www.apfelpatient.de\/rumors\/iphone-16-fuehrt-apple-die-esim-global-ein#primaryimage"},"thumbnailUrl":"https:\/\/www.apfelpatient.de\/wp-content\/uploads\/2024\/05\/bigstock-127680698.jpg","keywords":["iPad","iPad Air","iPad Pro","iPhone","iPhone 16","iPhone 2024"],"articleSection":"Rumors","inLanguage":"en-US","copyrightYear":"2024","copyrightHolder":{"@id":"https:\/\/www.apfelpatient.de\/en\/#organization"}},{"@type":"WebPage","@id":"https:\/\/www.apfelpatient.de\/rumors\/iphone-16-fuehrt-apple-die-esim-global-ein","url":"https:\/\/www.apfelpatient.de\/rumors\/iphone-16-fuehrt-apple-die-esim-global-ein","name":"iPhone 16: Will Apple introduce the eSIM globally? Apfelpatient","isPartOf":{"@id":"https:\/\/www.apfelpatient.de\/#website"},"primaryImageOfPage":{"@id":"https:\/\/www.apfelpatient.de\/rumors\/iphone-16-fuehrt-apple-die-esim-global-ein#primaryimage"},"image":{"@id":"https:\/\/www.apfelpatient.de\/rumors\/iphone-16-fuehrt-apple-die-esim-global-ein#primaryimage"},"thumbnailUrl":"https:\/\/www.apfelpatient.de\/wp-content\/uploads\/2024\/05\/bigstock-127680698.jpg","datePublished":"2024-05-09T11:41:35+00:00","dateModified":"2024-05-09T11:41:36+00:00","description":"Find out if the iPhone 16 will introduce eSIM worldwide. Is it time to say goodbye to SIM cards? Find out more!","breadcrumb":{"@id":"https:\/\/www.apfelpatient.de\/rumors\/iphone-16-fuehrt-apple-die-esim-global-ein#breadcrumb"},"inLanguage":"en-US","potentialAction":[{"@type":"ReadAction","target":["https:\/\/www.apfelpatient.de\/rumors\/iphone-16-fuehrt-apple-die-esim-global-ein"]}]},{"@type":"ImageObject","inLanguage":"en-US","@id":"https:\/\/www.apfelpatient.de\/rumors\/iphone-16-fuehrt-apple-die-esim-global-ein#primaryimage","url":"https:\/\/www.apfelpatient.de\/wp-content\/uploads\/2024\/05\/bigstock-127680698.jpg","contentUrl":"https:\/\/www.apfelpatient.de\/wp-content\/uploads\/2024\/05\/bigstock-127680698.jpg","width":1600,"height":1067,"caption":"PARIS FRANCE - APR 21 2016: Instalation of the new SIM card in the new Apple iPhone SE combining the updated processor 4K rear camera touch id retina display"},{"@type":"BreadcrumbList","@id":"https:\/\/www.apfelpatient.de\/rumors\/iphone-16-fuehrt-apple-die-esim-global-ein#breadcrumb","itemListElement":[{"@type":"ListItem","position":1,"name":"Startseite","item":"https:\/\/www.apfelpatient.de\/"},{"@type":"ListItem","position":2,"name":"iPhone 16: F\u00fchrt Apple die eSIM global ein?"}]},{"@type":"WebSite","@id":"https:\/\/www.apfelpatient.de\/#website","url":"https:\/\/www.apfelpatient.de\/","name":"apple patient","description":"Everything about Apple!","publisher":{"@type":"Organization","@id":"https:\/\/www.apfelpatient.de\/en\/#organization","name":"Apfelpatient","url":"https:\/\/www.apfelpatient.de\/en\/"},"alternateName":"Apfelpatient","potentialAction":[{"@type":"SearchAction","target":{"@type":"EntryPoint","urlTemplate":"https:\/\/www.apfelpatient.de\/?s={search_term_string}"},"query-input":{"@type":"PropertyValueSpecification","valueRequired":true,"valueName":"search_term_string"}}],"inLanguage":"en-US"},{"@type":["Person","Organization"],"@id":"https:\/\/www.apfelpatient.de\/#\/schema\/person\/35b3ddba5832f2bfc7fff5206d4f6b7b","name":"Milan","logo":{"@id":"https:\/\/www.apfelpatient.de\/#\/schema\/person\/image\/"},"description":"Hello and welcome to my technology blog! As a big Apple fan, I report on everything to do with Apple: from the latest news and exciting rumors to helpful tips and tricks and detailed product tests. If you are as enthusiastic about technology as I am, you have come to the right place!","sameAs":["https:\/\/www.facebook.com\/apfelpatientOfficial","https:\/\/www.linkedin.com\/in\/milan-jovicic-42aa0231b"],"url":"https:\/\/www.apfelpatient.de\/en\/author\/apfeladmin"}]}},"_links":{"self":[{"href":"https:\/\/www.apfelpatient.de\/en\/wp-json\/wp\/v2\/posts\/43696","targetHints":{"allow":["GET"]}}],"collection":[{"href":"https:\/\/www.apfelpatient.de\/en\/wp-json\/wp\/v2\/posts"}],"about":[{"href":"https:\/\/www.apfelpatient.de\/en\/wp-json\/wp\/v2\/types\/post"}],"author":[{"embeddable":true,"href":"https:\/\/www.apfelpatient.de\/en\/wp-json\/wp\/v2\/users\/2"}],"replies":[{"embeddable":true,"href":"https:\/\/www.apfelpatient.de\/en\/wp-json\/wp\/v2\/comments?post=43696"}],"version-history":[{"count":0,"href":"https:\/\/www.apfelpatient.de\/en\/wp-json\/wp\/v2\/posts\/43696\/revisions"}],"wp:featuredmedia":[{"embeddable":true,"href":"https:\/\/www.apfelpatient.de\/en\/wp-json\/wp\/v2\/media\/43697"}],"wp:attachment":[{"href":"https:\/\/www.apfelpatient.de\/en\/wp-json\/wp\/v2\/media?parent=43696"}],"wp:term":[{"taxonomy":"category","embeddable":true,"href":"https:\/\/www.apfelpatient.de\/en\/wp-json\/wp\/v2\/categories?post=43696"},{"taxonomy":"post_tag","embeddable":true,"href":"https:\/\/www.apfelpatient.de\/en\/wp-json\/wp\/v2\/tags?post=43696"}],"curies":[{"name":"wp","href":"https:\/\/api.w.org\/{rel}","templated":true}]}}