{"id":43670,"date":"2024-05-08T14:45:45","date_gmt":"2024-05-08T12:45:45","guid":{"rendered":"https:\/\/www.apfelpatient.de\/?p=43670"},"modified":"2024-05-08T14:45:46","modified_gmt":"2024-05-08T12:45:46","slug":"apple-removes-stickers-from-ipad-packaging","status":"publish","type":"post","link":"https:\/\/www.apfelpatient.de\/en\/news\/apple-entfernt-aufkleber-aus-ipad-verpackungen","title":{"rendered":"Apple removes stickers from iPad packaging"},"content":{"rendered":"<p class=\"has-drop-cap\"><strong>Apple, the innovative company from Cupertino, has made a notable change in its latest product range. The new iPad Pro and iPad Air models that have just been launched come in slightly different packaging. What&#039;s missing? The traditional Apple stickers. This move is part of Apple&#039;s efforts to achieve its environmental goals and make its packaging plastic-free. But what does this mean for the brand&#039;s fans and users?<\/strong><\/p>\n\n\n\n<p>In an internal memo addressed to Apple Store teams and obtained by 9to5Mac <a href=\"https:\/\/9to5mac.com\/2024\/05\/07\/new-ipad-pro-ipad-air-apple-stickers\/\" target=\"_blank\" rel=\"noreferrer noopener\">viewed<\/a> Apple announces the elimination of stickers in the new iPad Pro and iPad Air. The reason for this is clear and ambitious: Apple wants to improve its environmental footprint. This decision marks another step towards responsible use of our planet&#039;s resources and shows how serious Apple is about its environmental commitments.<\/p>\n\n\n\n<h3 class=\"wp-block-heading\" id=\"h-was-bedeutet-das-fur-die-kaufer\">What does this mean for buyers?<\/h3>\n\n\n\n<h4 class=\"wp-block-heading\" id=\"h-veranderungen-beim-kaufprozess\">changes in the purchasing process<\/h4>\n\n\n\n<p>If you&#039;re planning to buy one of the new iPad models, you should know that the stickers are no longer included automatically. However, Apple offers a solution: Apple Stores still have a limited number of stickers that you can get upon request when you buy an iPad Pro or iPad Air. This means that the availability of these stickers increasingly depends on demand and the decision of customers to explicitly request them.<\/p>\n\n\n\n<h4 class=\"wp-block-heading\" id=\"h-exklusivitat-und-verfugbarkeit\">exclusivity and availability<\/h4>\n\n\n\n<p>The stickers are now more exclusive than before and only available directly in Apple Stores - they will not be distributed to other retailers such as Amazon and Co. This exclusivity could make visiting a physical Apple Store more attractive and offers Apple another opportunity to strengthen direct customer relationships.<\/p>\n\n\n\n<h4 class=\"wp-block-heading\" id=\"h-langfristige-perspektiven\">Long-term perspectives<\/h4>\n\n\n\n<p>The decision to remove stickers from the packaging raises questions about the future of other Apple products. While the MacBook Air M3 still contains stickers, they have already disappeared from the Apple Vision Pro. The community is already speculating whether this practice will be extended to upcoming products such as the iPhone 16.<\/p>\n\n\n\n<h3 class=\"wp-block-heading\" id=\"h-apple-aufkleber-was-wir-daraus-lernen-konnen\">Apple Stickers: What We Can Learn From Them<\/h3>\n\n\n\n<p>Apple&#039;s decision to remove stickers from the boxes of its latest iPads is more than just a change in the packing list - it&#039;s a signal that sustainability and environmental awareness are becoming increasingly important in the company&#039;s product strategy. For users, this represents a small change but also an opportunity to contribute directly to Apple&#039;s environmental initiative. Ultimately, time will tell how far Apple is willing to integrate its environmental goals into its product development and customer experience. (Photo by hadrian \/ Bigstockphoto)<\/p>\n\n\n\n<ul class=\"wp-block-list\">\n<li><a href=\"https:\/\/www.apfelpatient.de\/en\/news\/full-overview-apples-let-loose-event-novelties\">Full Overview: Apple&#039;s &#039;Let loose&#039; event news<\/a><\/li>\n<\/ul>\n\n\n\n<h6 class=\"wp-block-heading translation-block\" id=\"h-kennt-ihr-schon-unsere-amazon-storefront-dort-findet-ihr-eine-handverlesene-auswahl-von-diversen-produkten-f-r-euer-iphone-und-co-viel-spa-beim-st-bern\"><em>Have you already visited our Amazon Storefront? There you&#039;ll find a hand-picked selection of various products for your iPhone and other devices \u2013 <span class=\"has-inline-color has-vivid-red-color\"><a href=\"https:\/\/www.amazon.de\/shop\/apfelpatientofficial\" class=\"ek-link\" data-wpel-link=\"exclude\" rel=\"follow noopener\" target=\"_self\"><span style=\"text-decoration: underline\" class=\"ek-underline\">enjoy browsing<\/span><\/a> !<\/span><\/em><\/h6>\n\n\n\n<h6 class=\"wp-block-heading translation-block\" id=\"h-der-beitrag-enthalt-partnerlinks\">This post contains <a data-type=\"URL\" data-id=\"https:\/\/www.apfelpatient.de\/partnerprogramm\" href=\"https:\/\/www.apfelpatient.de\/en\/partner-program\" data-wpel-link=\"internal\" target=\"_self\">affiliate links<\/a>.<\/h6>","protected":false},"excerpt":{"rendered":"<p>Why are stickers missing from Apple&#039;s latest iPad packaging? Learn more about this eco-friendly change!<\/p>","protected":false},"author":2,"featured_media":43669,"comment_status":"closed","ping_status":"closed","sticky":false,"template":"","format":"standard","meta":{"jnews-multi-image_gallery":[],"jnews_single_post":{"subtitle":"","format":"standard","video":"","gallery":"","source_name":"","source_url":"","via_name":"","via_url":"","override_template":"0","override":[{"template":"4","single_blog_custom":"","parallax":"1","fullscreen":"1","layout":"right-sidebar","sidebar":"default-sidebar","second_sidebar":"default-sidebar","sticky_sidebar":"1","share_position":"top","share_float_style":"share-monocrhome","show_share_counter":"0","show_view_counter":"0","show_featured":"1","show_post_meta":"1","show_post_author":"1","show_post_author_image":"1","show_post_date":"1","post_date_format":"default","post_date_format_custom":"Y\/m\/d","show_post_category":"1","show_post_reading_time":"0","post_reading_time_wpm":"300","show_zoom_button":"0","zoom_button_out_step":"2","zoom_button_in_step":"3","show_post_tag":"1","show_prev_next_post":"1","show_popup_post":"1","number_popup_post":"1","show_author_box":"0","show_post_related":"0","show_inline_post_related":"0"}],"override_image_size":"0","image_override":[{"single_post_thumbnail_size":"crop-500","single_post_gallery_size":"crop-500"}],"trending_post":"0","trending_post_position":"meta","trending_post_label":"Trending","sponsored_post":"0","sponsored_post_label":"Sponsored by","sponsored_post_name":"","sponsored_post_url":"","sponsored_post_logo_enable":"0","sponsored_post_logo":"","sponsored_post_desc":"","disable_ad":"0"},"jnews_primary_category":{"id":"9","hide":""},"footnotes":""},"categories":[9],"tags":[18,8,40],"class_list":["post-43670","post","type-post","status-publish","format-standard","has-post-thumbnail","hentry","category-news","tag-ipad","tag-iphone","tag-mac"],"yoast_head":"<!-- This site is optimized with the Yoast SEO Premium plugin v27.5 (Yoast SEO v27.5) - https:\/\/yoast.com\/product\/yoast-seo-premium-wordpress\/ -->\n<title>Apple entfernt Aufkleber aus iPad-Verpackungen Apfelpatient<\/title>\n<meta name=\"description\" content=\"Warum fehlen die Aufkleber in den neuesten iPad-Verpackungen von Apple? Erfahre mehr \u00fcber diese umweltfreundliche \u00c4nderung!\" \/>\n<meta name=\"robots\" content=\"index, follow, max-snippet:-1, max-image-preview:large, max-video-preview:-1\" \/>\n<link rel=\"canonical\" href=\"https:\/\/www.apfelpatient.de\/en\/news\/apple-removes-stickers-from-ipad-packaging\" \/>\n<meta property=\"og:locale\" content=\"en_US\" \/>\n<meta property=\"og:type\" content=\"article\" \/>\n<meta property=\"og:title\" content=\"Apple entfernt Aufkleber aus iPad-Verpackungen\" \/>\n<meta property=\"og:description\" content=\"Warum fehlen die Aufkleber in den neuesten iPad-Verpackungen von Apple? Erfahre mehr \u00fcber diese umweltfreundliche \u00c4nderung!\" \/>\n<meta property=\"og:url\" content=\"https:\/\/www.apfelpatient.de\/en\/news\/apple-removes-stickers-from-ipad-packaging\" \/>\n<meta property=\"og:site_name\" content=\"Apfelpatient\" \/>\n<meta property=\"article:publisher\" content=\"https:\/\/www.facebook.com\/apfelpatientOfficial\" \/>\n<meta property=\"article:author\" content=\"https:\/\/www.facebook.com\/apfelpatientOfficial\" \/>\n<meta property=\"article:published_time\" content=\"2024-05-08T12:45:45+00:00\" \/>\n<meta property=\"article:modified_time\" content=\"2024-05-08T12:45:46+00:00\" \/>\n<meta property=\"og:image\" content=\"https:\/\/www.apfelpatient.de\/wp-content\/uploads\/2024\/05\/bigstock-Paris-France-September-263263909.jpg\" \/>\n\t<meta property=\"og:image:width\" content=\"1600\" \/>\n\t<meta property=\"og:image:height\" content=\"779\" \/>\n\t<meta property=\"og:image:type\" content=\"image\/jpeg\" \/>\n<meta name=\"author\" content=\"Milan\" \/>\n<meta name=\"twitter:card\" content=\"summary_large_image\" \/>\n<meta name=\"twitter:description\" content=\"Warum fehlen die Aufkleber in den neuesten iPad-Verpackungen von Apple? Erfahre mehr \u00fcber diese umweltfreundliche \u00c4nderung!\" \/>\n<meta name=\"twitter:label1\" content=\"Written by\" \/>\n\t<meta name=\"twitter:data1\" content=\"Milan\" \/>\n\t<meta name=\"twitter:label2\" content=\"Est. reading time\" \/>\n\t<meta name=\"twitter:data2\" content=\"3 minutes\" \/>\n<script type=\"application\/ld+json\" class=\"yoast-schema-graph\">{\"@context\":\"https:\\\/\\\/schema.org\",\"@graph\":[{\"@type\":\"NewsArticle\",\"@id\":\"https:\\\/\\\/www.apfelpatient.de\\\/news\\\/apple-entfernt-aufkleber-aus-ipad-verpackungen#article\",\"isPartOf\":{\"@id\":\"https:\\\/\\\/www.apfelpatient.de\\\/news\\\/apple-entfernt-aufkleber-aus-ipad-verpackungen\"},\"author\":{\"@type\":\"Organization\",\"@id\":\"https:\\\/\\\/www.apfelpatient.de\\\/en\\\/#organization\",\"name\":\"Apfelpatient\",\"url\":\"https:\\\/\\\/www.apfelpatient.de\\\/en\\\/\"},\"headline\":\"Apple entfernt Aufkleber aus iPad-Verpackungen\",\"datePublished\":\"2024-05-08T12:45:45+00:00\",\"dateModified\":\"2024-05-08T12:45:46+00:00\",\"mainEntityOfPage\":{\"@id\":\"https:\\\/\\\/www.apfelpatient.de\\\/news\\\/apple-entfernt-aufkleber-aus-ipad-verpackungen\"},\"wordCount\":440,\"publisher\":{\"@type\":\"Organization\",\"@id\":\"https:\\\/\\\/www.apfelpatient.de\\\/en\\\/#organization\",\"name\":\"Apfelpatient\",\"url\":\"https:\\\/\\\/www.apfelpatient.de\\\/en\\\/\"},\"image\":{\"@id\":\"https:\\\/\\\/www.apfelpatient.de\\\/news\\\/apple-entfernt-aufkleber-aus-ipad-verpackungen#primaryimage\"},\"thumbnailUrl\":\"https:\\\/\\\/www.apfelpatient.de\\\/wp-content\\\/uploads\\\/2024\\\/05\\\/bigstock-Paris-France-September-263263909.jpg\",\"keywords\":[\"iPad\",\"iPhone\",\"Mac\"],\"articleSection\":\"News\",\"inLanguage\":\"en-US\",\"copyrightYear\":\"2024\",\"copyrightHolder\":{\"@id\":\"https:\\\/\\\/www.apfelpatient.de\\\/en\\\/#organization\"}},{\"@type\":\"WebPage\",\"@id\":\"https:\\\/\\\/www.apfelpatient.de\\\/news\\\/apple-entfernt-aufkleber-aus-ipad-verpackungen\",\"url\":\"https:\\\/\\\/www.apfelpatient.de\\\/news\\\/apple-entfernt-aufkleber-aus-ipad-verpackungen\",\"name\":\"Apple entfernt Aufkleber aus iPad-Verpackungen Apfelpatient\",\"isPartOf\":{\"@id\":\"https:\\\/\\\/www.apfelpatient.de\\\/#website\"},\"primaryImageOfPage\":{\"@id\":\"https:\\\/\\\/www.apfelpatient.de\\\/news\\\/apple-entfernt-aufkleber-aus-ipad-verpackungen#primaryimage\"},\"image\":{\"@id\":\"https:\\\/\\\/www.apfelpatient.de\\\/news\\\/apple-entfernt-aufkleber-aus-ipad-verpackungen#primaryimage\"},\"thumbnailUrl\":\"https:\\\/\\\/www.apfelpatient.de\\\/wp-content\\\/uploads\\\/2024\\\/05\\\/bigstock-Paris-France-September-263263909.jpg\",\"datePublished\":\"2024-05-08T12:45:45+00:00\",\"dateModified\":\"2024-05-08T12:45:46+00:00\",\"description\":\"Warum fehlen die Aufkleber in den neuesten iPad-Verpackungen von Apple? Erfahre mehr \u00fcber diese umweltfreundliche \u00c4nderung!\",\"breadcrumb\":{\"@id\":\"https:\\\/\\\/www.apfelpatient.de\\\/news\\\/apple-entfernt-aufkleber-aus-ipad-verpackungen#breadcrumb\"},\"inLanguage\":\"en-US\",\"potentialAction\":[{\"@type\":\"ReadAction\",\"target\":[\"https:\\\/\\\/www.apfelpatient.de\\\/news\\\/apple-entfernt-aufkleber-aus-ipad-verpackungen\"]}]},{\"@type\":\"ImageObject\",\"inLanguage\":\"en-US\",\"@id\":\"https:\\\/\\\/www.apfelpatient.de\\\/news\\\/apple-entfernt-aufkleber-aus-ipad-verpackungen#primaryimage\",\"url\":\"https:\\\/\\\/www.apfelpatient.de\\\/wp-content\\\/uploads\\\/2024\\\/05\\\/bigstock-Paris-France-September-263263909.jpg\",\"contentUrl\":\"https:\\\/\\\/www.apfelpatient.de\\\/wp-content\\\/uploads\\\/2024\\\/05\\\/bigstock-Paris-France-September-263263909.jpg\",\"width\":1600,\"height\":779,\"caption\":\"PARIS, FRANCE - SEPTEMBER 21, 2018: Apple fan boy unboxing latest new Apple Iphone Xs Max and Xs flagship smartphone mobile phone model from Apple Computers readiing the instruction manual with white apple stickers\"},{\"@type\":\"BreadcrumbList\",\"@id\":\"https:\\\/\\\/www.apfelpatient.de\\\/news\\\/apple-entfernt-aufkleber-aus-ipad-verpackungen#breadcrumb\",\"itemListElement\":[{\"@type\":\"ListItem\",\"position\":1,\"name\":\"Startseite\",\"item\":\"https:\\\/\\\/www.apfelpatient.de\\\/\"},{\"@type\":\"ListItem\",\"position\":2,\"name\":\"Apple entfernt Aufkleber aus iPad-Verpackungen\"}]},{\"@type\":\"WebSite\",\"@id\":\"https:\\\/\\\/www.apfelpatient.de\\\/#website\",\"url\":\"https:\\\/\\\/www.apfelpatient.de\\\/\",\"name\":\"Apfelpatient\",\"description\":\"Alles rund um Apple!\",\"publisher\":{\"@type\":\"Organization\",\"@id\":\"https:\\\/\\\/www.apfelpatient.de\\\/en\\\/#organization\",\"name\":\"Apfelpatient\",\"url\":\"https:\\\/\\\/www.apfelpatient.de\\\/en\\\/\"},\"alternateName\":\"Apfelpatient\",\"potentialAction\":[{\"@type\":\"SearchAction\",\"target\":{\"@type\":\"EntryPoint\",\"urlTemplate\":\"https:\\\/\\\/www.apfelpatient.de\\\/?s={search_term_string}\"},\"query-input\":{\"@type\":\"PropertyValueSpecification\",\"valueRequired\":true,\"valueName\":\"search_term_string\"}}],\"inLanguage\":\"en-US\"},{\"@type\":[\"Person\",\"Organization\"],\"@id\":\"https:\\\/\\\/www.apfelpatient.de\\\/#\\\/schema\\\/person\\\/7dc56ad6c8e9824b76d2c08d4c140e13\",\"name\":\"Milan\",\"logo\":{\"@id\":\"https:\\\/\\\/www.apfelpatient.de\\\/#\\\/schema\\\/person\\\/image\\\/\"},\"description\":\"Hallo und herzlich willkommen auf meinem Technik-Blog! Als gro\u00dfer Apple-Fan berichte ich hier \u00fcber alles, was mit Apple zu tun hat: von den neuesten News und spannenden Ger\u00fcchten \u00fcber hilfreiche Tipps und Tricks bis hin zu ausf\u00fchrlichen Produkttests. Wenn du genauso technikbegeistert bist wie ich, bist du hier genau richtig!\",\"sameAs\":[\"https:\\\/\\\/www.facebook.com\\\/apfelpatientOfficial\",\"https:\\\/\\\/www.linkedin.com\\\/in\\\/milan-jovicic-42aa0231b\"],\"url\":\"https:\\\/\\\/www.apfelpatient.de\\\/en\\\/author\\\/apfeladmin\"}]}<\/script>\n<!-- \/ Yoast SEO Premium plugin. -->","yoast_head_json":{"title":"Apple removes stickers from iPad packaging Apfelpatient","description":"Why are stickers missing from Apple&#039;s latest iPad packaging? Learn more about this eco-friendly change!","robots":{"index":"index","follow":"follow","max-snippet":"max-snippet:-1","max-image-preview":"max-image-preview:large","max-video-preview":"max-video-preview:-1"},"canonical":"https:\/\/www.apfelpatient.de\/en\/news\/apple-removes-stickers-from-ipad-packaging","og_locale":"en_US","og_type":"article","og_title":"Apple entfernt Aufkleber aus iPad-Verpackungen","og_description":"Warum fehlen die Aufkleber in den neuesten iPad-Verpackungen von Apple? Erfahre mehr \u00fcber diese umweltfreundliche \u00c4nderung!","og_url":"https:\/\/www.apfelpatient.de\/en\/news\/apple-removes-stickers-from-ipad-packaging","og_site_name":"Apfelpatient","article_publisher":"https:\/\/www.facebook.com\/apfelpatientOfficial","article_author":"https:\/\/www.facebook.com\/apfelpatientOfficial","article_published_time":"2024-05-08T12:45:45+00:00","article_modified_time":"2024-05-08T12:45:46+00:00","og_image":[{"width":1600,"height":779,"url":"https:\/\/www.apfelpatient.de\/wp-content\/uploads\/2024\/05\/bigstock-Paris-France-September-263263909.jpg","type":"image\/jpeg"}],"author":"Milan","twitter_card":"summary_large_image","twitter_description":"Warum fehlen die Aufkleber in den neuesten iPad-Verpackungen von Apple? Erfahre mehr \u00fcber diese umweltfreundliche \u00c4nderung!","twitter_misc":{"Written by":"Milan","Est. reading time":"3 minutes"},"schema":{"@context":"https:\/\/schema.org","@graph":[{"@type":"NewsArticle","@id":"https:\/\/www.apfelpatient.de\/news\/apple-entfernt-aufkleber-aus-ipad-verpackungen#article","isPartOf":{"@id":"https:\/\/www.apfelpatient.de\/news\/apple-entfernt-aufkleber-aus-ipad-verpackungen"},"author":{"@type":"Organization","@id":"https:\/\/www.apfelpatient.de\/en\/#organization","name":"Apfelpatient","url":"https:\/\/www.apfelpatient.de\/en\/"},"headline":"Apple entfernt Aufkleber aus iPad-Verpackungen","datePublished":"2024-05-08T12:45:45+00:00","dateModified":"2024-05-08T12:45:46+00:00","mainEntityOfPage":{"@id":"https:\/\/www.apfelpatient.de\/news\/apple-entfernt-aufkleber-aus-ipad-verpackungen"},"wordCount":440,"publisher":{"@type":"Organization","@id":"https:\/\/www.apfelpatient.de\/en\/#organization","name":"Apfelpatient","url":"https:\/\/www.apfelpatient.de\/en\/"},"image":{"@id":"https:\/\/www.apfelpatient.de\/news\/apple-entfernt-aufkleber-aus-ipad-verpackungen#primaryimage"},"thumbnailUrl":"https:\/\/www.apfelpatient.de\/wp-content\/uploads\/2024\/05\/bigstock-Paris-France-September-263263909.jpg","keywords":["iPad","iPhone","Mac"],"articleSection":"News","inLanguage":"en-US","copyrightYear":"2024","copyrightHolder":{"@id":"https:\/\/www.apfelpatient.de\/en\/#organization"}},{"@type":"WebPage","@id":"https:\/\/www.apfelpatient.de\/news\/apple-entfernt-aufkleber-aus-ipad-verpackungen","url":"https:\/\/www.apfelpatient.de\/news\/apple-entfernt-aufkleber-aus-ipad-verpackungen","name":"Apple removes stickers from iPad packaging Apfelpatient","isPartOf":{"@id":"https:\/\/www.apfelpatient.de\/#website"},"primaryImageOfPage":{"@id":"https:\/\/www.apfelpatient.de\/news\/apple-entfernt-aufkleber-aus-ipad-verpackungen#primaryimage"},"image":{"@id":"https:\/\/www.apfelpatient.de\/news\/apple-entfernt-aufkleber-aus-ipad-verpackungen#primaryimage"},"thumbnailUrl":"https:\/\/www.apfelpatient.de\/wp-content\/uploads\/2024\/05\/bigstock-Paris-France-September-263263909.jpg","datePublished":"2024-05-08T12:45:45+00:00","dateModified":"2024-05-08T12:45:46+00:00","description":"Why are stickers missing from Apple&#039;s latest iPad packaging? Learn more about this eco-friendly change!","breadcrumb":{"@id":"https:\/\/www.apfelpatient.de\/news\/apple-entfernt-aufkleber-aus-ipad-verpackungen#breadcrumb"},"inLanguage":"en-US","potentialAction":[{"@type":"ReadAction","target":["https:\/\/www.apfelpatient.de\/news\/apple-entfernt-aufkleber-aus-ipad-verpackungen"]}]},{"@type":"ImageObject","inLanguage":"en-US","@id":"https:\/\/www.apfelpatient.de\/news\/apple-entfernt-aufkleber-aus-ipad-verpackungen#primaryimage","url":"https:\/\/www.apfelpatient.de\/wp-content\/uploads\/2024\/05\/bigstock-Paris-France-September-263263909.jpg","contentUrl":"https:\/\/www.apfelpatient.de\/wp-content\/uploads\/2024\/05\/bigstock-Paris-France-September-263263909.jpg","width":1600,"height":779,"caption":"PARIS, FRANCE - SEPTEMBER 21, 2018: Apple fan boy unboxing latest new Apple Iphone Xs Max and Xs flagship smartphone mobile phone model from Apple Computers readiing the instruction manual with white apple stickers"},{"@type":"BreadcrumbList","@id":"https:\/\/www.apfelpatient.de\/news\/apple-entfernt-aufkleber-aus-ipad-verpackungen#breadcrumb","itemListElement":[{"@type":"ListItem","position":1,"name":"Startseite","item":"https:\/\/www.apfelpatient.de\/"},{"@type":"ListItem","position":2,"name":"Apple entfernt Aufkleber aus iPad-Verpackungen"}]},{"@type":"WebSite","@id":"https:\/\/www.apfelpatient.de\/#website","url":"https:\/\/www.apfelpatient.de\/","name":"apple patient","description":"Everything about Apple!","publisher":{"@type":"Organization","@id":"https:\/\/www.apfelpatient.de\/en\/#organization","name":"Apfelpatient","url":"https:\/\/www.apfelpatient.de\/en\/"},"alternateName":"Apfelpatient","potentialAction":[{"@type":"SearchAction","target":{"@type":"EntryPoint","urlTemplate":"https:\/\/www.apfelpatient.de\/?s={search_term_string}"},"query-input":{"@type":"PropertyValueSpecification","valueRequired":true,"valueName":"search_term_string"}}],"inLanguage":"en-US"},{"@type":["Person","Organization"],"@id":"https:\/\/www.apfelpatient.de\/#\/schema\/person\/7dc56ad6c8e9824b76d2c08d4c140e13","name":"Milan","logo":{"@id":"https:\/\/www.apfelpatient.de\/#\/schema\/person\/image\/"},"description":"Hello and welcome to my technology blog! As a big Apple fan, I report on everything to do with Apple: from the latest news and exciting rumors to helpful tips and tricks and detailed product tests. If you are as enthusiastic about technology as I am, you have come to the right place!","sameAs":["https:\/\/www.facebook.com\/apfelpatientOfficial","https:\/\/www.linkedin.com\/in\/milan-jovicic-42aa0231b"],"url":"https:\/\/www.apfelpatient.de\/en\/author\/apfeladmin"}]}},"_links":{"self":[{"href":"https:\/\/www.apfelpatient.de\/en\/wp-json\/wp\/v2\/posts\/43670","targetHints":{"allow":["GET"]}}],"collection":[{"href":"https:\/\/www.apfelpatient.de\/en\/wp-json\/wp\/v2\/posts"}],"about":[{"href":"https:\/\/www.apfelpatient.de\/en\/wp-json\/wp\/v2\/types\/post"}],"author":[{"embeddable":true,"href":"https:\/\/www.apfelpatient.de\/en\/wp-json\/wp\/v2\/users\/2"}],"replies":[{"embeddable":true,"href":"https:\/\/www.apfelpatient.de\/en\/wp-json\/wp\/v2\/comments?post=43670"}],"version-history":[{"count":0,"href":"https:\/\/www.apfelpatient.de\/en\/wp-json\/wp\/v2\/posts\/43670\/revisions"}],"wp:featuredmedia":[{"embeddable":true,"href":"https:\/\/www.apfelpatient.de\/en\/wp-json\/wp\/v2\/media\/43669"}],"wp:attachment":[{"href":"https:\/\/www.apfelpatient.de\/en\/wp-json\/wp\/v2\/media?parent=43670"}],"wp:term":[{"taxonomy":"category","embeddable":true,"href":"https:\/\/www.apfelpatient.de\/en\/wp-json\/wp\/v2\/categories?post=43670"},{"taxonomy":"post_tag","embeddable":true,"href":"https:\/\/www.apfelpatient.de\/en\/wp-json\/wp\/v2\/tags?post=43670"}],"curies":[{"name":"wp","href":"https:\/\/api.w.org\/{rel}","templated":true}]}}