{"id":43657,"date":"2024-05-07T20:47:19","date_gmt":"2024-05-07T18:47:19","guid":{"rendered":"https:\/\/www.apfelpatient.de\/?p=43657"},"modified":"2024-05-07T20:47:20","modified_gmt":"2024-05-07T18:47:20","slug":"ipad-pro-ipad-air-battery-life-at-a-glance","status":"publish","type":"post","link":"https:\/\/www.apfelpatient.de\/en\/news\/ipad-pro-ipad-air-die-batterielaufzeit-im-ueberblick","title":{"rendered":"iPad Pro &amp; iPad Air \u2013 Battery life at a glance"},"content":{"rendered":"<p class=\"has-drop-cap\"><strong>Apple recently unveiled the latest models in its popular tablet line: the iPad Pro and iPad Air for 2024. Both devices bring significant technical improvements, especially with the new M4 and M2 chips. Below we take a closer look at the battery life of these new models and what Apple users can expect from them.<\/strong><\/p>\n\n\n\n<p>The importance of battery life in mobile devices can hardly be overstated. It determines how long you can work, play, or consume content before you have to plug in again. Apple has always taken a leading role in improving the efficiency of its devices without compromising performance. The introduction of the latest chipsets in the 2024 iPad Pro and iPad Air models promises to continue this tradition.<\/p>\n\n\n\n<h3 class=\"wp-block-heading\" id=\"h-die-neuen-chips-m4-und-m2\">The new chips: M4 and M2<\/h3>\n\n\n\n<ul class=\"wp-block-list\">\n<li>iPad Pro 2024: Equipped with the new M4 chip, the iPad Pro 2024 raises the bar for tablet performance. The M4 chip offers improved processing capabilities that enable smooth handling of high-end apps and demanding games.<\/li>\n\n\n\n<li>iPad Air 2024: The iPad Air follows the example of the Pro model from 2022 and is equipped with the M2 chip, which is already known for its efficiency and performance.<\/li>\n<\/ul>\n\n\n\n<h3 class=\"wp-block-heading\" id=\"h-vergleich-der-batterielaufzeiten\">comparison of battery life<\/h3>\n\n\n\n<p>The new iPad models offer the following battery life, which is not significantly different from their predecessors:<\/p>\n\n\n\n<h4 class=\"wp-block-heading\" id=\"h-2024-ipad-pro-und-ipad-air-batterielaufzeit\">2024 iPad Pro and iPad Air battery life<\/h4>\n\n\n\n<ul class=\"wp-block-list\">\n<li>11\u2033 M4 iPad Pro \u2013 Up to 10 hours of internet or video usage via WiFi (31.29 watt-hour battery). Up to 9 hours of internet browsing via the mobile data network.<\/li>\n\n\n\n<li>13\u2033 M4 iPad Pro \u2013 Up to 10 hours of internet or video viewing over WiFi (38.99 watt-hour battery). Up to 9 hours of web browsing over a cellular data network.<\/li>\n\n\n\n<li>11\u2033 M2 iPad Air \u2013 Up to 10 hours of Internet or video viewing over WiFi (28.93 watt-hour battery). Up to 9 hours of Internet browsing over a cellular data network.<\/li>\n\n\n\n<li>13\u2033 M2 iPad Air \u2013 Up to 10 hours of Internet or video viewing over WiFi (36.59 watt-hour battery). Up to 9 hours of Internet browsing over a cellular data network.<\/li>\n<\/ul>\n\n\n\n<h3 class=\"wp-block-heading\" id=\"h-was-bedeutet-das-fur-nutzer\">What does this mean for users?<\/h3>\n\n\n\n<p>The consistency of battery life, despite more powerful hardware, shows Apple&#039;s commitment to energy efficiency. The improved chips are designed not only to increase performance but also to optimize energy consumption to ensure a decent usage time.<\/p>\n\n\n\n<h3 class=\"wp-block-heading\" id=\"h-die-neuen-ipads-performance-trifft-auf-energieeffizienz\">The new iPads: Performance meets energy efficiency<\/h3>\n\n\n\n<p>The latest iPads, both the Pro and the Air, keep the <a href=\"https:\/\/www.apple.com\/de\/ipad\/\" target=\"_blank\" rel=\"noreferrer noopener\">Promise<\/a> from Apple in terms of improved performance while maintaining battery life. This is especially important for users who rely on their devices for everyday tasks. Although battery life has not improved dramatically, the improved efficiency of the chips ensures that users will not be disappointed. (Image: Apple)<\/p>\n\n\n\n<ul class=\"wp-block-list\">\n<li><a href=\"https:\/\/www.apfelpatient.de\/en\/news\/performance-and-limits-the-new-ipad-pro-in-detail\">Performance and Limits: The new iPad Pro in Detail<\/a><\/li>\n<\/ul>\n\n\n\n<h6 class=\"wp-block-heading translation-block\" id=\"h-kennt-ihr-schon-unsere-amazon-storefront-dort-findet-ihr-eine-handverlesene-auswahl-von-diversen-produkten-f-r-euer-iphone-und-co-viel-spa-beim-st-bern\"><em>Have you already visited our Amazon Storefront? There you&#039;ll find a hand-picked selection of various products for your iPhone and other devices \u2013 <span class=\"has-inline-color has-vivid-red-color\"><a href=\"https:\/\/www.amazon.de\/shop\/apfelpatientofficial\" class=\"ek-link\" data-wpel-link=\"exclude\" rel=\"follow noopener\" target=\"_self\"><span style=\"text-decoration: underline\" class=\"ek-underline\">enjoy browsing<\/span><\/a> !<\/span><\/em><\/h6>\n\n\n\n<h6 class=\"wp-block-heading translation-block\" id=\"h-der-beitrag-enthalt-partnerlinks\">This post contains <a data-type=\"URL\" data-id=\"https:\/\/www.apfelpatient.de\/partnerprogramm\" href=\"https:\/\/www.apfelpatient.de\/en\/partner-program\" data-wpel-link=\"internal\" target=\"_self\">affiliate links<\/a>.<\/h6>","protected":false},"excerpt":{"rendered":"<p>Learn more about the battery life of the new iPad Pro and iPad Air. Everything you need to know about the new 2024 models!<\/p>","protected":false},"author":2,"featured_media":43605,"comment_status":"closed","ping_status":"closed","sticky":false,"template":"","format":"standard","meta":{"jnews-multi-image_gallery":[],"jnews_single_post":{"subtitle":"","format":"standard","video":"","gallery":"","source_name":"","source_url":"","via_name":"","via_url":"","override_template":"0","override":[{"template":"4","single_blog_custom":"","parallax":"1","fullscreen":"1","layout":"right-sidebar","sidebar":"default-sidebar","second_sidebar":"default-sidebar","sticky_sidebar":"1","share_position":"top","share_float_style":"share-monocrhome","show_share_counter":"0","show_view_counter":"0","show_featured":"1","show_post_meta":"1","show_post_author":"1","show_post_author_image":"1","show_post_date":"1","post_date_format":"default","post_date_format_custom":"Y\/m\/d","show_post_category":"1","show_post_reading_time":"0","post_reading_time_wpm":"300","show_zoom_button":"0","zoom_button_out_step":"2","zoom_button_in_step":"3","show_post_tag":"1","show_prev_next_post":"1","show_popup_post":"1","number_popup_post":"1","show_author_box":"0","show_post_related":"0","show_inline_post_related":"0"}],"override_image_size":"0","image_override":[{"single_post_thumbnail_size":"crop-500","single_post_gallery_size":"crop-500"}],"trending_post":"0","trending_post_position":"meta","trending_post_label":"Trending","sponsored_post":"0","sponsored_post_label":"Sponsored by","sponsored_post_name":"","sponsored_post_url":"","sponsored_post_logo_enable":"0","sponsored_post_logo":"","sponsored_post_desc":"","disable_ad":"0"},"jnews_primary_category":{"id":"9","hide":""},"footnotes":""},"categories":[9],"tags":[18,240,66],"class_list":["post-43657","post","type-post","status-publish","format-standard","has-post-thumbnail","hentry","category-news","tag-ipad","tag-ipad-air","tag-ipad-pro"],"yoast_head":"<!-- This site is optimized with the Yoast SEO Premium plugin v27.5 (Yoast SEO v27.5) - https:\/\/yoast.com\/product\/yoast-seo-premium-wordpress\/ -->\n<title>iPad Pro &amp; iPad Air \u2013 Die Batterielaufzeit im \u00dcberblick Apfelpatient<\/title>\n<meta name=\"description\" content=\"Erfahre mehr \u00fcber die Batterielaufzeit des neuen iPad Pro und iPad Air. Alles, was Du \u00fcber die neuen Modelle von 2024 wissen musst!\" \/>\n<meta name=\"robots\" content=\"index, follow, max-snippet:-1, max-image-preview:large, max-video-preview:-1\" \/>\n<link rel=\"canonical\" href=\"https:\/\/www.apfelpatient.de\/en\/news\/ipad-pro-ipad-air-battery-life-at-a-glance\" \/>\n<meta property=\"og:locale\" content=\"en_US\" \/>\n<meta property=\"og:type\" content=\"article\" \/>\n<meta property=\"og:title\" content=\"iPad Pro &amp; iPad Air \u2013 Die Batterielaufzeit im \u00dcberblick\" \/>\n<meta property=\"og:description\" content=\"Erfahre mehr \u00fcber die Batterielaufzeit des neuen iPad Pro und iPad Air. Alles, was Du \u00fcber die neuen Modelle von 2024 wissen musst!\" \/>\n<meta property=\"og:url\" content=\"https:\/\/www.apfelpatient.de\/en\/news\/ipad-pro-ipad-air-battery-life-at-a-glance\" \/>\n<meta property=\"og:site_name\" content=\"Apfelpatient\" \/>\n<meta property=\"article:publisher\" content=\"https:\/\/www.facebook.com\/apfelpatientOfficial\" \/>\n<meta property=\"article:author\" content=\"https:\/\/www.facebook.com\/apfelpatientOfficial\" \/>\n<meta property=\"article:published_time\" content=\"2024-05-07T18:47:19+00:00\" \/>\n<meta property=\"article:modified_time\" content=\"2024-05-07T18:47:20+00:00\" \/>\n<meta property=\"og:image\" content=\"https:\/\/www.apfelpatient.de\/wp-content\/uploads\/2024\/05\/Apple-iPad-Pro-camera-close-up-240507.jpg\" \/>\n\t<meta property=\"og:image:width\" content=\"1600\" \/>\n\t<meta property=\"og:image:height\" content=\"900\" \/>\n\t<meta property=\"og:image:type\" content=\"image\/jpeg\" \/>\n<meta name=\"author\" content=\"Milan\" \/>\n<meta name=\"twitter:card\" content=\"summary_large_image\" \/>\n<meta name=\"twitter:description\" content=\"Erfahre mehr \u00fcber die Batterielaufzeit des neuen iPad Pro und iPad Air. Alles, was Du \u00fcber die neuen Modelle von 2024 wissen musst!\" \/>\n<meta name=\"twitter:label1\" content=\"Written by\" \/>\n\t<meta name=\"twitter:data1\" content=\"Milan\" \/>\n\t<meta name=\"twitter:label2\" content=\"Est. reading time\" \/>\n\t<meta name=\"twitter:data2\" content=\"3 minutes\" \/>\n<script type=\"application\/ld+json\" class=\"yoast-schema-graph\">{\"@context\":\"https:\\\/\\\/schema.org\",\"@graph\":[{\"@type\":\"NewsArticle\",\"@id\":\"https:\\\/\\\/www.apfelpatient.de\\\/news\\\/ipad-pro-ipad-air-die-batterielaufzeit-im-ueberblick#article\",\"isPartOf\":{\"@id\":\"https:\\\/\\\/www.apfelpatient.de\\\/news\\\/ipad-pro-ipad-air-die-batterielaufzeit-im-ueberblick\"},\"author\":{\"@type\":\"Organization\",\"@id\":\"https:\\\/\\\/www.apfelpatient.de\\\/en\\\/#organization\",\"name\":\"Apfelpatient\",\"url\":\"https:\\\/\\\/www.apfelpatient.de\\\/en\\\/\"},\"headline\":\"iPad Pro &#038; iPad Air \u2013 Die Batterielaufzeit im \u00dcberblick\",\"datePublished\":\"2024-05-07T18:47:19+00:00\",\"dateModified\":\"2024-05-07T18:47:20+00:00\",\"mainEntityOfPage\":{\"@id\":\"https:\\\/\\\/www.apfelpatient.de\\\/news\\\/ipad-pro-ipad-air-die-batterielaufzeit-im-ueberblick\"},\"wordCount\":463,\"publisher\":{\"@type\":\"Organization\",\"@id\":\"https:\\\/\\\/www.apfelpatient.de\\\/en\\\/#organization\",\"name\":\"Apfelpatient\",\"url\":\"https:\\\/\\\/www.apfelpatient.de\\\/en\\\/\"},\"image\":{\"@id\":\"https:\\\/\\\/www.apfelpatient.de\\\/news\\\/ipad-pro-ipad-air-die-batterielaufzeit-im-ueberblick#primaryimage\"},\"thumbnailUrl\":\"https:\\\/\\\/www.apfelpatient.de\\\/wp-content\\\/uploads\\\/2024\\\/05\\\/Apple-iPad-Pro-camera-close-up-240507.jpg\",\"keywords\":[\"iPad\",\"iPad Air\",\"iPad Pro\"],\"articleSection\":\"News\",\"inLanguage\":\"en-US\",\"copyrightYear\":\"2024\",\"copyrightHolder\":{\"@id\":\"https:\\\/\\\/www.apfelpatient.de\\\/en\\\/#organization\"}},{\"@type\":\"WebPage\",\"@id\":\"https:\\\/\\\/www.apfelpatient.de\\\/news\\\/ipad-pro-ipad-air-die-batterielaufzeit-im-ueberblick\",\"url\":\"https:\\\/\\\/www.apfelpatient.de\\\/news\\\/ipad-pro-ipad-air-die-batterielaufzeit-im-ueberblick\",\"name\":\"iPad Pro & iPad Air \u2013 Die Batterielaufzeit im \u00dcberblick Apfelpatient\",\"isPartOf\":{\"@id\":\"https:\\\/\\\/www.apfelpatient.de\\\/#website\"},\"primaryImageOfPage\":{\"@id\":\"https:\\\/\\\/www.apfelpatient.de\\\/news\\\/ipad-pro-ipad-air-die-batterielaufzeit-im-ueberblick#primaryimage\"},\"image\":{\"@id\":\"https:\\\/\\\/www.apfelpatient.de\\\/news\\\/ipad-pro-ipad-air-die-batterielaufzeit-im-ueberblick#primaryimage\"},\"thumbnailUrl\":\"https:\\\/\\\/www.apfelpatient.de\\\/wp-content\\\/uploads\\\/2024\\\/05\\\/Apple-iPad-Pro-camera-close-up-240507.jpg\",\"datePublished\":\"2024-05-07T18:47:19+00:00\",\"dateModified\":\"2024-05-07T18:47:20+00:00\",\"description\":\"Erfahre mehr \u00fcber die Batterielaufzeit des neuen iPad Pro und iPad Air. Alles, was Du \u00fcber die neuen Modelle von 2024 wissen musst!\",\"breadcrumb\":{\"@id\":\"https:\\\/\\\/www.apfelpatient.de\\\/news\\\/ipad-pro-ipad-air-die-batterielaufzeit-im-ueberblick#breadcrumb\"},\"inLanguage\":\"en-US\",\"potentialAction\":[{\"@type\":\"ReadAction\",\"target\":[\"https:\\\/\\\/www.apfelpatient.de\\\/news\\\/ipad-pro-ipad-air-die-batterielaufzeit-im-ueberblick\"]}]},{\"@type\":\"ImageObject\",\"inLanguage\":\"en-US\",\"@id\":\"https:\\\/\\\/www.apfelpatient.de\\\/news\\\/ipad-pro-ipad-air-die-batterielaufzeit-im-ueberblick#primaryimage\",\"url\":\"https:\\\/\\\/www.apfelpatient.de\\\/wp-content\\\/uploads\\\/2024\\\/05\\\/Apple-iPad-Pro-camera-close-up-240507.jpg\",\"contentUrl\":\"https:\\\/\\\/www.apfelpatient.de\\\/wp-content\\\/uploads\\\/2024\\\/05\\\/Apple-iPad-Pro-camera-close-up-240507.jpg\",\"width\":1600,\"height\":900,\"caption\":\"Bild: Apple\"},{\"@type\":\"BreadcrumbList\",\"@id\":\"https:\\\/\\\/www.apfelpatient.de\\\/news\\\/ipad-pro-ipad-air-die-batterielaufzeit-im-ueberblick#breadcrumb\",\"itemListElement\":[{\"@type\":\"ListItem\",\"position\":1,\"name\":\"Startseite\",\"item\":\"https:\\\/\\\/www.apfelpatient.de\\\/\"},{\"@type\":\"ListItem\",\"position\":2,\"name\":\"iPad Pro &#038; iPad Air \u2013 Die Batterielaufzeit im \u00dcberblick\"}]},{\"@type\":\"WebSite\",\"@id\":\"https:\\\/\\\/www.apfelpatient.de\\\/#website\",\"url\":\"https:\\\/\\\/www.apfelpatient.de\\\/\",\"name\":\"Apfelpatient\",\"description\":\"Alles rund um Apple!\",\"publisher\":{\"@type\":\"Organization\",\"@id\":\"https:\\\/\\\/www.apfelpatient.de\\\/en\\\/#organization\",\"name\":\"Apfelpatient\",\"url\":\"https:\\\/\\\/www.apfelpatient.de\\\/en\\\/\"},\"alternateName\":\"Apfelpatient\",\"potentialAction\":[{\"@type\":\"SearchAction\",\"target\":{\"@type\":\"EntryPoint\",\"urlTemplate\":\"https:\\\/\\\/www.apfelpatient.de\\\/?s={search_term_string}\"},\"query-input\":{\"@type\":\"PropertyValueSpecification\",\"valueRequired\":true,\"valueName\":\"search_term_string\"}}],\"inLanguage\":\"en-US\"},{\"@type\":[\"Person\",\"Organization\"],\"@id\":\"https:\\\/\\\/www.apfelpatient.de\\\/#\\\/schema\\\/person\\\/7dc56ad6c8e9824b76d2c08d4c140e13\",\"name\":\"Milan\",\"logo\":{\"@id\":\"https:\\\/\\\/www.apfelpatient.de\\\/#\\\/schema\\\/person\\\/image\\\/\"},\"description\":\"Hallo und herzlich willkommen auf meinem Technik-Blog! Als gro\u00dfer Apple-Fan berichte ich hier \u00fcber alles, was mit Apple zu tun hat: von den neuesten News und spannenden Ger\u00fcchten \u00fcber hilfreiche Tipps und Tricks bis hin zu ausf\u00fchrlichen Produkttests. Wenn du genauso technikbegeistert bist wie ich, bist du hier genau richtig!\",\"sameAs\":[\"https:\\\/\\\/www.facebook.com\\\/apfelpatientOfficial\",\"https:\\\/\\\/www.linkedin.com\\\/in\\\/milan-jovicic-42aa0231b\"],\"url\":\"https:\\\/\\\/www.apfelpatient.de\\\/en\\\/author\\\/apfeladmin\"}]}<\/script>\n<!-- \/ Yoast SEO Premium plugin. -->","yoast_head_json":{"title":"iPad Pro &amp; iPad Air \u2013 Battery life at a glance Apfelpatient","description":"Learn more about the battery life of the new iPad Pro and iPad Air. Everything you need to know about the new 2024 models!","robots":{"index":"index","follow":"follow","max-snippet":"max-snippet:-1","max-image-preview":"max-image-preview:large","max-video-preview":"max-video-preview:-1"},"canonical":"https:\/\/www.apfelpatient.de\/en\/news\/ipad-pro-ipad-air-battery-life-at-a-glance","og_locale":"en_US","og_type":"article","og_title":"iPad Pro & iPad Air \u2013 Die Batterielaufzeit im \u00dcberblick","og_description":"Erfahre mehr \u00fcber die Batterielaufzeit des neuen iPad Pro und iPad Air. Alles, was Du \u00fcber die neuen Modelle von 2024 wissen musst!","og_url":"https:\/\/www.apfelpatient.de\/en\/news\/ipad-pro-ipad-air-battery-life-at-a-glance","og_site_name":"Apfelpatient","article_publisher":"https:\/\/www.facebook.com\/apfelpatientOfficial","article_author":"https:\/\/www.facebook.com\/apfelpatientOfficial","article_published_time":"2024-05-07T18:47:19+00:00","article_modified_time":"2024-05-07T18:47:20+00:00","og_image":[{"width":1600,"height":900,"url":"https:\/\/www.apfelpatient.de\/wp-content\/uploads\/2024\/05\/Apple-iPad-Pro-camera-close-up-240507.jpg","type":"image\/jpeg"}],"author":"Milan","twitter_card":"summary_large_image","twitter_description":"Erfahre mehr \u00fcber die Batterielaufzeit des neuen iPad Pro und iPad Air. Alles, was Du \u00fcber die neuen Modelle von 2024 wissen musst!","twitter_misc":{"Written by":"Milan","Est. reading time":"3 minutes"},"schema":{"@context":"https:\/\/schema.org","@graph":[{"@type":"NewsArticle","@id":"https:\/\/www.apfelpatient.de\/news\/ipad-pro-ipad-air-die-batterielaufzeit-im-ueberblick#article","isPartOf":{"@id":"https:\/\/www.apfelpatient.de\/news\/ipad-pro-ipad-air-die-batterielaufzeit-im-ueberblick"},"author":{"@type":"Organization","@id":"https:\/\/www.apfelpatient.de\/en\/#organization","name":"Apfelpatient","url":"https:\/\/www.apfelpatient.de\/en\/"},"headline":"iPad Pro &#038; iPad Air \u2013 Die Batterielaufzeit im \u00dcberblick","datePublished":"2024-05-07T18:47:19+00:00","dateModified":"2024-05-07T18:47:20+00:00","mainEntityOfPage":{"@id":"https:\/\/www.apfelpatient.de\/news\/ipad-pro-ipad-air-die-batterielaufzeit-im-ueberblick"},"wordCount":463,"publisher":{"@type":"Organization","@id":"https:\/\/www.apfelpatient.de\/en\/#organization","name":"Apfelpatient","url":"https:\/\/www.apfelpatient.de\/en\/"},"image":{"@id":"https:\/\/www.apfelpatient.de\/news\/ipad-pro-ipad-air-die-batterielaufzeit-im-ueberblick#primaryimage"},"thumbnailUrl":"https:\/\/www.apfelpatient.de\/wp-content\/uploads\/2024\/05\/Apple-iPad-Pro-camera-close-up-240507.jpg","keywords":["iPad","iPad Air","iPad Pro"],"articleSection":"News","inLanguage":"en-US","copyrightYear":"2024","copyrightHolder":{"@id":"https:\/\/www.apfelpatient.de\/en\/#organization"}},{"@type":"WebPage","@id":"https:\/\/www.apfelpatient.de\/news\/ipad-pro-ipad-air-die-batterielaufzeit-im-ueberblick","url":"https:\/\/www.apfelpatient.de\/news\/ipad-pro-ipad-air-die-batterielaufzeit-im-ueberblick","name":"iPad Pro &amp; iPad Air \u2013 Battery life at a glance Apfelpatient","isPartOf":{"@id":"https:\/\/www.apfelpatient.de\/#website"},"primaryImageOfPage":{"@id":"https:\/\/www.apfelpatient.de\/news\/ipad-pro-ipad-air-die-batterielaufzeit-im-ueberblick#primaryimage"},"image":{"@id":"https:\/\/www.apfelpatient.de\/news\/ipad-pro-ipad-air-die-batterielaufzeit-im-ueberblick#primaryimage"},"thumbnailUrl":"https:\/\/www.apfelpatient.de\/wp-content\/uploads\/2024\/05\/Apple-iPad-Pro-camera-close-up-240507.jpg","datePublished":"2024-05-07T18:47:19+00:00","dateModified":"2024-05-07T18:47:20+00:00","description":"Learn more about the battery life of the new iPad Pro and iPad Air. Everything you need to know about the new 2024 models!","breadcrumb":{"@id":"https:\/\/www.apfelpatient.de\/news\/ipad-pro-ipad-air-die-batterielaufzeit-im-ueberblick#breadcrumb"},"inLanguage":"en-US","potentialAction":[{"@type":"ReadAction","target":["https:\/\/www.apfelpatient.de\/news\/ipad-pro-ipad-air-die-batterielaufzeit-im-ueberblick"]}]},{"@type":"ImageObject","inLanguage":"en-US","@id":"https:\/\/www.apfelpatient.de\/news\/ipad-pro-ipad-air-die-batterielaufzeit-im-ueberblick#primaryimage","url":"https:\/\/www.apfelpatient.de\/wp-content\/uploads\/2024\/05\/Apple-iPad-Pro-camera-close-up-240507.jpg","contentUrl":"https:\/\/www.apfelpatient.de\/wp-content\/uploads\/2024\/05\/Apple-iPad-Pro-camera-close-up-240507.jpg","width":1600,"height":900,"caption":"Bild: Apple"},{"@type":"BreadcrumbList","@id":"https:\/\/www.apfelpatient.de\/news\/ipad-pro-ipad-air-die-batterielaufzeit-im-ueberblick#breadcrumb","itemListElement":[{"@type":"ListItem","position":1,"name":"Startseite","item":"https:\/\/www.apfelpatient.de\/"},{"@type":"ListItem","position":2,"name":"iPad Pro &#038; iPad Air \u2013 Die Batterielaufzeit im \u00dcberblick"}]},{"@type":"WebSite","@id":"https:\/\/www.apfelpatient.de\/#website","url":"https:\/\/www.apfelpatient.de\/","name":"apple patient","description":"Everything about Apple!","publisher":{"@type":"Organization","@id":"https:\/\/www.apfelpatient.de\/en\/#organization","name":"Apfelpatient","url":"https:\/\/www.apfelpatient.de\/en\/"},"alternateName":"Apfelpatient","potentialAction":[{"@type":"SearchAction","target":{"@type":"EntryPoint","urlTemplate":"https:\/\/www.apfelpatient.de\/?s={search_term_string}"},"query-input":{"@type":"PropertyValueSpecification","valueRequired":true,"valueName":"search_term_string"}}],"inLanguage":"en-US"},{"@type":["Person","Organization"],"@id":"https:\/\/www.apfelpatient.de\/#\/schema\/person\/7dc56ad6c8e9824b76d2c08d4c140e13","name":"Milan","logo":{"@id":"https:\/\/www.apfelpatient.de\/#\/schema\/person\/image\/"},"description":"Hello and welcome to my technology blog! As a big Apple fan, I report on everything to do with Apple: from the latest news and exciting rumors to helpful tips and tricks and detailed product tests. If you are as enthusiastic about technology as I am, you have come to the right place!","sameAs":["https:\/\/www.facebook.com\/apfelpatientOfficial","https:\/\/www.linkedin.com\/in\/milan-jovicic-42aa0231b"],"url":"https:\/\/www.apfelpatient.de\/en\/author\/apfeladmin"}]}},"_links":{"self":[{"href":"https:\/\/www.apfelpatient.de\/en\/wp-json\/wp\/v2\/posts\/43657","targetHints":{"allow":["GET"]}}],"collection":[{"href":"https:\/\/www.apfelpatient.de\/en\/wp-json\/wp\/v2\/posts"}],"about":[{"href":"https:\/\/www.apfelpatient.de\/en\/wp-json\/wp\/v2\/types\/post"}],"author":[{"embeddable":true,"href":"https:\/\/www.apfelpatient.de\/en\/wp-json\/wp\/v2\/users\/2"}],"replies":[{"embeddable":true,"href":"https:\/\/www.apfelpatient.de\/en\/wp-json\/wp\/v2\/comments?post=43657"}],"version-history":[{"count":0,"href":"https:\/\/www.apfelpatient.de\/en\/wp-json\/wp\/v2\/posts\/43657\/revisions"}],"wp:featuredmedia":[{"embeddable":true,"href":"https:\/\/www.apfelpatient.de\/en\/wp-json\/wp\/v2\/media\/43605"}],"wp:attachment":[{"href":"https:\/\/www.apfelpatient.de\/en\/wp-json\/wp\/v2\/media?parent=43657"}],"wp:term":[{"taxonomy":"category","embeddable":true,"href":"https:\/\/www.apfelpatient.de\/en\/wp-json\/wp\/v2\/categories?post=43657"},{"taxonomy":"post_tag","embeddable":true,"href":"https:\/\/www.apfelpatient.de\/en\/wp-json\/wp\/v2\/tags?post=43657"}],"curies":[{"name":"wp","href":"https:\/\/api.w.org\/{rel}","templated":true}]}}