{"id":43651,"date":"2024-05-07T19:54:03","date_gmt":"2024-05-07T17:54:03","guid":{"rendered":"https:\/\/www.apfelpatient.de\/?p=43651"},"modified":"2024-05-07T19:54:04","modified_gmt":"2024-05-07T17:54:04","slug":"price-reduction-of-the-ipad-10th-generation","status":"publish","type":"post","link":"https:\/\/www.apfelpatient.de\/en\/news\/preisreduktion-des-ipad-der-10-generation","title":{"rendered":"price reduction of the 10th generation iPad"},"content":{"rendered":"<p class=\"has-drop-cap\"><strong>Since its launch, the iPad has established itself as an essential device in many homes and workplaces. Regular updates and improvements to the various models keep technology enthusiasts on the ball. Now there is good news for anyone looking for a high-quality tablet at a lower price.<\/strong><\/p>\n\n\n\n<p>Apple&#039;s announcement that it will reduce the price of the 10th generation iPad has caused excitement among many consumers. This move, announced during the recent iPad event, underscores Apple&#039;s commitment to making its products accessible to a wider audience.<\/p>\n\n\n\n<h3 class=\"wp-block-heading\" id=\"h-ipad-der-10-generation-im-uberblick\">iPad 10th generation at a glance<\/h3>\n\n\n\n<h4 class=\"wp-block-heading\" id=\"h-design-und-display\">Design and Display<\/h4>\n\n\n\n<p>Originally launched in late 2022, the 10th generation iPad boasts a 10.9-inch edge-to-edge display that offers impressive image quality and wide viewing spaces. The design is sleek and modern, with Touch ID cleverly integrated into the lock button to ensure security without compromising on aesthetics.<\/p>\n\n\n\n<h4 class=\"wp-block-heading\" id=\"h-leistungsstarke-technik\">Powerful technology<\/h4>\n\n\n\n<p>Under the hood, the device features the A14 Bionic chip, which is known for its fast performance and efficiency. This chip not only enables smooth operation and fast multitasking but also supports advanced apps and games that require higher processing power.<\/p>\n\n\n\n<h4 class=\"wp-block-heading\" id=\"h-konnektivitat-und-kompatibilitat\">Connectivity and Compatibility<\/h4>\n\n\n\n<p>Another highlight is the USB-C port, which offers faster data transfer and better compatibility with a wide range of devices and accessories. The iPad is also compatible with the first-generation Apple Pencil, making it ideal for creatives and professionals who want to sketch or take notes by hand.<\/p>\n\n\n\n<h4 class=\"wp-block-heading\" id=\"h-preissenkung\">price reduction<\/h4>\n\n\n\n<p>The most significant news for many, however, will be the price reduction. Originally available for 579 euros, the model with 64 GB storage is now available for only <a href=\"https:\/\/www.apple.com\/de\/shop\/buy-ipad\/ipad\" target=\"_blank\" rel=\"noreferrer noopener\">429 euros<\/a> This price reduction makes the 10th generation iPad an even more attractive option for families, students, and anyone who needs a reliable second device without breaking the bank.<\/p>\n\n\n\n<figure class=\"wp-block-image size-large\"><img decoding=\"async\" width=\"1024\" height=\"576\" src=\"https:\/\/www.apfelpatient.de\/wp-content\/uploads\/2022\/10\/Apple-iPad-10th-gen-hero-221018-1024x576.jpg\" alt=\"iPad models iPad 10 iPad 10th generation\" class=\"wp-image-34726\" srcset=\"https:\/\/www.apfelpatient.de\/wp-content\/uploads\/2022\/10\/Apple-iPad-10th-gen-hero-221018-1024x576.jpg 1024w, https:\/\/www.apfelpatient.de\/wp-content\/uploads\/2022\/10\/Apple-iPad-10th-gen-hero-221018-300x169.jpg 300w, https:\/\/www.apfelpatient.de\/wp-content\/uploads\/2022\/10\/Apple-iPad-10th-gen-hero-221018-768x432.jpg 768w, https:\/\/www.apfelpatient.de\/wp-content\/uploads\/2022\/10\/Apple-iPad-10th-gen-hero-221018-1536x864.jpg 1536w, https:\/\/www.apfelpatient.de\/wp-content\/uploads\/2022\/10\/Apple-iPad-10th-gen-hero-221018-750x422.jpg 750w, https:\/\/www.apfelpatient.de\/wp-content\/uploads\/2022\/10\/Apple-iPad-10th-gen-hero-221018-1140x641.jpg 1140w, https:\/\/www.apfelpatient.de\/wp-content\/uploads\/2022\/10\/Apple-iPad-10th-gen-hero-221018.jpg 1600w\" sizes=\"(max-width: 1024px) 100vw, 1024px\" \/><figcaption class=\"wp-element-caption\">Image: Apple - iPad 10<\/figcaption><\/figure>\n\n\n\n<h3 class=\"wp-block-heading\" id=\"h-neue-preisgestaltung-neue-moglichkeiten-apple-s-einsteiger-tablet\">New pricing, new possibilities: Apple&#039;s entry-level tablet<\/h3>\n\n\n\n<p>The price reduction of the 10th generation iPad is a smart move by Apple, opening the door to many new customers who may have previously been put off by the cost. With its advanced technology, improved display and camera, and support for the Apple Pencil, the 10th generation iPad offers impressive value for money. Now is the ideal time to invest in this versatile device, ideal for both education and entertainment. (Image: Apple)<\/p>\n\n\n\n<ul class=\"wp-block-list\">\n<li><a href=\"https:\/\/www.apfelpatient.de\/en\/news\/the-groundbreaking-m4-chip-the-heart-of-the-new-ipad-pro\">The groundbreaking M4 chip \u2013 the heart of the new iPad Pro<\/a><\/li>\n\n\n\n<li><a href=\"https:\/\/www.apfelpatient.de\/en\/news\/the-new-ipad-pro-a-breakthrough-in-technology-and-design\">The new iPad Pro \u2013 A breakthrough in technology and design<\/a><\/li>\n\n\n\n<li><a href=\"https:\/\/www.apfelpatient.de\/en\/news\/the-new-ipad-air-a-revolution-in-size-and-performance\">The new iPad Air: A revolution in size and performance<\/a><\/li>\n\n\n\n<li><a href=\"https:\/\/www.apfelpatient.de\/en\/news\/final-cut-pro-and-logic-pro-important-updates-for-the-ipad\">Final Cut Pro and Logic Pro: Important updates for the iPad<\/a><\/li>\n\n\n\n<li><a href=\"https:\/\/www.apfelpatient.de\/en\/news\/apple-introduces-the-new-magic-keyboard-for-the-m4-ipad-pro\">Apple introduces the new Magic Keyboard for the M4 iPad Pro<\/a><\/li>\n\n\n\n<li><a href=\"https:\/\/www.apfelpatient.de\/en\/news\/apple-pencil-pro-all-new-features-at-a-glance\">Apple Pencil Pro: All new features at a glance<\/a><\/li>\n\n\n\n<li><a href=\"https:\/\/www.apfelpatient.de\/en\/news\/technological-premiere-let-loose-event-with-ipad-cut\">Technological premiere: \u201cLet Loose\u201d event with iPad editing<\/a><\/li>\n<\/ul>\n\n\n\n<h6 class=\"wp-block-heading translation-block\" id=\"h-kennt-ihr-schon-unsere-amazon-storefront-dort-findet-ihr-eine-handverlesene-auswahl-von-diversen-produkten-f-r-euer-iphone-und-co-viel-spa-beim-st-bern\"><em>Have you already visited our Amazon Storefront? There you&#039;ll find a hand-picked selection of various products for your iPhone and other devices \u2013 <span class=\"has-inline-color has-vivid-red-color\"><a href=\"https:\/\/www.amazon.de\/shop\/apfelpatientofficial\" class=\"ek-link\" data-wpel-link=\"exclude\" rel=\"follow noopener\" target=\"_self\"><span style=\"text-decoration: underline\" class=\"ek-underline\">enjoy browsing<\/span><\/a> !<\/span><\/em><\/h6>\n\n\n\n<h6 class=\"wp-block-heading translation-block\" id=\"h-der-beitrag-enthalt-partnerlinks\">This post contains <a data-type=\"URL\" data-id=\"https:\/\/www.apfelpatient.de\/partnerprogramm\" href=\"https:\/\/www.apfelpatient.de\/en\/partner-program\" data-wpel-link=\"internal\" target=\"_self\">affiliate links<\/a>.<\/h6>","protected":false},"excerpt":{"rendered":"<p>Now cheaper: The 10th generation iPad offers top features at a lower price. Perfect for creatives and professionals. Don&#039;t miss out!<\/p>","protected":false},"author":2,"featured_media":34726,"comment_status":"closed","ping_status":"closed","sticky":false,"template":"","format":"standard","meta":{"jnews-multi-image_gallery":[],"jnews_single_post":{"subtitle":"","format":"standard","video":"","gallery":"","source_name":"","source_url":"","via_name":"","via_url":"","override_template":"0","override":[{"template":"4","single_blog_custom":"","parallax":"1","fullscreen":"1","layout":"right-sidebar","sidebar":"default-sidebar","second_sidebar":"default-sidebar","sticky_sidebar":"1","share_position":"top","share_float_style":"share-monocrhome","show_share_counter":"0","show_view_counter":"0","show_featured":"1","show_post_meta":"1","show_post_author":"1","show_post_author_image":"1","show_post_date":"1","post_date_format":"default","post_date_format_custom":"Y\/m\/d","show_post_category":"1","show_post_reading_time":"0","post_reading_time_wpm":"300","show_zoom_button":"0","zoom_button_out_step":"2","zoom_button_in_step":"3","show_post_tag":"1","show_prev_next_post":"1","show_popup_post":"1","number_popup_post":"1","show_author_box":"0","show_post_related":"0","show_inline_post_related":"0"}],"override_image_size":"0","image_override":[{"single_post_thumbnail_size":"crop-500","single_post_gallery_size":"crop-500"}],"trending_post":"0","trending_post_position":"meta","trending_post_label":"Trending","sponsored_post":"0","sponsored_post_label":"Sponsored by","sponsored_post_name":"","sponsored_post_url":"","sponsored_post_logo_enable":"0","sponsored_post_logo":"","sponsored_post_desc":"","disable_ad":"0"},"jnews_primary_category":{"id":"9","hide":""},"footnotes":""},"categories":[9],"tags":[18],"class_list":["post-43651","post","type-post","status-publish","format-standard","has-post-thumbnail","hentry","category-news","tag-ipad"],"yoast_head":"<!-- This site is optimized with the Yoast SEO Premium plugin v27.5 (Yoast SEO v27.5) - https:\/\/yoast.com\/product\/yoast-seo-premium-wordpress\/ -->\n<title>Preisreduktion des iPad der 10. Generation Apfelpatient<\/title>\n<meta name=\"description\" content=\"Jetzt g\u00fcnstiger: Das iPad der 10. Generation bietet Top-Features zu einem niedrigeren Preis. Perfekt f\u00fcr Kreative und Profis. Nicht verpassen!\" \/>\n<meta name=\"robots\" content=\"index, follow, max-snippet:-1, max-image-preview:large, max-video-preview:-1\" \/>\n<link rel=\"canonical\" href=\"https:\/\/www.apfelpatient.de\/en\/news\/price-reduction-of-the-ipad-10th-generation\" \/>\n<meta property=\"og:locale\" content=\"en_US\" \/>\n<meta property=\"og:type\" content=\"article\" \/>\n<meta property=\"og:title\" content=\"Preisreduktion des iPad der 10. Generation\" \/>\n<meta property=\"og:description\" content=\"Jetzt g\u00fcnstiger: Das iPad der 10. Generation bietet Top-Features zu einem niedrigeren Preis. Perfekt f\u00fcr Kreative und Profis. Nicht verpassen!\" \/>\n<meta property=\"og:url\" content=\"https:\/\/www.apfelpatient.de\/en\/news\/price-reduction-of-the-ipad-10th-generation\" \/>\n<meta property=\"og:site_name\" content=\"Apfelpatient\" \/>\n<meta property=\"article:publisher\" content=\"https:\/\/www.facebook.com\/apfelpatientOfficial\" \/>\n<meta property=\"article:author\" content=\"https:\/\/www.facebook.com\/apfelpatientOfficial\" \/>\n<meta property=\"article:published_time\" content=\"2024-05-07T17:54:03+00:00\" \/>\n<meta property=\"article:modified_time\" content=\"2024-05-07T17:54:04+00:00\" \/>\n<meta property=\"og:image\" content=\"https:\/\/www.apfelpatient.de\/wp-content\/uploads\/2022\/10\/Apple-iPad-10th-gen-hero-221018.jpg\" \/>\n\t<meta property=\"og:image:width\" content=\"1600\" \/>\n\t<meta property=\"og:image:height\" content=\"900\" \/>\n\t<meta property=\"og:image:type\" content=\"image\/jpeg\" \/>\n<meta name=\"author\" content=\"Milan\" \/>\n<meta name=\"twitter:card\" content=\"summary_large_image\" \/>\n<meta name=\"twitter:description\" content=\"Jetzt g\u00fcnstiger: Das iPad der 10. Generation bietet Top-Features zu einem niedrigeren Preis. Perfekt f\u00fcr Kreative und Profis. Nicht verpassen!\" \/>\n<meta name=\"twitter:label1\" content=\"Written by\" \/>\n\t<meta name=\"twitter:data1\" content=\"Milan\" \/>\n\t<meta name=\"twitter:label2\" content=\"Est. reading time\" \/>\n\t<meta name=\"twitter:data2\" content=\"4 minutes\" \/>\n<script type=\"application\/ld+json\" class=\"yoast-schema-graph\">{\"@context\":\"https:\\\/\\\/schema.org\",\"@graph\":[{\"@type\":\"NewsArticle\",\"@id\":\"https:\\\/\\\/www.apfelpatient.de\\\/news\\\/preisreduktion-des-ipad-der-10-generation#article\",\"isPartOf\":{\"@id\":\"https:\\\/\\\/www.apfelpatient.de\\\/news\\\/preisreduktion-des-ipad-der-10-generation\"},\"author\":{\"@type\":\"Organization\",\"@id\":\"https:\\\/\\\/www.apfelpatient.de\\\/en\\\/#organization\",\"name\":\"Apfelpatient\",\"url\":\"https:\\\/\\\/www.apfelpatient.de\\\/en\\\/\"},\"headline\":\"Preisreduktion des iPad der 10. Generation\",\"datePublished\":\"2024-05-07T17:54:03+00:00\",\"dateModified\":\"2024-05-07T17:54:04+00:00\",\"mainEntityOfPage\":{\"@id\":\"https:\\\/\\\/www.apfelpatient.de\\\/news\\\/preisreduktion-des-ipad-der-10-generation\"},\"wordCount\":517,\"publisher\":{\"@type\":\"Organization\",\"@id\":\"https:\\\/\\\/www.apfelpatient.de\\\/en\\\/#organization\",\"name\":\"Apfelpatient\",\"url\":\"https:\\\/\\\/www.apfelpatient.de\\\/en\\\/\"},\"image\":{\"@id\":\"https:\\\/\\\/www.apfelpatient.de\\\/news\\\/preisreduktion-des-ipad-der-10-generation#primaryimage\"},\"thumbnailUrl\":\"https:\\\/\\\/www.apfelpatient.de\\\/wp-content\\\/uploads\\\/2022\\\/10\\\/Apple-iPad-10th-gen-hero-221018.jpg\",\"keywords\":[\"iPad\"],\"articleSection\":\"News\",\"inLanguage\":\"en-US\",\"copyrightYear\":\"2024\",\"copyrightHolder\":{\"@id\":\"https:\\\/\\\/www.apfelpatient.de\\\/en\\\/#organization\"}},{\"@type\":\"WebPage\",\"@id\":\"https:\\\/\\\/www.apfelpatient.de\\\/news\\\/preisreduktion-des-ipad-der-10-generation\",\"url\":\"https:\\\/\\\/www.apfelpatient.de\\\/news\\\/preisreduktion-des-ipad-der-10-generation\",\"name\":\"Preisreduktion des iPad der 10. Generation Apfelpatient\",\"isPartOf\":{\"@id\":\"https:\\\/\\\/www.apfelpatient.de\\\/#website\"},\"primaryImageOfPage\":{\"@id\":\"https:\\\/\\\/www.apfelpatient.de\\\/news\\\/preisreduktion-des-ipad-der-10-generation#primaryimage\"},\"image\":{\"@id\":\"https:\\\/\\\/www.apfelpatient.de\\\/news\\\/preisreduktion-des-ipad-der-10-generation#primaryimage\"},\"thumbnailUrl\":\"https:\\\/\\\/www.apfelpatient.de\\\/wp-content\\\/uploads\\\/2022\\\/10\\\/Apple-iPad-10th-gen-hero-221018.jpg\",\"datePublished\":\"2024-05-07T17:54:03+00:00\",\"dateModified\":\"2024-05-07T17:54:04+00:00\",\"description\":\"Jetzt g\u00fcnstiger: Das iPad der 10. Generation bietet Top-Features zu einem niedrigeren Preis. Perfekt f\u00fcr Kreative und Profis. Nicht verpassen!\",\"breadcrumb\":{\"@id\":\"https:\\\/\\\/www.apfelpatient.de\\\/news\\\/preisreduktion-des-ipad-der-10-generation#breadcrumb\"},\"inLanguage\":\"en-US\",\"potentialAction\":[{\"@type\":\"ReadAction\",\"target\":[\"https:\\\/\\\/www.apfelpatient.de\\\/news\\\/preisreduktion-des-ipad-der-10-generation\"]}]},{\"@type\":\"ImageObject\",\"inLanguage\":\"en-US\",\"@id\":\"https:\\\/\\\/www.apfelpatient.de\\\/news\\\/preisreduktion-des-ipad-der-10-generation#primaryimage\",\"url\":\"https:\\\/\\\/www.apfelpatient.de\\\/wp-content\\\/uploads\\\/2022\\\/10\\\/Apple-iPad-10th-gen-hero-221018.jpg\",\"contentUrl\":\"https:\\\/\\\/www.apfelpatient.de\\\/wp-content\\\/uploads\\\/2022\\\/10\\\/Apple-iPad-10th-gen-hero-221018.jpg\",\"width\":1600,\"height\":900,\"caption\":\"Bild: Apple - iPad 10\"},{\"@type\":\"BreadcrumbList\",\"@id\":\"https:\\\/\\\/www.apfelpatient.de\\\/news\\\/preisreduktion-des-ipad-der-10-generation#breadcrumb\",\"itemListElement\":[{\"@type\":\"ListItem\",\"position\":1,\"name\":\"Startseite\",\"item\":\"https:\\\/\\\/www.apfelpatient.de\\\/\"},{\"@type\":\"ListItem\",\"position\":2,\"name\":\"Preisreduktion des iPad der 10. Generation\"}]},{\"@type\":\"WebSite\",\"@id\":\"https:\\\/\\\/www.apfelpatient.de\\\/#website\",\"url\":\"https:\\\/\\\/www.apfelpatient.de\\\/\",\"name\":\"Apfelpatient\",\"description\":\"Alles rund um Apple!\",\"publisher\":{\"@type\":\"Organization\",\"@id\":\"https:\\\/\\\/www.apfelpatient.de\\\/en\\\/#organization\",\"name\":\"Apfelpatient\",\"url\":\"https:\\\/\\\/www.apfelpatient.de\\\/en\\\/\"},\"alternateName\":\"Apfelpatient\",\"potentialAction\":[{\"@type\":\"SearchAction\",\"target\":{\"@type\":\"EntryPoint\",\"urlTemplate\":\"https:\\\/\\\/www.apfelpatient.de\\\/?s={search_term_string}\"},\"query-input\":{\"@type\":\"PropertyValueSpecification\",\"valueRequired\":true,\"valueName\":\"search_term_string\"}}],\"inLanguage\":\"en-US\"},{\"@type\":[\"Person\",\"Organization\"],\"@id\":\"https:\\\/\\\/www.apfelpatient.de\\\/#\\\/schema\\\/person\\\/35b3ddba5832f2bfc7fff5206d4f6b7b\",\"name\":\"Milan\",\"logo\":{\"@id\":\"https:\\\/\\\/www.apfelpatient.de\\\/#\\\/schema\\\/person\\\/image\\\/\"},\"description\":\"Hallo und herzlich willkommen auf meinem Technik-Blog! Als gro\u00dfer Apple-Fan berichte ich hier \u00fcber alles, was mit Apple zu tun hat: von den neuesten News und spannenden Ger\u00fcchten \u00fcber hilfreiche Tipps und Tricks bis hin zu ausf\u00fchrlichen Produkttests. Wenn du genauso technikbegeistert bist wie ich, bist du hier genau richtig!\",\"sameAs\":[\"https:\\\/\\\/www.facebook.com\\\/apfelpatientOfficial\",\"https:\\\/\\\/www.linkedin.com\\\/in\\\/milan-jovicic-42aa0231b\"],\"url\":\"https:\\\/\\\/www.apfelpatient.de\\\/en\\\/author\\\/apfeladmin\"}]}<\/script>\n<!-- \/ Yoast SEO Premium plugin. -->","yoast_head_json":{"title":"Price reduction of the iPad 10th generation Apfelpatient","description":"Now cheaper: The 10th generation iPad offers top features at a lower price. Perfect for creatives and professionals. Don&#039;t miss out!","robots":{"index":"index","follow":"follow","max-snippet":"max-snippet:-1","max-image-preview":"max-image-preview:large","max-video-preview":"max-video-preview:-1"},"canonical":"https:\/\/www.apfelpatient.de\/en\/news\/price-reduction-of-the-ipad-10th-generation","og_locale":"en_US","og_type":"article","og_title":"Preisreduktion des iPad der 10. Generation","og_description":"Jetzt g\u00fcnstiger: Das iPad der 10. Generation bietet Top-Features zu einem niedrigeren Preis. Perfekt f\u00fcr Kreative und Profis. Nicht verpassen!","og_url":"https:\/\/www.apfelpatient.de\/en\/news\/price-reduction-of-the-ipad-10th-generation","og_site_name":"Apfelpatient","article_publisher":"https:\/\/www.facebook.com\/apfelpatientOfficial","article_author":"https:\/\/www.facebook.com\/apfelpatientOfficial","article_published_time":"2024-05-07T17:54:03+00:00","article_modified_time":"2024-05-07T17:54:04+00:00","og_image":[{"width":1600,"height":900,"url":"https:\/\/www.apfelpatient.de\/wp-content\/uploads\/2022\/10\/Apple-iPad-10th-gen-hero-221018.jpg","type":"image\/jpeg"}],"author":"Milan","twitter_card":"summary_large_image","twitter_description":"Jetzt g\u00fcnstiger: Das iPad der 10. Generation bietet Top-Features zu einem niedrigeren Preis. Perfekt f\u00fcr Kreative und Profis. Nicht verpassen!","twitter_misc":{"Written by":"Milan","Est. reading time":"4 minutes"},"schema":{"@context":"https:\/\/schema.org","@graph":[{"@type":"NewsArticle","@id":"https:\/\/www.apfelpatient.de\/news\/preisreduktion-des-ipad-der-10-generation#article","isPartOf":{"@id":"https:\/\/www.apfelpatient.de\/news\/preisreduktion-des-ipad-der-10-generation"},"author":{"@type":"Organization","@id":"https:\/\/www.apfelpatient.de\/en\/#organization","name":"Apfelpatient","url":"https:\/\/www.apfelpatient.de\/en\/"},"headline":"Preisreduktion des iPad der 10. Generation","datePublished":"2024-05-07T17:54:03+00:00","dateModified":"2024-05-07T17:54:04+00:00","mainEntityOfPage":{"@id":"https:\/\/www.apfelpatient.de\/news\/preisreduktion-des-ipad-der-10-generation"},"wordCount":517,"publisher":{"@type":"Organization","@id":"https:\/\/www.apfelpatient.de\/en\/#organization","name":"Apfelpatient","url":"https:\/\/www.apfelpatient.de\/en\/"},"image":{"@id":"https:\/\/www.apfelpatient.de\/news\/preisreduktion-des-ipad-der-10-generation#primaryimage"},"thumbnailUrl":"https:\/\/www.apfelpatient.de\/wp-content\/uploads\/2022\/10\/Apple-iPad-10th-gen-hero-221018.jpg","keywords":["iPad"],"articleSection":"News","inLanguage":"en-US","copyrightYear":"2024","copyrightHolder":{"@id":"https:\/\/www.apfelpatient.de\/en\/#organization"}},{"@type":"WebPage","@id":"https:\/\/www.apfelpatient.de\/news\/preisreduktion-des-ipad-der-10-generation","url":"https:\/\/www.apfelpatient.de\/news\/preisreduktion-des-ipad-der-10-generation","name":"Price reduction of the iPad 10th generation Apfelpatient","isPartOf":{"@id":"https:\/\/www.apfelpatient.de\/#website"},"primaryImageOfPage":{"@id":"https:\/\/www.apfelpatient.de\/news\/preisreduktion-des-ipad-der-10-generation#primaryimage"},"image":{"@id":"https:\/\/www.apfelpatient.de\/news\/preisreduktion-des-ipad-der-10-generation#primaryimage"},"thumbnailUrl":"https:\/\/www.apfelpatient.de\/wp-content\/uploads\/2022\/10\/Apple-iPad-10th-gen-hero-221018.jpg","datePublished":"2024-05-07T17:54:03+00:00","dateModified":"2024-05-07T17:54:04+00:00","description":"Now cheaper: The 10th generation iPad offers top features at a lower price. Perfect for creatives and professionals. Don&#039;t miss out!","breadcrumb":{"@id":"https:\/\/www.apfelpatient.de\/news\/preisreduktion-des-ipad-der-10-generation#breadcrumb"},"inLanguage":"en-US","potentialAction":[{"@type":"ReadAction","target":["https:\/\/www.apfelpatient.de\/news\/preisreduktion-des-ipad-der-10-generation"]}]},{"@type":"ImageObject","inLanguage":"en-US","@id":"https:\/\/www.apfelpatient.de\/news\/preisreduktion-des-ipad-der-10-generation#primaryimage","url":"https:\/\/www.apfelpatient.de\/wp-content\/uploads\/2022\/10\/Apple-iPad-10th-gen-hero-221018.jpg","contentUrl":"https:\/\/www.apfelpatient.de\/wp-content\/uploads\/2022\/10\/Apple-iPad-10th-gen-hero-221018.jpg","width":1600,"height":900,"caption":"Bild: Apple - iPad 10"},{"@type":"BreadcrumbList","@id":"https:\/\/www.apfelpatient.de\/news\/preisreduktion-des-ipad-der-10-generation#breadcrumb","itemListElement":[{"@type":"ListItem","position":1,"name":"Startseite","item":"https:\/\/www.apfelpatient.de\/"},{"@type":"ListItem","position":2,"name":"Preisreduktion des iPad der 10. Generation"}]},{"@type":"WebSite","@id":"https:\/\/www.apfelpatient.de\/#website","url":"https:\/\/www.apfelpatient.de\/","name":"apple patient","description":"Everything about Apple!","publisher":{"@type":"Organization","@id":"https:\/\/www.apfelpatient.de\/en\/#organization","name":"Apfelpatient","url":"https:\/\/www.apfelpatient.de\/en\/"},"alternateName":"Apfelpatient","potentialAction":[{"@type":"SearchAction","target":{"@type":"EntryPoint","urlTemplate":"https:\/\/www.apfelpatient.de\/?s={search_term_string}"},"query-input":{"@type":"PropertyValueSpecification","valueRequired":true,"valueName":"search_term_string"}}],"inLanguage":"en-US"},{"@type":["Person","Organization"],"@id":"https:\/\/www.apfelpatient.de\/#\/schema\/person\/35b3ddba5832f2bfc7fff5206d4f6b7b","name":"Milan","logo":{"@id":"https:\/\/www.apfelpatient.de\/#\/schema\/person\/image\/"},"description":"Hello and welcome to my technology blog! As a big Apple fan, I report on everything to do with Apple: from the latest news and exciting rumors to helpful tips and tricks and detailed product tests. If you are as enthusiastic about technology as I am, you have come to the right place!","sameAs":["https:\/\/www.facebook.com\/apfelpatientOfficial","https:\/\/www.linkedin.com\/in\/milan-jovicic-42aa0231b"],"url":"https:\/\/www.apfelpatient.de\/en\/author\/apfeladmin"}]}},"_links":{"self":[{"href":"https:\/\/www.apfelpatient.de\/en\/wp-json\/wp\/v2\/posts\/43651","targetHints":{"allow":["GET"]}}],"collection":[{"href":"https:\/\/www.apfelpatient.de\/en\/wp-json\/wp\/v2\/posts"}],"about":[{"href":"https:\/\/www.apfelpatient.de\/en\/wp-json\/wp\/v2\/types\/post"}],"author":[{"embeddable":true,"href":"https:\/\/www.apfelpatient.de\/en\/wp-json\/wp\/v2\/users\/2"}],"replies":[{"embeddable":true,"href":"https:\/\/www.apfelpatient.de\/en\/wp-json\/wp\/v2\/comments?post=43651"}],"version-history":[{"count":0,"href":"https:\/\/www.apfelpatient.de\/en\/wp-json\/wp\/v2\/posts\/43651\/revisions"}],"wp:featuredmedia":[{"embeddable":true,"href":"https:\/\/www.apfelpatient.de\/en\/wp-json\/wp\/v2\/media\/34726"}],"wp:attachment":[{"href":"https:\/\/www.apfelpatient.de\/en\/wp-json\/wp\/v2\/media?parent=43651"}],"wp:term":[{"taxonomy":"category","embeddable":true,"href":"https:\/\/www.apfelpatient.de\/en\/wp-json\/wp\/v2\/categories?post=43651"},{"taxonomy":"post_tag","embeddable":true,"href":"https:\/\/www.apfelpatient.de\/en\/wp-json\/wp\/v2\/tags?post=43651"}],"curies":[{"name":"wp","href":"https:\/\/api.w.org\/{rel}","templated":true}]}}