{"id":43648,"date":"2024-05-07T19:23:00","date_gmt":"2024-05-07T17:23:00","guid":{"rendered":"https:\/\/www.apfelpatient.de\/?p=43648"},"modified":"2024-05-07T19:23:01","modified_gmt":"2024-05-07T17:23:01","slug":"technological-premiere-let-loose-event-with-ipad-cut","status":"publish","type":"post","link":"https:\/\/www.apfelpatient.de\/en\/news\/technologische-premiere-let-loose-event-mit-ipad-schnitt","title":{"rendered":"Technological premiere: \u201cLet Loose\u201d event with iPad editing"},"content":{"rendered":"<p class=\"has-drop-cap\"><strong>Apple is setting new standards in digital media creation with the &quot;Let Loose&quot; event, the first time Final Cut Pro was used on an iPad. This marks a turning point in the use of Apple&#039;s technology in the creative process.<\/strong><\/p>\n\n\n\n<p>What was special about the &quot;Let Loose&quot; event was that some of the event material was edited directly on an iPad, a first that underlines Apple&#039;s move towards a comprehensive mobile production environment. Final Cut Pro, previously the domain of Macs, showed its full potential on the iPad.<\/p>\n\n\n\n<h3 class=\"wp-block-heading\" id=\"h-innovationen-bei-ipad-air-und-ipad-pro\">Innovations in iPad Air and iPad Pro<\/h3>\n\n\n\n<p>The focus of the event was the <a href=\"https:\/\/www.apple.com\/newsroom\/\" target=\"_blank\" rel=\"noreferrer noopener\">ideas<\/a> the latest iPad Air and iPad Pro models. These devices not only offer improved hardware but also new features that make them powerful tools for video producers.<\/p>\n\n\n\n<h3 class=\"wp-block-heading\" id=\"h-einsatz-von-final-cut-pro-auf-dem-ipad\">Using Final Cut Pro on the iPad<\/h3>\n\n\n\n<p>Final Cut Pro significantly expands the capabilities of the iPad Pro by bringing professional editing software to the tablet. Users can now sync up to four iOS devices via the Final Cut Camera app and edit the material directly on the iPad.<\/p>\n\n\n\n<h3 class=\"wp-block-heading\" id=\"h-filmaufnahmen-komplett-auf-apple-geraten\">filming entirely on Apple devices<\/h3>\n\n\n\n<p>It is also interesting to note that both the filming and editing of the event was done on Apple devices. The final card confirmed that the footage was filmed on an iPhone and the editing was done on the Mac and iPad. This repeats the practice of the \u201cScary Fast\u201d event, <a href=\"https:\/\/www.apfelpatient.de\/en\/news\/scary-fast-apple-event-recorded-with-iphone-15-pro-max\">which was also filmed entirely with an iPhone 15 Pro Max<\/a>.<\/p>\n\n\n\n<h3 class=\"wp-block-heading\" id=\"h-let-loose-ein-meilenstein-in-apples-technologiegeschichte\">\u201cLet Loose\u201d: A milestone in Apple\u2019s technology history<\/h3>\n\n\n\n<p>The &quot;Let Loose&quot; event impressively demonstrates how Apple continues to blur the lines between professional and personal technology. The event not only shows the advanced capabilities of the new iPads, but also how Apple seamlessly integrates its devices into creative and productive workflows. This event could be a harbinger of what future productions will look like - mobile, flexible and completely digital. With the &quot;Let Loose&quot; event, Apple has once again proven that it is at the forefront of technological development and offers solutions that are both innovative and user-friendly. This is a clear signal to all creatives to explore the potential of these new tools and integrate them into their work processes. (Image: Apple)<\/p>\n\n\n\n<ul class=\"wp-block-list\">\n<li><a href=\"https:\/\/www.apfelpatient.de\/en\/news\/the-groundbreaking-m4-chip-the-heart-of-the-new-ipad-pro\">The groundbreaking M4 chip \u2013 the heart of the new iPad Pro<\/a><\/li>\n\n\n\n<li><a href=\"https:\/\/www.apfelpatient.de\/en\/news\/the-new-ipad-pro-a-breakthrough-in-technology-and-design\">The new iPad Pro \u2013 A breakthrough in technology and design<\/a><\/li>\n\n\n\n<li><a href=\"https:\/\/www.apfelpatient.de\/en\/news\/the-new-ipad-air-a-revolution-in-size-and-performance\">The new iPad Air: A revolution in size and performance<\/a><\/li>\n\n\n\n<li><a href=\"https:\/\/www.apfelpatient.de\/en\/news\/final-cut-pro-and-logic-pro-important-updates-for-the-ipad\">Final Cut Pro and Logic Pro: Important updates for the iPad<\/a><\/li>\n\n\n\n<li><a href=\"https:\/\/www.apfelpatient.de\/en\/news\/apple-introduces-the-new-magic-keyboard-for-the-m4-ipad-pro\">Apple introduces the new Magic Keyboard for the M4 iPad Pro<\/a><\/li>\n\n\n\n<li><a href=\"https:\/\/www.apfelpatient.de\/en\/news\/apple-pencil-pro-all-new-features-at-a-glance\">Apple Pencil Pro: All new features at a glance<\/a><\/li>\n<\/ul>\n\n\n\n<h6 class=\"wp-block-heading translation-block\" id=\"h-kennt-ihr-schon-unsere-amazon-storefront-dort-findet-ihr-eine-handverlesene-auswahl-von-diversen-produkten-f-r-euer-iphone-und-co-viel-spa-beim-st-bern\"><em>Have you already visited our Amazon Storefront? There you&#039;ll find a hand-picked selection of various products for your iPhone and other devices \u2013 <span class=\"has-inline-color has-vivid-red-color\"><a href=\"https:\/\/www.amazon.de\/shop\/apfelpatientofficial\" class=\"ek-link\" data-wpel-link=\"exclude\" rel=\"follow noopener\" target=\"_self\"><span style=\"text-decoration: underline\" class=\"ek-underline\">enjoy browsing<\/span><\/a> !<\/span><\/em><\/h6>\n\n\n\n<h6 class=\"wp-block-heading translation-block\" id=\"h-der-beitrag-enthalt-partnerlinks\">This post contains <a data-type=\"URL\" data-id=\"https:\/\/www.apfelpatient.de\/partnerprogramm\" href=\"https:\/\/www.apfelpatient.de\/en\/partner-program\" data-wpel-link=\"internal\" target=\"_self\">affiliate links<\/a>.<\/h6>","protected":false},"excerpt":{"rendered":"<p>&quot;Let Loose&quot; event: Apple breaks the boundaries between professional and personal tech. Learn more about iPad&#039;s new role<\/p>","protected":false},"author":2,"featured_media":43259,"comment_status":"closed","ping_status":"closed","sticky":false,"template":"","format":"standard","meta":{"jnews-multi-image_gallery":[],"jnews_single_post":{"subtitle":"","format":"standard","video":"","gallery":"","source_name":"","source_url":"","via_name":"","via_url":"","override_template":"0","override":[{"template":"4","single_blog_custom":"","parallax":"1","fullscreen":"1","layout":"right-sidebar","sidebar":"default-sidebar","second_sidebar":"default-sidebar","sticky_sidebar":"1","share_position":"top","share_float_style":"share-monocrhome","show_share_counter":"0","show_view_counter":"0","show_featured":"1","show_post_meta":"1","show_post_author":"1","show_post_author_image":"1","show_post_date":"1","post_date_format":"default","post_date_format_custom":"Y\/m\/d","show_post_category":"1","show_post_reading_time":"0","post_reading_time_wpm":"300","show_zoom_button":"0","zoom_button_out_step":"2","zoom_button_in_step":"3","show_post_tag":"1","show_prev_next_post":"1","show_popup_post":"1","number_popup_post":"1","show_author_box":"0","show_post_related":"0","show_inline_post_related":"0"}],"override_image_size":"0","image_override":[{"single_post_thumbnail_size":"crop-500","single_post_gallery_size":"crop-500"}],"trending_post":"0","trending_post_position":"meta","trending_post_label":"Trending","sponsored_post":"0","sponsored_post_label":"Sponsored by","sponsored_post_name":"","sponsored_post_url":"","sponsored_post_logo_enable":"0","sponsored_post_logo":"","sponsored_post_desc":"","disable_ad":"0"},"jnews_primary_category":{"id":"9","hide":""},"footnotes":""},"categories":[9],"tags":[18,33],"class_list":["post-43648","post","type-post","status-publish","format-standard","has-post-thumbnail","hentry","category-news","tag-ipad","tag-ipados"],"yoast_head":"<!-- This site is optimized with the Yoast SEO Premium plugin v27.5 (Yoast SEO v27.5) - https:\/\/yoast.com\/product\/yoast-seo-premium-wordpress\/ -->\n<title>Technologische Premiere: \u201eLet Loose\u201c-Event mit iPad-Schnitt Apfelpatient<\/title>\n<meta name=\"description\" content=\"\u201eLet Loose\u201c-Event: Apple bricht die Grenzen zwischen Profi- und Personal Tech. Erfahre mehr \u00fcber iPad\u2019s neue Rolle\" \/>\n<meta name=\"robots\" content=\"index, follow, max-snippet:-1, max-image-preview:large, max-video-preview:-1\" \/>\n<link rel=\"canonical\" href=\"https:\/\/www.apfelpatient.de\/en\/news\/technological-premiere-let-loose-event-with-ipad-cut\" \/>\n<meta property=\"og:locale\" content=\"en_US\" \/>\n<meta property=\"og:type\" content=\"article\" \/>\n<meta property=\"og:title\" content=\"Technologische Premiere: \u201eLet Loose\u201c-Event mit iPad-Schnitt\" \/>\n<meta property=\"og:description\" content=\"\u201eLet Loose\u201c-Event: Apple bricht die Grenzen zwischen Profi- und Personal Tech. Erfahre mehr \u00fcber iPad\u2019s neue Rolle\" \/>\n<meta property=\"og:url\" content=\"https:\/\/www.apfelpatient.de\/en\/news\/technological-premiere-let-loose-event-with-ipad-cut\" \/>\n<meta property=\"og:site_name\" content=\"Apfelpatient\" \/>\n<meta property=\"article:publisher\" content=\"https:\/\/www.facebook.com\/apfelpatientOfficial\" \/>\n<meta property=\"article:author\" content=\"https:\/\/www.facebook.com\/apfelpatientOfficial\" \/>\n<meta property=\"article:published_time\" content=\"2024-05-07T17:23:00+00:00\" \/>\n<meta property=\"article:modified_time\" content=\"2024-05-07T17:23:01+00:00\" \/>\n<meta property=\"og:image\" content=\"https:\/\/www.apfelpatient.de\/wp-content\/uploads\/2024\/04\/Nicht-benannt-2.jpeg\" \/>\n\t<meta property=\"og:image:width\" content=\"1600\" \/>\n\t<meta property=\"og:image:height\" content=\"900\" \/>\n\t<meta property=\"og:image:type\" content=\"image\/jpeg\" \/>\n<meta name=\"author\" content=\"Milan\" \/>\n<meta name=\"twitter:card\" content=\"summary_large_image\" \/>\n<meta name=\"twitter:description\" content=\"\u201eLet Loose\u201c-Event: Apple bricht die Grenzen zwischen Profi- und Personal Tech. Erfahre mehr \u00fcber iPad\u2019s neue Rolle\" \/>\n<meta name=\"twitter:label1\" content=\"Written by\" \/>\n\t<meta name=\"twitter:data1\" content=\"Milan\" \/>\n\t<meta name=\"twitter:label2\" content=\"Est. reading time\" \/>\n\t<meta name=\"twitter:data2\" content=\"3 minutes\" \/>\n<script type=\"application\/ld+json\" class=\"yoast-schema-graph\">{\"@context\":\"https:\\\/\\\/schema.org\",\"@graph\":[{\"@type\":\"NewsArticle\",\"@id\":\"https:\\\/\\\/www.apfelpatient.de\\\/news\\\/technologische-premiere-let-loose-event-mit-ipad-schnitt#article\",\"isPartOf\":{\"@id\":\"https:\\\/\\\/www.apfelpatient.de\\\/news\\\/technologische-premiere-let-loose-event-mit-ipad-schnitt\"},\"author\":{\"@type\":\"Organization\",\"@id\":\"https:\\\/\\\/www.apfelpatient.de\\\/en\\\/#organization\",\"name\":\"Apfelpatient\",\"url\":\"https:\\\/\\\/www.apfelpatient.de\\\/en\\\/\"},\"headline\":\"Technologische Premiere: \u201eLet Loose\u201c-Event mit iPad-Schnitt\",\"datePublished\":\"2024-05-07T17:23:00+00:00\",\"dateModified\":\"2024-05-07T17:23:01+00:00\",\"mainEntityOfPage\":{\"@id\":\"https:\\\/\\\/www.apfelpatient.de\\\/news\\\/technologische-premiere-let-loose-event-mit-ipad-schnitt\"},\"wordCount\":442,\"publisher\":{\"@type\":\"Organization\",\"@id\":\"https:\\\/\\\/www.apfelpatient.de\\\/en\\\/#organization\",\"name\":\"Apfelpatient\",\"url\":\"https:\\\/\\\/www.apfelpatient.de\\\/en\\\/\"},\"image\":{\"@id\":\"https:\\\/\\\/www.apfelpatient.de\\\/news\\\/technologische-premiere-let-loose-event-mit-ipad-schnitt#primaryimage\"},\"thumbnailUrl\":\"https:\\\/\\\/www.apfelpatient.de\\\/wp-content\\\/uploads\\\/2024\\\/04\\\/Nicht-benannt-2.jpeg\",\"keywords\":[\"iPad\",\"iPadOS\"],\"articleSection\":\"News\",\"inLanguage\":\"en-US\",\"copyrightYear\":\"2024\",\"copyrightHolder\":{\"@id\":\"https:\\\/\\\/www.apfelpatient.de\\\/en\\\/#organization\"}},{\"@type\":\"WebPage\",\"@id\":\"https:\\\/\\\/www.apfelpatient.de\\\/news\\\/technologische-premiere-let-loose-event-mit-ipad-schnitt\",\"url\":\"https:\\\/\\\/www.apfelpatient.de\\\/news\\\/technologische-premiere-let-loose-event-mit-ipad-schnitt\",\"name\":\"Technologische Premiere: \u201eLet Loose\u201c-Event mit iPad-Schnitt Apfelpatient\",\"isPartOf\":{\"@id\":\"https:\\\/\\\/www.apfelpatient.de\\\/#website\"},\"primaryImageOfPage\":{\"@id\":\"https:\\\/\\\/www.apfelpatient.de\\\/news\\\/technologische-premiere-let-loose-event-mit-ipad-schnitt#primaryimage\"},\"image\":{\"@id\":\"https:\\\/\\\/www.apfelpatient.de\\\/news\\\/technologische-premiere-let-loose-event-mit-ipad-schnitt#primaryimage\"},\"thumbnailUrl\":\"https:\\\/\\\/www.apfelpatient.de\\\/wp-content\\\/uploads\\\/2024\\\/04\\\/Nicht-benannt-2.jpeg\",\"datePublished\":\"2024-05-07T17:23:00+00:00\",\"dateModified\":\"2024-05-07T17:23:01+00:00\",\"description\":\"\u201eLet Loose\u201c-Event: Apple bricht die Grenzen zwischen Profi- und Personal Tech. Erfahre mehr \u00fcber iPad\u2019s neue Rolle\",\"breadcrumb\":{\"@id\":\"https:\\\/\\\/www.apfelpatient.de\\\/news\\\/technologische-premiere-let-loose-event-mit-ipad-schnitt#breadcrumb\"},\"inLanguage\":\"en-US\",\"potentialAction\":[{\"@type\":\"ReadAction\",\"target\":[\"https:\\\/\\\/www.apfelpatient.de\\\/news\\\/technologische-premiere-let-loose-event-mit-ipad-schnitt\"]}]},{\"@type\":\"ImageObject\",\"inLanguage\":\"en-US\",\"@id\":\"https:\\\/\\\/www.apfelpatient.de\\\/news\\\/technologische-premiere-let-loose-event-mit-ipad-schnitt#primaryimage\",\"url\":\"https:\\\/\\\/www.apfelpatient.de\\\/wp-content\\\/uploads\\\/2024\\\/04\\\/Nicht-benannt-2.jpeg\",\"contentUrl\":\"https:\\\/\\\/www.apfelpatient.de\\\/wp-content\\\/uploads\\\/2024\\\/04\\\/Nicht-benannt-2.jpeg\",\"width\":1600,\"height\":900,\"caption\":\"Bild: Apple\"},{\"@type\":\"BreadcrumbList\",\"@id\":\"https:\\\/\\\/www.apfelpatient.de\\\/news\\\/technologische-premiere-let-loose-event-mit-ipad-schnitt#breadcrumb\",\"itemListElement\":[{\"@type\":\"ListItem\",\"position\":1,\"name\":\"Startseite\",\"item\":\"https:\\\/\\\/www.apfelpatient.de\\\/\"},{\"@type\":\"ListItem\",\"position\":2,\"name\":\"Technologische Premiere: \u201eLet Loose\u201c-Event mit iPad-Schnitt\"}]},{\"@type\":\"WebSite\",\"@id\":\"https:\\\/\\\/www.apfelpatient.de\\\/#website\",\"url\":\"https:\\\/\\\/www.apfelpatient.de\\\/\",\"name\":\"Apfelpatient\",\"description\":\"Alles rund um Apple!\",\"publisher\":{\"@type\":\"Organization\",\"@id\":\"https:\\\/\\\/www.apfelpatient.de\\\/en\\\/#organization\",\"name\":\"Apfelpatient\",\"url\":\"https:\\\/\\\/www.apfelpatient.de\\\/en\\\/\"},\"alternateName\":\"Apfelpatient\",\"potentialAction\":[{\"@type\":\"SearchAction\",\"target\":{\"@type\":\"EntryPoint\",\"urlTemplate\":\"https:\\\/\\\/www.apfelpatient.de\\\/?s={search_term_string}\"},\"query-input\":{\"@type\":\"PropertyValueSpecification\",\"valueRequired\":true,\"valueName\":\"search_term_string\"}}],\"inLanguage\":\"en-US\"},{\"@type\":[\"Person\",\"Organization\"],\"@id\":\"https:\\\/\\\/www.apfelpatient.de\\\/#\\\/schema\\\/person\\\/35b3ddba5832f2bfc7fff5206d4f6b7b\",\"name\":\"Milan\",\"logo\":{\"@id\":\"https:\\\/\\\/www.apfelpatient.de\\\/#\\\/schema\\\/person\\\/image\\\/\"},\"description\":\"Hallo und herzlich willkommen auf meinem Technik-Blog! Als gro\u00dfer Apple-Fan berichte ich hier \u00fcber alles, was mit Apple zu tun hat: von den neuesten News und spannenden Ger\u00fcchten \u00fcber hilfreiche Tipps und Tricks bis hin zu ausf\u00fchrlichen Produkttests. Wenn du genauso technikbegeistert bist wie ich, bist du hier genau richtig!\",\"sameAs\":[\"https:\\\/\\\/www.facebook.com\\\/apfelpatientOfficial\",\"https:\\\/\\\/www.linkedin.com\\\/in\\\/milan-jovicic-42aa0231b\"],\"url\":\"https:\\\/\\\/www.apfelpatient.de\\\/en\\\/author\\\/apfeladmin\"}]}<\/script>\n<!-- \/ Yoast SEO Premium plugin. -->","yoast_head_json":{"title":"Technological premiere: \u201cLet Loose\u201d event with iPad editing Apfelpatient","description":"&quot;Let Loose&quot; event: Apple breaks the boundaries between professional and personal tech. Learn more about iPad&#039;s new role","robots":{"index":"index","follow":"follow","max-snippet":"max-snippet:-1","max-image-preview":"max-image-preview:large","max-video-preview":"max-video-preview:-1"},"canonical":"https:\/\/www.apfelpatient.de\/en\/news\/technological-premiere-let-loose-event-with-ipad-cut","og_locale":"en_US","og_type":"article","og_title":"Technologische Premiere: \u201eLet Loose\u201c-Event mit iPad-Schnitt","og_description":"\u201eLet Loose\u201c-Event: Apple bricht die Grenzen zwischen Profi- und Personal Tech. Erfahre mehr \u00fcber iPad\u2019s neue Rolle","og_url":"https:\/\/www.apfelpatient.de\/en\/news\/technological-premiere-let-loose-event-with-ipad-cut","og_site_name":"Apfelpatient","article_publisher":"https:\/\/www.facebook.com\/apfelpatientOfficial","article_author":"https:\/\/www.facebook.com\/apfelpatientOfficial","article_published_time":"2024-05-07T17:23:00+00:00","article_modified_time":"2024-05-07T17:23:01+00:00","og_image":[{"width":1600,"height":900,"url":"https:\/\/www.apfelpatient.de\/wp-content\/uploads\/2024\/04\/Nicht-benannt-2.jpeg","type":"image\/jpeg"}],"author":"Milan","twitter_card":"summary_large_image","twitter_description":"\u201eLet Loose\u201c-Event: Apple bricht die Grenzen zwischen Profi- und Personal Tech. Erfahre mehr \u00fcber iPad\u2019s neue Rolle","twitter_misc":{"Written by":"Milan","Est. reading time":"3 minutes"},"schema":{"@context":"https:\/\/schema.org","@graph":[{"@type":"NewsArticle","@id":"https:\/\/www.apfelpatient.de\/news\/technologische-premiere-let-loose-event-mit-ipad-schnitt#article","isPartOf":{"@id":"https:\/\/www.apfelpatient.de\/news\/technologische-premiere-let-loose-event-mit-ipad-schnitt"},"author":{"@type":"Organization","@id":"https:\/\/www.apfelpatient.de\/en\/#organization","name":"Apfelpatient","url":"https:\/\/www.apfelpatient.de\/en\/"},"headline":"Technologische Premiere: \u201eLet Loose\u201c-Event mit iPad-Schnitt","datePublished":"2024-05-07T17:23:00+00:00","dateModified":"2024-05-07T17:23:01+00:00","mainEntityOfPage":{"@id":"https:\/\/www.apfelpatient.de\/news\/technologische-premiere-let-loose-event-mit-ipad-schnitt"},"wordCount":442,"publisher":{"@type":"Organization","@id":"https:\/\/www.apfelpatient.de\/en\/#organization","name":"Apfelpatient","url":"https:\/\/www.apfelpatient.de\/en\/"},"image":{"@id":"https:\/\/www.apfelpatient.de\/news\/technologische-premiere-let-loose-event-mit-ipad-schnitt#primaryimage"},"thumbnailUrl":"https:\/\/www.apfelpatient.de\/wp-content\/uploads\/2024\/04\/Nicht-benannt-2.jpeg","keywords":["iPad","iPadOS"],"articleSection":"News","inLanguage":"en-US","copyrightYear":"2024","copyrightHolder":{"@id":"https:\/\/www.apfelpatient.de\/en\/#organization"}},{"@type":"WebPage","@id":"https:\/\/www.apfelpatient.de\/news\/technologische-premiere-let-loose-event-mit-ipad-schnitt","url":"https:\/\/www.apfelpatient.de\/news\/technologische-premiere-let-loose-event-mit-ipad-schnitt","name":"Technological premiere: \u201cLet Loose\u201d event with iPad editing Apfelpatient","isPartOf":{"@id":"https:\/\/www.apfelpatient.de\/#website"},"primaryImageOfPage":{"@id":"https:\/\/www.apfelpatient.de\/news\/technologische-premiere-let-loose-event-mit-ipad-schnitt#primaryimage"},"image":{"@id":"https:\/\/www.apfelpatient.de\/news\/technologische-premiere-let-loose-event-mit-ipad-schnitt#primaryimage"},"thumbnailUrl":"https:\/\/www.apfelpatient.de\/wp-content\/uploads\/2024\/04\/Nicht-benannt-2.jpeg","datePublished":"2024-05-07T17:23:00+00:00","dateModified":"2024-05-07T17:23:01+00:00","description":"&quot;Let Loose&quot; event: Apple breaks the boundaries between professional and personal tech. Learn more about iPad&#039;s new role","breadcrumb":{"@id":"https:\/\/www.apfelpatient.de\/news\/technologische-premiere-let-loose-event-mit-ipad-schnitt#breadcrumb"},"inLanguage":"en-US","potentialAction":[{"@type":"ReadAction","target":["https:\/\/www.apfelpatient.de\/news\/technologische-premiere-let-loose-event-mit-ipad-schnitt"]}]},{"@type":"ImageObject","inLanguage":"en-US","@id":"https:\/\/www.apfelpatient.de\/news\/technologische-premiere-let-loose-event-mit-ipad-schnitt#primaryimage","url":"https:\/\/www.apfelpatient.de\/wp-content\/uploads\/2024\/04\/Nicht-benannt-2.jpeg","contentUrl":"https:\/\/www.apfelpatient.de\/wp-content\/uploads\/2024\/04\/Nicht-benannt-2.jpeg","width":1600,"height":900,"caption":"Bild: Apple"},{"@type":"BreadcrumbList","@id":"https:\/\/www.apfelpatient.de\/news\/technologische-premiere-let-loose-event-mit-ipad-schnitt#breadcrumb","itemListElement":[{"@type":"ListItem","position":1,"name":"Startseite","item":"https:\/\/www.apfelpatient.de\/"},{"@type":"ListItem","position":2,"name":"Technologische Premiere: \u201eLet Loose\u201c-Event mit iPad-Schnitt"}]},{"@type":"WebSite","@id":"https:\/\/www.apfelpatient.de\/#website","url":"https:\/\/www.apfelpatient.de\/","name":"apple patient","description":"Everything about Apple!","publisher":{"@type":"Organization","@id":"https:\/\/www.apfelpatient.de\/en\/#organization","name":"Apfelpatient","url":"https:\/\/www.apfelpatient.de\/en\/"},"alternateName":"Apfelpatient","potentialAction":[{"@type":"SearchAction","target":{"@type":"EntryPoint","urlTemplate":"https:\/\/www.apfelpatient.de\/?s={search_term_string}"},"query-input":{"@type":"PropertyValueSpecification","valueRequired":true,"valueName":"search_term_string"}}],"inLanguage":"en-US"},{"@type":["Person","Organization"],"@id":"https:\/\/www.apfelpatient.de\/#\/schema\/person\/35b3ddba5832f2bfc7fff5206d4f6b7b","name":"Milan","logo":{"@id":"https:\/\/www.apfelpatient.de\/#\/schema\/person\/image\/"},"description":"Hello and welcome to my technology blog! As a big Apple fan, I report on everything to do with Apple: from the latest news and exciting rumors to helpful tips and tricks and detailed product tests. If you are as enthusiastic about technology as I am, you have come to the right place!","sameAs":["https:\/\/www.facebook.com\/apfelpatientOfficial","https:\/\/www.linkedin.com\/in\/milan-jovicic-42aa0231b"],"url":"https:\/\/www.apfelpatient.de\/en\/author\/apfeladmin"}]}},"_links":{"self":[{"href":"https:\/\/www.apfelpatient.de\/en\/wp-json\/wp\/v2\/posts\/43648","targetHints":{"allow":["GET"]}}],"collection":[{"href":"https:\/\/www.apfelpatient.de\/en\/wp-json\/wp\/v2\/posts"}],"about":[{"href":"https:\/\/www.apfelpatient.de\/en\/wp-json\/wp\/v2\/types\/post"}],"author":[{"embeddable":true,"href":"https:\/\/www.apfelpatient.de\/en\/wp-json\/wp\/v2\/users\/2"}],"replies":[{"embeddable":true,"href":"https:\/\/www.apfelpatient.de\/en\/wp-json\/wp\/v2\/comments?post=43648"}],"version-history":[{"count":0,"href":"https:\/\/www.apfelpatient.de\/en\/wp-json\/wp\/v2\/posts\/43648\/revisions"}],"wp:featuredmedia":[{"embeddable":true,"href":"https:\/\/www.apfelpatient.de\/en\/wp-json\/wp\/v2\/media\/43259"}],"wp:attachment":[{"href":"https:\/\/www.apfelpatient.de\/en\/wp-json\/wp\/v2\/media?parent=43648"}],"wp:term":[{"taxonomy":"category","embeddable":true,"href":"https:\/\/www.apfelpatient.de\/en\/wp-json\/wp\/v2\/categories?post=43648"},{"taxonomy":"post_tag","embeddable":true,"href":"https:\/\/www.apfelpatient.de\/en\/wp-json\/wp\/v2\/tags?post=43648"}],"curies":[{"name":"wp","href":"https:\/\/api.w.org\/{rel}","templated":true}]}}