{"id":43595,"date":"2024-05-07T13:53:52","date_gmt":"2024-05-07T11:53:52","guid":{"rendered":"https:\/\/www.apfelpatient.de\/?p=43595"},"modified":"2024-05-07T13:53:54","modified_gmt":"2024-05-07T11:53:54","slug":"after-almost-four-decades-gravis-ceases-sales","status":"publish","type":"post","link":"https:\/\/www.apfelpatient.de\/en\/news\/nach-fast-vier-jahrzehnten-gravis-stellt-den-verkaufsbetrieb-ein","title":{"rendered":"After almost four decades: Gravis ceases sales operations"},"content":{"rendered":"<p class=\"has-drop-cap\"><strong>When people in Germany think of Apple products, Gravis inevitably comes to mind. But this era is now coming to an end. After almost four decades of successful business, the Freenet Group, to which Gravis belongs, has announced that sales will cease on June 15, 2024.<\/strong><\/p>\n\n\n\n<p>Since its founding, Gravis has established itself as one of Apple&#039;s leading suppliers and partners in Germany. The news of the store closures has therefore come as a surprise and a source of regret to many customers and employees.<\/p>\n\n\n\n<h3 class=\"wp-block-heading\" id=\"h-auswirkungen-auf-die-kunden\">impact on customers<\/h3>\n\n\n\n<p>With the <a href=\"https:\/\/www.freenet.ag\/content\/presse\/presse-informationen\/pressemitteilungen\/gravis\/2024\/06_mai_gravis-kundigt-ende-des-warenverkaufs-zum-15.-juni-2024-an\" target=\"_blank\" rel=\"noreferrer noopener\">announcement<\/a> The store closure will mark the beginning of a transition period for customers. All products, including Apple hardware, will be sold until June 15, 2024. Customers who still have vouchers should redeem them by this date, as they will no longer be valid after this date. It is equally important to note for those who may still want to order repairs from Gravis: Such orders will only be accepted until May 15. The company guarantees that all repair and warranty claims submitted before this date will be properly processed, even if the stores are already closed.<\/p>\n\n\n\n<h3 class=\"wp-block-heading\" id=\"h-situation-der-mitarbeiter\">situation of the employees<\/h3>\n\n\n\n<p>The closure of Gravis also affects numerous employees who have worked for the company for years. Management and the works council have drawn up a social plan to make the transition phase as smooth as possible for the employees affected. This plan includes severance payments based on length of service and other social factors in order to support employees financially and make the transition to new employment easier for them.<\/p>\n\n\n\n<h3 class=\"wp-block-heading\" id=\"h-gravis-statement-des-vorstands\">Gravis: Statement from the Board of Directors<\/h3>\n\n\n\n<p>Christoph Vilanek, CEO of Freenet AG, commented on the closure of Gravis:<\/p>\n\n\n\n<blockquote class=\"wp-block-quote is-layout-flow wp-block-quote-is-layout-flow\">\n<p>It was not an easy decision to close Gravis. Our employees are the heart of the company and have contributed significantly to its success through their dedication and performance. We feel a great responsibility to treat them fairly and have therefore drawn up a comprehensive social plan.<\/p>\n<\/blockquote>\n\n\n\n<p>The closure of Gravis symbolizes not only the end of a business but also the end of an era in German electronics retail. For customers and employees, this change brings challenges but also opportunities. It is a significant moment that calls on everyone involved to reflect and act. (Image: Freenet Group)<\/p>\n\n\n\n<ul class=\"wp-block-list\">\n<li><a href=\"https:\/\/www.apfelpatient.de\/en\/news\/iphone-15-pro-max-the-new-number-one-worldwide\">iPhone 15 Pro Max: The new number one worldwide<\/a><\/li>\n<\/ul>\n\n\n\n<h6 class=\"wp-block-heading translation-block\" id=\"h-kennt-ihr-schon-unsere-amazon-storefront-dort-findet-ihr-eine-handverlesene-auswahl-von-diversen-produkten-f-r-euer-iphone-und-co-viel-spa-beim-st-bern\"><em>Have you already visited our Amazon Storefront? There you&#039;ll find a hand-picked selection of various products for your iPhone and other devices \u2013 <span class=\"has-inline-color has-vivid-red-color\"><a href=\"https:\/\/www.amazon.de\/shop\/apfelpatientofficial\" class=\"ek-link\" data-wpel-link=\"exclude\" rel=\"follow noopener\" target=\"_self\"><span style=\"text-decoration: underline\" class=\"ek-underline\">enjoy browsing<\/span><\/a> !<\/span><\/em><\/h6>\n\n\n\n<h6 class=\"wp-block-heading translation-block\" id=\"h-der-beitrag-enthalt-partnerlinks\">This post contains <a data-type=\"URL\" data-id=\"https:\/\/www.apfelpatient.de\/partnerprogramm\" href=\"https:\/\/www.apfelpatient.de\/en\/partner-program\" data-wpel-link=\"internal\" target=\"_self\">affiliate links<\/a>.<\/h6>","protected":false},"excerpt":{"rendered":"<p>The clock is ticking: Everything you need to know about Gravis&#039; final days, from product availability to service deadlines. Click here!<\/p>","protected":false},"author":2,"featured_media":43596,"comment_status":"closed","ping_status":"closed","sticky":false,"template":"","format":"standard","meta":{"jnews-multi-image_gallery":[],"jnews_single_post":{"subtitle":"","format":"standard","video":"","gallery":"","source_name":"","source_url":"","via_name":"","via_url":"","override_template":"0","override":[{"template":"4","single_blog_custom":"","parallax":"1","fullscreen":"1","layout":"right-sidebar","sidebar":"default-sidebar","second_sidebar":"default-sidebar","sticky_sidebar":"1","share_position":"top","share_float_style":"share-monocrhome","show_share_counter":"0","show_view_counter":"0","show_featured":"1","show_post_meta":"1","show_post_author":"1","show_post_author_image":"1","show_post_date":"1","post_date_format":"default","post_date_format_custom":"Y\/m\/d","show_post_category":"1","show_post_reading_time":"0","post_reading_time_wpm":"300","show_zoom_button":"0","zoom_button_out_step":"2","zoom_button_in_step":"3","show_post_tag":"1","show_prev_next_post":"1","show_popup_post":"1","number_popup_post":"1","show_author_box":"0","show_post_related":"0","show_inline_post_related":"0"}],"override_image_size":"0","image_override":[{"single_post_thumbnail_size":"crop-500","single_post_gallery_size":"crop-500"}],"trending_post":"0","trending_post_position":"meta","trending_post_label":"Trending","sponsored_post":"0","sponsored_post_label":"Sponsored by","sponsored_post_name":"","sponsored_post_url":"","sponsored_post_logo_enable":"0","sponsored_post_logo":"","sponsored_post_desc":"","disable_ad":"0"},"jnews_primary_category":{"id":"9","hide":""},"footnotes":""},"categories":[9],"tags":[13],"class_list":["post-43595","post","type-post","status-publish","format-standard","has-post-thumbnail","hentry","category-news","tag-techpatient"],"yoast_head":"<!-- This site is optimized with the Yoast SEO Premium plugin v27.5 (Yoast SEO v27.5) - https:\/\/yoast.com\/product\/yoast-seo-premium-wordpress\/ -->\n<title>Nach fast vier Jahrzehnten: Gravis stellt den Verkaufsbetrieb ein Apfelpatient<\/title>\n<meta name=\"description\" content=\"Die Uhr tickt: Alles, was du \u00fcber die letzten Tage von Gravis wissen musst, von Produktverf\u00fcgbarkeit bis zu Servicefristen. Klicke hier!\" \/>\n<meta name=\"robots\" content=\"index, follow, max-snippet:-1, max-image-preview:large, max-video-preview:-1\" \/>\n<link rel=\"canonical\" href=\"https:\/\/www.apfelpatient.de\/en\/news\/after-almost-four-decades-gravis-ceases-sales\" \/>\n<meta property=\"og:locale\" content=\"en_US\" \/>\n<meta property=\"og:type\" content=\"article\" \/>\n<meta property=\"og:title\" content=\"Nach fast vier Jahrzehnten: Gravis stellt den Verkaufsbetrieb ein\" \/>\n<meta property=\"og:description\" content=\"Die Uhr tickt: Alles, was du \u00fcber die letzten Tage von Gravis wissen musst, von Produktverf\u00fcgbarkeit bis zu Servicefristen. Klicke hier!\" \/>\n<meta property=\"og:url\" content=\"https:\/\/www.apfelpatient.de\/en\/news\/after-almost-four-decades-gravis-ceases-sales\" \/>\n<meta property=\"og:site_name\" content=\"Apfelpatient\" \/>\n<meta property=\"article:publisher\" content=\"https:\/\/www.facebook.com\/apfelpatientOfficial\" \/>\n<meta property=\"article:author\" content=\"https:\/\/www.facebook.com\/apfelpatientOfficial\" \/>\n<meta property=\"article:published_time\" content=\"2024-05-07T11:53:52+00:00\" \/>\n<meta property=\"article:modified_time\" content=\"2024-05-07T11:53:54+00:00\" \/>\n<meta property=\"og:image\" content=\"https:\/\/www.apfelpatient.de\/wp-content\/uploads\/2024\/05\/Gravis_Logo_Standard_Fresh_Green_RGB.jpg\" \/>\n\t<meta property=\"og:image:width\" content=\"1600\" \/>\n\t<meta property=\"og:image:height\" content=\"655\" \/>\n\t<meta property=\"og:image:type\" content=\"image\/jpeg\" \/>\n<meta name=\"author\" content=\"Milan\" \/>\n<meta name=\"twitter:card\" content=\"summary_large_image\" \/>\n<meta name=\"twitter:description\" content=\"Die Uhr tickt: Alles, was du \u00fcber die letzten Tage von Gravis wissen musst, von Produktverf\u00fcgbarkeit bis zu Servicefristen. Klicke hier!\" \/>\n<meta name=\"twitter:label1\" content=\"Written by\" \/>\n\t<meta name=\"twitter:data1\" content=\"Milan\" \/>\n\t<meta name=\"twitter:label2\" content=\"Est. reading time\" \/>\n\t<meta name=\"twitter:data2\" content=\"3 minutes\" \/>\n<script type=\"application\/ld+json\" class=\"yoast-schema-graph\">{\"@context\":\"https:\\\/\\\/schema.org\",\"@graph\":[{\"@type\":\"NewsArticle\",\"@id\":\"https:\\\/\\\/www.apfelpatient.de\\\/news\\\/nach-fast-vier-jahrzehnten-gravis-stellt-den-verkaufsbetrieb-ein#article\",\"isPartOf\":{\"@id\":\"https:\\\/\\\/www.apfelpatient.de\\\/news\\\/nach-fast-vier-jahrzehnten-gravis-stellt-den-verkaufsbetrieb-ein\"},\"author\":{\"@type\":\"Organization\",\"@id\":\"https:\\\/\\\/www.apfelpatient.de\\\/en\\\/#organization\",\"name\":\"Apfelpatient\",\"url\":\"https:\\\/\\\/www.apfelpatient.de\\\/en\\\/\"},\"headline\":\"Nach fast vier Jahrzehnten: Gravis stellt den Verkaufsbetrieb ein\",\"datePublished\":\"2024-05-07T11:53:52+00:00\",\"dateModified\":\"2024-05-07T11:53:54+00:00\",\"mainEntityOfPage\":{\"@id\":\"https:\\\/\\\/www.apfelpatient.de\\\/news\\\/nach-fast-vier-jahrzehnten-gravis-stellt-den-verkaufsbetrieb-ein\"},\"wordCount\":414,\"publisher\":{\"@type\":\"Organization\",\"@id\":\"https:\\\/\\\/www.apfelpatient.de\\\/en\\\/#organization\",\"name\":\"Apfelpatient\",\"url\":\"https:\\\/\\\/www.apfelpatient.de\\\/en\\\/\"},\"image\":{\"@id\":\"https:\\\/\\\/www.apfelpatient.de\\\/news\\\/nach-fast-vier-jahrzehnten-gravis-stellt-den-verkaufsbetrieb-ein#primaryimage\"},\"thumbnailUrl\":\"https:\\\/\\\/www.apfelpatient.de\\\/wp-content\\\/uploads\\\/2024\\\/05\\\/Gravis_Logo_Standard_Fresh_Green_RGB.jpg\",\"keywords\":[\"TechPatient\"],\"articleSection\":\"News\",\"inLanguage\":\"en-US\",\"copyrightYear\":\"2024\",\"copyrightHolder\":{\"@id\":\"https:\\\/\\\/www.apfelpatient.de\\\/en\\\/#organization\"}},{\"@type\":\"WebPage\",\"@id\":\"https:\\\/\\\/www.apfelpatient.de\\\/news\\\/nach-fast-vier-jahrzehnten-gravis-stellt-den-verkaufsbetrieb-ein\",\"url\":\"https:\\\/\\\/www.apfelpatient.de\\\/news\\\/nach-fast-vier-jahrzehnten-gravis-stellt-den-verkaufsbetrieb-ein\",\"name\":\"Nach fast vier Jahrzehnten: Gravis stellt den Verkaufsbetrieb ein Apfelpatient\",\"isPartOf\":{\"@id\":\"https:\\\/\\\/www.apfelpatient.de\\\/#website\"},\"primaryImageOfPage\":{\"@id\":\"https:\\\/\\\/www.apfelpatient.de\\\/news\\\/nach-fast-vier-jahrzehnten-gravis-stellt-den-verkaufsbetrieb-ein#primaryimage\"},\"image\":{\"@id\":\"https:\\\/\\\/www.apfelpatient.de\\\/news\\\/nach-fast-vier-jahrzehnten-gravis-stellt-den-verkaufsbetrieb-ein#primaryimage\"},\"thumbnailUrl\":\"https:\\\/\\\/www.apfelpatient.de\\\/wp-content\\\/uploads\\\/2024\\\/05\\\/Gravis_Logo_Standard_Fresh_Green_RGB.jpg\",\"datePublished\":\"2024-05-07T11:53:52+00:00\",\"dateModified\":\"2024-05-07T11:53:54+00:00\",\"description\":\"Die Uhr tickt: Alles, was du \u00fcber die letzten Tage von Gravis wissen musst, von Produktverf\u00fcgbarkeit bis zu Servicefristen. Klicke hier!\",\"breadcrumb\":{\"@id\":\"https:\\\/\\\/www.apfelpatient.de\\\/news\\\/nach-fast-vier-jahrzehnten-gravis-stellt-den-verkaufsbetrieb-ein#breadcrumb\"},\"inLanguage\":\"en-US\",\"potentialAction\":[{\"@type\":\"ReadAction\",\"target\":[\"https:\\\/\\\/www.apfelpatient.de\\\/news\\\/nach-fast-vier-jahrzehnten-gravis-stellt-den-verkaufsbetrieb-ein\"]}]},{\"@type\":\"ImageObject\",\"inLanguage\":\"en-US\",\"@id\":\"https:\\\/\\\/www.apfelpatient.de\\\/news\\\/nach-fast-vier-jahrzehnten-gravis-stellt-den-verkaufsbetrieb-ein#primaryimage\",\"url\":\"https:\\\/\\\/www.apfelpatient.de\\\/wp-content\\\/uploads\\\/2024\\\/05\\\/Gravis_Logo_Standard_Fresh_Green_RGB.jpg\",\"contentUrl\":\"https:\\\/\\\/www.apfelpatient.de\\\/wp-content\\\/uploads\\\/2024\\\/05\\\/Gravis_Logo_Standard_Fresh_Green_RGB.jpg\",\"width\":1600,\"height\":655,\"caption\":\"Bild: Freenet Group\"},{\"@type\":\"BreadcrumbList\",\"@id\":\"https:\\\/\\\/www.apfelpatient.de\\\/news\\\/nach-fast-vier-jahrzehnten-gravis-stellt-den-verkaufsbetrieb-ein#breadcrumb\",\"itemListElement\":[{\"@type\":\"ListItem\",\"position\":1,\"name\":\"Startseite\",\"item\":\"https:\\\/\\\/www.apfelpatient.de\\\/\"},{\"@type\":\"ListItem\",\"position\":2,\"name\":\"Nach fast vier Jahrzehnten: Gravis stellt den Verkaufsbetrieb ein\"}]},{\"@type\":\"WebSite\",\"@id\":\"https:\\\/\\\/www.apfelpatient.de\\\/#website\",\"url\":\"https:\\\/\\\/www.apfelpatient.de\\\/\",\"name\":\"Apfelpatient\",\"description\":\"Alles rund um Apple!\",\"publisher\":{\"@type\":\"Organization\",\"@id\":\"https:\\\/\\\/www.apfelpatient.de\\\/en\\\/#organization\",\"name\":\"Apfelpatient\",\"url\":\"https:\\\/\\\/www.apfelpatient.de\\\/en\\\/\"},\"alternateName\":\"Apfelpatient\",\"potentialAction\":[{\"@type\":\"SearchAction\",\"target\":{\"@type\":\"EntryPoint\",\"urlTemplate\":\"https:\\\/\\\/www.apfelpatient.de\\\/?s={search_term_string}\"},\"query-input\":{\"@type\":\"PropertyValueSpecification\",\"valueRequired\":true,\"valueName\":\"search_term_string\"}}],\"inLanguage\":\"en-US\"},{\"@type\":[\"Person\",\"Organization\"],\"@id\":\"https:\\\/\\\/www.apfelpatient.de\\\/#\\\/schema\\\/person\\\/7dc56ad6c8e9824b76d2c08d4c140e13\",\"name\":\"Milan\",\"logo\":{\"@id\":\"https:\\\/\\\/www.apfelpatient.de\\\/#\\\/schema\\\/person\\\/image\\\/\"},\"description\":\"Hallo und herzlich willkommen auf meinem Technik-Blog! Als gro\u00dfer Apple-Fan berichte ich hier \u00fcber alles, was mit Apple zu tun hat: von den neuesten News und spannenden Ger\u00fcchten \u00fcber hilfreiche Tipps und Tricks bis hin zu ausf\u00fchrlichen Produkttests. Wenn du genauso technikbegeistert bist wie ich, bist du hier genau richtig!\",\"sameAs\":[\"https:\\\/\\\/www.facebook.com\\\/apfelpatientOfficial\",\"https:\\\/\\\/www.linkedin.com\\\/in\\\/milan-jovicic-42aa0231b\"],\"url\":\"https:\\\/\\\/www.apfelpatient.de\\\/en\\\/author\\\/apfeladmin\"}]}<\/script>\n<!-- \/ Yoast SEO Premium plugin. -->","yoast_head_json":{"title":"After almost four decades: Gravis ceases sales operations Apfelpatient","description":"The clock is ticking: Everything you need to know about Gravis&#039; final days, from product availability to service deadlines. Click here!","robots":{"index":"index","follow":"follow","max-snippet":"max-snippet:-1","max-image-preview":"max-image-preview:large","max-video-preview":"max-video-preview:-1"},"canonical":"https:\/\/www.apfelpatient.de\/en\/news\/after-almost-four-decades-gravis-ceases-sales","og_locale":"en_US","og_type":"article","og_title":"Nach fast vier Jahrzehnten: Gravis stellt den Verkaufsbetrieb ein","og_description":"Die Uhr tickt: Alles, was du \u00fcber die letzten Tage von Gravis wissen musst, von Produktverf\u00fcgbarkeit bis zu Servicefristen. Klicke hier!","og_url":"https:\/\/www.apfelpatient.de\/en\/news\/after-almost-four-decades-gravis-ceases-sales","og_site_name":"Apfelpatient","article_publisher":"https:\/\/www.facebook.com\/apfelpatientOfficial","article_author":"https:\/\/www.facebook.com\/apfelpatientOfficial","article_published_time":"2024-05-07T11:53:52+00:00","article_modified_time":"2024-05-07T11:53:54+00:00","og_image":[{"width":1600,"height":655,"url":"https:\/\/www.apfelpatient.de\/wp-content\/uploads\/2024\/05\/Gravis_Logo_Standard_Fresh_Green_RGB.jpg","type":"image\/jpeg"}],"author":"Milan","twitter_card":"summary_large_image","twitter_description":"Die Uhr tickt: Alles, was du \u00fcber die letzten Tage von Gravis wissen musst, von Produktverf\u00fcgbarkeit bis zu Servicefristen. Klicke hier!","twitter_misc":{"Written by":"Milan","Est. reading time":"3 minutes"},"schema":{"@context":"https:\/\/schema.org","@graph":[{"@type":"NewsArticle","@id":"https:\/\/www.apfelpatient.de\/news\/nach-fast-vier-jahrzehnten-gravis-stellt-den-verkaufsbetrieb-ein#article","isPartOf":{"@id":"https:\/\/www.apfelpatient.de\/news\/nach-fast-vier-jahrzehnten-gravis-stellt-den-verkaufsbetrieb-ein"},"author":{"@type":"Organization","@id":"https:\/\/www.apfelpatient.de\/en\/#organization","name":"Apfelpatient","url":"https:\/\/www.apfelpatient.de\/en\/"},"headline":"Nach fast vier Jahrzehnten: Gravis stellt den Verkaufsbetrieb ein","datePublished":"2024-05-07T11:53:52+00:00","dateModified":"2024-05-07T11:53:54+00:00","mainEntityOfPage":{"@id":"https:\/\/www.apfelpatient.de\/news\/nach-fast-vier-jahrzehnten-gravis-stellt-den-verkaufsbetrieb-ein"},"wordCount":414,"publisher":{"@type":"Organization","@id":"https:\/\/www.apfelpatient.de\/en\/#organization","name":"Apfelpatient","url":"https:\/\/www.apfelpatient.de\/en\/"},"image":{"@id":"https:\/\/www.apfelpatient.de\/news\/nach-fast-vier-jahrzehnten-gravis-stellt-den-verkaufsbetrieb-ein#primaryimage"},"thumbnailUrl":"https:\/\/www.apfelpatient.de\/wp-content\/uploads\/2024\/05\/Gravis_Logo_Standard_Fresh_Green_RGB.jpg","keywords":["TechPatient"],"articleSection":"News","inLanguage":"en-US","copyrightYear":"2024","copyrightHolder":{"@id":"https:\/\/www.apfelpatient.de\/en\/#organization"}},{"@type":"WebPage","@id":"https:\/\/www.apfelpatient.de\/news\/nach-fast-vier-jahrzehnten-gravis-stellt-den-verkaufsbetrieb-ein","url":"https:\/\/www.apfelpatient.de\/news\/nach-fast-vier-jahrzehnten-gravis-stellt-den-verkaufsbetrieb-ein","name":"After almost four decades: Gravis ceases sales operations Apfelpatient","isPartOf":{"@id":"https:\/\/www.apfelpatient.de\/#website"},"primaryImageOfPage":{"@id":"https:\/\/www.apfelpatient.de\/news\/nach-fast-vier-jahrzehnten-gravis-stellt-den-verkaufsbetrieb-ein#primaryimage"},"image":{"@id":"https:\/\/www.apfelpatient.de\/news\/nach-fast-vier-jahrzehnten-gravis-stellt-den-verkaufsbetrieb-ein#primaryimage"},"thumbnailUrl":"https:\/\/www.apfelpatient.de\/wp-content\/uploads\/2024\/05\/Gravis_Logo_Standard_Fresh_Green_RGB.jpg","datePublished":"2024-05-07T11:53:52+00:00","dateModified":"2024-05-07T11:53:54+00:00","description":"The clock is ticking: Everything you need to know about Gravis&#039; final days, from product availability to service deadlines. Click here!","breadcrumb":{"@id":"https:\/\/www.apfelpatient.de\/news\/nach-fast-vier-jahrzehnten-gravis-stellt-den-verkaufsbetrieb-ein#breadcrumb"},"inLanguage":"en-US","potentialAction":[{"@type":"ReadAction","target":["https:\/\/www.apfelpatient.de\/news\/nach-fast-vier-jahrzehnten-gravis-stellt-den-verkaufsbetrieb-ein"]}]},{"@type":"ImageObject","inLanguage":"en-US","@id":"https:\/\/www.apfelpatient.de\/news\/nach-fast-vier-jahrzehnten-gravis-stellt-den-verkaufsbetrieb-ein#primaryimage","url":"https:\/\/www.apfelpatient.de\/wp-content\/uploads\/2024\/05\/Gravis_Logo_Standard_Fresh_Green_RGB.jpg","contentUrl":"https:\/\/www.apfelpatient.de\/wp-content\/uploads\/2024\/05\/Gravis_Logo_Standard_Fresh_Green_RGB.jpg","width":1600,"height":655,"caption":"Bild: Freenet Group"},{"@type":"BreadcrumbList","@id":"https:\/\/www.apfelpatient.de\/news\/nach-fast-vier-jahrzehnten-gravis-stellt-den-verkaufsbetrieb-ein#breadcrumb","itemListElement":[{"@type":"ListItem","position":1,"name":"Startseite","item":"https:\/\/www.apfelpatient.de\/"},{"@type":"ListItem","position":2,"name":"Nach fast vier Jahrzehnten: Gravis stellt den Verkaufsbetrieb ein"}]},{"@type":"WebSite","@id":"https:\/\/www.apfelpatient.de\/#website","url":"https:\/\/www.apfelpatient.de\/","name":"apple patient","description":"Everything about Apple!","publisher":{"@type":"Organization","@id":"https:\/\/www.apfelpatient.de\/en\/#organization","name":"Apfelpatient","url":"https:\/\/www.apfelpatient.de\/en\/"},"alternateName":"Apfelpatient","potentialAction":[{"@type":"SearchAction","target":{"@type":"EntryPoint","urlTemplate":"https:\/\/www.apfelpatient.de\/?s={search_term_string}"},"query-input":{"@type":"PropertyValueSpecification","valueRequired":true,"valueName":"search_term_string"}}],"inLanguage":"en-US"},{"@type":["Person","Organization"],"@id":"https:\/\/www.apfelpatient.de\/#\/schema\/person\/7dc56ad6c8e9824b76d2c08d4c140e13","name":"Milan","logo":{"@id":"https:\/\/www.apfelpatient.de\/#\/schema\/person\/image\/"},"description":"Hello and welcome to my technology blog! As a big Apple fan, I report on everything to do with Apple: from the latest news and exciting rumors to helpful tips and tricks and detailed product tests. If you are as enthusiastic about technology as I am, you have come to the right place!","sameAs":["https:\/\/www.facebook.com\/apfelpatientOfficial","https:\/\/www.linkedin.com\/in\/milan-jovicic-42aa0231b"],"url":"https:\/\/www.apfelpatient.de\/en\/author\/apfeladmin"}]}},"_links":{"self":[{"href":"https:\/\/www.apfelpatient.de\/en\/wp-json\/wp\/v2\/posts\/43595","targetHints":{"allow":["GET"]}}],"collection":[{"href":"https:\/\/www.apfelpatient.de\/en\/wp-json\/wp\/v2\/posts"}],"about":[{"href":"https:\/\/www.apfelpatient.de\/en\/wp-json\/wp\/v2\/types\/post"}],"author":[{"embeddable":true,"href":"https:\/\/www.apfelpatient.de\/en\/wp-json\/wp\/v2\/users\/2"}],"replies":[{"embeddable":true,"href":"https:\/\/www.apfelpatient.de\/en\/wp-json\/wp\/v2\/comments?post=43595"}],"version-history":[{"count":0,"href":"https:\/\/www.apfelpatient.de\/en\/wp-json\/wp\/v2\/posts\/43595\/revisions"}],"wp:featuredmedia":[{"embeddable":true,"href":"https:\/\/www.apfelpatient.de\/en\/wp-json\/wp\/v2\/media\/43596"}],"wp:attachment":[{"href":"https:\/\/www.apfelpatient.de\/en\/wp-json\/wp\/v2\/media?parent=43595"}],"wp:term":[{"taxonomy":"category","embeddable":true,"href":"https:\/\/www.apfelpatient.de\/en\/wp-json\/wp\/v2\/categories?post=43595"},{"taxonomy":"post_tag","embeddable":true,"href":"https:\/\/www.apfelpatient.de\/en\/wp-json\/wp\/v2\/tags?post=43595"}],"curies":[{"name":"wp","href":"https:\/\/api.w.org\/{rel}","templated":true}]}}