{"id":43543,"date":"2024-05-05T20:43:22","date_gmt":"2024-05-05T18:43:22","guid":{"rendered":"https:\/\/www.apfelpatient.de\/?p=43543"},"modified":"2024-05-05T20:43:23","modified_gmt":"2024-05-05T18:43:23","slug":"short-and-sweet-apples-event-is-expected-to-last-about-35-minutes","status":"publish","type":"post","link":"https:\/\/www.apfelpatient.de\/en\/rumors\/kurz-und-knackig-apples-event-soll-etwa-35-minuten-dauern","title":{"rendered":"Short and sweet: Apple&#039;s event is expected to last about 35 minutes"},"content":{"rendered":"<p class=\"has-drop-cap\"><strong>On Tuesday, Apple will host its first product event of the year called \u201cLet Loose.\u201d This event promises exciting news for all tech enthusiasts as new models of the iPad Pro and iPad Air will be unveiled.<\/strong><\/p>\n\n\n\n<p>According to Mark Gurman of Bloomberg, Apple will present these innovations in a quick, approximately 35-minute video presentation <a href=\"https:\/\/www.bloomberg.com\/news\/newsletters\/2024-05-05\/apple-may-7-let-loose-ipad-event-apple-should-turn-ipad-into-laptop-replacement-lvtj00n9?srnd=undefined\" target=\"_blank\" rel=\"noreferrer noopener\">reveal<\/a>, which is similar to previous events of the company. The presentation takes place at an unusual time in order to reach a wider international audience. To be precise, it will be broadcast at 4 p.m. in this country.<\/p>\n\n\n\n<h3 class=\"wp-block-heading\" id=\"h-das-neue-ipad-pro\">The new iPad Pro<\/h3>\n\n\n\n<p>The highlight of the event will be the unveiling of the new iPad Pro. It features an OLED display and a thinner chassis that improves portability and aesthetics. A key update is the M4 chip, which promises a significant increase in processing power, especially for artificial intelligence tasks. However, details on specific AI features remain unclear until WWDC in June, where Apple is expected to provide further insight into how it will integrate new technologies into its devices.<\/p>\n\n\n\n<h3 class=\"wp-block-heading\" id=\"h-das-aktualisierte-ipad-air\">The updated iPad Air<\/h3>\n\n\n\n<p>The iPad Air also gets an update, with the M2 chip and an expanded 12.9-inch display, making it more versatile for different uses. These changes make the iPad Air an attractive option for users looking for a powerful but easily portable device.<\/p>\n\n\n\n<h3 class=\"wp-block-heading\" id=\"h-apple-zubehor-updates\">Apple accessory updates<\/h3>\n\n\n\n<p>In addition to the tablets, new versions of the Magic Keyboard and Apple Pencil are expected to be introduced. The redesigned Apple Pencil is expected to support new interactive gestures with haptic feedback, improving usability.<\/p>\n\n\n\n<h3 class=\"wp-block-heading\" id=\"h-zeitplanung-des-events\">scheduling of the event<\/h3>\n\n\n\n<p>Unusually, the event will start at 4pm here, an adjustment aimed at reaching a larger global audience. This early start time could be particularly convenient for viewers in Europe and Asia.<\/p>\n\n\n\n<h3 class=\"wp-block-heading\" id=\"h-sei-dabei-apples-let-loose-event-und-seine-neuheiten\">Be there: Apple&#039;s &#039;Let Loose&#039; event and its innovations<\/h3>\n\n\n\n<p>The &quot;Let Loose&quot; event on May 7th will certainly bring exciting developments for the Apple community. It&#039;s worth planning the day accordingly so you don&#039;t miss any of the announcements. Keep an eye out for further updates and detailed reports on the products presented and their possibilities. We will of course report on them in detail as always. (Image: Apple)<\/p>\n\n\n\n<ul class=\"wp-block-list\">\n<li><a href=\"https:\/\/www.apfelpatient.de\/en\/news\/let-loose-with-apple-how-to-stream-the-ipad-event\">Let Loose with Apple: How to stream the iPad event<\/a><\/li>\n<\/ul>\n\n\n\n<h6 class=\"wp-block-heading translation-block\" id=\"h-kennt-ihr-schon-unsere-amazon-storefront-dort-findet-ihr-eine-handverlesene-auswahl-von-diversen-produkten-f-r-euer-iphone-und-co-viel-spa-beim-st-bern\"><em>Have you already visited our Amazon Storefront? There you&#039;ll find a hand-picked selection of various products for your iPhone and other devices \u2013 <span class=\"has-inline-color has-vivid-red-color\"><a href=\"https:\/\/www.amazon.de\/shop\/apfelpatientofficial\" class=\"ek-link\" data-wpel-link=\"exclude\" rel=\"follow noopener\" target=\"_self\"><span style=\"text-decoration: underline\" class=\"ek-underline\">enjoy browsing<\/span><\/a> !<\/span><\/em><\/h6>\n\n\n\n<h6 class=\"wp-block-heading translation-block\" id=\"h-der-beitrag-enthalt-partnerlinks\">This post contains <a data-type=\"URL\" data-id=\"https:\/\/www.apfelpatient.de\/partnerprogramm\" href=\"https:\/\/www.apfelpatient.de\/en\/partner-program\" data-wpel-link=\"internal\" target=\"_self\">affiliate links<\/a>.<\/h6>","protected":false},"excerpt":{"rendered":"<p>Be there when Apple launches its first big event of the year: new iPad models and more in a short, snappy presentation.<\/p>","protected":false},"author":2,"featured_media":43259,"comment_status":"closed","ping_status":"closed","sticky":false,"template":"","format":"standard","meta":{"jnews-multi-image_gallery":[],"jnews_single_post":{"subtitle":"","format":"standard","video":"","gallery":"","source_name":"","source_url":"","via_name":"","via_url":"","override_template":"0","override":[{"template":"4","single_blog_custom":"","parallax":"1","fullscreen":"1","layout":"right-sidebar","sidebar":"default-sidebar","second_sidebar":"default-sidebar","sticky_sidebar":"1","share_position":"top","share_float_style":"share-monocrhome","show_share_counter":"0","show_view_counter":"0","show_featured":"1","show_post_meta":"1","show_post_author":"1","show_post_author_image":"1","show_post_date":"1","post_date_format":"default","post_date_format_custom":"Y\/m\/d","show_post_category":"1","show_post_reading_time":"0","post_reading_time_wpm":"300","show_zoom_button":"0","zoom_button_out_step":"2","zoom_button_in_step":"3","show_post_tag":"1","show_prev_next_post":"1","show_popup_post":"1","number_popup_post":"1","show_author_box":"0","show_post_related":"0","show_inline_post_related":"0"}],"override_image_size":"0","image_override":[{"single_post_thumbnail_size":"crop-500","single_post_gallery_size":"crop-500"}],"trending_post":"0","trending_post_position":"meta","trending_post_label":"Trending","sponsored_post":"0","sponsored_post_label":"Sponsored by","sponsored_post_name":"","sponsored_post_url":"","sponsored_post_logo_enable":"0","sponsored_post_logo":"","sponsored_post_desc":"","disable_ad":"0"},"jnews_primary_category":{"id":"25","hide":""},"footnotes":""},"categories":[25],"tags":[86,18,240,66],"class_list":["post-43543","post","type-post","status-publish","format-standard","has-post-thumbnail","hentry","category-rumors","tag-apple-event","tag-ipad","tag-ipad-air","tag-ipad-pro"],"yoast_head":"<!-- This site is optimized with the Yoast SEO Premium plugin v27.5 (Yoast SEO v27.5) - https:\/\/yoast.com\/product\/yoast-seo-premium-wordpress\/ -->\n<title>Kurz und knackig: Apple&#039;s Event soll etwa 35 Minuten dauern Apfelpatient<\/title>\n<meta name=\"description\" content=\"Sei dabei, wenn Apple das erste gro\u00dfe Event des Jahres startet: Neue iPad-Modelle und mehr in einer kurzen, knackigen Pr\u00e4sentation.\" \/>\n<meta name=\"robots\" content=\"index, follow, max-snippet:-1, max-image-preview:large, max-video-preview:-1\" \/>\n<link rel=\"canonical\" href=\"https:\/\/www.apfelpatient.de\/en\/rumors\/short-and-sweet-apples-event-is-expected-to-last-about-35-minutes\" \/>\n<meta property=\"og:locale\" content=\"en_US\" \/>\n<meta property=\"og:type\" content=\"article\" \/>\n<meta property=\"og:title\" content=\"Kurz und knackig: Apple&#039;s Event soll etwa 35 Minuten dauern\" \/>\n<meta property=\"og:description\" content=\"Sei dabei, wenn Apple das erste gro\u00dfe Event des Jahres startet: Neue iPad-Modelle und mehr in einer kurzen, knackigen Pr\u00e4sentation.\" \/>\n<meta property=\"og:url\" content=\"https:\/\/www.apfelpatient.de\/en\/rumors\/short-and-sweet-apples-event-is-expected-to-last-about-35-minutes\" \/>\n<meta property=\"og:site_name\" content=\"Apfelpatient\" \/>\n<meta property=\"article:publisher\" content=\"https:\/\/www.facebook.com\/apfelpatientOfficial\" \/>\n<meta property=\"article:author\" content=\"https:\/\/www.facebook.com\/apfelpatientOfficial\" \/>\n<meta property=\"article:published_time\" content=\"2024-05-05T18:43:22+00:00\" \/>\n<meta property=\"article:modified_time\" content=\"2024-05-05T18:43:23+00:00\" \/>\n<meta property=\"og:image\" content=\"https:\/\/www.apfelpatient.de\/wp-content\/uploads\/2024\/04\/Nicht-benannt-2.jpeg\" \/>\n\t<meta property=\"og:image:width\" content=\"1600\" \/>\n\t<meta property=\"og:image:height\" content=\"900\" \/>\n\t<meta property=\"og:image:type\" content=\"image\/jpeg\" \/>\n<meta name=\"author\" content=\"Milan\" \/>\n<meta name=\"twitter:card\" content=\"summary_large_image\" \/>\n<meta name=\"twitter:description\" content=\"Sei dabei, wenn Apple das erste gro\u00dfe Event des Jahres startet: Neue iPad-Modelle und mehr in einer kurzen, knackigen Pr\u00e4sentation.\" \/>\n<meta name=\"twitter:label1\" content=\"Written by\" \/>\n\t<meta name=\"twitter:data1\" content=\"Milan\" \/>\n\t<meta name=\"twitter:label2\" content=\"Est. reading time\" \/>\n\t<meta name=\"twitter:data2\" content=\"3 minutes\" \/>\n<script type=\"application\/ld+json\" class=\"yoast-schema-graph\">{\"@context\":\"https:\\\/\\\/schema.org\",\"@graph\":[{\"@type\":\"NewsArticle\",\"@id\":\"https:\\\/\\\/www.apfelpatient.de\\\/rumors\\\/kurz-und-knackig-apples-event-soll-etwa-35-minuten-dauern#article\",\"isPartOf\":{\"@id\":\"https:\\\/\\\/www.apfelpatient.de\\\/rumors\\\/kurz-und-knackig-apples-event-soll-etwa-35-minuten-dauern\"},\"author\":{\"@type\":\"Organization\",\"@id\":\"https:\\\/\\\/www.apfelpatient.de\\\/en\\\/#organization\",\"name\":\"Apfelpatient\",\"url\":\"https:\\\/\\\/www.apfelpatient.de\\\/en\\\/\"},\"headline\":\"Kurz und knackig: Apple&#8217;s Event soll etwa 35 Minuten dauern\",\"datePublished\":\"2024-05-05T18:43:22+00:00\",\"dateModified\":\"2024-05-05T18:43:23+00:00\",\"mainEntityOfPage\":{\"@id\":\"https:\\\/\\\/www.apfelpatient.de\\\/rumors\\\/kurz-und-knackig-apples-event-soll-etwa-35-minuten-dauern\"},\"wordCount\":395,\"publisher\":{\"@type\":\"Organization\",\"@id\":\"https:\\\/\\\/www.apfelpatient.de\\\/en\\\/#organization\",\"name\":\"Apfelpatient\",\"url\":\"https:\\\/\\\/www.apfelpatient.de\\\/en\\\/\"},\"image\":{\"@id\":\"https:\\\/\\\/www.apfelpatient.de\\\/rumors\\\/kurz-und-knackig-apples-event-soll-etwa-35-minuten-dauern#primaryimage\"},\"thumbnailUrl\":\"https:\\\/\\\/www.apfelpatient.de\\\/wp-content\\\/uploads\\\/2024\\\/04\\\/Nicht-benannt-2.jpeg\",\"keywords\":[\"Apple Event\",\"iPad\",\"iPad Air\",\"iPad Pro\"],\"articleSection\":\"Rumors\",\"inLanguage\":\"en-US\",\"copyrightYear\":\"2024\",\"copyrightHolder\":{\"@id\":\"https:\\\/\\\/www.apfelpatient.de\\\/en\\\/#organization\"}},{\"@type\":\"WebPage\",\"@id\":\"https:\\\/\\\/www.apfelpatient.de\\\/rumors\\\/kurz-und-knackig-apples-event-soll-etwa-35-minuten-dauern\",\"url\":\"https:\\\/\\\/www.apfelpatient.de\\\/rumors\\\/kurz-und-knackig-apples-event-soll-etwa-35-minuten-dauern\",\"name\":\"Kurz und knackig: Apple's Event soll etwa 35 Minuten dauern Apfelpatient\",\"isPartOf\":{\"@id\":\"https:\\\/\\\/www.apfelpatient.de\\\/#website\"},\"primaryImageOfPage\":{\"@id\":\"https:\\\/\\\/www.apfelpatient.de\\\/rumors\\\/kurz-und-knackig-apples-event-soll-etwa-35-minuten-dauern#primaryimage\"},\"image\":{\"@id\":\"https:\\\/\\\/www.apfelpatient.de\\\/rumors\\\/kurz-und-knackig-apples-event-soll-etwa-35-minuten-dauern#primaryimage\"},\"thumbnailUrl\":\"https:\\\/\\\/www.apfelpatient.de\\\/wp-content\\\/uploads\\\/2024\\\/04\\\/Nicht-benannt-2.jpeg\",\"datePublished\":\"2024-05-05T18:43:22+00:00\",\"dateModified\":\"2024-05-05T18:43:23+00:00\",\"description\":\"Sei dabei, wenn Apple das erste gro\u00dfe Event des Jahres startet: Neue iPad-Modelle und mehr in einer kurzen, knackigen Pr\u00e4sentation.\",\"breadcrumb\":{\"@id\":\"https:\\\/\\\/www.apfelpatient.de\\\/rumors\\\/kurz-und-knackig-apples-event-soll-etwa-35-minuten-dauern#breadcrumb\"},\"inLanguage\":\"en-US\",\"potentialAction\":[{\"@type\":\"ReadAction\",\"target\":[\"https:\\\/\\\/www.apfelpatient.de\\\/rumors\\\/kurz-und-knackig-apples-event-soll-etwa-35-minuten-dauern\"]}]},{\"@type\":\"ImageObject\",\"inLanguage\":\"en-US\",\"@id\":\"https:\\\/\\\/www.apfelpatient.de\\\/rumors\\\/kurz-und-knackig-apples-event-soll-etwa-35-minuten-dauern#primaryimage\",\"url\":\"https:\\\/\\\/www.apfelpatient.de\\\/wp-content\\\/uploads\\\/2024\\\/04\\\/Nicht-benannt-2.jpeg\",\"contentUrl\":\"https:\\\/\\\/www.apfelpatient.de\\\/wp-content\\\/uploads\\\/2024\\\/04\\\/Nicht-benannt-2.jpeg\",\"width\":1600,\"height\":900,\"caption\":\"Bild: Apple\"},{\"@type\":\"BreadcrumbList\",\"@id\":\"https:\\\/\\\/www.apfelpatient.de\\\/rumors\\\/kurz-und-knackig-apples-event-soll-etwa-35-minuten-dauern#breadcrumb\",\"itemListElement\":[{\"@type\":\"ListItem\",\"position\":1,\"name\":\"Startseite\",\"item\":\"https:\\\/\\\/www.apfelpatient.de\\\/\"},{\"@type\":\"ListItem\",\"position\":2,\"name\":\"Kurz und knackig: Apple&#8217;s Event soll etwa 35 Minuten dauern\"}]},{\"@type\":\"WebSite\",\"@id\":\"https:\\\/\\\/www.apfelpatient.de\\\/#website\",\"url\":\"https:\\\/\\\/www.apfelpatient.de\\\/\",\"name\":\"Apfelpatient\",\"description\":\"Alles rund um Apple!\",\"publisher\":{\"@type\":\"Organization\",\"@id\":\"https:\\\/\\\/www.apfelpatient.de\\\/en\\\/#organization\",\"name\":\"Apfelpatient\",\"url\":\"https:\\\/\\\/www.apfelpatient.de\\\/en\\\/\"},\"alternateName\":\"Apfelpatient\",\"potentialAction\":[{\"@type\":\"SearchAction\",\"target\":{\"@type\":\"EntryPoint\",\"urlTemplate\":\"https:\\\/\\\/www.apfelpatient.de\\\/?s={search_term_string}\"},\"query-input\":{\"@type\":\"PropertyValueSpecification\",\"valueRequired\":true,\"valueName\":\"search_term_string\"}}],\"inLanguage\":\"en-US\"},{\"@type\":[\"Person\",\"Organization\"],\"@id\":\"https:\\\/\\\/www.apfelpatient.de\\\/#\\\/schema\\\/person\\\/7dc56ad6c8e9824b76d2c08d4c140e13\",\"name\":\"Milan\",\"logo\":{\"@id\":\"https:\\\/\\\/www.apfelpatient.de\\\/#\\\/schema\\\/person\\\/image\\\/\"},\"description\":\"Hallo und herzlich willkommen auf meinem Technik-Blog! Als gro\u00dfer Apple-Fan berichte ich hier \u00fcber alles, was mit Apple zu tun hat: von den neuesten News und spannenden Ger\u00fcchten \u00fcber hilfreiche Tipps und Tricks bis hin zu ausf\u00fchrlichen Produkttests. Wenn du genauso technikbegeistert bist wie ich, bist du hier genau richtig!\",\"sameAs\":[\"https:\\\/\\\/www.facebook.com\\\/apfelpatientOfficial\",\"https:\\\/\\\/www.linkedin.com\\\/in\\\/milan-jovicic-42aa0231b\"],\"url\":\"https:\\\/\\\/www.apfelpatient.de\\\/en\\\/author\\\/apfeladmin\"}]}<\/script>\n<!-- \/ Yoast SEO Premium plugin. -->","yoast_head_json":{"title":"Short and sweet: Apple&#039;s event is expected to last about 35 minutes Apfelpatient","description":"Be there when Apple launches its first big event of the year: new iPad models and more in a short, snappy presentation.","robots":{"index":"index","follow":"follow","max-snippet":"max-snippet:-1","max-image-preview":"max-image-preview:large","max-video-preview":"max-video-preview:-1"},"canonical":"https:\/\/www.apfelpatient.de\/en\/rumors\/short-and-sweet-apples-event-is-expected-to-last-about-35-minutes","og_locale":"en_US","og_type":"article","og_title":"Kurz und knackig: Apple's Event soll etwa 35 Minuten dauern","og_description":"Sei dabei, wenn Apple das erste gro\u00dfe Event des Jahres startet: Neue iPad-Modelle und mehr in einer kurzen, knackigen Pr\u00e4sentation.","og_url":"https:\/\/www.apfelpatient.de\/en\/rumors\/short-and-sweet-apples-event-is-expected-to-last-about-35-minutes","og_site_name":"Apfelpatient","article_publisher":"https:\/\/www.facebook.com\/apfelpatientOfficial","article_author":"https:\/\/www.facebook.com\/apfelpatientOfficial","article_published_time":"2024-05-05T18:43:22+00:00","article_modified_time":"2024-05-05T18:43:23+00:00","og_image":[{"width":1600,"height":900,"url":"https:\/\/www.apfelpatient.de\/wp-content\/uploads\/2024\/04\/Nicht-benannt-2.jpeg","type":"image\/jpeg"}],"author":"Milan","twitter_card":"summary_large_image","twitter_description":"Sei dabei, wenn Apple das erste gro\u00dfe Event des Jahres startet: Neue iPad-Modelle und mehr in einer kurzen, knackigen Pr\u00e4sentation.","twitter_misc":{"Written by":"Milan","Est. reading time":"3 minutes"},"schema":{"@context":"https:\/\/schema.org","@graph":[{"@type":"NewsArticle","@id":"https:\/\/www.apfelpatient.de\/rumors\/kurz-und-knackig-apples-event-soll-etwa-35-minuten-dauern#article","isPartOf":{"@id":"https:\/\/www.apfelpatient.de\/rumors\/kurz-und-knackig-apples-event-soll-etwa-35-minuten-dauern"},"author":{"@type":"Organization","@id":"https:\/\/www.apfelpatient.de\/en\/#organization","name":"Apfelpatient","url":"https:\/\/www.apfelpatient.de\/en\/"},"headline":"Kurz und knackig: Apple&#8217;s Event soll etwa 35 Minuten dauern","datePublished":"2024-05-05T18:43:22+00:00","dateModified":"2024-05-05T18:43:23+00:00","mainEntityOfPage":{"@id":"https:\/\/www.apfelpatient.de\/rumors\/kurz-und-knackig-apples-event-soll-etwa-35-minuten-dauern"},"wordCount":395,"publisher":{"@type":"Organization","@id":"https:\/\/www.apfelpatient.de\/en\/#organization","name":"Apfelpatient","url":"https:\/\/www.apfelpatient.de\/en\/"},"image":{"@id":"https:\/\/www.apfelpatient.de\/rumors\/kurz-und-knackig-apples-event-soll-etwa-35-minuten-dauern#primaryimage"},"thumbnailUrl":"https:\/\/www.apfelpatient.de\/wp-content\/uploads\/2024\/04\/Nicht-benannt-2.jpeg","keywords":["Apple Event","iPad","iPad Air","iPad Pro"],"articleSection":"Rumors","inLanguage":"en-US","copyrightYear":"2024","copyrightHolder":{"@id":"https:\/\/www.apfelpatient.de\/en\/#organization"}},{"@type":"WebPage","@id":"https:\/\/www.apfelpatient.de\/rumors\/kurz-und-knackig-apples-event-soll-etwa-35-minuten-dauern","url":"https:\/\/www.apfelpatient.de\/rumors\/kurz-und-knackig-apples-event-soll-etwa-35-minuten-dauern","name":"Short and sweet: Apple&#039;s event is expected to last about 35 minutes Apfelpatient","isPartOf":{"@id":"https:\/\/www.apfelpatient.de\/#website"},"primaryImageOfPage":{"@id":"https:\/\/www.apfelpatient.de\/rumors\/kurz-und-knackig-apples-event-soll-etwa-35-minuten-dauern#primaryimage"},"image":{"@id":"https:\/\/www.apfelpatient.de\/rumors\/kurz-und-knackig-apples-event-soll-etwa-35-minuten-dauern#primaryimage"},"thumbnailUrl":"https:\/\/www.apfelpatient.de\/wp-content\/uploads\/2024\/04\/Nicht-benannt-2.jpeg","datePublished":"2024-05-05T18:43:22+00:00","dateModified":"2024-05-05T18:43:23+00:00","description":"Be there when Apple launches its first big event of the year: new iPad models and more in a short, snappy presentation.","breadcrumb":{"@id":"https:\/\/www.apfelpatient.de\/rumors\/kurz-und-knackig-apples-event-soll-etwa-35-minuten-dauern#breadcrumb"},"inLanguage":"en-US","potentialAction":[{"@type":"ReadAction","target":["https:\/\/www.apfelpatient.de\/rumors\/kurz-und-knackig-apples-event-soll-etwa-35-minuten-dauern"]}]},{"@type":"ImageObject","inLanguage":"en-US","@id":"https:\/\/www.apfelpatient.de\/rumors\/kurz-und-knackig-apples-event-soll-etwa-35-minuten-dauern#primaryimage","url":"https:\/\/www.apfelpatient.de\/wp-content\/uploads\/2024\/04\/Nicht-benannt-2.jpeg","contentUrl":"https:\/\/www.apfelpatient.de\/wp-content\/uploads\/2024\/04\/Nicht-benannt-2.jpeg","width":1600,"height":900,"caption":"Bild: Apple"},{"@type":"BreadcrumbList","@id":"https:\/\/www.apfelpatient.de\/rumors\/kurz-und-knackig-apples-event-soll-etwa-35-minuten-dauern#breadcrumb","itemListElement":[{"@type":"ListItem","position":1,"name":"Startseite","item":"https:\/\/www.apfelpatient.de\/"},{"@type":"ListItem","position":2,"name":"Kurz und knackig: Apple&#8217;s Event soll etwa 35 Minuten dauern"}]},{"@type":"WebSite","@id":"https:\/\/www.apfelpatient.de\/#website","url":"https:\/\/www.apfelpatient.de\/","name":"apple patient","description":"Everything about Apple!","publisher":{"@type":"Organization","@id":"https:\/\/www.apfelpatient.de\/en\/#organization","name":"Apfelpatient","url":"https:\/\/www.apfelpatient.de\/en\/"},"alternateName":"Apfelpatient","potentialAction":[{"@type":"SearchAction","target":{"@type":"EntryPoint","urlTemplate":"https:\/\/www.apfelpatient.de\/?s={search_term_string}"},"query-input":{"@type":"PropertyValueSpecification","valueRequired":true,"valueName":"search_term_string"}}],"inLanguage":"en-US"},{"@type":["Person","Organization"],"@id":"https:\/\/www.apfelpatient.de\/#\/schema\/person\/7dc56ad6c8e9824b76d2c08d4c140e13","name":"Milan","logo":{"@id":"https:\/\/www.apfelpatient.de\/#\/schema\/person\/image\/"},"description":"Hello and welcome to my technology blog! As a big Apple fan, I report on everything to do with Apple: from the latest news and exciting rumors to helpful tips and tricks and detailed product tests. If you are as enthusiastic about technology as I am, you have come to the right place!","sameAs":["https:\/\/www.facebook.com\/apfelpatientOfficial","https:\/\/www.linkedin.com\/in\/milan-jovicic-42aa0231b"],"url":"https:\/\/www.apfelpatient.de\/en\/author\/apfeladmin"}]}},"_links":{"self":[{"href":"https:\/\/www.apfelpatient.de\/en\/wp-json\/wp\/v2\/posts\/43543","targetHints":{"allow":["GET"]}}],"collection":[{"href":"https:\/\/www.apfelpatient.de\/en\/wp-json\/wp\/v2\/posts"}],"about":[{"href":"https:\/\/www.apfelpatient.de\/en\/wp-json\/wp\/v2\/types\/post"}],"author":[{"embeddable":true,"href":"https:\/\/www.apfelpatient.de\/en\/wp-json\/wp\/v2\/users\/2"}],"replies":[{"embeddable":true,"href":"https:\/\/www.apfelpatient.de\/en\/wp-json\/wp\/v2\/comments?post=43543"}],"version-history":[{"count":0,"href":"https:\/\/www.apfelpatient.de\/en\/wp-json\/wp\/v2\/posts\/43543\/revisions"}],"wp:featuredmedia":[{"embeddable":true,"href":"https:\/\/www.apfelpatient.de\/en\/wp-json\/wp\/v2\/media\/43259"}],"wp:attachment":[{"href":"https:\/\/www.apfelpatient.de\/en\/wp-json\/wp\/v2\/media?parent=43543"}],"wp:term":[{"taxonomy":"category","embeddable":true,"href":"https:\/\/www.apfelpatient.de\/en\/wp-json\/wp\/v2\/categories?post=43543"},{"taxonomy":"post_tag","embeddable":true,"href":"https:\/\/www.apfelpatient.de\/en\/wp-json\/wp\/v2\/tags?post=43543"}],"curies":[{"name":"wp","href":"https:\/\/api.w.org\/{rel}","templated":true}]}}