{"id":43534,"date":"2024-05-04T20:50:13","date_gmt":"2024-05-04T18:50:13","guid":{"rendered":"https:\/\/www.apfelpatient.de\/?p=43534"},"modified":"2024-05-04T20:50:14","modified_gmt":"2024-05-04T18:50:14","slug":"apples-face-id-big-changes-are-coming","status":"publish","type":"post","link":"https:\/\/www.apfelpatient.de\/en\/rumors\/apples-face-id-grosse-veraenderungen-stehen-bevor","title":{"rendered":"Apple&#039;s Face ID: Big changes are coming"},"content":{"rendered":"<p class=\"has-drop-cap\"><strong>The possible integration of Face ID under the screen in Apple&#039;s iPhone models has been the subject of much excitement and speculation for some time. However, according to the latest rumors, this innovative technology may still be a long way off.<\/strong><\/p>\n\n\n\n<p>Face ID, Apple&#039;s revolutionary biometric authentication process first introduced in the iPhone X, is set for a major evolution. The plan is to remove the visible Dynamic Island at the top of the screen and instead integrate Face ID under the screen. This move promises an even more seamless and aesthetically pleasing user experience. However, there are new developments that point to a possible delay in this technology.<\/p>\n\n\n\n<h3 class=\"wp-block-heading\" id=\"h-die-geplante-verschiebung\">The planned postponement<\/h3>\n\n\n\n<p>According to analyst Young, who is known for his accurate predictions in the tech industry, the implementation of Face ID under the screen will not take place in 2025 as originally expected but is now scheduled for 2026. <a href=\"https:\/\/twitter.com\/dsccross\/status\/1768707359374012759?s=61&amp;t=aHoQua6mnF3edWmYUweLYw\" target=\"_blank\" rel=\"noreferrer noopener\">set<\/a>This delay affects the iPhone 18 Pro and iPhone 18 Pro Max.<\/p>\n\n\n\n<h3 class=\"wp-block-heading\" id=\"h-grunde-fur-die-verzogerung\">Reasons for the delay<\/h3>\n\n\n\n<p>The reasons for this delay are not entirely clear, but could be related to technical challenges or strategic decisions by Apple. Integrating Face ID under the screen requires a complex redesign of the front camera and associated sensors, which may require additional development time.<\/p>\n\n\n\n<h3 class=\"wp-block-heading\" id=\"h-technische-entwicklungen-bei-der-iphone-17-reihe\">Technical developments in the iPhone 17 series<\/h3>\n\n\n\n<p>While the full integration of Face ID under the display is still delayed, other technological advances are imminent. For example, it is reported that the standard iPhone 17 models will switch from low-temperature polysilicon (LTPS) to low-temperature polycrystalline oxide (LTPO). This change enables an always-on display that optimizes battery life and has been used in the Pro models since the iPhone 14 Pro.<\/p>\n\n\n\n<h3 class=\"wp-block-heading\" id=\"h-ausblick-auf-die-nicht-pro-modelle\">Outlook on the non-Pro models<\/h3>\n\n\n\n<p>The non-Pro models, like the future iPhone 19, which is expected to be released in late 2027, could receive the under-screen Face ID technology only after the Pro models. This staggered rollout allows Apple to test and optimize the technology in the more expensive models first.<\/p>\n\n\n\n<h3 class=\"wp-block-heading\" id=\"h-face-id-evolution-eine-zukunft-ohne-kompromisse\">Face ID Evolution: A Future Without Compromise<\/h3>\n\n\n\n<p>The development and implementation of under-screen Face ID is a fascinating example of how Apple is constantly striving to push the boundaries of technology. While fans may be disappointed by the delay, it shows that Apple is not willing to compromise on the quality and performance of its devices. The prospect of more seamless integration of biometric security features promises to fundamentally change the way we use our devices. We can&#039;t wait to see what other innovations Apple has in store for us. Are you a fan of Apple&#039;s EarPods? Apple&#039;s wired headphones are currently priced <a href=\"https:\/\/www.idealo.de\/preisvergleich\/OffersOfProduct\/3533650_-earpods-apple.html\" target=\"_blank\" rel=\"noreferrer noopener\">from 10.49 euros<\/a> available. (Photo by Unsplash \/ James Yarema)<\/p>\n\n\n\n<ul class=\"wp-block-list\">\n<li><a href=\"https:\/\/www.apfelpatient.de\/en\/rumors\/iphone-16-leaks-new-magsafe-design-revealed\">iPhone 16 leaks: New MagSafe design revealed?<\/a><\/li>\n<\/ul>\n\n\n\n<h6 class=\"wp-block-heading translation-block\" id=\"h-kennt-ihr-schon-unsere-amazon-storefront-dort-findet-ihr-eine-handverlesene-auswahl-von-diversen-produkten-f-r-euer-iphone-und-co-viel-spa-beim-st-bern\"><em>Have you already visited our Amazon Storefront? There you&#039;ll find a hand-picked selection of various products for your iPhone and other devices \u2013 <span class=\"has-inline-color has-vivid-red-color\"><a href=\"https:\/\/www.amazon.de\/shop\/apfelpatientofficial\" class=\"ek-link\" data-wpel-link=\"exclude\" rel=\"follow noopener\" target=\"_self\"><span style=\"text-decoration: underline\" class=\"ek-underline\">enjoy browsing<\/span><\/a> !<\/span><\/em><\/h6>\n\n\n\n<h6 class=\"wp-block-heading translation-block\" id=\"h-der-beitrag-enthalt-partnerlinks\">This post contains <a data-type=\"URL\" data-id=\"https:\/\/www.apfelpatient.de\/partnerprogramm\" href=\"https:\/\/www.apfelpatient.de\/en\/partner-program\" data-wpel-link=\"internal\" target=\"_self\">affiliate links<\/a>.<\/h6>","protected":false},"excerpt":{"rendered":"<p>Big changes at Apple: Face ID to be integrated under the screen! Details on the plans for 2026.<\/p>","protected":false},"author":2,"featured_media":43535,"comment_status":"closed","ping_status":"closed","sticky":false,"template":"","format":"standard","meta":{"jnews-multi-image_gallery":[],"jnews_single_post":{"subtitle":"","format":"standard","video":"","gallery":"","source_name":"","source_url":"","via_name":"","via_url":"","override_template":"0","override":[{"template":"4","single_blog_custom":"","parallax":"1","fullscreen":"1","layout":"right-sidebar","sidebar":"default-sidebar","second_sidebar":"default-sidebar","sticky_sidebar":"1","share_position":"top","share_float_style":"share-monocrhome","show_share_counter":"0","show_view_counter":"0","show_featured":"1","show_post_meta":"1","show_post_author":"1","show_post_author_image":"1","show_post_date":"1","post_date_format":"default","post_date_format_custom":"Y\/m\/d","show_post_category":"1","show_post_reading_time":"0","post_reading_time_wpm":"300","show_zoom_button":"0","zoom_button_out_step":"2","zoom_button_in_step":"3","show_post_tag":"1","show_prev_next_post":"1","show_popup_post":"1","number_popup_post":"1","show_author_box":"0","show_post_related":"0","show_inline_post_related":"0"}],"override_image_size":"0","image_override":[{"single_post_thumbnail_size":"crop-500","single_post_gallery_size":"crop-500"}],"trending_post":"0","trending_post_position":"meta","trending_post_label":"Trending","sponsored_post":"0","sponsored_post_label":"Sponsored by","sponsored_post_name":"","sponsored_post_url":"","sponsored_post_logo_enable":"0","sponsored_post_logo":"","sponsored_post_desc":"","disable_ad":"0"},"jnews_primary_category":{"id":"25","hide":""},"footnotes":""},"categories":[25],"tags":[8,819,825,1098,820,824,897],"class_list":["post-43534","post","type-post","status-publish","format-standard","has-post-thumbnail","hentry","category-rumors","tag-iphone","tag-iphone-17","tag-iphone-18","tag-iphone-19","tag-iphone-2025","tag-iphone-2026","tag-iphone-2027"],"yoast_head":"<!-- This site is optimized with the Yoast SEO Premium plugin v27.5 (Yoast SEO v27.5) - https:\/\/yoast.com\/product\/yoast-seo-premium-wordpress\/ -->\n<title>Apple&#039;s Face ID: Gro\u00dfe Ver\u00e4nderungen stehen bevor Apfelpatient<\/title>\n<meta name=\"description\" content=\"Gro\u00dfe \u00c4nderungen bei Apple: Face ID soll unter dem Bildschirm integriert werden! Details zu den Pl\u00e4nen f\u00fcr 2026.\" \/>\n<meta name=\"robots\" content=\"index, follow, max-snippet:-1, max-image-preview:large, max-video-preview:-1\" \/>\n<link rel=\"canonical\" href=\"https:\/\/www.apfelpatient.de\/en\/rumors\/apples-face-id-big-changes-are-coming\" \/>\n<meta property=\"og:locale\" content=\"en_US\" \/>\n<meta property=\"og:type\" content=\"article\" \/>\n<meta property=\"og:title\" content=\"Apple&#039;s Face ID: Gro\u00dfe Ver\u00e4nderungen stehen bevor\" \/>\n<meta property=\"og:description\" content=\"Gro\u00dfe \u00c4nderungen bei Apple: Face ID soll unter dem Bildschirm integriert werden! Details zu den Pl\u00e4nen f\u00fcr 2026.\" \/>\n<meta property=\"og:url\" content=\"https:\/\/www.apfelpatient.de\/en\/rumors\/apples-face-id-big-changes-are-coming\" \/>\n<meta property=\"og:site_name\" content=\"Apfelpatient\" \/>\n<meta property=\"article:publisher\" content=\"https:\/\/www.facebook.com\/apfelpatientOfficial\" \/>\n<meta property=\"article:author\" content=\"https:\/\/www.facebook.com\/apfelpatientOfficial\" \/>\n<meta property=\"article:published_time\" content=\"2024-05-04T18:50:13+00:00\" \/>\n<meta property=\"article:modified_time\" content=\"2024-05-04T18:50:14+00:00\" \/>\n<meta property=\"og:image\" content=\"https:\/\/www.apfelpatient.de\/wp-content\/uploads\/2024\/05\/james-yarema-MQ25dT1yi1w-unsplash.jpg\" \/>\n\t<meta property=\"og:image:width\" content=\"1600\" \/>\n\t<meta property=\"og:image:height\" content=\"1067\" \/>\n\t<meta property=\"og:image:type\" content=\"image\/jpeg\" \/>\n<meta name=\"author\" content=\"Milan\" \/>\n<meta name=\"twitter:card\" content=\"summary_large_image\" \/>\n<meta name=\"twitter:description\" content=\"Gro\u00dfe \u00c4nderungen bei Apple: Face ID soll unter dem Bildschirm integriert werden! Details zu den Pl\u00e4nen f\u00fcr 2026.\" \/>\n<meta name=\"twitter:label1\" content=\"Written by\" \/>\n\t<meta name=\"twitter:data1\" content=\"Milan\" \/>\n\t<meta name=\"twitter:label2\" content=\"Est. reading time\" \/>\n\t<meta name=\"twitter:data2\" content=\"3 minutes\" \/>\n<script type=\"application\/ld+json\" class=\"yoast-schema-graph\">{\"@context\":\"https:\\\/\\\/schema.org\",\"@graph\":[{\"@type\":\"NewsArticle\",\"@id\":\"https:\\\/\\\/www.apfelpatient.de\\\/rumors\\\/apples-face-id-grosse-veraenderungen-stehen-bevor#article\",\"isPartOf\":{\"@id\":\"https:\\\/\\\/www.apfelpatient.de\\\/rumors\\\/apples-face-id-grosse-veraenderungen-stehen-bevor\"},\"author\":{\"@type\":\"Organization\",\"@id\":\"https:\\\/\\\/www.apfelpatient.de\\\/en\\\/#organization\",\"name\":\"Apfelpatient\",\"url\":\"https:\\\/\\\/www.apfelpatient.de\\\/en\\\/\"},\"headline\":\"Apple&#8217;s Face ID: Gro\u00dfe Ver\u00e4nderungen stehen bevor\",\"datePublished\":\"2024-05-04T18:50:13+00:00\",\"dateModified\":\"2024-05-04T18:50:14+00:00\",\"mainEntityOfPage\":{\"@id\":\"https:\\\/\\\/www.apfelpatient.de\\\/rumors\\\/apples-face-id-grosse-veraenderungen-stehen-bevor\"},\"wordCount\":475,\"publisher\":{\"@type\":\"Organization\",\"@id\":\"https:\\\/\\\/www.apfelpatient.de\\\/en\\\/#organization\",\"name\":\"Apfelpatient\",\"url\":\"https:\\\/\\\/www.apfelpatient.de\\\/en\\\/\"},\"image\":{\"@id\":\"https:\\\/\\\/www.apfelpatient.de\\\/rumors\\\/apples-face-id-grosse-veraenderungen-stehen-bevor#primaryimage\"},\"thumbnailUrl\":\"https:\\\/\\\/www.apfelpatient.de\\\/wp-content\\\/uploads\\\/2024\\\/05\\\/james-yarema-MQ25dT1yi1w-unsplash.jpg\",\"keywords\":[\"iPhone\",\"iPhone 17\",\"iPhone 18\",\"iPhone 19\",\"iPhone 2025\",\"iPhone 2026\",\"iPhone 2027\"],\"articleSection\":\"Rumors\",\"inLanguage\":\"en-US\",\"copyrightYear\":\"2024\",\"copyrightHolder\":{\"@id\":\"https:\\\/\\\/www.apfelpatient.de\\\/en\\\/#organization\"}},{\"@type\":\"WebPage\",\"@id\":\"https:\\\/\\\/www.apfelpatient.de\\\/rumors\\\/apples-face-id-grosse-veraenderungen-stehen-bevor\",\"url\":\"https:\\\/\\\/www.apfelpatient.de\\\/rumors\\\/apples-face-id-grosse-veraenderungen-stehen-bevor\",\"name\":\"Apple's Face ID: Gro\u00dfe Ver\u00e4nderungen stehen bevor Apfelpatient\",\"isPartOf\":{\"@id\":\"https:\\\/\\\/www.apfelpatient.de\\\/#website\"},\"primaryImageOfPage\":{\"@id\":\"https:\\\/\\\/www.apfelpatient.de\\\/rumors\\\/apples-face-id-grosse-veraenderungen-stehen-bevor#primaryimage\"},\"image\":{\"@id\":\"https:\\\/\\\/www.apfelpatient.de\\\/rumors\\\/apples-face-id-grosse-veraenderungen-stehen-bevor#primaryimage\"},\"thumbnailUrl\":\"https:\\\/\\\/www.apfelpatient.de\\\/wp-content\\\/uploads\\\/2024\\\/05\\\/james-yarema-MQ25dT1yi1w-unsplash.jpg\",\"datePublished\":\"2024-05-04T18:50:13+00:00\",\"dateModified\":\"2024-05-04T18:50:14+00:00\",\"description\":\"Gro\u00dfe \u00c4nderungen bei Apple: Face ID soll unter dem Bildschirm integriert werden! Details zu den Pl\u00e4nen f\u00fcr 2026.\",\"breadcrumb\":{\"@id\":\"https:\\\/\\\/www.apfelpatient.de\\\/rumors\\\/apples-face-id-grosse-veraenderungen-stehen-bevor#breadcrumb\"},\"inLanguage\":\"en-US\",\"potentialAction\":[{\"@type\":\"ReadAction\",\"target\":[\"https:\\\/\\\/www.apfelpatient.de\\\/rumors\\\/apples-face-id-grosse-veraenderungen-stehen-bevor\"]}]},{\"@type\":\"ImageObject\",\"inLanguage\":\"en-US\",\"@id\":\"https:\\\/\\\/www.apfelpatient.de\\\/rumors\\\/apples-face-id-grosse-veraenderungen-stehen-bevor#primaryimage\",\"url\":\"https:\\\/\\\/www.apfelpatient.de\\\/wp-content\\\/uploads\\\/2024\\\/05\\\/james-yarema-MQ25dT1yi1w-unsplash.jpg\",\"contentUrl\":\"https:\\\/\\\/www.apfelpatient.de\\\/wp-content\\\/uploads\\\/2024\\\/05\\\/james-yarema-MQ25dT1yi1w-unsplash.jpg\",\"width\":1600,\"height\":1067,\"caption\":\"Photo by Unsplash \\\/ James Yarema\"},{\"@type\":\"BreadcrumbList\",\"@id\":\"https:\\\/\\\/www.apfelpatient.de\\\/rumors\\\/apples-face-id-grosse-veraenderungen-stehen-bevor#breadcrumb\",\"itemListElement\":[{\"@type\":\"ListItem\",\"position\":1,\"name\":\"Startseite\",\"item\":\"https:\\\/\\\/www.apfelpatient.de\\\/\"},{\"@type\":\"ListItem\",\"position\":2,\"name\":\"Apple&#8217;s Face ID: Gro\u00dfe Ver\u00e4nderungen stehen bevor\"}]},{\"@type\":\"WebSite\",\"@id\":\"https:\\\/\\\/www.apfelpatient.de\\\/#website\",\"url\":\"https:\\\/\\\/www.apfelpatient.de\\\/\",\"name\":\"Apfelpatient\",\"description\":\"Alles rund um Apple!\",\"publisher\":{\"@type\":\"Organization\",\"@id\":\"https:\\\/\\\/www.apfelpatient.de\\\/en\\\/#organization\",\"name\":\"Apfelpatient\",\"url\":\"https:\\\/\\\/www.apfelpatient.de\\\/en\\\/\"},\"alternateName\":\"Apfelpatient\",\"potentialAction\":[{\"@type\":\"SearchAction\",\"target\":{\"@type\":\"EntryPoint\",\"urlTemplate\":\"https:\\\/\\\/www.apfelpatient.de\\\/?s={search_term_string}\"},\"query-input\":{\"@type\":\"PropertyValueSpecification\",\"valueRequired\":true,\"valueName\":\"search_term_string\"}}],\"inLanguage\":\"en-US\"},{\"@type\":[\"Person\",\"Organization\"],\"@id\":\"https:\\\/\\\/www.apfelpatient.de\\\/#\\\/schema\\\/person\\\/7dc56ad6c8e9824b76d2c08d4c140e13\",\"name\":\"Milan\",\"logo\":{\"@id\":\"https:\\\/\\\/www.apfelpatient.de\\\/#\\\/schema\\\/person\\\/image\\\/\"},\"description\":\"Hallo und herzlich willkommen auf meinem Technik-Blog! Als gro\u00dfer Apple-Fan berichte ich hier \u00fcber alles, was mit Apple zu tun hat: von den neuesten News und spannenden Ger\u00fcchten \u00fcber hilfreiche Tipps und Tricks bis hin zu ausf\u00fchrlichen Produkttests. Wenn du genauso technikbegeistert bist wie ich, bist du hier genau richtig!\",\"sameAs\":[\"https:\\\/\\\/www.facebook.com\\\/apfelpatientOfficial\",\"https:\\\/\\\/www.linkedin.com\\\/in\\\/milan-jovicic-42aa0231b\"],\"url\":\"https:\\\/\\\/www.apfelpatient.de\\\/en\\\/author\\\/apfeladmin\"}]}<\/script>\n<!-- \/ Yoast SEO Premium plugin. -->","yoast_head_json":{"title":"Apple&#039;s Face ID: Big changes are coming Apfelpatient","description":"Big changes at Apple: Face ID to be integrated under the screen! Details on the plans for 2026.","robots":{"index":"index","follow":"follow","max-snippet":"max-snippet:-1","max-image-preview":"max-image-preview:large","max-video-preview":"max-video-preview:-1"},"canonical":"https:\/\/www.apfelpatient.de\/en\/rumors\/apples-face-id-big-changes-are-coming","og_locale":"en_US","og_type":"article","og_title":"Apple's Face ID: Gro\u00dfe Ver\u00e4nderungen stehen bevor","og_description":"Gro\u00dfe \u00c4nderungen bei Apple: Face ID soll unter dem Bildschirm integriert werden! Details zu den Pl\u00e4nen f\u00fcr 2026.","og_url":"https:\/\/www.apfelpatient.de\/en\/rumors\/apples-face-id-big-changes-are-coming","og_site_name":"Apfelpatient","article_publisher":"https:\/\/www.facebook.com\/apfelpatientOfficial","article_author":"https:\/\/www.facebook.com\/apfelpatientOfficial","article_published_time":"2024-05-04T18:50:13+00:00","article_modified_time":"2024-05-04T18:50:14+00:00","og_image":[{"width":1600,"height":1067,"url":"https:\/\/www.apfelpatient.de\/wp-content\/uploads\/2024\/05\/james-yarema-MQ25dT1yi1w-unsplash.jpg","type":"image\/jpeg"}],"author":"Milan","twitter_card":"summary_large_image","twitter_description":"Gro\u00dfe \u00c4nderungen bei Apple: Face ID soll unter dem Bildschirm integriert werden! Details zu den Pl\u00e4nen f\u00fcr 2026.","twitter_misc":{"Written by":"Milan","Est. reading time":"3 minutes"},"schema":{"@context":"https:\/\/schema.org","@graph":[{"@type":"NewsArticle","@id":"https:\/\/www.apfelpatient.de\/rumors\/apples-face-id-grosse-veraenderungen-stehen-bevor#article","isPartOf":{"@id":"https:\/\/www.apfelpatient.de\/rumors\/apples-face-id-grosse-veraenderungen-stehen-bevor"},"author":{"@type":"Organization","@id":"https:\/\/www.apfelpatient.de\/en\/#organization","name":"Apfelpatient","url":"https:\/\/www.apfelpatient.de\/en\/"},"headline":"Apple&#8217;s Face ID: Gro\u00dfe Ver\u00e4nderungen stehen bevor","datePublished":"2024-05-04T18:50:13+00:00","dateModified":"2024-05-04T18:50:14+00:00","mainEntityOfPage":{"@id":"https:\/\/www.apfelpatient.de\/rumors\/apples-face-id-grosse-veraenderungen-stehen-bevor"},"wordCount":475,"publisher":{"@type":"Organization","@id":"https:\/\/www.apfelpatient.de\/en\/#organization","name":"Apfelpatient","url":"https:\/\/www.apfelpatient.de\/en\/"},"image":{"@id":"https:\/\/www.apfelpatient.de\/rumors\/apples-face-id-grosse-veraenderungen-stehen-bevor#primaryimage"},"thumbnailUrl":"https:\/\/www.apfelpatient.de\/wp-content\/uploads\/2024\/05\/james-yarema-MQ25dT1yi1w-unsplash.jpg","keywords":["iPhone","iPhone 17","iPhone 18","iPhone 19","iPhone 2025","iPhone 2026","iPhone 2027"],"articleSection":"Rumors","inLanguage":"en-US","copyrightYear":"2024","copyrightHolder":{"@id":"https:\/\/www.apfelpatient.de\/en\/#organization"}},{"@type":"WebPage","@id":"https:\/\/www.apfelpatient.de\/rumors\/apples-face-id-grosse-veraenderungen-stehen-bevor","url":"https:\/\/www.apfelpatient.de\/rumors\/apples-face-id-grosse-veraenderungen-stehen-bevor","name":"Apple&#039;s Face ID: Big changes are coming Apfelpatient","isPartOf":{"@id":"https:\/\/www.apfelpatient.de\/#website"},"primaryImageOfPage":{"@id":"https:\/\/www.apfelpatient.de\/rumors\/apples-face-id-grosse-veraenderungen-stehen-bevor#primaryimage"},"image":{"@id":"https:\/\/www.apfelpatient.de\/rumors\/apples-face-id-grosse-veraenderungen-stehen-bevor#primaryimage"},"thumbnailUrl":"https:\/\/www.apfelpatient.de\/wp-content\/uploads\/2024\/05\/james-yarema-MQ25dT1yi1w-unsplash.jpg","datePublished":"2024-05-04T18:50:13+00:00","dateModified":"2024-05-04T18:50:14+00:00","description":"Big changes at Apple: Face ID to be integrated under the screen! Details on the plans for 2026.","breadcrumb":{"@id":"https:\/\/www.apfelpatient.de\/rumors\/apples-face-id-grosse-veraenderungen-stehen-bevor#breadcrumb"},"inLanguage":"en-US","potentialAction":[{"@type":"ReadAction","target":["https:\/\/www.apfelpatient.de\/rumors\/apples-face-id-grosse-veraenderungen-stehen-bevor"]}]},{"@type":"ImageObject","inLanguage":"en-US","@id":"https:\/\/www.apfelpatient.de\/rumors\/apples-face-id-grosse-veraenderungen-stehen-bevor#primaryimage","url":"https:\/\/www.apfelpatient.de\/wp-content\/uploads\/2024\/05\/james-yarema-MQ25dT1yi1w-unsplash.jpg","contentUrl":"https:\/\/www.apfelpatient.de\/wp-content\/uploads\/2024\/05\/james-yarema-MQ25dT1yi1w-unsplash.jpg","width":1600,"height":1067,"caption":"Photo by Unsplash \/ James Yarema"},{"@type":"BreadcrumbList","@id":"https:\/\/www.apfelpatient.de\/rumors\/apples-face-id-grosse-veraenderungen-stehen-bevor#breadcrumb","itemListElement":[{"@type":"ListItem","position":1,"name":"Startseite","item":"https:\/\/www.apfelpatient.de\/"},{"@type":"ListItem","position":2,"name":"Apple&#8217;s Face ID: Gro\u00dfe Ver\u00e4nderungen stehen bevor"}]},{"@type":"WebSite","@id":"https:\/\/www.apfelpatient.de\/#website","url":"https:\/\/www.apfelpatient.de\/","name":"apple patient","description":"Everything about Apple!","publisher":{"@type":"Organization","@id":"https:\/\/www.apfelpatient.de\/en\/#organization","name":"Apfelpatient","url":"https:\/\/www.apfelpatient.de\/en\/"},"alternateName":"Apfelpatient","potentialAction":[{"@type":"SearchAction","target":{"@type":"EntryPoint","urlTemplate":"https:\/\/www.apfelpatient.de\/?s={search_term_string}"},"query-input":{"@type":"PropertyValueSpecification","valueRequired":true,"valueName":"search_term_string"}}],"inLanguage":"en-US"},{"@type":["Person","Organization"],"@id":"https:\/\/www.apfelpatient.de\/#\/schema\/person\/7dc56ad6c8e9824b76d2c08d4c140e13","name":"Milan","logo":{"@id":"https:\/\/www.apfelpatient.de\/#\/schema\/person\/image\/"},"description":"Hello and welcome to my technology blog! As a big Apple fan, I report on everything to do with Apple: from the latest news and exciting rumors to helpful tips and tricks and detailed product tests. If you are as enthusiastic about technology as I am, you have come to the right place!","sameAs":["https:\/\/www.facebook.com\/apfelpatientOfficial","https:\/\/www.linkedin.com\/in\/milan-jovicic-42aa0231b"],"url":"https:\/\/www.apfelpatient.de\/en\/author\/apfeladmin"}]}},"_links":{"self":[{"href":"https:\/\/www.apfelpatient.de\/en\/wp-json\/wp\/v2\/posts\/43534","targetHints":{"allow":["GET"]}}],"collection":[{"href":"https:\/\/www.apfelpatient.de\/en\/wp-json\/wp\/v2\/posts"}],"about":[{"href":"https:\/\/www.apfelpatient.de\/en\/wp-json\/wp\/v2\/types\/post"}],"author":[{"embeddable":true,"href":"https:\/\/www.apfelpatient.de\/en\/wp-json\/wp\/v2\/users\/2"}],"replies":[{"embeddable":true,"href":"https:\/\/www.apfelpatient.de\/en\/wp-json\/wp\/v2\/comments?post=43534"}],"version-history":[{"count":0,"href":"https:\/\/www.apfelpatient.de\/en\/wp-json\/wp\/v2\/posts\/43534\/revisions"}],"wp:featuredmedia":[{"embeddable":true,"href":"https:\/\/www.apfelpatient.de\/en\/wp-json\/wp\/v2\/media\/43535"}],"wp:attachment":[{"href":"https:\/\/www.apfelpatient.de\/en\/wp-json\/wp\/v2\/media?parent=43534"}],"wp:term":[{"taxonomy":"category","embeddable":true,"href":"https:\/\/www.apfelpatient.de\/en\/wp-json\/wp\/v2\/categories?post=43534"},{"taxonomy":"post_tag","embeddable":true,"href":"https:\/\/www.apfelpatient.de\/en\/wp-json\/wp\/v2\/tags?post=43534"}],"curies":[{"name":"wp","href":"https:\/\/api.w.org\/{rel}","templated":true}]}}