{"id":43375,"date":"2024-04-29T20:11:01","date_gmt":"2024-04-29T18:11:01","guid":{"rendered":"https:\/\/www.apfelpatient.de\/?p=43375"},"modified":"2024-04-29T20:11:02","modified_gmt":"2024-04-29T18:11:02","slug":"new-ipad-pro-sets-standards-with-top-oled-panels","status":"publish","type":"post","link":"https:\/\/www.apfelpatient.de\/en\/rumors\/neues-ipad-pro-setzt-massstaebe-mit-top-oled-panels","title":{"rendered":"New iPad Pro sets standards with top OLED panels"},"content":{"rendered":"<p class=\"has-drop-cap\"><strong>Since its launch, the iPad Pro has established itself as one of the most revolutionary inventions in tablet technology. Apple is known for continually improving its products and equipping them with the latest technologies. The latest update in the product line, unveiled on May 7, promises to push the boundaries of tablet performance once again.<\/strong><\/p>\n\n\n\n<p>According to the experts from <a href=\"https:\/\/www.displaysupplychain.com\/blog\/apple-to-announce-oled-ipads-on-may-7th-lgd-and-12-9-dominating-on-sdcs-challenges\" target=\"_blank\" rel=\"noreferrer noopener\">Display Supply Chain Consultants<\/a> The new iPad Pro models will have &quot;by far the best OLED tablet panels on the market&quot;. This marks a significant advance in the quality of the display technology that Apple offers its users. With features such as LTPO technology, a 120Hz ProMotion refresh rate and a tandem stack with glass thinning, these displays set new standards in terms of brightness, energy efficiency and design.<\/p>\n\n\n\n<h3 class=\"wp-block-heading\" id=\"h-was-ist-neu-beim-ipad-pro\">What&#039;s new with the iPad Pro?<\/h3>\n\n\n\n<h4 class=\"wp-block-heading\" id=\"h-bildschirmtechnologie-und-design\">screen technology and design<\/h4>\n\n\n\n<p>The upcoming iPad Pro models will be available in two sizes: 12.9-inch and 11.1-inch, both with significantly reduced bezels and a thinner chassis than their predecessors. The 12.9-inch variant, for example, will be over 1 mm thinner than the current model. These innovations not only result in a more elegant appearance, but also improve the handling and visual experience of users.<\/p>\n\n\n\n<h4 class=\"wp-block-heading\" id=\"h-leistungsmerkmale\">performance features<\/h4>\n\n\n\n<p>The new iPad Pro is expected to feature Apple&#039;s advanced, AI-optimized M4 chip, which offers increased performance and power efficiency. The integration of LTPO technology into the OLED panel results in an adaptive refresh rate of up to 120Hz, enabling smoother scrolling and impressive graphics display.<\/p>\n\n\n\n<h4 class=\"wp-block-heading\" id=\"h-zubehor-und-software\">Accessories and software<\/h4>\n\n\n\n<p>The new models are also expected to ship with an updated Apple Pencil and a new version of the Magic Keyboard, making them ideal for professionals and creatives. In addition to the iPad Pro models, Apple will also introduce new versions of the iPad Air, which will be available with LCD displays in 10.9-inch and 12.9-inch sizes.<\/p>\n\n\n\n<h4 class=\"wp-block-heading\" id=\"h-verfugbarkeit\">Availability<\/h4>\n\n\n\n<p>There are indications that the 11.1-inch model of the iPad Pro may be available in limited quantities as Apple struggles with manufacturing challenges, particularly the issue of light leakage.<\/p>\n\n\n\n<h3 class=\"wp-block-heading\" id=\"h-apple-s-revolution-der-tablet-technologie\">Apple&#039;s revolution in tablet technology<\/h3>\n\n\n\n<p>The new iPad Pro will set a new standard in the world of tablets. With its ultra-thin design, improved display technology and powerful hardware, the iPad Pro offers an unparalleled combination of aesthetics and functionality. The launch of the new models on May 7 will undoubtedly attract the attention of tech enthusiasts around the world. Get ready to experience the future of tablet technology, which once again proves why Apple is at the forefront of innovation. (Photo by xMarshall \/ Bigstockphoto)<\/p>\n\n\n\n<ul class=\"wp-block-list\">\n<li><a href=\"https:\/\/www.apfelpatient.de\/en\/rumors\/new-apple-pencil-haptic-feedback-innovative-gestures\">New Apple Pencil: Haptic feedback &amp; innovative gestures?<\/a><\/li>\n\n\n\n<li><a href=\"https:\/\/www.apfelpatient.de\/en\/rumors\/report-new-ipad-pro-could-use-m4-chip\">Report: New iPad Pro could use M4 chip<\/a><\/li>\n\n\n\n<li><a href=\"https:\/\/www.apfelpatient.de\/en\/news\/let-loose-with-apple-how-to-stream-the-ipad-event\">Let Loose with Apple: How to stream the iPad event<\/a><\/li>\n<\/ul>\n\n\n\n<h6 class=\"wp-block-heading translation-block\" id=\"h-kennt-ihr-schon-unsere-amazon-storefront-dort-findet-ihr-eine-handverlesene-auswahl-von-diversen-produkten-f-r-euer-iphone-und-co-viel-spa-beim-st-bern\"><em>Have you already visited our Amazon Storefront? There you&#039;ll find a hand-picked selection of various products for your iPhone and other devices \u2013 <span class=\"has-inline-color has-vivid-red-color\"><a href=\"https:\/\/www.amazon.de\/shop\/apfelpatientofficial\" class=\"ek-link\" data-wpel-link=\"exclude\" rel=\"follow noopener\" target=\"_self\"><span style=\"text-decoration: underline\" class=\"ek-underline\">enjoy browsing<\/span><\/a> !<\/span><\/em><\/h6>\n\n\n\n<h6 class=\"wp-block-heading translation-block\" id=\"h-der-beitrag-enthalt-partnerlinks\">This post contains <a data-type=\"URL\" data-id=\"https:\/\/www.apfelpatient.de\/partnerprogramm\" href=\"https:\/\/www.apfelpatient.de\/en\/partner-program\" data-wpel-link=\"internal\" target=\"_self\">affiliate links<\/a>.<\/h6>","protected":false},"excerpt":{"rendered":"<p>The iPad Pro sets new standards: best OLED panels &amp; advanced technology. Learn more about the groundbreaking features and design!<\/p>","protected":false},"author":2,"featured_media":43376,"comment_status":"closed","ping_status":"closed","sticky":false,"template":"","format":"standard","meta":{"jnews-multi-image_gallery":[],"jnews_single_post":{"subtitle":"","format":"standard","video":"","gallery":"","source_name":"","source_url":"","via_name":"","via_url":"","override_template":"0","override":[{"template":"4","single_blog_custom":"","parallax":"1","fullscreen":"1","layout":"right-sidebar","sidebar":"default-sidebar","second_sidebar":"default-sidebar","sticky_sidebar":"1","share_position":"top","share_float_style":"share-monocrhome","show_share_counter":"0","show_view_counter":"0","show_featured":"1","show_post_meta":"1","show_post_author":"1","show_post_author_image":"1","show_post_date":"1","post_date_format":"default","post_date_format_custom":"Y\/m\/d","show_post_category":"1","show_post_reading_time":"0","post_reading_time_wpm":"300","show_zoom_button":"0","zoom_button_out_step":"2","zoom_button_in_step":"3","show_post_tag":"1","show_prev_next_post":"1","show_popup_post":"1","number_popup_post":"1","show_author_box":"0","show_post_related":"0","show_inline_post_related":"0"}],"override_image_size":"0","image_override":[{"single_post_thumbnail_size":"crop-500","single_post_gallery_size":"crop-500"}],"trending_post":"0","trending_post_position":"meta","trending_post_label":"Trending","sponsored_post":"0","sponsored_post_label":"Sponsored by","sponsored_post_name":"","sponsored_post_url":"","sponsored_post_logo_enable":"0","sponsored_post_logo":"","sponsored_post_desc":"","disable_ad":"0"},"jnews_primary_category":{"id":"25","hide":""},"footnotes":""},"categories":[25],"tags":[18,66],"class_list":["post-43375","post","type-post","status-publish","format-standard","has-post-thumbnail","hentry","category-rumors","tag-ipad","tag-ipad-pro"],"yoast_head":"<!-- This site is optimized with the Yoast SEO Premium plugin v27.5 (Yoast SEO v27.5) - https:\/\/yoast.com\/product\/yoast-seo-premium-wordpress\/ -->\n<title>Neues iPad Pro setzt Ma\u00dfst\u00e4be mit Top OLED-Panels Apfelpatient<\/title>\n<meta name=\"description\" content=\"Das iPad Pro setzt neue Ma\u00dfst\u00e4be: Beste OLED-Panels &amp; fortschrittliche Technik. Erfahre mehr \u00fcber die bahnbrechenden Features und das Design!\" \/>\n<meta name=\"robots\" content=\"index, follow, max-snippet:-1, max-image-preview:large, max-video-preview:-1\" \/>\n<link rel=\"canonical\" href=\"https:\/\/www.apfelpatient.de\/en\/rumors\/new-ipad-pro-sets-standards-with-top-oled-panels\" \/>\n<meta property=\"og:locale\" content=\"en_US\" \/>\n<meta property=\"og:type\" content=\"article\" \/>\n<meta property=\"og:title\" content=\"Neues iPad Pro setzt Ma\u00dfst\u00e4be mit Top OLED-Panels\" \/>\n<meta property=\"og:description\" content=\"Das iPad Pro setzt neue Ma\u00dfst\u00e4be: Beste OLED-Panels &amp; fortschrittliche Technik. Erfahre mehr \u00fcber die bahnbrechenden Features und das Design!\" \/>\n<meta property=\"og:url\" content=\"https:\/\/www.apfelpatient.de\/en\/rumors\/new-ipad-pro-sets-standards-with-top-oled-panels\" \/>\n<meta property=\"og:site_name\" content=\"Apfelpatient\" \/>\n<meta property=\"article:publisher\" content=\"https:\/\/www.facebook.com\/apfelpatientOfficial\" \/>\n<meta property=\"article:author\" content=\"https:\/\/www.facebook.com\/apfelpatientOfficial\" \/>\n<meta property=\"article:published_time\" content=\"2024-04-29T18:11:01+00:00\" \/>\n<meta property=\"article:modified_time\" content=\"2024-04-29T18:11:02+00:00\" \/>\n<meta property=\"og:image\" content=\"https:\/\/www.apfelpatient.de\/wp-content\/uploads\/2024\/04\/bigstock-Zagreb-Croatia-February-284983744.jpg\" \/>\n\t<meta property=\"og:image:width\" content=\"1600\" \/>\n\t<meta property=\"og:image:height\" content=\"1068\" \/>\n\t<meta property=\"og:image:type\" content=\"image\/jpeg\" \/>\n<meta name=\"author\" content=\"Milan\" \/>\n<meta name=\"twitter:card\" content=\"summary_large_image\" \/>\n<meta name=\"twitter:description\" content=\"Das iPad Pro setzt neue Ma\u00dfst\u00e4be: Beste OLED-Panels &amp; fortschrittliche Technik. Erfahre mehr \u00fcber die bahnbrechenden Features und das Design!\" \/>\n<meta name=\"twitter:label1\" content=\"Written by\" \/>\n\t<meta name=\"twitter:data1\" content=\"Milan\" \/>\n\t<meta name=\"twitter:label2\" content=\"Est. reading time\" \/>\n\t<meta name=\"twitter:data2\" content=\"3 minutes\" \/>\n<script type=\"application\/ld+json\" class=\"yoast-schema-graph\">{\"@context\":\"https:\\\/\\\/schema.org\",\"@graph\":[{\"@type\":\"NewsArticle\",\"@id\":\"https:\\\/\\\/www.apfelpatient.de\\\/rumors\\\/neues-ipad-pro-setzt-massstaebe-mit-top-oled-panels#article\",\"isPartOf\":{\"@id\":\"https:\\\/\\\/www.apfelpatient.de\\\/rumors\\\/neues-ipad-pro-setzt-massstaebe-mit-top-oled-panels\"},\"author\":{\"@type\":\"Organization\",\"@id\":\"https:\\\/\\\/www.apfelpatient.de\\\/en\\\/#organization\",\"name\":\"Apfelpatient\",\"url\":\"https:\\\/\\\/www.apfelpatient.de\\\/en\\\/\"},\"headline\":\"Neues iPad Pro setzt Ma\u00dfst\u00e4be mit Top OLED-Panels\",\"datePublished\":\"2024-04-29T18:11:01+00:00\",\"dateModified\":\"2024-04-29T18:11:02+00:00\",\"mainEntityOfPage\":{\"@id\":\"https:\\\/\\\/www.apfelpatient.de\\\/rumors\\\/neues-ipad-pro-setzt-massstaebe-mit-top-oled-panels\"},\"wordCount\":476,\"publisher\":{\"@type\":\"Organization\",\"@id\":\"https:\\\/\\\/www.apfelpatient.de\\\/en\\\/#organization\",\"name\":\"Apfelpatient\",\"url\":\"https:\\\/\\\/www.apfelpatient.de\\\/en\\\/\"},\"image\":{\"@id\":\"https:\\\/\\\/www.apfelpatient.de\\\/rumors\\\/neues-ipad-pro-setzt-massstaebe-mit-top-oled-panels#primaryimage\"},\"thumbnailUrl\":\"https:\\\/\\\/www.apfelpatient.de\\\/wp-content\\\/uploads\\\/2024\\\/04\\\/bigstock-Zagreb-Croatia-February-284983744.jpg\",\"keywords\":[\"iPad\",\"iPad Pro\"],\"articleSection\":\"Rumors\",\"inLanguage\":\"en-US\",\"copyrightYear\":\"2024\",\"copyrightHolder\":{\"@id\":\"https:\\\/\\\/www.apfelpatient.de\\\/en\\\/#organization\"}},{\"@type\":\"WebPage\",\"@id\":\"https:\\\/\\\/www.apfelpatient.de\\\/rumors\\\/neues-ipad-pro-setzt-massstaebe-mit-top-oled-panels\",\"url\":\"https:\\\/\\\/www.apfelpatient.de\\\/rumors\\\/neues-ipad-pro-setzt-massstaebe-mit-top-oled-panels\",\"name\":\"Neues iPad Pro setzt Ma\u00dfst\u00e4be mit Top OLED-Panels Apfelpatient\",\"isPartOf\":{\"@id\":\"https:\\\/\\\/www.apfelpatient.de\\\/#website\"},\"primaryImageOfPage\":{\"@id\":\"https:\\\/\\\/www.apfelpatient.de\\\/rumors\\\/neues-ipad-pro-setzt-massstaebe-mit-top-oled-panels#primaryimage\"},\"image\":{\"@id\":\"https:\\\/\\\/www.apfelpatient.de\\\/rumors\\\/neues-ipad-pro-setzt-massstaebe-mit-top-oled-panels#primaryimage\"},\"thumbnailUrl\":\"https:\\\/\\\/www.apfelpatient.de\\\/wp-content\\\/uploads\\\/2024\\\/04\\\/bigstock-Zagreb-Croatia-February-284983744.jpg\",\"datePublished\":\"2024-04-29T18:11:01+00:00\",\"dateModified\":\"2024-04-29T18:11:02+00:00\",\"description\":\"Das iPad Pro setzt neue Ma\u00dfst\u00e4be: Beste OLED-Panels & fortschrittliche Technik. Erfahre mehr \u00fcber die bahnbrechenden Features und das Design!\",\"breadcrumb\":{\"@id\":\"https:\\\/\\\/www.apfelpatient.de\\\/rumors\\\/neues-ipad-pro-setzt-massstaebe-mit-top-oled-panels#breadcrumb\"},\"inLanguage\":\"en-US\",\"potentialAction\":[{\"@type\":\"ReadAction\",\"target\":[\"https:\\\/\\\/www.apfelpatient.de\\\/rumors\\\/neues-ipad-pro-setzt-massstaebe-mit-top-oled-panels\"]}]},{\"@type\":\"ImageObject\",\"inLanguage\":\"en-US\",\"@id\":\"https:\\\/\\\/www.apfelpatient.de\\\/rumors\\\/neues-ipad-pro-setzt-massstaebe-mit-top-oled-panels#primaryimage\",\"url\":\"https:\\\/\\\/www.apfelpatient.de\\\/wp-content\\\/uploads\\\/2024\\\/04\\\/bigstock-Zagreb-Croatia-February-284983744.jpg\",\"contentUrl\":\"https:\\\/\\\/www.apfelpatient.de\\\/wp-content\\\/uploads\\\/2024\\\/04\\\/bigstock-Zagreb-Croatia-February-284983744.jpg\",\"width\":1600,\"height\":1068,\"caption\":\"ZAGREB, CROATIA - FEBRUARY 18, 2019: Apple iPad Pro 11 inch with Apple Pencil 2 on white marble background. Newly opened iPad Pro 11 inch and Apple Pencil 2 surrounded by boxes. Top view.\"},{\"@type\":\"BreadcrumbList\",\"@id\":\"https:\\\/\\\/www.apfelpatient.de\\\/rumors\\\/neues-ipad-pro-setzt-massstaebe-mit-top-oled-panels#breadcrumb\",\"itemListElement\":[{\"@type\":\"ListItem\",\"position\":1,\"name\":\"Startseite\",\"item\":\"https:\\\/\\\/www.apfelpatient.de\\\/\"},{\"@type\":\"ListItem\",\"position\":2,\"name\":\"Neues iPad Pro setzt Ma\u00dfst\u00e4be mit Top OLED-Panels\"}]},{\"@type\":\"WebSite\",\"@id\":\"https:\\\/\\\/www.apfelpatient.de\\\/#website\",\"url\":\"https:\\\/\\\/www.apfelpatient.de\\\/\",\"name\":\"Apfelpatient\",\"description\":\"Alles rund um Apple!\",\"publisher\":{\"@type\":\"Organization\",\"@id\":\"https:\\\/\\\/www.apfelpatient.de\\\/en\\\/#organization\",\"name\":\"Apfelpatient\",\"url\":\"https:\\\/\\\/www.apfelpatient.de\\\/en\\\/\"},\"alternateName\":\"Apfelpatient\",\"potentialAction\":[{\"@type\":\"SearchAction\",\"target\":{\"@type\":\"EntryPoint\",\"urlTemplate\":\"https:\\\/\\\/www.apfelpatient.de\\\/?s={search_term_string}\"},\"query-input\":{\"@type\":\"PropertyValueSpecification\",\"valueRequired\":true,\"valueName\":\"search_term_string\"}}],\"inLanguage\":\"en-US\"},{\"@type\":[\"Person\",\"Organization\"],\"@id\":\"https:\\\/\\\/www.apfelpatient.de\\\/#\\\/schema\\\/person\\\/35b3ddba5832f2bfc7fff5206d4f6b7b\",\"name\":\"Milan\",\"logo\":{\"@id\":\"https:\\\/\\\/www.apfelpatient.de\\\/#\\\/schema\\\/person\\\/image\\\/\"},\"description\":\"Hallo und herzlich willkommen auf meinem Technik-Blog! Als gro\u00dfer Apple-Fan berichte ich hier \u00fcber alles, was mit Apple zu tun hat: von den neuesten News und spannenden Ger\u00fcchten \u00fcber hilfreiche Tipps und Tricks bis hin zu ausf\u00fchrlichen Produkttests. Wenn du genauso technikbegeistert bist wie ich, bist du hier genau richtig!\",\"sameAs\":[\"https:\\\/\\\/www.facebook.com\\\/apfelpatientOfficial\",\"https:\\\/\\\/www.linkedin.com\\\/in\\\/milan-jovicic-42aa0231b\"],\"url\":\"https:\\\/\\\/www.apfelpatient.de\\\/en\\\/author\\\/apfeladmin\"}]}<\/script>\n<!-- \/ Yoast SEO Premium plugin. -->","yoast_head_json":{"title":"New iPad Pro sets standards with top OLED panels Apfelpatient","description":"The iPad Pro sets new standards: Best OLED panels &amp; advanced technology. Find out more about the groundbreaking features and design!","robots":{"index":"index","follow":"follow","max-snippet":"max-snippet:-1","max-image-preview":"max-image-preview:large","max-video-preview":"max-video-preview:-1"},"canonical":"https:\/\/www.apfelpatient.de\/en\/rumors\/new-ipad-pro-sets-standards-with-top-oled-panels","og_locale":"en_US","og_type":"article","og_title":"Neues iPad Pro setzt Ma\u00dfst\u00e4be mit Top OLED-Panels","og_description":"Das iPad Pro setzt neue Ma\u00dfst\u00e4be: Beste OLED-Panels & fortschrittliche Technik. Erfahre mehr \u00fcber die bahnbrechenden Features und das Design!","og_url":"https:\/\/www.apfelpatient.de\/en\/rumors\/new-ipad-pro-sets-standards-with-top-oled-panels","og_site_name":"Apfelpatient","article_publisher":"https:\/\/www.facebook.com\/apfelpatientOfficial","article_author":"https:\/\/www.facebook.com\/apfelpatientOfficial","article_published_time":"2024-04-29T18:11:01+00:00","article_modified_time":"2024-04-29T18:11:02+00:00","og_image":[{"width":1600,"height":1068,"url":"https:\/\/www.apfelpatient.de\/wp-content\/uploads\/2024\/04\/bigstock-Zagreb-Croatia-February-284983744.jpg","type":"image\/jpeg"}],"author":"Milan","twitter_card":"summary_large_image","twitter_description":"Das iPad Pro setzt neue Ma\u00dfst\u00e4be: Beste OLED-Panels & fortschrittliche Technik. Erfahre mehr \u00fcber die bahnbrechenden Features und das Design!","twitter_misc":{"Written by":"Milan","Est. reading time":"3 minutes"},"schema":{"@context":"https:\/\/schema.org","@graph":[{"@type":"NewsArticle","@id":"https:\/\/www.apfelpatient.de\/rumors\/neues-ipad-pro-setzt-massstaebe-mit-top-oled-panels#article","isPartOf":{"@id":"https:\/\/www.apfelpatient.de\/rumors\/neues-ipad-pro-setzt-massstaebe-mit-top-oled-panels"},"author":{"@type":"Organization","@id":"https:\/\/www.apfelpatient.de\/en\/#organization","name":"Apfelpatient","url":"https:\/\/www.apfelpatient.de\/en\/"},"headline":"Neues iPad Pro setzt Ma\u00dfst\u00e4be mit Top OLED-Panels","datePublished":"2024-04-29T18:11:01+00:00","dateModified":"2024-04-29T18:11:02+00:00","mainEntityOfPage":{"@id":"https:\/\/www.apfelpatient.de\/rumors\/neues-ipad-pro-setzt-massstaebe-mit-top-oled-panels"},"wordCount":476,"publisher":{"@type":"Organization","@id":"https:\/\/www.apfelpatient.de\/en\/#organization","name":"Apfelpatient","url":"https:\/\/www.apfelpatient.de\/en\/"},"image":{"@id":"https:\/\/www.apfelpatient.de\/rumors\/neues-ipad-pro-setzt-massstaebe-mit-top-oled-panels#primaryimage"},"thumbnailUrl":"https:\/\/www.apfelpatient.de\/wp-content\/uploads\/2024\/04\/bigstock-Zagreb-Croatia-February-284983744.jpg","keywords":["iPad","iPad Pro"],"articleSection":"Rumors","inLanguage":"en-US","copyrightYear":"2024","copyrightHolder":{"@id":"https:\/\/www.apfelpatient.de\/en\/#organization"}},{"@type":"WebPage","@id":"https:\/\/www.apfelpatient.de\/rumors\/neues-ipad-pro-setzt-massstaebe-mit-top-oled-panels","url":"https:\/\/www.apfelpatient.de\/rumors\/neues-ipad-pro-setzt-massstaebe-mit-top-oled-panels","name":"New iPad Pro sets standards with top OLED panels Apfelpatient","isPartOf":{"@id":"https:\/\/www.apfelpatient.de\/#website"},"primaryImageOfPage":{"@id":"https:\/\/www.apfelpatient.de\/rumors\/neues-ipad-pro-setzt-massstaebe-mit-top-oled-panels#primaryimage"},"image":{"@id":"https:\/\/www.apfelpatient.de\/rumors\/neues-ipad-pro-setzt-massstaebe-mit-top-oled-panels#primaryimage"},"thumbnailUrl":"https:\/\/www.apfelpatient.de\/wp-content\/uploads\/2024\/04\/bigstock-Zagreb-Croatia-February-284983744.jpg","datePublished":"2024-04-29T18:11:01+00:00","dateModified":"2024-04-29T18:11:02+00:00","description":"The iPad Pro sets new standards: Best OLED panels &amp; advanced technology. Find out more about the groundbreaking features and design!","breadcrumb":{"@id":"https:\/\/www.apfelpatient.de\/rumors\/neues-ipad-pro-setzt-massstaebe-mit-top-oled-panels#breadcrumb"},"inLanguage":"en-US","potentialAction":[{"@type":"ReadAction","target":["https:\/\/www.apfelpatient.de\/rumors\/neues-ipad-pro-setzt-massstaebe-mit-top-oled-panels"]}]},{"@type":"ImageObject","inLanguage":"en-US","@id":"https:\/\/www.apfelpatient.de\/rumors\/neues-ipad-pro-setzt-massstaebe-mit-top-oled-panels#primaryimage","url":"https:\/\/www.apfelpatient.de\/wp-content\/uploads\/2024\/04\/bigstock-Zagreb-Croatia-February-284983744.jpg","contentUrl":"https:\/\/www.apfelpatient.de\/wp-content\/uploads\/2024\/04\/bigstock-Zagreb-Croatia-February-284983744.jpg","width":1600,"height":1068,"caption":"ZAGREB, CROATIA - FEBRUARY 18, 2019: Apple iPad Pro 11 inch with Apple Pencil 2 on white marble background. Newly opened iPad Pro 11 inch and Apple Pencil 2 surrounded by boxes. Top view."},{"@type":"BreadcrumbList","@id":"https:\/\/www.apfelpatient.de\/rumors\/neues-ipad-pro-setzt-massstaebe-mit-top-oled-panels#breadcrumb","itemListElement":[{"@type":"ListItem","position":1,"name":"Startseite","item":"https:\/\/www.apfelpatient.de\/"},{"@type":"ListItem","position":2,"name":"Neues iPad Pro setzt Ma\u00dfst\u00e4be mit Top OLED-Panels"}]},{"@type":"WebSite","@id":"https:\/\/www.apfelpatient.de\/#website","url":"https:\/\/www.apfelpatient.de\/","name":"apple patient","description":"Everything about Apple!","publisher":{"@type":"Organization","@id":"https:\/\/www.apfelpatient.de\/en\/#organization","name":"Apfelpatient","url":"https:\/\/www.apfelpatient.de\/en\/"},"alternateName":"Apfelpatient","potentialAction":[{"@type":"SearchAction","target":{"@type":"EntryPoint","urlTemplate":"https:\/\/www.apfelpatient.de\/?s={search_term_string}"},"query-input":{"@type":"PropertyValueSpecification","valueRequired":true,"valueName":"search_term_string"}}],"inLanguage":"en-US"},{"@type":["Person","Organization"],"@id":"https:\/\/www.apfelpatient.de\/#\/schema\/person\/35b3ddba5832f2bfc7fff5206d4f6b7b","name":"Milan","logo":{"@id":"https:\/\/www.apfelpatient.de\/#\/schema\/person\/image\/"},"description":"Hello and welcome to my technology blog! As a big Apple fan, I report on everything to do with Apple: from the latest news and exciting rumors to helpful tips and tricks and detailed product tests. If you are as enthusiastic about technology as I am, you have come to the right place!","sameAs":["https:\/\/www.facebook.com\/apfelpatientOfficial","https:\/\/www.linkedin.com\/in\/milan-jovicic-42aa0231b"],"url":"https:\/\/www.apfelpatient.de\/en\/author\/apfeladmin"}]}},"_links":{"self":[{"href":"https:\/\/www.apfelpatient.de\/en\/wp-json\/wp\/v2\/posts\/43375","targetHints":{"allow":["GET"]}}],"collection":[{"href":"https:\/\/www.apfelpatient.de\/en\/wp-json\/wp\/v2\/posts"}],"about":[{"href":"https:\/\/www.apfelpatient.de\/en\/wp-json\/wp\/v2\/types\/post"}],"author":[{"embeddable":true,"href":"https:\/\/www.apfelpatient.de\/en\/wp-json\/wp\/v2\/users\/2"}],"replies":[{"embeddable":true,"href":"https:\/\/www.apfelpatient.de\/en\/wp-json\/wp\/v2\/comments?post=43375"}],"version-history":[{"count":0,"href":"https:\/\/www.apfelpatient.de\/en\/wp-json\/wp\/v2\/posts\/43375\/revisions"}],"wp:featuredmedia":[{"embeddable":true,"href":"https:\/\/www.apfelpatient.de\/en\/wp-json\/wp\/v2\/media\/43376"}],"wp:attachment":[{"href":"https:\/\/www.apfelpatient.de\/en\/wp-json\/wp\/v2\/media?parent=43375"}],"wp:term":[{"taxonomy":"category","embeddable":true,"href":"https:\/\/www.apfelpatient.de\/en\/wp-json\/wp\/v2\/categories?post=43375"},{"taxonomy":"post_tag","embeddable":true,"href":"https:\/\/www.apfelpatient.de\/en\/wp-json\/wp\/v2\/tags?post=43375"}],"curies":[{"name":"wp","href":"https:\/\/api.w.org\/{rel}","templated":true}]}}