{"id":43373,"date":"2024-04-29T15:45:36","date_gmt":"2024-04-29T13:45:36","guid":{"rendered":"https:\/\/www.apfelpatient.de\/?p=43373"},"modified":"2024-04-29T15:45:37","modified_gmt":"2024-04-29T13:45:37","slug":"apple-vision-pro-2-the-future-of-virtual-reality","status":"publish","type":"post","link":"https:\/\/www.apfelpatient.de\/en\/rumors\/apple-vision-pro-2-die-zukunft-der-virtuellen-realitaet","title":{"rendered":"Apple Vision Pro 2 \u2013 The Future of Virtual Reality"},"content":{"rendered":"<p class=\"has-drop-cap\"><strong>The world of technology never stands still, and the pursuit of innovation is always at the forefront of major companies like Apple. Below, we take a close look at developments surrounding the Apple Vision Pro 2, a device that could once again push the boundaries of virtual reality. Find out all about Apple&#039;s plans, the launch timeline, and what it means for consumers and the industry.<\/strong><\/p>\n\n\n\n<p>The first generation of the Apple Vision Pro has already set impressive standards. Now the second generation, the Apple Vision Pro 2, is being hotly discussed, but with a planned market launch that is further in the future than initially thought. Mark Gurman of Bloomberg and analyst Ming-Chi Kuo give us exciting insights into what is to come.<\/p>\n\n\n\n<h3 class=\"wp-block-heading\" id=\"h-zukunftsplane-und-markteinfuhrung\">future plans and market launch<\/h3>\n\n\n\n<p>According to current <a href=\"https:\/\/www.bloomberg.com\/news\/newsletters\/2024-04-28\/apple-rivals-retool-to-compete-with-iphone-and-vision-pro-ios-18-and-ai-details-lvjhucsv\" target=\"_blank\" rel=\"noreferrer noopener\">Information on<\/a> According to Bloomberg&#039;s Mark Gurman, the Apple Vision Pro 2 isn&#039;t expected to launch until late 2026. This timeline shows that Apple is taking its time to implement significant improvements and innovations. Although fans and technology enthusiasts had hoped for a quicker release, this suggests that Apple is working on a thorough overhaul and possibly groundbreaking new features.<\/p>\n\n\n\n<h3 class=\"wp-block-heading\" id=\"h-herausforderungen-und-entwicklungsziele\">challenges and development goals<\/h3>\n\n\n\n<p>One of the biggest challenges for Apple is cost reduction. Despite striving to launch a cheaper version of the Vision Pro, the company remains &quot;at a loss&quot; on cost reduction, according to Gurman. This information could indicate that Apple is in an intensive phase of product development and cost analysis in order to make the device more widely available.<\/p>\n\n\n\n<h3 class=\"wp-block-heading\" id=\"h-analystenmeinungen-und-produktionsprognosen\">analyst opinions and production forecasts<\/h3>\n\n\n\n<p>Ming-Chi Kuo, a renowned Apple analyst, has adjusted his predictions and now believes that significant changes to the Vision Pro&#039;s specifications will not go into mass production before 2027. Kuo suspects that a modified version of the current Vision Pro could possibly go into production as early as late 2025 to early 2026, but without any significant changes to the user experience, aside from a possible price cut.<\/p>\n\n\n\n<h3 class=\"wp-block-heading\" id=\"h-globale-expansion-vor-der-wwdc\">Global expansion before WWDC<\/h3>\n\n\n\n<p>Interestingly, Apple plans to launch the Vision Pro in more countries ahead of the Worldwide Developers Conference (WWDC) in June. Reports suggest that the device may be available in China as early as next month, strengthening Apple&#039;s global presence in the virtual reality space.<\/p>\n\n\n\n<h3 class=\"wp-block-heading\" id=\"h-verzogerung-als-chance-die-entstehung-der-apple-vision-pro-2\">Delay as an opportunity: The creation of the Apple Vision Pro 2<\/h3>\n\n\n\n<p>The Apple Vision Pro 2 remains a mystery, surrounded by high expectations and speculation. The delay in its launch may disappoint some, but it presents Apple with an opportunity to create a truly revolutionary product. For technology enthusiasts and industry insiders, it will be exciting to see how Apple overcomes these challenges and what innovations the Vision Pro 2 will ultimately offer. Stay tuned for the latest updates and analysis on this fascinating device. (Image: Apple)<\/p>\n\n\n\n<ul class=\"wp-block-list\">\n<li><a href=\"https:\/\/www.apfelpatient.de\/en\/news\/apple-vision-pro-delivery-cuts-and-strategy-adjustments\">Apple Vision Pro: Delivery cuts and strategy adjustments<\/a><\/li>\n<\/ul>\n\n\n\n<h6 class=\"wp-block-heading translation-block\" id=\"h-kennt-ihr-schon-unsere-amazon-storefront-dort-findet-ihr-eine-handverlesene-auswahl-von-diversen-produkten-f-r-euer-iphone-und-co-viel-spa-beim-st-bern\"><em>Have you already visited our Amazon Storefront? There you&#039;ll find a hand-picked selection of various products for your iPhone and other devices \u2013 <span class=\"has-inline-color has-vivid-red-color\"><a href=\"https:\/\/www.amazon.de\/shop\/apfelpatientofficial\" class=\"ek-link\" data-wpel-link=\"exclude\" rel=\"follow noopener\" target=\"_self\"><span style=\"text-decoration: underline\" class=\"ek-underline\">enjoy browsing<\/span><\/a> !<\/span><\/em><\/h6>\n\n\n\n<h6 class=\"wp-block-heading translation-block\" id=\"h-der-beitrag-enthalt-partnerlinks\">This post contains <a data-type=\"URL\" data-id=\"https:\/\/www.apfelpatient.de\/partnerprogramm\" href=\"https:\/\/www.apfelpatient.de\/en\/partner-program\" data-wpel-link=\"internal\" target=\"_self\">affiliate links<\/a>.<\/h6>","protected":false},"excerpt":{"rendered":"<p>Find out everything about the Apple Vision Pro 2 and its launch. In-depth insights into Apple&#039;s plans and much more.<\/p>","protected":false},"author":2,"featured_media":39144,"comment_status":"closed","ping_status":"closed","sticky":false,"template":"","format":"standard","meta":{"jnews-multi-image_gallery":[],"jnews_single_post":{"subtitle":"","format":"standard","video":"","gallery":"","source_name":"","source_url":"","via_name":"","via_url":"","override_template":"0","override":[{"template":"4","single_blog_custom":"","parallax":"1","fullscreen":"1","layout":"right-sidebar","sidebar":"default-sidebar","second_sidebar":"default-sidebar","sticky_sidebar":"1","share_position":"top","share_float_style":"share-monocrhome","show_share_counter":"0","show_view_counter":"0","show_featured":"1","show_post_meta":"1","show_post_author":"1","show_post_author_image":"1","show_post_date":"1","post_date_format":"default","post_date_format_custom":"Y\/m\/d","show_post_category":"1","show_post_reading_time":"0","post_reading_time_wpm":"300","show_zoom_button":"0","zoom_button_out_step":"2","zoom_button_in_step":"3","show_post_tag":"1","show_prev_next_post":"1","show_popup_post":"1","number_popup_post":"1","show_author_box":"0","show_post_related":"0","show_inline_post_related":"0"}],"override_image_size":"0","image_override":[{"single_post_thumbnail_size":"crop-500","single_post_gallery_size":"crop-500"}],"trending_post":"0","trending_post_position":"meta","trending_post_label":"Trending","sponsored_post":"0","sponsored_post_label":"Sponsored by","sponsored_post_name":"","sponsored_post_url":"","sponsored_post_logo_enable":"0","sponsored_post_logo":"","sponsored_post_desc":"","disable_ad":"0"},"jnews_primary_category":{"id":"25","hide":""},"footnotes":""},"categories":[25],"tags":[843,609],"class_list":["post-43373","post","type-post","status-publish","format-standard","has-post-thumbnail","hentry","category-rumors","tag-apple-vision-pro","tag-apple-vr-ar"],"yoast_head":"<!-- This site is optimized with the Yoast SEO Premium plugin v27.5 (Yoast SEO v27.5) - https:\/\/yoast.com\/product\/yoast-seo-premium-wordpress\/ -->\n<title>Apple Vision Pro 2 \u2013 Die Zukunft der Virtuellen Realit\u00e4t Apfelpatient<\/title>\n<meta name=\"description\" content=\"Erfahre alles \u00fcber die Apple Vision Pro 2 und ihre Markteinf\u00fchrung. Tiefe Einblicke in Apples Pl\u00e4ne und vieles mehr.\" \/>\n<meta name=\"robots\" content=\"index, follow, max-snippet:-1, max-image-preview:large, max-video-preview:-1\" \/>\n<link rel=\"canonical\" href=\"https:\/\/www.apfelpatient.de\/en\/rumors\/apple-vision-pro-2-the-future-of-virtual-reality\" \/>\n<meta property=\"og:locale\" content=\"en_US\" \/>\n<meta property=\"og:type\" content=\"article\" \/>\n<meta property=\"og:title\" content=\"Apple Vision Pro 2 \u2013 Die Zukunft der Virtuellen Realit\u00e4t\" \/>\n<meta property=\"og:description\" content=\"Erfahre alles \u00fcber die Apple Vision Pro 2 und ihre Markteinf\u00fchrung. Tiefe Einblicke in Apples Pl\u00e4ne und vieles mehr.\" \/>\n<meta property=\"og:url\" content=\"https:\/\/www.apfelpatient.de\/en\/rumors\/apple-vision-pro-2-the-future-of-virtual-reality\" \/>\n<meta property=\"og:site_name\" content=\"Apfelpatient\" \/>\n<meta property=\"article:publisher\" content=\"https:\/\/www.facebook.com\/apfelpatientOfficial\" \/>\n<meta property=\"article:author\" content=\"https:\/\/www.facebook.com\/apfelpatientOfficial\" \/>\n<meta property=\"article:published_time\" content=\"2024-04-29T13:45:36+00:00\" \/>\n<meta property=\"article:modified_time\" content=\"2024-04-29T13:45:37+00:00\" \/>\n<meta property=\"og:image\" content=\"https:\/\/www.apfelpatient.de\/wp-content\/uploads\/2023\/06\/Apple-WWDC23-event-photos-Apple-Vision-Pro-1.jpg\" \/>\n\t<meta property=\"og:image:width\" content=\"1600\" \/>\n\t<meta property=\"og:image:height\" content=\"1066\" \/>\n\t<meta property=\"og:image:type\" content=\"image\/jpeg\" \/>\n<meta name=\"author\" content=\"Milan\" \/>\n<meta name=\"twitter:card\" content=\"summary_large_image\" \/>\n<meta name=\"twitter:description\" content=\"Erfahre alles \u00fcber die Apple Vision Pro 2 und ihre Markteinf\u00fchrung. Tiefe Einblicke in Apples Pl\u00e4ne und vieles mehr.\" \/>\n<meta name=\"twitter:label1\" content=\"Written by\" \/>\n\t<meta name=\"twitter:data1\" content=\"Milan\" \/>\n\t<meta name=\"twitter:label2\" content=\"Est. reading time\" \/>\n\t<meta name=\"twitter:data2\" content=\"3 minutes\" \/>\n<script type=\"application\/ld+json\" class=\"yoast-schema-graph\">{\"@context\":\"https:\\\/\\\/schema.org\",\"@graph\":[{\"@type\":\"NewsArticle\",\"@id\":\"https:\\\/\\\/www.apfelpatient.de\\\/rumors\\\/apple-vision-pro-2-die-zukunft-der-virtuellen-realitaet#article\",\"isPartOf\":{\"@id\":\"https:\\\/\\\/www.apfelpatient.de\\\/rumors\\\/apple-vision-pro-2-die-zukunft-der-virtuellen-realitaet\"},\"author\":{\"@type\":\"Organization\",\"@id\":\"https:\\\/\\\/www.apfelpatient.de\\\/en\\\/#organization\",\"name\":\"Apfelpatient\",\"url\":\"https:\\\/\\\/www.apfelpatient.de\\\/en\\\/\"},\"headline\":\"Apple Vision Pro 2 \u2013 Die Zukunft der Virtuellen Realit\u00e4t\",\"datePublished\":\"2024-04-29T13:45:36+00:00\",\"dateModified\":\"2024-04-29T13:45:37+00:00\",\"mainEntityOfPage\":{\"@id\":\"https:\\\/\\\/www.apfelpatient.de\\\/rumors\\\/apple-vision-pro-2-die-zukunft-der-virtuellen-realitaet\"},\"wordCount\":497,\"publisher\":{\"@type\":\"Organization\",\"@id\":\"https:\\\/\\\/www.apfelpatient.de\\\/en\\\/#organization\",\"name\":\"Apfelpatient\",\"url\":\"https:\\\/\\\/www.apfelpatient.de\\\/en\\\/\"},\"image\":{\"@id\":\"https:\\\/\\\/www.apfelpatient.de\\\/rumors\\\/apple-vision-pro-2-die-zukunft-der-virtuellen-realitaet#primaryimage\"},\"thumbnailUrl\":\"https:\\\/\\\/www.apfelpatient.de\\\/wp-content\\\/uploads\\\/2023\\\/06\\\/Apple-WWDC23-event-photos-Apple-Vision-Pro-1.jpg\",\"keywords\":[\"Apple Vision Pro\",\"Apple VR\\\/AR\"],\"articleSection\":\"Rumors\",\"inLanguage\":\"en-US\",\"copyrightYear\":\"2024\",\"copyrightHolder\":{\"@id\":\"https:\\\/\\\/www.apfelpatient.de\\\/en\\\/#organization\"}},{\"@type\":\"WebPage\",\"@id\":\"https:\\\/\\\/www.apfelpatient.de\\\/rumors\\\/apple-vision-pro-2-die-zukunft-der-virtuellen-realitaet\",\"url\":\"https:\\\/\\\/www.apfelpatient.de\\\/rumors\\\/apple-vision-pro-2-die-zukunft-der-virtuellen-realitaet\",\"name\":\"Apple Vision Pro 2 \u2013 Die Zukunft der Virtuellen Realit\u00e4t Apfelpatient\",\"isPartOf\":{\"@id\":\"https:\\\/\\\/www.apfelpatient.de\\\/#website\"},\"primaryImageOfPage\":{\"@id\":\"https:\\\/\\\/www.apfelpatient.de\\\/rumors\\\/apple-vision-pro-2-die-zukunft-der-virtuellen-realitaet#primaryimage\"},\"image\":{\"@id\":\"https:\\\/\\\/www.apfelpatient.de\\\/rumors\\\/apple-vision-pro-2-die-zukunft-der-virtuellen-realitaet#primaryimage\"},\"thumbnailUrl\":\"https:\\\/\\\/www.apfelpatient.de\\\/wp-content\\\/uploads\\\/2023\\\/06\\\/Apple-WWDC23-event-photos-Apple-Vision-Pro-1.jpg\",\"datePublished\":\"2024-04-29T13:45:36+00:00\",\"dateModified\":\"2024-04-29T13:45:37+00:00\",\"description\":\"Erfahre alles \u00fcber die Apple Vision Pro 2 und ihre Markteinf\u00fchrung. Tiefe Einblicke in Apples Pl\u00e4ne und vieles mehr.\",\"breadcrumb\":{\"@id\":\"https:\\\/\\\/www.apfelpatient.de\\\/rumors\\\/apple-vision-pro-2-die-zukunft-der-virtuellen-realitaet#breadcrumb\"},\"inLanguage\":\"en-US\",\"potentialAction\":[{\"@type\":\"ReadAction\",\"target\":[\"https:\\\/\\\/www.apfelpatient.de\\\/rumors\\\/apple-vision-pro-2-die-zukunft-der-virtuellen-realitaet\"]}]},{\"@type\":\"ImageObject\",\"inLanguage\":\"en-US\",\"@id\":\"https:\\\/\\\/www.apfelpatient.de\\\/rumors\\\/apple-vision-pro-2-die-zukunft-der-virtuellen-realitaet#primaryimage\",\"url\":\"https:\\\/\\\/www.apfelpatient.de\\\/wp-content\\\/uploads\\\/2023\\\/06\\\/Apple-WWDC23-event-photos-Apple-Vision-Pro-1.jpg\",\"contentUrl\":\"https:\\\/\\\/www.apfelpatient.de\\\/wp-content\\\/uploads\\\/2023\\\/06\\\/Apple-WWDC23-event-photos-Apple-Vision-Pro-1.jpg\",\"width\":1600,\"height\":1066,\"caption\":\"Bild: Apple\"},{\"@type\":\"BreadcrumbList\",\"@id\":\"https:\\\/\\\/www.apfelpatient.de\\\/rumors\\\/apple-vision-pro-2-die-zukunft-der-virtuellen-realitaet#breadcrumb\",\"itemListElement\":[{\"@type\":\"ListItem\",\"position\":1,\"name\":\"Startseite\",\"item\":\"https:\\\/\\\/www.apfelpatient.de\\\/\"},{\"@type\":\"ListItem\",\"position\":2,\"name\":\"Apple Vision Pro 2 \u2013 Die Zukunft der Virtuellen Realit\u00e4t\"}]},{\"@type\":\"WebSite\",\"@id\":\"https:\\\/\\\/www.apfelpatient.de\\\/#website\",\"url\":\"https:\\\/\\\/www.apfelpatient.de\\\/\",\"name\":\"Apfelpatient\",\"description\":\"Alles rund um Apple!\",\"publisher\":{\"@type\":\"Organization\",\"@id\":\"https:\\\/\\\/www.apfelpatient.de\\\/en\\\/#organization\",\"name\":\"Apfelpatient\",\"url\":\"https:\\\/\\\/www.apfelpatient.de\\\/en\\\/\"},\"alternateName\":\"Apfelpatient\",\"potentialAction\":[{\"@type\":\"SearchAction\",\"target\":{\"@type\":\"EntryPoint\",\"urlTemplate\":\"https:\\\/\\\/www.apfelpatient.de\\\/?s={search_term_string}\"},\"query-input\":{\"@type\":\"PropertyValueSpecification\",\"valueRequired\":true,\"valueName\":\"search_term_string\"}}],\"inLanguage\":\"en-US\"},{\"@type\":[\"Person\",\"Organization\"],\"@id\":\"https:\\\/\\\/www.apfelpatient.de\\\/#\\\/schema\\\/person\\\/35b3ddba5832f2bfc7fff5206d4f6b7b\",\"name\":\"Milan\",\"logo\":{\"@id\":\"https:\\\/\\\/www.apfelpatient.de\\\/#\\\/schema\\\/person\\\/image\\\/\"},\"description\":\"Hallo und herzlich willkommen auf meinem Technik-Blog! Als gro\u00dfer Apple-Fan berichte ich hier \u00fcber alles, was mit Apple zu tun hat: von den neuesten News und spannenden Ger\u00fcchten \u00fcber hilfreiche Tipps und Tricks bis hin zu ausf\u00fchrlichen Produkttests. Wenn du genauso technikbegeistert bist wie ich, bist du hier genau richtig!\",\"sameAs\":[\"https:\\\/\\\/www.facebook.com\\\/apfelpatientOfficial\",\"https:\\\/\\\/www.linkedin.com\\\/in\\\/milan-jovicic-42aa0231b\"],\"url\":\"https:\\\/\\\/www.apfelpatient.de\\\/en\\\/author\\\/apfeladmin\"}]}<\/script>\n<!-- \/ Yoast SEO Premium plugin. -->","yoast_head_json":{"title":"Apple Vision Pro 2 \u2013 The Future of Virtual Reality Apfelpatient","description":"Find out everything about the Apple Vision Pro 2 and its launch. In-depth insights into Apple&#039;s plans and much more.","robots":{"index":"index","follow":"follow","max-snippet":"max-snippet:-1","max-image-preview":"max-image-preview:large","max-video-preview":"max-video-preview:-1"},"canonical":"https:\/\/www.apfelpatient.de\/en\/rumors\/apple-vision-pro-2-the-future-of-virtual-reality","og_locale":"en_US","og_type":"article","og_title":"Apple Vision Pro 2 \u2013 Die Zukunft der Virtuellen Realit\u00e4t","og_description":"Erfahre alles \u00fcber die Apple Vision Pro 2 und ihre Markteinf\u00fchrung. Tiefe Einblicke in Apples Pl\u00e4ne und vieles mehr.","og_url":"https:\/\/www.apfelpatient.de\/en\/rumors\/apple-vision-pro-2-the-future-of-virtual-reality","og_site_name":"Apfelpatient","article_publisher":"https:\/\/www.facebook.com\/apfelpatientOfficial","article_author":"https:\/\/www.facebook.com\/apfelpatientOfficial","article_published_time":"2024-04-29T13:45:36+00:00","article_modified_time":"2024-04-29T13:45:37+00:00","og_image":[{"width":1600,"height":1066,"url":"https:\/\/www.apfelpatient.de\/wp-content\/uploads\/2023\/06\/Apple-WWDC23-event-photos-Apple-Vision-Pro-1.jpg","type":"image\/jpeg"}],"author":"Milan","twitter_card":"summary_large_image","twitter_description":"Erfahre alles \u00fcber die Apple Vision Pro 2 und ihre Markteinf\u00fchrung. Tiefe Einblicke in Apples Pl\u00e4ne und vieles mehr.","twitter_misc":{"Written by":"Milan","Est. reading time":"3 minutes"},"schema":{"@context":"https:\/\/schema.org","@graph":[{"@type":"NewsArticle","@id":"https:\/\/www.apfelpatient.de\/rumors\/apple-vision-pro-2-die-zukunft-der-virtuellen-realitaet#article","isPartOf":{"@id":"https:\/\/www.apfelpatient.de\/rumors\/apple-vision-pro-2-die-zukunft-der-virtuellen-realitaet"},"author":{"@type":"Organization","@id":"https:\/\/www.apfelpatient.de\/en\/#organization","name":"Apfelpatient","url":"https:\/\/www.apfelpatient.de\/en\/"},"headline":"Apple Vision Pro 2 \u2013 Die Zukunft der Virtuellen Realit\u00e4t","datePublished":"2024-04-29T13:45:36+00:00","dateModified":"2024-04-29T13:45:37+00:00","mainEntityOfPage":{"@id":"https:\/\/www.apfelpatient.de\/rumors\/apple-vision-pro-2-die-zukunft-der-virtuellen-realitaet"},"wordCount":497,"publisher":{"@type":"Organization","@id":"https:\/\/www.apfelpatient.de\/en\/#organization","name":"Apfelpatient","url":"https:\/\/www.apfelpatient.de\/en\/"},"image":{"@id":"https:\/\/www.apfelpatient.de\/rumors\/apple-vision-pro-2-die-zukunft-der-virtuellen-realitaet#primaryimage"},"thumbnailUrl":"https:\/\/www.apfelpatient.de\/wp-content\/uploads\/2023\/06\/Apple-WWDC23-event-photos-Apple-Vision-Pro-1.jpg","keywords":["Apple Vision Pro","Apple VR\/AR"],"articleSection":"Rumors","inLanguage":"en-US","copyrightYear":"2024","copyrightHolder":{"@id":"https:\/\/www.apfelpatient.de\/en\/#organization"}},{"@type":"WebPage","@id":"https:\/\/www.apfelpatient.de\/rumors\/apple-vision-pro-2-die-zukunft-der-virtuellen-realitaet","url":"https:\/\/www.apfelpatient.de\/rumors\/apple-vision-pro-2-die-zukunft-der-virtuellen-realitaet","name":"Apple Vision Pro 2 \u2013 The Future of Virtual Reality Apfelpatient","isPartOf":{"@id":"https:\/\/www.apfelpatient.de\/#website"},"primaryImageOfPage":{"@id":"https:\/\/www.apfelpatient.de\/rumors\/apple-vision-pro-2-die-zukunft-der-virtuellen-realitaet#primaryimage"},"image":{"@id":"https:\/\/www.apfelpatient.de\/rumors\/apple-vision-pro-2-die-zukunft-der-virtuellen-realitaet#primaryimage"},"thumbnailUrl":"https:\/\/www.apfelpatient.de\/wp-content\/uploads\/2023\/06\/Apple-WWDC23-event-photos-Apple-Vision-Pro-1.jpg","datePublished":"2024-04-29T13:45:36+00:00","dateModified":"2024-04-29T13:45:37+00:00","description":"Find out everything about the Apple Vision Pro 2 and its launch. In-depth insights into Apple&#039;s plans and much more.","breadcrumb":{"@id":"https:\/\/www.apfelpatient.de\/rumors\/apple-vision-pro-2-die-zukunft-der-virtuellen-realitaet#breadcrumb"},"inLanguage":"en-US","potentialAction":[{"@type":"ReadAction","target":["https:\/\/www.apfelpatient.de\/rumors\/apple-vision-pro-2-die-zukunft-der-virtuellen-realitaet"]}]},{"@type":"ImageObject","inLanguage":"en-US","@id":"https:\/\/www.apfelpatient.de\/rumors\/apple-vision-pro-2-die-zukunft-der-virtuellen-realitaet#primaryimage","url":"https:\/\/www.apfelpatient.de\/wp-content\/uploads\/2023\/06\/Apple-WWDC23-event-photos-Apple-Vision-Pro-1.jpg","contentUrl":"https:\/\/www.apfelpatient.de\/wp-content\/uploads\/2023\/06\/Apple-WWDC23-event-photos-Apple-Vision-Pro-1.jpg","width":1600,"height":1066,"caption":"Bild: Apple"},{"@type":"BreadcrumbList","@id":"https:\/\/www.apfelpatient.de\/rumors\/apple-vision-pro-2-die-zukunft-der-virtuellen-realitaet#breadcrumb","itemListElement":[{"@type":"ListItem","position":1,"name":"Startseite","item":"https:\/\/www.apfelpatient.de\/"},{"@type":"ListItem","position":2,"name":"Apple Vision Pro 2 \u2013 Die Zukunft der Virtuellen Realit\u00e4t"}]},{"@type":"WebSite","@id":"https:\/\/www.apfelpatient.de\/#website","url":"https:\/\/www.apfelpatient.de\/","name":"apple patient","description":"Everything about Apple!","publisher":{"@type":"Organization","@id":"https:\/\/www.apfelpatient.de\/en\/#organization","name":"Apfelpatient","url":"https:\/\/www.apfelpatient.de\/en\/"},"alternateName":"Apfelpatient","potentialAction":[{"@type":"SearchAction","target":{"@type":"EntryPoint","urlTemplate":"https:\/\/www.apfelpatient.de\/?s={search_term_string}"},"query-input":{"@type":"PropertyValueSpecification","valueRequired":true,"valueName":"search_term_string"}}],"inLanguage":"en-US"},{"@type":["Person","Organization"],"@id":"https:\/\/www.apfelpatient.de\/#\/schema\/person\/35b3ddba5832f2bfc7fff5206d4f6b7b","name":"Milan","logo":{"@id":"https:\/\/www.apfelpatient.de\/#\/schema\/person\/image\/"},"description":"Hello and welcome to my technology blog! As a big Apple fan, I report on everything to do with Apple: from the latest news and exciting rumors to helpful tips and tricks and detailed product tests. If you are as enthusiastic about technology as I am, you have come to the right place!","sameAs":["https:\/\/www.facebook.com\/apfelpatientOfficial","https:\/\/www.linkedin.com\/in\/milan-jovicic-42aa0231b"],"url":"https:\/\/www.apfelpatient.de\/en\/author\/apfeladmin"}]}},"_links":{"self":[{"href":"https:\/\/www.apfelpatient.de\/en\/wp-json\/wp\/v2\/posts\/43373","targetHints":{"allow":["GET"]}}],"collection":[{"href":"https:\/\/www.apfelpatient.de\/en\/wp-json\/wp\/v2\/posts"}],"about":[{"href":"https:\/\/www.apfelpatient.de\/en\/wp-json\/wp\/v2\/types\/post"}],"author":[{"embeddable":true,"href":"https:\/\/www.apfelpatient.de\/en\/wp-json\/wp\/v2\/users\/2"}],"replies":[{"embeddable":true,"href":"https:\/\/www.apfelpatient.de\/en\/wp-json\/wp\/v2\/comments?post=43373"}],"version-history":[{"count":0,"href":"https:\/\/www.apfelpatient.de\/en\/wp-json\/wp\/v2\/posts\/43373\/revisions"}],"wp:featuredmedia":[{"embeddable":true,"href":"https:\/\/www.apfelpatient.de\/en\/wp-json\/wp\/v2\/media\/39144"}],"wp:attachment":[{"href":"https:\/\/www.apfelpatient.de\/en\/wp-json\/wp\/v2\/media?parent=43373"}],"wp:term":[{"taxonomy":"category","embeddable":true,"href":"https:\/\/www.apfelpatient.de\/en\/wp-json\/wp\/v2\/categories?post=43373"},{"taxonomy":"post_tag","embeddable":true,"href":"https:\/\/www.apfelpatient.de\/en\/wp-json\/wp\/v2\/tags?post=43373"}],"curies":[{"name":"wp","href":"https:\/\/api.w.org\/{rel}","templated":true}]}}