{"id":43348,"date":"2024-04-28T16:22:12","date_gmt":"2024-04-28T14:22:12","guid":{"rendered":"https:\/\/www.apfelpatient.de\/?p=43348"},"modified":"2024-04-28T16:22:13","modified_gmt":"2024-04-28T14:22:13","slug":"report-new-ipad-pro-could-use-m4-chip","status":"publish","type":"post","link":"https:\/\/www.apfelpatient.de\/en\/rumors\/bericht-neues-ipad-pro-koennte-auf-m4-chip-setzen","title":{"rendered":"Report: New iPad Pro could use M4 chip"},"content":{"rendered":"<p class=\"has-drop-cap\"><strong>In the fast-moving world of technology, there is often speculation about the next big innovation. At the center of current rumors is the new iPad Pro, which could potentially feature the groundbreaking M4 chip and advanced AI features.<\/strong><\/p>\n\n\n\n<p>Bloomberg\u2019s Mark Gurman, known for his accurate Apple leaks, has exciting information in his latest \u201cPower On\u201d newsletter <a href=\"https:\/\/www.bloomberg.com\/news\/newsletters\/2024-04-28\/apple-rivals-retool-to-compete-with-iphone-and-vision-pro-ios-18-and-ai-details-lvjhucsv?srnd=undefined\" target=\"_blank\" rel=\"noreferrer noopener\">divided<\/a>. These hints give us a taste of what Apple may be planning with the next generation iPad Pro. It is important to stress that these are unconfirmed reports based on speculation.<\/p>\n\n\n\n<h3 class=\"wp-block-heading\" id=\"h-potenzielle-einfuhrung-des-m4-chips\">Potential introduction of the M4 chip<\/h3>\n\n\n\n<p>The crux of these rumors is the use of the new M4 chip in the upcoming iPad Pro, which would skip the M3 chip. This move would not only represent a significant technological advancement but would also significantly improve the device&#039;s AI capabilities through a more advanced neural engine.<\/p>\n\n\n\n<h3 class=\"wp-block-heading\" id=\"h-erwartete-funktionen-und-design-neuerungen\">Expected features and design innovations<\/h3>\n\n\n\n<p>According to rumors, the iPad Pro could see some notable innovations:<\/p>\n\n\n\n<ul class=\"wp-block-list\">\n<li>OLED display: For even better image quality and color representation.<\/li>\n\n\n\n<li>Repositioned FaceTime front camera: Optimal for improved interaction during video calls.<\/li>\n\n\n\n<li>Redesigned Magic Keyboard and Apple Pencil: These adjustments would increase the usability and effectiveness of these accessories.<\/li>\n<\/ul>\n\n\n\n<h3 class=\"wp-block-heading\" id=\"h-unsicherheiten-bei-den-ki-funktionen\">Uncertainties in AI functions<\/h3>\n\n\n\n<p>The specific AI features that could be introduced with the M4 chip are not yet clearly defined. Expectations suggest that comprehensive AI integrations could be part of iOS 18 or iPadOS 18, which will be unveiled at WWDC in June.<\/p>\n\n\n\n<h3 class=\"wp-block-heading\" id=\"h-ausblick-auf-das-erweiterte-ipad-angebot\">Outlook on the expanded iPad offering<\/h3>\n\n\n\n<p>In addition to the new iPad Pro with 11- and 13-inch options, the introduction of a new iPad Air series with a larger screen is also expected.<\/p>\n\n\n\n<h3 class=\"wp-block-heading\" id=\"h-das-neue-ipad-pro-zwischen-hoffnung-und-realitat\">The new iPad Pro: Between hope and reality<\/h3>\n\n\n\n<p>While we wait for the official announcement, the anticipation for the new iPad Pro, which will potentially feature the M4 chip and advanced AI features, remains unabated. Mark May 7th in your calendar for Apple&#039;s &quot;Let Loose&quot; event, which may give us confirmation of these rumors. Until then, these exciting prospects of what may come remain pure speculation, but they do show the direction in which tablet technology could be heading. Stay tuned to not miss any updates that could revolutionize your digital interaction. (Image: Apple)<\/p>\n\n\n\n<ul class=\"wp-block-list\">\n<li><a href=\"https:\/\/www.apfelpatient.de\/en\/news\/let-loose-with-apple-how-to-stream-the-ipad-event\">Let Loose with Apple: How to stream the iPad event<\/a><\/li>\n<\/ul>\n\n\n\n<h6 class=\"wp-block-heading translation-block\" id=\"h-kennt-ihr-schon-unsere-amazon-storefront-dort-findet-ihr-eine-handverlesene-auswahl-von-diversen-produkten-f-r-euer-iphone-und-co-viel-spa-beim-st-bern\"><em>Have you already visited our Amazon Storefront? There you&#039;ll find a hand-picked selection of various products for your iPhone and other devices \u2013 <span class=\"has-inline-color has-vivid-red-color\"><a href=\"https:\/\/www.amazon.de\/shop\/apfelpatientofficial\" class=\"ek-link\" data-wpel-link=\"exclude\" rel=\"follow noopener\" target=\"_self\"><span style=\"text-decoration: underline\" class=\"ek-underline\">enjoy browsing<\/span><\/a> !<\/span><\/em><\/h6>\n\n\n\n<h6 class=\"wp-block-heading translation-block\" id=\"h-der-beitrag-enthalt-partnerlinks\">This post contains <a data-type=\"URL\" data-id=\"https:\/\/www.apfelpatient.de\/partnerprogramm\" href=\"https:\/\/www.apfelpatient.de\/en\/partner-program\" data-wpel-link=\"internal\" target=\"_self\">affiliate links<\/a>.<\/h6>","protected":false},"excerpt":{"rendered":"<p>New rumor: Could the new iPad Pro skip the M3? Everything about the possible M4 chip and its advantages here.<\/p>","protected":false},"author":2,"featured_media":43349,"comment_status":"closed","ping_status":"closed","sticky":false,"template":"","format":"standard","meta":{"jnews-multi-image_gallery":[],"jnews_single_post":{"subtitle":"","format":"standard","video":"","gallery":"","source_name":"","source_url":"","via_name":"","via_url":"","override_template":"0","override":[{"template":"4","single_blog_custom":"","parallax":"1","fullscreen":"1","layout":"right-sidebar","sidebar":"default-sidebar","second_sidebar":"default-sidebar","sticky_sidebar":"1","share_position":"top","share_float_style":"share-monocrhome","show_share_counter":"0","show_view_counter":"0","show_featured":"1","show_post_meta":"1","show_post_author":"1","show_post_author_image":"1","show_post_date":"1","post_date_format":"default","post_date_format_custom":"Y\/m\/d","show_post_category":"1","show_post_reading_time":"0","post_reading_time_wpm":"300","show_zoom_button":"0","zoom_button_out_step":"2","zoom_button_in_step":"3","show_post_tag":"1","show_prev_next_post":"1","show_popup_post":"1","number_popup_post":"1","show_author_box":"0","show_post_related":"0","show_inline_post_related":"0"}],"override_image_size":"0","image_override":[{"single_post_thumbnail_size":"crop-500","single_post_gallery_size":"crop-500"}],"trending_post":"0","trending_post_position":"meta","trending_post_label":"Trending","sponsored_post":"0","sponsored_post_label":"Sponsored by","sponsored_post_name":"","sponsored_post_url":"","sponsored_post_logo_enable":"0","sponsored_post_logo":"","sponsored_post_desc":"","disable_ad":"0"},"jnews_primary_category":{"id":"25","hide":""},"footnotes":""},"categories":[25],"tags":[18,66],"class_list":["post-43348","post","type-post","status-publish","format-standard","has-post-thumbnail","hentry","category-rumors","tag-ipad","tag-ipad-pro"],"yoast_head":"<!-- This site is optimized with the Yoast SEO Premium plugin v27.5 (Yoast SEO v27.5) - https:\/\/yoast.com\/product\/yoast-seo-premium-wordpress\/ -->\n<title>Bericht: Neues iPad Pro k\u00f6nnte auf M4-Chip setzen Apfelpatient<\/title>\n<meta name=\"description\" content=\"Neues Ger\u00fccht: K\u00f6nnte das neue iPad Pro den M3 \u00fcberspringen? Alles \u00fcber den m\u00f6glichen M4 Chip und seine Vorteile hier.\" \/>\n<meta name=\"robots\" content=\"index, follow, max-snippet:-1, max-image-preview:large, max-video-preview:-1\" \/>\n<link rel=\"canonical\" href=\"https:\/\/www.apfelpatient.de\/en\/rumors\/report-new-ipad-pro-could-use-m4-chip\" \/>\n<meta property=\"og:locale\" content=\"en_US\" \/>\n<meta property=\"og:type\" content=\"article\" \/>\n<meta property=\"og:title\" content=\"Bericht: Neues iPad Pro k\u00f6nnte auf M4-Chip setzen\" \/>\n<meta property=\"og:description\" content=\"Neues Ger\u00fccht: K\u00f6nnte das neue iPad Pro den M3 \u00fcberspringen? Alles \u00fcber den m\u00f6glichen M4 Chip und seine Vorteile hier.\" \/>\n<meta property=\"og:url\" content=\"https:\/\/www.apfelpatient.de\/en\/rumors\/report-new-ipad-pro-could-use-m4-chip\" \/>\n<meta property=\"og:site_name\" content=\"Apfelpatient\" \/>\n<meta property=\"article:publisher\" content=\"https:\/\/www.facebook.com\/apfelpatientOfficial\" \/>\n<meta property=\"article:author\" content=\"https:\/\/www.facebook.com\/apfelpatientOfficial\" \/>\n<meta property=\"article:published_time\" content=\"2024-04-28T14:22:12+00:00\" \/>\n<meta property=\"article:modified_time\" content=\"2024-04-28T14:22:13+00:00\" \/>\n<meta property=\"og:image\" content=\"https:\/\/www.apfelpatient.de\/wp-content\/uploads\/2024\/04\/apple_ipad-pro-spring21_ipad-pro-magic-keyboard-2up_04202021-2-1.jpg\" \/>\n\t<meta property=\"og:image:width\" content=\"1600\" \/>\n\t<meta property=\"og:image:height\" content=\"900\" \/>\n\t<meta property=\"og:image:type\" content=\"image\/jpeg\" \/>\n<meta name=\"author\" content=\"Milan\" \/>\n<meta name=\"twitter:card\" content=\"summary_large_image\" \/>\n<meta name=\"twitter:description\" content=\"Neues Ger\u00fccht: K\u00f6nnte das neue iPad Pro den M3 \u00fcberspringen? Alles \u00fcber den m\u00f6glichen M4 Chip und seine Vorteile hier.\" \/>\n<meta name=\"twitter:label1\" content=\"Written by\" \/>\n\t<meta name=\"twitter:data1\" content=\"Milan\" \/>\n\t<meta name=\"twitter:label2\" content=\"Est. reading time\" \/>\n\t<meta name=\"twitter:data2\" content=\"3 minutes\" \/>\n<script type=\"application\/ld+json\" class=\"yoast-schema-graph\">{\"@context\":\"https:\\\/\\\/schema.org\",\"@graph\":[{\"@type\":\"NewsArticle\",\"@id\":\"https:\\\/\\\/www.apfelpatient.de\\\/rumors\\\/bericht-neues-ipad-pro-koennte-auf-m4-chip-setzen#article\",\"isPartOf\":{\"@id\":\"https:\\\/\\\/www.apfelpatient.de\\\/rumors\\\/bericht-neues-ipad-pro-koennte-auf-m4-chip-setzen\"},\"author\":{\"@type\":\"Organization\",\"@id\":\"https:\\\/\\\/www.apfelpatient.de\\\/en\\\/#organization\",\"name\":\"Apfelpatient\",\"url\":\"https:\\\/\\\/www.apfelpatient.de\\\/en\\\/\"},\"headline\":\"Bericht: Neues iPad Pro k\u00f6nnte auf M4-Chip setzen\",\"datePublished\":\"2024-04-28T14:22:12+00:00\",\"dateModified\":\"2024-04-28T14:22:13+00:00\",\"mainEntityOfPage\":{\"@id\":\"https:\\\/\\\/www.apfelpatient.de\\\/rumors\\\/bericht-neues-ipad-pro-koennte-auf-m4-chip-setzen\"},\"wordCount\":415,\"publisher\":{\"@type\":\"Organization\",\"@id\":\"https:\\\/\\\/www.apfelpatient.de\\\/en\\\/#organization\",\"name\":\"Apfelpatient\",\"url\":\"https:\\\/\\\/www.apfelpatient.de\\\/en\\\/\"},\"image\":{\"@id\":\"https:\\\/\\\/www.apfelpatient.de\\\/rumors\\\/bericht-neues-ipad-pro-koennte-auf-m4-chip-setzen#primaryimage\"},\"thumbnailUrl\":\"https:\\\/\\\/www.apfelpatient.de\\\/wp-content\\\/uploads\\\/2024\\\/04\\\/apple_ipad-pro-spring21_ipad-pro-magic-keyboard-2up_04202021-2-1.jpg\",\"keywords\":[\"iPad\",\"iPad Pro\"],\"articleSection\":\"Rumors\",\"inLanguage\":\"en-US\",\"copyrightYear\":\"2024\",\"copyrightHolder\":{\"@id\":\"https:\\\/\\\/www.apfelpatient.de\\\/en\\\/#organization\"}},{\"@type\":\"WebPage\",\"@id\":\"https:\\\/\\\/www.apfelpatient.de\\\/rumors\\\/bericht-neues-ipad-pro-koennte-auf-m4-chip-setzen\",\"url\":\"https:\\\/\\\/www.apfelpatient.de\\\/rumors\\\/bericht-neues-ipad-pro-koennte-auf-m4-chip-setzen\",\"name\":\"Bericht: Neues iPad Pro k\u00f6nnte auf M4-Chip setzen Apfelpatient\",\"isPartOf\":{\"@id\":\"https:\\\/\\\/www.apfelpatient.de\\\/#website\"},\"primaryImageOfPage\":{\"@id\":\"https:\\\/\\\/www.apfelpatient.de\\\/rumors\\\/bericht-neues-ipad-pro-koennte-auf-m4-chip-setzen#primaryimage\"},\"image\":{\"@id\":\"https:\\\/\\\/www.apfelpatient.de\\\/rumors\\\/bericht-neues-ipad-pro-koennte-auf-m4-chip-setzen#primaryimage\"},\"thumbnailUrl\":\"https:\\\/\\\/www.apfelpatient.de\\\/wp-content\\\/uploads\\\/2024\\\/04\\\/apple_ipad-pro-spring21_ipad-pro-magic-keyboard-2up_04202021-2-1.jpg\",\"datePublished\":\"2024-04-28T14:22:12+00:00\",\"dateModified\":\"2024-04-28T14:22:13+00:00\",\"description\":\"Neues Ger\u00fccht: K\u00f6nnte das neue iPad Pro den M3 \u00fcberspringen? Alles \u00fcber den m\u00f6glichen M4 Chip und seine Vorteile hier.\",\"breadcrumb\":{\"@id\":\"https:\\\/\\\/www.apfelpatient.de\\\/rumors\\\/bericht-neues-ipad-pro-koennte-auf-m4-chip-setzen#breadcrumb\"},\"inLanguage\":\"en-US\",\"potentialAction\":[{\"@type\":\"ReadAction\",\"target\":[\"https:\\\/\\\/www.apfelpatient.de\\\/rumors\\\/bericht-neues-ipad-pro-koennte-auf-m4-chip-setzen\"]}]},{\"@type\":\"ImageObject\",\"inLanguage\":\"en-US\",\"@id\":\"https:\\\/\\\/www.apfelpatient.de\\\/rumors\\\/bericht-neues-ipad-pro-koennte-auf-m4-chip-setzen#primaryimage\",\"url\":\"https:\\\/\\\/www.apfelpatient.de\\\/wp-content\\\/uploads\\\/2024\\\/04\\\/apple_ipad-pro-spring21_ipad-pro-magic-keyboard-2up_04202021-2-1.jpg\",\"contentUrl\":\"https:\\\/\\\/www.apfelpatient.de\\\/wp-content\\\/uploads\\\/2024\\\/04\\\/apple_ipad-pro-spring21_ipad-pro-magic-keyboard-2up_04202021-2-1.jpg\",\"width\":1600,\"height\":900,\"caption\":\"Bild: Apple\"},{\"@type\":\"BreadcrumbList\",\"@id\":\"https:\\\/\\\/www.apfelpatient.de\\\/rumors\\\/bericht-neues-ipad-pro-koennte-auf-m4-chip-setzen#breadcrumb\",\"itemListElement\":[{\"@type\":\"ListItem\",\"position\":1,\"name\":\"Startseite\",\"item\":\"https:\\\/\\\/www.apfelpatient.de\\\/\"},{\"@type\":\"ListItem\",\"position\":2,\"name\":\"Bericht: Neues iPad Pro k\u00f6nnte auf M4-Chip setzen\"}]},{\"@type\":\"WebSite\",\"@id\":\"https:\\\/\\\/www.apfelpatient.de\\\/#website\",\"url\":\"https:\\\/\\\/www.apfelpatient.de\\\/\",\"name\":\"Apfelpatient\",\"description\":\"Alles rund um Apple!\",\"publisher\":{\"@type\":\"Organization\",\"@id\":\"https:\\\/\\\/www.apfelpatient.de\\\/en\\\/#organization\",\"name\":\"Apfelpatient\",\"url\":\"https:\\\/\\\/www.apfelpatient.de\\\/en\\\/\"},\"alternateName\":\"Apfelpatient\",\"potentialAction\":[{\"@type\":\"SearchAction\",\"target\":{\"@type\":\"EntryPoint\",\"urlTemplate\":\"https:\\\/\\\/www.apfelpatient.de\\\/?s={search_term_string}\"},\"query-input\":{\"@type\":\"PropertyValueSpecification\",\"valueRequired\":true,\"valueName\":\"search_term_string\"}}],\"inLanguage\":\"en-US\"},{\"@type\":[\"Person\",\"Organization\"],\"@id\":\"https:\\\/\\\/www.apfelpatient.de\\\/#\\\/schema\\\/person\\\/35b3ddba5832f2bfc7fff5206d4f6b7b\",\"name\":\"Milan\",\"logo\":{\"@id\":\"https:\\\/\\\/www.apfelpatient.de\\\/#\\\/schema\\\/person\\\/image\\\/\"},\"description\":\"Hallo und herzlich willkommen auf meinem Technik-Blog! Als gro\u00dfer Apple-Fan berichte ich hier \u00fcber alles, was mit Apple zu tun hat: von den neuesten News und spannenden Ger\u00fcchten \u00fcber hilfreiche Tipps und Tricks bis hin zu ausf\u00fchrlichen Produkttests. Wenn du genauso technikbegeistert bist wie ich, bist du hier genau richtig!\",\"sameAs\":[\"https:\\\/\\\/www.facebook.com\\\/apfelpatientOfficial\",\"https:\\\/\\\/www.linkedin.com\\\/in\\\/milan-jovicic-42aa0231b\"],\"url\":\"https:\\\/\\\/www.apfelpatient.de\\\/en\\\/author\\\/apfeladmin\"}]}<\/script>\n<!-- \/ Yoast SEO Premium plugin. -->","yoast_head_json":{"title":"Report: New iPad Pro could use M4 chip Apfelpatient","description":"New rumor: Could the new iPad Pro skip the M3? Everything about the possible M4 chip and its advantages here.","robots":{"index":"index","follow":"follow","max-snippet":"max-snippet:-1","max-image-preview":"max-image-preview:large","max-video-preview":"max-video-preview:-1"},"canonical":"https:\/\/www.apfelpatient.de\/en\/rumors\/report-new-ipad-pro-could-use-m4-chip","og_locale":"en_US","og_type":"article","og_title":"Bericht: Neues iPad Pro k\u00f6nnte auf M4-Chip setzen","og_description":"Neues Ger\u00fccht: K\u00f6nnte das neue iPad Pro den M3 \u00fcberspringen? Alles \u00fcber den m\u00f6glichen M4 Chip und seine Vorteile hier.","og_url":"https:\/\/www.apfelpatient.de\/en\/rumors\/report-new-ipad-pro-could-use-m4-chip","og_site_name":"Apfelpatient","article_publisher":"https:\/\/www.facebook.com\/apfelpatientOfficial","article_author":"https:\/\/www.facebook.com\/apfelpatientOfficial","article_published_time":"2024-04-28T14:22:12+00:00","article_modified_time":"2024-04-28T14:22:13+00:00","og_image":[{"width":1600,"height":900,"url":"https:\/\/www.apfelpatient.de\/wp-content\/uploads\/2024\/04\/apple_ipad-pro-spring21_ipad-pro-magic-keyboard-2up_04202021-2-1.jpg","type":"image\/jpeg"}],"author":"Milan","twitter_card":"summary_large_image","twitter_description":"Neues Ger\u00fccht: K\u00f6nnte das neue iPad Pro den M3 \u00fcberspringen? Alles \u00fcber den m\u00f6glichen M4 Chip und seine Vorteile hier.","twitter_misc":{"Written by":"Milan","Est. reading time":"3 minutes"},"schema":{"@context":"https:\/\/schema.org","@graph":[{"@type":"NewsArticle","@id":"https:\/\/www.apfelpatient.de\/rumors\/bericht-neues-ipad-pro-koennte-auf-m4-chip-setzen#article","isPartOf":{"@id":"https:\/\/www.apfelpatient.de\/rumors\/bericht-neues-ipad-pro-koennte-auf-m4-chip-setzen"},"author":{"@type":"Organization","@id":"https:\/\/www.apfelpatient.de\/en\/#organization","name":"Apfelpatient","url":"https:\/\/www.apfelpatient.de\/en\/"},"headline":"Bericht: Neues iPad Pro k\u00f6nnte auf M4-Chip setzen","datePublished":"2024-04-28T14:22:12+00:00","dateModified":"2024-04-28T14:22:13+00:00","mainEntityOfPage":{"@id":"https:\/\/www.apfelpatient.de\/rumors\/bericht-neues-ipad-pro-koennte-auf-m4-chip-setzen"},"wordCount":415,"publisher":{"@type":"Organization","@id":"https:\/\/www.apfelpatient.de\/en\/#organization","name":"Apfelpatient","url":"https:\/\/www.apfelpatient.de\/en\/"},"image":{"@id":"https:\/\/www.apfelpatient.de\/rumors\/bericht-neues-ipad-pro-koennte-auf-m4-chip-setzen#primaryimage"},"thumbnailUrl":"https:\/\/www.apfelpatient.de\/wp-content\/uploads\/2024\/04\/apple_ipad-pro-spring21_ipad-pro-magic-keyboard-2up_04202021-2-1.jpg","keywords":["iPad","iPad Pro"],"articleSection":"Rumors","inLanguage":"en-US","copyrightYear":"2024","copyrightHolder":{"@id":"https:\/\/www.apfelpatient.de\/en\/#organization"}},{"@type":"WebPage","@id":"https:\/\/www.apfelpatient.de\/rumors\/bericht-neues-ipad-pro-koennte-auf-m4-chip-setzen","url":"https:\/\/www.apfelpatient.de\/rumors\/bericht-neues-ipad-pro-koennte-auf-m4-chip-setzen","name":"Report: New iPad Pro could use M4 chip Apfelpatient","isPartOf":{"@id":"https:\/\/www.apfelpatient.de\/#website"},"primaryImageOfPage":{"@id":"https:\/\/www.apfelpatient.de\/rumors\/bericht-neues-ipad-pro-koennte-auf-m4-chip-setzen#primaryimage"},"image":{"@id":"https:\/\/www.apfelpatient.de\/rumors\/bericht-neues-ipad-pro-koennte-auf-m4-chip-setzen#primaryimage"},"thumbnailUrl":"https:\/\/www.apfelpatient.de\/wp-content\/uploads\/2024\/04\/apple_ipad-pro-spring21_ipad-pro-magic-keyboard-2up_04202021-2-1.jpg","datePublished":"2024-04-28T14:22:12+00:00","dateModified":"2024-04-28T14:22:13+00:00","description":"New rumor: Could the new iPad Pro skip the M3? Everything about the possible M4 chip and its advantages here.","breadcrumb":{"@id":"https:\/\/www.apfelpatient.de\/rumors\/bericht-neues-ipad-pro-koennte-auf-m4-chip-setzen#breadcrumb"},"inLanguage":"en-US","potentialAction":[{"@type":"ReadAction","target":["https:\/\/www.apfelpatient.de\/rumors\/bericht-neues-ipad-pro-koennte-auf-m4-chip-setzen"]}]},{"@type":"ImageObject","inLanguage":"en-US","@id":"https:\/\/www.apfelpatient.de\/rumors\/bericht-neues-ipad-pro-koennte-auf-m4-chip-setzen#primaryimage","url":"https:\/\/www.apfelpatient.de\/wp-content\/uploads\/2024\/04\/apple_ipad-pro-spring21_ipad-pro-magic-keyboard-2up_04202021-2-1.jpg","contentUrl":"https:\/\/www.apfelpatient.de\/wp-content\/uploads\/2024\/04\/apple_ipad-pro-spring21_ipad-pro-magic-keyboard-2up_04202021-2-1.jpg","width":1600,"height":900,"caption":"Bild: Apple"},{"@type":"BreadcrumbList","@id":"https:\/\/www.apfelpatient.de\/rumors\/bericht-neues-ipad-pro-koennte-auf-m4-chip-setzen#breadcrumb","itemListElement":[{"@type":"ListItem","position":1,"name":"Startseite","item":"https:\/\/www.apfelpatient.de\/"},{"@type":"ListItem","position":2,"name":"Bericht: Neues iPad Pro k\u00f6nnte auf M4-Chip setzen"}]},{"@type":"WebSite","@id":"https:\/\/www.apfelpatient.de\/#website","url":"https:\/\/www.apfelpatient.de\/","name":"apple patient","description":"Everything about Apple!","publisher":{"@type":"Organization","@id":"https:\/\/www.apfelpatient.de\/en\/#organization","name":"Apfelpatient","url":"https:\/\/www.apfelpatient.de\/en\/"},"alternateName":"Apfelpatient","potentialAction":[{"@type":"SearchAction","target":{"@type":"EntryPoint","urlTemplate":"https:\/\/www.apfelpatient.de\/?s={search_term_string}"},"query-input":{"@type":"PropertyValueSpecification","valueRequired":true,"valueName":"search_term_string"}}],"inLanguage":"en-US"},{"@type":["Person","Organization"],"@id":"https:\/\/www.apfelpatient.de\/#\/schema\/person\/35b3ddba5832f2bfc7fff5206d4f6b7b","name":"Milan","logo":{"@id":"https:\/\/www.apfelpatient.de\/#\/schema\/person\/image\/"},"description":"Hello and welcome to my technology blog! As a big Apple fan, I report on everything to do with Apple: from the latest news and exciting rumors to helpful tips and tricks and detailed product tests. If you are as enthusiastic about technology as I am, you have come to the right place!","sameAs":["https:\/\/www.facebook.com\/apfelpatientOfficial","https:\/\/www.linkedin.com\/in\/milan-jovicic-42aa0231b"],"url":"https:\/\/www.apfelpatient.de\/en\/author\/apfeladmin"}]}},"_links":{"self":[{"href":"https:\/\/www.apfelpatient.de\/en\/wp-json\/wp\/v2\/posts\/43348","targetHints":{"allow":["GET"]}}],"collection":[{"href":"https:\/\/www.apfelpatient.de\/en\/wp-json\/wp\/v2\/posts"}],"about":[{"href":"https:\/\/www.apfelpatient.de\/en\/wp-json\/wp\/v2\/types\/post"}],"author":[{"embeddable":true,"href":"https:\/\/www.apfelpatient.de\/en\/wp-json\/wp\/v2\/users\/2"}],"replies":[{"embeddable":true,"href":"https:\/\/www.apfelpatient.de\/en\/wp-json\/wp\/v2\/comments?post=43348"}],"version-history":[{"count":0,"href":"https:\/\/www.apfelpatient.de\/en\/wp-json\/wp\/v2\/posts\/43348\/revisions"}],"wp:featuredmedia":[{"embeddable":true,"href":"https:\/\/www.apfelpatient.de\/en\/wp-json\/wp\/v2\/media\/43349"}],"wp:attachment":[{"href":"https:\/\/www.apfelpatient.de\/en\/wp-json\/wp\/v2\/media?parent=43348"}],"wp:term":[{"taxonomy":"category","embeddable":true,"href":"https:\/\/www.apfelpatient.de\/en\/wp-json\/wp\/v2\/categories?post=43348"},{"taxonomy":"post_tag","embeddable":true,"href":"https:\/\/www.apfelpatient.de\/en\/wp-json\/wp\/v2\/tags?post=43348"}],"curies":[{"name":"wp","href":"https:\/\/api.w.org\/{rel}","templated":true}]}}