{"id":43344,"date":"2024-04-30T15:49:06","date_gmt":"2024-04-30T13:49:06","guid":{"rendered":"https:\/\/www.apfelpatient.de\/?p=43344"},"modified":"2024-06-06T20:18:05","modified_gmt":"2024-06-06T18:18:05","slug":"apples-m4-mac-pro-what-to-expect","status":"publish","type":"post","link":"https:\/\/www.apfelpatient.de\/en\/allgemein\/apples-m4-mac-pro-was-zu-erwarten-ist","title":{"rendered":"Apple&#039;s M4 Mac Pro: What to Expect"},"content":{"rendered":"<p class=\"has-drop-cap\"><strong>Apple&#039;s Mac Pro has always pushed the boundaries of computing power, especially for professional users in video, photography, and design. After the last refresh in June 2023, which saw Apple move from Intel chips to its own Apple Silicon chips, more innovations are on the way. Here&#039;s what to expect from the next generation of Mac Pro, the M4 Mac Pro.<\/strong><\/p>\n\n\n\n<p>The move to Apple&#039;s own chips began with the M2 Ultra chip, which is also used in the Mac Studio. Despite the impressive performance of this chip, there was criticism, especially when compared to the expectations that professional users have of a workstation computer like the Mac Pro. This feedback has prompted Apple to work on an even more powerful version.<\/p>\n\n\n\n<h3 class=\"wp-block-heading\" id=\"h-m4-chip-die-nachste-generation\">M4 Chip \u2013 The Next Generation<\/h3>\n\n\n\n<p>With the M4 chip, Apple is planning a significant performance increase. According to Mark Gurman of Bloomberg, Apple is working on a regular upgrade cycle for its Mac chips, similar to that of the iPhone chips. The upcoming Mac Pro is expected to use the most powerful M4 chip, known by the code name &quot;Hidra&quot;. This chip is said to be specifically designed for demanding AI tasks and offer an improved neural engine with more cores.<\/p>\n\n\n\n<h3 class=\"wp-block-heading\" id=\"h-unified-memory-mehr-speicher-als-je-zuvor\">Unified Memory \u2013 More memory than ever before<\/h3>\n\n\n\n<p>The Mac Pro could be equipped with up to 500GB of unified memory, a significant increase from the current maximum of 192GB. This memory expansion is crucial for professional applications that work with large amounts of data.<\/p>\n\n\n\n<h3 class=\"wp-block-heading\" id=\"h-mac-pro-design-und-konstruktionsuberlegungen\">Mac Pro: Design and Engineering Considerations<\/h3>\n\n\n\n<p>Since the major design update in 2019, Apple has made little external changes to the Mac Pro. It remains to be seen whether internal adjustments will be made to support the new M4 chips. Although no external design changes are confirmed, the internal upgrades could bring significant new features.<\/p>\n\n\n\n<h3 class=\"wp-block-heading\" id=\"h-markteinfuhrungsdatum\">market launch date<\/h3>\n\n\n\n<p>The Mac Pro is expected to be the last Mac to receive the M4 chip, with a planned launch in late 2025. This date gives Apple time to further refine the technology and ensure it meets the high expectations of its professional users.<\/p>\n\n\n\n<h3 class=\"wp-block-heading\" id=\"h-m4-mac-pro-ein-neues-zeitalter-der-leistung-und-innovation\">M4 Mac Pro: A new era of performance and innovation<\/h3>\n\n\n\n<p class=\"translation-block\">The M4 Mac Pro promises to continue Apple&#039;s tradition of innovation and performance. With enhanced AI capabilities and a massive increase in unified memory, Apple is setting new standards in the world of professional desktop computers. Keep an eye on developments, as the M4 Mac Pro could once again redefine the way professionals work. Looking for new accessories? Then check <a href=\"https:\/\/www.amazon.de\/shop\/apfelpatientofficial\" target=\"_blank\" rel=\"noreferrer noopener follow\" data-wpel-link=\"exclude\">out our Amazon Storefront<\/a> \u2013 there you&#039;ll find numerous products from leading suppliers, including products for HomeKit and more! (Photo by hadrian \/ Bigstockphoto)<\/p>\n\n\n\n<ul class=\"wp-block-list\">\n<li><a href=\"https:\/\/www.apfelpatient.de\/en\/generally\/when-will-all-mac-models-get-the-new-apple-m4\">When will all Mac models get the new Apple M4?<\/a><\/li>\n\n\n\n<li><a href=\"https:\/\/www.apfelpatient.de\/en\/generally\/apples-next-generation-insight-into-mac-pro-and-mac-studio\">Apple&#039;s next generation: Insight into Mac Pro and Mac Studio<\/a><\/li>\n\n\n\n<li><a href=\"https:\/\/www.apfelpatient.de\/en\/generally\/the-macbook-pro-m4-series-from-apple-what-to-expect\">Apple&#039;s MacBook Pro M4 lineup: What to expect<\/a><\/li>\n\n\n\n<li><a href=\"https:\/\/www.apfelpatient.de\/en\/generally\/apples-m4-mac-studio-what-is-known-so-far\">Apple&#039;s M4 Mac Studio: What is known so far<\/a><\/li>\n\n\n\n<li><a href=\"https:\/\/www.apfelpatient.de\/en\/generally\/apples-m4-macbook-air-what-to-expect\">Apple&#039;s M4 MacBook Air: What to Expect<\/a><\/li>\n\n\n\n<li><a href=\"https:\/\/www.apfelpatient.de\/en\/generally\/preview-apples-next-studio-and-pro-xdr-displays\">Preview: Apple&#039;s next Studio and Pro XDR displays<\/a><\/li>\n\n\n\n<li><a href=\"https:\/\/www.apfelpatient.de\/en\/generally\/apples-m4-mac-mini-what-we-know\">Apple&#039;s M4 Mac Mini: What we know<\/a><\/li>\n\n\n\n<li><a href=\"https:\/\/www.apfelpatient.de\/en\/generally\/apples-m4-imac-what-to-expect\">Apple&#039;s M4 iMac: What to Expect<\/a><\/li>\n\n\n\n<li><a href=\"https:\/\/www.apfelpatient.de\/en\/generally\/the-foldable-macbook-what-can-we-expect-from-apple\">The foldable MacBook: What can we expect from Apple?<\/a><\/li>\n<\/ul>\n\n\n\n<h6 class=\"wp-block-heading translation-block\" id=\"h-kennt-ihr-schon-unsere-amazon-storefront-dort-findet-ihr-eine-handverlesene-auswahl-von-diversen-produkten-f-r-euer-iphone-und-co-viel-spa-beim-st-bern\"><em>Have you already visited our Amazon Storefront? There you&#039;ll find a hand-picked selection of various products for your iPhone and other devices \u2013 <span class=\"has-inline-color has-vivid-red-color\"><a href=\"https:\/\/www.amazon.de\/shop\/apfelpatientofficial\" class=\"ek-link\" data-wpel-link=\"exclude\" rel=\"follow noopener\" target=\"_self\"><span style=\"text-decoration: underline\" class=\"ek-underline\">enjoy browsing<\/span><\/a> !<\/span><\/em><\/h6>\n\n\n\n<h6 class=\"wp-block-heading translation-block\" id=\"h-der-beitrag-enthalt-partnerlinks\">This post contains <a data-type=\"URL\" data-id=\"https:\/\/www.apfelpatient.de\/partnerprogramm\" href=\"https:\/\/www.apfelpatient.de\/en\/partner-program\" data-wpel-link=\"internal\" target=\"_self\">affiliate links<\/a>.<\/h6>","protected":false},"excerpt":{"rendered":"<p>What does the M4 Mac Pro 2025 bring? More power, more memory, revolutionary AI capabilities. Find out more here!<\/p>","protected":false},"author":2,"featured_media":43346,"comment_status":"closed","ping_status":"closed","sticky":false,"template":"","format":"standard","meta":{"jnews-multi-image_gallery":[],"jnews_single_post":{"subtitle":"","format":"standard","video":"","gallery":"","source_name":"","source_url":"","via_name":"","via_url":"","override_template":"0","override":[{"template":"4","single_blog_custom":"","parallax":"1","fullscreen":"1","layout":"right-sidebar","sidebar":"default-sidebar","second_sidebar":"default-sidebar","sticky_sidebar":"1","share_position":"top","share_float_style":"share-monocrhome","show_share_counter":"0","show_view_counter":"0","show_featured":"1","show_post_meta":"1","show_post_author":"1","show_post_author_image":"1","show_post_date":"1","post_date_format":"default","post_date_format_custom":"Y\/m\/d","show_post_category":"1","show_post_reading_time":"0","post_reading_time_wpm":"300","show_zoom_button":"0","zoom_button_out_step":"2","zoom_button_in_step":"3","show_post_tag":"1","show_prev_next_post":"1","show_popup_post":"1","number_popup_post":"1","show_author_box":"0","show_post_related":"0","show_inline_post_related":"0"}],"override_image_size":"0","image_override":[{"single_post_thumbnail_size":"crop-500","single_post_gallery_size":"crop-500"}],"trending_post":"0","trending_post_position":"meta","trending_post_label":"Trending","sponsored_post":"0","sponsored_post_label":"Sponsored by","sponsored_post_name":"","sponsored_post_url":"","sponsored_post_logo_enable":"0","sponsored_post_logo":"","sponsored_post_desc":"","disable_ad":"0"},"jnews_primary_category":{"id":"2","hide":""},"footnotes":""},"categories":[2],"tags":[420,40,234],"class_list":["post-43344","post","type-post","status-publish","format-standard","has-post-thumbnail","hentry","category-allgemein","tag-apple-silicon","tag-mac","tag-mac-pro"],"yoast_head":"<!-- This site is optimized with the Yoast SEO Premium plugin v27.5 (Yoast SEO v27.5) - https:\/\/yoast.com\/product\/yoast-seo-premium-wordpress\/ -->\n<title>Apples M4 Mac Pro: Was zu erwarten ist Apfelpatient<\/title>\n<meta name=\"description\" content=\"Was bringt der M4 Mac Pro 2025? Mehr Leistung, mehr Speicher, revolution\u00e4re KI-F\u00e4higkeiten. Erfahre hier mehr!\" \/>\n<meta name=\"robots\" content=\"index, follow, max-snippet:-1, max-image-preview:large, max-video-preview:-1\" \/>\n<link rel=\"canonical\" href=\"https:\/\/www.apfelpatient.de\/en\/generally\/apples-m4-mac-pro-what-to-expect\" \/>\n<meta property=\"og:locale\" content=\"en_US\" \/>\n<meta property=\"og:type\" content=\"article\" \/>\n<meta property=\"og:title\" content=\"Apples M4 Mac Pro: Was zu erwarten ist\" \/>\n<meta property=\"og:description\" content=\"Was bringt der M4 Mac Pro 2025? Mehr Leistung, mehr Speicher, revolution\u00e4re KI-F\u00e4higkeiten. Erfahre hier mehr!\" \/>\n<meta property=\"og:url\" content=\"https:\/\/www.apfelpatient.de\/en\/generally\/apples-m4-mac-pro-what-to-expect\" \/>\n<meta property=\"og:site_name\" content=\"Apfelpatient\" \/>\n<meta property=\"article:publisher\" content=\"https:\/\/www.facebook.com\/apfelpatientOfficial\" \/>\n<meta property=\"article:author\" content=\"https:\/\/www.facebook.com\/apfelpatientOfficial\" \/>\n<meta property=\"article:published_time\" content=\"2024-04-30T13:49:06+00:00\" \/>\n<meta property=\"article:modified_time\" content=\"2024-06-06T18:18:05+00:00\" \/>\n<meta property=\"og:image\" content=\"https:\/\/www.apfelpatient.de\/wp-content\/uploads\/2024\/04\/bigstock-Paris-France-Sep-434629250.jpg\" \/>\n\t<meta property=\"og:image:width\" content=\"1600\" \/>\n\t<meta property=\"og:image:height\" content=\"1200\" \/>\n\t<meta property=\"og:image:type\" content=\"image\/jpeg\" \/>\n<meta name=\"author\" content=\"Milan\" \/>\n<meta name=\"twitter:card\" content=\"summary_large_image\" \/>\n<meta name=\"twitter:description\" content=\"Was bringt der M4 Mac Pro 2025? Mehr Leistung, mehr Speicher, revolution\u00e4re KI-F\u00e4higkeiten. Erfahre hier mehr!\" \/>\n<meta name=\"twitter:label1\" content=\"Written by\" \/>\n\t<meta name=\"twitter:data1\" content=\"Milan\" \/>\n\t<meta name=\"twitter:label2\" content=\"Est. reading time\" \/>\n\t<meta name=\"twitter:data2\" content=\"9 minutes\" \/>\n<script type=\"application\/ld+json\" class=\"yoast-schema-graph\">{\"@context\":\"https:\\\/\\\/schema.org\",\"@graph\":[{\"@type\":\"NewsArticle\",\"@id\":\"https:\\\/\\\/www.apfelpatient.de\\\/allgemein\\\/apples-m4-mac-pro-was-zu-erwarten-ist#article\",\"isPartOf\":{\"@id\":\"https:\\\/\\\/www.apfelpatient.de\\\/allgemein\\\/apples-m4-mac-pro-was-zu-erwarten-ist\"},\"author\":{\"@type\":\"Organization\",\"@id\":\"https:\\\/\\\/www.apfelpatient.de\\\/en\\\/#organization\",\"name\":\"Apfelpatient\",\"url\":\"https:\\\/\\\/www.apfelpatient.de\\\/en\\\/\"},\"headline\":\"Apples M4 Mac Pro: Was zu erwarten ist\",\"datePublished\":\"2024-04-30T13:49:06+00:00\",\"dateModified\":\"2024-06-06T18:18:05+00:00\",\"mainEntityOfPage\":{\"@id\":\"https:\\\/\\\/www.apfelpatient.de\\\/allgemein\\\/apples-m4-mac-pro-was-zu-erwarten-ist\"},\"wordCount\":535,\"publisher\":{\"@type\":\"Organization\",\"@id\":\"https:\\\/\\\/www.apfelpatient.de\\\/en\\\/#organization\",\"name\":\"Apfelpatient\",\"url\":\"https:\\\/\\\/www.apfelpatient.de\\\/en\\\/\"},\"image\":{\"@id\":\"https:\\\/\\\/www.apfelpatient.de\\\/allgemein\\\/apples-m4-mac-pro-was-zu-erwarten-ist#primaryimage\"},\"thumbnailUrl\":\"https:\\\/\\\/www.apfelpatient.de\\\/wp-content\\\/uploads\\\/2024\\\/04\\\/bigstock-Paris-France-Sep-434629250.jpg\",\"keywords\":[\"Apple Silicon\",\"Mac\",\"Mac Pro\"],\"articleSection\":\"Allgemein\",\"inLanguage\":\"en-US\",\"copyrightYear\":\"2024\",\"copyrightHolder\":{\"@id\":\"https:\\\/\\\/www.apfelpatient.de\\\/en\\\/#organization\"}},{\"@type\":\"WebPage\",\"@id\":\"https:\\\/\\\/www.apfelpatient.de\\\/allgemein\\\/apples-m4-mac-pro-was-zu-erwarten-ist\",\"url\":\"https:\\\/\\\/www.apfelpatient.de\\\/allgemein\\\/apples-m4-mac-pro-was-zu-erwarten-ist\",\"name\":\"Apples M4 Mac Pro: Was zu erwarten ist Apfelpatient\",\"isPartOf\":{\"@id\":\"https:\\\/\\\/www.apfelpatient.de\\\/#website\"},\"primaryImageOfPage\":{\"@id\":\"https:\\\/\\\/www.apfelpatient.de\\\/allgemein\\\/apples-m4-mac-pro-was-zu-erwarten-ist#primaryimage\"},\"image\":{\"@id\":\"https:\\\/\\\/www.apfelpatient.de\\\/allgemein\\\/apples-m4-mac-pro-was-zu-erwarten-ist#primaryimage\"},\"thumbnailUrl\":\"https:\\\/\\\/www.apfelpatient.de\\\/wp-content\\\/uploads\\\/2024\\\/04\\\/bigstock-Paris-France-Sep-434629250.jpg\",\"datePublished\":\"2024-04-30T13:49:06+00:00\",\"dateModified\":\"2024-06-06T18:18:05+00:00\",\"description\":\"Was bringt der M4 Mac Pro 2025? Mehr Leistung, mehr Speicher, revolution\u00e4re KI-F\u00e4higkeiten. Erfahre hier mehr!\",\"breadcrumb\":{\"@id\":\"https:\\\/\\\/www.apfelpatient.de\\\/allgemein\\\/apples-m4-mac-pro-was-zu-erwarten-ist#breadcrumb\"},\"inLanguage\":\"en-US\",\"potentialAction\":[{\"@type\":\"ReadAction\",\"target\":[\"https:\\\/\\\/www.apfelpatient.de\\\/allgemein\\\/apples-m4-mac-pro-was-zu-erwarten-ist\"]}]},{\"@type\":\"ImageObject\",\"inLanguage\":\"en-US\",\"@id\":\"https:\\\/\\\/www.apfelpatient.de\\\/allgemein\\\/apples-m4-mac-pro-was-zu-erwarten-ist#primaryimage\",\"url\":\"https:\\\/\\\/www.apfelpatient.de\\\/wp-content\\\/uploads\\\/2024\\\/04\\\/bigstock-Paris-France-Sep-434629250.jpg\",\"contentUrl\":\"https:\\\/\\\/www.apfelpatient.de\\\/wp-content\\\/uploads\\\/2024\\\/04\\\/bigstock-Paris-France-Sep-434629250.jpg\",\"width\":1600,\"height\":1200,\"caption\":\"Paris, France - Sep 24, 2021: New powerful Apple Computers Mac Pro cheesegrater with the Pro Display XDR monitor workers people in background\"},{\"@type\":\"BreadcrumbList\",\"@id\":\"https:\\\/\\\/www.apfelpatient.de\\\/allgemein\\\/apples-m4-mac-pro-was-zu-erwarten-ist#breadcrumb\",\"itemListElement\":[{\"@type\":\"ListItem\",\"position\":1,\"name\":\"Startseite\",\"item\":\"https:\\\/\\\/www.apfelpatient.de\\\/\"},{\"@type\":\"ListItem\",\"position\":2,\"name\":\"Apples M4 Mac Pro: Was zu erwarten ist\"}]},{\"@type\":\"WebSite\",\"@id\":\"https:\\\/\\\/www.apfelpatient.de\\\/#website\",\"url\":\"https:\\\/\\\/www.apfelpatient.de\\\/\",\"name\":\"Apfelpatient\",\"description\":\"Alles rund um Apple!\",\"publisher\":{\"@type\":\"Organization\",\"@id\":\"https:\\\/\\\/www.apfelpatient.de\\\/en\\\/#organization\",\"name\":\"Apfelpatient\",\"url\":\"https:\\\/\\\/www.apfelpatient.de\\\/en\\\/\"},\"alternateName\":\"Apfelpatient\",\"potentialAction\":[{\"@type\":\"SearchAction\",\"target\":{\"@type\":\"EntryPoint\",\"urlTemplate\":\"https:\\\/\\\/www.apfelpatient.de\\\/?s={search_term_string}\"},\"query-input\":{\"@type\":\"PropertyValueSpecification\",\"valueRequired\":true,\"valueName\":\"search_term_string\"}}],\"inLanguage\":\"en-US\"},{\"@type\":[\"Person\",\"Organization\"],\"@id\":\"https:\\\/\\\/www.apfelpatient.de\\\/#\\\/schema\\\/person\\\/7dc56ad6c8e9824b76d2c08d4c140e13\",\"name\":\"Milan\",\"logo\":{\"@id\":\"https:\\\/\\\/www.apfelpatient.de\\\/#\\\/schema\\\/person\\\/image\\\/\"},\"description\":\"Hallo und herzlich willkommen auf meinem Technik-Blog! Als gro\u00dfer Apple-Fan berichte ich hier \u00fcber alles, was mit Apple zu tun hat: von den neuesten News und spannenden Ger\u00fcchten \u00fcber hilfreiche Tipps und Tricks bis hin zu ausf\u00fchrlichen Produkttests. Wenn du genauso technikbegeistert bist wie ich, bist du hier genau richtig!\",\"sameAs\":[\"https:\\\/\\\/www.facebook.com\\\/apfelpatientOfficial\",\"https:\\\/\\\/www.linkedin.com\\\/in\\\/milan-jovicic-42aa0231b\"],\"url\":\"https:\\\/\\\/www.apfelpatient.de\\\/en\\\/author\\\/apfeladmin\"}]}<\/script>\n<!-- \/ Yoast SEO Premium plugin. -->","yoast_head_json":{"title":"Apple&#039;s M4 Mac Pro: What to expect Apfelpatient","description":"What does the M4 Mac Pro 2025 bring? More power, more memory, revolutionary AI capabilities. Find out more here!","robots":{"index":"index","follow":"follow","max-snippet":"max-snippet:-1","max-image-preview":"max-image-preview:large","max-video-preview":"max-video-preview:-1"},"canonical":"https:\/\/www.apfelpatient.de\/en\/generally\/apples-m4-mac-pro-what-to-expect","og_locale":"en_US","og_type":"article","og_title":"Apples M4 Mac Pro: Was zu erwarten ist","og_description":"Was bringt der M4 Mac Pro 2025? Mehr Leistung, mehr Speicher, revolution\u00e4re KI-F\u00e4higkeiten. Erfahre hier mehr!","og_url":"https:\/\/www.apfelpatient.de\/en\/generally\/apples-m4-mac-pro-what-to-expect","og_site_name":"Apfelpatient","article_publisher":"https:\/\/www.facebook.com\/apfelpatientOfficial","article_author":"https:\/\/www.facebook.com\/apfelpatientOfficial","article_published_time":"2024-04-30T13:49:06+00:00","article_modified_time":"2024-06-06T18:18:05+00:00","og_image":[{"width":1600,"height":1200,"url":"https:\/\/www.apfelpatient.de\/wp-content\/uploads\/2024\/04\/bigstock-Paris-France-Sep-434629250.jpg","type":"image\/jpeg"}],"author":"Milan","twitter_card":"summary_large_image","twitter_description":"Was bringt der M4 Mac Pro 2025? Mehr Leistung, mehr Speicher, revolution\u00e4re KI-F\u00e4higkeiten. Erfahre hier mehr!","twitter_misc":{"Written by":"Milan","Est. reading time":"9 minutes"},"schema":{"@context":"https:\/\/schema.org","@graph":[{"@type":"NewsArticle","@id":"https:\/\/www.apfelpatient.de\/allgemein\/apples-m4-mac-pro-was-zu-erwarten-ist#article","isPartOf":{"@id":"https:\/\/www.apfelpatient.de\/allgemein\/apples-m4-mac-pro-was-zu-erwarten-ist"},"author":{"@type":"Organization","@id":"https:\/\/www.apfelpatient.de\/en\/#organization","name":"Apfelpatient","url":"https:\/\/www.apfelpatient.de\/en\/"},"headline":"Apples M4 Mac Pro: Was zu erwarten ist","datePublished":"2024-04-30T13:49:06+00:00","dateModified":"2024-06-06T18:18:05+00:00","mainEntityOfPage":{"@id":"https:\/\/www.apfelpatient.de\/allgemein\/apples-m4-mac-pro-was-zu-erwarten-ist"},"wordCount":535,"publisher":{"@type":"Organization","@id":"https:\/\/www.apfelpatient.de\/en\/#organization","name":"Apfelpatient","url":"https:\/\/www.apfelpatient.de\/en\/"},"image":{"@id":"https:\/\/www.apfelpatient.de\/allgemein\/apples-m4-mac-pro-was-zu-erwarten-ist#primaryimage"},"thumbnailUrl":"https:\/\/www.apfelpatient.de\/wp-content\/uploads\/2024\/04\/bigstock-Paris-France-Sep-434629250.jpg","keywords":["Apple Silicon","Mac","Mac Pro"],"articleSection":"Allgemein","inLanguage":"en-US","copyrightYear":"2024","copyrightHolder":{"@id":"https:\/\/www.apfelpatient.de\/en\/#organization"}},{"@type":"WebPage","@id":"https:\/\/www.apfelpatient.de\/allgemein\/apples-m4-mac-pro-was-zu-erwarten-ist","url":"https:\/\/www.apfelpatient.de\/allgemein\/apples-m4-mac-pro-was-zu-erwarten-ist","name":"Apple&#039;s M4 Mac Pro: What to expect Apfelpatient","isPartOf":{"@id":"https:\/\/www.apfelpatient.de\/#website"},"primaryImageOfPage":{"@id":"https:\/\/www.apfelpatient.de\/allgemein\/apples-m4-mac-pro-was-zu-erwarten-ist#primaryimage"},"image":{"@id":"https:\/\/www.apfelpatient.de\/allgemein\/apples-m4-mac-pro-was-zu-erwarten-ist#primaryimage"},"thumbnailUrl":"https:\/\/www.apfelpatient.de\/wp-content\/uploads\/2024\/04\/bigstock-Paris-France-Sep-434629250.jpg","datePublished":"2024-04-30T13:49:06+00:00","dateModified":"2024-06-06T18:18:05+00:00","description":"What does the M4 Mac Pro 2025 bring? More power, more memory, revolutionary AI capabilities. Find out more here!","breadcrumb":{"@id":"https:\/\/www.apfelpatient.de\/allgemein\/apples-m4-mac-pro-was-zu-erwarten-ist#breadcrumb"},"inLanguage":"en-US","potentialAction":[{"@type":"ReadAction","target":["https:\/\/www.apfelpatient.de\/allgemein\/apples-m4-mac-pro-was-zu-erwarten-ist"]}]},{"@type":"ImageObject","inLanguage":"en-US","@id":"https:\/\/www.apfelpatient.de\/allgemein\/apples-m4-mac-pro-was-zu-erwarten-ist#primaryimage","url":"https:\/\/www.apfelpatient.de\/wp-content\/uploads\/2024\/04\/bigstock-Paris-France-Sep-434629250.jpg","contentUrl":"https:\/\/www.apfelpatient.de\/wp-content\/uploads\/2024\/04\/bigstock-Paris-France-Sep-434629250.jpg","width":1600,"height":1200,"caption":"Paris, France - Sep 24, 2021: New powerful Apple Computers Mac Pro cheesegrater with the Pro Display XDR monitor workers people in background"},{"@type":"BreadcrumbList","@id":"https:\/\/www.apfelpatient.de\/allgemein\/apples-m4-mac-pro-was-zu-erwarten-ist#breadcrumb","itemListElement":[{"@type":"ListItem","position":1,"name":"Startseite","item":"https:\/\/www.apfelpatient.de\/"},{"@type":"ListItem","position":2,"name":"Apples M4 Mac Pro: Was zu erwarten ist"}]},{"@type":"WebSite","@id":"https:\/\/www.apfelpatient.de\/#website","url":"https:\/\/www.apfelpatient.de\/","name":"apple patient","description":"Everything about Apple!","publisher":{"@type":"Organization","@id":"https:\/\/www.apfelpatient.de\/en\/#organization","name":"Apfelpatient","url":"https:\/\/www.apfelpatient.de\/en\/"},"alternateName":"Apfelpatient","potentialAction":[{"@type":"SearchAction","target":{"@type":"EntryPoint","urlTemplate":"https:\/\/www.apfelpatient.de\/?s={search_term_string}"},"query-input":{"@type":"PropertyValueSpecification","valueRequired":true,"valueName":"search_term_string"}}],"inLanguage":"en-US"},{"@type":["Person","Organization"],"@id":"https:\/\/www.apfelpatient.de\/#\/schema\/person\/7dc56ad6c8e9824b76d2c08d4c140e13","name":"Milan","logo":{"@id":"https:\/\/www.apfelpatient.de\/#\/schema\/person\/image\/"},"description":"Hello and welcome to my technology blog! As a big Apple fan, I report on everything to do with Apple: from the latest news and exciting rumors to helpful tips and tricks and detailed product tests. If you are as enthusiastic about technology as I am, you have come to the right place!","sameAs":["https:\/\/www.facebook.com\/apfelpatientOfficial","https:\/\/www.linkedin.com\/in\/milan-jovicic-42aa0231b"],"url":"https:\/\/www.apfelpatient.de\/en\/author\/apfeladmin"}]}},"_links":{"self":[{"href":"https:\/\/www.apfelpatient.de\/en\/wp-json\/wp\/v2\/posts\/43344","targetHints":{"allow":["GET"]}}],"collection":[{"href":"https:\/\/www.apfelpatient.de\/en\/wp-json\/wp\/v2\/posts"}],"about":[{"href":"https:\/\/www.apfelpatient.de\/en\/wp-json\/wp\/v2\/types\/post"}],"author":[{"embeddable":true,"href":"https:\/\/www.apfelpatient.de\/en\/wp-json\/wp\/v2\/users\/2"}],"replies":[{"embeddable":true,"href":"https:\/\/www.apfelpatient.de\/en\/wp-json\/wp\/v2\/comments?post=43344"}],"version-history":[{"count":0,"href":"https:\/\/www.apfelpatient.de\/en\/wp-json\/wp\/v2\/posts\/43344\/revisions"}],"wp:featuredmedia":[{"embeddable":true,"href":"https:\/\/www.apfelpatient.de\/en\/wp-json\/wp\/v2\/media\/43346"}],"wp:attachment":[{"href":"https:\/\/www.apfelpatient.de\/en\/wp-json\/wp\/v2\/media?parent=43344"}],"wp:term":[{"taxonomy":"category","embeddable":true,"href":"https:\/\/www.apfelpatient.de\/en\/wp-json\/wp\/v2\/categories?post=43344"},{"taxonomy":"post_tag","embeddable":true,"href":"https:\/\/www.apfelpatient.de\/en\/wp-json\/wp\/v2\/tags?post=43344"}],"curies":[{"name":"wp","href":"https:\/\/api.w.org\/{rel}","templated":true}]}}