{"id":43309,"date":"2024-04-24T19:38:52","date_gmt":"2024-04-24T17:38:52","guid":{"rendered":"https:\/\/www.apfelpatient.de\/?p=43309"},"modified":"2024-04-24T19:38:53","modified_gmt":"2024-04-24T17:38:53","slug":"129-inch-ipad-air-but-no-mini-led-in-sight","status":"publish","type":"post","link":"https:\/\/www.apfelpatient.de\/en\/rumors\/129-zoll-ipad-air-doch-kein-mini-led-in-sicht","title":{"rendered":"12.9-inch iPad Air: No mini-LED in sight?"},"content":{"rendered":"<p class=\"has-drop-cap\"><strong>Over the years, Apple&#039;s iPad Air has become one of the most versatile and powerful tablets on the market. With each new generation, Apple manages to integrate innovations that improve the user experience. One particularly exciting topic is always the display technology, which makes a decisive contribution to the visual quality and the overall experience.<\/strong><\/p>\n\n\n\n<p>In the world of technology, constant change and improvement is the norm. Apple, a leader in the industry, is often at the center of this dynamic development. Recently, there were interesting rumors regarding the display of the upcoming 12.9-inch iPad Air, which were reported by Ross Young, CEO and analyst at Display Supply Chain Consultants. <a href=\"https:\/\/www.displaysupplychain.com\" target=\"_blank\" rel=\"noreferrer noopener\">divided<\/a> This information is especially relevant for fans and potential buyers of the iPad Air.<\/p>\n\n\n\n<h3 class=\"wp-block-heading\" id=\"h-aktuelle-entwicklungen-beim-ipad-air\">Current developments on the iPad Air<\/h3>\n\n\n\n<p>Contrary to earlier expectations, the new 12.9-inch iPad Air will now have an LCD display, similar to the smaller 10.9-inch model. It was originally speculated that Apple might rely on mini-LED technology, which is already used in the iPad Pro and offers numerous advantages, including higher brightness, deeper blacks and improved energy efficiency.<\/p>\n\n\n\n<h3 class=\"wp-block-heading\" id=\"h-grunde-fur-die-entscheidung-gegen-mini-led\">Reasons for the decision against Mini-LED<\/h3>\n\n\n\n<p>Ross Young has explained that the decision to avoid Mini-LED was made due to the high cost of this technology. This is important information for anyone hoping for a more technologically advanced display. Despite confirmation from various sources in the supply chain, the iPad Air will reportedly continue to use the tried and tested LCD technology.<\/p>\n\n\n\n<h3 class=\"wp-block-heading\" id=\"h-zukunftige-perspektiven\">Future Perspectives<\/h3>\n\n\n\n<p>Interestingly, Young hinted that there may be a new model with a 12.9-inch mini-LED display that will launch towards the end of 2024. It remains to be seen whether this device will be positioned as part of the iPad Air line, a new iPad Pro, or a completely new product category. The announcement of the next generation iPad Air and iPad Pro is highly anticipated at Apple&#039;s upcoming &quot;Let loose&quot; event on May 7.<\/p>\n\n\n\n<h3 class=\"wp-block-heading\" id=\"h-warum-apple-beim-ipad-air-auf-mini-led-verzichtet\">Why Apple is not using mini-LED on the iPad Air<\/h3>\n\n\n\n<p>Apple&#039;s decision to continue to use an LCD display on the upcoming 12.9-inch iPad Air shows how complex cost-benefit considerations can influence product development. While some may be disappointed that the mini-LED display will not be a feature of the iPad Air for the time being, the LCD display still offers excellent quality that will satisfy many users. With upcoming announcements and the constant development of technology, Apple remains an exciting player in the high-end tablet space. Fans and technology enthusiasts should therefore keep a close eye on developments so as not to miss any new releases. (Image: Apple)<\/p>\n\n\n\n<ul class=\"wp-block-list\">\n<li><a href=\"https:\/\/www.apfelpatient.de\/en\/news\/let-loose-with-apple-how-to-stream-the-ipad-event\">Let Loose with Apple: How to stream the iPad event<\/a><\/li>\n<\/ul>\n\n\n\n<h6 class=\"wp-block-heading translation-block\" id=\"h-kennt-ihr-schon-unsere-amazon-storefront-dort-findet-ihr-eine-handverlesene-auswahl-von-diversen-produkten-f-r-euer-iphone-und-co-viel-spa-beim-st-bern\"><em>Have you already visited our Amazon Storefront? There you&#039;ll find a hand-picked selection of various products for your iPhone and other devices \u2013 <span class=\"has-inline-color has-vivid-red-color\"><a href=\"https:\/\/www.amazon.de\/shop\/apfelpatientofficial\" class=\"ek-link\" data-wpel-link=\"exclude\" rel=\"follow noopener\" target=\"_self\"><span style=\"text-decoration: underline\" class=\"ek-underline\">enjoy browsing<\/span><\/a> !<\/span><\/em><\/h6>\n\n\n\n<h6 class=\"wp-block-heading translation-block\" id=\"h-der-beitrag-enthalt-partnerlinks\">This post contains <a data-type=\"URL\" data-id=\"https:\/\/www.apfelpatient.de\/partnerprogramm\" href=\"https:\/\/www.apfelpatient.de\/en\/partner-program\" data-wpel-link=\"internal\" target=\"_self\">affiliate links<\/a>.<\/h6>","protected":false},"excerpt":{"rendered":"<p>Find out why the new 12.9-inch iPad Air uses an LCD display and what that means for the technology.<\/p>","protected":false},"author":2,"featured_media":41147,"comment_status":"closed","ping_status":"closed","sticky":false,"template":"","format":"standard","meta":{"jnews-multi-image_gallery":[],"jnews_single_post":{"subtitle":"","format":"standard","video":"","gallery":"","source_name":"","source_url":"","via_name":"","via_url":"","override_template":"0","override":[{"template":"4","single_blog_custom":"","parallax":"1","fullscreen":"1","layout":"right-sidebar","sidebar":"default-sidebar","second_sidebar":"default-sidebar","sticky_sidebar":"1","share_position":"top","share_float_style":"share-monocrhome","show_share_counter":"0","show_view_counter":"0","show_featured":"1","show_post_meta":"1","show_post_author":"1","show_post_author_image":"1","show_post_date":"1","post_date_format":"default","post_date_format_custom":"Y\/m\/d","show_post_category":"1","show_post_reading_time":"0","post_reading_time_wpm":"300","show_zoom_button":"0","zoom_button_out_step":"2","zoom_button_in_step":"3","show_post_tag":"1","show_prev_next_post":"1","show_popup_post":"1","number_popup_post":"1","show_author_box":"0","show_post_related":"0","show_inline_post_related":"0"}],"override_image_size":"0","image_override":[{"single_post_thumbnail_size":"crop-500","single_post_gallery_size":"crop-500"}],"trending_post":"0","trending_post_position":"meta","trending_post_label":"Trending","sponsored_post":"0","sponsored_post_label":"Sponsored by","sponsored_post_name":"","sponsored_post_url":"","sponsored_post_logo_enable":"0","sponsored_post_logo":"","sponsored_post_desc":"","disable_ad":"0"},"jnews_primary_category":{"id":"","hide":""},"footnotes":""},"categories":[25],"tags":[18,240],"class_list":["post-43309","post","type-post","status-publish","format-standard","has-post-thumbnail","hentry","category-rumors","tag-ipad","tag-ipad-air"],"yoast_head":"<!-- This site is optimized with the Yoast SEO Premium plugin v27.5 (Yoast SEO v27.5) - https:\/\/yoast.com\/product\/yoast-seo-premium-wordpress\/ -->\n<title>12,9-Zoll iPad Air: Doch kein Mini-LED in Sicht? Apfelpatient<\/title>\n<meta name=\"description\" content=\"Erfahre, warum das neue 12,9-Zoll iPad Air auf ein LCD-Display setzt und was das f\u00fcr die Technologie bedeutet.\" \/>\n<meta name=\"robots\" content=\"index, follow, max-snippet:-1, max-image-preview:large, max-video-preview:-1\" \/>\n<link rel=\"canonical\" href=\"https:\/\/www.apfelpatient.de\/en\/rumors\/129-inch-ipad-air-but-no-mini-led-in-sight\" \/>\n<meta property=\"og:locale\" content=\"en_US\" \/>\n<meta property=\"og:type\" content=\"article\" \/>\n<meta property=\"og:title\" content=\"12,9-Zoll iPad Air: Doch kein Mini-LED in Sicht?\" \/>\n<meta property=\"og:description\" content=\"Erfahre, warum das neue 12,9-Zoll iPad Air auf ein LCD-Display setzt und was das f\u00fcr die Technologie bedeutet.\" \/>\n<meta property=\"og:url\" content=\"https:\/\/www.apfelpatient.de\/en\/rumors\/129-inch-ipad-air-but-no-mini-led-in-sight\" \/>\n<meta property=\"og:site_name\" content=\"Apfelpatient\" \/>\n<meta property=\"article:publisher\" content=\"https:\/\/www.facebook.com\/apfelpatientOfficial\" \/>\n<meta property=\"article:author\" content=\"https:\/\/www.facebook.com\/apfelpatientOfficial\" \/>\n<meta property=\"article:published_time\" content=\"2024-04-24T17:38:52+00:00\" \/>\n<meta property=\"article:modified_time\" content=\"2024-04-24T17:38:53+00:00\" \/>\n<meta property=\"og:image\" content=\"https:\/\/www.apfelpatient.de\/wp-content\/uploads\/2023\/11\/Apple-iPad-Air-Magic-Keyboard-220308.jpg\" \/>\n\t<meta property=\"og:image:width\" content=\"1600\" \/>\n\t<meta property=\"og:image:height\" content=\"1143\" \/>\n\t<meta property=\"og:image:type\" content=\"image\/jpeg\" \/>\n<meta name=\"author\" content=\"Milan\" \/>\n<meta name=\"twitter:card\" content=\"summary_large_image\" \/>\n<meta name=\"twitter:description\" content=\"Erfahre, warum das neue 12,9-Zoll iPad Air auf ein LCD-Display setzt und was das f\u00fcr die Technologie bedeutet.\" \/>\n<meta name=\"twitter:label1\" content=\"Written by\" \/>\n\t<meta name=\"twitter:data1\" content=\"Milan\" \/>\n\t<meta name=\"twitter:label2\" content=\"Est. reading time\" \/>\n\t<meta name=\"twitter:data2\" content=\"3 minutes\" \/>\n<script type=\"application\/ld+json\" class=\"yoast-schema-graph\">{\"@context\":\"https:\\\/\\\/schema.org\",\"@graph\":[{\"@type\":\"NewsArticle\",\"@id\":\"https:\\\/\\\/www.apfelpatient.de\\\/rumors\\\/129-zoll-ipad-air-doch-kein-mini-led-in-sicht#article\",\"isPartOf\":{\"@id\":\"https:\\\/\\\/www.apfelpatient.de\\\/rumors\\\/129-zoll-ipad-air-doch-kein-mini-led-in-sicht\"},\"author\":{\"@type\":\"Organization\",\"@id\":\"https:\\\/\\\/www.apfelpatient.de\\\/en\\\/#organization\",\"name\":\"Apfelpatient\",\"url\":\"https:\\\/\\\/www.apfelpatient.de\\\/en\\\/\"},\"headline\":\"12,9-Zoll iPad Air: Doch kein Mini-LED in Sicht?\",\"datePublished\":\"2024-04-24T17:38:52+00:00\",\"dateModified\":\"2024-04-24T17:38:53+00:00\",\"mainEntityOfPage\":{\"@id\":\"https:\\\/\\\/www.apfelpatient.de\\\/rumors\\\/129-zoll-ipad-air-doch-kein-mini-led-in-sicht\"},\"wordCount\":459,\"publisher\":{\"@type\":\"Organization\",\"@id\":\"https:\\\/\\\/www.apfelpatient.de\\\/en\\\/#organization\",\"name\":\"Apfelpatient\",\"url\":\"https:\\\/\\\/www.apfelpatient.de\\\/en\\\/\"},\"image\":{\"@id\":\"https:\\\/\\\/www.apfelpatient.de\\\/rumors\\\/129-zoll-ipad-air-doch-kein-mini-led-in-sicht#primaryimage\"},\"thumbnailUrl\":\"https:\\\/\\\/www.apfelpatient.de\\\/wp-content\\\/uploads\\\/2023\\\/11\\\/Apple-iPad-Air-Magic-Keyboard-220308.jpg\",\"keywords\":[\"iPad\",\"iPad Air\"],\"articleSection\":\"Rumors\",\"inLanguage\":\"en-US\",\"copyrightYear\":\"2024\",\"copyrightHolder\":{\"@id\":\"https:\\\/\\\/www.apfelpatient.de\\\/en\\\/#organization\"}},{\"@type\":\"WebPage\",\"@id\":\"https:\\\/\\\/www.apfelpatient.de\\\/rumors\\\/129-zoll-ipad-air-doch-kein-mini-led-in-sicht\",\"url\":\"https:\\\/\\\/www.apfelpatient.de\\\/rumors\\\/129-zoll-ipad-air-doch-kein-mini-led-in-sicht\",\"name\":\"12,9-Zoll iPad Air: Doch kein Mini-LED in Sicht? Apfelpatient\",\"isPartOf\":{\"@id\":\"https:\\\/\\\/www.apfelpatient.de\\\/#website\"},\"primaryImageOfPage\":{\"@id\":\"https:\\\/\\\/www.apfelpatient.de\\\/rumors\\\/129-zoll-ipad-air-doch-kein-mini-led-in-sicht#primaryimage\"},\"image\":{\"@id\":\"https:\\\/\\\/www.apfelpatient.de\\\/rumors\\\/129-zoll-ipad-air-doch-kein-mini-led-in-sicht#primaryimage\"},\"thumbnailUrl\":\"https:\\\/\\\/www.apfelpatient.de\\\/wp-content\\\/uploads\\\/2023\\\/11\\\/Apple-iPad-Air-Magic-Keyboard-220308.jpg\",\"datePublished\":\"2024-04-24T17:38:52+00:00\",\"dateModified\":\"2024-04-24T17:38:53+00:00\",\"description\":\"Erfahre, warum das neue 12,9-Zoll iPad Air auf ein LCD-Display setzt und was das f\u00fcr die Technologie bedeutet.\",\"breadcrumb\":{\"@id\":\"https:\\\/\\\/www.apfelpatient.de\\\/rumors\\\/129-zoll-ipad-air-doch-kein-mini-led-in-sicht#breadcrumb\"},\"inLanguage\":\"en-US\",\"potentialAction\":[{\"@type\":\"ReadAction\",\"target\":[\"https:\\\/\\\/www.apfelpatient.de\\\/rumors\\\/129-zoll-ipad-air-doch-kein-mini-led-in-sicht\"]}]},{\"@type\":\"ImageObject\",\"inLanguage\":\"en-US\",\"@id\":\"https:\\\/\\\/www.apfelpatient.de\\\/rumors\\\/129-zoll-ipad-air-doch-kein-mini-led-in-sicht#primaryimage\",\"url\":\"https:\\\/\\\/www.apfelpatient.de\\\/wp-content\\\/uploads\\\/2023\\\/11\\\/Apple-iPad-Air-Magic-Keyboard-220308.jpg\",\"contentUrl\":\"https:\\\/\\\/www.apfelpatient.de\\\/wp-content\\\/uploads\\\/2023\\\/11\\\/Apple-iPad-Air-Magic-Keyboard-220308.jpg\",\"width\":1600,\"height\":1143,\"caption\":\"Bild: Apple\"},{\"@type\":\"BreadcrumbList\",\"@id\":\"https:\\\/\\\/www.apfelpatient.de\\\/rumors\\\/129-zoll-ipad-air-doch-kein-mini-led-in-sicht#breadcrumb\",\"itemListElement\":[{\"@type\":\"ListItem\",\"position\":1,\"name\":\"Startseite\",\"item\":\"https:\\\/\\\/www.apfelpatient.de\\\/\"},{\"@type\":\"ListItem\",\"position\":2,\"name\":\"12,9-Zoll iPad Air: Doch kein Mini-LED in Sicht?\"}]},{\"@type\":\"WebSite\",\"@id\":\"https:\\\/\\\/www.apfelpatient.de\\\/#website\",\"url\":\"https:\\\/\\\/www.apfelpatient.de\\\/\",\"name\":\"Apfelpatient\",\"description\":\"Alles rund um Apple!\",\"publisher\":{\"@type\":\"Organization\",\"@id\":\"https:\\\/\\\/www.apfelpatient.de\\\/en\\\/#organization\",\"name\":\"Apfelpatient\",\"url\":\"https:\\\/\\\/www.apfelpatient.de\\\/en\\\/\"},\"alternateName\":\"Apfelpatient\",\"potentialAction\":[{\"@type\":\"SearchAction\",\"target\":{\"@type\":\"EntryPoint\",\"urlTemplate\":\"https:\\\/\\\/www.apfelpatient.de\\\/?s={search_term_string}\"},\"query-input\":{\"@type\":\"PropertyValueSpecification\",\"valueRequired\":true,\"valueName\":\"search_term_string\"}}],\"inLanguage\":\"en-US\"},{\"@type\":[\"Person\",\"Organization\"],\"@id\":\"https:\\\/\\\/www.apfelpatient.de\\\/#\\\/schema\\\/person\\\/35b3ddba5832f2bfc7fff5206d4f6b7b\",\"name\":\"Milan\",\"logo\":{\"@id\":\"https:\\\/\\\/www.apfelpatient.de\\\/#\\\/schema\\\/person\\\/image\\\/\"},\"description\":\"Hallo und herzlich willkommen auf meinem Technik-Blog! Als gro\u00dfer Apple-Fan berichte ich hier \u00fcber alles, was mit Apple zu tun hat: von den neuesten News und spannenden Ger\u00fcchten \u00fcber hilfreiche Tipps und Tricks bis hin zu ausf\u00fchrlichen Produkttests. Wenn du genauso technikbegeistert bist wie ich, bist du hier genau richtig!\",\"sameAs\":[\"https:\\\/\\\/www.facebook.com\\\/apfelpatientOfficial\",\"https:\\\/\\\/www.linkedin.com\\\/in\\\/milan-jovicic-42aa0231b\"],\"url\":\"https:\\\/\\\/www.apfelpatient.de\\\/en\\\/author\\\/apfeladmin\"}]}<\/script>\n<!-- \/ Yoast SEO Premium plugin. -->","yoast_head_json":{"title":"12.9-inch iPad Air: No mini-LED in sight? Apfelpatient","description":"Find out why the new 12.9-inch iPad Air uses an LCD display and what that means for the technology.","robots":{"index":"index","follow":"follow","max-snippet":"max-snippet:-1","max-image-preview":"max-image-preview:large","max-video-preview":"max-video-preview:-1"},"canonical":"https:\/\/www.apfelpatient.de\/en\/rumors\/129-inch-ipad-air-but-no-mini-led-in-sight","og_locale":"en_US","og_type":"article","og_title":"12,9-Zoll iPad Air: Doch kein Mini-LED in Sicht?","og_description":"Erfahre, warum das neue 12,9-Zoll iPad Air auf ein LCD-Display setzt und was das f\u00fcr die Technologie bedeutet.","og_url":"https:\/\/www.apfelpatient.de\/en\/rumors\/129-inch-ipad-air-but-no-mini-led-in-sight","og_site_name":"Apfelpatient","article_publisher":"https:\/\/www.facebook.com\/apfelpatientOfficial","article_author":"https:\/\/www.facebook.com\/apfelpatientOfficial","article_published_time":"2024-04-24T17:38:52+00:00","article_modified_time":"2024-04-24T17:38:53+00:00","og_image":[{"width":1600,"height":1143,"url":"https:\/\/www.apfelpatient.de\/wp-content\/uploads\/2023\/11\/Apple-iPad-Air-Magic-Keyboard-220308.jpg","type":"image\/jpeg"}],"author":"Milan","twitter_card":"summary_large_image","twitter_description":"Erfahre, warum das neue 12,9-Zoll iPad Air auf ein LCD-Display setzt und was das f\u00fcr die Technologie bedeutet.","twitter_misc":{"Written by":"Milan","Est. reading time":"3 minutes"},"schema":{"@context":"https:\/\/schema.org","@graph":[{"@type":"NewsArticle","@id":"https:\/\/www.apfelpatient.de\/rumors\/129-zoll-ipad-air-doch-kein-mini-led-in-sicht#article","isPartOf":{"@id":"https:\/\/www.apfelpatient.de\/rumors\/129-zoll-ipad-air-doch-kein-mini-led-in-sicht"},"author":{"@type":"Organization","@id":"https:\/\/www.apfelpatient.de\/en\/#organization","name":"Apfelpatient","url":"https:\/\/www.apfelpatient.de\/en\/"},"headline":"12,9-Zoll iPad Air: Doch kein Mini-LED in Sicht?","datePublished":"2024-04-24T17:38:52+00:00","dateModified":"2024-04-24T17:38:53+00:00","mainEntityOfPage":{"@id":"https:\/\/www.apfelpatient.de\/rumors\/129-zoll-ipad-air-doch-kein-mini-led-in-sicht"},"wordCount":459,"publisher":{"@type":"Organization","@id":"https:\/\/www.apfelpatient.de\/en\/#organization","name":"Apfelpatient","url":"https:\/\/www.apfelpatient.de\/en\/"},"image":{"@id":"https:\/\/www.apfelpatient.de\/rumors\/129-zoll-ipad-air-doch-kein-mini-led-in-sicht#primaryimage"},"thumbnailUrl":"https:\/\/www.apfelpatient.de\/wp-content\/uploads\/2023\/11\/Apple-iPad-Air-Magic-Keyboard-220308.jpg","keywords":["iPad","iPad Air"],"articleSection":"Rumors","inLanguage":"en-US","copyrightYear":"2024","copyrightHolder":{"@id":"https:\/\/www.apfelpatient.de\/en\/#organization"}},{"@type":"WebPage","@id":"https:\/\/www.apfelpatient.de\/rumors\/129-zoll-ipad-air-doch-kein-mini-led-in-sicht","url":"https:\/\/www.apfelpatient.de\/rumors\/129-zoll-ipad-air-doch-kein-mini-led-in-sicht","name":"12.9-inch iPad Air: No mini-LED in sight? Apfelpatient","isPartOf":{"@id":"https:\/\/www.apfelpatient.de\/#website"},"primaryImageOfPage":{"@id":"https:\/\/www.apfelpatient.de\/rumors\/129-zoll-ipad-air-doch-kein-mini-led-in-sicht#primaryimage"},"image":{"@id":"https:\/\/www.apfelpatient.de\/rumors\/129-zoll-ipad-air-doch-kein-mini-led-in-sicht#primaryimage"},"thumbnailUrl":"https:\/\/www.apfelpatient.de\/wp-content\/uploads\/2023\/11\/Apple-iPad-Air-Magic-Keyboard-220308.jpg","datePublished":"2024-04-24T17:38:52+00:00","dateModified":"2024-04-24T17:38:53+00:00","description":"Find out why the new 12.9-inch iPad Air uses an LCD display and what that means for the technology.","breadcrumb":{"@id":"https:\/\/www.apfelpatient.de\/rumors\/129-zoll-ipad-air-doch-kein-mini-led-in-sicht#breadcrumb"},"inLanguage":"en-US","potentialAction":[{"@type":"ReadAction","target":["https:\/\/www.apfelpatient.de\/rumors\/129-zoll-ipad-air-doch-kein-mini-led-in-sicht"]}]},{"@type":"ImageObject","inLanguage":"en-US","@id":"https:\/\/www.apfelpatient.de\/rumors\/129-zoll-ipad-air-doch-kein-mini-led-in-sicht#primaryimage","url":"https:\/\/www.apfelpatient.de\/wp-content\/uploads\/2023\/11\/Apple-iPad-Air-Magic-Keyboard-220308.jpg","contentUrl":"https:\/\/www.apfelpatient.de\/wp-content\/uploads\/2023\/11\/Apple-iPad-Air-Magic-Keyboard-220308.jpg","width":1600,"height":1143,"caption":"Bild: Apple"},{"@type":"BreadcrumbList","@id":"https:\/\/www.apfelpatient.de\/rumors\/129-zoll-ipad-air-doch-kein-mini-led-in-sicht#breadcrumb","itemListElement":[{"@type":"ListItem","position":1,"name":"Startseite","item":"https:\/\/www.apfelpatient.de\/"},{"@type":"ListItem","position":2,"name":"12,9-Zoll iPad Air: Doch kein Mini-LED in Sicht?"}]},{"@type":"WebSite","@id":"https:\/\/www.apfelpatient.de\/#website","url":"https:\/\/www.apfelpatient.de\/","name":"apple patient","description":"Everything about Apple!","publisher":{"@type":"Organization","@id":"https:\/\/www.apfelpatient.de\/en\/#organization","name":"Apfelpatient","url":"https:\/\/www.apfelpatient.de\/en\/"},"alternateName":"Apfelpatient","potentialAction":[{"@type":"SearchAction","target":{"@type":"EntryPoint","urlTemplate":"https:\/\/www.apfelpatient.de\/?s={search_term_string}"},"query-input":{"@type":"PropertyValueSpecification","valueRequired":true,"valueName":"search_term_string"}}],"inLanguage":"en-US"},{"@type":["Person","Organization"],"@id":"https:\/\/www.apfelpatient.de\/#\/schema\/person\/35b3ddba5832f2bfc7fff5206d4f6b7b","name":"Milan","logo":{"@id":"https:\/\/www.apfelpatient.de\/#\/schema\/person\/image\/"},"description":"Hello and welcome to my technology blog! As a big Apple fan, I report on everything to do with Apple: from the latest news and exciting rumors to helpful tips and tricks and detailed product tests. If you are as enthusiastic about technology as I am, you have come to the right place!","sameAs":["https:\/\/www.facebook.com\/apfelpatientOfficial","https:\/\/www.linkedin.com\/in\/milan-jovicic-42aa0231b"],"url":"https:\/\/www.apfelpatient.de\/en\/author\/apfeladmin"}]}},"_links":{"self":[{"href":"https:\/\/www.apfelpatient.de\/en\/wp-json\/wp\/v2\/posts\/43309","targetHints":{"allow":["GET"]}}],"collection":[{"href":"https:\/\/www.apfelpatient.de\/en\/wp-json\/wp\/v2\/posts"}],"about":[{"href":"https:\/\/www.apfelpatient.de\/en\/wp-json\/wp\/v2\/types\/post"}],"author":[{"embeddable":true,"href":"https:\/\/www.apfelpatient.de\/en\/wp-json\/wp\/v2\/users\/2"}],"replies":[{"embeddable":true,"href":"https:\/\/www.apfelpatient.de\/en\/wp-json\/wp\/v2\/comments?post=43309"}],"version-history":[{"count":0,"href":"https:\/\/www.apfelpatient.de\/en\/wp-json\/wp\/v2\/posts\/43309\/revisions"}],"wp:featuredmedia":[{"embeddable":true,"href":"https:\/\/www.apfelpatient.de\/en\/wp-json\/wp\/v2\/media\/41147"}],"wp:attachment":[{"href":"https:\/\/www.apfelpatient.de\/en\/wp-json\/wp\/v2\/media?parent=43309"}],"wp:term":[{"taxonomy":"category","embeddable":true,"href":"https:\/\/www.apfelpatient.de\/en\/wp-json\/wp\/v2\/categories?post=43309"},{"taxonomy":"post_tag","embeddable":true,"href":"https:\/\/www.apfelpatient.de\/en\/wp-json\/wp\/v2\/tags?post=43309"}],"curies":[{"name":"wp","href":"https:\/\/api.w.org\/{rel}","templated":true}]}}