{"id":43256,"date":"2024-04-24T00:01:11","date_gmt":"2024-04-23T22:01:11","guid":{"rendered":"https:\/\/www.apfelpatient.de\/?p=43256"},"modified":"2024-05-05T20:45:23","modified_gmt":"2024-05-05T18:45:23","slug":"ipad-air-ipad-pro-what-awaits-us-on-may-7th","status":"publish","type":"post","link":"https:\/\/www.apfelpatient.de\/en\/allgemein\/ipad-air-ipad-pro-was-erwartet-uns-am-7-mai","title":{"rendered":"iPad Air &amp; iPad Pro: What can we expect on May 7?"},"content":{"rendered":"<p class=\"has-drop-cap\"><strong>The wait for the latest iPad Air and iPad Pro models could soon be over. Apple has announced a special event for May 7th with the motto &quot;Let Go&quot;. Below you will find out everything you need to know about the expected new features and updates.<\/strong><\/p>\n\n\n\n<p>A lot has happened since the last update to the iPad series in October 2022 and a small update to the Apple Pencil in November 2023. The rumor mill is churning, and many Apple fans are eagerly awaiting the announcements. Apple is known for piqued curiosity with its graphics and hints, and the recent announcements are no exception.<\/p>\n\n\n\n<h3 class=\"wp-block-heading\" id=\"h-das-neue-ipad-pro\">The new iPad Pro<\/h3>\n\n\n\n<p>The highlight of the upcoming event is undoubtedly the launch of new iPad Pro models with OLED displays. This technology promises truer blacks and more vibrant colors, since OLEDs do not require a backlight. In addition, the use of the new M4 chip is expected, which offers a significant increase in performance and efficiency over its predecessors.<\/p>\n\n\n\n<h3 class=\"wp-block-heading\" id=\"h-das-neue-ipad-air\">The new iPad Air<\/h3>\n\n\n\n<p>It is rumored that the iPad Air could come in two sizes, with the larger 12.9-inch model also using LCD.<\/p>\n\n\n\n<h3 class=\"wp-block-heading\" id=\"h-neuer-apple-pencil\">New Apple Pencil<\/h3>\n\n\n\n<p>Another exciting part of the announcement could be the new Apple Pencil. Rumors suggest that it could recognize improved pressure gestures and offer replaceable tips, which would revolutionize the way you draw and interact with apps.<\/p>\n\n\n\n<h3 class=\"wp-block-heading\" id=\"h-magic-keyboard-und-usb-c-peripheriegerate\">Magic Keyboard and USB-C peripherals<\/h3>\n\n\n\n<p>The already popular Magic Keyboard could get a new design that makes it more robust and aesthetically pleasing. Additionally, Apple is expected to introduce new USB-C versions of its peripherals, which could significantly improve compatibility and functionality with the iPad models.<\/p>\n\n\n\n<h3 class=\"wp-block-heading\" id=\"h-apple-let-loose-event-technologische-durchbruche-und-mehr\">Apple &#039;Let Loose&#039; Event: Technological Breakthroughs and More<\/h3>\n\n\n\n<p>Apple&#039;s Let Loose event promises to bring some of the most exciting developments in the history of the iPad series. From technological advancements like OLED displays and the M4 chip to potentially game-changing accessories like the new Apple Pencil and a revamped Magic Keyboard, there are plenty of reasons to get excited. Mark your calendars for May 7th to make sure you don&#039;t miss any of the exciting reveals! Looking for new accessories? Then check out\u00a0<a href=\"https:\/\/www.amazon.de\/shop\/apfelpatientofficial\" target=\"_blank\" rel=\"noreferrer noopener\">in our Amazon Storefront<\/a>\u00a0- there you will find numerous products from leading providers, also for HomeKit and Co.! (Image: Apple)<\/p>\n\n\n\n<ul class=\"wp-block-list\">\n<li><a href=\"https:\/\/www.apfelpatient.de\/en\/news\/apple-announces-let-loose-event-for-may-7th\">Apple announces \u201cLet Loose\u201d event for May 7th<\/a><\/li>\n\n\n\n<li><a href=\"https:\/\/www.apfelpatient.de\/en\/news\/let-loose-with-apple-how-to-stream-the-ipad-event\">Let Loose with Apple: How to stream the iPad event<\/a><\/li>\n\n\n\n<li><a href=\"https:\/\/www.apfelpatient.de\/en\/news\/apples-may-7-event-tim-cooks-hints-at-new-apple-pencil\">Apple&#039;s May 7 Event: Tim Cook&#039;s Hints at New Apple Pencil<\/a><\/li>\n<\/ul>\n\n\n\n<h6 class=\"wp-block-heading translation-block\" id=\"h-kennt-ihr-schon-unsere-amazon-storefront-dort-findet-ihr-eine-handverlesene-auswahl-von-diversen-produkten-f-r-euer-iphone-und-co-viel-spa-beim-st-bern\"><em>Have you already visited our Amazon Storefront? There you&#039;ll find a hand-picked selection of various products for your iPhone and other devices \u2013 <span class=\"has-inline-color has-vivid-red-color\"><a href=\"https:\/\/www.amazon.de\/shop\/apfelpatientofficial\" class=\"ek-link\" data-wpel-link=\"exclude\" rel=\"follow noopener\" target=\"_self\"><span style=\"text-decoration: underline\" class=\"ek-underline\">enjoy browsing<\/span><\/a> !<\/span><\/em><\/h6>\n\n\n\n<h6 class=\"wp-block-heading translation-block\" id=\"h-der-beitrag-enthalt-partnerlinks\">This post contains <a data-type=\"URL\" data-id=\"https:\/\/www.apfelpatient.de\/partnerprogramm\" href=\"https:\/\/www.apfelpatient.de\/en\/partner-program\" data-wpel-link=\"internal\" target=\"_self\">affiliate links<\/a>.<\/h6>","protected":false},"excerpt":{"rendered":"<p>Get ready for the iPad Air &amp; iPad Pro event on May 7. Experience new technology and fascinating features!<\/p>","protected":false},"author":2,"featured_media":43259,"comment_status":"closed","ping_status":"closed","sticky":false,"template":"","format":"standard","meta":{"jnews-multi-image_gallery":[],"jnews_single_post":{"subtitle":"","format":"standard","video":"","gallery":"","source_name":"","source_url":"","via_name":"","via_url":"","override_template":"0","override":[{"template":"4","single_blog_custom":"","parallax":"1","fullscreen":"1","layout":"right-sidebar","sidebar":"default-sidebar","second_sidebar":"default-sidebar","sticky_sidebar":"1","share_position":"top","share_float_style":"share-monocrhome","show_share_counter":"0","show_view_counter":"0","show_featured":"1","show_post_meta":"1","show_post_author":"1","show_post_author_image":"1","show_post_date":"1","post_date_format":"default","post_date_format_custom":"Y\/m\/d","show_post_category":"1","show_post_reading_time":"0","post_reading_time_wpm":"300","show_zoom_button":"0","zoom_button_out_step":"2","zoom_button_in_step":"3","show_post_tag":"1","show_prev_next_post":"1","show_popup_post":"1","number_popup_post":"1","show_author_box":"0","show_post_related":"0","show_inline_post_related":"0"}],"override_image_size":"0","image_override":[{"single_post_thumbnail_size":"crop-500","single_post_gallery_size":"crop-500"}],"trending_post":"0","trending_post_position":"meta","trending_post_label":"Trending","sponsored_post":"0","sponsored_post_label":"Sponsored by","sponsored_post_name":"","sponsored_post_url":"","sponsored_post_logo_enable":"0","sponsored_post_logo":"","sponsored_post_desc":"","disable_ad":"0"},"jnews_primary_category":{"id":"2","hide":""},"footnotes":""},"categories":[2],"tags":[86,17,18,240,66],"class_list":["post-43256","post","type-post","status-publish","format-standard","has-post-thumbnail","hentry","category-allgemein","tag-apple-event","tag-apple-pencil","tag-ipad","tag-ipad-air","tag-ipad-pro"],"yoast_head":"<!-- This site is optimized with the Yoast SEO Premium plugin v27.5 (Yoast SEO v27.5) - https:\/\/yoast.com\/product\/yoast-seo-premium-wordpress\/ -->\n<title>iPad Air &amp; iPad Pro: Was erwartet uns am 7. Mai? Apfelpatient<\/title>\n<meta name=\"description\" content=\"Sei bereit f\u00fcr das iPad Air &amp; iPad Pro Event am 7. Mai. Erlebe Technologieneuheiten und faszinierende Features!\" \/>\n<meta name=\"robots\" content=\"index, follow, max-snippet:-1, max-image-preview:large, max-video-preview:-1\" \/>\n<link rel=\"canonical\" href=\"https:\/\/www.apfelpatient.de\/en\/generally\/ipad-air-ipad-pro-what-awaits-us-on-may-7th\" \/>\n<meta property=\"og:locale\" content=\"en_US\" \/>\n<meta property=\"og:type\" content=\"article\" \/>\n<meta property=\"og:title\" content=\"iPad Air &amp; iPad Pro: Was erwartet uns am 7. Mai?\" \/>\n<meta property=\"og:description\" content=\"Sei bereit f\u00fcr das iPad Air &amp; iPad Pro Event am 7. Mai. Erlebe Technologieneuheiten und faszinierende Features!\" \/>\n<meta property=\"og:url\" content=\"https:\/\/www.apfelpatient.de\/en\/generally\/ipad-air-ipad-pro-what-awaits-us-on-may-7th\" \/>\n<meta property=\"og:site_name\" content=\"Apfelpatient\" \/>\n<meta property=\"article:publisher\" content=\"https:\/\/www.facebook.com\/apfelpatientOfficial\" \/>\n<meta property=\"article:author\" content=\"https:\/\/www.facebook.com\/apfelpatientOfficial\" \/>\n<meta property=\"article:published_time\" content=\"2024-04-23T22:01:11+00:00\" \/>\n<meta property=\"article:modified_time\" content=\"2024-05-05T18:45:23+00:00\" \/>\n<meta property=\"og:image\" content=\"https:\/\/www.apfelpatient.de\/wp-content\/uploads\/2024\/04\/Nicht-benannt-2.jpeg\" \/>\n\t<meta property=\"og:image:width\" content=\"1600\" \/>\n\t<meta property=\"og:image:height\" content=\"900\" \/>\n\t<meta property=\"og:image:type\" content=\"image\/jpeg\" \/>\n<meta name=\"author\" content=\"Milan\" \/>\n<meta name=\"twitter:card\" content=\"summary_large_image\" \/>\n<meta name=\"twitter:description\" content=\"Sei bereit f\u00fcr das iPad Air &amp; iPad Pro Event am 7. Mai. Erlebe Technologieneuheiten und faszinierende Features!\" \/>\n<meta name=\"twitter:label1\" content=\"Written by\" \/>\n\t<meta name=\"twitter:data1\" content=\"Milan\" \/>\n\t<meta name=\"twitter:label2\" content=\"Est. reading time\" \/>\n\t<meta name=\"twitter:data2\" content=\"3 minutes\" \/>\n<script type=\"application\/ld+json\" class=\"yoast-schema-graph\">{\"@context\":\"https:\\\/\\\/schema.org\",\"@graph\":[{\"@type\":\"NewsArticle\",\"@id\":\"https:\\\/\\\/www.apfelpatient.de\\\/allgemein\\\/ipad-air-ipad-pro-was-erwartet-uns-am-7-mai#article\",\"isPartOf\":{\"@id\":\"https:\\\/\\\/www.apfelpatient.de\\\/allgemein\\\/ipad-air-ipad-pro-was-erwartet-uns-am-7-mai\"},\"author\":{\"@type\":\"Organization\",\"@id\":\"https:\\\/\\\/www.apfelpatient.de\\\/en\\\/#organization\",\"name\":\"Apfelpatient\",\"url\":\"https:\\\/\\\/www.apfelpatient.de\\\/en\\\/\"},\"headline\":\"iPad Air &#038; iPad Pro: Was erwartet uns am 7. Mai?\",\"datePublished\":\"2024-04-23T22:01:11+00:00\",\"dateModified\":\"2024-05-05T18:45:23+00:00\",\"mainEntityOfPage\":{\"@id\":\"https:\\\/\\\/www.apfelpatient.de\\\/allgemein\\\/ipad-air-ipad-pro-was-erwartet-uns-am-7-mai\"},\"wordCount\":440,\"publisher\":{\"@type\":\"Organization\",\"@id\":\"https:\\\/\\\/www.apfelpatient.de\\\/en\\\/#organization\",\"name\":\"Apfelpatient\",\"url\":\"https:\\\/\\\/www.apfelpatient.de\\\/en\\\/\"},\"image\":{\"@id\":\"https:\\\/\\\/www.apfelpatient.de\\\/allgemein\\\/ipad-air-ipad-pro-was-erwartet-uns-am-7-mai#primaryimage\"},\"thumbnailUrl\":\"https:\\\/\\\/www.apfelpatient.de\\\/wp-content\\\/uploads\\\/2024\\\/04\\\/Nicht-benannt-2.jpeg\",\"keywords\":[\"Apple Event\",\"Apple Pencil\",\"iPad\",\"iPad Air\",\"iPad Pro\"],\"articleSection\":\"Allgemein\",\"inLanguage\":\"en-US\",\"copyrightYear\":\"2024\",\"copyrightHolder\":{\"@id\":\"https:\\\/\\\/www.apfelpatient.de\\\/en\\\/#organization\"}},{\"@type\":\"WebPage\",\"@id\":\"https:\\\/\\\/www.apfelpatient.de\\\/allgemein\\\/ipad-air-ipad-pro-was-erwartet-uns-am-7-mai\",\"url\":\"https:\\\/\\\/www.apfelpatient.de\\\/allgemein\\\/ipad-air-ipad-pro-was-erwartet-uns-am-7-mai\",\"name\":\"iPad Air & iPad Pro: Was erwartet uns am 7. Mai? Apfelpatient\",\"isPartOf\":{\"@id\":\"https:\\\/\\\/www.apfelpatient.de\\\/#website\"},\"primaryImageOfPage\":{\"@id\":\"https:\\\/\\\/www.apfelpatient.de\\\/allgemein\\\/ipad-air-ipad-pro-was-erwartet-uns-am-7-mai#primaryimage\"},\"image\":{\"@id\":\"https:\\\/\\\/www.apfelpatient.de\\\/allgemein\\\/ipad-air-ipad-pro-was-erwartet-uns-am-7-mai#primaryimage\"},\"thumbnailUrl\":\"https:\\\/\\\/www.apfelpatient.de\\\/wp-content\\\/uploads\\\/2024\\\/04\\\/Nicht-benannt-2.jpeg\",\"datePublished\":\"2024-04-23T22:01:11+00:00\",\"dateModified\":\"2024-05-05T18:45:23+00:00\",\"description\":\"Sei bereit f\u00fcr das iPad Air & iPad Pro Event am 7. Mai. Erlebe Technologieneuheiten und faszinierende Features!\",\"breadcrumb\":{\"@id\":\"https:\\\/\\\/www.apfelpatient.de\\\/allgemein\\\/ipad-air-ipad-pro-was-erwartet-uns-am-7-mai#breadcrumb\"},\"inLanguage\":\"en-US\",\"potentialAction\":[{\"@type\":\"ReadAction\",\"target\":[\"https:\\\/\\\/www.apfelpatient.de\\\/allgemein\\\/ipad-air-ipad-pro-was-erwartet-uns-am-7-mai\"]}]},{\"@type\":\"ImageObject\",\"inLanguage\":\"en-US\",\"@id\":\"https:\\\/\\\/www.apfelpatient.de\\\/allgemein\\\/ipad-air-ipad-pro-was-erwartet-uns-am-7-mai#primaryimage\",\"url\":\"https:\\\/\\\/www.apfelpatient.de\\\/wp-content\\\/uploads\\\/2024\\\/04\\\/Nicht-benannt-2.jpeg\",\"contentUrl\":\"https:\\\/\\\/www.apfelpatient.de\\\/wp-content\\\/uploads\\\/2024\\\/04\\\/Nicht-benannt-2.jpeg\",\"width\":1600,\"height\":900,\"caption\":\"Bild: Apple\"},{\"@type\":\"BreadcrumbList\",\"@id\":\"https:\\\/\\\/www.apfelpatient.de\\\/allgemein\\\/ipad-air-ipad-pro-was-erwartet-uns-am-7-mai#breadcrumb\",\"itemListElement\":[{\"@type\":\"ListItem\",\"position\":1,\"name\":\"Startseite\",\"item\":\"https:\\\/\\\/www.apfelpatient.de\\\/\"},{\"@type\":\"ListItem\",\"position\":2,\"name\":\"iPad Air &#038; iPad Pro: Was erwartet uns am 7. Mai?\"}]},{\"@type\":\"WebSite\",\"@id\":\"https:\\\/\\\/www.apfelpatient.de\\\/#website\",\"url\":\"https:\\\/\\\/www.apfelpatient.de\\\/\",\"name\":\"Apfelpatient\",\"description\":\"Alles rund um Apple!\",\"publisher\":{\"@type\":\"Organization\",\"@id\":\"https:\\\/\\\/www.apfelpatient.de\\\/en\\\/#organization\",\"name\":\"Apfelpatient\",\"url\":\"https:\\\/\\\/www.apfelpatient.de\\\/en\\\/\"},\"alternateName\":\"Apfelpatient\",\"potentialAction\":[{\"@type\":\"SearchAction\",\"target\":{\"@type\":\"EntryPoint\",\"urlTemplate\":\"https:\\\/\\\/www.apfelpatient.de\\\/?s={search_term_string}\"},\"query-input\":{\"@type\":\"PropertyValueSpecification\",\"valueRequired\":true,\"valueName\":\"search_term_string\"}}],\"inLanguage\":\"en-US\"},{\"@type\":[\"Person\",\"Organization\"],\"@id\":\"https:\\\/\\\/www.apfelpatient.de\\\/#\\\/schema\\\/person\\\/35b3ddba5832f2bfc7fff5206d4f6b7b\",\"name\":\"Milan\",\"logo\":{\"@id\":\"https:\\\/\\\/www.apfelpatient.de\\\/#\\\/schema\\\/person\\\/image\\\/\"},\"description\":\"Hallo und herzlich willkommen auf meinem Technik-Blog! Als gro\u00dfer Apple-Fan berichte ich hier \u00fcber alles, was mit Apple zu tun hat: von den neuesten News und spannenden Ger\u00fcchten \u00fcber hilfreiche Tipps und Tricks bis hin zu ausf\u00fchrlichen Produkttests. Wenn du genauso technikbegeistert bist wie ich, bist du hier genau richtig!\",\"sameAs\":[\"https:\\\/\\\/www.facebook.com\\\/apfelpatientOfficial\",\"https:\\\/\\\/www.linkedin.com\\\/in\\\/milan-jovicic-42aa0231b\"],\"url\":\"https:\\\/\\\/www.apfelpatient.de\\\/en\\\/author\\\/apfeladmin\"}]}<\/script>\n<!-- \/ Yoast SEO Premium plugin. -->","yoast_head_json":{"title":"iPad Air &amp; iPad Pro: What can we expect on May 7? Apfelpatient","description":"Be ready for the iPad Air &amp; iPad Pro event on May 7th. Experience new technology and fascinating features!","robots":{"index":"index","follow":"follow","max-snippet":"max-snippet:-1","max-image-preview":"max-image-preview:large","max-video-preview":"max-video-preview:-1"},"canonical":"https:\/\/www.apfelpatient.de\/en\/generally\/ipad-air-ipad-pro-what-awaits-us-on-may-7th","og_locale":"en_US","og_type":"article","og_title":"iPad Air & iPad Pro: Was erwartet uns am 7. Mai?","og_description":"Sei bereit f\u00fcr das iPad Air & iPad Pro Event am 7. Mai. Erlebe Technologieneuheiten und faszinierende Features!","og_url":"https:\/\/www.apfelpatient.de\/en\/generally\/ipad-air-ipad-pro-what-awaits-us-on-may-7th","og_site_name":"Apfelpatient","article_publisher":"https:\/\/www.facebook.com\/apfelpatientOfficial","article_author":"https:\/\/www.facebook.com\/apfelpatientOfficial","article_published_time":"2024-04-23T22:01:11+00:00","article_modified_time":"2024-05-05T18:45:23+00:00","og_image":[{"width":1600,"height":900,"url":"https:\/\/www.apfelpatient.de\/wp-content\/uploads\/2024\/04\/Nicht-benannt-2.jpeg","type":"image\/jpeg"}],"author":"Milan","twitter_card":"summary_large_image","twitter_description":"Sei bereit f\u00fcr das iPad Air & iPad Pro Event am 7. Mai. Erlebe Technologieneuheiten und faszinierende Features!","twitter_misc":{"Written by":"Milan","Est. reading time":"3 minutes"},"schema":{"@context":"https:\/\/schema.org","@graph":[{"@type":"NewsArticle","@id":"https:\/\/www.apfelpatient.de\/allgemein\/ipad-air-ipad-pro-was-erwartet-uns-am-7-mai#article","isPartOf":{"@id":"https:\/\/www.apfelpatient.de\/allgemein\/ipad-air-ipad-pro-was-erwartet-uns-am-7-mai"},"author":{"@type":"Organization","@id":"https:\/\/www.apfelpatient.de\/en\/#organization","name":"Apfelpatient","url":"https:\/\/www.apfelpatient.de\/en\/"},"headline":"iPad Air &#038; iPad Pro: Was erwartet uns am 7. Mai?","datePublished":"2024-04-23T22:01:11+00:00","dateModified":"2024-05-05T18:45:23+00:00","mainEntityOfPage":{"@id":"https:\/\/www.apfelpatient.de\/allgemein\/ipad-air-ipad-pro-was-erwartet-uns-am-7-mai"},"wordCount":440,"publisher":{"@type":"Organization","@id":"https:\/\/www.apfelpatient.de\/en\/#organization","name":"Apfelpatient","url":"https:\/\/www.apfelpatient.de\/en\/"},"image":{"@id":"https:\/\/www.apfelpatient.de\/allgemein\/ipad-air-ipad-pro-was-erwartet-uns-am-7-mai#primaryimage"},"thumbnailUrl":"https:\/\/www.apfelpatient.de\/wp-content\/uploads\/2024\/04\/Nicht-benannt-2.jpeg","keywords":["Apple Event","Apple Pencil","iPad","iPad Air","iPad Pro"],"articleSection":"Allgemein","inLanguage":"en-US","copyrightYear":"2024","copyrightHolder":{"@id":"https:\/\/www.apfelpatient.de\/en\/#organization"}},{"@type":"WebPage","@id":"https:\/\/www.apfelpatient.de\/allgemein\/ipad-air-ipad-pro-was-erwartet-uns-am-7-mai","url":"https:\/\/www.apfelpatient.de\/allgemein\/ipad-air-ipad-pro-was-erwartet-uns-am-7-mai","name":"iPad Air &amp; iPad Pro: What can we expect on May 7? Apfelpatient","isPartOf":{"@id":"https:\/\/www.apfelpatient.de\/#website"},"primaryImageOfPage":{"@id":"https:\/\/www.apfelpatient.de\/allgemein\/ipad-air-ipad-pro-was-erwartet-uns-am-7-mai#primaryimage"},"image":{"@id":"https:\/\/www.apfelpatient.de\/allgemein\/ipad-air-ipad-pro-was-erwartet-uns-am-7-mai#primaryimage"},"thumbnailUrl":"https:\/\/www.apfelpatient.de\/wp-content\/uploads\/2024\/04\/Nicht-benannt-2.jpeg","datePublished":"2024-04-23T22:01:11+00:00","dateModified":"2024-05-05T18:45:23+00:00","description":"Be ready for the iPad Air &amp; iPad Pro event on May 7th. Experience new technology and fascinating features!","breadcrumb":{"@id":"https:\/\/www.apfelpatient.de\/allgemein\/ipad-air-ipad-pro-was-erwartet-uns-am-7-mai#breadcrumb"},"inLanguage":"en-US","potentialAction":[{"@type":"ReadAction","target":["https:\/\/www.apfelpatient.de\/allgemein\/ipad-air-ipad-pro-was-erwartet-uns-am-7-mai"]}]},{"@type":"ImageObject","inLanguage":"en-US","@id":"https:\/\/www.apfelpatient.de\/allgemein\/ipad-air-ipad-pro-was-erwartet-uns-am-7-mai#primaryimage","url":"https:\/\/www.apfelpatient.de\/wp-content\/uploads\/2024\/04\/Nicht-benannt-2.jpeg","contentUrl":"https:\/\/www.apfelpatient.de\/wp-content\/uploads\/2024\/04\/Nicht-benannt-2.jpeg","width":1600,"height":900,"caption":"Bild: Apple"},{"@type":"BreadcrumbList","@id":"https:\/\/www.apfelpatient.de\/allgemein\/ipad-air-ipad-pro-was-erwartet-uns-am-7-mai#breadcrumb","itemListElement":[{"@type":"ListItem","position":1,"name":"Startseite","item":"https:\/\/www.apfelpatient.de\/"},{"@type":"ListItem","position":2,"name":"iPad Air &#038; iPad Pro: Was erwartet uns am 7. Mai?"}]},{"@type":"WebSite","@id":"https:\/\/www.apfelpatient.de\/#website","url":"https:\/\/www.apfelpatient.de\/","name":"apple patient","description":"Everything about Apple!","publisher":{"@type":"Organization","@id":"https:\/\/www.apfelpatient.de\/en\/#organization","name":"Apfelpatient","url":"https:\/\/www.apfelpatient.de\/en\/"},"alternateName":"Apfelpatient","potentialAction":[{"@type":"SearchAction","target":{"@type":"EntryPoint","urlTemplate":"https:\/\/www.apfelpatient.de\/?s={search_term_string}"},"query-input":{"@type":"PropertyValueSpecification","valueRequired":true,"valueName":"search_term_string"}}],"inLanguage":"en-US"},{"@type":["Person","Organization"],"@id":"https:\/\/www.apfelpatient.de\/#\/schema\/person\/35b3ddba5832f2bfc7fff5206d4f6b7b","name":"Milan","logo":{"@id":"https:\/\/www.apfelpatient.de\/#\/schema\/person\/image\/"},"description":"Hello and welcome to my technology blog! As a big Apple fan, I report on everything to do with Apple: from the latest news and exciting rumors to helpful tips and tricks and detailed product tests. If you are as enthusiastic about technology as I am, you have come to the right place!","sameAs":["https:\/\/www.facebook.com\/apfelpatientOfficial","https:\/\/www.linkedin.com\/in\/milan-jovicic-42aa0231b"],"url":"https:\/\/www.apfelpatient.de\/en\/author\/apfeladmin"}]}},"_links":{"self":[{"href":"https:\/\/www.apfelpatient.de\/en\/wp-json\/wp\/v2\/posts\/43256","targetHints":{"allow":["GET"]}}],"collection":[{"href":"https:\/\/www.apfelpatient.de\/en\/wp-json\/wp\/v2\/posts"}],"about":[{"href":"https:\/\/www.apfelpatient.de\/en\/wp-json\/wp\/v2\/types\/post"}],"author":[{"embeddable":true,"href":"https:\/\/www.apfelpatient.de\/en\/wp-json\/wp\/v2\/users\/2"}],"replies":[{"embeddable":true,"href":"https:\/\/www.apfelpatient.de\/en\/wp-json\/wp\/v2\/comments?post=43256"}],"version-history":[{"count":0,"href":"https:\/\/www.apfelpatient.de\/en\/wp-json\/wp\/v2\/posts\/43256\/revisions"}],"wp:featuredmedia":[{"embeddable":true,"href":"https:\/\/www.apfelpatient.de\/en\/wp-json\/wp\/v2\/media\/43259"}],"wp:attachment":[{"href":"https:\/\/www.apfelpatient.de\/en\/wp-json\/wp\/v2\/media?parent=43256"}],"wp:term":[{"taxonomy":"category","embeddable":true,"href":"https:\/\/www.apfelpatient.de\/en\/wp-json\/wp\/v2\/categories?post=43256"},{"taxonomy":"post_tag","embeddable":true,"href":"https:\/\/www.apfelpatient.de\/en\/wp-json\/wp\/v2\/tags?post=43256"}],"curies":[{"name":"wp","href":"https:\/\/api.w.org\/{rel}","templated":true}]}}