{"id":43149,"date":"2024-04-21T17:44:03","date_gmt":"2024-04-21T15:44:03","guid":{"rendered":"https:\/\/www.apfelpatient.de\/?p=43149"},"modified":"2024-04-21T17:44:04","modified_gmt":"2024-04-21T15:44:04","slug":"apple-is-planning-a-large-m4-instead-of-m3-for-the-mac-mini","status":"publish","type":"post","link":"https:\/\/www.apfelpatient.de\/en\/rumors\/apple-plant-grosses-m4-statt-m3-fuer-den-mac-mini","title":{"rendered":"Apple is planning big things: M4 instead of M3 for the Mac mini"},"content":{"rendered":"<p class=\"has-drop-cap\"><strong>In the dynamic world of technology, constant innovation and updates are a must to stay competitive. Apple, a titan in the tech industry, seems to be taking an unconventional path with the company planning to skip a generation of its popular Mac mini lineup.<\/strong><\/p>\n\n\n\n<p>Apple has always shaped the way we use and perceive technology with its innovation cycles and product updates. The Mac mini, known for its compact size and impressive performance, is once again at the center of an exciting development phase. According to Bloomberg&#039;s Mark Gurman <a href=\"https:\/\/www.bloomberg.com\/news\/newsletters\/2024-04-21\/apple-aapl-growth-opportunities-southeast-asia-and-africa-lower-end-iphone-lv9itkna\" target=\"_blank\" rel=\"noreferrer noopener\">plant<\/a> Apple to skip the M3 version and go straight to the M4 chips for the end of 2024. What does this mean for Apple and its users?<\/p>\n\n\n\n<h3 class=\"wp-block-heading\" id=\"h-die-entscheidung-zum-uberspringen-der-m3-version\">The decision to skip the M3 version<\/h3>\n\n\n\n<p>Apple last updated the Mac mini in January 2023 with the M2 and M2 Pro chips, which was already a significant improvement over previous models. The new features included additional Thunderbolt 4 ports and improved connectivity options such as WiFi 6E and Bluetooth 5.3. Now, just under two years later, Apple seems ready to take another leap by skipping the M3 version and going straight to the M4 chips. This decision could indicate that Apple is planning major improvements in performance and efficiency that would justify such a skip.<\/p>\n\n\n\n<h3 class=\"wp-block-heading\" id=\"h-mac-mini-technische-fortschritte-und-nutzervorteile\">Mac mini: Technical advances and user benefits<\/h3>\n\n\n\n<p>The M4 chips are expected to deliver a significant increase in CPU performance compared to current models. Rumors suggest that these chips will also include an improved Neural Engine for artificial intelligence tasks, which is particularly important for professional users. These improvements could enable a wider range of applications and make the Mac mini an even more attractive option for demanding tasks.<\/p>\n\n\n\n<h3 class=\"wp-block-heading\" id=\"h-vergleich-und-historische-perspektive\">Comparison and Historical Perspective<\/h3>\n\n\n\n<p>This wouldn&#039;t be the first time Apple has skipped a chip generation. Similarly, the iMac skipped the M2 chip entirely, waiting for the M3 chip that was introduced late last year. Such decisions reflect Apple&#039;s strategy of relying on larger performance leaps rather than incremental updates to exceed its users&#039; expectations.<\/p>\n\n\n\n<h3 class=\"wp-block-heading\" id=\"h-apple-uberspringt-m3-ein-neues-kapitel-fur-den-mac-mini\">Apple Skips M3: A New Chapter for the Mac mini<\/h3>\n\n\n\n<p>Apple&#039;s decision to skip the M3 version of the Mac mini may surprise some, but it shows the company&#039;s commitment to always staying at the forefront of technological development. By focusing on bigger and more significant updates, Apple continues to position itself as a leader in an industry that is rapidly evolving and constantly changing. For users, this means access to more advanced technology and potentially greater improvements in performance and user experience. The future of the Mac mini looks bright with the transition to the M4 chips, and it will be exciting to see how this decision continues to shape the technology landscape. (Image: Apple)<\/p>\n\n\n\n<ul class=\"wp-block-list\">\n<li><a href=\"https:\/\/www.apfelpatient.de\/en\/generally\/when-will-all-mac-models-get-the-new-apple-m4\">When will all Mac models get the new Apple M4?<\/a><\/li>\n<\/ul>\n\n\n\n<h6 class=\"wp-block-heading translation-block\" id=\"h-kennt-ihr-schon-unsere-amazon-storefront-dort-findet-ihr-eine-handverlesene-auswahl-von-diversen-produkten-f-r-euer-iphone-und-co-viel-spa-beim-st-bern\"><em>Have you already visited our Amazon Storefront? There you&#039;ll find a hand-picked selection of various products for your iPhone and other devices \u2013 <span class=\"has-inline-color has-vivid-red-color\"><a href=\"https:\/\/www.amazon.de\/shop\/apfelpatientofficial\" class=\"ek-link\" data-wpel-link=\"exclude\" rel=\"follow noopener\" target=\"_self\"><span style=\"text-decoration: underline\" class=\"ek-underline\">enjoy browsing<\/span><\/a> !<\/span><\/em><\/h6>\n\n\n\n<h6 class=\"wp-block-heading translation-block\" id=\"h-der-beitrag-enthalt-partnerlinks\">This post contains <a data-type=\"URL\" data-id=\"https:\/\/www.apfelpatient.de\/partnerprogramm\" href=\"https:\/\/www.apfelpatient.de\/en\/partner-program\" data-wpel-link=\"internal\" target=\"_self\">affiliate links<\/a>.<\/h6>","protected":false},"excerpt":{"rendered":"<p>Find out why Apple skips the M3 Mac mini and goes straight to M4. A step ahead in technology for 2024!<\/p>","protected":false},"author":2,"featured_media":36887,"comment_status":"closed","ping_status":"closed","sticky":false,"template":"","format":"standard","meta":{"jnews-multi-image_gallery":[],"jnews_single_post":{"subtitle":"","format":"standard","video":"","gallery":"","source_name":"","source_url":"","via_name":"","via_url":"","override_template":"0","override":[{"template":"4","single_blog_custom":"","parallax":"1","fullscreen":"1","layout":"right-sidebar","sidebar":"default-sidebar","second_sidebar":"default-sidebar","sticky_sidebar":"1","share_position":"top","share_float_style":"share-monocrhome","show_share_counter":"0","show_view_counter":"0","show_featured":"1","show_post_meta":"1","show_post_author":"1","show_post_author_image":"1","show_post_date":"1","post_date_format":"default","post_date_format_custom":"Y\/m\/d","show_post_category":"1","show_post_reading_time":"0","post_reading_time_wpm":"300","show_zoom_button":"0","zoom_button_out_step":"2","zoom_button_in_step":"3","show_post_tag":"1","show_prev_next_post":"1","show_popup_post":"1","number_popup_post":"1","show_author_box":"0","show_post_related":"0","show_inline_post_related":"0"}],"override_image_size":"0","image_override":[{"single_post_thumbnail_size":"crop-500","single_post_gallery_size":"crop-500"}],"trending_post":"0","trending_post_position":"meta","trending_post_label":"Trending","sponsored_post":"0","sponsored_post_label":"Sponsored by","sponsored_post_name":"","sponsored_post_url":"","sponsored_post_logo_enable":"0","sponsored_post_logo":"","sponsored_post_desc":"","disable_ad":"0"},"jnews_primary_category":{"id":"25","hide":""},"footnotes":""},"categories":[25],"tags":[40,73],"class_list":["post-43149","post","type-post","status-publish","format-standard","has-post-thumbnail","hentry","category-rumors","tag-mac","tag-mac-mini"],"yoast_head":"<!-- This site is optimized with the Yoast SEO Premium plugin v27.5 (Yoast SEO v27.5) - https:\/\/yoast.com\/product\/yoast-seo-premium-wordpress\/ -->\n<title>Apple plant Gro\u00dfes: M4 statt M3 f\u00fcr den Mac mini Apfelpatient<\/title>\n<meta name=\"description\" content=\"Erfahre, warum Apple den M3 Mac mini \u00fcberspringt und direkt zu M4 wechselt. Ein Schritt voraus in der Technologie f\u00fcr 2024!\" \/>\n<meta name=\"robots\" content=\"index, follow, max-snippet:-1, max-image-preview:large, max-video-preview:-1\" \/>\n<link rel=\"canonical\" href=\"https:\/\/www.apfelpatient.de\/en\/rumors\/apple-is-planning-a-large-m4-instead-of-m3-for-the-mac-mini\" \/>\n<meta property=\"og:locale\" content=\"en_US\" \/>\n<meta property=\"og:type\" content=\"article\" \/>\n<meta property=\"og:title\" content=\"Apple plant Gro\u00dfes: M4 statt M3 f\u00fcr den Mac mini\" \/>\n<meta property=\"og:description\" content=\"Erfahre, warum Apple den M3 Mac mini \u00fcberspringt und direkt zu M4 wechselt. Ein Schritt voraus in der Technologie f\u00fcr 2024!\" \/>\n<meta property=\"og:url\" content=\"https:\/\/www.apfelpatient.de\/en\/rumors\/apple-is-planning-a-large-m4-instead-of-m3-for-the-mac-mini\" \/>\n<meta property=\"og:site_name\" content=\"Apfelpatient\" \/>\n<meta property=\"article:publisher\" content=\"https:\/\/www.facebook.com\/apfelpatientOfficial\" \/>\n<meta property=\"article:author\" content=\"https:\/\/www.facebook.com\/apfelpatientOfficial\" \/>\n<meta property=\"article:published_time\" content=\"2024-04-21T15:44:03+00:00\" \/>\n<meta property=\"article:modified_time\" content=\"2024-04-21T15:44:04+00:00\" \/>\n<meta property=\"og:image\" content=\"https:\/\/www.apfelpatient.de\/wp-content\/uploads\/2023\/01\/Apple-Mac-mini-M2-and-M2-Pro-hero-230117.jpg\" \/>\n\t<meta property=\"og:image:width\" content=\"1600\" \/>\n\t<meta property=\"og:image:height\" content=\"900\" \/>\n\t<meta property=\"og:image:type\" content=\"image\/jpeg\" \/>\n<meta name=\"author\" content=\"Milan\" \/>\n<meta name=\"twitter:card\" content=\"summary_large_image\" \/>\n<meta name=\"twitter:description\" content=\"Erfahre, warum Apple den M3 Mac mini \u00fcberspringt und direkt zu M4 wechselt. Ein Schritt voraus in der Technologie f\u00fcr 2024!\" \/>\n<meta name=\"twitter:label1\" content=\"Written by\" \/>\n\t<meta name=\"twitter:data1\" content=\"Milan\" \/>\n\t<meta name=\"twitter:label2\" content=\"Est. reading time\" \/>\n\t<meta name=\"twitter:data2\" content=\"3 minutes\" \/>\n<script type=\"application\/ld+json\" class=\"yoast-schema-graph\">{\"@context\":\"https:\\\/\\\/schema.org\",\"@graph\":[{\"@type\":\"NewsArticle\",\"@id\":\"https:\\\/\\\/www.apfelpatient.de\\\/rumors\\\/apple-plant-grosses-m4-statt-m3-fuer-den-mac-mini#article\",\"isPartOf\":{\"@id\":\"https:\\\/\\\/www.apfelpatient.de\\\/rumors\\\/apple-plant-grosses-m4-statt-m3-fuer-den-mac-mini\"},\"author\":{\"@type\":\"Organization\",\"@id\":\"https:\\\/\\\/www.apfelpatient.de\\\/en\\\/#organization\",\"name\":\"Apfelpatient\",\"url\":\"https:\\\/\\\/www.apfelpatient.de\\\/en\\\/\"},\"headline\":\"Apple plant Gro\u00dfes: M4 statt M3 f\u00fcr den Mac mini\",\"datePublished\":\"2024-04-21T15:44:03+00:00\",\"dateModified\":\"2024-04-21T15:44:04+00:00\",\"mainEntityOfPage\":{\"@id\":\"https:\\\/\\\/www.apfelpatient.de\\\/rumors\\\/apple-plant-grosses-m4-statt-m3-fuer-den-mac-mini\"},\"wordCount\":504,\"publisher\":{\"@type\":\"Organization\",\"@id\":\"https:\\\/\\\/www.apfelpatient.de\\\/en\\\/#organization\",\"name\":\"Apfelpatient\",\"url\":\"https:\\\/\\\/www.apfelpatient.de\\\/en\\\/\"},\"image\":{\"@id\":\"https:\\\/\\\/www.apfelpatient.de\\\/rumors\\\/apple-plant-grosses-m4-statt-m3-fuer-den-mac-mini#primaryimage\"},\"thumbnailUrl\":\"https:\\\/\\\/www.apfelpatient.de\\\/wp-content\\\/uploads\\\/2023\\\/01\\\/Apple-Mac-mini-M2-and-M2-Pro-hero-230117.jpg\",\"keywords\":[\"Mac\",\"Mac mini\"],\"articleSection\":\"Rumors\",\"inLanguage\":\"en-US\",\"copyrightYear\":\"2024\",\"copyrightHolder\":{\"@id\":\"https:\\\/\\\/www.apfelpatient.de\\\/en\\\/#organization\"}},{\"@type\":\"WebPage\",\"@id\":\"https:\\\/\\\/www.apfelpatient.de\\\/rumors\\\/apple-plant-grosses-m4-statt-m3-fuer-den-mac-mini\",\"url\":\"https:\\\/\\\/www.apfelpatient.de\\\/rumors\\\/apple-plant-grosses-m4-statt-m3-fuer-den-mac-mini\",\"name\":\"Apple plant Gro\u00dfes: M4 statt M3 f\u00fcr den Mac mini Apfelpatient\",\"isPartOf\":{\"@id\":\"https:\\\/\\\/www.apfelpatient.de\\\/#website\"},\"primaryImageOfPage\":{\"@id\":\"https:\\\/\\\/www.apfelpatient.de\\\/rumors\\\/apple-plant-grosses-m4-statt-m3-fuer-den-mac-mini#primaryimage\"},\"image\":{\"@id\":\"https:\\\/\\\/www.apfelpatient.de\\\/rumors\\\/apple-plant-grosses-m4-statt-m3-fuer-den-mac-mini#primaryimage\"},\"thumbnailUrl\":\"https:\\\/\\\/www.apfelpatient.de\\\/wp-content\\\/uploads\\\/2023\\\/01\\\/Apple-Mac-mini-M2-and-M2-Pro-hero-230117.jpg\",\"datePublished\":\"2024-04-21T15:44:03+00:00\",\"dateModified\":\"2024-04-21T15:44:04+00:00\",\"description\":\"Erfahre, warum Apple den M3 Mac mini \u00fcberspringt und direkt zu M4 wechselt. Ein Schritt voraus in der Technologie f\u00fcr 2024!\",\"breadcrumb\":{\"@id\":\"https:\\\/\\\/www.apfelpatient.de\\\/rumors\\\/apple-plant-grosses-m4-statt-m3-fuer-den-mac-mini#breadcrumb\"},\"inLanguage\":\"en-US\",\"potentialAction\":[{\"@type\":\"ReadAction\",\"target\":[\"https:\\\/\\\/www.apfelpatient.de\\\/rumors\\\/apple-plant-grosses-m4-statt-m3-fuer-den-mac-mini\"]}]},{\"@type\":\"ImageObject\",\"inLanguage\":\"en-US\",\"@id\":\"https:\\\/\\\/www.apfelpatient.de\\\/rumors\\\/apple-plant-grosses-m4-statt-m3-fuer-den-mac-mini#primaryimage\",\"url\":\"https:\\\/\\\/www.apfelpatient.de\\\/wp-content\\\/uploads\\\/2023\\\/01\\\/Apple-Mac-mini-M2-and-M2-Pro-hero-230117.jpg\",\"contentUrl\":\"https:\\\/\\\/www.apfelpatient.de\\\/wp-content\\\/uploads\\\/2023\\\/01\\\/Apple-Mac-mini-M2-and-M2-Pro-hero-230117.jpg\",\"width\":1600,\"height\":900,\"caption\":\"Bild: Apple\"},{\"@type\":\"BreadcrumbList\",\"@id\":\"https:\\\/\\\/www.apfelpatient.de\\\/rumors\\\/apple-plant-grosses-m4-statt-m3-fuer-den-mac-mini#breadcrumb\",\"itemListElement\":[{\"@type\":\"ListItem\",\"position\":1,\"name\":\"Startseite\",\"item\":\"https:\\\/\\\/www.apfelpatient.de\\\/\"},{\"@type\":\"ListItem\",\"position\":2,\"name\":\"Apple plant Gro\u00dfes: M4 statt M3 f\u00fcr den Mac mini\"}]},{\"@type\":\"WebSite\",\"@id\":\"https:\\\/\\\/www.apfelpatient.de\\\/#website\",\"url\":\"https:\\\/\\\/www.apfelpatient.de\\\/\",\"name\":\"Apfelpatient\",\"description\":\"Alles rund um Apple!\",\"publisher\":{\"@type\":\"Organization\",\"@id\":\"https:\\\/\\\/www.apfelpatient.de\\\/en\\\/#organization\",\"name\":\"Apfelpatient\",\"url\":\"https:\\\/\\\/www.apfelpatient.de\\\/en\\\/\"},\"alternateName\":\"Apfelpatient\",\"potentialAction\":[{\"@type\":\"SearchAction\",\"target\":{\"@type\":\"EntryPoint\",\"urlTemplate\":\"https:\\\/\\\/www.apfelpatient.de\\\/?s={search_term_string}\"},\"query-input\":{\"@type\":\"PropertyValueSpecification\",\"valueRequired\":true,\"valueName\":\"search_term_string\"}}],\"inLanguage\":\"en-US\"},{\"@type\":[\"Person\",\"Organization\"],\"@id\":\"https:\\\/\\\/www.apfelpatient.de\\\/#\\\/schema\\\/person\\\/35b3ddba5832f2bfc7fff5206d4f6b7b\",\"name\":\"Milan\",\"logo\":{\"@id\":\"https:\\\/\\\/www.apfelpatient.de\\\/#\\\/schema\\\/person\\\/image\\\/\"},\"description\":\"Hallo und herzlich willkommen auf meinem Technik-Blog! Als gro\u00dfer Apple-Fan berichte ich hier \u00fcber alles, was mit Apple zu tun hat: von den neuesten News und spannenden Ger\u00fcchten \u00fcber hilfreiche Tipps und Tricks bis hin zu ausf\u00fchrlichen Produkttests. Wenn du genauso technikbegeistert bist wie ich, bist du hier genau richtig!\",\"sameAs\":[\"https:\\\/\\\/www.facebook.com\\\/apfelpatientOfficial\",\"https:\\\/\\\/www.linkedin.com\\\/in\\\/milan-jovicic-42aa0231b\"],\"url\":\"https:\\\/\\\/www.apfelpatient.de\\\/en\\\/author\\\/apfeladmin\"}]}<\/script>\n<!-- \/ Yoast SEO Premium plugin. -->","yoast_head_json":{"title":"Apple is planning big things: M4 instead of M3 for the Mac mini Apfelpatient","description":"Find out why Apple skips the M3 Mac mini and goes straight to M4. A step ahead in technology for 2024!","robots":{"index":"index","follow":"follow","max-snippet":"max-snippet:-1","max-image-preview":"max-image-preview:large","max-video-preview":"max-video-preview:-1"},"canonical":"https:\/\/www.apfelpatient.de\/en\/rumors\/apple-is-planning-a-large-m4-instead-of-m3-for-the-mac-mini","og_locale":"en_US","og_type":"article","og_title":"Apple plant Gro\u00dfes: M4 statt M3 f\u00fcr den Mac mini","og_description":"Erfahre, warum Apple den M3 Mac mini \u00fcberspringt und direkt zu M4 wechselt. Ein Schritt voraus in der Technologie f\u00fcr 2024!","og_url":"https:\/\/www.apfelpatient.de\/en\/rumors\/apple-is-planning-a-large-m4-instead-of-m3-for-the-mac-mini","og_site_name":"Apfelpatient","article_publisher":"https:\/\/www.facebook.com\/apfelpatientOfficial","article_author":"https:\/\/www.facebook.com\/apfelpatientOfficial","article_published_time":"2024-04-21T15:44:03+00:00","article_modified_time":"2024-04-21T15:44:04+00:00","og_image":[{"width":1600,"height":900,"url":"https:\/\/www.apfelpatient.de\/wp-content\/uploads\/2023\/01\/Apple-Mac-mini-M2-and-M2-Pro-hero-230117.jpg","type":"image\/jpeg"}],"author":"Milan","twitter_card":"summary_large_image","twitter_description":"Erfahre, warum Apple den M3 Mac mini \u00fcberspringt und direkt zu M4 wechselt. Ein Schritt voraus in der Technologie f\u00fcr 2024!","twitter_misc":{"Written by":"Milan","Est. reading time":"3 minutes"},"schema":{"@context":"https:\/\/schema.org","@graph":[{"@type":"NewsArticle","@id":"https:\/\/www.apfelpatient.de\/rumors\/apple-plant-grosses-m4-statt-m3-fuer-den-mac-mini#article","isPartOf":{"@id":"https:\/\/www.apfelpatient.de\/rumors\/apple-plant-grosses-m4-statt-m3-fuer-den-mac-mini"},"author":{"@type":"Organization","@id":"https:\/\/www.apfelpatient.de\/en\/#organization","name":"Apfelpatient","url":"https:\/\/www.apfelpatient.de\/en\/"},"headline":"Apple plant Gro\u00dfes: M4 statt M3 f\u00fcr den Mac mini","datePublished":"2024-04-21T15:44:03+00:00","dateModified":"2024-04-21T15:44:04+00:00","mainEntityOfPage":{"@id":"https:\/\/www.apfelpatient.de\/rumors\/apple-plant-grosses-m4-statt-m3-fuer-den-mac-mini"},"wordCount":504,"publisher":{"@type":"Organization","@id":"https:\/\/www.apfelpatient.de\/en\/#organization","name":"Apfelpatient","url":"https:\/\/www.apfelpatient.de\/en\/"},"image":{"@id":"https:\/\/www.apfelpatient.de\/rumors\/apple-plant-grosses-m4-statt-m3-fuer-den-mac-mini#primaryimage"},"thumbnailUrl":"https:\/\/www.apfelpatient.de\/wp-content\/uploads\/2023\/01\/Apple-Mac-mini-M2-and-M2-Pro-hero-230117.jpg","keywords":["Mac","Mac mini"],"articleSection":"Rumors","inLanguage":"en-US","copyrightYear":"2024","copyrightHolder":{"@id":"https:\/\/www.apfelpatient.de\/en\/#organization"}},{"@type":"WebPage","@id":"https:\/\/www.apfelpatient.de\/rumors\/apple-plant-grosses-m4-statt-m3-fuer-den-mac-mini","url":"https:\/\/www.apfelpatient.de\/rumors\/apple-plant-grosses-m4-statt-m3-fuer-den-mac-mini","name":"Apple is planning big things: M4 instead of M3 for the Mac mini Apfelpatient","isPartOf":{"@id":"https:\/\/www.apfelpatient.de\/#website"},"primaryImageOfPage":{"@id":"https:\/\/www.apfelpatient.de\/rumors\/apple-plant-grosses-m4-statt-m3-fuer-den-mac-mini#primaryimage"},"image":{"@id":"https:\/\/www.apfelpatient.de\/rumors\/apple-plant-grosses-m4-statt-m3-fuer-den-mac-mini#primaryimage"},"thumbnailUrl":"https:\/\/www.apfelpatient.de\/wp-content\/uploads\/2023\/01\/Apple-Mac-mini-M2-and-M2-Pro-hero-230117.jpg","datePublished":"2024-04-21T15:44:03+00:00","dateModified":"2024-04-21T15:44:04+00:00","description":"Find out why Apple skips the M3 Mac mini and goes straight to M4. A step ahead in technology for 2024!","breadcrumb":{"@id":"https:\/\/www.apfelpatient.de\/rumors\/apple-plant-grosses-m4-statt-m3-fuer-den-mac-mini#breadcrumb"},"inLanguage":"en-US","potentialAction":[{"@type":"ReadAction","target":["https:\/\/www.apfelpatient.de\/rumors\/apple-plant-grosses-m4-statt-m3-fuer-den-mac-mini"]}]},{"@type":"ImageObject","inLanguage":"en-US","@id":"https:\/\/www.apfelpatient.de\/rumors\/apple-plant-grosses-m4-statt-m3-fuer-den-mac-mini#primaryimage","url":"https:\/\/www.apfelpatient.de\/wp-content\/uploads\/2023\/01\/Apple-Mac-mini-M2-and-M2-Pro-hero-230117.jpg","contentUrl":"https:\/\/www.apfelpatient.de\/wp-content\/uploads\/2023\/01\/Apple-Mac-mini-M2-and-M2-Pro-hero-230117.jpg","width":1600,"height":900,"caption":"Bild: Apple"},{"@type":"BreadcrumbList","@id":"https:\/\/www.apfelpatient.de\/rumors\/apple-plant-grosses-m4-statt-m3-fuer-den-mac-mini#breadcrumb","itemListElement":[{"@type":"ListItem","position":1,"name":"Startseite","item":"https:\/\/www.apfelpatient.de\/"},{"@type":"ListItem","position":2,"name":"Apple plant Gro\u00dfes: M4 statt M3 f\u00fcr den Mac mini"}]},{"@type":"WebSite","@id":"https:\/\/www.apfelpatient.de\/#website","url":"https:\/\/www.apfelpatient.de\/","name":"apple patient","description":"Everything about Apple!","publisher":{"@type":"Organization","@id":"https:\/\/www.apfelpatient.de\/en\/#organization","name":"Apfelpatient","url":"https:\/\/www.apfelpatient.de\/en\/"},"alternateName":"Apfelpatient","potentialAction":[{"@type":"SearchAction","target":{"@type":"EntryPoint","urlTemplate":"https:\/\/www.apfelpatient.de\/?s={search_term_string}"},"query-input":{"@type":"PropertyValueSpecification","valueRequired":true,"valueName":"search_term_string"}}],"inLanguage":"en-US"},{"@type":["Person","Organization"],"@id":"https:\/\/www.apfelpatient.de\/#\/schema\/person\/35b3ddba5832f2bfc7fff5206d4f6b7b","name":"Milan","logo":{"@id":"https:\/\/www.apfelpatient.de\/#\/schema\/person\/image\/"},"description":"Hello and welcome to my technology blog! As a big Apple fan, I report on everything to do with Apple: from the latest news and exciting rumors to helpful tips and tricks and detailed product tests. If you are as enthusiastic about technology as I am, you have come to the right place!","sameAs":["https:\/\/www.facebook.com\/apfelpatientOfficial","https:\/\/www.linkedin.com\/in\/milan-jovicic-42aa0231b"],"url":"https:\/\/www.apfelpatient.de\/en\/author\/apfeladmin"}]}},"_links":{"self":[{"href":"https:\/\/www.apfelpatient.de\/en\/wp-json\/wp\/v2\/posts\/43149","targetHints":{"allow":["GET"]}}],"collection":[{"href":"https:\/\/www.apfelpatient.de\/en\/wp-json\/wp\/v2\/posts"}],"about":[{"href":"https:\/\/www.apfelpatient.de\/en\/wp-json\/wp\/v2\/types\/post"}],"author":[{"embeddable":true,"href":"https:\/\/www.apfelpatient.de\/en\/wp-json\/wp\/v2\/users\/2"}],"replies":[{"embeddable":true,"href":"https:\/\/www.apfelpatient.de\/en\/wp-json\/wp\/v2\/comments?post=43149"}],"version-history":[{"count":0,"href":"https:\/\/www.apfelpatient.de\/en\/wp-json\/wp\/v2\/posts\/43149\/revisions"}],"wp:featuredmedia":[{"embeddable":true,"href":"https:\/\/www.apfelpatient.de\/en\/wp-json\/wp\/v2\/media\/36887"}],"wp:attachment":[{"href":"https:\/\/www.apfelpatient.de\/en\/wp-json\/wp\/v2\/media?parent=43149"}],"wp:term":[{"taxonomy":"category","embeddable":true,"href":"https:\/\/www.apfelpatient.de\/en\/wp-json\/wp\/v2\/categories?post=43149"},{"taxonomy":"post_tag","embeddable":true,"href":"https:\/\/www.apfelpatient.de\/en\/wp-json\/wp\/v2\/tags?post=43149"}],"curies":[{"name":"wp","href":"https:\/\/api.w.org\/{rel}","templated":true}]}}