{"id":43009,"date":"2024-04-14T22:53:30","date_gmt":"2024-04-14T20:53:30","guid":{"rendered":"https:\/\/www.apfelpatient.de\/?p=43009"},"modified":"2024-05-31T15:04:22","modified_gmt":"2024-05-31T13:04:22","slug":"when-will-all-mac-models-get-the-new-apple-m4","status":"publish","type":"post","link":"https:\/\/www.apfelpatient.de\/en\/allgemein\/wann-erhalten-alle-mac-modelle-den-neuen-apple-m4","title":{"rendered":"When will all Mac models get the new Apple M4?"},"content":{"rendered":"<p class=\"has-drop-cap\"><strong>You may have heard about the latest development at Apple: the planned introduction of the M4 processor. This new technology promises to revolutionize the entire Mac portfolio. But when will this exciting step take place and what does it mean for you as a user? In this article, you will learn everything you need to know about the transition to this innovative technology.<\/strong><\/p>\n\n\n\n<p>Apple is known for pushing boundaries and setting new standards with each new generation of products. With the announcement that it will equip all Macs with the AI-based M4 processor, the company is once again confirming its reputation as a pioneer in the technology world. This article gives you a detailed overview of the planned change and explains how it will change the way you use your Mac.<\/p>\n\n\n\n<h3 class=\"wp-block-heading\" id=\"h-die-umstellungsplanung\">The conversion planning<\/h3>\n\n\n\n<p>After <a href=\"https:\/\/www.bloomberg.com\/news\/newsletters\/2024-04-14\/humane-ai-pin-review-the-device-isn-t-going-to-kill-apple-s-iphone-luziqlew\" target=\"_blank\" rel=\"noreferrer noopener\">Information on<\/a> According to Mark Gurman, a renowned technology journalist from Bloomberg, Apple&#039;s transition to the M4 processor will begin in late 2024 and will be completed by the second half of 2025. The transition is expected to start with the MacBook Pro and gradually expand to the other models. Here&#039;s a closer look at the schedule:<\/p>\n\n\n\n<p><strong>end of 2024:<\/strong><\/p>\n\n\n\n<ul class=\"wp-block-list\">\n<li>Introduction of the M4 processor in the 14-inch MacBook Pro and the 24-inch iMac.<\/li>\n<\/ul>\n\n\n\n<p><strong>End of 2024 to beginning of 2025:<\/strong><\/p>\n\n\n\n<ul class=\"wp-block-list\">\n<li>Update of the 14-inch and 16-inch MacBook Pro to the M4 Pro\/Max processors.<\/li>\n\n\n\n<li>Introducing the M4 and M4 Pro in the Mac mini.<\/li>\n<\/ul>\n\n\n\n<p><strong>Spring to the end of 2025:<\/strong><\/p>\n\n\n\n<ul class=\"wp-block-list\">\n<li>Rollout of the M4 in new MacBook Air models (13-inch and 15-inch).<\/li>\n\n\n\n<li>Update of the Mac Studio and Mac Pro to the M4 Ultra processor.<\/li>\n<\/ul>\n\n\n\n<h3 class=\"wp-block-heading\" id=\"h-technologische-neuerungen\">Technological innovations<\/h3>\n\n\n\n<p>The M4 processor will not only impress with its improved computing power but also with specialized AI functions that can fundamentally change the way you work. The M4 Ultra, also known by the code name &quot;Hidra&quot;, for example, is said to support up to half a terabyte of unified memory. Further developments of the Neural Engine, which could include an increased number of cores, are also part of this technological upgrade.<\/p>\n\n\n\n<h3 class=\"wp-block-heading\" id=\"h-der-m4-prozessor-ein-wendepunkt-fur-apple\">The M4 processor: A turning point for Apple<\/h3>\n\n\n\n<p>The complete transition of the Mac product line to the M4 processor marks an important milestone in Apple&#039;s history. For users, this means not only improved performance and efficiency but also access to advanced AI features that have the potential to redefine the way we interact with our computers. So stay tuned, because the future of Macs promises to be exciting! Are you looking for new accessories? Then take a look&nbsp;<a href=\"https:\/\/www.amazon.de\/shop\/apfelpatientofficial\" target=\"_blank\" rel=\"noreferrer noopener\">in our Amazon Storefront<\/a>&nbsp;- there you will find numerous products from leading providers, also for HomeKit and Co.! (Image: Apple)<\/p>\n\n\n\n<ul class=\"wp-block-list\">\n<li><a href=\"https:\/\/www.apfelpatient.de\/en\/tips-tricks\/how-to-find-your-system-report-in-macos-sonoma\">How to find your system report in macOS Sonoma<\/a><\/li>\n\n\n\n<li><a href=\"https:\/\/www.apfelpatient.de\/en\/generally\/apples-next-generation-insight-into-mac-pro-and-mac-studio\">Apple&#039;s next generation: Insight into Mac Pro and Mac Studio<\/a><\/li>\n\n\n\n<li><a href=\"https:\/\/www.apfelpatient.de\/en\/generally\/the-macbook-pro-m4-series-from-apple-what-to-expect\">Apple&#039;s MacBook Pro M4 lineup: What to expect<\/a><\/li>\n\n\n\n<li><a href=\"https:\/\/www.apfelpatient.de\/en\/generally\/apples-m4-mac-studio-what-is-known-so-far\">Apple&#039;s M4 Mac Studio: What is known so far<\/a><\/li>\n\n\n\n<li><a href=\"https:\/\/www.apfelpatient.de\/en\/generally\/apples-m4-mac-pro-what-to-expect\">Apple&#039;s M4 Mac Pro: What to Expect<\/a><\/li>\n\n\n\n<li><a href=\"https:\/\/www.apfelpatient.de\/en\/generally\/apples-m4-macbook-air-what-to-expect\">Apple&#039;s M4 MacBook Air: What to Expect<\/a><\/li>\n\n\n\n<li><a href=\"https:\/\/www.apfelpatient.de\/en\/generally\/preview-apples-next-studio-and-pro-xdr-displays\">Preview: Apple&#039;s next Studio and Pro XDR displays<\/a><\/li>\n\n\n\n<li><a href=\"https:\/\/www.apfelpatient.de\/en\/generally\/apples-m4-mac-mini-what-we-know\">Apple&#039;s M4 Mac Mini: What we know<\/a><\/li>\n\n\n\n<li><a href=\"https:\/\/www.apfelpatient.de\/en\/generally\/apples-m4-imac-what-to-expect\">Apple&#039;s M4 iMac: What to Expect<\/a><\/li>\n<\/ul>\n\n\n\n<h6 class=\"wp-block-heading translation-block\" id=\"h-kennt-ihr-schon-unsere-amazon-storefront-dort-findet-ihr-eine-handverlesene-auswahl-von-diversen-produkten-f-r-euer-iphone-und-co-viel-spa-beim-st-bern\"><em>Have you already visited our Amazon Storefront? There you&#039;ll find a hand-picked selection of various products for your iPhone and other devices \u2013 <span class=\"has-inline-color has-vivid-red-color\"><a href=\"https:\/\/www.amazon.de\/shop\/apfelpatientofficial\" class=\"ek-link\" data-wpel-link=\"exclude\" rel=\"follow noopener\" target=\"_self\"><span style=\"text-decoration: underline\" class=\"ek-underline\">enjoy browsing<\/span><\/a> !<\/span><\/em><\/h6>\n\n\n\n<h6 class=\"wp-block-heading translation-block\" id=\"h-der-beitrag-enthalt-partnerlinks\">This post contains <a data-type=\"URL\" data-id=\"https:\/\/www.apfelpatient.de\/partnerprogramm\" href=\"https:\/\/www.apfelpatient.de\/en\/partner-program\" data-wpel-link=\"internal\" target=\"_self\">affiliate links<\/a>.<\/h6>","protected":false},"excerpt":{"rendered":"<p>Apple is setting new standards: Find out when the M4 processor will be integrated into Macs and what innovations you can expect.<\/p>","protected":false},"author":2,"featured_media":43012,"comment_status":"closed","ping_status":"closed","sticky":false,"template":"","format":"standard","meta":{"jnews-multi-image_gallery":[],"jnews_single_post":{"subtitle":"","format":"standard","video":"","gallery":"","source_name":"","source_url":"","via_name":"","via_url":"","override_template":"0","override":[{"template":"4","single_blog_custom":"","parallax":"1","fullscreen":"1","layout":"right-sidebar","sidebar":"default-sidebar","second_sidebar":"default-sidebar","sticky_sidebar":"1","share_position":"top","share_float_style":"share-monocrhome","show_share_counter":"0","show_view_counter":"0","show_featured":"1","show_post_meta":"1","show_post_author":"1","show_post_author_image":"1","show_post_date":"1","post_date_format":"default","post_date_format_custom":"Y\/m\/d","show_post_category":"1","show_post_reading_time":"0","post_reading_time_wpm":"300","show_zoom_button":"0","zoom_button_out_step":"2","zoom_button_in_step":"3","show_post_tag":"1","show_prev_next_post":"1","show_popup_post":"1","number_popup_post":"1","show_author_box":"0","show_post_related":"0","show_inline_post_related":"0"}],"override_image_size":"0","image_override":[{"single_post_thumbnail_size":"crop-500","single_post_gallery_size":"crop-500"}],"trending_post":"0","trending_post_position":"meta","trending_post_label":"Trending","sponsored_post":"0","sponsored_post_label":"Sponsored by","sponsored_post_name":"","sponsored_post_url":"","sponsored_post_logo_enable":"0","sponsored_post_logo":"","sponsored_post_desc":"","disable_ad":"0"},"jnews_primary_category":{"id":"2","hide":""},"footnotes":""},"categories":[2],"tags":[40],"class_list":["post-43009","post","type-post","status-publish","format-standard","has-post-thumbnail","hentry","category-allgemein","tag-mac"],"yoast_head":"<!-- This site is optimized with the Yoast SEO Premium plugin v27.5 (Yoast SEO v27.5) - https:\/\/yoast.com\/product\/yoast-seo-premium-wordpress\/ -->\n<title>Wann erhalten alle Mac-Modelle den neuen Apple M4? Apfelpatient<\/title>\n<meta name=\"description\" content=\"Apple setzt neue Ma\u00dfst\u00e4be: Finde heraus, wann der M4-Prozessor in Macs integriert wird und welche Innovationen dich erwarten.\" \/>\n<meta name=\"robots\" content=\"index, follow, max-snippet:-1, max-image-preview:large, max-video-preview:-1\" \/>\n<link rel=\"canonical\" href=\"https:\/\/www.apfelpatient.de\/en\/generally\/when-will-all-mac-models-get-the-new-apple-m4\" \/>\n<meta property=\"og:locale\" content=\"en_US\" \/>\n<meta property=\"og:type\" content=\"article\" \/>\n<meta property=\"og:title\" content=\"Wann erhalten alle Mac-Modelle den neuen Apple M4?\" \/>\n<meta property=\"og:description\" content=\"Apple setzt neue Ma\u00dfst\u00e4be: Finde heraus, wann der M4-Prozessor in Macs integriert wird und welche Innovationen dich erwarten.\" \/>\n<meta property=\"og:url\" content=\"https:\/\/www.apfelpatient.de\/en\/generally\/when-will-all-mac-models-get-the-new-apple-m4\" \/>\n<meta property=\"og:site_name\" content=\"Apfelpatient\" \/>\n<meta property=\"article:publisher\" content=\"https:\/\/www.facebook.com\/apfelpatientOfficial\" \/>\n<meta property=\"article:author\" content=\"https:\/\/www.facebook.com\/apfelpatientOfficial\" \/>\n<meta property=\"article:published_time\" content=\"2024-04-14T20:53:30+00:00\" \/>\n<meta property=\"article:modified_time\" content=\"2024-05-31T13:04:22+00:00\" \/>\n<meta property=\"og:image\" content=\"https:\/\/www.apfelpatient.de\/wp-content\/uploads\/2024\/04\/Apple-WWDC23-macOS-Sonoma-hero-230605.jpg\" \/>\n\t<meta property=\"og:image:width\" content=\"1600\" \/>\n\t<meta property=\"og:image:height\" content=\"900\" \/>\n\t<meta property=\"og:image:type\" content=\"image\/jpeg\" \/>\n<meta name=\"author\" content=\"Milan\" \/>\n<meta name=\"twitter:card\" content=\"summary_large_image\" \/>\n<meta name=\"twitter:description\" content=\"Apple setzt neue Ma\u00dfst\u00e4be: Finde heraus, wann der M4-Prozessor in Macs integriert wird und welche Innovationen dich erwarten.\" \/>\n<meta name=\"twitter:label1\" content=\"Written by\" \/>\n\t<meta name=\"twitter:data1\" content=\"Milan\" \/>\n\t<meta name=\"twitter:label2\" content=\"Est. reading time\" \/>\n\t<meta name=\"twitter:data2\" content=\"4 minutes\" \/>\n<script type=\"application\/ld+json\" class=\"yoast-schema-graph\">{\"@context\":\"https:\\\/\\\/schema.org\",\"@graph\":[{\"@type\":\"NewsArticle\",\"@id\":\"https:\\\/\\\/www.apfelpatient.de\\\/allgemein\\\/wann-erhalten-alle-mac-modelle-den-neuen-apple-m4#article\",\"isPartOf\":{\"@id\":\"https:\\\/\\\/www.apfelpatient.de\\\/allgemein\\\/wann-erhalten-alle-mac-modelle-den-neuen-apple-m4\"},\"author\":{\"@type\":\"Organization\",\"@id\":\"https:\\\/\\\/www.apfelpatient.de\\\/en\\\/#organization\",\"name\":\"Apfelpatient\",\"url\":\"https:\\\/\\\/www.apfelpatient.de\\\/en\\\/\"},\"headline\":\"Wann erhalten alle Mac-Modelle den neuen Apple M4?\",\"datePublished\":\"2024-04-14T20:53:30+00:00\",\"dateModified\":\"2024-05-31T13:04:22+00:00\",\"mainEntityOfPage\":{\"@id\":\"https:\\\/\\\/www.apfelpatient.de\\\/allgemein\\\/wann-erhalten-alle-mac-modelle-den-neuen-apple-m4\"},\"wordCount\":511,\"publisher\":{\"@type\":\"Organization\",\"@id\":\"https:\\\/\\\/www.apfelpatient.de\\\/en\\\/#organization\",\"name\":\"Apfelpatient\",\"url\":\"https:\\\/\\\/www.apfelpatient.de\\\/en\\\/\"},\"image\":{\"@id\":\"https:\\\/\\\/www.apfelpatient.de\\\/allgemein\\\/wann-erhalten-alle-mac-modelle-den-neuen-apple-m4#primaryimage\"},\"thumbnailUrl\":\"https:\\\/\\\/www.apfelpatient.de\\\/wp-content\\\/uploads\\\/2024\\\/04\\\/Apple-WWDC23-macOS-Sonoma-hero-230605.jpg\",\"keywords\":[\"Mac\"],\"articleSection\":\"Allgemein\",\"inLanguage\":\"en-US\",\"copyrightYear\":\"2024\",\"copyrightHolder\":{\"@id\":\"https:\\\/\\\/www.apfelpatient.de\\\/en\\\/#organization\"}},{\"@type\":\"WebPage\",\"@id\":\"https:\\\/\\\/www.apfelpatient.de\\\/allgemein\\\/wann-erhalten-alle-mac-modelle-den-neuen-apple-m4\",\"url\":\"https:\\\/\\\/www.apfelpatient.de\\\/allgemein\\\/wann-erhalten-alle-mac-modelle-den-neuen-apple-m4\",\"name\":\"Wann erhalten alle Mac-Modelle den neuen Apple M4? Apfelpatient\",\"isPartOf\":{\"@id\":\"https:\\\/\\\/www.apfelpatient.de\\\/#website\"},\"primaryImageOfPage\":{\"@id\":\"https:\\\/\\\/www.apfelpatient.de\\\/allgemein\\\/wann-erhalten-alle-mac-modelle-den-neuen-apple-m4#primaryimage\"},\"image\":{\"@id\":\"https:\\\/\\\/www.apfelpatient.de\\\/allgemein\\\/wann-erhalten-alle-mac-modelle-den-neuen-apple-m4#primaryimage\"},\"thumbnailUrl\":\"https:\\\/\\\/www.apfelpatient.de\\\/wp-content\\\/uploads\\\/2024\\\/04\\\/Apple-WWDC23-macOS-Sonoma-hero-230605.jpg\",\"datePublished\":\"2024-04-14T20:53:30+00:00\",\"dateModified\":\"2024-05-31T13:04:22+00:00\",\"description\":\"Apple setzt neue Ma\u00dfst\u00e4be: Finde heraus, wann der M4-Prozessor in Macs integriert wird und welche Innovationen dich erwarten.\",\"breadcrumb\":{\"@id\":\"https:\\\/\\\/www.apfelpatient.de\\\/allgemein\\\/wann-erhalten-alle-mac-modelle-den-neuen-apple-m4#breadcrumb\"},\"inLanguage\":\"en-US\",\"potentialAction\":[{\"@type\":\"ReadAction\",\"target\":[\"https:\\\/\\\/www.apfelpatient.de\\\/allgemein\\\/wann-erhalten-alle-mac-modelle-den-neuen-apple-m4\"]}]},{\"@type\":\"ImageObject\",\"inLanguage\":\"en-US\",\"@id\":\"https:\\\/\\\/www.apfelpatient.de\\\/allgemein\\\/wann-erhalten-alle-mac-modelle-den-neuen-apple-m4#primaryimage\",\"url\":\"https:\\\/\\\/www.apfelpatient.de\\\/wp-content\\\/uploads\\\/2024\\\/04\\\/Apple-WWDC23-macOS-Sonoma-hero-230605.jpg\",\"contentUrl\":\"https:\\\/\\\/www.apfelpatient.de\\\/wp-content\\\/uploads\\\/2024\\\/04\\\/Apple-WWDC23-macOS-Sonoma-hero-230605.jpg\",\"width\":1600,\"height\":900,\"caption\":\"Bild: Apple\"},{\"@type\":\"BreadcrumbList\",\"@id\":\"https:\\\/\\\/www.apfelpatient.de\\\/allgemein\\\/wann-erhalten-alle-mac-modelle-den-neuen-apple-m4#breadcrumb\",\"itemListElement\":[{\"@type\":\"ListItem\",\"position\":1,\"name\":\"Startseite\",\"item\":\"https:\\\/\\\/www.apfelpatient.de\\\/\"},{\"@type\":\"ListItem\",\"position\":2,\"name\":\"Wann erhalten alle Mac-Modelle den neuen Apple M4?\"}]},{\"@type\":\"WebSite\",\"@id\":\"https:\\\/\\\/www.apfelpatient.de\\\/#website\",\"url\":\"https:\\\/\\\/www.apfelpatient.de\\\/\",\"name\":\"Apfelpatient\",\"description\":\"Alles rund um Apple!\",\"publisher\":{\"@type\":\"Organization\",\"@id\":\"https:\\\/\\\/www.apfelpatient.de\\\/en\\\/#organization\",\"name\":\"Apfelpatient\",\"url\":\"https:\\\/\\\/www.apfelpatient.de\\\/en\\\/\"},\"alternateName\":\"Apfelpatient\",\"potentialAction\":[{\"@type\":\"SearchAction\",\"target\":{\"@type\":\"EntryPoint\",\"urlTemplate\":\"https:\\\/\\\/www.apfelpatient.de\\\/?s={search_term_string}\"},\"query-input\":{\"@type\":\"PropertyValueSpecification\",\"valueRequired\":true,\"valueName\":\"search_term_string\"}}],\"inLanguage\":\"en-US\"},{\"@type\":[\"Person\",\"Organization\"],\"@id\":\"https:\\\/\\\/www.apfelpatient.de\\\/#\\\/schema\\\/person\\\/7dc56ad6c8e9824b76d2c08d4c140e13\",\"name\":\"Milan\",\"logo\":{\"@id\":\"https:\\\/\\\/www.apfelpatient.de\\\/#\\\/schema\\\/person\\\/image\\\/\"},\"description\":\"Hallo und herzlich willkommen auf meinem Technik-Blog! Als gro\u00dfer Apple-Fan berichte ich hier \u00fcber alles, was mit Apple zu tun hat: von den neuesten News und spannenden Ger\u00fcchten \u00fcber hilfreiche Tipps und Tricks bis hin zu ausf\u00fchrlichen Produkttests. Wenn du genauso technikbegeistert bist wie ich, bist du hier genau richtig!\",\"sameAs\":[\"https:\\\/\\\/www.facebook.com\\\/apfelpatientOfficial\",\"https:\\\/\\\/www.linkedin.com\\\/in\\\/milan-jovicic-42aa0231b\"],\"url\":\"https:\\\/\\\/www.apfelpatient.de\\\/en\\\/author\\\/apfeladmin\"}]}<\/script>\n<!-- \/ Yoast SEO Premium plugin. -->","yoast_head_json":{"title":"When will all Mac models get the new Apple M4? Apfelpatient","description":"Apple is setting new standards: Find out when the M4 processor will be integrated into Macs and what innovations you can expect.","robots":{"index":"index","follow":"follow","max-snippet":"max-snippet:-1","max-image-preview":"max-image-preview:large","max-video-preview":"max-video-preview:-1"},"canonical":"https:\/\/www.apfelpatient.de\/en\/generally\/when-will-all-mac-models-get-the-new-apple-m4","og_locale":"en_US","og_type":"article","og_title":"Wann erhalten alle Mac-Modelle den neuen Apple M4?","og_description":"Apple setzt neue Ma\u00dfst\u00e4be: Finde heraus, wann der M4-Prozessor in Macs integriert wird und welche Innovationen dich erwarten.","og_url":"https:\/\/www.apfelpatient.de\/en\/generally\/when-will-all-mac-models-get-the-new-apple-m4","og_site_name":"Apfelpatient","article_publisher":"https:\/\/www.facebook.com\/apfelpatientOfficial","article_author":"https:\/\/www.facebook.com\/apfelpatientOfficial","article_published_time":"2024-04-14T20:53:30+00:00","article_modified_time":"2024-05-31T13:04:22+00:00","og_image":[{"width":1600,"height":900,"url":"https:\/\/www.apfelpatient.de\/wp-content\/uploads\/2024\/04\/Apple-WWDC23-macOS-Sonoma-hero-230605.jpg","type":"image\/jpeg"}],"author":"Milan","twitter_card":"summary_large_image","twitter_description":"Apple setzt neue Ma\u00dfst\u00e4be: Finde heraus, wann der M4-Prozessor in Macs integriert wird und welche Innovationen dich erwarten.","twitter_misc":{"Written by":"Milan","Est. reading time":"4 minutes"},"schema":{"@context":"https:\/\/schema.org","@graph":[{"@type":"NewsArticle","@id":"https:\/\/www.apfelpatient.de\/allgemein\/wann-erhalten-alle-mac-modelle-den-neuen-apple-m4#article","isPartOf":{"@id":"https:\/\/www.apfelpatient.de\/allgemein\/wann-erhalten-alle-mac-modelle-den-neuen-apple-m4"},"author":{"@type":"Organization","@id":"https:\/\/www.apfelpatient.de\/en\/#organization","name":"Apfelpatient","url":"https:\/\/www.apfelpatient.de\/en\/"},"headline":"Wann erhalten alle Mac-Modelle den neuen Apple M4?","datePublished":"2024-04-14T20:53:30+00:00","dateModified":"2024-05-31T13:04:22+00:00","mainEntityOfPage":{"@id":"https:\/\/www.apfelpatient.de\/allgemein\/wann-erhalten-alle-mac-modelle-den-neuen-apple-m4"},"wordCount":511,"publisher":{"@type":"Organization","@id":"https:\/\/www.apfelpatient.de\/en\/#organization","name":"Apfelpatient","url":"https:\/\/www.apfelpatient.de\/en\/"},"image":{"@id":"https:\/\/www.apfelpatient.de\/allgemein\/wann-erhalten-alle-mac-modelle-den-neuen-apple-m4#primaryimage"},"thumbnailUrl":"https:\/\/www.apfelpatient.de\/wp-content\/uploads\/2024\/04\/Apple-WWDC23-macOS-Sonoma-hero-230605.jpg","keywords":["Mac"],"articleSection":"Allgemein","inLanguage":"en-US","copyrightYear":"2024","copyrightHolder":{"@id":"https:\/\/www.apfelpatient.de\/en\/#organization"}},{"@type":"WebPage","@id":"https:\/\/www.apfelpatient.de\/allgemein\/wann-erhalten-alle-mac-modelle-den-neuen-apple-m4","url":"https:\/\/www.apfelpatient.de\/allgemein\/wann-erhalten-alle-mac-modelle-den-neuen-apple-m4","name":"When will all Mac models get the new Apple M4? Apfelpatient","isPartOf":{"@id":"https:\/\/www.apfelpatient.de\/#website"},"primaryImageOfPage":{"@id":"https:\/\/www.apfelpatient.de\/allgemein\/wann-erhalten-alle-mac-modelle-den-neuen-apple-m4#primaryimage"},"image":{"@id":"https:\/\/www.apfelpatient.de\/allgemein\/wann-erhalten-alle-mac-modelle-den-neuen-apple-m4#primaryimage"},"thumbnailUrl":"https:\/\/www.apfelpatient.de\/wp-content\/uploads\/2024\/04\/Apple-WWDC23-macOS-Sonoma-hero-230605.jpg","datePublished":"2024-04-14T20:53:30+00:00","dateModified":"2024-05-31T13:04:22+00:00","description":"Apple is setting new standards: Find out when the M4 processor will be integrated into Macs and what innovations you can expect.","breadcrumb":{"@id":"https:\/\/www.apfelpatient.de\/allgemein\/wann-erhalten-alle-mac-modelle-den-neuen-apple-m4#breadcrumb"},"inLanguage":"en-US","potentialAction":[{"@type":"ReadAction","target":["https:\/\/www.apfelpatient.de\/allgemein\/wann-erhalten-alle-mac-modelle-den-neuen-apple-m4"]}]},{"@type":"ImageObject","inLanguage":"en-US","@id":"https:\/\/www.apfelpatient.de\/allgemein\/wann-erhalten-alle-mac-modelle-den-neuen-apple-m4#primaryimage","url":"https:\/\/www.apfelpatient.de\/wp-content\/uploads\/2024\/04\/Apple-WWDC23-macOS-Sonoma-hero-230605.jpg","contentUrl":"https:\/\/www.apfelpatient.de\/wp-content\/uploads\/2024\/04\/Apple-WWDC23-macOS-Sonoma-hero-230605.jpg","width":1600,"height":900,"caption":"Bild: Apple"},{"@type":"BreadcrumbList","@id":"https:\/\/www.apfelpatient.de\/allgemein\/wann-erhalten-alle-mac-modelle-den-neuen-apple-m4#breadcrumb","itemListElement":[{"@type":"ListItem","position":1,"name":"Startseite","item":"https:\/\/www.apfelpatient.de\/"},{"@type":"ListItem","position":2,"name":"Wann erhalten alle Mac-Modelle den neuen Apple M4?"}]},{"@type":"WebSite","@id":"https:\/\/www.apfelpatient.de\/#website","url":"https:\/\/www.apfelpatient.de\/","name":"apple patient","description":"Everything about Apple!","publisher":{"@type":"Organization","@id":"https:\/\/www.apfelpatient.de\/en\/#organization","name":"Apfelpatient","url":"https:\/\/www.apfelpatient.de\/en\/"},"alternateName":"Apfelpatient","potentialAction":[{"@type":"SearchAction","target":{"@type":"EntryPoint","urlTemplate":"https:\/\/www.apfelpatient.de\/?s={search_term_string}"},"query-input":{"@type":"PropertyValueSpecification","valueRequired":true,"valueName":"search_term_string"}}],"inLanguage":"en-US"},{"@type":["Person","Organization"],"@id":"https:\/\/www.apfelpatient.de\/#\/schema\/person\/7dc56ad6c8e9824b76d2c08d4c140e13","name":"Milan","logo":{"@id":"https:\/\/www.apfelpatient.de\/#\/schema\/person\/image\/"},"description":"Hello and welcome to my technology blog! As a big Apple fan, I report on everything to do with Apple: from the latest news and exciting rumors to helpful tips and tricks and detailed product tests. If you are as enthusiastic about technology as I am, you have come to the right place!","sameAs":["https:\/\/www.facebook.com\/apfelpatientOfficial","https:\/\/www.linkedin.com\/in\/milan-jovicic-42aa0231b"],"url":"https:\/\/www.apfelpatient.de\/en\/author\/apfeladmin"}]}},"_links":{"self":[{"href":"https:\/\/www.apfelpatient.de\/en\/wp-json\/wp\/v2\/posts\/43009","targetHints":{"allow":["GET"]}}],"collection":[{"href":"https:\/\/www.apfelpatient.de\/en\/wp-json\/wp\/v2\/posts"}],"about":[{"href":"https:\/\/www.apfelpatient.de\/en\/wp-json\/wp\/v2\/types\/post"}],"author":[{"embeddable":true,"href":"https:\/\/www.apfelpatient.de\/en\/wp-json\/wp\/v2\/users\/2"}],"replies":[{"embeddable":true,"href":"https:\/\/www.apfelpatient.de\/en\/wp-json\/wp\/v2\/comments?post=43009"}],"version-history":[{"count":0,"href":"https:\/\/www.apfelpatient.de\/en\/wp-json\/wp\/v2\/posts\/43009\/revisions"}],"wp:featuredmedia":[{"embeddable":true,"href":"https:\/\/www.apfelpatient.de\/en\/wp-json\/wp\/v2\/media\/43012"}],"wp:attachment":[{"href":"https:\/\/www.apfelpatient.de\/en\/wp-json\/wp\/v2\/media?parent=43009"}],"wp:term":[{"taxonomy":"category","embeddable":true,"href":"https:\/\/www.apfelpatient.de\/en\/wp-json\/wp\/v2\/categories?post=43009"},{"taxonomy":"post_tag","embeddable":true,"href":"https:\/\/www.apfelpatient.de\/en\/wp-json\/wp\/v2\/tags?post=43009"}],"curies":[{"name":"wp","href":"https:\/\/api.w.org\/{rel}","templated":true}]}}