{"id":42975,"date":"2024-04-14T22:52:53","date_gmt":"2024-04-14T20:52:53","guid":{"rendered":"https:\/\/www.apfelpatient.de\/?p=42975"},"modified":"2024-05-31T15:04:57","modified_gmt":"2024-05-31T13:04:57","slug":"apples-next-generation-insight-into-mac-pro-and-mac-studio","status":"publish","type":"post","link":"https:\/\/www.apfelpatient.de\/en\/allgemein\/apples-naechste-generation-einblick-in-mac-pro-und-mac-studio","title":{"rendered":"Apple&#039;s next generation: Insight into Mac Pro and Mac Studio"},"content":{"rendered":"<p class=\"has-drop-cap\"><strong>Apple never stands still, especially when it comes to evolving their Mac product line. Recently, Bloomberg published an insightful report on the future direction of the Mac Pro and Mac Studio, especially in relation to the new M4 processor generation. This article sheds light on future developments and what Apple users can expect.<\/strong><\/p>\n\n\n\n<p>As technology continues to evolve, Apple remains at the forefront of innovation, with a focus on the Mac Studio and Mac Pro, two products that are of great interest to both professional users and technology enthusiasts. Recent updates and planned changes point to exciting times for Apple users.<\/p>\n\n\n\n<h3 class=\"wp-block-heading\" id=\"h-der-nachste-mac-pro\">The next Mac Pro<\/h3>\n\n\n\n<p>In 2025, Apple is expected to launch the new Mac Pro with an advanced M4 chip. The M4 chip, which is being developed in at least three main variants - codenamed Donan, Brava and Hidra - promises a significant performance boost. While the exact chip used in the Mac Pro has not yet been determined, it is likely that Apple will include the most powerful variant, Hidra. One notable upgrade concerns memory: the new Mac Pro could support up to 512GB of unified memory. This represents a significant increase compared to the current 192GB cap and shows Apple&#039;s commitment to high-end hardware that meets the needs of its professional users.<\/p>\n\n\n\n<h3 class=\"wp-block-heading\" id=\"h-der-nachste-mac-studio\">The next Mac Studio<\/h3>\n\n\n\n<p>The future of the Mac Studio seems less clear at the moment. Apple is currently testing versions with M3 and M4 generation chips, which suggests that updates could be on the horizon in the medium term. It remains to be seen what decisions Apple will make, but it is certain that users can expect an update with an M4 chip by mid-2025 at the latest.<\/p>\n\n\n\n<h3 class=\"wp-block-heading\" id=\"h-apple-an-der-spitze-der-technologischen-evolution\">Apple at the forefront of technological evolution<\/h3>\n\n\n\n<p>Apple remains a giant in the technology industry, always striving to push the boundaries of what is possible. The planned updates to the Mac Pro and Mac Studio promise to not only meet but exceed the expectations of their loyal fan base. With continuous improvements and the use of the latest technologies, Apple continues to secure a place at the forefront of technological innovation. This look into the future shows that Apple continues to show great commitment to its Pro series and users can look forward to robust, powerful machines that will significantly boost their creativity and productivity. Are you looking for new accessories? Then take a look&nbsp;<a href=\"https:\/\/www.amazon.de\/shop\/apfelpatientofficial\" target=\"_blank\" rel=\"noreferrer noopener\">in our Amazon Storefront<\/a>&nbsp;- there you will find numerous products from leading providers, also for HomeKit and Co.! (Image: Apple)<\/p>\n\n\n\n<ul class=\"wp-block-list\">\n<li><a href=\"https:\/\/www.apfelpatient.de\/en\/rumors\/apple-m4-macs-a-new-era-of-ai-technology\">Apple M4 Macs: A New Era of AI Technology<\/a><\/li>\n\n\n\n<li><a href=\"https:\/\/www.apfelpatient.de\/en\/generally\/when-will-all-mac-models-get-the-new-apple-m4\">When will all Mac models get the new Apple M4?<\/a><\/li>\n\n\n\n<li><a href=\"https:\/\/www.apfelpatient.de\/en\/generally\/the-macbook-pro-m4-series-from-apple-what-to-expect\">Apple&#039;s MacBook Pro M4 lineup: What to expect<\/a><\/li>\n\n\n\n<li><a href=\"https:\/\/www.apfelpatient.de\/en\/generally\/apples-m4-mac-studio-what-is-known-so-far\">Apple&#039;s M4 Mac Studio: What is known so far<\/a><\/li>\n\n\n\n<li><a href=\"https:\/\/www.apfelpatient.de\/en\/generally\/apples-m4-mac-pro-what-to-expect\">Apple&#039;s M4 Mac Pro: What to Expect<\/a><\/li>\n\n\n\n<li><a href=\"https:\/\/www.apfelpatient.de\/en\/generally\/apples-m4-macbook-air-what-to-expect\">Apple&#039;s M4 MacBook Air: What to Expect<\/a><\/li>\n\n\n\n<li><a href=\"https:\/\/www.apfelpatient.de\/en\/generally\/preview-apples-next-studio-and-pro-xdr-displays\">Preview: Apple&#039;s next Studio and Pro XDR displays<\/a><\/li>\n\n\n\n<li><a href=\"https:\/\/www.apfelpatient.de\/en\/generally\/apples-m4-mac-mini-what-we-know\">Apple&#039;s M4 Mac Mini: What we know<\/a><\/li>\n\n\n\n<li><a href=\"https:\/\/www.apfelpatient.de\/en\/generally\/apples-m4-imac-what-to-expect\">Apple&#039;s M4 iMac: What to Expect<\/a><\/li>\n<\/ul>\n\n\n\n<h6 class=\"wp-block-heading translation-block\" id=\"h-kennt-ihr-schon-unsere-amazon-storefront-dort-findet-ihr-eine-handverlesene-auswahl-von-diversen-produkten-f-r-euer-iphone-und-co-viel-spa-beim-st-bern\"><em>Have you already visited our Amazon Storefront? There you&#039;ll find a hand-picked selection of various products for your iPhone and other devices \u2013 <span class=\"has-inline-color has-vivid-red-color\"><a href=\"https:\/\/www.amazon.de\/shop\/apfelpatientofficial\" class=\"ek-link\" data-wpel-link=\"exclude\" rel=\"follow noopener\" target=\"_self\"><span style=\"text-decoration: underline\" class=\"ek-underline\">enjoy browsing<\/span><\/a> !<\/span><\/em><\/h6>\n\n\n\n<h6 class=\"wp-block-heading translation-block\" id=\"h-der-beitrag-enthalt-partnerlinks\">This post contains <a data-type=\"URL\" data-id=\"https:\/\/www.apfelpatient.de\/partnerprogramm\" href=\"https:\/\/www.apfelpatient.de\/en\/partner-program\" data-wpel-link=\"internal\" target=\"_self\">affiliate links<\/a>.<\/h6>","protected":false},"excerpt":{"rendered":"<p>Stay up to date with Apple&#039;s progress on Mac Pro and Mac Studio. A glimpse into future developments and technologies.<\/p>","protected":false},"author":2,"featured_media":42977,"comment_status":"closed","ping_status":"closed","sticky":false,"template":"","format":"standard","meta":{"jnews-multi-image_gallery":[],"jnews_single_post":{"subtitle":"","format":"standard","video":"","gallery":"","source_name":"","source_url":"","via_name":"","via_url":"","override_template":"0","override":[{"template":"4","single_blog_custom":"","parallax":"1","fullscreen":"1","layout":"right-sidebar","sidebar":"default-sidebar","second_sidebar":"default-sidebar","sticky_sidebar":"1","share_position":"top","share_float_style":"share-monocrhome","show_share_counter":"0","show_view_counter":"0","show_featured":"1","show_post_meta":"1","show_post_author":"1","show_post_author_image":"1","show_post_date":"1","post_date_format":"default","post_date_format_custom":"Y\/m\/d","show_post_category":"1","show_post_reading_time":"0","post_reading_time_wpm":"300","show_zoom_button":"0","zoom_button_out_step":"2","zoom_button_in_step":"3","show_post_tag":"1","show_prev_next_post":"1","show_popup_post":"1","number_popup_post":"1","show_author_box":"0","show_post_related":"0","show_inline_post_related":"0"}],"override_image_size":"0","image_override":[{"single_post_thumbnail_size":"crop-500","single_post_gallery_size":"crop-500"}],"trending_post":"0","trending_post_position":"meta","trending_post_label":"Trending","sponsored_post":"0","sponsored_post_label":"Sponsored by","sponsored_post_name":"","sponsored_post_url":"","sponsored_post_logo_enable":"0","sponsored_post_logo":"","sponsored_post_desc":"","disable_ad":"0"},"jnews_primary_category":{"id":"2","hide":""},"footnotes":""},"categories":[2],"tags":[420,40,234,704],"class_list":["post-42975","post","type-post","status-publish","format-standard","has-post-thumbnail","hentry","category-allgemein","tag-apple-silicon","tag-mac","tag-mac-pro","tag-mac-studio"],"yoast_head":"<!-- This site is optimized with the Yoast SEO Premium plugin v27.5 (Yoast SEO v27.5) - https:\/\/yoast.com\/product\/yoast-seo-premium-wordpress\/ -->\n<title>Apple\u2019s n\u00e4chste Generation: Einblick in Mac Pro und Mac Studio Apfelpatient<\/title>\n<meta name=\"description\" content=\"Bleib auf dem Laufenden \u00fcber Apples Fortschritte bei Mac Pro und Mac Studio. Ein Einblick in zuk\u00fcnftige Entwicklungen und Technologien.\" \/>\n<meta name=\"robots\" content=\"index, follow, max-snippet:-1, max-image-preview:large, max-video-preview:-1\" \/>\n<link rel=\"canonical\" href=\"https:\/\/www.apfelpatient.de\/en\/generally\/apples-next-generation-insight-into-mac-pro-and-mac-studio\" \/>\n<meta property=\"og:locale\" content=\"en_US\" \/>\n<meta property=\"og:type\" content=\"article\" \/>\n<meta property=\"og:title\" content=\"Apple\u2019s n\u00e4chste Generation: Einblick in Mac Pro und Mac Studio\" \/>\n<meta property=\"og:description\" content=\"Bleib auf dem Laufenden \u00fcber Apples Fortschritte bei Mac Pro und Mac Studio. Ein Einblick in zuk\u00fcnftige Entwicklungen und Technologien.\" \/>\n<meta property=\"og:url\" content=\"https:\/\/www.apfelpatient.de\/en\/generally\/apples-next-generation-insight-into-mac-pro-and-mac-studio\" \/>\n<meta property=\"og:site_name\" content=\"Apfelpatient\" \/>\n<meta property=\"article:publisher\" content=\"https:\/\/www.facebook.com\/apfelpatientOfficial\" \/>\n<meta property=\"article:author\" content=\"https:\/\/www.facebook.com\/apfelpatientOfficial\" \/>\n<meta property=\"article:published_time\" content=\"2024-04-14T20:52:53+00:00\" \/>\n<meta property=\"article:modified_time\" content=\"2024-05-31T13:04:57+00:00\" \/>\n<meta property=\"og:image\" content=\"https:\/\/www.apfelpatient.de\/wp-content\/uploads\/2024\/04\/Apple-WWDC23-Mac-Studio-M2-Max-M2-Ultra-lifestyle-02-230605.jpg\" \/>\n\t<meta property=\"og:image:width\" content=\"1600\" \/>\n\t<meta property=\"og:image:height\" content=\"900\" \/>\n\t<meta property=\"og:image:type\" content=\"image\/jpeg\" \/>\n<meta name=\"author\" content=\"Milan\" \/>\n<meta name=\"twitter:card\" content=\"summary_large_image\" \/>\n<meta name=\"twitter:description\" content=\"Bleib auf dem Laufenden \u00fcber Apples Fortschritte bei Mac Pro und Mac Studio. Ein Einblick in zuk\u00fcnftige Entwicklungen und Technologien.\" \/>\n<meta name=\"twitter:label1\" content=\"Written by\" \/>\n\t<meta name=\"twitter:data1\" content=\"Milan\" \/>\n\t<meta name=\"twitter:label2\" content=\"Est. reading time\" \/>\n\t<meta name=\"twitter:data2\" content=\"3 minutes\" \/>\n<script type=\"application\/ld+json\" class=\"yoast-schema-graph\">{\"@context\":\"https:\\\/\\\/schema.org\",\"@graph\":[{\"@type\":\"NewsArticle\",\"@id\":\"https:\\\/\\\/www.apfelpatient.de\\\/allgemein\\\/apples-naechste-generation-einblick-in-mac-pro-und-mac-studio#article\",\"isPartOf\":{\"@id\":\"https:\\\/\\\/www.apfelpatient.de\\\/allgemein\\\/apples-naechste-generation-einblick-in-mac-pro-und-mac-studio\"},\"author\":{\"@type\":\"Organization\",\"@id\":\"https:\\\/\\\/www.apfelpatient.de\\\/en\\\/#organization\",\"name\":\"Apfelpatient\",\"url\":\"https:\\\/\\\/www.apfelpatient.de\\\/en\\\/\"},\"headline\":\"Apple\u2019s n\u00e4chste Generation: Einblick in Mac Pro und Mac Studio\",\"datePublished\":\"2024-04-14T20:52:53+00:00\",\"dateModified\":\"2024-05-31T13:04:57+00:00\",\"mainEntityOfPage\":{\"@id\":\"https:\\\/\\\/www.apfelpatient.de\\\/allgemein\\\/apples-naechste-generation-einblick-in-mac-pro-und-mac-studio\"},\"wordCount\":520,\"publisher\":{\"@type\":\"Organization\",\"@id\":\"https:\\\/\\\/www.apfelpatient.de\\\/en\\\/#organization\",\"name\":\"Apfelpatient\",\"url\":\"https:\\\/\\\/www.apfelpatient.de\\\/en\\\/\"},\"image\":{\"@id\":\"https:\\\/\\\/www.apfelpatient.de\\\/allgemein\\\/apples-naechste-generation-einblick-in-mac-pro-und-mac-studio#primaryimage\"},\"thumbnailUrl\":\"https:\\\/\\\/www.apfelpatient.de\\\/wp-content\\\/uploads\\\/2024\\\/04\\\/Apple-WWDC23-Mac-Studio-M2-Max-M2-Ultra-lifestyle-02-230605.jpg\",\"keywords\":[\"Apple Silicon\",\"Mac\",\"Mac Pro\",\"Mac Studio\"],\"articleSection\":\"Allgemein\",\"inLanguage\":\"en-US\",\"copyrightYear\":\"2024\",\"copyrightHolder\":{\"@id\":\"https:\\\/\\\/www.apfelpatient.de\\\/en\\\/#organization\"}},{\"@type\":\"WebPage\",\"@id\":\"https:\\\/\\\/www.apfelpatient.de\\\/allgemein\\\/apples-naechste-generation-einblick-in-mac-pro-und-mac-studio\",\"url\":\"https:\\\/\\\/www.apfelpatient.de\\\/allgemein\\\/apples-naechste-generation-einblick-in-mac-pro-und-mac-studio\",\"name\":\"Apple\u2019s n\u00e4chste Generation: Einblick in Mac Pro und Mac Studio Apfelpatient\",\"isPartOf\":{\"@id\":\"https:\\\/\\\/www.apfelpatient.de\\\/#website\"},\"primaryImageOfPage\":{\"@id\":\"https:\\\/\\\/www.apfelpatient.de\\\/allgemein\\\/apples-naechste-generation-einblick-in-mac-pro-und-mac-studio#primaryimage\"},\"image\":{\"@id\":\"https:\\\/\\\/www.apfelpatient.de\\\/allgemein\\\/apples-naechste-generation-einblick-in-mac-pro-und-mac-studio#primaryimage\"},\"thumbnailUrl\":\"https:\\\/\\\/www.apfelpatient.de\\\/wp-content\\\/uploads\\\/2024\\\/04\\\/Apple-WWDC23-Mac-Studio-M2-Max-M2-Ultra-lifestyle-02-230605.jpg\",\"datePublished\":\"2024-04-14T20:52:53+00:00\",\"dateModified\":\"2024-05-31T13:04:57+00:00\",\"description\":\"Bleib auf dem Laufenden \u00fcber Apples Fortschritte bei Mac Pro und Mac Studio. Ein Einblick in zuk\u00fcnftige Entwicklungen und Technologien.\",\"breadcrumb\":{\"@id\":\"https:\\\/\\\/www.apfelpatient.de\\\/allgemein\\\/apples-naechste-generation-einblick-in-mac-pro-und-mac-studio#breadcrumb\"},\"inLanguage\":\"en-US\",\"potentialAction\":[{\"@type\":\"ReadAction\",\"target\":[\"https:\\\/\\\/www.apfelpatient.de\\\/allgemein\\\/apples-naechste-generation-einblick-in-mac-pro-und-mac-studio\"]}]},{\"@type\":\"ImageObject\",\"inLanguage\":\"en-US\",\"@id\":\"https:\\\/\\\/www.apfelpatient.de\\\/allgemein\\\/apples-naechste-generation-einblick-in-mac-pro-und-mac-studio#primaryimage\",\"url\":\"https:\\\/\\\/www.apfelpatient.de\\\/wp-content\\\/uploads\\\/2024\\\/04\\\/Apple-WWDC23-Mac-Studio-M2-Max-M2-Ultra-lifestyle-02-230605.jpg\",\"contentUrl\":\"https:\\\/\\\/www.apfelpatient.de\\\/wp-content\\\/uploads\\\/2024\\\/04\\\/Apple-WWDC23-Mac-Studio-M2-Max-M2-Ultra-lifestyle-02-230605.jpg\",\"width\":1600,\"height\":900,\"caption\":\"Bild: Apple\"},{\"@type\":\"BreadcrumbList\",\"@id\":\"https:\\\/\\\/www.apfelpatient.de\\\/allgemein\\\/apples-naechste-generation-einblick-in-mac-pro-und-mac-studio#breadcrumb\",\"itemListElement\":[{\"@type\":\"ListItem\",\"position\":1,\"name\":\"Startseite\",\"item\":\"https:\\\/\\\/www.apfelpatient.de\\\/\"},{\"@type\":\"ListItem\",\"position\":2,\"name\":\"Apple\u2019s n\u00e4chste Generation: Einblick in Mac Pro und Mac Studio\"}]},{\"@type\":\"WebSite\",\"@id\":\"https:\\\/\\\/www.apfelpatient.de\\\/#website\",\"url\":\"https:\\\/\\\/www.apfelpatient.de\\\/\",\"name\":\"Apfelpatient\",\"description\":\"Alles rund um Apple!\",\"publisher\":{\"@type\":\"Organization\",\"@id\":\"https:\\\/\\\/www.apfelpatient.de\\\/en\\\/#organization\",\"name\":\"Apfelpatient\",\"url\":\"https:\\\/\\\/www.apfelpatient.de\\\/en\\\/\"},\"alternateName\":\"Apfelpatient\",\"potentialAction\":[{\"@type\":\"SearchAction\",\"target\":{\"@type\":\"EntryPoint\",\"urlTemplate\":\"https:\\\/\\\/www.apfelpatient.de\\\/?s={search_term_string}\"},\"query-input\":{\"@type\":\"PropertyValueSpecification\",\"valueRequired\":true,\"valueName\":\"search_term_string\"}}],\"inLanguage\":\"en-US\"},{\"@type\":[\"Person\",\"Organization\"],\"@id\":\"https:\\\/\\\/www.apfelpatient.de\\\/#\\\/schema\\\/person\\\/7dc56ad6c8e9824b76d2c08d4c140e13\",\"name\":\"Milan\",\"logo\":{\"@id\":\"https:\\\/\\\/www.apfelpatient.de\\\/#\\\/schema\\\/person\\\/image\\\/\"},\"description\":\"Hallo und herzlich willkommen auf meinem Technik-Blog! Als gro\u00dfer Apple-Fan berichte ich hier \u00fcber alles, was mit Apple zu tun hat: von den neuesten News und spannenden Ger\u00fcchten \u00fcber hilfreiche Tipps und Tricks bis hin zu ausf\u00fchrlichen Produkttests. Wenn du genauso technikbegeistert bist wie ich, bist du hier genau richtig!\",\"sameAs\":[\"https:\\\/\\\/www.facebook.com\\\/apfelpatientOfficial\",\"https:\\\/\\\/www.linkedin.com\\\/in\\\/milan-jovicic-42aa0231b\"],\"url\":\"https:\\\/\\\/www.apfelpatient.de\\\/en\\\/author\\\/apfeladmin\"}]}<\/script>\n<!-- \/ Yoast SEO Premium plugin. -->","yoast_head_json":{"title":"Apple&#039;s next generation: Insight into Mac Pro and Mac Studio Apfelpatient","description":"Stay up to date with Apple&#039;s progress on Mac Pro and Mac Studio. A glimpse into future developments and technologies.","robots":{"index":"index","follow":"follow","max-snippet":"max-snippet:-1","max-image-preview":"max-image-preview:large","max-video-preview":"max-video-preview:-1"},"canonical":"https:\/\/www.apfelpatient.de\/en\/generally\/apples-next-generation-insight-into-mac-pro-and-mac-studio","og_locale":"en_US","og_type":"article","og_title":"Apple\u2019s n\u00e4chste Generation: Einblick in Mac Pro und Mac Studio","og_description":"Bleib auf dem Laufenden \u00fcber Apples Fortschritte bei Mac Pro und Mac Studio. Ein Einblick in zuk\u00fcnftige Entwicklungen und Technologien.","og_url":"https:\/\/www.apfelpatient.de\/en\/generally\/apples-next-generation-insight-into-mac-pro-and-mac-studio","og_site_name":"Apfelpatient","article_publisher":"https:\/\/www.facebook.com\/apfelpatientOfficial","article_author":"https:\/\/www.facebook.com\/apfelpatientOfficial","article_published_time":"2024-04-14T20:52:53+00:00","article_modified_time":"2024-05-31T13:04:57+00:00","og_image":[{"width":1600,"height":900,"url":"https:\/\/www.apfelpatient.de\/wp-content\/uploads\/2024\/04\/Apple-WWDC23-Mac-Studio-M2-Max-M2-Ultra-lifestyle-02-230605.jpg","type":"image\/jpeg"}],"author":"Milan","twitter_card":"summary_large_image","twitter_description":"Bleib auf dem Laufenden \u00fcber Apples Fortschritte bei Mac Pro und Mac Studio. Ein Einblick in zuk\u00fcnftige Entwicklungen und Technologien.","twitter_misc":{"Written by":"Milan","Est. reading time":"3 minutes"},"schema":{"@context":"https:\/\/schema.org","@graph":[{"@type":"NewsArticle","@id":"https:\/\/www.apfelpatient.de\/allgemein\/apples-naechste-generation-einblick-in-mac-pro-und-mac-studio#article","isPartOf":{"@id":"https:\/\/www.apfelpatient.de\/allgemein\/apples-naechste-generation-einblick-in-mac-pro-und-mac-studio"},"author":{"@type":"Organization","@id":"https:\/\/www.apfelpatient.de\/en\/#organization","name":"Apfelpatient","url":"https:\/\/www.apfelpatient.de\/en\/"},"headline":"Apple\u2019s n\u00e4chste Generation: Einblick in Mac Pro und Mac Studio","datePublished":"2024-04-14T20:52:53+00:00","dateModified":"2024-05-31T13:04:57+00:00","mainEntityOfPage":{"@id":"https:\/\/www.apfelpatient.de\/allgemein\/apples-naechste-generation-einblick-in-mac-pro-und-mac-studio"},"wordCount":520,"publisher":{"@type":"Organization","@id":"https:\/\/www.apfelpatient.de\/en\/#organization","name":"Apfelpatient","url":"https:\/\/www.apfelpatient.de\/en\/"},"image":{"@id":"https:\/\/www.apfelpatient.de\/allgemein\/apples-naechste-generation-einblick-in-mac-pro-und-mac-studio#primaryimage"},"thumbnailUrl":"https:\/\/www.apfelpatient.de\/wp-content\/uploads\/2024\/04\/Apple-WWDC23-Mac-Studio-M2-Max-M2-Ultra-lifestyle-02-230605.jpg","keywords":["Apple Silicon","Mac","Mac Pro","Mac Studio"],"articleSection":"Allgemein","inLanguage":"en-US","copyrightYear":"2024","copyrightHolder":{"@id":"https:\/\/www.apfelpatient.de\/en\/#organization"}},{"@type":"WebPage","@id":"https:\/\/www.apfelpatient.de\/allgemein\/apples-naechste-generation-einblick-in-mac-pro-und-mac-studio","url":"https:\/\/www.apfelpatient.de\/allgemein\/apples-naechste-generation-einblick-in-mac-pro-und-mac-studio","name":"Apple&#039;s next generation: Insight into Mac Pro and Mac Studio Apfelpatient","isPartOf":{"@id":"https:\/\/www.apfelpatient.de\/#website"},"primaryImageOfPage":{"@id":"https:\/\/www.apfelpatient.de\/allgemein\/apples-naechste-generation-einblick-in-mac-pro-und-mac-studio#primaryimage"},"image":{"@id":"https:\/\/www.apfelpatient.de\/allgemein\/apples-naechste-generation-einblick-in-mac-pro-und-mac-studio#primaryimage"},"thumbnailUrl":"https:\/\/www.apfelpatient.de\/wp-content\/uploads\/2024\/04\/Apple-WWDC23-Mac-Studio-M2-Max-M2-Ultra-lifestyle-02-230605.jpg","datePublished":"2024-04-14T20:52:53+00:00","dateModified":"2024-05-31T13:04:57+00:00","description":"Stay up to date with Apple&#039;s progress on Mac Pro and Mac Studio. A glimpse into future developments and technologies.","breadcrumb":{"@id":"https:\/\/www.apfelpatient.de\/allgemein\/apples-naechste-generation-einblick-in-mac-pro-und-mac-studio#breadcrumb"},"inLanguage":"en-US","potentialAction":[{"@type":"ReadAction","target":["https:\/\/www.apfelpatient.de\/allgemein\/apples-naechste-generation-einblick-in-mac-pro-und-mac-studio"]}]},{"@type":"ImageObject","inLanguage":"en-US","@id":"https:\/\/www.apfelpatient.de\/allgemein\/apples-naechste-generation-einblick-in-mac-pro-und-mac-studio#primaryimage","url":"https:\/\/www.apfelpatient.de\/wp-content\/uploads\/2024\/04\/Apple-WWDC23-Mac-Studio-M2-Max-M2-Ultra-lifestyle-02-230605.jpg","contentUrl":"https:\/\/www.apfelpatient.de\/wp-content\/uploads\/2024\/04\/Apple-WWDC23-Mac-Studio-M2-Max-M2-Ultra-lifestyle-02-230605.jpg","width":1600,"height":900,"caption":"Bild: Apple"},{"@type":"BreadcrumbList","@id":"https:\/\/www.apfelpatient.de\/allgemein\/apples-naechste-generation-einblick-in-mac-pro-und-mac-studio#breadcrumb","itemListElement":[{"@type":"ListItem","position":1,"name":"Startseite","item":"https:\/\/www.apfelpatient.de\/"},{"@type":"ListItem","position":2,"name":"Apple\u2019s n\u00e4chste Generation: Einblick in Mac Pro und Mac Studio"}]},{"@type":"WebSite","@id":"https:\/\/www.apfelpatient.de\/#website","url":"https:\/\/www.apfelpatient.de\/","name":"apple patient","description":"Everything about Apple!","publisher":{"@type":"Organization","@id":"https:\/\/www.apfelpatient.de\/en\/#organization","name":"Apfelpatient","url":"https:\/\/www.apfelpatient.de\/en\/"},"alternateName":"Apfelpatient","potentialAction":[{"@type":"SearchAction","target":{"@type":"EntryPoint","urlTemplate":"https:\/\/www.apfelpatient.de\/?s={search_term_string}"},"query-input":{"@type":"PropertyValueSpecification","valueRequired":true,"valueName":"search_term_string"}}],"inLanguage":"en-US"},{"@type":["Person","Organization"],"@id":"https:\/\/www.apfelpatient.de\/#\/schema\/person\/7dc56ad6c8e9824b76d2c08d4c140e13","name":"Milan","logo":{"@id":"https:\/\/www.apfelpatient.de\/#\/schema\/person\/image\/"},"description":"Hello and welcome to my technology blog! As a big Apple fan, I report on everything to do with Apple: from the latest news and exciting rumors to helpful tips and tricks and detailed product tests. If you are as enthusiastic about technology as I am, you have come to the right place!","sameAs":["https:\/\/www.facebook.com\/apfelpatientOfficial","https:\/\/www.linkedin.com\/in\/milan-jovicic-42aa0231b"],"url":"https:\/\/www.apfelpatient.de\/en\/author\/apfeladmin"}]}},"_links":{"self":[{"href":"https:\/\/www.apfelpatient.de\/en\/wp-json\/wp\/v2\/posts\/42975","targetHints":{"allow":["GET"]}}],"collection":[{"href":"https:\/\/www.apfelpatient.de\/en\/wp-json\/wp\/v2\/posts"}],"about":[{"href":"https:\/\/www.apfelpatient.de\/en\/wp-json\/wp\/v2\/types\/post"}],"author":[{"embeddable":true,"href":"https:\/\/www.apfelpatient.de\/en\/wp-json\/wp\/v2\/users\/2"}],"replies":[{"embeddable":true,"href":"https:\/\/www.apfelpatient.de\/en\/wp-json\/wp\/v2\/comments?post=42975"}],"version-history":[{"count":0,"href":"https:\/\/www.apfelpatient.de\/en\/wp-json\/wp\/v2\/posts\/42975\/revisions"}],"wp:featuredmedia":[{"embeddable":true,"href":"https:\/\/www.apfelpatient.de\/en\/wp-json\/wp\/v2\/media\/42977"}],"wp:attachment":[{"href":"https:\/\/www.apfelpatient.de\/en\/wp-json\/wp\/v2\/media?parent=42975"}],"wp:term":[{"taxonomy":"category","embeddable":true,"href":"https:\/\/www.apfelpatient.de\/en\/wp-json\/wp\/v2\/categories?post=42975"},{"taxonomy":"post_tag","embeddable":true,"href":"https:\/\/www.apfelpatient.de\/en\/wp-json\/wp\/v2\/tags?post=42975"}],"curies":[{"name":"wp","href":"https:\/\/api.w.org\/{rel}","templated":true}]}}