{"id":42913,"date":"2024-04-10T15:17:02","date_gmt":"2024-04-10T13:17:02","guid":{"rendered":"https:\/\/www.apfelpatient.de\/?p=42913"},"modified":"2024-04-10T15:17:03","modified_gmt":"2024-04-10T13:17:03","slug":"iphone-15-without-spring-color-a-smart-move","status":"publish","type":"post","link":"https:\/\/www.apfelpatient.de\/en\/rumors\/iphone-15-ohne-fruehlingsfarbe-ein-kluger-zug","title":{"rendered":"iPhone 15 without spring color: A smart move?"},"content":{"rendered":"<p class=\"has-drop-cap\"><strong>In the dynamic universe of smartphones, every change attracts attention, especially when it comes to Apple and its iconic iPhone range. The iPhone 15, the latest jewel in Apple&#039;s crown, is at the centre of current discussions, not least because of an interesting turning point in Apple&#039;s marketing strategy.<\/strong><\/p>\n\n\n\n<p>Every spring, the tech world waits in anticipation to see if Apple will follow its tradition and introduce a new color variant of its current iPhone model range. This strategy, which aims to boost sales in the middle of the product cycle and reignite interest in existing models, has caused a stir in the past. But recent rumors suggest that the iPhone 15 could be an exception. We look at the background and analyze what this means for Apple and its customers.<\/p>\n\n\n\n<h3 class=\"wp-block-heading\" id=\"h-die-tradition-der-fruhjahrsfarben\">The Tradition of Spring Colors<\/h3>\n\n\n\n<p>In recent years, Apple has regularly introduced new colors for its iPhone models in the spring. This approach was aimed at increasing sales in the second half of the product cycle and maintaining consumer interest. From the red special edition of the iPhone 7 and 8 to the introduction of a purple-colored variant of the iPhone 12 and 12 mini, Apple knew how to surprise and delight with color.<\/p>\n\n\n\n<h3 class=\"wp-block-heading\" id=\"h-das-gerucht-um-das-iphone-15\">The rumor about the iPhone 15<\/h3>\n\n\n\n<p>Contrary to expectations and previous practices, current rumors indicate that Apple is not planning a new mid-cycle color for the iPhone 15 this year. The well-known <a href=\"https:\/\/weibo.com\/5143897135\/O93GA1RPe?pagetype=profilefeed\">leaker<\/a> Instant Digital on Weibo, a popular Chinese social media platform, shares this surprising news that has both Apple fans and analysts puzzling.<\/p>\n\n\n\n<h3 class=\"wp-block-heading\" id=\"h-die-hintergrunde\">The background<\/h3>\n\n\n\n<p>While the exact reasons for this strategic decision remain unclear, production delays and the recent postponement of new iPad releases to May may shed light on Apple&#039;s possible considerations. It seems Apple has other priorities this year, having already unveiled refreshed iPhone cases and Apple Watch bands rather than focusing on a new iPhone color.<\/p>\n\n\n\n<h3 class=\"wp-block-heading\" id=\"h-mogliche-auswirkungen\">Possible effects<\/h3>\n\n\n\n<p>This unexpected turn of events could have several implications for consumers and the smartphone market. On the one hand, the departure from the norm could affect interest in the iPhone line, especially among those who have been waiting for fresh color options in the spring. On the other hand, Apple could use this opportunity to draw attention to other innovations or product improvements.<\/p>\n\n\n\n<h3 class=\"wp-block-heading\" id=\"h-iphone-15-eine-unerwartete-wende-in-apples-farbstrategie\">iPhone 15: An unexpected twist in Apple&#039;s color strategy<\/h3>\n\n\n\n\n\n\n\n<p>The decision not to release a new color variant for the iPhone 15 this year marks a significant departure from Apple&#039;s usual marketing strategy. While the exact reasons are speculative, this move offers insight into possible new directions Apple could take. Whether this change will delight or disappoint consumers remains to be seen. What is certain is that Apple will continue to be the center of attention and the world will eagerly watch to see what moves the company makes next. So stay tuned for the latest developments surrounding the iPhone and all things Apple. (Image: Apple)<\/p>\n\n\n\n<ul class=\"wp-block-list\">\n<li><a href=\"https:\/\/www.apfelpatient.de\/en\/rumors\/iphone-16-pro-rumors-new-details-about-the-design\">iPhone 16 Pro rumors: New details about the design<\/a><\/li>\n<\/ul>\n\n\n\n<h6 class=\"wp-block-heading translation-block\" id=\"h-kennt-ihr-schon-unsere-amazon-storefront-dort-findet-ihr-eine-handverlesene-auswahl-von-diversen-produkten-f-r-euer-iphone-und-co-viel-spa-beim-st-bern\"><em>Have you already visited our Amazon Storefront? There you&#039;ll find a hand-picked selection of various products for your iPhone and other devices \u2013 <span class=\"has-inline-color has-vivid-red-color\"><a href=\"https:\/\/www.amazon.de\/shop\/apfelpatientofficial\" class=\"ek-link\" data-wpel-link=\"exclude\" rel=\"follow noopener\" target=\"_self\"><span style=\"text-decoration: underline\" class=\"ek-underline\">enjoy browsing<\/span><\/a> !<\/span><\/em><\/h6>\n\n\n\n<h6 class=\"wp-block-heading translation-block\" id=\"h-der-beitrag-enthalt-partnerlinks\">This post contains <a data-type=\"URL\" data-id=\"https:\/\/www.apfelpatient.de\/partnerprogramm\" href=\"https:\/\/www.apfelpatient.de\/en\/partner-program\" data-wpel-link=\"internal\" target=\"_self\">affiliate links<\/a>.<\/h6>","protected":false},"excerpt":{"rendered":"<p>The iPhone 15 breaks traditions: No new spring color in sight. Find out what&#039;s behind Apple&#039;s decision.<\/p>","protected":false},"author":2,"featured_media":37637,"comment_status":"closed","ping_status":"closed","sticky":false,"template":"","format":"standard","meta":{"jnews-multi-image_gallery":[],"jnews_single_post":{"subtitle":"","format":"standard","video":"","gallery":"","source_name":"","source_url":"","via_name":"","via_url":"","override_template":"0","override":[{"template":"4","single_blog_custom":"","parallax":"1","fullscreen":"1","layout":"right-sidebar","sidebar":"default-sidebar","second_sidebar":"default-sidebar","sticky_sidebar":"1","share_position":"top","share_float_style":"share-monocrhome","show_share_counter":"0","show_view_counter":"0","show_featured":"1","show_post_meta":"1","show_post_author":"1","show_post_author_image":"1","show_post_date":"1","post_date_format":"default","post_date_format_custom":"Y\/m\/d","show_post_category":"1","show_post_reading_time":"0","post_reading_time_wpm":"300","show_zoom_button":"0","zoom_button_out_step":"2","zoom_button_in_step":"3","show_post_tag":"1","show_prev_next_post":"1","show_popup_post":"1","number_popup_post":"1","show_author_box":"0","show_post_related":"0","show_inline_post_related":"0"}],"override_image_size":"0","image_override":[{"single_post_thumbnail_size":"crop-500","single_post_gallery_size":"crop-500"}],"trending_post":"0","trending_post_position":"meta","trending_post_label":"Trending","sponsored_post":"0","sponsored_post_label":"Sponsored by","sponsored_post_name":"","sponsored_post_url":"","sponsored_post_logo_enable":"0","sponsored_post_logo":"","sponsored_post_desc":"","disable_ad":"0"},"jnews_primary_category":{"id":"25","hide":""},"footnotes":""},"categories":[25],"tags":[8,689],"class_list":["post-42913","post","type-post","status-publish","format-standard","has-post-thumbnail","hentry","category-rumors","tag-iphone","tag-iphone-15"],"yoast_head":"<!-- This site is optimized with the Yoast SEO Premium plugin v27.5 (Yoast SEO v27.5) - https:\/\/yoast.com\/product\/yoast-seo-premium-wordpress\/ -->\n<title>iPhone 15 ohne Fr\u00fchlingsfarbe: Ein kluger Zug? Apfelpatient<\/title>\n<meta name=\"description\" content=\"Das iPhone 15 bricht Traditionen: Keine neue Fr\u00fchjahrsfarbe in Sicht. Erfahre, was hinter Apples Entscheidung steckt.\" \/>\n<meta name=\"robots\" content=\"index, follow, max-snippet:-1, max-image-preview:large, max-video-preview:-1\" \/>\n<link rel=\"canonical\" href=\"https:\/\/www.apfelpatient.de\/en\/rumors\/iphone-15-without-spring-color-a-smart-move\" \/>\n<meta property=\"og:locale\" content=\"en_US\" \/>\n<meta property=\"og:type\" content=\"article\" \/>\n<meta property=\"og:title\" content=\"iPhone 15 ohne Fr\u00fchlingsfarbe: Ein kluger Zug?\" \/>\n<meta property=\"og:description\" content=\"Das iPhone 15 bricht Traditionen: Keine neue Fr\u00fchjahrsfarbe in Sicht. Erfahre, was hinter Apples Entscheidung steckt.\" \/>\n<meta property=\"og:url\" content=\"https:\/\/www.apfelpatient.de\/en\/rumors\/iphone-15-without-spring-color-a-smart-move\" \/>\n<meta property=\"og:site_name\" content=\"Apfelpatient\" \/>\n<meta property=\"article:publisher\" content=\"https:\/\/www.facebook.com\/apfelpatientOfficial\" \/>\n<meta property=\"article:author\" content=\"https:\/\/www.facebook.com\/apfelpatientOfficial\" \/>\n<meta property=\"article:published_time\" content=\"2024-04-10T13:17:02+00:00\" \/>\n<meta property=\"article:modified_time\" content=\"2024-04-10T13:17:03+00:00\" \/>\n<meta property=\"og:image\" content=\"https:\/\/www.apfelpatient.de\/wp-content\/uploads\/2023\/03\/Apple-iPhone-14-iPhone-14-Plus-yellow-dual-camera-system-230307.jpg\" \/>\n\t<meta property=\"og:image:width\" content=\"1600\" \/>\n\t<meta property=\"og:image:height\" content=\"1067\" \/>\n\t<meta property=\"og:image:type\" content=\"image\/jpeg\" \/>\n<meta name=\"author\" content=\"Milan\" \/>\n<meta name=\"twitter:card\" content=\"summary_large_image\" \/>\n<meta name=\"twitter:description\" content=\"Das iPhone 15 bricht Traditionen: Keine neue Fr\u00fchjahrsfarbe in Sicht. Erfahre, was hinter Apples Entscheidung steckt.\" \/>\n<meta name=\"twitter:label1\" content=\"Written by\" \/>\n\t<meta name=\"twitter:data1\" content=\"Milan\" \/>\n\t<meta name=\"twitter:label2\" content=\"Est. reading time\" \/>\n\t<meta name=\"twitter:data2\" content=\"4 minutes\" \/>\n<script type=\"application\/ld+json\" class=\"yoast-schema-graph\">{\"@context\":\"https:\\\/\\\/schema.org\",\"@graph\":[{\"@type\":\"NewsArticle\",\"@id\":\"https:\\\/\\\/www.apfelpatient.de\\\/rumors\\\/iphone-15-ohne-fruehlingsfarbe-ein-kluger-zug#article\",\"isPartOf\":{\"@id\":\"https:\\\/\\\/www.apfelpatient.de\\\/rumors\\\/iphone-15-ohne-fruehlingsfarbe-ein-kluger-zug\"},\"author\":{\"@type\":\"Organization\",\"@id\":\"https:\\\/\\\/www.apfelpatient.de\\\/en\\\/#organization\",\"name\":\"Apfelpatient\",\"url\":\"https:\\\/\\\/www.apfelpatient.de\\\/en\\\/\"},\"headline\":\"iPhone 15 ohne Fr\u00fchlingsfarbe: Ein kluger Zug?\",\"datePublished\":\"2024-04-10T13:17:02+00:00\",\"dateModified\":\"2024-04-10T13:17:03+00:00\",\"mainEntityOfPage\":{\"@id\":\"https:\\\/\\\/www.apfelpatient.de\\\/rumors\\\/iphone-15-ohne-fruehlingsfarbe-ein-kluger-zug\"},\"wordCount\":524,\"publisher\":{\"@type\":\"Organization\",\"@id\":\"https:\\\/\\\/www.apfelpatient.de\\\/en\\\/#organization\",\"name\":\"Apfelpatient\",\"url\":\"https:\\\/\\\/www.apfelpatient.de\\\/en\\\/\"},\"image\":{\"@id\":\"https:\\\/\\\/www.apfelpatient.de\\\/rumors\\\/iphone-15-ohne-fruehlingsfarbe-ein-kluger-zug#primaryimage\"},\"thumbnailUrl\":\"https:\\\/\\\/www.apfelpatient.de\\\/wp-content\\\/uploads\\\/2023\\\/03\\\/Apple-iPhone-14-iPhone-14-Plus-yellow-dual-camera-system-230307.jpg\",\"keywords\":[\"iPhone\",\"iPhone 15\"],\"articleSection\":\"Rumors\",\"inLanguage\":\"en-US\",\"copyrightYear\":\"2024\",\"copyrightHolder\":{\"@id\":\"https:\\\/\\\/www.apfelpatient.de\\\/en\\\/#organization\"}},{\"@type\":\"WebPage\",\"@id\":\"https:\\\/\\\/www.apfelpatient.de\\\/rumors\\\/iphone-15-ohne-fruehlingsfarbe-ein-kluger-zug\",\"url\":\"https:\\\/\\\/www.apfelpatient.de\\\/rumors\\\/iphone-15-ohne-fruehlingsfarbe-ein-kluger-zug\",\"name\":\"iPhone 15 ohne Fr\u00fchlingsfarbe: Ein kluger Zug? Apfelpatient\",\"isPartOf\":{\"@id\":\"https:\\\/\\\/www.apfelpatient.de\\\/#website\"},\"primaryImageOfPage\":{\"@id\":\"https:\\\/\\\/www.apfelpatient.de\\\/rumors\\\/iphone-15-ohne-fruehlingsfarbe-ein-kluger-zug#primaryimage\"},\"image\":{\"@id\":\"https:\\\/\\\/www.apfelpatient.de\\\/rumors\\\/iphone-15-ohne-fruehlingsfarbe-ein-kluger-zug#primaryimage\"},\"thumbnailUrl\":\"https:\\\/\\\/www.apfelpatient.de\\\/wp-content\\\/uploads\\\/2023\\\/03\\\/Apple-iPhone-14-iPhone-14-Plus-yellow-dual-camera-system-230307.jpg\",\"datePublished\":\"2024-04-10T13:17:02+00:00\",\"dateModified\":\"2024-04-10T13:17:03+00:00\",\"description\":\"Das iPhone 15 bricht Traditionen: Keine neue Fr\u00fchjahrsfarbe in Sicht. Erfahre, was hinter Apples Entscheidung steckt.\",\"breadcrumb\":{\"@id\":\"https:\\\/\\\/www.apfelpatient.de\\\/rumors\\\/iphone-15-ohne-fruehlingsfarbe-ein-kluger-zug#breadcrumb\"},\"inLanguage\":\"en-US\",\"potentialAction\":[{\"@type\":\"ReadAction\",\"target\":[\"https:\\\/\\\/www.apfelpatient.de\\\/rumors\\\/iphone-15-ohne-fruehlingsfarbe-ein-kluger-zug\"]}]},{\"@type\":\"ImageObject\",\"inLanguage\":\"en-US\",\"@id\":\"https:\\\/\\\/www.apfelpatient.de\\\/rumors\\\/iphone-15-ohne-fruehlingsfarbe-ein-kluger-zug#primaryimage\",\"url\":\"https:\\\/\\\/www.apfelpatient.de\\\/wp-content\\\/uploads\\\/2023\\\/03\\\/Apple-iPhone-14-iPhone-14-Plus-yellow-dual-camera-system-230307.jpg\",\"contentUrl\":\"https:\\\/\\\/www.apfelpatient.de\\\/wp-content\\\/uploads\\\/2023\\\/03\\\/Apple-iPhone-14-iPhone-14-Plus-yellow-dual-camera-system-230307.jpg\",\"width\":1600,\"height\":1067,\"caption\":\"Bild: Apple\"},{\"@type\":\"BreadcrumbList\",\"@id\":\"https:\\\/\\\/www.apfelpatient.de\\\/rumors\\\/iphone-15-ohne-fruehlingsfarbe-ein-kluger-zug#breadcrumb\",\"itemListElement\":[{\"@type\":\"ListItem\",\"position\":1,\"name\":\"Startseite\",\"item\":\"https:\\\/\\\/www.apfelpatient.de\\\/\"},{\"@type\":\"ListItem\",\"position\":2,\"name\":\"iPhone 15 ohne Fr\u00fchlingsfarbe: Ein kluger Zug?\"}]},{\"@type\":\"WebSite\",\"@id\":\"https:\\\/\\\/www.apfelpatient.de\\\/#website\",\"url\":\"https:\\\/\\\/www.apfelpatient.de\\\/\",\"name\":\"Apfelpatient\",\"description\":\"Alles rund um Apple!\",\"publisher\":{\"@type\":\"Organization\",\"@id\":\"https:\\\/\\\/www.apfelpatient.de\\\/en\\\/#organization\",\"name\":\"Apfelpatient\",\"url\":\"https:\\\/\\\/www.apfelpatient.de\\\/en\\\/\"},\"alternateName\":\"Apfelpatient\",\"potentialAction\":[{\"@type\":\"SearchAction\",\"target\":{\"@type\":\"EntryPoint\",\"urlTemplate\":\"https:\\\/\\\/www.apfelpatient.de\\\/?s={search_term_string}\"},\"query-input\":{\"@type\":\"PropertyValueSpecification\",\"valueRequired\":true,\"valueName\":\"search_term_string\"}}],\"inLanguage\":\"en-US\"},{\"@type\":[\"Person\",\"Organization\"],\"@id\":\"https:\\\/\\\/www.apfelpatient.de\\\/#\\\/schema\\\/person\\\/35b3ddba5832f2bfc7fff5206d4f6b7b\",\"name\":\"Milan\",\"logo\":{\"@id\":\"https:\\\/\\\/www.apfelpatient.de\\\/#\\\/schema\\\/person\\\/image\\\/\"},\"description\":\"Hallo und herzlich willkommen auf meinem Technik-Blog! Als gro\u00dfer Apple-Fan berichte ich hier \u00fcber alles, was mit Apple zu tun hat: von den neuesten News und spannenden Ger\u00fcchten \u00fcber hilfreiche Tipps und Tricks bis hin zu ausf\u00fchrlichen Produkttests. Wenn du genauso technikbegeistert bist wie ich, bist du hier genau richtig!\",\"sameAs\":[\"https:\\\/\\\/www.facebook.com\\\/apfelpatientOfficial\",\"https:\\\/\\\/www.linkedin.com\\\/in\\\/milan-jovicic-42aa0231b\"],\"url\":\"https:\\\/\\\/www.apfelpatient.de\\\/en\\\/author\\\/apfeladmin\"}]}<\/script>\n<!-- \/ Yoast SEO Premium plugin. -->","yoast_head_json":{"title":"iPhone 15 without spring color: A smart move? Apfelpatient","description":"The iPhone 15 breaks traditions: No new spring color in sight. Find out what&#039;s behind Apple&#039;s decision.","robots":{"index":"index","follow":"follow","max-snippet":"max-snippet:-1","max-image-preview":"max-image-preview:large","max-video-preview":"max-video-preview:-1"},"canonical":"https:\/\/www.apfelpatient.de\/en\/rumors\/iphone-15-without-spring-color-a-smart-move","og_locale":"en_US","og_type":"article","og_title":"iPhone 15 ohne Fr\u00fchlingsfarbe: Ein kluger Zug?","og_description":"Das iPhone 15 bricht Traditionen: Keine neue Fr\u00fchjahrsfarbe in Sicht. Erfahre, was hinter Apples Entscheidung steckt.","og_url":"https:\/\/www.apfelpatient.de\/en\/rumors\/iphone-15-without-spring-color-a-smart-move","og_site_name":"Apfelpatient","article_publisher":"https:\/\/www.facebook.com\/apfelpatientOfficial","article_author":"https:\/\/www.facebook.com\/apfelpatientOfficial","article_published_time":"2024-04-10T13:17:02+00:00","article_modified_time":"2024-04-10T13:17:03+00:00","og_image":[{"width":1600,"height":1067,"url":"https:\/\/www.apfelpatient.de\/wp-content\/uploads\/2023\/03\/Apple-iPhone-14-iPhone-14-Plus-yellow-dual-camera-system-230307.jpg","type":"image\/jpeg"}],"author":"Milan","twitter_card":"summary_large_image","twitter_description":"Das iPhone 15 bricht Traditionen: Keine neue Fr\u00fchjahrsfarbe in Sicht. Erfahre, was hinter Apples Entscheidung steckt.","twitter_misc":{"Written by":"Milan","Est. reading time":"4 minutes"},"schema":{"@context":"https:\/\/schema.org","@graph":[{"@type":"NewsArticle","@id":"https:\/\/www.apfelpatient.de\/rumors\/iphone-15-ohne-fruehlingsfarbe-ein-kluger-zug#article","isPartOf":{"@id":"https:\/\/www.apfelpatient.de\/rumors\/iphone-15-ohne-fruehlingsfarbe-ein-kluger-zug"},"author":{"@type":"Organization","@id":"https:\/\/www.apfelpatient.de\/en\/#organization","name":"Apfelpatient","url":"https:\/\/www.apfelpatient.de\/en\/"},"headline":"iPhone 15 ohne Fr\u00fchlingsfarbe: Ein kluger Zug?","datePublished":"2024-04-10T13:17:02+00:00","dateModified":"2024-04-10T13:17:03+00:00","mainEntityOfPage":{"@id":"https:\/\/www.apfelpatient.de\/rumors\/iphone-15-ohne-fruehlingsfarbe-ein-kluger-zug"},"wordCount":524,"publisher":{"@type":"Organization","@id":"https:\/\/www.apfelpatient.de\/en\/#organization","name":"Apfelpatient","url":"https:\/\/www.apfelpatient.de\/en\/"},"image":{"@id":"https:\/\/www.apfelpatient.de\/rumors\/iphone-15-ohne-fruehlingsfarbe-ein-kluger-zug#primaryimage"},"thumbnailUrl":"https:\/\/www.apfelpatient.de\/wp-content\/uploads\/2023\/03\/Apple-iPhone-14-iPhone-14-Plus-yellow-dual-camera-system-230307.jpg","keywords":["iPhone","iPhone 15"],"articleSection":"Rumors","inLanguage":"en-US","copyrightYear":"2024","copyrightHolder":{"@id":"https:\/\/www.apfelpatient.de\/en\/#organization"}},{"@type":"WebPage","@id":"https:\/\/www.apfelpatient.de\/rumors\/iphone-15-ohne-fruehlingsfarbe-ein-kluger-zug","url":"https:\/\/www.apfelpatient.de\/rumors\/iphone-15-ohne-fruehlingsfarbe-ein-kluger-zug","name":"iPhone 15 without spring color: A smart move? Apfelpatient","isPartOf":{"@id":"https:\/\/www.apfelpatient.de\/#website"},"primaryImageOfPage":{"@id":"https:\/\/www.apfelpatient.de\/rumors\/iphone-15-ohne-fruehlingsfarbe-ein-kluger-zug#primaryimage"},"image":{"@id":"https:\/\/www.apfelpatient.de\/rumors\/iphone-15-ohne-fruehlingsfarbe-ein-kluger-zug#primaryimage"},"thumbnailUrl":"https:\/\/www.apfelpatient.de\/wp-content\/uploads\/2023\/03\/Apple-iPhone-14-iPhone-14-Plus-yellow-dual-camera-system-230307.jpg","datePublished":"2024-04-10T13:17:02+00:00","dateModified":"2024-04-10T13:17:03+00:00","description":"The iPhone 15 breaks traditions: No new spring color in sight. Find out what&#039;s behind Apple&#039;s decision.","breadcrumb":{"@id":"https:\/\/www.apfelpatient.de\/rumors\/iphone-15-ohne-fruehlingsfarbe-ein-kluger-zug#breadcrumb"},"inLanguage":"en-US","potentialAction":[{"@type":"ReadAction","target":["https:\/\/www.apfelpatient.de\/rumors\/iphone-15-ohne-fruehlingsfarbe-ein-kluger-zug"]}]},{"@type":"ImageObject","inLanguage":"en-US","@id":"https:\/\/www.apfelpatient.de\/rumors\/iphone-15-ohne-fruehlingsfarbe-ein-kluger-zug#primaryimage","url":"https:\/\/www.apfelpatient.de\/wp-content\/uploads\/2023\/03\/Apple-iPhone-14-iPhone-14-Plus-yellow-dual-camera-system-230307.jpg","contentUrl":"https:\/\/www.apfelpatient.de\/wp-content\/uploads\/2023\/03\/Apple-iPhone-14-iPhone-14-Plus-yellow-dual-camera-system-230307.jpg","width":1600,"height":1067,"caption":"Bild: Apple"},{"@type":"BreadcrumbList","@id":"https:\/\/www.apfelpatient.de\/rumors\/iphone-15-ohne-fruehlingsfarbe-ein-kluger-zug#breadcrumb","itemListElement":[{"@type":"ListItem","position":1,"name":"Startseite","item":"https:\/\/www.apfelpatient.de\/"},{"@type":"ListItem","position":2,"name":"iPhone 15 ohne Fr\u00fchlingsfarbe: Ein kluger Zug?"}]},{"@type":"WebSite","@id":"https:\/\/www.apfelpatient.de\/#website","url":"https:\/\/www.apfelpatient.de\/","name":"apple patient","description":"Everything about Apple!","publisher":{"@type":"Organization","@id":"https:\/\/www.apfelpatient.de\/en\/#organization","name":"Apfelpatient","url":"https:\/\/www.apfelpatient.de\/en\/"},"alternateName":"Apfelpatient","potentialAction":[{"@type":"SearchAction","target":{"@type":"EntryPoint","urlTemplate":"https:\/\/www.apfelpatient.de\/?s={search_term_string}"},"query-input":{"@type":"PropertyValueSpecification","valueRequired":true,"valueName":"search_term_string"}}],"inLanguage":"en-US"},{"@type":["Person","Organization"],"@id":"https:\/\/www.apfelpatient.de\/#\/schema\/person\/35b3ddba5832f2bfc7fff5206d4f6b7b","name":"Milan","logo":{"@id":"https:\/\/www.apfelpatient.de\/#\/schema\/person\/image\/"},"description":"Hello and welcome to my technology blog! As a big Apple fan, I report on everything to do with Apple: from the latest news and exciting rumors to helpful tips and tricks and detailed product tests. If you are as enthusiastic about technology as I am, you have come to the right place!","sameAs":["https:\/\/www.facebook.com\/apfelpatientOfficial","https:\/\/www.linkedin.com\/in\/milan-jovicic-42aa0231b"],"url":"https:\/\/www.apfelpatient.de\/en\/author\/apfeladmin"}]}},"_links":{"self":[{"href":"https:\/\/www.apfelpatient.de\/en\/wp-json\/wp\/v2\/posts\/42913","targetHints":{"allow":["GET"]}}],"collection":[{"href":"https:\/\/www.apfelpatient.de\/en\/wp-json\/wp\/v2\/posts"}],"about":[{"href":"https:\/\/www.apfelpatient.de\/en\/wp-json\/wp\/v2\/types\/post"}],"author":[{"embeddable":true,"href":"https:\/\/www.apfelpatient.de\/en\/wp-json\/wp\/v2\/users\/2"}],"replies":[{"embeddable":true,"href":"https:\/\/www.apfelpatient.de\/en\/wp-json\/wp\/v2\/comments?post=42913"}],"version-history":[{"count":0,"href":"https:\/\/www.apfelpatient.de\/en\/wp-json\/wp\/v2\/posts\/42913\/revisions"}],"wp:featuredmedia":[{"embeddable":true,"href":"https:\/\/www.apfelpatient.de\/en\/wp-json\/wp\/v2\/media\/37637"}],"wp:attachment":[{"href":"https:\/\/www.apfelpatient.de\/en\/wp-json\/wp\/v2\/media?parent=42913"}],"wp:term":[{"taxonomy":"category","embeddable":true,"href":"https:\/\/www.apfelpatient.de\/en\/wp-json\/wp\/v2\/categories?post=42913"},{"taxonomy":"post_tag","embeddable":true,"href":"https:\/\/www.apfelpatient.de\/en\/wp-json\/wp\/v2\/tags?post=42913"}],"curies":[{"name":"wp","href":"https:\/\/api.w.org\/{rel}","templated":true}]}}