{"id":42869,"date":"2024-04-09T17:12:40","date_gmt":"2024-04-09T15:12:40","guid":{"rendered":"https:\/\/www.apfelpatient.de\/?p=42869"},"modified":"2024-04-09T17:12:41","modified_gmt":"2024-04-09T15:12:41","slug":"apple-vision-pro-revolution-in-the-workplace","status":"publish","type":"post","link":"https:\/\/www.apfelpatient.de\/en\/news\/apple-vision-pro-revolution-am-arbeitsplatz","title":{"rendered":"Apple Vision Pro: Revolution in the Workplace"},"content":{"rendered":"<p class=\"has-drop-cap\"><strong>In the world of technology, Apple is often at the forefront of innovation, and with the introduction of the Apple Vision Pro, they&#039;re raising the bar. This latest development is more than just another gadget; it&#039;s a paradigm shift in the way we can work, learn, and create. Below, we take a look at the incredible new business experiences Apple is enabling with Vision Pro.<\/strong><\/p>\n\n\n\n<p>From customizing workspaces and collaborative design to specialized training and managing on-site work, Apple Vision Pro opens the door to a world of possibilities.<\/p>\n\n\n\n<h3 class=\"wp-block-heading\" id=\"h-die-vision-hinter-vision-pro\">The vision behind Vision Pro<\/h3>\n\n\n\n<p>Susan Prescott, Apple&#039;s vice president of Worldwide Developer Relations and Enterprise Marketing, emphasizes the &quot;tremendous possibilities&quot; that Apple Vision Pro presents for businesses. Her enthusiasm is infectious, especially considering how companies are already using the device for everything from planning firefighting missions to redesigning engine designs.<\/p>\n\n\n\n<h3 class=\"wp-block-heading\" id=\"h-integration-von-device-management\">Integration of device management<\/h3>\n\n\n\n<p>A key element that has enabled the rapid adoption of Vision Pro in the enterprise environment is the support for device management, which has been built into visionOS from the start. This seamless integration underscores Apple&#039;s long-standing experience and commitment to secure and manageable enterprise solutions.<\/p>\n\n\n\n<h3 class=\"wp-block-heading\" id=\"h-partnerschaften-und-anwendungsfalle\">partnerships and use cases<\/h3>\n\n\n\n<p>The collaboration with SAP shows the potential of Vision Pro in an enterprise context. Philipp Herzig of SAP highlights the combination of visionOS and generative AI as a future competitive advantage that enables new insights from data and optimizes business planning. Microsoft&#039;s use of Microsoft 365 and Teams on the Vision Pro also shows the incredible potential for productivity gains through spatial computing. Nicole Herskowitz of Microsoft highlights the ability to display applications side by side on an &quot;infinite canvas&quot;, enabling a new level of multitasking and collaboration. NVIDIA uses the Vision Pro&#039;s high-resolution displays and sensors to enable developers and designers to create detailed, immersive renderings and visualizations in real time. This opens new avenues in design and manufacturing and enables the development of digital twins to optimize designs before realization.<\/p>\n\n\n\n<figure class=\"wp-block-image size-large\"><img decoding=\"async\" width=\"1024\" height=\"576\" src=\"https:\/\/www.apfelpatient.de\/wp-content\/uploads\/2024\/04\/Apple-Vision-Pro-Microsoft-365-productivity-apps-1024x576.jpg\" alt=\"Apple Vision Pro\" class=\"wp-image-42871\" srcset=\"https:\/\/www.apfelpatient.de\/wp-content\/uploads\/2024\/04\/Apple-Vision-Pro-Microsoft-365-productivity-apps-1024x576.jpg 1024w, https:\/\/www.apfelpatient.de\/wp-content\/uploads\/2024\/04\/Apple-Vision-Pro-Microsoft-365-productivity-apps-300x169.jpg 300w, https:\/\/www.apfelpatient.de\/wp-content\/uploads\/2024\/04\/Apple-Vision-Pro-Microsoft-365-productivity-apps-768x432.jpg 768w, https:\/\/www.apfelpatient.de\/wp-content\/uploads\/2024\/04\/Apple-Vision-Pro-Microsoft-365-productivity-apps-1536x864.jpg 1536w, https:\/\/www.apfelpatient.de\/wp-content\/uploads\/2024\/04\/Apple-Vision-Pro-Microsoft-365-productivity-apps-750x422.jpg 750w, https:\/\/www.apfelpatient.de\/wp-content\/uploads\/2024\/04\/Apple-Vision-Pro-Microsoft-365-productivity-apps-1140x641.jpg 1140w, https:\/\/www.apfelpatient.de\/wp-content\/uploads\/2024\/04\/Apple-Vision-Pro-Microsoft-365-productivity-apps.jpg 1600w\" sizes=\"(max-width: 1024px) 100vw, 1024px\" \/><figcaption class=\"wp-element-caption\">Image: Apple<\/figcaption><\/figure>\n\n\n\n<h3 class=\"wp-block-heading\" id=\"h-apple-vision-pro-zukunftige-moglichkeiten\">Apple Vision Pro: Future Possibilities<\/h3>\n\n\n\n<p>The use cases of Vision Pro are as diverse as the industries that use it. Companies such as KLM Royal Dutch Airlines, Lowes, Microsoft, NVIDIA and Porsche are already exploring the limits of what is possible with this technology. The full <a href=\"https:\/\/www.apple.com\/newsroom\/2024\/04\/apple-vision-pro-brings-a-new-era-of-spatial-computing-to-business\/\">newsroom article<\/a> from Apple provides a comprehensive insight into these revolutionary applications.<\/p>\n\n\n\n<h3 class=\"wp-block-heading\" id=\"h-apple-vision-pro-ein-neues-zeitalter-der-unternehmenseffizienz\">Apple Vision Pro: A New Era of Business Efficiency<\/h3>\n\n\n\n\n\n\n\n<p>Apple Vision Pro in the workplace is not just a vision of the future; it is a viable, tangible reality that is already transforming businesses today. The combination of spatial computing, seamless device management integration, and collaboration with leading technology companies opens up unprecedented possibilities for productivity, creativity, and efficiency. The journey with Apple Vision Pro has only just begun, and the future looks promising. Stay tuned, because this is just the beginning of a revolution that will change the way we work forever. (Image: Apple)<\/p>\n\n\n\n<ul class=\"wp-block-list\">\n<li><a href=\"https:\/\/www.apfelpatient.de\/en\/rumors\/rumored-new-apple-pencil-with-visionos-support\">Rumor: New Apple Pencil with visionOS support?<\/a><\/li>\n<\/ul>\n\n\n\n<h6 class=\"wp-block-heading translation-block\" id=\"h-kennt-ihr-schon-unsere-amazon-storefront-dort-findet-ihr-eine-handverlesene-auswahl-von-diversen-produkten-f-r-euer-iphone-und-co-viel-spa-beim-st-bern\"><em>Have you already visited our Amazon Storefront? There you&#039;ll find a hand-picked selection of various products for your iPhone and other devices \u2013 <span class=\"has-inline-color has-vivid-red-color\"><a href=\"https:\/\/www.amazon.de\/shop\/apfelpatientofficial\" class=\"ek-link\" data-wpel-link=\"exclude\" rel=\"follow noopener\" target=\"_self\"><span style=\"text-decoration: underline\" class=\"ek-underline\">enjoy browsing<\/span><\/a> !<\/span><\/em><\/h6>\n\n\n\n<h6 class=\"wp-block-heading translation-block\" id=\"h-der-beitrag-enthalt-partnerlinks\">This post contains <a data-type=\"URL\" data-id=\"https:\/\/www.apfelpatient.de\/partnerprogramm\" href=\"https:\/\/www.apfelpatient.de\/en\/partner-program\" data-wpel-link=\"internal\" target=\"_self\">affiliate links<\/a>.<\/h6>","protected":false},"excerpt":{"rendered":"<p>Apple Vision Pro in the workplace: Learn how leading companies are shaping the future of work with this groundbreaking technology.<\/p>","protected":false},"author":2,"featured_media":42872,"comment_status":"closed","ping_status":"closed","sticky":false,"template":"","format":"standard","meta":{"jnews-multi-image_gallery":[],"jnews_single_post":{"subtitle":"","format":"standard","video":"","gallery":"","source_name":"","source_url":"","via_name":"","via_url":"","override_template":"0","override":[{"template":"4","single_blog_custom":"","parallax":"1","fullscreen":"1","layout":"right-sidebar","sidebar":"default-sidebar","second_sidebar":"default-sidebar","sticky_sidebar":"1","share_position":"top","share_float_style":"share-monocrhome","show_share_counter":"0","show_view_counter":"0","show_featured":"1","show_post_meta":"1","show_post_author":"1","show_post_author_image":"1","show_post_date":"1","post_date_format":"default","post_date_format_custom":"Y\/m\/d","show_post_category":"1","show_post_reading_time":"0","post_reading_time_wpm":"300","show_zoom_button":"0","zoom_button_out_step":"2","zoom_button_in_step":"3","show_post_tag":"1","show_prev_next_post":"1","show_popup_post":"1","number_popup_post":"1","show_author_box":"0","show_post_related":"0","show_inline_post_related":"0"}],"override_image_size":"0","image_override":[{"single_post_thumbnail_size":"crop-500","single_post_gallery_size":"crop-500"}],"trending_post":"0","trending_post_position":"meta","trending_post_label":"Trending","sponsored_post":"0","sponsored_post_label":"Sponsored by","sponsored_post_name":"","sponsored_post_url":"","sponsored_post_logo_enable":"0","sponsored_post_logo":"","sponsored_post_desc":"","disable_ad":"0"},"jnews_primary_category":{"id":"9","hide":""},"footnotes":""},"categories":[9],"tags":[843,609,844],"class_list":["post-42869","post","type-post","status-publish","format-standard","has-post-thumbnail","hentry","category-news","tag-apple-vision-pro","tag-apple-vr-ar","tag-visionos"],"yoast_head":"<!-- This site is optimized with the Yoast SEO Premium plugin v27.5 (Yoast SEO v27.5) - https:\/\/yoast.com\/product\/yoast-seo-premium-wordpress\/ -->\n<title>Apple Vision Pro: Revolution am Arbeitsplatz Apfelpatient<\/title>\n<meta name=\"description\" content=\"Apple Vision Pro am Arbeitsplatz: Erfahre, wie f\u00fchrende Unternehmen die Zukunft der Arbeit mit dieser bahnbrechenden Technologie gestalten.\" \/>\n<meta name=\"robots\" content=\"index, follow, max-snippet:-1, max-image-preview:large, max-video-preview:-1\" \/>\n<link rel=\"canonical\" href=\"https:\/\/www.apfelpatient.de\/en\/news\/apple-vision-pro-revolution-in-the-workplace\" \/>\n<meta property=\"og:locale\" content=\"en_US\" \/>\n<meta property=\"og:type\" content=\"article\" \/>\n<meta property=\"og:title\" content=\"Apple Vision Pro: Revolution am Arbeitsplatz\" \/>\n<meta property=\"og:description\" content=\"Apple Vision Pro am Arbeitsplatz: Erfahre, wie f\u00fchrende Unternehmen die Zukunft der Arbeit mit dieser bahnbrechenden Technologie gestalten.\" \/>\n<meta property=\"og:url\" content=\"https:\/\/www.apfelpatient.de\/en\/news\/apple-vision-pro-revolution-in-the-workplace\" \/>\n<meta property=\"og:site_name\" content=\"Apfelpatient\" \/>\n<meta property=\"article:publisher\" content=\"https:\/\/www.facebook.com\/apfelpatientOfficial\" \/>\n<meta property=\"article:author\" content=\"https:\/\/www.facebook.com\/apfelpatientOfficial\" \/>\n<meta property=\"article:published_time\" content=\"2024-04-09T15:12:40+00:00\" \/>\n<meta property=\"article:modified_time\" content=\"2024-04-09T15:12:41+00:00\" \/>\n<meta property=\"og:image\" content=\"https:\/\/www.apfelpatient.de\/wp-content\/uploads\/2024\/04\/Apple-Vision-Pro-NVIDIA-Omniverse-Cloud-APIs.jpg\" \/>\n\t<meta property=\"og:image:width\" content=\"1600\" \/>\n\t<meta property=\"og:image:height\" content=\"900\" \/>\n\t<meta property=\"og:image:type\" content=\"image\/jpeg\" \/>\n<meta name=\"author\" content=\"Milan\" \/>\n<meta name=\"twitter:card\" content=\"summary_large_image\" \/>\n<meta name=\"twitter:description\" content=\"Apple Vision Pro am Arbeitsplatz: Erfahre, wie f\u00fchrende Unternehmen die Zukunft der Arbeit mit dieser bahnbrechenden Technologie gestalten.\" \/>\n<meta name=\"twitter:label1\" content=\"Written by\" \/>\n\t<meta name=\"twitter:data1\" content=\"Milan\" \/>\n\t<meta name=\"twitter:label2\" content=\"Est. reading time\" \/>\n\t<meta name=\"twitter:data2\" content=\"4 minutes\" \/>\n<script type=\"application\/ld+json\" class=\"yoast-schema-graph\">{\"@context\":\"https:\\\/\\\/schema.org\",\"@graph\":[{\"@type\":\"NewsArticle\",\"@id\":\"https:\\\/\\\/www.apfelpatient.de\\\/news\\\/apple-vision-pro-revolution-am-arbeitsplatz#article\",\"isPartOf\":{\"@id\":\"https:\\\/\\\/www.apfelpatient.de\\\/news\\\/apple-vision-pro-revolution-am-arbeitsplatz\"},\"author\":{\"@type\":\"Organization\",\"@id\":\"https:\\\/\\\/www.apfelpatient.de\\\/en\\\/#organization\",\"name\":\"Apfelpatient\",\"url\":\"https:\\\/\\\/www.apfelpatient.de\\\/en\\\/\"},\"headline\":\"Apple Vision Pro: Revolution am Arbeitsplatz\",\"datePublished\":\"2024-04-09T15:12:40+00:00\",\"dateModified\":\"2024-04-09T15:12:41+00:00\",\"mainEntityOfPage\":{\"@id\":\"https:\\\/\\\/www.apfelpatient.de\\\/news\\\/apple-vision-pro-revolution-am-arbeitsplatz\"},\"wordCount\":551,\"publisher\":{\"@type\":\"Organization\",\"@id\":\"https:\\\/\\\/www.apfelpatient.de\\\/en\\\/#organization\",\"name\":\"Apfelpatient\",\"url\":\"https:\\\/\\\/www.apfelpatient.de\\\/en\\\/\"},\"image\":{\"@id\":\"https:\\\/\\\/www.apfelpatient.de\\\/news\\\/apple-vision-pro-revolution-am-arbeitsplatz#primaryimage\"},\"thumbnailUrl\":\"https:\\\/\\\/www.apfelpatient.de\\\/wp-content\\\/uploads\\\/2024\\\/04\\\/Apple-Vision-Pro-NVIDIA-Omniverse-Cloud-APIs.jpg\",\"keywords\":[\"Apple Vision Pro\",\"Apple VR\\\/AR\",\"visionOS\"],\"articleSection\":\"News\",\"inLanguage\":\"en-US\",\"copyrightYear\":\"2024\",\"copyrightHolder\":{\"@id\":\"https:\\\/\\\/www.apfelpatient.de\\\/en\\\/#organization\"}},{\"@type\":\"WebPage\",\"@id\":\"https:\\\/\\\/www.apfelpatient.de\\\/news\\\/apple-vision-pro-revolution-am-arbeitsplatz\",\"url\":\"https:\\\/\\\/www.apfelpatient.de\\\/news\\\/apple-vision-pro-revolution-am-arbeitsplatz\",\"name\":\"Apple Vision Pro: Revolution am Arbeitsplatz Apfelpatient\",\"isPartOf\":{\"@id\":\"https:\\\/\\\/www.apfelpatient.de\\\/#website\"},\"primaryImageOfPage\":{\"@id\":\"https:\\\/\\\/www.apfelpatient.de\\\/news\\\/apple-vision-pro-revolution-am-arbeitsplatz#primaryimage\"},\"image\":{\"@id\":\"https:\\\/\\\/www.apfelpatient.de\\\/news\\\/apple-vision-pro-revolution-am-arbeitsplatz#primaryimage\"},\"thumbnailUrl\":\"https:\\\/\\\/www.apfelpatient.de\\\/wp-content\\\/uploads\\\/2024\\\/04\\\/Apple-Vision-Pro-NVIDIA-Omniverse-Cloud-APIs.jpg\",\"datePublished\":\"2024-04-09T15:12:40+00:00\",\"dateModified\":\"2024-04-09T15:12:41+00:00\",\"description\":\"Apple Vision Pro am Arbeitsplatz: Erfahre, wie f\u00fchrende Unternehmen die Zukunft der Arbeit mit dieser bahnbrechenden Technologie gestalten.\",\"breadcrumb\":{\"@id\":\"https:\\\/\\\/www.apfelpatient.de\\\/news\\\/apple-vision-pro-revolution-am-arbeitsplatz#breadcrumb\"},\"inLanguage\":\"en-US\",\"potentialAction\":[{\"@type\":\"ReadAction\",\"target\":[\"https:\\\/\\\/www.apfelpatient.de\\\/news\\\/apple-vision-pro-revolution-am-arbeitsplatz\"]}]},{\"@type\":\"ImageObject\",\"inLanguage\":\"en-US\",\"@id\":\"https:\\\/\\\/www.apfelpatient.de\\\/news\\\/apple-vision-pro-revolution-am-arbeitsplatz#primaryimage\",\"url\":\"https:\\\/\\\/www.apfelpatient.de\\\/wp-content\\\/uploads\\\/2024\\\/04\\\/Apple-Vision-Pro-NVIDIA-Omniverse-Cloud-APIs.jpg\",\"contentUrl\":\"https:\\\/\\\/www.apfelpatient.de\\\/wp-content\\\/uploads\\\/2024\\\/04\\\/Apple-Vision-Pro-NVIDIA-Omniverse-Cloud-APIs.jpg\",\"width\":1600,\"height\":900,\"caption\":\"Bild: Apple\"},{\"@type\":\"BreadcrumbList\",\"@id\":\"https:\\\/\\\/www.apfelpatient.de\\\/news\\\/apple-vision-pro-revolution-am-arbeitsplatz#breadcrumb\",\"itemListElement\":[{\"@type\":\"ListItem\",\"position\":1,\"name\":\"Startseite\",\"item\":\"https:\\\/\\\/www.apfelpatient.de\\\/\"},{\"@type\":\"ListItem\",\"position\":2,\"name\":\"Apple Vision Pro: Revolution am Arbeitsplatz\"}]},{\"@type\":\"WebSite\",\"@id\":\"https:\\\/\\\/www.apfelpatient.de\\\/#website\",\"url\":\"https:\\\/\\\/www.apfelpatient.de\\\/\",\"name\":\"Apfelpatient\",\"description\":\"Alles rund um Apple!\",\"publisher\":{\"@type\":\"Organization\",\"@id\":\"https:\\\/\\\/www.apfelpatient.de\\\/en\\\/#organization\",\"name\":\"Apfelpatient\",\"url\":\"https:\\\/\\\/www.apfelpatient.de\\\/en\\\/\"},\"alternateName\":\"Apfelpatient\",\"potentialAction\":[{\"@type\":\"SearchAction\",\"target\":{\"@type\":\"EntryPoint\",\"urlTemplate\":\"https:\\\/\\\/www.apfelpatient.de\\\/?s={search_term_string}\"},\"query-input\":{\"@type\":\"PropertyValueSpecification\",\"valueRequired\":true,\"valueName\":\"search_term_string\"}}],\"inLanguage\":\"en-US\"},{\"@type\":[\"Person\",\"Organization\"],\"@id\":\"https:\\\/\\\/www.apfelpatient.de\\\/#\\\/schema\\\/person\\\/35b3ddba5832f2bfc7fff5206d4f6b7b\",\"name\":\"Milan\",\"logo\":{\"@id\":\"https:\\\/\\\/www.apfelpatient.de\\\/#\\\/schema\\\/person\\\/image\\\/\"},\"description\":\"Hallo und herzlich willkommen auf meinem Technik-Blog! Als gro\u00dfer Apple-Fan berichte ich hier \u00fcber alles, was mit Apple zu tun hat: von den neuesten News und spannenden Ger\u00fcchten \u00fcber hilfreiche Tipps und Tricks bis hin zu ausf\u00fchrlichen Produkttests. Wenn du genauso technikbegeistert bist wie ich, bist du hier genau richtig!\",\"sameAs\":[\"https:\\\/\\\/www.facebook.com\\\/apfelpatientOfficial\",\"https:\\\/\\\/www.linkedin.com\\\/in\\\/milan-jovicic-42aa0231b\"],\"url\":\"https:\\\/\\\/www.apfelpatient.de\\\/en\\\/author\\\/apfeladmin\"}]}<\/script>\n<!-- \/ Yoast SEO Premium plugin. -->","yoast_head_json":{"title":"Apple Vision Pro: Revolution in the Workplace Apfelpatient","description":"Apple Vision Pro in the workplace: Learn how leading companies are shaping the future of work with this groundbreaking technology.","robots":{"index":"index","follow":"follow","max-snippet":"max-snippet:-1","max-image-preview":"max-image-preview:large","max-video-preview":"max-video-preview:-1"},"canonical":"https:\/\/www.apfelpatient.de\/en\/news\/apple-vision-pro-revolution-in-the-workplace","og_locale":"en_US","og_type":"article","og_title":"Apple Vision Pro: Revolution am Arbeitsplatz","og_description":"Apple Vision Pro am Arbeitsplatz: Erfahre, wie f\u00fchrende Unternehmen die Zukunft der Arbeit mit dieser bahnbrechenden Technologie gestalten.","og_url":"https:\/\/www.apfelpatient.de\/en\/news\/apple-vision-pro-revolution-in-the-workplace","og_site_name":"Apfelpatient","article_publisher":"https:\/\/www.facebook.com\/apfelpatientOfficial","article_author":"https:\/\/www.facebook.com\/apfelpatientOfficial","article_published_time":"2024-04-09T15:12:40+00:00","article_modified_time":"2024-04-09T15:12:41+00:00","og_image":[{"width":1600,"height":900,"url":"https:\/\/www.apfelpatient.de\/wp-content\/uploads\/2024\/04\/Apple-Vision-Pro-NVIDIA-Omniverse-Cloud-APIs.jpg","type":"image\/jpeg"}],"author":"Milan","twitter_card":"summary_large_image","twitter_description":"Apple Vision Pro am Arbeitsplatz: Erfahre, wie f\u00fchrende Unternehmen die Zukunft der Arbeit mit dieser bahnbrechenden Technologie gestalten.","twitter_misc":{"Written by":"Milan","Est. reading time":"4 minutes"},"schema":{"@context":"https:\/\/schema.org","@graph":[{"@type":"NewsArticle","@id":"https:\/\/www.apfelpatient.de\/news\/apple-vision-pro-revolution-am-arbeitsplatz#article","isPartOf":{"@id":"https:\/\/www.apfelpatient.de\/news\/apple-vision-pro-revolution-am-arbeitsplatz"},"author":{"@type":"Organization","@id":"https:\/\/www.apfelpatient.de\/en\/#organization","name":"Apfelpatient","url":"https:\/\/www.apfelpatient.de\/en\/"},"headline":"Apple Vision Pro: Revolution am Arbeitsplatz","datePublished":"2024-04-09T15:12:40+00:00","dateModified":"2024-04-09T15:12:41+00:00","mainEntityOfPage":{"@id":"https:\/\/www.apfelpatient.de\/news\/apple-vision-pro-revolution-am-arbeitsplatz"},"wordCount":551,"publisher":{"@type":"Organization","@id":"https:\/\/www.apfelpatient.de\/en\/#organization","name":"Apfelpatient","url":"https:\/\/www.apfelpatient.de\/en\/"},"image":{"@id":"https:\/\/www.apfelpatient.de\/news\/apple-vision-pro-revolution-am-arbeitsplatz#primaryimage"},"thumbnailUrl":"https:\/\/www.apfelpatient.de\/wp-content\/uploads\/2024\/04\/Apple-Vision-Pro-NVIDIA-Omniverse-Cloud-APIs.jpg","keywords":["Apple Vision Pro","Apple VR\/AR","visionOS"],"articleSection":"News","inLanguage":"en-US","copyrightYear":"2024","copyrightHolder":{"@id":"https:\/\/www.apfelpatient.de\/en\/#organization"}},{"@type":"WebPage","@id":"https:\/\/www.apfelpatient.de\/news\/apple-vision-pro-revolution-am-arbeitsplatz","url":"https:\/\/www.apfelpatient.de\/news\/apple-vision-pro-revolution-am-arbeitsplatz","name":"Apple Vision Pro: Revolution in the Workplace Apfelpatient","isPartOf":{"@id":"https:\/\/www.apfelpatient.de\/#website"},"primaryImageOfPage":{"@id":"https:\/\/www.apfelpatient.de\/news\/apple-vision-pro-revolution-am-arbeitsplatz#primaryimage"},"image":{"@id":"https:\/\/www.apfelpatient.de\/news\/apple-vision-pro-revolution-am-arbeitsplatz#primaryimage"},"thumbnailUrl":"https:\/\/www.apfelpatient.de\/wp-content\/uploads\/2024\/04\/Apple-Vision-Pro-NVIDIA-Omniverse-Cloud-APIs.jpg","datePublished":"2024-04-09T15:12:40+00:00","dateModified":"2024-04-09T15:12:41+00:00","description":"Apple Vision Pro in the workplace: Learn how leading companies are shaping the future of work with this groundbreaking technology.","breadcrumb":{"@id":"https:\/\/www.apfelpatient.de\/news\/apple-vision-pro-revolution-am-arbeitsplatz#breadcrumb"},"inLanguage":"en-US","potentialAction":[{"@type":"ReadAction","target":["https:\/\/www.apfelpatient.de\/news\/apple-vision-pro-revolution-am-arbeitsplatz"]}]},{"@type":"ImageObject","inLanguage":"en-US","@id":"https:\/\/www.apfelpatient.de\/news\/apple-vision-pro-revolution-am-arbeitsplatz#primaryimage","url":"https:\/\/www.apfelpatient.de\/wp-content\/uploads\/2024\/04\/Apple-Vision-Pro-NVIDIA-Omniverse-Cloud-APIs.jpg","contentUrl":"https:\/\/www.apfelpatient.de\/wp-content\/uploads\/2024\/04\/Apple-Vision-Pro-NVIDIA-Omniverse-Cloud-APIs.jpg","width":1600,"height":900,"caption":"Bild: Apple"},{"@type":"BreadcrumbList","@id":"https:\/\/www.apfelpatient.de\/news\/apple-vision-pro-revolution-am-arbeitsplatz#breadcrumb","itemListElement":[{"@type":"ListItem","position":1,"name":"Startseite","item":"https:\/\/www.apfelpatient.de\/"},{"@type":"ListItem","position":2,"name":"Apple Vision Pro: Revolution am Arbeitsplatz"}]},{"@type":"WebSite","@id":"https:\/\/www.apfelpatient.de\/#website","url":"https:\/\/www.apfelpatient.de\/","name":"apple patient","description":"Everything about Apple!","publisher":{"@type":"Organization","@id":"https:\/\/www.apfelpatient.de\/en\/#organization","name":"Apfelpatient","url":"https:\/\/www.apfelpatient.de\/en\/"},"alternateName":"Apfelpatient","potentialAction":[{"@type":"SearchAction","target":{"@type":"EntryPoint","urlTemplate":"https:\/\/www.apfelpatient.de\/?s={search_term_string}"},"query-input":{"@type":"PropertyValueSpecification","valueRequired":true,"valueName":"search_term_string"}}],"inLanguage":"en-US"},{"@type":["Person","Organization"],"@id":"https:\/\/www.apfelpatient.de\/#\/schema\/person\/35b3ddba5832f2bfc7fff5206d4f6b7b","name":"Milan","logo":{"@id":"https:\/\/www.apfelpatient.de\/#\/schema\/person\/image\/"},"description":"Hello and welcome to my technology blog! As a big Apple fan, I report on everything to do with Apple: from the latest news and exciting rumors to helpful tips and tricks and detailed product tests. If you are as enthusiastic about technology as I am, you have come to the right place!","sameAs":["https:\/\/www.facebook.com\/apfelpatientOfficial","https:\/\/www.linkedin.com\/in\/milan-jovicic-42aa0231b"],"url":"https:\/\/www.apfelpatient.de\/en\/author\/apfeladmin"}]}},"_links":{"self":[{"href":"https:\/\/www.apfelpatient.de\/en\/wp-json\/wp\/v2\/posts\/42869","targetHints":{"allow":["GET"]}}],"collection":[{"href":"https:\/\/www.apfelpatient.de\/en\/wp-json\/wp\/v2\/posts"}],"about":[{"href":"https:\/\/www.apfelpatient.de\/en\/wp-json\/wp\/v2\/types\/post"}],"author":[{"embeddable":true,"href":"https:\/\/www.apfelpatient.de\/en\/wp-json\/wp\/v2\/users\/2"}],"replies":[{"embeddable":true,"href":"https:\/\/www.apfelpatient.de\/en\/wp-json\/wp\/v2\/comments?post=42869"}],"version-history":[{"count":0,"href":"https:\/\/www.apfelpatient.de\/en\/wp-json\/wp\/v2\/posts\/42869\/revisions"}],"wp:featuredmedia":[{"embeddable":true,"href":"https:\/\/www.apfelpatient.de\/en\/wp-json\/wp\/v2\/media\/42872"}],"wp:attachment":[{"href":"https:\/\/www.apfelpatient.de\/en\/wp-json\/wp\/v2\/media?parent=42869"}],"wp:term":[{"taxonomy":"category","embeddable":true,"href":"https:\/\/www.apfelpatient.de\/en\/wp-json\/wp\/v2\/categories?post=42869"},{"taxonomy":"post_tag","embeddable":true,"href":"https:\/\/www.apfelpatient.de\/en\/wp-json\/wp\/v2\/tags?post=42869"}],"curies":[{"name":"wp","href":"https:\/\/api.w.org\/{rel}","templated":true}]}}