{"id":42810,"date":"2024-04-07T16:23:23","date_gmt":"2024-04-07T14:23:23","guid":{"rendered":"https:\/\/www.apfelpatient.de\/?p=42810"},"modified":"2024-04-07T16:48:25","modified_gmt":"2024-04-07T14:48:25","slug":"leaked-launch-date-of-the-new-ipads-is-set","status":"publish","type":"post","link":"https:\/\/www.apfelpatient.de\/en\/rumors\/geleaktes-datum-start-der-neuen-ipads-steht-fest","title":{"rendered":"Leaked date: Launch of the new iPads is set"},"content":{"rendered":"<p class=\"has-drop-cap\"><strong>In the world of technology, few events attract as much attention as the announcement of new Apple products. Especially when it comes to one of the most popular and versatile devices the company has to offer: the iPad. With its blend of power, portability and design, the iPad has revolutionized the way we work, learn and play since its launch in 2010. Now, with the imminent announcement of new models, the rumor mill is more abuzz than ever.<\/strong><\/p>\n\n\n\n<p>Bloomberg&#039;s Mark Gurman, known for his accurate predictions about Apple products, recently shared exciting news about the next generation of iPads. <a href=\"https:\/\/www.bloomberg.com\/news\/newsletters\/2024-04-07\/apple-aapl-future-products-could-include-robots-and-smart-home-push-lupinmna\">Loud<\/a> According to Gurman, the launch of new iPad Pro and iPad Air models is planned for mid-May. The official presentation of the devices could therefore take place on May 6th. This launch promises not only an expansion of the iPad product line but also significant innovations that could once again push the boundaries of what is possible with a tablet.<\/p>\n\n\n\n<h3 class=\"wp-block-heading\" id=\"h-neue-ipads-erwartete-modelle-und-neuerungen\">New iPads: Expected models and innovations<\/h3>\n\n\n\n<p>The unveiling is expected to include two new iPad Pro models equipped with the latest M3 chip and OLED displays. These upgrades indicate a significant increase in performance and improved image quality. A thinner chassis and bezels could make the tablet more elegant and lightweight, while a matte screen option would improve comfort when using it in bright environments. A landscape-oriented front camera, other design changes, and the possible integration of wireless charging with MagSafe are other exciting aspects. In addition to the Pro models, Apple is expected to unveil two new iPad Air models. These are said to carry the M2 chip and also offer a landscape-oriented front camera. Particularly notable is the rumor of an iPad Air with a larger, 12.9-inch display, which could introduce a new dimension of versatility to Apple&#039;s mid-range price range.<\/p>\n\n\n\n<h3 class=\"wp-block-heading\" id=\"h-zubehor-updates\">accessory updates<\/h3>\n\n\n\n<p>A new Magic Keyboard for the iPad Pro, featuring an aluminum body, larger trackpad, and other design improvements, could further improve the way we use the iPad as a laptop replacement. There&#039;s also talk of a new Apple Pencil that could come with a &quot;squeeze&quot; gesture for certain actions and possibly support for visionOS, which would further increase productivity and creativity with the iPad.<\/p>\n\n\n\n<h3 class=\"wp-block-heading\" id=\"h-bedeutung-der-aktualisierungen\">Importance of the updates<\/h3>\n\n\n\n<p>These expected updates reflect Apple&#039;s ongoing commitment to keeping its products at the forefront of technology while improving the user experience. Adding OLED displays, moving to more powerful chips, and improving design are clear indicators that Apple is taking its customers&#039; wishes seriously and responding to feedback.<\/p>\n\n\n\n<h3 class=\"wp-block-heading\" id=\"h-spannung-steigt-die-nachste-ipad-generation\">Excitement is rising: The next iPad generation<\/h3>\n\n\n\n\n\n\n\n<p>The announcement of new iPads is imminent, and the excitement within the Apple community is palpable. The potential innovations and updates that Mark Gurman predicts could significantly improve the way we use iPads and confirm that Apple remains at the forefront of innovation. While we wait for the official announcement, we can only speculate what other surprises Apple may have in store. But one thing is certain: the future of iPads looks brighter than ever. (Photo by Unsplash \/ Daniel Romero)<\/p>\n\n\n\n<ul class=\"wp-block-list\">\n<li><a href=\"https:\/\/www.apfelpatient.de\/en\/news\/database-reveals-new-ipads-in-the-pipeline\">Database reveals: New iPads in the pipeline<\/a><\/li>\n<\/ul>\n\n\n\n<h6 class=\"wp-block-heading translation-block\" id=\"h-kennt-ihr-schon-unsere-amazon-storefront-dort-findet-ihr-eine-handverlesene-auswahl-von-diversen-produkten-f-r-euer-iphone-und-co-viel-spa-beim-st-bern\"><em>Have you already visited our Amazon Storefront? There you&#039;ll find a hand-picked selection of various products for your iPhone and other devices \u2013 <span class=\"has-inline-color has-vivid-red-color\"><a href=\"https:\/\/www.amazon.de\/shop\/apfelpatientofficial\" class=\"ek-link\" data-wpel-link=\"exclude\" rel=\"follow noopener\" target=\"_self\"><span style=\"text-decoration: underline\" class=\"ek-underline\">enjoy browsing<\/span><\/a> !<\/span><\/em><\/h6>\n\n\n\n<h6 class=\"wp-block-heading translation-block\" id=\"h-der-beitrag-enthalt-partnerlinks\">This post contains <a data-type=\"URL\" data-id=\"https:\/\/www.apfelpatient.de\/partnerprogramm\" href=\"https:\/\/www.apfelpatient.de\/en\/partner-program\" data-wpel-link=\"internal\" target=\"_self\">affiliate links<\/a>.<\/h6>","protected":false},"excerpt":{"rendered":"<p>New iPads are about to be launched: discover what Apple has planned this time. A breakthrough in technology!<\/p>","protected":false},"author":2,"featured_media":42812,"comment_status":"closed","ping_status":"closed","sticky":false,"template":"","format":"standard","meta":{"jnews-multi-image_gallery":[],"jnews_single_post":{"subtitle":"","format":"standard","video":"","gallery":"","source_name":"","source_url":"","via_name":"","via_url":"","override_template":"0","override":[{"template":"4","single_blog_custom":"","parallax":"1","fullscreen":"1","layout":"right-sidebar","sidebar":"default-sidebar","second_sidebar":"default-sidebar","sticky_sidebar":"1","share_position":"top","share_float_style":"share-monocrhome","show_share_counter":"0","show_view_counter":"0","show_featured":"1","show_post_meta":"1","show_post_author":"1","show_post_author_image":"1","show_post_date":"1","post_date_format":"default","post_date_format_custom":"Y\/m\/d","show_post_category":"1","show_post_reading_time":"0","post_reading_time_wpm":"300","show_zoom_button":"0","zoom_button_out_step":"2","zoom_button_in_step":"3","show_post_tag":"1","show_prev_next_post":"1","show_popup_post":"1","number_popup_post":"1","show_author_box":"0","show_post_related":"0","show_inline_post_related":"0"}],"override_image_size":"0","image_override":[{"single_post_thumbnail_size":"crop-500","single_post_gallery_size":"crop-500"}],"trending_post":"0","trending_post_position":"meta","trending_post_label":"Trending","sponsored_post":"0","sponsored_post_label":"Sponsored by","sponsored_post_name":"","sponsored_post_url":"","sponsored_post_logo_enable":"0","sponsored_post_logo":"","sponsored_post_desc":"","disable_ad":"0"},"jnews_primary_category":{"id":"25","hide":""},"footnotes":""},"categories":[25],"tags":[18,240,66],"class_list":["post-42810","post","type-post","status-publish","format-standard","has-post-thumbnail","hentry","category-rumors","tag-ipad","tag-ipad-air","tag-ipad-pro"],"yoast_head":"<!-- This site is optimized with the Yoast SEO Premium plugin v27.5 (Yoast SEO v27.5) - https:\/\/yoast.com\/product\/yoast-seo-premium-wordpress\/ -->\n<title>Geleaktes Datum: Start der neuen iPads steht fest Apfelpatient<\/title>\n<meta name=\"description\" content=\"Neue iPads stehen kurz vor der Markteinf\u00fchrung: Entdecke, was Apple diesmal geplant hat. Ein Durchbruch in Technologie!\" \/>\n<meta name=\"robots\" content=\"index, follow, max-snippet:-1, max-image-preview:large, max-video-preview:-1\" \/>\n<link rel=\"canonical\" href=\"https:\/\/www.apfelpatient.de\/en\/rumors\/leaked-launch-date-of-the-new-ipads-is-set\" \/>\n<meta property=\"og:locale\" content=\"en_US\" \/>\n<meta property=\"og:type\" content=\"article\" \/>\n<meta property=\"og:title\" content=\"Geleaktes Datum: Start der neuen iPads steht fest\" \/>\n<meta property=\"og:description\" content=\"Neue iPads stehen kurz vor der Markteinf\u00fchrung: Entdecke, was Apple diesmal geplant hat. Ein Durchbruch in Technologie!\" \/>\n<meta property=\"og:url\" content=\"https:\/\/www.apfelpatient.de\/en\/rumors\/leaked-launch-date-of-the-new-ipads-is-set\" \/>\n<meta property=\"og:site_name\" content=\"Apfelpatient\" \/>\n<meta property=\"article:publisher\" content=\"https:\/\/www.facebook.com\/apfelpatientOfficial\" \/>\n<meta property=\"article:author\" content=\"https:\/\/www.facebook.com\/apfelpatientOfficial\" \/>\n<meta property=\"article:published_time\" content=\"2024-04-07T14:23:23+00:00\" \/>\n<meta property=\"article:modified_time\" content=\"2024-04-07T14:48:25+00:00\" \/>\n<meta property=\"og:image\" content=\"https:\/\/www.apfelpatient.de\/wp-content\/uploads\/2024\/04\/daniel-romero-kp9L5wv9z1A-unsplash.jpg\" \/>\n\t<meta property=\"og:image:width\" content=\"1600\" \/>\n\t<meta property=\"og:image:height\" content=\"900\" \/>\n\t<meta property=\"og:image:type\" content=\"image\/jpeg\" \/>\n<meta name=\"author\" content=\"Milan\" \/>\n<meta name=\"twitter:card\" content=\"summary_large_image\" \/>\n<meta name=\"twitter:description\" content=\"Neue iPads stehen kurz vor der Markteinf\u00fchrung: Entdecke, was Apple diesmal geplant hat. Ein Durchbruch in Technologie!\" \/>\n<meta name=\"twitter:label1\" content=\"Written by\" \/>\n\t<meta name=\"twitter:data1\" content=\"Milan\" \/>\n\t<meta name=\"twitter:label2\" content=\"Est. reading time\" \/>\n\t<meta name=\"twitter:data2\" content=\"4 minutes\" \/>\n<script type=\"application\/ld+json\" class=\"yoast-schema-graph\">{\"@context\":\"https:\\\/\\\/schema.org\",\"@graph\":[{\"@type\":\"NewsArticle\",\"@id\":\"https:\\\/\\\/www.apfelpatient.de\\\/rumors\\\/geleaktes-datum-start-der-neuen-ipads-steht-fest#article\",\"isPartOf\":{\"@id\":\"https:\\\/\\\/www.apfelpatient.de\\\/rumors\\\/geleaktes-datum-start-der-neuen-ipads-steht-fest\"},\"author\":{\"@type\":\"Organization\",\"@id\":\"https:\\\/\\\/www.apfelpatient.de\\\/en\\\/#organization\",\"name\":\"Apfelpatient\",\"url\":\"https:\\\/\\\/www.apfelpatient.de\\\/en\\\/\"},\"headline\":\"Geleaktes Datum: Start der neuen iPads steht fest\",\"datePublished\":\"2024-04-07T14:23:23+00:00\",\"dateModified\":\"2024-04-07T14:48:25+00:00\",\"mainEntityOfPage\":{\"@id\":\"https:\\\/\\\/www.apfelpatient.de\\\/rumors\\\/geleaktes-datum-start-der-neuen-ipads-steht-fest\"},\"wordCount\":575,\"publisher\":{\"@type\":\"Organization\",\"@id\":\"https:\\\/\\\/www.apfelpatient.de\\\/en\\\/#organization\",\"name\":\"Apfelpatient\",\"url\":\"https:\\\/\\\/www.apfelpatient.de\\\/en\\\/\"},\"image\":{\"@id\":\"https:\\\/\\\/www.apfelpatient.de\\\/rumors\\\/geleaktes-datum-start-der-neuen-ipads-steht-fest#primaryimage\"},\"thumbnailUrl\":\"https:\\\/\\\/www.apfelpatient.de\\\/wp-content\\\/uploads\\\/2024\\\/04\\\/daniel-romero-kp9L5wv9z1A-unsplash.jpg\",\"keywords\":[\"iPad\",\"iPad Air\",\"iPad Pro\"],\"articleSection\":\"Rumors\",\"inLanguage\":\"en-US\",\"copyrightYear\":\"2024\",\"copyrightHolder\":{\"@id\":\"https:\\\/\\\/www.apfelpatient.de\\\/en\\\/#organization\"}},{\"@type\":\"WebPage\",\"@id\":\"https:\\\/\\\/www.apfelpatient.de\\\/rumors\\\/geleaktes-datum-start-der-neuen-ipads-steht-fest\",\"url\":\"https:\\\/\\\/www.apfelpatient.de\\\/rumors\\\/geleaktes-datum-start-der-neuen-ipads-steht-fest\",\"name\":\"Geleaktes Datum: Start der neuen iPads steht fest Apfelpatient\",\"isPartOf\":{\"@id\":\"https:\\\/\\\/www.apfelpatient.de\\\/#website\"},\"primaryImageOfPage\":{\"@id\":\"https:\\\/\\\/www.apfelpatient.de\\\/rumors\\\/geleaktes-datum-start-der-neuen-ipads-steht-fest#primaryimage\"},\"image\":{\"@id\":\"https:\\\/\\\/www.apfelpatient.de\\\/rumors\\\/geleaktes-datum-start-der-neuen-ipads-steht-fest#primaryimage\"},\"thumbnailUrl\":\"https:\\\/\\\/www.apfelpatient.de\\\/wp-content\\\/uploads\\\/2024\\\/04\\\/daniel-romero-kp9L5wv9z1A-unsplash.jpg\",\"datePublished\":\"2024-04-07T14:23:23+00:00\",\"dateModified\":\"2024-04-07T14:48:25+00:00\",\"description\":\"Neue iPads stehen kurz vor der Markteinf\u00fchrung: Entdecke, was Apple diesmal geplant hat. Ein Durchbruch in Technologie!\",\"breadcrumb\":{\"@id\":\"https:\\\/\\\/www.apfelpatient.de\\\/rumors\\\/geleaktes-datum-start-der-neuen-ipads-steht-fest#breadcrumb\"},\"inLanguage\":\"en-US\",\"potentialAction\":[{\"@type\":\"ReadAction\",\"target\":[\"https:\\\/\\\/www.apfelpatient.de\\\/rumors\\\/geleaktes-datum-start-der-neuen-ipads-steht-fest\"]}]},{\"@type\":\"ImageObject\",\"inLanguage\":\"en-US\",\"@id\":\"https:\\\/\\\/www.apfelpatient.de\\\/rumors\\\/geleaktes-datum-start-der-neuen-ipads-steht-fest#primaryimage\",\"url\":\"https:\\\/\\\/www.apfelpatient.de\\\/wp-content\\\/uploads\\\/2024\\\/04\\\/daniel-romero-kp9L5wv9z1A-unsplash.jpg\",\"contentUrl\":\"https:\\\/\\\/www.apfelpatient.de\\\/wp-content\\\/uploads\\\/2024\\\/04\\\/daniel-romero-kp9L5wv9z1A-unsplash.jpg\",\"width\":1600,\"height\":900,\"caption\":\"Photo by Unsplash \\\/ Daniel Romero\"},{\"@type\":\"BreadcrumbList\",\"@id\":\"https:\\\/\\\/www.apfelpatient.de\\\/rumors\\\/geleaktes-datum-start-der-neuen-ipads-steht-fest#breadcrumb\",\"itemListElement\":[{\"@type\":\"ListItem\",\"position\":1,\"name\":\"Startseite\",\"item\":\"https:\\\/\\\/www.apfelpatient.de\\\/\"},{\"@type\":\"ListItem\",\"position\":2,\"name\":\"Geleaktes Datum: Start der neuen iPads steht fest\"}]},{\"@type\":\"WebSite\",\"@id\":\"https:\\\/\\\/www.apfelpatient.de\\\/#website\",\"url\":\"https:\\\/\\\/www.apfelpatient.de\\\/\",\"name\":\"Apfelpatient\",\"description\":\"Alles rund um Apple!\",\"publisher\":{\"@type\":\"Organization\",\"@id\":\"https:\\\/\\\/www.apfelpatient.de\\\/en\\\/#organization\",\"name\":\"Apfelpatient\",\"url\":\"https:\\\/\\\/www.apfelpatient.de\\\/en\\\/\"},\"alternateName\":\"Apfelpatient\",\"potentialAction\":[{\"@type\":\"SearchAction\",\"target\":{\"@type\":\"EntryPoint\",\"urlTemplate\":\"https:\\\/\\\/www.apfelpatient.de\\\/?s={search_term_string}\"},\"query-input\":{\"@type\":\"PropertyValueSpecification\",\"valueRequired\":true,\"valueName\":\"search_term_string\"}}],\"inLanguage\":\"en-US\"},{\"@type\":[\"Person\",\"Organization\"],\"@id\":\"https:\\\/\\\/www.apfelpatient.de\\\/#\\\/schema\\\/person\\\/35b3ddba5832f2bfc7fff5206d4f6b7b\",\"name\":\"Milan\",\"logo\":{\"@id\":\"https:\\\/\\\/www.apfelpatient.de\\\/#\\\/schema\\\/person\\\/image\\\/\"},\"description\":\"Hallo und herzlich willkommen auf meinem Technik-Blog! Als gro\u00dfer Apple-Fan berichte ich hier \u00fcber alles, was mit Apple zu tun hat: von den neuesten News und spannenden Ger\u00fcchten \u00fcber hilfreiche Tipps und Tricks bis hin zu ausf\u00fchrlichen Produkttests. Wenn du genauso technikbegeistert bist wie ich, bist du hier genau richtig!\",\"sameAs\":[\"https:\\\/\\\/www.facebook.com\\\/apfelpatientOfficial\",\"https:\\\/\\\/www.linkedin.com\\\/in\\\/milan-jovicic-42aa0231b\"],\"url\":\"https:\\\/\\\/www.apfelpatient.de\\\/en\\\/author\\\/apfeladmin\"}]}<\/script>\n<!-- \/ Yoast SEO Premium plugin. -->","yoast_head_json":{"title":"Leaked date: Launch of the new iPads is set Apfelpatient","description":"New iPads are about to be launched: discover what Apple has planned this time. A breakthrough in technology!","robots":{"index":"index","follow":"follow","max-snippet":"max-snippet:-1","max-image-preview":"max-image-preview:large","max-video-preview":"max-video-preview:-1"},"canonical":"https:\/\/www.apfelpatient.de\/en\/rumors\/leaked-launch-date-of-the-new-ipads-is-set","og_locale":"en_US","og_type":"article","og_title":"Geleaktes Datum: Start der neuen iPads steht fest","og_description":"Neue iPads stehen kurz vor der Markteinf\u00fchrung: Entdecke, was Apple diesmal geplant hat. Ein Durchbruch in Technologie!","og_url":"https:\/\/www.apfelpatient.de\/en\/rumors\/leaked-launch-date-of-the-new-ipads-is-set","og_site_name":"Apfelpatient","article_publisher":"https:\/\/www.facebook.com\/apfelpatientOfficial","article_author":"https:\/\/www.facebook.com\/apfelpatientOfficial","article_published_time":"2024-04-07T14:23:23+00:00","article_modified_time":"2024-04-07T14:48:25+00:00","og_image":[{"width":1600,"height":900,"url":"https:\/\/www.apfelpatient.de\/wp-content\/uploads\/2024\/04\/daniel-romero-kp9L5wv9z1A-unsplash.jpg","type":"image\/jpeg"}],"author":"Milan","twitter_card":"summary_large_image","twitter_description":"Neue iPads stehen kurz vor der Markteinf\u00fchrung: Entdecke, was Apple diesmal geplant hat. Ein Durchbruch in Technologie!","twitter_misc":{"Written by":"Milan","Est. reading time":"4 minutes"},"schema":{"@context":"https:\/\/schema.org","@graph":[{"@type":"NewsArticle","@id":"https:\/\/www.apfelpatient.de\/rumors\/geleaktes-datum-start-der-neuen-ipads-steht-fest#article","isPartOf":{"@id":"https:\/\/www.apfelpatient.de\/rumors\/geleaktes-datum-start-der-neuen-ipads-steht-fest"},"author":{"@type":"Organization","@id":"https:\/\/www.apfelpatient.de\/en\/#organization","name":"Apfelpatient","url":"https:\/\/www.apfelpatient.de\/en\/"},"headline":"Geleaktes Datum: Start der neuen iPads steht fest","datePublished":"2024-04-07T14:23:23+00:00","dateModified":"2024-04-07T14:48:25+00:00","mainEntityOfPage":{"@id":"https:\/\/www.apfelpatient.de\/rumors\/geleaktes-datum-start-der-neuen-ipads-steht-fest"},"wordCount":575,"publisher":{"@type":"Organization","@id":"https:\/\/www.apfelpatient.de\/en\/#organization","name":"Apfelpatient","url":"https:\/\/www.apfelpatient.de\/en\/"},"image":{"@id":"https:\/\/www.apfelpatient.de\/rumors\/geleaktes-datum-start-der-neuen-ipads-steht-fest#primaryimage"},"thumbnailUrl":"https:\/\/www.apfelpatient.de\/wp-content\/uploads\/2024\/04\/daniel-romero-kp9L5wv9z1A-unsplash.jpg","keywords":["iPad","iPad Air","iPad Pro"],"articleSection":"Rumors","inLanguage":"en-US","copyrightYear":"2024","copyrightHolder":{"@id":"https:\/\/www.apfelpatient.de\/en\/#organization"}},{"@type":"WebPage","@id":"https:\/\/www.apfelpatient.de\/rumors\/geleaktes-datum-start-der-neuen-ipads-steht-fest","url":"https:\/\/www.apfelpatient.de\/rumors\/geleaktes-datum-start-der-neuen-ipads-steht-fest","name":"Leaked date: Launch of the new iPads is set Apfelpatient","isPartOf":{"@id":"https:\/\/www.apfelpatient.de\/#website"},"primaryImageOfPage":{"@id":"https:\/\/www.apfelpatient.de\/rumors\/geleaktes-datum-start-der-neuen-ipads-steht-fest#primaryimage"},"image":{"@id":"https:\/\/www.apfelpatient.de\/rumors\/geleaktes-datum-start-der-neuen-ipads-steht-fest#primaryimage"},"thumbnailUrl":"https:\/\/www.apfelpatient.de\/wp-content\/uploads\/2024\/04\/daniel-romero-kp9L5wv9z1A-unsplash.jpg","datePublished":"2024-04-07T14:23:23+00:00","dateModified":"2024-04-07T14:48:25+00:00","description":"New iPads are about to be launched: discover what Apple has planned this time. A breakthrough in technology!","breadcrumb":{"@id":"https:\/\/www.apfelpatient.de\/rumors\/geleaktes-datum-start-der-neuen-ipads-steht-fest#breadcrumb"},"inLanguage":"en-US","potentialAction":[{"@type":"ReadAction","target":["https:\/\/www.apfelpatient.de\/rumors\/geleaktes-datum-start-der-neuen-ipads-steht-fest"]}]},{"@type":"ImageObject","inLanguage":"en-US","@id":"https:\/\/www.apfelpatient.de\/rumors\/geleaktes-datum-start-der-neuen-ipads-steht-fest#primaryimage","url":"https:\/\/www.apfelpatient.de\/wp-content\/uploads\/2024\/04\/daniel-romero-kp9L5wv9z1A-unsplash.jpg","contentUrl":"https:\/\/www.apfelpatient.de\/wp-content\/uploads\/2024\/04\/daniel-romero-kp9L5wv9z1A-unsplash.jpg","width":1600,"height":900,"caption":"Photo by Unsplash \/ Daniel Romero"},{"@type":"BreadcrumbList","@id":"https:\/\/www.apfelpatient.de\/rumors\/geleaktes-datum-start-der-neuen-ipads-steht-fest#breadcrumb","itemListElement":[{"@type":"ListItem","position":1,"name":"Startseite","item":"https:\/\/www.apfelpatient.de\/"},{"@type":"ListItem","position":2,"name":"Geleaktes Datum: Start der neuen iPads steht fest"}]},{"@type":"WebSite","@id":"https:\/\/www.apfelpatient.de\/#website","url":"https:\/\/www.apfelpatient.de\/","name":"apple patient","description":"Everything about Apple!","publisher":{"@type":"Organization","@id":"https:\/\/www.apfelpatient.de\/en\/#organization","name":"Apfelpatient","url":"https:\/\/www.apfelpatient.de\/en\/"},"alternateName":"Apfelpatient","potentialAction":[{"@type":"SearchAction","target":{"@type":"EntryPoint","urlTemplate":"https:\/\/www.apfelpatient.de\/?s={search_term_string}"},"query-input":{"@type":"PropertyValueSpecification","valueRequired":true,"valueName":"search_term_string"}}],"inLanguage":"en-US"},{"@type":["Person","Organization"],"@id":"https:\/\/www.apfelpatient.de\/#\/schema\/person\/35b3ddba5832f2bfc7fff5206d4f6b7b","name":"Milan","logo":{"@id":"https:\/\/www.apfelpatient.de\/#\/schema\/person\/image\/"},"description":"Hello and welcome to my technology blog! As a big Apple fan, I report on everything to do with Apple: from the latest news and exciting rumors to helpful tips and tricks and detailed product tests. If you are as enthusiastic about technology as I am, you have come to the right place!","sameAs":["https:\/\/www.facebook.com\/apfelpatientOfficial","https:\/\/www.linkedin.com\/in\/milan-jovicic-42aa0231b"],"url":"https:\/\/www.apfelpatient.de\/en\/author\/apfeladmin"}]}},"_links":{"self":[{"href":"https:\/\/www.apfelpatient.de\/en\/wp-json\/wp\/v2\/posts\/42810","targetHints":{"allow":["GET"]}}],"collection":[{"href":"https:\/\/www.apfelpatient.de\/en\/wp-json\/wp\/v2\/posts"}],"about":[{"href":"https:\/\/www.apfelpatient.de\/en\/wp-json\/wp\/v2\/types\/post"}],"author":[{"embeddable":true,"href":"https:\/\/www.apfelpatient.de\/en\/wp-json\/wp\/v2\/users\/2"}],"replies":[{"embeddable":true,"href":"https:\/\/www.apfelpatient.de\/en\/wp-json\/wp\/v2\/comments?post=42810"}],"version-history":[{"count":0,"href":"https:\/\/www.apfelpatient.de\/en\/wp-json\/wp\/v2\/posts\/42810\/revisions"}],"wp:featuredmedia":[{"embeddable":true,"href":"https:\/\/www.apfelpatient.de\/en\/wp-json\/wp\/v2\/media\/42812"}],"wp:attachment":[{"href":"https:\/\/www.apfelpatient.de\/en\/wp-json\/wp\/v2\/media?parent=42810"}],"wp:term":[{"taxonomy":"category","embeddable":true,"href":"https:\/\/www.apfelpatient.de\/en\/wp-json\/wp\/v2\/categories?post=42810"},{"taxonomy":"post_tag","embeddable":true,"href":"https:\/\/www.apfelpatient.de\/en\/wp-json\/wp\/v2\/tags?post=42810"}],"curies":[{"name":"wp","href":"https:\/\/api.w.org\/{rel}","templated":true}]}}