{"id":4276,"date":"2019-05-09T15:28:05","date_gmt":"2019-05-09T13:28:05","guid":{"rendered":"https:\/\/www.apfelpatient.de\/?p=4276"},"modified":"2025-02-06T07:27:49","modified_gmt":"2025-02-06T06:27:49","slug":"more-space-for-new-selection-apple-is-now-removing-the-lg-ultrafine-5k-from-the-store","status":"publish","type":"post","link":"https:\/\/www.apfelpatient.de\/en\/news\/mehr-platz-fuer-neue-auswahl-apple-entfernt-nun-auch-den-lg-ultrafine-5k-aus-dem-store","title":{"rendered":"More space for new selection? \u2013 Apple is now removing the LG Ultrafine 5K from the store\u00a0\u00a0"},"content":{"rendered":"<p><strong>Around three weeks ago, Apple removed the LG Ultrafine 4K monitor from its own store \u2013 now the 5K model is following suit. Is Apple making room for its own screen?<\/strong><\/p>\n<p>Fans have been waiting for a new monitor from Apple for a long time - Cupertino has already promised one several times. Now the time could actually be here - the company has now also removed the LG Ultrafine 5K monitor from the store without comment. Along with other media, star analyst Ming-Chi Kuo has also predicted a new Apple screen in the past. The presentation of a successor is currently expected at WWDC 2019.<\/p>\n<p class=\"p1\"><\/p>\n<p>Previous rumors have now been reinforced once again by the removal of the second model of the LG Ultrafine series.<\/p>\n<p><strong>32\u2033 large with 6K resolution<\/strong><\/p>\n<p>Apple&#039;s new screen will be 32&quot; and have a 6K resolution, i.e. 6,240 x 2,880 pixels - according to the rumor mill. The launch of such a product has been awaited by fans for a long time. Whether Apple will actually launch the long-awaited screen on the <a href=\"https:\/\/www.apfelpatient.de\/en\">WWDC 2019<\/a> It remains to be seen whether the car will be introduced \u2013 so far there has been no information from suppliers that mass production has started.<\/p>\n<h6><a href=\"https:\/\/t.me\/apfelpatient_official\"><em><strong>Don&#039;t want to miss any more news? Then subscribe to our Telegram channel here<\/strong><\/em><\/a><\/h6>","protected":false},"excerpt":{"rendered":"<p>Vor rund drei Wochen hat Apple den LG Ultrafine 4K Monitor aus dem eigenen Store entfernt &#8211; nun folgt auch das 5K Modell. Schafft Apple Platz f\u00fcr einen eigenen Bildschirm? Fans warten seit langer Zeit auf einen neuen Monitor aus dem Hause Apple \u2013 Cupertino hat bereits mehrfach einen versprochen. Nun k\u00f6nnte es tats\u00e4chlich soweit [&hellip;]<\/p>\n","protected":false},"author":2,"featured_media":4280,"comment_status":"open","ping_status":"open","sticky":false,"template":"","format":"standard","meta":{"jnews-multi-image_gallery":[],"jnews_single_post":[],"jnews_primary_category":[],"footnotes":""},"categories":[9],"tags":[258,40,13],"class_list":["post-4276","post","type-post","status-publish","format-standard","has-post-thumbnail","hentry","category-news","tag-apple-display","tag-mac","tag-techpatient"],"yoast_head":"<!-- This site is optimized with the Yoast SEO Premium plugin v27.5 (Yoast SEO v27.5) - https:\/\/yoast.com\/product\/yoast-seo-premium-wordpress\/ -->\n<title>Mehr Platz f\u00fcr neue Auswahl? - Apple entfernt nun auch den LG Ultrafine 5K aus dem Store\u00a0\u00a0 Apfelpatient<\/title>\n<meta name=\"description\" content=\"- Vor rund drei Wochen hat Apple den LG Ultrafine 4K Monitor aus dem eigenen Store entfernt - nun folgt auch das 5K Modell. Schafft Apple Platz f\u00fcr einen eigenen Bildschirm?\" \/>\n<meta name=\"robots\" content=\"index, follow, max-snippet:-1, max-image-preview:large, max-video-preview:-1\" \/>\n<link rel=\"canonical\" href=\"https:\/\/www.apfelpatient.de\/en\/news\/more-space-for-new-selection-apple-is-now-removing-the-lg-ultrafine-5k-from-the-store\" \/>\n<meta property=\"og:locale\" content=\"en_US\" \/>\n<meta property=\"og:type\" content=\"article\" \/>\n<meta property=\"og:title\" content=\"Mehr Platz f\u00fcr neue Auswahl? - Apple entfernt nun auch den LG Ultrafine 5K aus dem Store\u00a0\u00a0\" \/>\n<meta property=\"og:description\" content=\"- Vor rund drei Wochen hat Apple den LG Ultrafine 4K Monitor aus dem eigenen Store entfernt - nun folgt auch das 5K Modell. Schafft Apple Platz f\u00fcr einen eigenen Bildschirm?\" \/>\n<meta property=\"og:url\" content=\"https:\/\/www.apfelpatient.de\/en\/news\/more-space-for-new-selection-apple-is-now-removing-the-lg-ultrafine-5k-from-the-store\" \/>\n<meta property=\"og:site_name\" content=\"Apfelpatient\" \/>\n<meta property=\"article:publisher\" content=\"https:\/\/www.facebook.com\/apfelpatientOfficial\" \/>\n<meta property=\"article:author\" content=\"https:\/\/www.facebook.com\/apfelpatientOfficial\" \/>\n<meta property=\"article:published_time\" content=\"2019-05-09T13:28:05+00:00\" \/>\n<meta property=\"article:modified_time\" content=\"2025-02-06T06:27:49+00:00\" \/>\n<meta property=\"og:image\" content=\"https:\/\/www.apfelpatient.de\/wp-content\/uploads\/2019\/05\/F1_22MD4K_02_Ultra_Clear.jpg\" \/>\n\t<meta property=\"og:image:width\" content=\"1600\" \/>\n\t<meta property=\"og:image:height\" content=\"1000\" \/>\n\t<meta property=\"og:image:type\" content=\"image\/jpeg\" \/>\n<meta name=\"author\" content=\"Milan\" \/>\n<meta name=\"twitter:card\" content=\"summary_large_image\" \/>\n<meta name=\"twitter:label1\" content=\"Written by\" \/>\n\t<meta name=\"twitter:data1\" content=\"Milan\" \/>\n\t<meta name=\"twitter:label2\" content=\"Est. reading time\" \/>\n\t<meta name=\"twitter:data2\" content=\"1 minute\" \/>\n<script type=\"application\/ld+json\" class=\"yoast-schema-graph\">{\"@context\":\"https:\\\/\\\/schema.org\",\"@graph\":[{\"@type\":\"NewsArticle\",\"@id\":\"https:\\\/\\\/www.apfelpatient.de\\\/news\\\/mehr-platz-fuer-neue-auswahl-apple-entfernt-nun-auch-den-lg-ultrafine-5k-aus-dem-store#article\",\"isPartOf\":{\"@id\":\"https:\\\/\\\/www.apfelpatient.de\\\/news\\\/mehr-platz-fuer-neue-auswahl-apple-entfernt-nun-auch-den-lg-ultrafine-5k-aus-dem-store\"},\"author\":{\"@type\":\"Organization\",\"@id\":\"https:\\\/\\\/www.apfelpatient.de\\\/en\\\/#organization\",\"name\":\"Apfelpatient\",\"url\":\"https:\\\/\\\/www.apfelpatient.de\\\/en\\\/\"},\"headline\":\"Mehr Platz f\u00fcr neue Auswahl? &#8211; Apple entfernt nun auch den LG Ultrafine 5K aus dem Store\u00a0\u00a0\",\"datePublished\":\"2019-05-09T13:28:05+00:00\",\"dateModified\":\"2025-02-06T06:27:49+00:00\",\"mainEntityOfPage\":{\"@id\":\"https:\\\/\\\/www.apfelpatient.de\\\/news\\\/mehr-platz-fuer-neue-auswahl-apple-entfernt-nun-auch-den-lg-ultrafine-5k-aus-dem-store\"},\"wordCount\":217,\"commentCount\":0,\"publisher\":{\"@type\":\"Organization\",\"@id\":\"https:\\\/\\\/www.apfelpatient.de\\\/en\\\/#organization\",\"name\":\"Apfelpatient\",\"url\":\"https:\\\/\\\/www.apfelpatient.de\\\/en\\\/\"},\"image\":{\"@id\":\"https:\\\/\\\/www.apfelpatient.de\\\/news\\\/mehr-platz-fuer-neue-auswahl-apple-entfernt-nun-auch-den-lg-ultrafine-5k-aus-dem-store#primaryimage\"},\"thumbnailUrl\":\"https:\\\/\\\/www.apfelpatient.de\\\/wp-content\\\/uploads\\\/2019\\\/05\\\/F1_22MD4K_02_Ultra_Clear.jpg\",\"keywords\":[\"Apple Display\",\"Mac\",\"TechPatient\"],\"articleSection\":\"News\",\"inLanguage\":\"en-US\",\"potentialAction\":[{\"@type\":\"CommentAction\",\"name\":\"Comment\",\"target\":[\"https:\\\/\\\/www.apfelpatient.de\\\/news\\\/mehr-platz-fuer-neue-auswahl-apple-entfernt-nun-auch-den-lg-ultrafine-5k-aus-dem-store#respond\"]}],\"copyrightYear\":\"2019\",\"copyrightHolder\":{\"@id\":\"https:\\\/\\\/www.apfelpatient.de\\\/en\\\/#organization\"}},{\"@type\":\"WebPage\",\"@id\":\"https:\\\/\\\/www.apfelpatient.de\\\/news\\\/mehr-platz-fuer-neue-auswahl-apple-entfernt-nun-auch-den-lg-ultrafine-5k-aus-dem-store\",\"url\":\"https:\\\/\\\/www.apfelpatient.de\\\/news\\\/mehr-platz-fuer-neue-auswahl-apple-entfernt-nun-auch-den-lg-ultrafine-5k-aus-dem-store\",\"name\":\"Mehr Platz f\u00fcr neue Auswahl? - Apple entfernt nun auch den LG Ultrafine 5K aus dem Store\u00a0\u00a0 Apfelpatient\",\"isPartOf\":{\"@id\":\"https:\\\/\\\/www.apfelpatient.de\\\/#website\"},\"primaryImageOfPage\":{\"@id\":\"https:\\\/\\\/www.apfelpatient.de\\\/news\\\/mehr-platz-fuer-neue-auswahl-apple-entfernt-nun-auch-den-lg-ultrafine-5k-aus-dem-store#primaryimage\"},\"image\":{\"@id\":\"https:\\\/\\\/www.apfelpatient.de\\\/news\\\/mehr-platz-fuer-neue-auswahl-apple-entfernt-nun-auch-den-lg-ultrafine-5k-aus-dem-store#primaryimage\"},\"thumbnailUrl\":\"https:\\\/\\\/www.apfelpatient.de\\\/wp-content\\\/uploads\\\/2019\\\/05\\\/F1_22MD4K_02_Ultra_Clear.jpg\",\"datePublished\":\"2019-05-09T13:28:05+00:00\",\"dateModified\":\"2025-02-06T06:27:49+00:00\",\"description\":\"- Vor rund drei Wochen hat Apple den LG Ultrafine 4K Monitor aus dem eigenen Store entfernt - nun folgt auch das 5K Modell. Schafft Apple Platz f\u00fcr einen eigenen Bildschirm?\",\"breadcrumb\":{\"@id\":\"https:\\\/\\\/www.apfelpatient.de\\\/news\\\/mehr-platz-fuer-neue-auswahl-apple-entfernt-nun-auch-den-lg-ultrafine-5k-aus-dem-store#breadcrumb\"},\"inLanguage\":\"en-US\",\"potentialAction\":[{\"@type\":\"ReadAction\",\"target\":[\"https:\\\/\\\/www.apfelpatient.de\\\/news\\\/mehr-platz-fuer-neue-auswahl-apple-entfernt-nun-auch-den-lg-ultrafine-5k-aus-dem-store\"]}]},{\"@type\":\"ImageObject\",\"inLanguage\":\"en-US\",\"@id\":\"https:\\\/\\\/www.apfelpatient.de\\\/news\\\/mehr-platz-fuer-neue-auswahl-apple-entfernt-nun-auch-den-lg-ultrafine-5k-aus-dem-store#primaryimage\",\"url\":\"https:\\\/\\\/www.apfelpatient.de\\\/wp-content\\\/uploads\\\/2019\\\/05\\\/F1_22MD4K_02_Ultra_Clear.jpg\",\"contentUrl\":\"https:\\\/\\\/www.apfelpatient.de\\\/wp-content\\\/uploads\\\/2019\\\/05\\\/F1_22MD4K_02_Ultra_Clear.jpg\",\"width\":1600,\"height\":1000,\"caption\":\"Bild: LG\"},{\"@type\":\"BreadcrumbList\",\"@id\":\"https:\\\/\\\/www.apfelpatient.de\\\/news\\\/mehr-platz-fuer-neue-auswahl-apple-entfernt-nun-auch-den-lg-ultrafine-5k-aus-dem-store#breadcrumb\",\"itemListElement\":[{\"@type\":\"ListItem\",\"position\":1,\"name\":\"Startseite\",\"item\":\"https:\\\/\\\/www.apfelpatient.de\\\/\"},{\"@type\":\"ListItem\",\"position\":2,\"name\":\"Mehr Platz f\u00fcr neue Auswahl? &#8211; Apple entfernt nun auch den LG Ultrafine 5K aus dem Store\u00a0\u00a0\"}]},{\"@type\":\"WebSite\",\"@id\":\"https:\\\/\\\/www.apfelpatient.de\\\/#website\",\"url\":\"https:\\\/\\\/www.apfelpatient.de\\\/\",\"name\":\"Apfelpatient\",\"description\":\"Alles rund um Apple!\",\"publisher\":{\"@type\":\"Organization\",\"@id\":\"https:\\\/\\\/www.apfelpatient.de\\\/en\\\/#organization\",\"name\":\"Apfelpatient\",\"url\":\"https:\\\/\\\/www.apfelpatient.de\\\/en\\\/\"},\"alternateName\":\"Apfelpatient\",\"potentialAction\":[{\"@type\":\"SearchAction\",\"target\":{\"@type\":\"EntryPoint\",\"urlTemplate\":\"https:\\\/\\\/www.apfelpatient.de\\\/?s={search_term_string}\"},\"query-input\":{\"@type\":\"PropertyValueSpecification\",\"valueRequired\":true,\"valueName\":\"search_term_string\"}}],\"inLanguage\":\"en-US\"},{\"@type\":[\"Person\",\"Organization\"],\"@id\":\"https:\\\/\\\/www.apfelpatient.de\\\/#\\\/schema\\\/person\\\/35b3ddba5832f2bfc7fff5206d4f6b7b\",\"name\":\"Milan\",\"logo\":{\"@id\":\"https:\\\/\\\/www.apfelpatient.de\\\/#\\\/schema\\\/person\\\/image\\\/\"},\"description\":\"Hallo und herzlich willkommen auf meinem Technik-Blog! Als gro\u00dfer Apple-Fan berichte ich hier \u00fcber alles, was mit Apple zu tun hat: von den neuesten News und spannenden Ger\u00fcchten \u00fcber hilfreiche Tipps und Tricks bis hin zu ausf\u00fchrlichen Produkttests. Wenn du genauso technikbegeistert bist wie ich, bist du hier genau richtig!\",\"sameAs\":[\"https:\\\/\\\/www.facebook.com\\\/apfelpatientOfficial\",\"https:\\\/\\\/www.linkedin.com\\\/in\\\/milan-jovicic-42aa0231b\"],\"url\":\"https:\\\/\\\/www.apfelpatient.de\\\/en\\\/author\\\/apfeladmin\"}]}<\/script>\n<!-- \/ Yoast SEO Premium plugin. -->","yoast_head_json":{"title":"More space for new selection? - Apple now also removes the LG Ultrafine 5K from the Store Apfelpatient","description":"- Around three weeks ago, Apple removed the LG Ultrafine 4K monitor from its own store - now the 5K model is following suit. Is Apple making room for its own screen?","robots":{"index":"index","follow":"follow","max-snippet":"max-snippet:-1","max-image-preview":"max-image-preview:large","max-video-preview":"max-video-preview:-1"},"canonical":"https:\/\/www.apfelpatient.de\/en\/news\/more-space-for-new-selection-apple-is-now-removing-the-lg-ultrafine-5k-from-the-store","og_locale":"en_US","og_type":"article","og_title":"Mehr Platz f\u00fcr neue Auswahl? - Apple entfernt nun auch den LG Ultrafine 5K aus dem Store\u00a0\u00a0","og_description":"- Vor rund drei Wochen hat Apple den LG Ultrafine 4K Monitor aus dem eigenen Store entfernt - nun folgt auch das 5K Modell. Schafft Apple Platz f\u00fcr einen eigenen Bildschirm?","og_url":"https:\/\/www.apfelpatient.de\/en\/news\/more-space-for-new-selection-apple-is-now-removing-the-lg-ultrafine-5k-from-the-store","og_site_name":"Apfelpatient","article_publisher":"https:\/\/www.facebook.com\/apfelpatientOfficial","article_author":"https:\/\/www.facebook.com\/apfelpatientOfficial","article_published_time":"2019-05-09T13:28:05+00:00","article_modified_time":"2025-02-06T06:27:49+00:00","og_image":[{"width":1600,"height":1000,"url":"https:\/\/www.apfelpatient.de\/wp-content\/uploads\/2019\/05\/F1_22MD4K_02_Ultra_Clear.jpg","type":"image\/jpeg"}],"author":"Milan","twitter_card":"summary_large_image","twitter_misc":{"Written by":"Milan","Est. reading time":"1 minute"},"schema":{"@context":"https:\/\/schema.org","@graph":[{"@type":"NewsArticle","@id":"https:\/\/www.apfelpatient.de\/news\/mehr-platz-fuer-neue-auswahl-apple-entfernt-nun-auch-den-lg-ultrafine-5k-aus-dem-store#article","isPartOf":{"@id":"https:\/\/www.apfelpatient.de\/news\/mehr-platz-fuer-neue-auswahl-apple-entfernt-nun-auch-den-lg-ultrafine-5k-aus-dem-store"},"author":{"@type":"Organization","@id":"https:\/\/www.apfelpatient.de\/en\/#organization","name":"Apfelpatient","url":"https:\/\/www.apfelpatient.de\/en\/"},"headline":"Mehr Platz f\u00fcr neue Auswahl? &#8211; Apple entfernt nun auch den LG Ultrafine 5K aus dem Store\u00a0\u00a0","datePublished":"2019-05-09T13:28:05+00:00","dateModified":"2025-02-06T06:27:49+00:00","mainEntityOfPage":{"@id":"https:\/\/www.apfelpatient.de\/news\/mehr-platz-fuer-neue-auswahl-apple-entfernt-nun-auch-den-lg-ultrafine-5k-aus-dem-store"},"wordCount":217,"commentCount":0,"publisher":{"@type":"Organization","@id":"https:\/\/www.apfelpatient.de\/en\/#organization","name":"Apfelpatient","url":"https:\/\/www.apfelpatient.de\/en\/"},"image":{"@id":"https:\/\/www.apfelpatient.de\/news\/mehr-platz-fuer-neue-auswahl-apple-entfernt-nun-auch-den-lg-ultrafine-5k-aus-dem-store#primaryimage"},"thumbnailUrl":"https:\/\/www.apfelpatient.de\/wp-content\/uploads\/2019\/05\/F1_22MD4K_02_Ultra_Clear.jpg","keywords":["Apple Display","Mac","TechPatient"],"articleSection":"News","inLanguage":"en-US","potentialAction":[{"@type":"CommentAction","name":"Comment","target":["https:\/\/www.apfelpatient.de\/news\/mehr-platz-fuer-neue-auswahl-apple-entfernt-nun-auch-den-lg-ultrafine-5k-aus-dem-store#respond"]}],"copyrightYear":"2019","copyrightHolder":{"@id":"https:\/\/www.apfelpatient.de\/en\/#organization"}},{"@type":"WebPage","@id":"https:\/\/www.apfelpatient.de\/news\/mehr-platz-fuer-neue-auswahl-apple-entfernt-nun-auch-den-lg-ultrafine-5k-aus-dem-store","url":"https:\/\/www.apfelpatient.de\/news\/mehr-platz-fuer-neue-auswahl-apple-entfernt-nun-auch-den-lg-ultrafine-5k-aus-dem-store","name":"More space for new selection? - Apple now also removes the LG Ultrafine 5K from the Store Apfelpatient","isPartOf":{"@id":"https:\/\/www.apfelpatient.de\/#website"},"primaryImageOfPage":{"@id":"https:\/\/www.apfelpatient.de\/news\/mehr-platz-fuer-neue-auswahl-apple-entfernt-nun-auch-den-lg-ultrafine-5k-aus-dem-store#primaryimage"},"image":{"@id":"https:\/\/www.apfelpatient.de\/news\/mehr-platz-fuer-neue-auswahl-apple-entfernt-nun-auch-den-lg-ultrafine-5k-aus-dem-store#primaryimage"},"thumbnailUrl":"https:\/\/www.apfelpatient.de\/wp-content\/uploads\/2019\/05\/F1_22MD4K_02_Ultra_Clear.jpg","datePublished":"2019-05-09T13:28:05+00:00","dateModified":"2025-02-06T06:27:49+00:00","description":"- Around three weeks ago, Apple removed the LG Ultrafine 4K monitor from its own store - now the 5K model is following suit. Is Apple making room for its own screen?","breadcrumb":{"@id":"https:\/\/www.apfelpatient.de\/news\/mehr-platz-fuer-neue-auswahl-apple-entfernt-nun-auch-den-lg-ultrafine-5k-aus-dem-store#breadcrumb"},"inLanguage":"en-US","potentialAction":[{"@type":"ReadAction","target":["https:\/\/www.apfelpatient.de\/news\/mehr-platz-fuer-neue-auswahl-apple-entfernt-nun-auch-den-lg-ultrafine-5k-aus-dem-store"]}]},{"@type":"ImageObject","inLanguage":"en-US","@id":"https:\/\/www.apfelpatient.de\/news\/mehr-platz-fuer-neue-auswahl-apple-entfernt-nun-auch-den-lg-ultrafine-5k-aus-dem-store#primaryimage","url":"https:\/\/www.apfelpatient.de\/wp-content\/uploads\/2019\/05\/F1_22MD4K_02_Ultra_Clear.jpg","contentUrl":"https:\/\/www.apfelpatient.de\/wp-content\/uploads\/2019\/05\/F1_22MD4K_02_Ultra_Clear.jpg","width":1600,"height":1000,"caption":"Bild: LG"},{"@type":"BreadcrumbList","@id":"https:\/\/www.apfelpatient.de\/news\/mehr-platz-fuer-neue-auswahl-apple-entfernt-nun-auch-den-lg-ultrafine-5k-aus-dem-store#breadcrumb","itemListElement":[{"@type":"ListItem","position":1,"name":"Startseite","item":"https:\/\/www.apfelpatient.de\/"},{"@type":"ListItem","position":2,"name":"Mehr Platz f\u00fcr neue Auswahl? &#8211; Apple entfernt nun auch den LG Ultrafine 5K aus dem Store\u00a0\u00a0"}]},{"@type":"WebSite","@id":"https:\/\/www.apfelpatient.de\/#website","url":"https:\/\/www.apfelpatient.de\/","name":"apple patient","description":"Everything about Apple!","publisher":{"@type":"Organization","@id":"https:\/\/www.apfelpatient.de\/en\/#organization","name":"Apfelpatient","url":"https:\/\/www.apfelpatient.de\/en\/"},"alternateName":"Apfelpatient","potentialAction":[{"@type":"SearchAction","target":{"@type":"EntryPoint","urlTemplate":"https:\/\/www.apfelpatient.de\/?s={search_term_string}"},"query-input":{"@type":"PropertyValueSpecification","valueRequired":true,"valueName":"search_term_string"}}],"inLanguage":"en-US"},{"@type":["Person","Organization"],"@id":"https:\/\/www.apfelpatient.de\/#\/schema\/person\/35b3ddba5832f2bfc7fff5206d4f6b7b","name":"Milan","logo":{"@id":"https:\/\/www.apfelpatient.de\/#\/schema\/person\/image\/"},"description":"Hello and welcome to my technology blog! As a big Apple fan, I report on everything to do with Apple: from the latest news and exciting rumors to helpful tips and tricks and detailed product tests. If you are as enthusiastic about technology as I am, you have come to the right place!","sameAs":["https:\/\/www.facebook.com\/apfelpatientOfficial","https:\/\/www.linkedin.com\/in\/milan-jovicic-42aa0231b"],"url":"https:\/\/www.apfelpatient.de\/en\/author\/apfeladmin"}]}},"_links":{"self":[{"href":"https:\/\/www.apfelpatient.de\/en\/wp-json\/wp\/v2\/posts\/4276","targetHints":{"allow":["GET"]}}],"collection":[{"href":"https:\/\/www.apfelpatient.de\/en\/wp-json\/wp\/v2\/posts"}],"about":[{"href":"https:\/\/www.apfelpatient.de\/en\/wp-json\/wp\/v2\/types\/post"}],"author":[{"embeddable":true,"href":"https:\/\/www.apfelpatient.de\/en\/wp-json\/wp\/v2\/users\/2"}],"replies":[{"embeddable":true,"href":"https:\/\/www.apfelpatient.de\/en\/wp-json\/wp\/v2\/comments?post=4276"}],"version-history":[{"count":0,"href":"https:\/\/www.apfelpatient.de\/en\/wp-json\/wp\/v2\/posts\/4276\/revisions"}],"wp:featuredmedia":[{"embeddable":true,"href":"https:\/\/www.apfelpatient.de\/en\/wp-json\/wp\/v2\/media\/4280"}],"wp:attachment":[{"href":"https:\/\/www.apfelpatient.de\/en\/wp-json\/wp\/v2\/media?parent=4276"}],"wp:term":[{"taxonomy":"category","embeddable":true,"href":"https:\/\/www.apfelpatient.de\/en\/wp-json\/wp\/v2\/categories?post=4276"},{"taxonomy":"post_tag","embeddable":true,"href":"https:\/\/www.apfelpatient.de\/en\/wp-json\/wp\/v2\/tags?post=4276"}],"curies":[{"name":"wp","href":"https:\/\/api.w.org\/{rel}","templated":true}]}}