{"id":4274,"date":"2019-05-08T22:06:55","date_gmt":"2019-05-08T20:06:55","guid":{"rendered":"https:\/\/www.apfelpatient.de\/?p=4274"},"modified":"2025-02-06T07:29:47","modified_gmt":"2025-02-06T06:29:47","slug":"airpods-3-are-said-to-be-more-expensive","status":"publish","type":"post","link":"https:\/\/www.apfelpatient.de\/en\/rumors\/airpods-3-sollen-angeblich-teurer-werden","title":{"rendered":"AirPods 3 are said to be more expensive\u00a0\u00a0"},"content":{"rendered":"<p><strong>At the end of April, the media was all over the place, saying that the third generation of AirPods would be released this fall - various platforms cited different sources. Now there is new information regarding the price and features of the AirPods 3 - they are getting more expensive!<\/strong><\/p>\n<p>Observers and analysts continue to assume that Apple will introduce another model of AirPods this year \u2013 it will be available alongside the second generation of AirPods. According to a recent report by Digitimes, the price will be significantly higher than the current <a href=\"https:\/\/www.apfelpatient.de\/en\">229 Euro version<\/a> An exact amount was not given, but according to the platform, the information comes from suppliers.<\/p>\n<p class=\"p1\"><\/p>\n<p>The difference to the current generation is said to be, among other things, the form factor - the most important innovation will be the long-awaited noise cancellation - according to Digitimes.<\/p>\n<p><strong>In circulation since the beginning of April<\/strong><\/p>\n<p>It remains to be seen whether this improvement justifies a significantly higher price. Bloomberg first reported on the AirPods 3 at the beginning of April. The news channel claims to have learned at the time that Apple is already working on the third generation of the popular earbuds - the focus is said to be on noise cancellation and waterproofing. There were similar reports in 2018, according to which the AirPods 2 would have had such improvements. <a href=\"https:\/\/www.apfelpatient.de\/en\">These are the best AirPods alternatives for iPhone, iPad, Apple Watch &amp; Co.<\/a><\/p>","protected":false},"excerpt":{"rendered":"<p>Ende April \u00fcberschlugen sich die Medien, wonach die dritte Generation der AirPods noch diesen Herbst erscheinen soll \u2013 diverse Plattformen haben sich dabei auf unterschiedliche Quellen berufen. Nun gibt es neuen Stoff im Bezug auf Preis und Ausstattung der AirPods 3 &#8211; sie werden teurer! Beobachter sowie Analysten gehen weiterhin davon aus, dass Apple noch [&hellip;]<\/p>\n","protected":false},"author":2,"featured_media":3316,"comment_status":"open","ping_status":"open","sticky":false,"template":"","format":"standard","meta":{"jnews-multi-image_gallery":[],"jnews_single_post":[],"jnews_primary_category":[],"footnotes":""},"categories":[25],"tags":[28,31,255],"class_list":["post-4274","post","type-post","status-publish","format-standard","has-post-thumbnail","hentry","category-rumors","tag-airpods","tag-airpods-2","tag-airpods-3"],"yoast_head":"<!-- This site is optimized with the Yoast SEO Premium plugin v27.5 (Yoast SEO v27.5) - https:\/\/yoast.com\/product\/yoast-seo-premium-wordpress\/ -->\n<title>AirPods 3 sollen angeblich teurer werden\u00a0\u00a0 Apfelpatient<\/title>\n<meta name=\"description\" content=\"- Ende April \u00fcberschlugen sich die Medien, wonach die dritte Generation der AirPods noch diesen Herbst erscheinen soll \u2013 diverse Plattformen haben sich dabei auf unterschiedliche Quellen berufen. Nun gibt es neuen Stoff im Bezug auf Preis und Ausstattung der AirPods 3 - sie werden teurer!\" \/>\n<meta name=\"robots\" content=\"index, follow, max-snippet:-1, max-image-preview:large, max-video-preview:-1\" \/>\n<link rel=\"canonical\" href=\"https:\/\/www.apfelpatient.de\/en\/rumors\/airpods-3-are-said-to-be-more-expensive\" \/>\n<meta property=\"og:locale\" content=\"en_US\" \/>\n<meta property=\"og:type\" content=\"article\" \/>\n<meta property=\"og:title\" content=\"AirPods 3 sollen angeblich teurer werden\u00a0\u00a0\" \/>\n<meta property=\"og:description\" content=\"- Ende April \u00fcberschlugen sich die Medien, wonach die dritte Generation der AirPods noch diesen Herbst erscheinen soll \u2013 diverse Plattformen haben sich dabei auf unterschiedliche Quellen berufen. Nun gibt es neuen Stoff im Bezug auf Preis und Ausstattung der AirPods 3 - sie werden teurer!\" \/>\n<meta property=\"og:url\" content=\"https:\/\/www.apfelpatient.de\/en\/rumors\/airpods-3-are-said-to-be-more-expensive\" \/>\n<meta property=\"og:site_name\" content=\"Apfelpatient\" \/>\n<meta property=\"article:publisher\" content=\"https:\/\/www.facebook.com\/apfelpatientOfficial\" \/>\n<meta property=\"article:author\" content=\"https:\/\/www.facebook.com\/apfelpatientOfficial\" \/>\n<meta property=\"article:published_time\" content=\"2019-05-08T20:06:55+00:00\" \/>\n<meta property=\"article:modified_time\" content=\"2025-02-06T06:29:47+00:00\" \/>\n<meta property=\"og:image\" content=\"https:\/\/www.apfelpatient.de\/wp-content\/uploads\/2019\/01\/kyle-loftus-983120-unsplash.jpg\" \/>\n\t<meta property=\"og:image:width\" content=\"2792\" \/>\n\t<meta property=\"og:image:height\" content=\"1861\" \/>\n\t<meta property=\"og:image:type\" content=\"image\/jpeg\" \/>\n<meta name=\"author\" content=\"Milan\" \/>\n<meta name=\"twitter:card\" content=\"summary_large_image\" \/>\n<meta name=\"twitter:label1\" content=\"Written by\" \/>\n\t<meta name=\"twitter:data1\" content=\"Milan\" \/>\n\t<meta name=\"twitter:label2\" content=\"Est. reading time\" \/>\n\t<meta name=\"twitter:data2\" content=\"1 minute\" \/>\n<script type=\"application\/ld+json\" class=\"yoast-schema-graph\">{\"@context\":\"https:\\\/\\\/schema.org\",\"@graph\":[{\"@type\":\"NewsArticle\",\"@id\":\"https:\\\/\\\/www.apfelpatient.de\\\/rumors\\\/airpods-3-sollen-angeblich-teurer-werden#article\",\"isPartOf\":{\"@id\":\"https:\\\/\\\/www.apfelpatient.de\\\/rumors\\\/airpods-3-sollen-angeblich-teurer-werden\"},\"author\":{\"@type\":\"Organization\",\"@id\":\"https:\\\/\\\/www.apfelpatient.de\\\/en\\\/#organization\",\"name\":\"Apfelpatient\",\"url\":\"https:\\\/\\\/www.apfelpatient.de\\\/en\\\/\"},\"headline\":\"AirPods 3 sollen angeblich teurer werden\u00a0\u00a0\",\"datePublished\":\"2019-05-08T20:06:55+00:00\",\"dateModified\":\"2025-02-06T06:29:47+00:00\",\"mainEntityOfPage\":{\"@id\":\"https:\\\/\\\/www.apfelpatient.de\\\/rumors\\\/airpods-3-sollen-angeblich-teurer-werden\"},\"wordCount\":223,\"commentCount\":0,\"publisher\":{\"@type\":\"Organization\",\"@id\":\"https:\\\/\\\/www.apfelpatient.de\\\/en\\\/#organization\",\"name\":\"Apfelpatient\",\"url\":\"https:\\\/\\\/www.apfelpatient.de\\\/en\\\/\"},\"image\":{\"@id\":\"https:\\\/\\\/www.apfelpatient.de\\\/rumors\\\/airpods-3-sollen-angeblich-teurer-werden#primaryimage\"},\"thumbnailUrl\":\"https:\\\/\\\/www.apfelpatient.de\\\/wp-content\\\/uploads\\\/2019\\\/01\\\/kyle-loftus-983120-unsplash.jpg\",\"keywords\":[\"AirPods\",\"AirPods 2\",\"AirPods 3\"],\"articleSection\":\"Rumors\",\"inLanguage\":\"en-US\",\"potentialAction\":[{\"@type\":\"CommentAction\",\"name\":\"Comment\",\"target\":[\"https:\\\/\\\/www.apfelpatient.de\\\/rumors\\\/airpods-3-sollen-angeblich-teurer-werden#respond\"]}],\"copyrightYear\":\"2019\",\"copyrightHolder\":{\"@id\":\"https:\\\/\\\/www.apfelpatient.de\\\/en\\\/#organization\"}},{\"@type\":\"WebPage\",\"@id\":\"https:\\\/\\\/www.apfelpatient.de\\\/rumors\\\/airpods-3-sollen-angeblich-teurer-werden\",\"url\":\"https:\\\/\\\/www.apfelpatient.de\\\/rumors\\\/airpods-3-sollen-angeblich-teurer-werden\",\"name\":\"AirPods 3 sollen angeblich teurer werden\u00a0\u00a0 Apfelpatient\",\"isPartOf\":{\"@id\":\"https:\\\/\\\/www.apfelpatient.de\\\/#website\"},\"primaryImageOfPage\":{\"@id\":\"https:\\\/\\\/www.apfelpatient.de\\\/rumors\\\/airpods-3-sollen-angeblich-teurer-werden#primaryimage\"},\"image\":{\"@id\":\"https:\\\/\\\/www.apfelpatient.de\\\/rumors\\\/airpods-3-sollen-angeblich-teurer-werden#primaryimage\"},\"thumbnailUrl\":\"https:\\\/\\\/www.apfelpatient.de\\\/wp-content\\\/uploads\\\/2019\\\/01\\\/kyle-loftus-983120-unsplash.jpg\",\"datePublished\":\"2019-05-08T20:06:55+00:00\",\"dateModified\":\"2025-02-06T06:29:47+00:00\",\"description\":\"- Ende April \u00fcberschlugen sich die Medien, wonach die dritte Generation der AirPods noch diesen Herbst erscheinen soll \u2013 diverse Plattformen haben sich dabei auf unterschiedliche Quellen berufen. Nun gibt es neuen Stoff im Bezug auf Preis und Ausstattung der AirPods 3 - sie werden teurer!\",\"breadcrumb\":{\"@id\":\"https:\\\/\\\/www.apfelpatient.de\\\/rumors\\\/airpods-3-sollen-angeblich-teurer-werden#breadcrumb\"},\"inLanguage\":\"en-US\",\"potentialAction\":[{\"@type\":\"ReadAction\",\"target\":[\"https:\\\/\\\/www.apfelpatient.de\\\/rumors\\\/airpods-3-sollen-angeblich-teurer-werden\"]}]},{\"@type\":\"ImageObject\",\"inLanguage\":\"en-US\",\"@id\":\"https:\\\/\\\/www.apfelpatient.de\\\/rumors\\\/airpods-3-sollen-angeblich-teurer-werden#primaryimage\",\"url\":\"https:\\\/\\\/www.apfelpatient.de\\\/wp-content\\\/uploads\\\/2019\\\/01\\\/kyle-loftus-983120-unsplash.jpg\",\"contentUrl\":\"https:\\\/\\\/www.apfelpatient.de\\\/wp-content\\\/uploads\\\/2019\\\/01\\\/kyle-loftus-983120-unsplash.jpg\",\"width\":2792,\"height\":1861,\"caption\":\"Photo by Unsplash\"},{\"@type\":\"BreadcrumbList\",\"@id\":\"https:\\\/\\\/www.apfelpatient.de\\\/rumors\\\/airpods-3-sollen-angeblich-teurer-werden#breadcrumb\",\"itemListElement\":[{\"@type\":\"ListItem\",\"position\":1,\"name\":\"Startseite\",\"item\":\"https:\\\/\\\/www.apfelpatient.de\\\/\"},{\"@type\":\"ListItem\",\"position\":2,\"name\":\"AirPods 3 sollen angeblich teurer werden\u00a0\u00a0\"}]},{\"@type\":\"WebSite\",\"@id\":\"https:\\\/\\\/www.apfelpatient.de\\\/#website\",\"url\":\"https:\\\/\\\/www.apfelpatient.de\\\/\",\"name\":\"Apfelpatient\",\"description\":\"Alles rund um Apple!\",\"publisher\":{\"@type\":\"Organization\",\"@id\":\"https:\\\/\\\/www.apfelpatient.de\\\/en\\\/#organization\",\"name\":\"Apfelpatient\",\"url\":\"https:\\\/\\\/www.apfelpatient.de\\\/en\\\/\"},\"alternateName\":\"Apfelpatient\",\"potentialAction\":[{\"@type\":\"SearchAction\",\"target\":{\"@type\":\"EntryPoint\",\"urlTemplate\":\"https:\\\/\\\/www.apfelpatient.de\\\/?s={search_term_string}\"},\"query-input\":{\"@type\":\"PropertyValueSpecification\",\"valueRequired\":true,\"valueName\":\"search_term_string\"}}],\"inLanguage\":\"en-US\"},{\"@type\":[\"Person\",\"Organization\"],\"@id\":\"https:\\\/\\\/www.apfelpatient.de\\\/#\\\/schema\\\/person\\\/35b3ddba5832f2bfc7fff5206d4f6b7b\",\"name\":\"Milan\",\"logo\":{\"@id\":\"https:\\\/\\\/www.apfelpatient.de\\\/#\\\/schema\\\/person\\\/image\\\/\"},\"description\":\"Hallo und herzlich willkommen auf meinem Technik-Blog! Als gro\u00dfer Apple-Fan berichte ich hier \u00fcber alles, was mit Apple zu tun hat: von den neuesten News und spannenden Ger\u00fcchten \u00fcber hilfreiche Tipps und Tricks bis hin zu ausf\u00fchrlichen Produkttests. Wenn du genauso technikbegeistert bist wie ich, bist du hier genau richtig!\",\"sameAs\":[\"https:\\\/\\\/www.facebook.com\\\/apfelpatientOfficial\",\"https:\\\/\\\/www.linkedin.com\\\/in\\\/milan-jovicic-42aa0231b\"],\"url\":\"https:\\\/\\\/www.apfelpatient.de\\\/en\\\/author\\\/apfeladmin\"}]}<\/script>\n<!-- \/ Yoast SEO Premium plugin. -->","yoast_head_json":{"title":"AirPods 3 are said to be more expensive Apfelpatient","description":"- At the end of April, the media was all over the place, saying that the third generation of AirPods would be released this fall - various platforms cited different sources. Now there is new information regarding the price and features of the AirPods 3 - they are getting more expensive!","robots":{"index":"index","follow":"follow","max-snippet":"max-snippet:-1","max-image-preview":"max-image-preview:large","max-video-preview":"max-video-preview:-1"},"canonical":"https:\/\/www.apfelpatient.de\/en\/rumors\/airpods-3-are-said-to-be-more-expensive","og_locale":"en_US","og_type":"article","og_title":"AirPods 3 sollen angeblich teurer werden\u00a0\u00a0","og_description":"- Ende April \u00fcberschlugen sich die Medien, wonach die dritte Generation der AirPods noch diesen Herbst erscheinen soll \u2013 diverse Plattformen haben sich dabei auf unterschiedliche Quellen berufen. Nun gibt es neuen Stoff im Bezug auf Preis und Ausstattung der AirPods 3 - sie werden teurer!","og_url":"https:\/\/www.apfelpatient.de\/en\/rumors\/airpods-3-are-said-to-be-more-expensive","og_site_name":"Apfelpatient","article_publisher":"https:\/\/www.facebook.com\/apfelpatientOfficial","article_author":"https:\/\/www.facebook.com\/apfelpatientOfficial","article_published_time":"2019-05-08T20:06:55+00:00","article_modified_time":"2025-02-06T06:29:47+00:00","og_image":[{"width":2792,"height":1861,"url":"https:\/\/www.apfelpatient.de\/wp-content\/uploads\/2019\/01\/kyle-loftus-983120-unsplash.jpg","type":"image\/jpeg"}],"author":"Milan","twitter_card":"summary_large_image","twitter_misc":{"Written by":"Milan","Est. reading time":"1 minute"},"schema":{"@context":"https:\/\/schema.org","@graph":[{"@type":"NewsArticle","@id":"https:\/\/www.apfelpatient.de\/rumors\/airpods-3-sollen-angeblich-teurer-werden#article","isPartOf":{"@id":"https:\/\/www.apfelpatient.de\/rumors\/airpods-3-sollen-angeblich-teurer-werden"},"author":{"@type":"Organization","@id":"https:\/\/www.apfelpatient.de\/en\/#organization","name":"Apfelpatient","url":"https:\/\/www.apfelpatient.de\/en\/"},"headline":"AirPods 3 sollen angeblich teurer werden\u00a0\u00a0","datePublished":"2019-05-08T20:06:55+00:00","dateModified":"2025-02-06T06:29:47+00:00","mainEntityOfPage":{"@id":"https:\/\/www.apfelpatient.de\/rumors\/airpods-3-sollen-angeblich-teurer-werden"},"wordCount":223,"commentCount":0,"publisher":{"@type":"Organization","@id":"https:\/\/www.apfelpatient.de\/en\/#organization","name":"Apfelpatient","url":"https:\/\/www.apfelpatient.de\/en\/"},"image":{"@id":"https:\/\/www.apfelpatient.de\/rumors\/airpods-3-sollen-angeblich-teurer-werden#primaryimage"},"thumbnailUrl":"https:\/\/www.apfelpatient.de\/wp-content\/uploads\/2019\/01\/kyle-loftus-983120-unsplash.jpg","keywords":["AirPods","AirPods 2","AirPods 3"],"articleSection":"Rumors","inLanguage":"en-US","potentialAction":[{"@type":"CommentAction","name":"Comment","target":["https:\/\/www.apfelpatient.de\/rumors\/airpods-3-sollen-angeblich-teurer-werden#respond"]}],"copyrightYear":"2019","copyrightHolder":{"@id":"https:\/\/www.apfelpatient.de\/en\/#organization"}},{"@type":"WebPage","@id":"https:\/\/www.apfelpatient.de\/rumors\/airpods-3-sollen-angeblich-teurer-werden","url":"https:\/\/www.apfelpatient.de\/rumors\/airpods-3-sollen-angeblich-teurer-werden","name":"AirPods 3 are said to be more expensive Apfelpatient","isPartOf":{"@id":"https:\/\/www.apfelpatient.de\/#website"},"primaryImageOfPage":{"@id":"https:\/\/www.apfelpatient.de\/rumors\/airpods-3-sollen-angeblich-teurer-werden#primaryimage"},"image":{"@id":"https:\/\/www.apfelpatient.de\/rumors\/airpods-3-sollen-angeblich-teurer-werden#primaryimage"},"thumbnailUrl":"https:\/\/www.apfelpatient.de\/wp-content\/uploads\/2019\/01\/kyle-loftus-983120-unsplash.jpg","datePublished":"2019-05-08T20:06:55+00:00","dateModified":"2025-02-06T06:29:47+00:00","description":"- At the end of April, the media was all over the place, saying that the third generation of AirPods would be released this fall - various platforms cited different sources. Now there is new information regarding the price and features of the AirPods 3 - they are getting more expensive!","breadcrumb":{"@id":"https:\/\/www.apfelpatient.de\/rumors\/airpods-3-sollen-angeblich-teurer-werden#breadcrumb"},"inLanguage":"en-US","potentialAction":[{"@type":"ReadAction","target":["https:\/\/www.apfelpatient.de\/rumors\/airpods-3-sollen-angeblich-teurer-werden"]}]},{"@type":"ImageObject","inLanguage":"en-US","@id":"https:\/\/www.apfelpatient.de\/rumors\/airpods-3-sollen-angeblich-teurer-werden#primaryimage","url":"https:\/\/www.apfelpatient.de\/wp-content\/uploads\/2019\/01\/kyle-loftus-983120-unsplash.jpg","contentUrl":"https:\/\/www.apfelpatient.de\/wp-content\/uploads\/2019\/01\/kyle-loftus-983120-unsplash.jpg","width":2792,"height":1861,"caption":"Photo by Unsplash"},{"@type":"BreadcrumbList","@id":"https:\/\/www.apfelpatient.de\/rumors\/airpods-3-sollen-angeblich-teurer-werden#breadcrumb","itemListElement":[{"@type":"ListItem","position":1,"name":"Startseite","item":"https:\/\/www.apfelpatient.de\/"},{"@type":"ListItem","position":2,"name":"AirPods 3 sollen angeblich teurer werden\u00a0\u00a0"}]},{"@type":"WebSite","@id":"https:\/\/www.apfelpatient.de\/#website","url":"https:\/\/www.apfelpatient.de\/","name":"apple patient","description":"Everything about Apple!","publisher":{"@type":"Organization","@id":"https:\/\/www.apfelpatient.de\/en\/#organization","name":"Apfelpatient","url":"https:\/\/www.apfelpatient.de\/en\/"},"alternateName":"Apfelpatient","potentialAction":[{"@type":"SearchAction","target":{"@type":"EntryPoint","urlTemplate":"https:\/\/www.apfelpatient.de\/?s={search_term_string}"},"query-input":{"@type":"PropertyValueSpecification","valueRequired":true,"valueName":"search_term_string"}}],"inLanguage":"en-US"},{"@type":["Person","Organization"],"@id":"https:\/\/www.apfelpatient.de\/#\/schema\/person\/35b3ddba5832f2bfc7fff5206d4f6b7b","name":"Milan","logo":{"@id":"https:\/\/www.apfelpatient.de\/#\/schema\/person\/image\/"},"description":"Hello and welcome to my technology blog! As a big Apple fan, I report on everything to do with Apple: from the latest news and exciting rumors to helpful tips and tricks and detailed product tests. If you are as enthusiastic about technology as I am, you have come to the right place!","sameAs":["https:\/\/www.facebook.com\/apfelpatientOfficial","https:\/\/www.linkedin.com\/in\/milan-jovicic-42aa0231b"],"url":"https:\/\/www.apfelpatient.de\/en\/author\/apfeladmin"}]}},"_links":{"self":[{"href":"https:\/\/www.apfelpatient.de\/en\/wp-json\/wp\/v2\/posts\/4274","targetHints":{"allow":["GET"]}}],"collection":[{"href":"https:\/\/www.apfelpatient.de\/en\/wp-json\/wp\/v2\/posts"}],"about":[{"href":"https:\/\/www.apfelpatient.de\/en\/wp-json\/wp\/v2\/types\/post"}],"author":[{"embeddable":true,"href":"https:\/\/www.apfelpatient.de\/en\/wp-json\/wp\/v2\/users\/2"}],"replies":[{"embeddable":true,"href":"https:\/\/www.apfelpatient.de\/en\/wp-json\/wp\/v2\/comments?post=4274"}],"version-history":[{"count":0,"href":"https:\/\/www.apfelpatient.de\/en\/wp-json\/wp\/v2\/posts\/4274\/revisions"}],"wp:featuredmedia":[{"embeddable":true,"href":"https:\/\/www.apfelpatient.de\/en\/wp-json\/wp\/v2\/media\/3316"}],"wp:attachment":[{"href":"https:\/\/www.apfelpatient.de\/en\/wp-json\/wp\/v2\/media?parent=4274"}],"wp:term":[{"taxonomy":"category","embeddable":true,"href":"https:\/\/www.apfelpatient.de\/en\/wp-json\/wp\/v2\/categories?post=4274"},{"taxonomy":"post_tag","embeddable":true,"href":"https:\/\/www.apfelpatient.de\/en\/wp-json\/wp\/v2\/tags?post=4274"}],"curies":[{"name":"wp","href":"https:\/\/api.w.org\/{rel}","templated":true}]}}