{"id":42586,"date":"2024-03-26T15:52:35","date_gmt":"2024-03-26T14:52:35","guid":{"rendered":"https:\/\/www.apfelpatient.de\/?p=42586"},"modified":"2024-03-26T15:52:36","modified_gmt":"2024-03-26T14:52:36","slug":"iphone-16-pro-rumors-apple-plans-two-new-color-options","status":"publish","type":"post","link":"https:\/\/www.apfelpatient.de\/en\/rumors\/iphone-16-pro-geruechte-apple-plant-zwei-neue-farboptionen","title":{"rendered":"iPhone 16 Pro rumors: Apple plans two new color options"},"content":{"rendered":"<p class=\"has-drop-cap\"><strong>The world of technology never stands still, especially at Apple. Every year, the fan community eagerly awaits the announcement of the latest iPhone models, and this year is no exception. The focus of this article is the iPhone 16 Pro, a device that promises to shine not only with impressive technology but also with new, stunning colors.<\/strong><\/p>\n\n\n\n<p>Before we go into depth, let&#039;s pause for a moment and think about what the color of a smartphone means to us. It&#039;s not just a matter of personal taste but also an expression of our individuality. Apple has understood this and traditionally offers its Pro models in a range of colors that are both elegant and unique. With the release of the iPhone 16 Pro, Apple seems to be continuing this tradition with a touch of innovation.<\/p>\n\n\n\n<h3 class=\"wp-block-heading\" id=\"h-neue-farbpaletten-space-black-und-rose\">New color palettes: \u201cSpace Black\u201d and \u201cRose\u201d<\/h3>\n\n\n\n<p>The latest rumors suggest that the iPhone 16 Pro will come in the fascinating new colors \u201cSpace Black\u201d and \u201cRose\u201d. This information comes from a <a href=\"https:\/\/twitter.com\/VNchocoTaco\/status\/1772522408144191732?s=20\" target=\"_blank\" rel=\"noreferrer noopener\">post<\/a> on Weibo, which was shared by the well-known leaker ShrimpApplePro on X (formerly Twitter). &quot;Space Black&quot; is said to be based on the color of the same name of the iPhone 14 Pro, while &quot;Rose&quot; takes a completely new direction and replaces the previous &quot;Blue Titanium&quot; option.<\/p>\n\n\n\n<h3 class=\"wp-block-heading\" id=\"h-die-bedeutung-von-farben\">The Meaning of Colors<\/h3>\n\n\n\n<p>The decision to replace \u201cBlack Titanium\u201d with \u201cSpace Black\u201d and \u201cBlue Titanium\u201d with \u201cRose\u201d is notable. It signals a move away from cool tones towards a warmer and deeper color spectrum. Particularly interesting is the idea of \u201cRose,\u201d a color that potentially fills the gap left by the lack of a gold option in the iPhone 15 Pro series. This could suggest that with \u201cRose,\u201d Apple is offering a titanium-colored interpretation of a gold-like hue.<\/p>\n\n\n\n<h3 class=\"wp-block-heading\" id=\"h-iphone-16-pro-geruchte-und-prognosen\">iPhone 16 Pro: Rumors and Predictions<\/h3>\n\n\n\n<p>It is worth noting that the origin of these rumors, the Weibo user, has not yet been verified by established sources such as Mark Gurman. As for ShrimpApplePro, he has proven his reliability in the past by correctly predicting the introduction of the &quot;Purple&quot; color on the iPhone 14 Pro. In addition, there have already been speculations about other color options such as &quot;Desert Titanium&quot; and &quot;Titanium Gray&quot;, which further underlines the variety and innovation that Apple brings to its color palette.<\/p>\n\n\n\n<h3 class=\"wp-block-heading\" id=\"h-apple-eleganz-trifft-technologie\">Apple: Elegance meets technology<\/h3>\n\n\n\n\n\n\n\n<p>The iPhone 16 Pro promises to usher in a new era in the world of smartphone aesthetics. With the expected launch of &quot;Space Black&quot; and &quot;Rose,&quot; Apple could once again set trends and prove that technology and beauty can go hand in hand. While we eagerly await the official announcement, we can only speculate and look forward to the potential beauty and elegance of these new devices. Let&#039;s hope that the rumors are true and we can get our hands on these stunning new colors in September. (Photo by Unsplash \/ Rohan)<\/p>\n\n\n\n<ul class=\"wp-block-list\">\n<li><a href=\"https:\/\/www.apfelpatient.de\/en\/rumors\/iphone-16-pro-foray-into-the-ai-world-with-the-a18-pro-chip\">iPhone 16 Pro: Foray into the AI world with the A18 Pro chip<\/a><\/li>\n<\/ul>\n\n\n\n<h6 class=\"wp-block-heading translation-block\" id=\"h-kennt-ihr-schon-unsere-amazon-storefront-dort-findet-ihr-eine-handverlesene-auswahl-von-diversen-produkten-f-r-euer-iphone-und-co-viel-spa-beim-st-bern\"><em>Have you already visited our Amazon Storefront? There you&#039;ll find a hand-picked selection of various products for your iPhone and other devices \u2013 <span class=\"has-inline-color has-vivid-red-color\"><a href=\"https:\/\/www.amazon.de\/shop\/apfelpatientofficial\" class=\"ek-link\" data-wpel-link=\"exclude\" rel=\"follow noopener\" target=\"_self\"><span style=\"text-decoration: underline\" class=\"ek-underline\">enjoy browsing<\/span><\/a> !<\/span><\/em><\/h6>\n\n\n\n<h6 class=\"wp-block-heading translation-block\" id=\"h-der-beitrag-enthalt-partnerlinks\">This post contains <a data-type=\"URL\" data-id=\"https:\/\/www.apfelpatient.de\/partnerprogramm\" href=\"https:\/\/www.apfelpatient.de\/en\/partner-program\" data-wpel-link=\"internal\" target=\"_self\">affiliate links<\/a>.<\/h6>","protected":false},"excerpt":{"rendered":"<p>Ready for a color surprise? iPhone 16 Pro could shine in two new shades. Find out more about the rumors and the possible colors.<\/p>","protected":false},"author":2,"featured_media":42589,"comment_status":"closed","ping_status":"closed","sticky":false,"template":"","format":"standard","meta":{"jnews-multi-image_gallery":[],"jnews_single_post":{"subtitle":"","format":"standard","video":"","gallery":"","source_name":"","source_url":"","via_name":"","via_url":"","override_template":"0","override":[{"template":"4","single_blog_custom":"","parallax":"1","fullscreen":"1","layout":"right-sidebar","sidebar":"default-sidebar","second_sidebar":"default-sidebar","sticky_sidebar":"1","share_position":"top","share_float_style":"share-monocrhome","show_share_counter":"1","show_view_counter":"1","show_featured":"1","show_post_meta":"1","show_post_author":"1","show_post_author_image":"1","show_post_date":"1","post_date_format":"default","post_date_format_custom":"Y\/m\/d","show_post_category":"1","show_post_reading_time":"0","post_reading_time_wpm":"300","show_zoom_button":"0","zoom_button_out_step":"2","zoom_button_in_step":"3","show_post_tag":"1","show_prev_next_post":"1","show_popup_post":"1","number_popup_post":"1","show_author_box":"0","show_post_related":"0","show_inline_post_related":"0"}],"override_image_size":"0","image_override":[{"single_post_thumbnail_size":"crop-500","single_post_gallery_size":"crop-500"}],"trending_post":"0","trending_post_position":"meta","trending_post_label":"Trending","sponsored_post":"0","sponsored_post_label":"Sponsored by","sponsored_post_name":"","sponsored_post_url":"","sponsored_post_logo_enable":"0","sponsored_post_logo":"","sponsored_post_desc":"","disable_ad":"0"},"jnews_primary_category":{"id":"25","hide":""},"footnotes":""},"categories":[25],"tags":[8,705,657],"class_list":["post-42586","post","type-post","status-publish","format-standard","has-post-thumbnail","hentry","category-rumors","tag-iphone","tag-iphone-16","tag-iphone-2024"],"yoast_head":"<!-- This site is optimized with the Yoast SEO Premium plugin v27.5 (Yoast SEO v27.5) - https:\/\/yoast.com\/product\/yoast-seo-premium-wordpress\/ -->\n<title>iPhone 16 Pro Ger\u00fcchte: Apple plant zwei neue Farboptionen Apfelpatient<\/title>\n<meta name=\"description\" content=\"Bereit f\u00fcr eine Farb\u00fcberraschung? iPhone 16 Pro k\u00f6nnte in zwei neuen T\u00f6nen gl\u00e4nzen. Erfahre mehr \u00fcber die Ger\u00fcchte und die m\u00f6glichen Farben.\" \/>\n<meta name=\"robots\" content=\"index, follow, max-snippet:-1, max-image-preview:large, max-video-preview:-1\" \/>\n<link rel=\"canonical\" href=\"https:\/\/www.apfelpatient.de\/en\/rumors\/iphone-16-pro-rumors-apple-plans-two-new-color-options\" \/>\n<meta property=\"og:locale\" content=\"en_US\" \/>\n<meta property=\"og:type\" content=\"article\" \/>\n<meta property=\"og:title\" content=\"iPhone 16 Pro Ger\u00fcchte: Apple plant zwei neue Farboptionen\" \/>\n<meta property=\"og:description\" content=\"Bereit f\u00fcr eine Farb\u00fcberraschung? iPhone 16 Pro k\u00f6nnte in zwei neuen T\u00f6nen gl\u00e4nzen. Erfahre mehr \u00fcber die Ger\u00fcchte und die m\u00f6glichen Farben.\" \/>\n<meta property=\"og:url\" content=\"https:\/\/www.apfelpatient.de\/en\/rumors\/iphone-16-pro-rumors-apple-plans-two-new-color-options\" \/>\n<meta property=\"og:site_name\" content=\"Apfelpatient\" \/>\n<meta property=\"article:publisher\" content=\"https:\/\/www.facebook.com\/apfelpatientOfficial\" \/>\n<meta property=\"article:author\" content=\"https:\/\/www.facebook.com\/apfelpatientOfficial\" \/>\n<meta property=\"article:published_time\" content=\"2024-03-26T14:52:35+00:00\" \/>\n<meta property=\"article:modified_time\" content=\"2024-03-26T14:52:36+00:00\" \/>\n<meta property=\"og:image\" content=\"https:\/\/www.apfelpatient.de\/wp-content\/uploads\/2024\/03\/rohan-lkizfYW3ohw-unsplash.jpg\" \/>\n\t<meta property=\"og:image:width\" content=\"1600\" \/>\n\t<meta property=\"og:image:height\" content=\"1067\" \/>\n\t<meta property=\"og:image:type\" content=\"image\/jpeg\" \/>\n<meta name=\"author\" content=\"Milan\" \/>\n<meta name=\"twitter:card\" content=\"summary_large_image\" \/>\n<meta name=\"twitter:description\" content=\"Bereit f\u00fcr eine Farb\u00fcberraschung? iPhone 16 Pro k\u00f6nnte in zwei neuen T\u00f6nen gl\u00e4nzen. Erfahre mehr \u00fcber die Ger\u00fcchte und die m\u00f6glichen Farben.\" \/>\n<meta name=\"twitter:label1\" content=\"Written by\" \/>\n\t<meta name=\"twitter:data1\" content=\"Milan\" \/>\n\t<meta name=\"twitter:label2\" content=\"Est. reading time\" \/>\n\t<meta name=\"twitter:data2\" content=\"3 minutes\" \/>\n<script type=\"application\/ld+json\" class=\"yoast-schema-graph\">{\"@context\":\"https:\\\/\\\/schema.org\",\"@graph\":[{\"@type\":\"NewsArticle\",\"@id\":\"https:\\\/\\\/www.apfelpatient.de\\\/rumors\\\/iphone-16-pro-geruechte-apple-plant-zwei-neue-farboptionen#article\",\"isPartOf\":{\"@id\":\"https:\\\/\\\/www.apfelpatient.de\\\/rumors\\\/iphone-16-pro-geruechte-apple-plant-zwei-neue-farboptionen\"},\"author\":{\"@type\":\"Organization\",\"@id\":\"https:\\\/\\\/www.apfelpatient.de\\\/en\\\/#organization\",\"name\":\"Apfelpatient\",\"url\":\"https:\\\/\\\/www.apfelpatient.de\\\/en\\\/\"},\"headline\":\"iPhone 16 Pro Ger\u00fcchte: Apple plant zwei neue Farboptionen\",\"datePublished\":\"2024-03-26T14:52:35+00:00\",\"dateModified\":\"2024-03-26T14:52:36+00:00\",\"mainEntityOfPage\":{\"@id\":\"https:\\\/\\\/www.apfelpatient.de\\\/rumors\\\/iphone-16-pro-geruechte-apple-plant-zwei-neue-farboptionen\"},\"wordCount\":514,\"publisher\":{\"@type\":\"Organization\",\"@id\":\"https:\\\/\\\/www.apfelpatient.de\\\/en\\\/#organization\",\"name\":\"Apfelpatient\",\"url\":\"https:\\\/\\\/www.apfelpatient.de\\\/en\\\/\"},\"image\":{\"@id\":\"https:\\\/\\\/www.apfelpatient.de\\\/rumors\\\/iphone-16-pro-geruechte-apple-plant-zwei-neue-farboptionen#primaryimage\"},\"thumbnailUrl\":\"https:\\\/\\\/www.apfelpatient.de\\\/wp-content\\\/uploads\\\/2024\\\/03\\\/rohan-lkizfYW3ohw-unsplash.jpg\",\"keywords\":[\"iPhone\",\"iPhone 16\",\"iPhone 2024\"],\"articleSection\":\"Rumors\",\"inLanguage\":\"en-US\",\"copyrightYear\":\"2024\",\"copyrightHolder\":{\"@id\":\"https:\\\/\\\/www.apfelpatient.de\\\/en\\\/#organization\"}},{\"@type\":\"WebPage\",\"@id\":\"https:\\\/\\\/www.apfelpatient.de\\\/rumors\\\/iphone-16-pro-geruechte-apple-plant-zwei-neue-farboptionen\",\"url\":\"https:\\\/\\\/www.apfelpatient.de\\\/rumors\\\/iphone-16-pro-geruechte-apple-plant-zwei-neue-farboptionen\",\"name\":\"iPhone 16 Pro Ger\u00fcchte: Apple plant zwei neue Farboptionen Apfelpatient\",\"isPartOf\":{\"@id\":\"https:\\\/\\\/www.apfelpatient.de\\\/#website\"},\"primaryImageOfPage\":{\"@id\":\"https:\\\/\\\/www.apfelpatient.de\\\/rumors\\\/iphone-16-pro-geruechte-apple-plant-zwei-neue-farboptionen#primaryimage\"},\"image\":{\"@id\":\"https:\\\/\\\/www.apfelpatient.de\\\/rumors\\\/iphone-16-pro-geruechte-apple-plant-zwei-neue-farboptionen#primaryimage\"},\"thumbnailUrl\":\"https:\\\/\\\/www.apfelpatient.de\\\/wp-content\\\/uploads\\\/2024\\\/03\\\/rohan-lkizfYW3ohw-unsplash.jpg\",\"datePublished\":\"2024-03-26T14:52:35+00:00\",\"dateModified\":\"2024-03-26T14:52:36+00:00\",\"description\":\"Bereit f\u00fcr eine Farb\u00fcberraschung? iPhone 16 Pro k\u00f6nnte in zwei neuen T\u00f6nen gl\u00e4nzen. Erfahre mehr \u00fcber die Ger\u00fcchte und die m\u00f6glichen Farben.\",\"breadcrumb\":{\"@id\":\"https:\\\/\\\/www.apfelpatient.de\\\/rumors\\\/iphone-16-pro-geruechte-apple-plant-zwei-neue-farboptionen#breadcrumb\"},\"inLanguage\":\"en-US\",\"potentialAction\":[{\"@type\":\"ReadAction\",\"target\":[\"https:\\\/\\\/www.apfelpatient.de\\\/rumors\\\/iphone-16-pro-geruechte-apple-plant-zwei-neue-farboptionen\"]}]},{\"@type\":\"ImageObject\",\"inLanguage\":\"en-US\",\"@id\":\"https:\\\/\\\/www.apfelpatient.de\\\/rumors\\\/iphone-16-pro-geruechte-apple-plant-zwei-neue-farboptionen#primaryimage\",\"url\":\"https:\\\/\\\/www.apfelpatient.de\\\/wp-content\\\/uploads\\\/2024\\\/03\\\/rohan-lkizfYW3ohw-unsplash.jpg\",\"contentUrl\":\"https:\\\/\\\/www.apfelpatient.de\\\/wp-content\\\/uploads\\\/2024\\\/03\\\/rohan-lkizfYW3ohw-unsplash.jpg\",\"width\":1600,\"height\":1067,\"caption\":\"Photo by Unsplash \\\/ Rohan\"},{\"@type\":\"BreadcrumbList\",\"@id\":\"https:\\\/\\\/www.apfelpatient.de\\\/rumors\\\/iphone-16-pro-geruechte-apple-plant-zwei-neue-farboptionen#breadcrumb\",\"itemListElement\":[{\"@type\":\"ListItem\",\"position\":1,\"name\":\"Startseite\",\"item\":\"https:\\\/\\\/www.apfelpatient.de\\\/\"},{\"@type\":\"ListItem\",\"position\":2,\"name\":\"iPhone 16 Pro Ger\u00fcchte: Apple plant zwei neue Farboptionen\"}]},{\"@type\":\"WebSite\",\"@id\":\"https:\\\/\\\/www.apfelpatient.de\\\/#website\",\"url\":\"https:\\\/\\\/www.apfelpatient.de\\\/\",\"name\":\"Apfelpatient\",\"description\":\"Alles rund um Apple!\",\"publisher\":{\"@type\":\"Organization\",\"@id\":\"https:\\\/\\\/www.apfelpatient.de\\\/en\\\/#organization\",\"name\":\"Apfelpatient\",\"url\":\"https:\\\/\\\/www.apfelpatient.de\\\/en\\\/\"},\"alternateName\":\"Apfelpatient\",\"potentialAction\":[{\"@type\":\"SearchAction\",\"target\":{\"@type\":\"EntryPoint\",\"urlTemplate\":\"https:\\\/\\\/www.apfelpatient.de\\\/?s={search_term_string}\"},\"query-input\":{\"@type\":\"PropertyValueSpecification\",\"valueRequired\":true,\"valueName\":\"search_term_string\"}}],\"inLanguage\":\"en-US\"},{\"@type\":[\"Person\",\"Organization\"],\"@id\":\"https:\\\/\\\/www.apfelpatient.de\\\/#\\\/schema\\\/person\\\/35b3ddba5832f2bfc7fff5206d4f6b7b\",\"name\":\"Milan\",\"logo\":{\"@id\":\"https:\\\/\\\/www.apfelpatient.de\\\/#\\\/schema\\\/person\\\/image\\\/\"},\"description\":\"Hallo und herzlich willkommen auf meinem Technik-Blog! Als gro\u00dfer Apple-Fan berichte ich hier \u00fcber alles, was mit Apple zu tun hat: von den neuesten News und spannenden Ger\u00fcchten \u00fcber hilfreiche Tipps und Tricks bis hin zu ausf\u00fchrlichen Produkttests. Wenn du genauso technikbegeistert bist wie ich, bist du hier genau richtig!\",\"sameAs\":[\"https:\\\/\\\/www.facebook.com\\\/apfelpatientOfficial\",\"https:\\\/\\\/www.linkedin.com\\\/in\\\/milan-jovicic-42aa0231b\"],\"url\":\"https:\\\/\\\/www.apfelpatient.de\\\/en\\\/author\\\/apfeladmin\"}]}<\/script>\n<!-- \/ Yoast SEO Premium plugin. -->","yoast_head_json":{"title":"iPhone 16 Pro Rumors: Apple Plans Two New Color Options Apfelpatient","description":"Ready for a color surprise? iPhone 16 Pro could shine in two new shades. Find out more about the rumors and the possible colors.","robots":{"index":"index","follow":"follow","max-snippet":"max-snippet:-1","max-image-preview":"max-image-preview:large","max-video-preview":"max-video-preview:-1"},"canonical":"https:\/\/www.apfelpatient.de\/en\/rumors\/iphone-16-pro-rumors-apple-plans-two-new-color-options","og_locale":"en_US","og_type":"article","og_title":"iPhone 16 Pro Ger\u00fcchte: Apple plant zwei neue Farboptionen","og_description":"Bereit f\u00fcr eine Farb\u00fcberraschung? iPhone 16 Pro k\u00f6nnte in zwei neuen T\u00f6nen gl\u00e4nzen. Erfahre mehr \u00fcber die Ger\u00fcchte und die m\u00f6glichen Farben.","og_url":"https:\/\/www.apfelpatient.de\/en\/rumors\/iphone-16-pro-rumors-apple-plans-two-new-color-options","og_site_name":"Apfelpatient","article_publisher":"https:\/\/www.facebook.com\/apfelpatientOfficial","article_author":"https:\/\/www.facebook.com\/apfelpatientOfficial","article_published_time":"2024-03-26T14:52:35+00:00","article_modified_time":"2024-03-26T14:52:36+00:00","og_image":[{"width":1600,"height":1067,"url":"https:\/\/www.apfelpatient.de\/wp-content\/uploads\/2024\/03\/rohan-lkizfYW3ohw-unsplash.jpg","type":"image\/jpeg"}],"author":"Milan","twitter_card":"summary_large_image","twitter_description":"Bereit f\u00fcr eine Farb\u00fcberraschung? iPhone 16 Pro k\u00f6nnte in zwei neuen T\u00f6nen gl\u00e4nzen. Erfahre mehr \u00fcber die Ger\u00fcchte und die m\u00f6glichen Farben.","twitter_misc":{"Written by":"Milan","Est. reading time":"3 minutes"},"schema":{"@context":"https:\/\/schema.org","@graph":[{"@type":"NewsArticle","@id":"https:\/\/www.apfelpatient.de\/rumors\/iphone-16-pro-geruechte-apple-plant-zwei-neue-farboptionen#article","isPartOf":{"@id":"https:\/\/www.apfelpatient.de\/rumors\/iphone-16-pro-geruechte-apple-plant-zwei-neue-farboptionen"},"author":{"@type":"Organization","@id":"https:\/\/www.apfelpatient.de\/en\/#organization","name":"Apfelpatient","url":"https:\/\/www.apfelpatient.de\/en\/"},"headline":"iPhone 16 Pro Ger\u00fcchte: Apple plant zwei neue Farboptionen","datePublished":"2024-03-26T14:52:35+00:00","dateModified":"2024-03-26T14:52:36+00:00","mainEntityOfPage":{"@id":"https:\/\/www.apfelpatient.de\/rumors\/iphone-16-pro-geruechte-apple-plant-zwei-neue-farboptionen"},"wordCount":514,"publisher":{"@type":"Organization","@id":"https:\/\/www.apfelpatient.de\/en\/#organization","name":"Apfelpatient","url":"https:\/\/www.apfelpatient.de\/en\/"},"image":{"@id":"https:\/\/www.apfelpatient.de\/rumors\/iphone-16-pro-geruechte-apple-plant-zwei-neue-farboptionen#primaryimage"},"thumbnailUrl":"https:\/\/www.apfelpatient.de\/wp-content\/uploads\/2024\/03\/rohan-lkizfYW3ohw-unsplash.jpg","keywords":["iPhone","iPhone 16","iPhone 2024"],"articleSection":"Rumors","inLanguage":"en-US","copyrightYear":"2024","copyrightHolder":{"@id":"https:\/\/www.apfelpatient.de\/en\/#organization"}},{"@type":"WebPage","@id":"https:\/\/www.apfelpatient.de\/rumors\/iphone-16-pro-geruechte-apple-plant-zwei-neue-farboptionen","url":"https:\/\/www.apfelpatient.de\/rumors\/iphone-16-pro-geruechte-apple-plant-zwei-neue-farboptionen","name":"iPhone 16 Pro Rumors: Apple Plans Two New Color Options Apfelpatient","isPartOf":{"@id":"https:\/\/www.apfelpatient.de\/#website"},"primaryImageOfPage":{"@id":"https:\/\/www.apfelpatient.de\/rumors\/iphone-16-pro-geruechte-apple-plant-zwei-neue-farboptionen#primaryimage"},"image":{"@id":"https:\/\/www.apfelpatient.de\/rumors\/iphone-16-pro-geruechte-apple-plant-zwei-neue-farboptionen#primaryimage"},"thumbnailUrl":"https:\/\/www.apfelpatient.de\/wp-content\/uploads\/2024\/03\/rohan-lkizfYW3ohw-unsplash.jpg","datePublished":"2024-03-26T14:52:35+00:00","dateModified":"2024-03-26T14:52:36+00:00","description":"Ready for a color surprise? iPhone 16 Pro could shine in two new shades. Find out more about the rumors and the possible colors.","breadcrumb":{"@id":"https:\/\/www.apfelpatient.de\/rumors\/iphone-16-pro-geruechte-apple-plant-zwei-neue-farboptionen#breadcrumb"},"inLanguage":"en-US","potentialAction":[{"@type":"ReadAction","target":["https:\/\/www.apfelpatient.de\/rumors\/iphone-16-pro-geruechte-apple-plant-zwei-neue-farboptionen"]}]},{"@type":"ImageObject","inLanguage":"en-US","@id":"https:\/\/www.apfelpatient.de\/rumors\/iphone-16-pro-geruechte-apple-plant-zwei-neue-farboptionen#primaryimage","url":"https:\/\/www.apfelpatient.de\/wp-content\/uploads\/2024\/03\/rohan-lkizfYW3ohw-unsplash.jpg","contentUrl":"https:\/\/www.apfelpatient.de\/wp-content\/uploads\/2024\/03\/rohan-lkizfYW3ohw-unsplash.jpg","width":1600,"height":1067,"caption":"Photo by Unsplash \/ Rohan"},{"@type":"BreadcrumbList","@id":"https:\/\/www.apfelpatient.de\/rumors\/iphone-16-pro-geruechte-apple-plant-zwei-neue-farboptionen#breadcrumb","itemListElement":[{"@type":"ListItem","position":1,"name":"Startseite","item":"https:\/\/www.apfelpatient.de\/"},{"@type":"ListItem","position":2,"name":"iPhone 16 Pro Ger\u00fcchte: Apple plant zwei neue Farboptionen"}]},{"@type":"WebSite","@id":"https:\/\/www.apfelpatient.de\/#website","url":"https:\/\/www.apfelpatient.de\/","name":"apple patient","description":"Everything about Apple!","publisher":{"@type":"Organization","@id":"https:\/\/www.apfelpatient.de\/en\/#organization","name":"Apfelpatient","url":"https:\/\/www.apfelpatient.de\/en\/"},"alternateName":"Apfelpatient","potentialAction":[{"@type":"SearchAction","target":{"@type":"EntryPoint","urlTemplate":"https:\/\/www.apfelpatient.de\/?s={search_term_string}"},"query-input":{"@type":"PropertyValueSpecification","valueRequired":true,"valueName":"search_term_string"}}],"inLanguage":"en-US"},{"@type":["Person","Organization"],"@id":"https:\/\/www.apfelpatient.de\/#\/schema\/person\/35b3ddba5832f2bfc7fff5206d4f6b7b","name":"Milan","logo":{"@id":"https:\/\/www.apfelpatient.de\/#\/schema\/person\/image\/"},"description":"Hello and welcome to my technology blog! As a big Apple fan, I report on everything to do with Apple: from the latest news and exciting rumors to helpful tips and tricks and detailed product tests. If you are as enthusiastic about technology as I am, you have come to the right place!","sameAs":["https:\/\/www.facebook.com\/apfelpatientOfficial","https:\/\/www.linkedin.com\/in\/milan-jovicic-42aa0231b"],"url":"https:\/\/www.apfelpatient.de\/en\/author\/apfeladmin"}]}},"_links":{"self":[{"href":"https:\/\/www.apfelpatient.de\/en\/wp-json\/wp\/v2\/posts\/42586","targetHints":{"allow":["GET"]}}],"collection":[{"href":"https:\/\/www.apfelpatient.de\/en\/wp-json\/wp\/v2\/posts"}],"about":[{"href":"https:\/\/www.apfelpatient.de\/en\/wp-json\/wp\/v2\/types\/post"}],"author":[{"embeddable":true,"href":"https:\/\/www.apfelpatient.de\/en\/wp-json\/wp\/v2\/users\/2"}],"replies":[{"embeddable":true,"href":"https:\/\/www.apfelpatient.de\/en\/wp-json\/wp\/v2\/comments?post=42586"}],"version-history":[{"count":0,"href":"https:\/\/www.apfelpatient.de\/en\/wp-json\/wp\/v2\/posts\/42586\/revisions"}],"wp:featuredmedia":[{"embeddable":true,"href":"https:\/\/www.apfelpatient.de\/en\/wp-json\/wp\/v2\/media\/42589"}],"wp:attachment":[{"href":"https:\/\/www.apfelpatient.de\/en\/wp-json\/wp\/v2\/media?parent=42586"}],"wp:term":[{"taxonomy":"category","embeddable":true,"href":"https:\/\/www.apfelpatient.de\/en\/wp-json\/wp\/v2\/categories?post=42586"},{"taxonomy":"post_tag","embeddable":true,"href":"https:\/\/www.apfelpatient.de\/en\/wp-json\/wp\/v2\/tags?post=42586"}],"curies":[{"name":"wp","href":"https:\/\/api.w.org\/{rel}","templated":true}]}}