{"id":42558,"date":"2024-03-25T15:51:09","date_gmt":"2024-03-25T14:51:09","guid":{"rendered":"https:\/\/www.apfelpatient.de\/?p=42558"},"modified":"2024-03-25T15:51:10","modified_gmt":"2024-03-25T14:51:10","slug":"rumored-new-apple-pencil-with-visionos-support","status":"publish","type":"post","link":"https:\/\/www.apfelpatient.de\/en\/rumors\/geruecht-neuer-apple-pencil-mit-visionos-unterstuetzung","title":{"rendered":"Rumor: New Apple Pencil with visionOS support?"},"content":{"rendered":"<p class=\"has-drop-cap\"><strong>Apple has once again positioned itself as a pioneer in the technology industry by pushing the boundaries of what is possible. According to recent reports, a new Apple Pencil is in testing that could be compatible not only with iPads but also with the highly acclaimed Vision Pro headset. This development promises an unprecedented experience for creatives and tech enthusiasts worldwide.<\/strong><\/p>\n\n\n\n<p>The Apple Pencil has already established a notable presence in the world of digital creation. With its precision and ease of use, it has revolutionized the way we draw, sketch and design. Now, as rumors emerge of an improved version that could work with the Vision Pro headset, the excitement in the tech community is palpable. What does this mean for the future of creative work?<\/p>\n\n\n\n<h3 class=\"wp-block-heading\" id=\"h-auf-dem-weg-zur-zukunft-neuer-apple-pencil-mit-visionos-integration\">Towards the future: New Apple Pencil with visionOS integration?<\/h3>\n\n\n\n<p>According to trusted sources (<a href=\"https:\/\/www.macrumors.com\/2024\/03\/25\/apple-pencil-visionon-support-in-testing\/\" target=\"_blank\" rel=\"noreferrer noopener\">via MacRumors<\/a>), a new Apple Pencil is already in the internal testing phase at Apple. This pencil is expected to support the visionOS platform, which would make it compatible not only with iPads but also with the innovative Vision Pro headset. Details about the functionality of the new Apple Pencil are still scarce but speculation suggests that users would be able to draw on flat surfaces, with their creations appearing directly on the Vision Pro headset.<\/p>\n\n\n\n<h3 class=\"wp-block-heading\" id=\"h-potenzielle-veroffentlichung-neue-generation-von-apple-produkten-erfolgt-in-kurze\">Potential release: New generation of Apple products coming soon<\/h3>\n\n\n\n\n\n\n\n<p>It is rumored that this new Apple Pencil could launch at the same time as the expected releases of the next-generation iPad Pro and iPad Air in April. This would provide a perfect opportunity to unleash the full potential of this technology. However, it remains unclear whether visionOS support will be available immediately or if it will be added through future software updates. Apple Pencil compatibility with the Vision Pro headset would undoubtedly raise expectations for the creative experience. The ability to draw on a virtual canvas while taking advantage of the stylus&#039; pressure and tilt sensitivity opens up a whole new chapter for artists and designers. (Image: Apple)<\/p>\n\n\n\n<ul class=\"wp-block-list\">\n<li><a href=\"https:\/\/www.apfelpatient.de\/en\/news\/insight-into-the-international-expansion-of-apple-vision-pro\">Insight into the international expansion of Apple Vision Pro<\/a><\/li>\n<\/ul>\n\n\n\n<h6 class=\"wp-block-heading translation-block\" id=\"h-kennt-ihr-schon-unsere-amazon-storefront-dort-findet-ihr-eine-handverlesene-auswahl-von-diversen-produkten-f-r-euer-iphone-und-co-viel-spa-beim-st-bern\"><em>Have you already visited our Amazon Storefront? There you&#039;ll find a hand-picked selection of various products for your iPhone and other devices \u2013 <span class=\"has-inline-color has-vivid-red-color\"><a href=\"https:\/\/www.amazon.de\/shop\/apfelpatientofficial\" class=\"ek-link\" data-wpel-link=\"exclude\" rel=\"follow noopener\" target=\"_self\"><span style=\"text-decoration: underline\" class=\"ek-underline\">enjoy browsing<\/span><\/a> !<\/span><\/em><\/h6>\n\n\n\n<h6 class=\"wp-block-heading translation-block\" id=\"h-der-beitrag-enthalt-partnerlinks\">This post contains <a data-type=\"URL\" data-id=\"https:\/\/www.apfelpatient.de\/partnerprogramm\" href=\"https:\/\/www.apfelpatient.de\/en\/partner-program\" data-wpel-link=\"internal\" target=\"_self\">affiliate links<\/a>.<\/h6>","protected":false},"excerpt":{"rendered":"<p>New Apple Pencil: With possible visionOS integration and connection to the Vision Pro headset, it could change the creative world.<\/p>","protected":false},"author":2,"featured_media":42560,"comment_status":"closed","ping_status":"closed","sticky":false,"template":"","format":"standard","meta":{"jnews-multi-image_gallery":[],"jnews_single_post":{"subtitle":"","format":"standard","video":"","gallery":"","source_name":"","source_url":"","via_name":"","via_url":"","override_template":"0","override":[{"template":"4","single_blog_custom":"","parallax":"1","fullscreen":"1","layout":"right-sidebar","sidebar":"default-sidebar","second_sidebar":"default-sidebar","sticky_sidebar":"1","share_position":"top","share_float_style":"share-monocrhome","show_share_counter":"1","show_view_counter":"1","show_featured":"1","show_post_meta":"1","show_post_author":"1","show_post_author_image":"1","show_post_date":"1","post_date_format":"default","post_date_format_custom":"Y\/m\/d","show_post_category":"1","show_post_reading_time":"0","post_reading_time_wpm":"300","show_zoom_button":"0","zoom_button_out_step":"2","zoom_button_in_step":"3","show_post_tag":"1","show_prev_next_post":"1","show_popup_post":"1","number_popup_post":"1","show_author_box":"0","show_post_related":"0","show_inline_post_related":"0"}],"override_image_size":"0","image_override":[{"single_post_thumbnail_size":"crop-500","single_post_gallery_size":"crop-500"}],"trending_post":"0","trending_post_position":"meta","trending_post_label":"Trending","sponsored_post":"0","sponsored_post_label":"Sponsored by","sponsored_post_name":"","sponsored_post_url":"","sponsored_post_logo_enable":"0","sponsored_post_logo":"","sponsored_post_desc":"","disable_ad":"0"},"jnews_primary_category":{"id":"25","hide":""},"footnotes":""},"categories":[25],"tags":[17,843,18,844],"class_list":["post-42558","post","type-post","status-publish","format-standard","has-post-thumbnail","hentry","category-rumors","tag-apple-pencil","tag-apple-vision-pro","tag-ipad","tag-visionos"],"yoast_head":"<!-- This site is optimized with the Yoast SEO Premium plugin v27.5 (Yoast SEO v27.5) - https:\/\/yoast.com\/product\/yoast-seo-premium-wordpress\/ -->\n<title>Ger\u00fccht: Neuer Apple Pencil mit visionOS-Unterst\u00fctzung? Apfelpatient<\/title>\n<meta name=\"description\" content=\"Neuer Apple Pencil: Mit m\u00f6glicher visionOS-Integration und Verbindung zum Vision Pro Headset k\u00f6nnte er die kreative Welt ver\u00e4ndern.\" \/>\n<meta name=\"robots\" content=\"index, follow, max-snippet:-1, max-image-preview:large, max-video-preview:-1\" \/>\n<link rel=\"canonical\" href=\"https:\/\/www.apfelpatient.de\/en\/rumors\/rumored-new-apple-pencil-with-visionos-support\" \/>\n<meta property=\"og:locale\" content=\"en_US\" \/>\n<meta property=\"og:type\" content=\"article\" \/>\n<meta property=\"og:title\" content=\"Ger\u00fccht: Neuer Apple Pencil mit visionOS-Unterst\u00fctzung?\" \/>\n<meta property=\"og:description\" content=\"Neuer Apple Pencil: Mit m\u00f6glicher visionOS-Integration und Verbindung zum Vision Pro Headset k\u00f6nnte er die kreative Welt ver\u00e4ndern.\" \/>\n<meta property=\"og:url\" content=\"https:\/\/www.apfelpatient.de\/en\/rumors\/rumored-new-apple-pencil-with-visionos-support\" \/>\n<meta property=\"og:site_name\" content=\"Apfelpatient\" \/>\n<meta property=\"article:publisher\" content=\"https:\/\/www.facebook.com\/apfelpatientOfficial\" \/>\n<meta property=\"article:author\" content=\"https:\/\/www.facebook.com\/apfelpatientOfficial\" \/>\n<meta property=\"article:published_time\" content=\"2024-03-25T14:51:09+00:00\" \/>\n<meta property=\"article:modified_time\" content=\"2024-03-25T14:51:10+00:00\" \/>\n<meta property=\"og:image\" content=\"https:\/\/www.apfelpatient.de\/wp-content\/uploads\/2024\/03\/Apple-WWCD23-Vision-Pro-EyeSight-230605.jpg\" \/>\n\t<meta property=\"og:image:width\" content=\"1600\" \/>\n\t<meta property=\"og:image:height\" content=\"900\" \/>\n\t<meta property=\"og:image:type\" content=\"image\/jpeg\" \/>\n<meta name=\"author\" content=\"Milan\" \/>\n<meta name=\"twitter:card\" content=\"summary_large_image\" \/>\n<meta name=\"twitter:description\" content=\"Neuer Apple Pencil: Mit m\u00f6glicher visionOS-Integration und Verbindung zum Vision Pro Headset k\u00f6nnte er die kreative Welt ver\u00e4ndern.\" \/>\n<meta name=\"twitter:label1\" content=\"Written by\" \/>\n\t<meta name=\"twitter:data1\" content=\"Milan\" \/>\n\t<meta name=\"twitter:label2\" content=\"Est. reading time\" \/>\n\t<meta name=\"twitter:data2\" content=\"6 minutes\" \/>\n<script type=\"application\/ld+json\" class=\"yoast-schema-graph\">{\"@context\":\"https:\\\/\\\/schema.org\",\"@graph\":[{\"@type\":\"NewsArticle\",\"@id\":\"https:\\\/\\\/www.apfelpatient.de\\\/rumors\\\/geruecht-neuer-apple-pencil-mit-visionos-unterstuetzung#article\",\"isPartOf\":{\"@id\":\"https:\\\/\\\/www.apfelpatient.de\\\/rumors\\\/geruecht-neuer-apple-pencil-mit-visionos-unterstuetzung\"},\"author\":{\"@type\":\"Organization\",\"@id\":\"https:\\\/\\\/www.apfelpatient.de\\\/en\\\/#organization\",\"name\":\"Apfelpatient\",\"url\":\"https:\\\/\\\/www.apfelpatient.de\\\/en\\\/\"},\"headline\":\"Ger\u00fccht: Neuer Apple Pencil mit visionOS-Unterst\u00fctzung?\",\"datePublished\":\"2024-03-25T14:51:09+00:00\",\"dateModified\":\"2024-03-25T14:51:10+00:00\",\"mainEntityOfPage\":{\"@id\":\"https:\\\/\\\/www.apfelpatient.de\\\/rumors\\\/geruecht-neuer-apple-pencil-mit-visionos-unterstuetzung\"},\"wordCount\":383,\"publisher\":{\"@type\":\"Organization\",\"@id\":\"https:\\\/\\\/www.apfelpatient.de\\\/en\\\/#organization\",\"name\":\"Apfelpatient\",\"url\":\"https:\\\/\\\/www.apfelpatient.de\\\/en\\\/\"},\"image\":{\"@id\":\"https:\\\/\\\/www.apfelpatient.de\\\/rumors\\\/geruecht-neuer-apple-pencil-mit-visionos-unterstuetzung#primaryimage\"},\"thumbnailUrl\":\"https:\\\/\\\/www.apfelpatient.de\\\/wp-content\\\/uploads\\\/2024\\\/03\\\/Apple-WWCD23-Vision-Pro-EyeSight-230605.jpg\",\"keywords\":[\"Apple Pencil\",\"Apple Vision Pro\",\"iPad\",\"visionOS\"],\"articleSection\":\"Rumors\",\"inLanguage\":\"en-US\",\"copyrightYear\":\"2024\",\"copyrightHolder\":{\"@id\":\"https:\\\/\\\/www.apfelpatient.de\\\/en\\\/#organization\"}},{\"@type\":\"WebPage\",\"@id\":\"https:\\\/\\\/www.apfelpatient.de\\\/rumors\\\/geruecht-neuer-apple-pencil-mit-visionos-unterstuetzung\",\"url\":\"https:\\\/\\\/www.apfelpatient.de\\\/rumors\\\/geruecht-neuer-apple-pencil-mit-visionos-unterstuetzung\",\"name\":\"Ger\u00fccht: Neuer Apple Pencil mit visionOS-Unterst\u00fctzung? Apfelpatient\",\"isPartOf\":{\"@id\":\"https:\\\/\\\/www.apfelpatient.de\\\/#website\"},\"primaryImageOfPage\":{\"@id\":\"https:\\\/\\\/www.apfelpatient.de\\\/rumors\\\/geruecht-neuer-apple-pencil-mit-visionos-unterstuetzung#primaryimage\"},\"image\":{\"@id\":\"https:\\\/\\\/www.apfelpatient.de\\\/rumors\\\/geruecht-neuer-apple-pencil-mit-visionos-unterstuetzung#primaryimage\"},\"thumbnailUrl\":\"https:\\\/\\\/www.apfelpatient.de\\\/wp-content\\\/uploads\\\/2024\\\/03\\\/Apple-WWCD23-Vision-Pro-EyeSight-230605.jpg\",\"datePublished\":\"2024-03-25T14:51:09+00:00\",\"dateModified\":\"2024-03-25T14:51:10+00:00\",\"description\":\"Neuer Apple Pencil: Mit m\u00f6glicher visionOS-Integration und Verbindung zum Vision Pro Headset k\u00f6nnte er die kreative Welt ver\u00e4ndern.\",\"breadcrumb\":{\"@id\":\"https:\\\/\\\/www.apfelpatient.de\\\/rumors\\\/geruecht-neuer-apple-pencil-mit-visionos-unterstuetzung#breadcrumb\"},\"inLanguage\":\"en-US\",\"potentialAction\":[{\"@type\":\"ReadAction\",\"target\":[\"https:\\\/\\\/www.apfelpatient.de\\\/rumors\\\/geruecht-neuer-apple-pencil-mit-visionos-unterstuetzung\"]}]},{\"@type\":\"ImageObject\",\"inLanguage\":\"en-US\",\"@id\":\"https:\\\/\\\/www.apfelpatient.de\\\/rumors\\\/geruecht-neuer-apple-pencil-mit-visionos-unterstuetzung#primaryimage\",\"url\":\"https:\\\/\\\/www.apfelpatient.de\\\/wp-content\\\/uploads\\\/2024\\\/03\\\/Apple-WWCD23-Vision-Pro-EyeSight-230605.jpg\",\"contentUrl\":\"https:\\\/\\\/www.apfelpatient.de\\\/wp-content\\\/uploads\\\/2024\\\/03\\\/Apple-WWCD23-Vision-Pro-EyeSight-230605.jpg\",\"width\":1600,\"height\":900,\"caption\":\"Bild: Apple\"},{\"@type\":\"BreadcrumbList\",\"@id\":\"https:\\\/\\\/www.apfelpatient.de\\\/rumors\\\/geruecht-neuer-apple-pencil-mit-visionos-unterstuetzung#breadcrumb\",\"itemListElement\":[{\"@type\":\"ListItem\",\"position\":1,\"name\":\"Startseite\",\"item\":\"https:\\\/\\\/www.apfelpatient.de\\\/\"},{\"@type\":\"ListItem\",\"position\":2,\"name\":\"Ger\u00fccht: Neuer Apple Pencil mit visionOS-Unterst\u00fctzung?\"}]},{\"@type\":\"WebSite\",\"@id\":\"https:\\\/\\\/www.apfelpatient.de\\\/#website\",\"url\":\"https:\\\/\\\/www.apfelpatient.de\\\/\",\"name\":\"Apfelpatient\",\"description\":\"Alles rund um Apple!\",\"publisher\":{\"@type\":\"Organization\",\"@id\":\"https:\\\/\\\/www.apfelpatient.de\\\/en\\\/#organization\",\"name\":\"Apfelpatient\",\"url\":\"https:\\\/\\\/www.apfelpatient.de\\\/en\\\/\"},\"alternateName\":\"Apfelpatient\",\"potentialAction\":[{\"@type\":\"SearchAction\",\"target\":{\"@type\":\"EntryPoint\",\"urlTemplate\":\"https:\\\/\\\/www.apfelpatient.de\\\/?s={search_term_string}\"},\"query-input\":{\"@type\":\"PropertyValueSpecification\",\"valueRequired\":true,\"valueName\":\"search_term_string\"}}],\"inLanguage\":\"en-US\"},{\"@type\":[\"Person\",\"Organization\"],\"@id\":\"https:\\\/\\\/www.apfelpatient.de\\\/#\\\/schema\\\/person\\\/35b3ddba5832f2bfc7fff5206d4f6b7b\",\"name\":\"Milan\",\"logo\":{\"@id\":\"https:\\\/\\\/www.apfelpatient.de\\\/#\\\/schema\\\/person\\\/image\\\/\"},\"description\":\"Hallo und herzlich willkommen auf meinem Technik-Blog! Als gro\u00dfer Apple-Fan berichte ich hier \u00fcber alles, was mit Apple zu tun hat: von den neuesten News und spannenden Ger\u00fcchten \u00fcber hilfreiche Tipps und Tricks bis hin zu ausf\u00fchrlichen Produkttests. Wenn du genauso technikbegeistert bist wie ich, bist du hier genau richtig!\",\"sameAs\":[\"https:\\\/\\\/www.facebook.com\\\/apfelpatientOfficial\",\"https:\\\/\\\/www.linkedin.com\\\/in\\\/milan-jovicic-42aa0231b\"],\"url\":\"https:\\\/\\\/www.apfelpatient.de\\\/en\\\/author\\\/apfeladmin\"}]}<\/script>\n<!-- \/ Yoast SEO Premium plugin. -->","yoast_head_json":{"title":"Rumor: New Apple Pencil with visionOS support? Apfelpatient","description":"New Apple Pencil: With possible visionOS integration and connection to the Vision Pro headset, it could change the creative world.","robots":{"index":"index","follow":"follow","max-snippet":"max-snippet:-1","max-image-preview":"max-image-preview:large","max-video-preview":"max-video-preview:-1"},"canonical":"https:\/\/www.apfelpatient.de\/en\/rumors\/rumored-new-apple-pencil-with-visionos-support","og_locale":"en_US","og_type":"article","og_title":"Ger\u00fccht: Neuer Apple Pencil mit visionOS-Unterst\u00fctzung?","og_description":"Neuer Apple Pencil: Mit m\u00f6glicher visionOS-Integration und Verbindung zum Vision Pro Headset k\u00f6nnte er die kreative Welt ver\u00e4ndern.","og_url":"https:\/\/www.apfelpatient.de\/en\/rumors\/rumored-new-apple-pencil-with-visionos-support","og_site_name":"Apfelpatient","article_publisher":"https:\/\/www.facebook.com\/apfelpatientOfficial","article_author":"https:\/\/www.facebook.com\/apfelpatientOfficial","article_published_time":"2024-03-25T14:51:09+00:00","article_modified_time":"2024-03-25T14:51:10+00:00","og_image":[{"width":1600,"height":900,"url":"https:\/\/www.apfelpatient.de\/wp-content\/uploads\/2024\/03\/Apple-WWCD23-Vision-Pro-EyeSight-230605.jpg","type":"image\/jpeg"}],"author":"Milan","twitter_card":"summary_large_image","twitter_description":"Neuer Apple Pencil: Mit m\u00f6glicher visionOS-Integration und Verbindung zum Vision Pro Headset k\u00f6nnte er die kreative Welt ver\u00e4ndern.","twitter_misc":{"Written by":"Milan","Est. reading time":"6 minutes"},"schema":{"@context":"https:\/\/schema.org","@graph":[{"@type":"NewsArticle","@id":"https:\/\/www.apfelpatient.de\/rumors\/geruecht-neuer-apple-pencil-mit-visionos-unterstuetzung#article","isPartOf":{"@id":"https:\/\/www.apfelpatient.de\/rumors\/geruecht-neuer-apple-pencil-mit-visionos-unterstuetzung"},"author":{"@type":"Organization","@id":"https:\/\/www.apfelpatient.de\/en\/#organization","name":"Apfelpatient","url":"https:\/\/www.apfelpatient.de\/en\/"},"headline":"Ger\u00fccht: Neuer Apple Pencil mit visionOS-Unterst\u00fctzung?","datePublished":"2024-03-25T14:51:09+00:00","dateModified":"2024-03-25T14:51:10+00:00","mainEntityOfPage":{"@id":"https:\/\/www.apfelpatient.de\/rumors\/geruecht-neuer-apple-pencil-mit-visionos-unterstuetzung"},"wordCount":383,"publisher":{"@type":"Organization","@id":"https:\/\/www.apfelpatient.de\/en\/#organization","name":"Apfelpatient","url":"https:\/\/www.apfelpatient.de\/en\/"},"image":{"@id":"https:\/\/www.apfelpatient.de\/rumors\/geruecht-neuer-apple-pencil-mit-visionos-unterstuetzung#primaryimage"},"thumbnailUrl":"https:\/\/www.apfelpatient.de\/wp-content\/uploads\/2024\/03\/Apple-WWCD23-Vision-Pro-EyeSight-230605.jpg","keywords":["Apple Pencil","Apple Vision Pro","iPad","visionOS"],"articleSection":"Rumors","inLanguage":"en-US","copyrightYear":"2024","copyrightHolder":{"@id":"https:\/\/www.apfelpatient.de\/en\/#organization"}},{"@type":"WebPage","@id":"https:\/\/www.apfelpatient.de\/rumors\/geruecht-neuer-apple-pencil-mit-visionos-unterstuetzung","url":"https:\/\/www.apfelpatient.de\/rumors\/geruecht-neuer-apple-pencil-mit-visionos-unterstuetzung","name":"Rumor: New Apple Pencil with visionOS support? Apfelpatient","isPartOf":{"@id":"https:\/\/www.apfelpatient.de\/#website"},"primaryImageOfPage":{"@id":"https:\/\/www.apfelpatient.de\/rumors\/geruecht-neuer-apple-pencil-mit-visionos-unterstuetzung#primaryimage"},"image":{"@id":"https:\/\/www.apfelpatient.de\/rumors\/geruecht-neuer-apple-pencil-mit-visionos-unterstuetzung#primaryimage"},"thumbnailUrl":"https:\/\/www.apfelpatient.de\/wp-content\/uploads\/2024\/03\/Apple-WWCD23-Vision-Pro-EyeSight-230605.jpg","datePublished":"2024-03-25T14:51:09+00:00","dateModified":"2024-03-25T14:51:10+00:00","description":"New Apple Pencil: With possible visionOS integration and connection to the Vision Pro headset, it could change the creative world.","breadcrumb":{"@id":"https:\/\/www.apfelpatient.de\/rumors\/geruecht-neuer-apple-pencil-mit-visionos-unterstuetzung#breadcrumb"},"inLanguage":"en-US","potentialAction":[{"@type":"ReadAction","target":["https:\/\/www.apfelpatient.de\/rumors\/geruecht-neuer-apple-pencil-mit-visionos-unterstuetzung"]}]},{"@type":"ImageObject","inLanguage":"en-US","@id":"https:\/\/www.apfelpatient.de\/rumors\/geruecht-neuer-apple-pencil-mit-visionos-unterstuetzung#primaryimage","url":"https:\/\/www.apfelpatient.de\/wp-content\/uploads\/2024\/03\/Apple-WWCD23-Vision-Pro-EyeSight-230605.jpg","contentUrl":"https:\/\/www.apfelpatient.de\/wp-content\/uploads\/2024\/03\/Apple-WWCD23-Vision-Pro-EyeSight-230605.jpg","width":1600,"height":900,"caption":"Bild: Apple"},{"@type":"BreadcrumbList","@id":"https:\/\/www.apfelpatient.de\/rumors\/geruecht-neuer-apple-pencil-mit-visionos-unterstuetzung#breadcrumb","itemListElement":[{"@type":"ListItem","position":1,"name":"Startseite","item":"https:\/\/www.apfelpatient.de\/"},{"@type":"ListItem","position":2,"name":"Ger\u00fccht: Neuer Apple Pencil mit visionOS-Unterst\u00fctzung?"}]},{"@type":"WebSite","@id":"https:\/\/www.apfelpatient.de\/#website","url":"https:\/\/www.apfelpatient.de\/","name":"apple patient","description":"Everything about Apple!","publisher":{"@type":"Organization","@id":"https:\/\/www.apfelpatient.de\/en\/#organization","name":"Apfelpatient","url":"https:\/\/www.apfelpatient.de\/en\/"},"alternateName":"Apfelpatient","potentialAction":[{"@type":"SearchAction","target":{"@type":"EntryPoint","urlTemplate":"https:\/\/www.apfelpatient.de\/?s={search_term_string}"},"query-input":{"@type":"PropertyValueSpecification","valueRequired":true,"valueName":"search_term_string"}}],"inLanguage":"en-US"},{"@type":["Person","Organization"],"@id":"https:\/\/www.apfelpatient.de\/#\/schema\/person\/35b3ddba5832f2bfc7fff5206d4f6b7b","name":"Milan","logo":{"@id":"https:\/\/www.apfelpatient.de\/#\/schema\/person\/image\/"},"description":"Hello and welcome to my technology blog! As a big Apple fan, I report on everything to do with Apple: from the latest news and exciting rumors to helpful tips and tricks and detailed product tests. If you are as enthusiastic about technology as I am, you have come to the right place!","sameAs":["https:\/\/www.facebook.com\/apfelpatientOfficial","https:\/\/www.linkedin.com\/in\/milan-jovicic-42aa0231b"],"url":"https:\/\/www.apfelpatient.de\/en\/author\/apfeladmin"}]}},"_links":{"self":[{"href":"https:\/\/www.apfelpatient.de\/en\/wp-json\/wp\/v2\/posts\/42558","targetHints":{"allow":["GET"]}}],"collection":[{"href":"https:\/\/www.apfelpatient.de\/en\/wp-json\/wp\/v2\/posts"}],"about":[{"href":"https:\/\/www.apfelpatient.de\/en\/wp-json\/wp\/v2\/types\/post"}],"author":[{"embeddable":true,"href":"https:\/\/www.apfelpatient.de\/en\/wp-json\/wp\/v2\/users\/2"}],"replies":[{"embeddable":true,"href":"https:\/\/www.apfelpatient.de\/en\/wp-json\/wp\/v2\/comments?post=42558"}],"version-history":[{"count":0,"href":"https:\/\/www.apfelpatient.de\/en\/wp-json\/wp\/v2\/posts\/42558\/revisions"}],"wp:featuredmedia":[{"embeddable":true,"href":"https:\/\/www.apfelpatient.de\/en\/wp-json\/wp\/v2\/media\/42560"}],"wp:attachment":[{"href":"https:\/\/www.apfelpatient.de\/en\/wp-json\/wp\/v2\/media?parent=42558"}],"wp:term":[{"taxonomy":"category","embeddable":true,"href":"https:\/\/www.apfelpatient.de\/en\/wp-json\/wp\/v2\/categories?post=42558"},{"taxonomy":"post_tag","embeddable":true,"href":"https:\/\/www.apfelpatient.de\/en\/wp-json\/wp\/v2\/tags?post=42558"}],"curies":[{"name":"wp","href":"https:\/\/api.w.org\/{rel}","templated":true}]}}