{"id":42507,"date":"2024-03-21T17:54:36","date_gmt":"2024-03-21T16:54:36","guid":{"rendered":"https:\/\/www.apfelpatient.de\/?p=42507"},"modified":"2025-07-30T03:23:00","modified_gmt":"2025-07-30T01:23:00","slug":"apple-responds-to-the-lawsuit-by-the-us-department-of-justice","status":"publish","type":"post","link":"https:\/\/www.apfelpatient.de\/en\/news\/apple-antwortet-auf-die-klage-des-us-justizministeriums","title":{"rendered":"Apple responds to the US Department of Justice&#039;s lawsuit"},"content":{"rendered":"<p class=\"has-drop-cap\"><strong>The U.S. Department of Justice announced on Thursday that it has filed an antitrust lawsuit against Apple, alleging that Apple has an illegal monopoly in the smartphone market with the iPhone and the device&#039;s closed ecosystem.<\/strong><\/p>\n\n\n\n<p class=\"translation-block\">Now the Cupertino-based company has spoken out. In a statement released to <a href=\"https:\/\/www.macrumors.com\/2024\/03\/21\/apple-sued-by-us-department-of-justice\/\" target=\"_blank\" rel=\"noreferrer noopener\" data-wpel-link=\"external\">US media<\/a> , Apple said the lawsuit is &quot;factually and legally incorrect&quot; and promised to &quot;defend itself vigorously.&quot; It reads:<\/p>\n\n\n\n<blockquote class=\"wp-block-quote is-layout-flow wp-block-quote-is-layout-flow\">\n<p>At Apple, we innovate every day to create technology people love. We build products that work seamlessly together, that protect people&#039;s privacy and security, and that deliver magical experiences for our users. This lawsuit threatens who we are and the principles that set Apple products apart in a highly competitive marketplace. If successful, it would prevent us from building the kind of technology people expect from Apple\u2014where hardware, software, and services work together. It would also set a dangerous precedent of allowing the government to influence people&#039;s technology. We believe this lawsuit is both factually and legally wrong, and we will vigorously defend against it.<\/p>\n<\/blockquote>\n\n\n\n<p class=\"translation-block\">The lawsuit, <a href=\"https:\/\/www.justice.gov\/opa\/pr\/justice-department-sues-apple-monopolizing-smartphone-markets\" target=\"_blank\" rel=\"noreferrer noopener\" data-wpel-link=\"external\">filed<\/a> Thursday by the Department of Justice and 16 other U.S. state and district attorneys general, alleges that Apple violated various federal and state antitrust laws, including the Sherman Act.<\/p>\n\n\n\n<h3 class=\"wp-block-heading\" id=\"h-us-justizministerium-verklagt-apple\">US Department of Justice sues Apple<\/h3>\n\n\n\n<p>In its press release, the Ministry of Justice highlights some of the allegations:<\/p>\n\n\n\n<ul class=\"wp-block-list\">\n<li>Blocking innovative super apps. Apple has hampered the growth of feature-rich apps that would make it easier for consumers to switch between competing smartphone platforms.<\/li>\n\n\n\n<li>Suppression of mobile cloud streaming services. Apple has blocked the development of cloud streaming apps and services that would allow consumers to enjoy high-quality video games and other cloud-based applications without having to pay for expensive smartphone hardware.<\/li>\n\n\n\n<li>Exclusion of cross-platform messaging apps. Apple has degraded the quality of cross-platform messaging apps, making them less innovative and less secure for users, so customers have to continue buying iPhones.<\/li>\n\n\n\n<li>Limiting the functionality of third-party smartwatches. Apple has limited the functionality of third-party smartwatches, so users who buy the Apple Watch will face significant costs if they do not continue to buy iPhones.<\/li>\n\n\n\n<li>Restricting third-party digital wallets. Apple has blocked third-party apps from offering tap-to-pay functionality, thereby preventing the development of third-party cross-platform digital wallets.<\/li>\n<\/ul>\n\n\n\n<p>Apple&#039;s anticompetitive behavior also affects &quot;web browsers, video communications, news subscriptions, entertainment, automotive services, advertising, location services, and more,&quot; according to the Justice Department. Jonathan Kanter, Assistant Attorney General of the Justice Department&#039;s Antitrust Division, stated:<\/p>\n\n\n\n<blockquote class=\"wp-block-quote is-layout-flow wp-block-quote-is-layout-flow\">\n<p>For years, Apple has responded to competitive threats with a series of &quot;Whac-A-Mole&quot; contract rules and restrictions that have allowed Apple to charge consumers higher prices, impose higher fees on developers and creators, and stifle competing alternatives from rival technologies. Today&#039;s lawsuit seeks to hold Apple accountable and ensure that the company cannot use the same, unlawful practices in other major markets.<\/p>\n<\/blockquote>\n\n\n\n<p>The entire complaint is 88 pages long, so there is a lot of information to discover. We will of course continue to follow the whole thing and report on it. (Photo by perhapzz \/ Bigstockphoto)<\/p>\n\n\n\n<ul class=\"wp-block-list\">\n<li><a href=\"https:\/\/www.apfelpatient.de\/en\/news\/apple-in-the-sights-of-dma-compliance-and-market-consequences\">Apple in the crosshairs: DMA compliance and market consequences<\/a><\/li>\n<\/ul>\n\n\n\n<h6 class=\"wp-block-heading translation-block\" id=\"h-kennt-ihr-schon-unsere-amazon-storefront-dort-findet-ihr-eine-handverlesene-auswahl-von-diversen-produkten-f-r-euer-iphone-und-co-viel-spa-beim-st-bern\"><em>Have you already visited our Amazon Storefront? There you&#039;ll find a hand-picked selection of various products for your iPhone and other devices \u2013 <span class=\"has-inline-color has-vivid-red-color\"><a href=\"https:\/\/www.amazon.de\/shop\/apfelpatientofficial\" class=\"ek-link\" data-wpel-link=\"exclude\" rel=\"follow noopener\" target=\"_self\"><span style=\"text-decoration: underline\" class=\"ek-underline\">enjoy browsing<\/span><\/a> !<\/span><\/em><\/h6>\n\n\n\n<h6 class=\"wp-block-heading translation-block\" id=\"h-der-beitrag-enthalt-partnerlinks\">This post contains <a data-type=\"URL\" data-id=\"https:\/\/www.apfelpatient.de\/partnerprogramm\" href=\"https:\/\/www.apfelpatient.de\/en\/partner-program\" data-wpel-link=\"internal\" target=\"_self\">affiliate links<\/a>.<\/h6>","protected":false},"excerpt":{"rendered":"<p>US Department of Justice sues Apple: Learn the allegations &amp; Apple&#039;s response to the antitrust lawsuit, which the company considers baseless.<\/p>","protected":false},"author":2,"featured_media":42509,"comment_status":"closed","ping_status":"closed","sticky":false,"template":"","format":"standard","meta":{"jnews-multi-image_gallery":[],"jnews_single_post":{"subtitle":"","format":"standard","video":"","gallery":"","source_name":"","source_url":"","via_name":"","via_url":"","override_template":"0","override":[{"template":"4","single_blog_custom":"","parallax":"1","fullscreen":"1","layout":"right-sidebar","sidebar":"default-sidebar","second_sidebar":"default-sidebar","sticky_sidebar":"1","share_position":"top","share_float_style":"share-monocrhome","show_share_counter":"1","show_view_counter":"1","show_featured":"1","show_post_meta":"1","show_post_author":"1","show_post_author_image":"1","show_post_date":"1","post_date_format":"default","post_date_format_custom":"Y\/m\/d","show_post_category":"1","show_post_reading_time":"0","post_reading_time_wpm":"300","show_zoom_button":"0","zoom_button_out_step":"2","zoom_button_in_step":"3","show_post_tag":"1","show_prev_next_post":"1","show_popup_post":"1","number_popup_post":"1","show_author_box":"0","show_post_related":"0","show_inline_post_related":"0"}],"override_image_size":"0","image_override":[{"single_post_thumbnail_size":"crop-500","single_post_gallery_size":"crop-500"}],"trending_post":"0","trending_post_position":"meta","trending_post_label":"Trending","sponsored_post":"0","sponsored_post_label":"Sponsored by","sponsored_post_name":"","sponsored_post_url":"","sponsored_post_logo_enable":"0","sponsored_post_logo":"","sponsored_post_desc":"","disable_ad":"0"},"jnews_primary_category":{"id":"9","hide":""},"footnotes":""},"categories":[9],"tags":[34,3,33],"class_list":["post-42507","post","type-post","status-publish","format-standard","has-post-thumbnail","hentry","category-news","tag-apple-dienste","tag-ios","tag-ipados"],"yoast_head":"<!-- This site is optimized with the Yoast SEO Premium plugin v27.5 (Yoast SEO v27.5) - https:\/\/yoast.com\/product\/yoast-seo-premium-wordpress\/ -->\n<title>Apple antwortet auf die Klage des US-Justizministeriums Apfelpatient<\/title>\n<meta name=\"description\" content=\"US-Justizministerium verklagt Apple: Erfahre die Vorw\u00fcrfe &amp; Apples Antwort auf die Kartellklage, die das Unternehmen als grundlos betrachtet.\" \/>\n<meta name=\"robots\" content=\"index, follow, max-snippet:-1, max-image-preview:large, max-video-preview:-1\" \/>\n<link rel=\"canonical\" href=\"https:\/\/www.apfelpatient.de\/en\/news\/apple-responds-to-the-lawsuit-by-the-us-department-of-justice\" \/>\n<meta property=\"og:locale\" content=\"en_US\" \/>\n<meta property=\"og:type\" content=\"article\" \/>\n<meta property=\"og:title\" content=\"Apple antwortet auf die Klage des US-Justizministeriums\" \/>\n<meta property=\"og:description\" content=\"US-Justizministerium verklagt Apple: Erfahre die Vorw\u00fcrfe &amp; Apples Antwort auf die Kartellklage, die das Unternehmen als grundlos betrachtet.\" \/>\n<meta property=\"og:url\" content=\"https:\/\/www.apfelpatient.de\/en\/news\/apple-responds-to-the-lawsuit-by-the-us-department-of-justice\" \/>\n<meta property=\"og:site_name\" content=\"Apfelpatient\" \/>\n<meta property=\"article:publisher\" content=\"https:\/\/www.facebook.com\/apfelpatientOfficial\" \/>\n<meta property=\"article:author\" content=\"https:\/\/www.facebook.com\/apfelpatientOfficial\" \/>\n<meta property=\"article:published_time\" content=\"2024-03-21T16:54:36+00:00\" \/>\n<meta property=\"article:modified_time\" content=\"2025-07-30T01:23:00+00:00\" \/>\n<meta property=\"og:image\" content=\"https:\/\/www.apfelpatient.de\/wp-content\/uploads\/2024\/03\/bigstock-Law-Concept-Open-Law-Book-Wi-437731796.jpg\" \/>\n\t<meta property=\"og:image:width\" content=\"1600\" \/>\n\t<meta property=\"og:image:height\" content=\"1067\" \/>\n\t<meta property=\"og:image:type\" content=\"image\/jpeg\" \/>\n<meta name=\"author\" content=\"Milan\" \/>\n<meta name=\"twitter:card\" content=\"summary_large_image\" \/>\n<meta name=\"twitter:description\" content=\"US-Justizministerium verklagt Apple: Erfahre die Vorw\u00fcrfe &amp; Apples Antwort auf die Kartellklage, die das Unternehmen als grundlos betrachtet.\" \/>\n<meta name=\"twitter:label1\" content=\"Written by\" \/>\n\t<meta name=\"twitter:data1\" content=\"Milan\" \/>\n\t<meta name=\"twitter:label2\" content=\"Est. reading time\" \/>\n\t<meta name=\"twitter:data2\" content=\"3 minutes\" \/>\n<script type=\"application\/ld+json\" class=\"yoast-schema-graph\">{\"@context\":\"https:\\\/\\\/schema.org\",\"@graph\":[{\"@type\":\"NewsArticle\",\"@id\":\"https:\\\/\\\/www.apfelpatient.de\\\/news\\\/apple-antwortet-auf-die-klage-des-us-justizministeriums#article\",\"isPartOf\":{\"@id\":\"https:\\\/\\\/www.apfelpatient.de\\\/news\\\/apple-antwortet-auf-die-klage-des-us-justizministeriums\"},\"author\":{\"@type\":\"Organization\",\"@id\":\"https:\\\/\\\/www.apfelpatient.de\\\/en\\\/#organization\",\"name\":\"Apfelpatient\",\"url\":\"https:\\\/\\\/www.apfelpatient.de\\\/en\\\/\"},\"headline\":\"Apple antwortet auf die Klage des US-Justizministeriums\",\"datePublished\":\"2024-03-21T16:54:36+00:00\",\"dateModified\":\"2025-07-30T01:23:00+00:00\",\"mainEntityOfPage\":{\"@id\":\"https:\\\/\\\/www.apfelpatient.de\\\/news\\\/apple-antwortet-auf-die-klage-des-us-justizministeriums\"},\"wordCount\":583,\"publisher\":{\"@type\":\"Organization\",\"@id\":\"https:\\\/\\\/www.apfelpatient.de\\\/en\\\/#organization\",\"name\":\"Apfelpatient\",\"url\":\"https:\\\/\\\/www.apfelpatient.de\\\/en\\\/\"},\"image\":{\"@id\":\"https:\\\/\\\/www.apfelpatient.de\\\/news\\\/apple-antwortet-auf-die-klage-des-us-justizministeriums#primaryimage\"},\"thumbnailUrl\":\"https:\\\/\\\/www.apfelpatient.de\\\/wp-content\\\/uploads\\\/2024\\\/03\\\/bigstock-Law-Concept-Open-Law-Book-Wi-437731796.jpg\",\"keywords\":[\"Apple Dienste\",\"iOS\",\"iPadOS\"],\"articleSection\":\"News\",\"inLanguage\":\"en-US\",\"copyrightYear\":\"2024\",\"copyrightHolder\":{\"@id\":\"https:\\\/\\\/www.apfelpatient.de\\\/en\\\/#organization\"}},{\"@type\":\"WebPage\",\"@id\":\"https:\\\/\\\/www.apfelpatient.de\\\/news\\\/apple-antwortet-auf-die-klage-des-us-justizministeriums\",\"url\":\"https:\\\/\\\/www.apfelpatient.de\\\/news\\\/apple-antwortet-auf-die-klage-des-us-justizministeriums\",\"name\":\"Apple antwortet auf die Klage des US-Justizministeriums Apfelpatient\",\"isPartOf\":{\"@id\":\"https:\\\/\\\/www.apfelpatient.de\\\/#website\"},\"primaryImageOfPage\":{\"@id\":\"https:\\\/\\\/www.apfelpatient.de\\\/news\\\/apple-antwortet-auf-die-klage-des-us-justizministeriums#primaryimage\"},\"image\":{\"@id\":\"https:\\\/\\\/www.apfelpatient.de\\\/news\\\/apple-antwortet-auf-die-klage-des-us-justizministeriums#primaryimage\"},\"thumbnailUrl\":\"https:\\\/\\\/www.apfelpatient.de\\\/wp-content\\\/uploads\\\/2024\\\/03\\\/bigstock-Law-Concept-Open-Law-Book-Wi-437731796.jpg\",\"datePublished\":\"2024-03-21T16:54:36+00:00\",\"dateModified\":\"2025-07-30T01:23:00+00:00\",\"description\":\"US-Justizministerium verklagt Apple: Erfahre die Vorw\u00fcrfe & Apples Antwort auf die Kartellklage, die das Unternehmen als grundlos betrachtet.\",\"breadcrumb\":{\"@id\":\"https:\\\/\\\/www.apfelpatient.de\\\/news\\\/apple-antwortet-auf-die-klage-des-us-justizministeriums#breadcrumb\"},\"inLanguage\":\"en-US\",\"potentialAction\":[{\"@type\":\"ReadAction\",\"target\":[\"https:\\\/\\\/www.apfelpatient.de\\\/news\\\/apple-antwortet-auf-die-klage-des-us-justizministeriums\"]}]},{\"@type\":\"ImageObject\",\"inLanguage\":\"en-US\",\"@id\":\"https:\\\/\\\/www.apfelpatient.de\\\/news\\\/apple-antwortet-auf-die-klage-des-us-justizministeriums#primaryimage\",\"url\":\"https:\\\/\\\/www.apfelpatient.de\\\/wp-content\\\/uploads\\\/2024\\\/03\\\/bigstock-Law-Concept-Open-Law-Book-Wi-437731796.jpg\",\"contentUrl\":\"https:\\\/\\\/www.apfelpatient.de\\\/wp-content\\\/uploads\\\/2024\\\/03\\\/bigstock-Law-Concept-Open-Law-Book-Wi-437731796.jpg\",\"width\":1600,\"height\":1067,\"caption\":\"Law concept - Open law book with a wooden judges gavel on table in a courtroom or law enforcement office isolated on white background. Copy space for text.\"},{\"@type\":\"BreadcrumbList\",\"@id\":\"https:\\\/\\\/www.apfelpatient.de\\\/news\\\/apple-antwortet-auf-die-klage-des-us-justizministeriums#breadcrumb\",\"itemListElement\":[{\"@type\":\"ListItem\",\"position\":1,\"name\":\"Startseite\",\"item\":\"https:\\\/\\\/www.apfelpatient.de\\\/\"},{\"@type\":\"ListItem\",\"position\":2,\"name\":\"Apple antwortet auf die Klage des US-Justizministeriums\"}]},{\"@type\":\"WebSite\",\"@id\":\"https:\\\/\\\/www.apfelpatient.de\\\/#website\",\"url\":\"https:\\\/\\\/www.apfelpatient.de\\\/\",\"name\":\"Apfelpatient\",\"description\":\"Alles rund um Apple!\",\"publisher\":{\"@type\":\"Organization\",\"@id\":\"https:\\\/\\\/www.apfelpatient.de\\\/en\\\/#organization\",\"name\":\"Apfelpatient\",\"url\":\"https:\\\/\\\/www.apfelpatient.de\\\/en\\\/\"},\"alternateName\":\"Apfelpatient\",\"potentialAction\":[{\"@type\":\"SearchAction\",\"target\":{\"@type\":\"EntryPoint\",\"urlTemplate\":\"https:\\\/\\\/www.apfelpatient.de\\\/?s={search_term_string}\"},\"query-input\":{\"@type\":\"PropertyValueSpecification\",\"valueRequired\":true,\"valueName\":\"search_term_string\"}}],\"inLanguage\":\"en-US\"},{\"@type\":[\"Person\",\"Organization\"],\"@id\":\"https:\\\/\\\/www.apfelpatient.de\\\/#\\\/schema\\\/person\\\/35b3ddba5832f2bfc7fff5206d4f6b7b\",\"name\":\"Milan\",\"logo\":{\"@id\":\"https:\\\/\\\/www.apfelpatient.de\\\/#\\\/schema\\\/person\\\/image\\\/\"},\"description\":\"Hallo und herzlich willkommen auf meinem Technik-Blog! Als gro\u00dfer Apple-Fan berichte ich hier \u00fcber alles, was mit Apple zu tun hat: von den neuesten News und spannenden Ger\u00fcchten \u00fcber hilfreiche Tipps und Tricks bis hin zu ausf\u00fchrlichen Produkttests. Wenn du genauso technikbegeistert bist wie ich, bist du hier genau richtig!\",\"sameAs\":[\"https:\\\/\\\/www.facebook.com\\\/apfelpatientOfficial\",\"https:\\\/\\\/www.linkedin.com\\\/in\\\/milan-jovicic-42aa0231b\"],\"url\":\"https:\\\/\\\/www.apfelpatient.de\\\/en\\\/author\\\/apfeladmin\"}]}<\/script>\n<!-- \/ Yoast SEO Premium plugin. -->","yoast_head_json":{"title":"Apple responds to US Department of Justice lawsuit Apfelpatient","description":"US Department of Justice sues Apple: Learn the allegations &amp; Apple&#039;s response to the antitrust lawsuit, which the company considers baseless.","robots":{"index":"index","follow":"follow","max-snippet":"max-snippet:-1","max-image-preview":"max-image-preview:large","max-video-preview":"max-video-preview:-1"},"canonical":"https:\/\/www.apfelpatient.de\/en\/news\/apple-responds-to-the-lawsuit-by-the-us-department-of-justice","og_locale":"en_US","og_type":"article","og_title":"Apple antwortet auf die Klage des US-Justizministeriums","og_description":"US-Justizministerium verklagt Apple: Erfahre die Vorw\u00fcrfe & Apples Antwort auf die Kartellklage, die das Unternehmen als grundlos betrachtet.","og_url":"https:\/\/www.apfelpatient.de\/en\/news\/apple-responds-to-the-lawsuit-by-the-us-department-of-justice","og_site_name":"Apfelpatient","article_publisher":"https:\/\/www.facebook.com\/apfelpatientOfficial","article_author":"https:\/\/www.facebook.com\/apfelpatientOfficial","article_published_time":"2024-03-21T16:54:36+00:00","article_modified_time":"2025-07-30T01:23:00+00:00","og_image":[{"width":1600,"height":1067,"url":"https:\/\/www.apfelpatient.de\/wp-content\/uploads\/2024\/03\/bigstock-Law-Concept-Open-Law-Book-Wi-437731796.jpg","type":"image\/jpeg"}],"author":"Milan","twitter_card":"summary_large_image","twitter_description":"US-Justizministerium verklagt Apple: Erfahre die Vorw\u00fcrfe & Apples Antwort auf die Kartellklage, die das Unternehmen als grundlos betrachtet.","twitter_misc":{"Written by":"Milan","Est. reading time":"3 minutes"},"schema":{"@context":"https:\/\/schema.org","@graph":[{"@type":"NewsArticle","@id":"https:\/\/www.apfelpatient.de\/news\/apple-antwortet-auf-die-klage-des-us-justizministeriums#article","isPartOf":{"@id":"https:\/\/www.apfelpatient.de\/news\/apple-antwortet-auf-die-klage-des-us-justizministeriums"},"author":{"@type":"Organization","@id":"https:\/\/www.apfelpatient.de\/en\/#organization","name":"Apfelpatient","url":"https:\/\/www.apfelpatient.de\/en\/"},"headline":"Apple antwortet auf die Klage des US-Justizministeriums","datePublished":"2024-03-21T16:54:36+00:00","dateModified":"2025-07-30T01:23:00+00:00","mainEntityOfPage":{"@id":"https:\/\/www.apfelpatient.de\/news\/apple-antwortet-auf-die-klage-des-us-justizministeriums"},"wordCount":583,"publisher":{"@type":"Organization","@id":"https:\/\/www.apfelpatient.de\/en\/#organization","name":"Apfelpatient","url":"https:\/\/www.apfelpatient.de\/en\/"},"image":{"@id":"https:\/\/www.apfelpatient.de\/news\/apple-antwortet-auf-die-klage-des-us-justizministeriums#primaryimage"},"thumbnailUrl":"https:\/\/www.apfelpatient.de\/wp-content\/uploads\/2024\/03\/bigstock-Law-Concept-Open-Law-Book-Wi-437731796.jpg","keywords":["Apple Dienste","iOS","iPadOS"],"articleSection":"News","inLanguage":"en-US","copyrightYear":"2024","copyrightHolder":{"@id":"https:\/\/www.apfelpatient.de\/en\/#organization"}},{"@type":"WebPage","@id":"https:\/\/www.apfelpatient.de\/news\/apple-antwortet-auf-die-klage-des-us-justizministeriums","url":"https:\/\/www.apfelpatient.de\/news\/apple-antwortet-auf-die-klage-des-us-justizministeriums","name":"Apple responds to US Department of Justice lawsuit Apfelpatient","isPartOf":{"@id":"https:\/\/www.apfelpatient.de\/#website"},"primaryImageOfPage":{"@id":"https:\/\/www.apfelpatient.de\/news\/apple-antwortet-auf-die-klage-des-us-justizministeriums#primaryimage"},"image":{"@id":"https:\/\/www.apfelpatient.de\/news\/apple-antwortet-auf-die-klage-des-us-justizministeriums#primaryimage"},"thumbnailUrl":"https:\/\/www.apfelpatient.de\/wp-content\/uploads\/2024\/03\/bigstock-Law-Concept-Open-Law-Book-Wi-437731796.jpg","datePublished":"2024-03-21T16:54:36+00:00","dateModified":"2025-07-30T01:23:00+00:00","description":"US Department of Justice sues Apple: Learn the allegations &amp; Apple&#039;s response to the antitrust lawsuit, which the company considers baseless.","breadcrumb":{"@id":"https:\/\/www.apfelpatient.de\/news\/apple-antwortet-auf-die-klage-des-us-justizministeriums#breadcrumb"},"inLanguage":"en-US","potentialAction":[{"@type":"ReadAction","target":["https:\/\/www.apfelpatient.de\/news\/apple-antwortet-auf-die-klage-des-us-justizministeriums"]}]},{"@type":"ImageObject","inLanguage":"en-US","@id":"https:\/\/www.apfelpatient.de\/news\/apple-antwortet-auf-die-klage-des-us-justizministeriums#primaryimage","url":"https:\/\/www.apfelpatient.de\/wp-content\/uploads\/2024\/03\/bigstock-Law-Concept-Open-Law-Book-Wi-437731796.jpg","contentUrl":"https:\/\/www.apfelpatient.de\/wp-content\/uploads\/2024\/03\/bigstock-Law-Concept-Open-Law-Book-Wi-437731796.jpg","width":1600,"height":1067,"caption":"Law concept - Open law book with a wooden judges gavel on table in a courtroom or law enforcement office isolated on white background. Copy space for text."},{"@type":"BreadcrumbList","@id":"https:\/\/www.apfelpatient.de\/news\/apple-antwortet-auf-die-klage-des-us-justizministeriums#breadcrumb","itemListElement":[{"@type":"ListItem","position":1,"name":"Startseite","item":"https:\/\/www.apfelpatient.de\/"},{"@type":"ListItem","position":2,"name":"Apple antwortet auf die Klage des US-Justizministeriums"}]},{"@type":"WebSite","@id":"https:\/\/www.apfelpatient.de\/#website","url":"https:\/\/www.apfelpatient.de\/","name":"apple patient","description":"Everything about Apple!","publisher":{"@type":"Organization","@id":"https:\/\/www.apfelpatient.de\/en\/#organization","name":"Apfelpatient","url":"https:\/\/www.apfelpatient.de\/en\/"},"alternateName":"Apfelpatient","potentialAction":[{"@type":"SearchAction","target":{"@type":"EntryPoint","urlTemplate":"https:\/\/www.apfelpatient.de\/?s={search_term_string}"},"query-input":{"@type":"PropertyValueSpecification","valueRequired":true,"valueName":"search_term_string"}}],"inLanguage":"en-US"},{"@type":["Person","Organization"],"@id":"https:\/\/www.apfelpatient.de\/#\/schema\/person\/35b3ddba5832f2bfc7fff5206d4f6b7b","name":"Milan","logo":{"@id":"https:\/\/www.apfelpatient.de\/#\/schema\/person\/image\/"},"description":"Hello and welcome to my technology blog! As a big Apple fan, I report on everything to do with Apple: from the latest news and exciting rumors to helpful tips and tricks and detailed product tests. If you are as enthusiastic about technology as I am, you have come to the right place!","sameAs":["https:\/\/www.facebook.com\/apfelpatientOfficial","https:\/\/www.linkedin.com\/in\/milan-jovicic-42aa0231b"],"url":"https:\/\/www.apfelpatient.de\/en\/author\/apfeladmin"}]}},"_links":{"self":[{"href":"https:\/\/www.apfelpatient.de\/en\/wp-json\/wp\/v2\/posts\/42507","targetHints":{"allow":["GET"]}}],"collection":[{"href":"https:\/\/www.apfelpatient.de\/en\/wp-json\/wp\/v2\/posts"}],"about":[{"href":"https:\/\/www.apfelpatient.de\/en\/wp-json\/wp\/v2\/types\/post"}],"author":[{"embeddable":true,"href":"https:\/\/www.apfelpatient.de\/en\/wp-json\/wp\/v2\/users\/2"}],"replies":[{"embeddable":true,"href":"https:\/\/www.apfelpatient.de\/en\/wp-json\/wp\/v2\/comments?post=42507"}],"version-history":[{"count":0,"href":"https:\/\/www.apfelpatient.de\/en\/wp-json\/wp\/v2\/posts\/42507\/revisions"}],"wp:featuredmedia":[{"embeddable":true,"href":"https:\/\/www.apfelpatient.de\/en\/wp-json\/wp\/v2\/media\/42509"}],"wp:attachment":[{"href":"https:\/\/www.apfelpatient.de\/en\/wp-json\/wp\/v2\/media?parent=42507"}],"wp:term":[{"taxonomy":"category","embeddable":true,"href":"https:\/\/www.apfelpatient.de\/en\/wp-json\/wp\/v2\/categories?post=42507"},{"taxonomy":"post_tag","embeddable":true,"href":"https:\/\/www.apfelpatient.de\/en\/wp-json\/wp\/v2\/tags?post=42507"}],"curies":[{"name":"wp","href":"https:\/\/api.w.org\/{rel}","templated":true}]}}