{"id":42500,"date":"2024-03-23T01:03:11","date_gmt":"2024-03-23T00:03:11","guid":{"rendered":"https:\/\/www.apfelpatient.de\/?p=42500"},"modified":"2025-04-11T10:01:33","modified_gmt":"2025-04-11T08:01:33","slug":"a-revolutionary-concept-the-future-macbook-pro-made-of-glass","status":"publish","type":"post","link":"https:\/\/www.apfelpatient.de\/en\/news\/ein-revolutionaeres-konzept-das-zukuenftige-macbook-pro-aus-glas","title":{"rendered":"A revolutionary concept: The future MacBook Pro made of glass"},"content":{"rendered":"<p class=\"has-drop-cap\"><strong>Innovation is at the heart of Apple&#039;s DNA, and the company has once again captivated the world of technology with its latest research revealing the development of a glass MacBook Pro. This groundbreaking idea could forever change not only the way we think about laptops, but also the design and materials they are made from.<\/strong><\/p>\n\n\n\n<p>The pursuit of perfection and passion for innovation drive Apple to continually push the boundaries of what is possible. The glass MacBook Pro concept is the latest example of Apple&#039;s commitment to excellence and its drive to shape the future of technology.<\/p>\n\n\n\n<h3 class=\"wp-block-heading\" id=\"h-die-forschung-und-spekulationen\">The research and speculation<\/h3>\n\n\n\n<p>Apple&#039;s recent patent applications have caught the attention of the tech world. Research suggests that Apple is seriously working on developing a MacBook Pro with a glass back. But that&#039;s just the tip of the iceberg. Some speculation even suggests that this futuristic device could also feature a touchscreen. A closer look at the &quot;Electronic Device&quot; patent application reveals that the main focus is on using glass as the primary material for the laptop&#039;s lid. This decision is not only aesthetically pleasing but also aims to make the MacBook Pro lighter, stronger, and more durable, as the patent reveals.<\/p>\n\n\n\n<figure class=\"wp-block-image size-large\"><img decoding=\"async\" width=\"1024\" height=\"673\" src=\"https:\/\/www.apfelpatient.de\/wp-content\/uploads\/2024\/03\/D5DA2609-9AEB-4AF2-A9A2-DB2368AA7D20-1024x673.png\" alt=\"MacBook Pro Apple Patent\" class=\"wp-image-42502\" srcset=\"https:\/\/www.apfelpatient.de\/wp-content\/uploads\/2024\/03\/D5DA2609-9AEB-4AF2-A9A2-DB2368AA7D20-1024x673.png 1024w, https:\/\/www.apfelpatient.de\/wp-content\/uploads\/2024\/03\/D5DA2609-9AEB-4AF2-A9A2-DB2368AA7D20-300x197.png 300w, https:\/\/www.apfelpatient.de\/wp-content\/uploads\/2024\/03\/D5DA2609-9AEB-4AF2-A9A2-DB2368AA7D20-768x505.png 768w, https:\/\/www.apfelpatient.de\/wp-content\/uploads\/2024\/03\/D5DA2609-9AEB-4AF2-A9A2-DB2368AA7D20-1536x1010.png 1536w, https:\/\/www.apfelpatient.de\/wp-content\/uploads\/2024\/03\/D5DA2609-9AEB-4AF2-A9A2-DB2368AA7D20-750x493.png 750w, https:\/\/www.apfelpatient.de\/wp-content\/uploads\/2024\/03\/D5DA2609-9AEB-4AF2-A9A2-DB2368AA7D20-1140x750.png 1140w, https:\/\/www.apfelpatient.de\/wp-content\/uploads\/2024\/03\/D5DA2609-9AEB-4AF2-A9A2-DB2368AA7D20.png 1600w\" sizes=\"(max-width: 1024px) 100vw, 1024px\" \/><figcaption class=\"wp-element-caption\">Image: US Patent and Trademark Office \/ Apple<\/figcaption><\/figure>\n\n\n\n<h3 class=\"wp-block-heading\" id=\"h-apples-kuhne-vision\">Apple&#039;s bold vision<\/h3>\n\n\n\n<p>The concept of a glass MacBook Pro may seem futuristic at first, but Apple has already proven that it is not afraid to break new ground. The idea of integrating the Apple logo on the back of the laptop into glass underscores the company&#039;s commitment to a seamless fusion of technology and design. Another intriguing aspect of the patent is the potential integration of elements from the iPhone into the MacBook Pro. This vision could not only revolutionize the user experience but also redefine the way we think about interacting with our devices.<\/p>\n\n\n\n<h3 class=\"wp-block-heading\" id=\"h-macbook-pro-ein-blick-in-die-zukunft\">MacBook Pro: A Look into the Future<\/h3>\n\n\n\n\n\n\n\n<p>The concept of a glass MacBook Pro is more than just a technological innovation. It is a milestone on the way to a future where design, functionality and sustainability go hand in hand. With its relentless pursuit of perfection and its ability to push the boundaries of what is possible, Apple will continue to shape and inspire the world of technology. The future of the MacBook Pro has never been more exciting. Are you looking for new accessories? Then take a look&nbsp;<a href=\"https:\/\/www.amazon.de\/shop\/apfelpatientofficial\" target=\"_blank\" rel=\"noreferrer noopener\">in our Amazon Storefront<\/a>&nbsp;- there you will find numerous products from leading providers, also for HomeKit and Co.! (Photo by Unsplash \/ Tianyi Ma)<\/p>\n\n\n\n<ul class=\"wp-block-list\">\n<li><a href=\"https:\/\/www.apfelpatient.de\/en\/news\/patent-reveals-apples-work-on-glass-iphone-and-more\">Patent reveals Apple&#039;s work on glass iPhone and more<\/a><\/li>\n\n\n\n<li><a href=\"https:\/\/www.apfelpatient.de\/en\/news\/apple-patent-shows-an-imac-made-of-glass\">Apple Patent: Will there be an iMac made of glass?<\/a><\/li>\n<\/ul>\n\n\n\n<h6 class=\"wp-block-heading translation-block\" id=\"h-kennt-ihr-schon-unsere-amazon-storefront-dort-findet-ihr-eine-handverlesene-auswahl-von-diversen-produkten-f-r-euer-iphone-und-co-viel-spa-beim-st-bern\"><em>Have you already visited our Amazon Storefront? There you&#039;ll find a hand-picked selection of various products for your iPhone and other devices \u2013 <span class=\"has-inline-color has-vivid-red-color\"><a href=\"https:\/\/www.amazon.de\/shop\/apfelpatientofficial\" class=\"ek-link\" data-wpel-link=\"exclude\" rel=\"follow noopener\" target=\"_self\"><span style=\"text-decoration: underline\" class=\"ek-underline\">enjoy browsing<\/span><\/a> !<\/span><\/em><\/h6>\n\n\n\n<h6 class=\"wp-block-heading translation-block\" id=\"h-der-beitrag-enthalt-partnerlinks\">This post contains <a data-type=\"URL\" data-id=\"https:\/\/www.apfelpatient.de\/partnerprogramm\" href=\"https:\/\/www.apfelpatient.de\/en\/partner-program\" data-wpel-link=\"internal\" target=\"_self\">affiliate links<\/a>.<\/h6>","protected":false},"excerpt":{"rendered":"<p>The glass MacBook Pro: See how innovation and design can redefine the boundaries of technology.<\/p>","protected":false},"author":2,"featured_media":42503,"comment_status":"closed","ping_status":"closed","sticky":false,"template":"","format":"standard","meta":{"jnews-multi-image_gallery":[],"jnews_single_post":{"subtitle":"","format":"standard","video":"","gallery":"","source_name":"","source_url":"","via_name":"","via_url":"","override_template":"0","override":[{"template":"4","single_blog_custom":"","parallax":"1","fullscreen":"1","layout":"right-sidebar","sidebar":"default-sidebar","second_sidebar":"default-sidebar","sticky_sidebar":"1","share_position":"top","share_float_style":"share-monocrhome","show_share_counter":"1","show_view_counter":"1","show_featured":"1","show_post_meta":"1","show_post_author":"1","show_post_author_image":"1","show_post_date":"1","post_date_format":"default","post_date_format_custom":"Y\/m\/d","show_post_category":"1","show_post_reading_time":"0","post_reading_time_wpm":"300","show_zoom_button":"0","zoom_button_out_step":"2","zoom_button_in_step":"3","show_post_tag":"1","show_prev_next_post":"1","show_popup_post":"1","number_popup_post":"1","show_author_box":"0","show_post_related":"0","show_inline_post_related":"0"}],"override_image_size":"0","image_override":[{"single_post_thumbnail_size":"crop-500","single_post_gallery_size":"crop-500"}],"trending_post":"0","trending_post_position":"meta","trending_post_label":"Trending","sponsored_post":"0","sponsored_post_label":"Sponsored by","sponsored_post_name":"","sponsored_post_url":"","sponsored_post_logo_enable":"0","sponsored_post_logo":"","sponsored_post_desc":"","disable_ad":"0"},"jnews_primary_category":{"id":"9","hide":""},"footnotes":""},"categories":[9],"tags":[12],"class_list":["post-42500","post","type-post","status-publish","format-standard","has-post-thumbnail","hentry","category-news","tag-apple-patent"],"yoast_head":"<!-- This site is optimized with the Yoast SEO Premium plugin v27.5 (Yoast SEO v27.5) - https:\/\/yoast.com\/product\/yoast-seo-premium-wordpress\/ -->\n<title>Ein revolution\u00e4res Konzept: Das zuk\u00fcnftige MacBook Pro aus Glas Apfelpatient<\/title>\n<meta name=\"description\" content=\"Das MacBook Pro aus Glas: Erfahre, wie Innovation und Design die Grenzen der Technologie neu definieren k\u00f6nnen.\" \/>\n<meta name=\"robots\" content=\"index, follow, max-snippet:-1, max-image-preview:large, max-video-preview:-1\" \/>\n<link rel=\"canonical\" href=\"https:\/\/www.apfelpatient.de\/en\/news\/a-revolutionary-concept-the-future-macbook-pro-made-of-glass\" \/>\n<meta property=\"og:locale\" content=\"en_US\" \/>\n<meta property=\"og:type\" content=\"article\" \/>\n<meta property=\"og:title\" content=\"Ein revolution\u00e4res Konzept: Das zuk\u00fcnftige MacBook Pro aus Glas\" \/>\n<meta property=\"og:description\" content=\"Das MacBook Pro aus Glas: Erfahre, wie Innovation und Design die Grenzen der Technologie neu definieren k\u00f6nnen.\" \/>\n<meta property=\"og:url\" content=\"https:\/\/www.apfelpatient.de\/en\/news\/a-revolutionary-concept-the-future-macbook-pro-made-of-glass\" \/>\n<meta property=\"og:site_name\" content=\"Apfelpatient\" \/>\n<meta property=\"article:publisher\" content=\"https:\/\/www.facebook.com\/apfelpatientOfficial\" \/>\n<meta property=\"article:author\" content=\"https:\/\/www.facebook.com\/apfelpatientOfficial\" \/>\n<meta property=\"article:published_time\" content=\"2024-03-23T00:03:11+00:00\" \/>\n<meta property=\"article:modified_time\" content=\"2025-04-11T08:01:33+00:00\" \/>\n<meta property=\"og:image\" content=\"https:\/\/www.apfelpatient.de\/wp-content\/uploads\/2024\/03\/tianyi-ma-WiONHd_zYI4-unsplash.jpg\" \/>\n\t<meta property=\"og:image:width\" content=\"1600\" \/>\n\t<meta property=\"og:image:height\" content=\"1058\" \/>\n\t<meta property=\"og:image:type\" content=\"image\/jpeg\" \/>\n<meta name=\"author\" content=\"Milan\" \/>\n<meta name=\"twitter:card\" content=\"summary_large_image\" \/>\n<meta name=\"twitter:description\" content=\"Das MacBook Pro aus Glas: Erfahre, wie Innovation und Design die Grenzen der Technologie neu definieren k\u00f6nnen.\" \/>\n<meta name=\"twitter:label1\" content=\"Written by\" \/>\n\t<meta name=\"twitter:data1\" content=\"Milan\" \/>\n\t<meta name=\"twitter:label2\" content=\"Est. reading time\" \/>\n\t<meta name=\"twitter:data2\" content=\"9 minutes\" \/>\n<script type=\"application\/ld+json\" class=\"yoast-schema-graph\">{\"@context\":\"https:\\\/\\\/schema.org\",\"@graph\":[{\"@type\":\"NewsArticle\",\"@id\":\"https:\\\/\\\/www.apfelpatient.de\\\/news\\\/ein-revolutionaeres-konzept-das-zukuenftige-macbook-pro-aus-glas#article\",\"isPartOf\":{\"@id\":\"https:\\\/\\\/www.apfelpatient.de\\\/news\\\/ein-revolutionaeres-konzept-das-zukuenftige-macbook-pro-aus-glas\"},\"author\":{\"@type\":\"Organization\",\"@id\":\"https:\\\/\\\/www.apfelpatient.de\\\/en\\\/#organization\",\"name\":\"Apfelpatient\",\"url\":\"https:\\\/\\\/www.apfelpatient.de\\\/en\\\/\"},\"headline\":\"Ein revolution\u00e4res Konzept: Das zuk\u00fcnftige MacBook Pro aus Glas\",\"datePublished\":\"2024-03-23T00:03:11+00:00\",\"dateModified\":\"2025-04-11T08:01:33+00:00\",\"mainEntityOfPage\":{\"@id\":\"https:\\\/\\\/www.apfelpatient.de\\\/news\\\/ein-revolutionaeres-konzept-das-zukuenftige-macbook-pro-aus-glas\"},\"wordCount\":492,\"publisher\":{\"@type\":\"Organization\",\"@id\":\"https:\\\/\\\/www.apfelpatient.de\\\/en\\\/#organization\",\"name\":\"Apfelpatient\",\"url\":\"https:\\\/\\\/www.apfelpatient.de\\\/en\\\/\"},\"image\":{\"@id\":\"https:\\\/\\\/www.apfelpatient.de\\\/news\\\/ein-revolutionaeres-konzept-das-zukuenftige-macbook-pro-aus-glas#primaryimage\"},\"thumbnailUrl\":\"https:\\\/\\\/www.apfelpatient.de\\\/wp-content\\\/uploads\\\/2024\\\/03\\\/tianyi-ma-WiONHd_zYI4-unsplash.jpg\",\"keywords\":[\"Apple Patent\"],\"articleSection\":\"News\",\"inLanguage\":\"en-US\",\"copyrightYear\":\"2024\",\"copyrightHolder\":{\"@id\":\"https:\\\/\\\/www.apfelpatient.de\\\/en\\\/#organization\"}},{\"@type\":\"WebPage\",\"@id\":\"https:\\\/\\\/www.apfelpatient.de\\\/news\\\/ein-revolutionaeres-konzept-das-zukuenftige-macbook-pro-aus-glas\",\"url\":\"https:\\\/\\\/www.apfelpatient.de\\\/news\\\/ein-revolutionaeres-konzept-das-zukuenftige-macbook-pro-aus-glas\",\"name\":\"Ein revolution\u00e4res Konzept: Das zuk\u00fcnftige MacBook Pro aus Glas Apfelpatient\",\"isPartOf\":{\"@id\":\"https:\\\/\\\/www.apfelpatient.de\\\/#website\"},\"primaryImageOfPage\":{\"@id\":\"https:\\\/\\\/www.apfelpatient.de\\\/news\\\/ein-revolutionaeres-konzept-das-zukuenftige-macbook-pro-aus-glas#primaryimage\"},\"image\":{\"@id\":\"https:\\\/\\\/www.apfelpatient.de\\\/news\\\/ein-revolutionaeres-konzept-das-zukuenftige-macbook-pro-aus-glas#primaryimage\"},\"thumbnailUrl\":\"https:\\\/\\\/www.apfelpatient.de\\\/wp-content\\\/uploads\\\/2024\\\/03\\\/tianyi-ma-WiONHd_zYI4-unsplash.jpg\",\"datePublished\":\"2024-03-23T00:03:11+00:00\",\"dateModified\":\"2025-04-11T08:01:33+00:00\",\"description\":\"Das MacBook Pro aus Glas: Erfahre, wie Innovation und Design die Grenzen der Technologie neu definieren k\u00f6nnen.\",\"breadcrumb\":{\"@id\":\"https:\\\/\\\/www.apfelpatient.de\\\/news\\\/ein-revolutionaeres-konzept-das-zukuenftige-macbook-pro-aus-glas#breadcrumb\"},\"inLanguage\":\"en-US\",\"potentialAction\":[{\"@type\":\"ReadAction\",\"target\":[\"https:\\\/\\\/www.apfelpatient.de\\\/news\\\/ein-revolutionaeres-konzept-das-zukuenftige-macbook-pro-aus-glas\"]}]},{\"@type\":\"ImageObject\",\"inLanguage\":\"en-US\",\"@id\":\"https:\\\/\\\/www.apfelpatient.de\\\/news\\\/ein-revolutionaeres-konzept-das-zukuenftige-macbook-pro-aus-glas#primaryimage\",\"url\":\"https:\\\/\\\/www.apfelpatient.de\\\/wp-content\\\/uploads\\\/2024\\\/03\\\/tianyi-ma-WiONHd_zYI4-unsplash.jpg\",\"contentUrl\":\"https:\\\/\\\/www.apfelpatient.de\\\/wp-content\\\/uploads\\\/2024\\\/03\\\/tianyi-ma-WiONHd_zYI4-unsplash.jpg\",\"width\":1600,\"height\":1058,\"caption\":\"Photo by Unsplash \\\/ Tianyi Ma\"},{\"@type\":\"BreadcrumbList\",\"@id\":\"https:\\\/\\\/www.apfelpatient.de\\\/news\\\/ein-revolutionaeres-konzept-das-zukuenftige-macbook-pro-aus-glas#breadcrumb\",\"itemListElement\":[{\"@type\":\"ListItem\",\"position\":1,\"name\":\"Startseite\",\"item\":\"https:\\\/\\\/www.apfelpatient.de\\\/\"},{\"@type\":\"ListItem\",\"position\":2,\"name\":\"Ein revolution\u00e4res Konzept: Das zuk\u00fcnftige MacBook Pro aus Glas\"}]},{\"@type\":\"WebSite\",\"@id\":\"https:\\\/\\\/www.apfelpatient.de\\\/#website\",\"url\":\"https:\\\/\\\/www.apfelpatient.de\\\/\",\"name\":\"Apfelpatient\",\"description\":\"Alles rund um Apple!\",\"publisher\":{\"@type\":\"Organization\",\"@id\":\"https:\\\/\\\/www.apfelpatient.de\\\/en\\\/#organization\",\"name\":\"Apfelpatient\",\"url\":\"https:\\\/\\\/www.apfelpatient.de\\\/en\\\/\"},\"alternateName\":\"Apfelpatient\",\"potentialAction\":[{\"@type\":\"SearchAction\",\"target\":{\"@type\":\"EntryPoint\",\"urlTemplate\":\"https:\\\/\\\/www.apfelpatient.de\\\/?s={search_term_string}\"},\"query-input\":{\"@type\":\"PropertyValueSpecification\",\"valueRequired\":true,\"valueName\":\"search_term_string\"}}],\"inLanguage\":\"en-US\"},{\"@type\":[\"Person\",\"Organization\"],\"@id\":\"https:\\\/\\\/www.apfelpatient.de\\\/#\\\/schema\\\/person\\\/35b3ddba5832f2bfc7fff5206d4f6b7b\",\"name\":\"Milan\",\"logo\":{\"@id\":\"https:\\\/\\\/www.apfelpatient.de\\\/#\\\/schema\\\/person\\\/image\\\/\"},\"description\":\"Hallo und herzlich willkommen auf meinem Technik-Blog! Als gro\u00dfer Apple-Fan berichte ich hier \u00fcber alles, was mit Apple zu tun hat: von den neuesten News und spannenden Ger\u00fcchten \u00fcber hilfreiche Tipps und Tricks bis hin zu ausf\u00fchrlichen Produkttests. Wenn du genauso technikbegeistert bist wie ich, bist du hier genau richtig!\",\"sameAs\":[\"https:\\\/\\\/www.facebook.com\\\/apfelpatientOfficial\",\"https:\\\/\\\/www.linkedin.com\\\/in\\\/milan-jovicic-42aa0231b\"],\"url\":\"https:\\\/\\\/www.apfelpatient.de\\\/en\\\/author\\\/apfeladmin\"}]}<\/script>\n<!-- \/ Yoast SEO Premium plugin. -->","yoast_head_json":{"title":"A revolutionary concept: The future MacBook Pro made of glass Apfelpatient","description":"The glass MacBook Pro: See how innovation and design can redefine the boundaries of technology.","robots":{"index":"index","follow":"follow","max-snippet":"max-snippet:-1","max-image-preview":"max-image-preview:large","max-video-preview":"max-video-preview:-1"},"canonical":"https:\/\/www.apfelpatient.de\/en\/news\/a-revolutionary-concept-the-future-macbook-pro-made-of-glass","og_locale":"en_US","og_type":"article","og_title":"Ein revolution\u00e4res Konzept: Das zuk\u00fcnftige MacBook Pro aus Glas","og_description":"Das MacBook Pro aus Glas: Erfahre, wie Innovation und Design die Grenzen der Technologie neu definieren k\u00f6nnen.","og_url":"https:\/\/www.apfelpatient.de\/en\/news\/a-revolutionary-concept-the-future-macbook-pro-made-of-glass","og_site_name":"Apfelpatient","article_publisher":"https:\/\/www.facebook.com\/apfelpatientOfficial","article_author":"https:\/\/www.facebook.com\/apfelpatientOfficial","article_published_time":"2024-03-23T00:03:11+00:00","article_modified_time":"2025-04-11T08:01:33+00:00","og_image":[{"width":1600,"height":1058,"url":"https:\/\/www.apfelpatient.de\/wp-content\/uploads\/2024\/03\/tianyi-ma-WiONHd_zYI4-unsplash.jpg","type":"image\/jpeg"}],"author":"Milan","twitter_card":"summary_large_image","twitter_description":"Das MacBook Pro aus Glas: Erfahre, wie Innovation und Design die Grenzen der Technologie neu definieren k\u00f6nnen.","twitter_misc":{"Written by":"Milan","Est. reading time":"9 minutes"},"schema":{"@context":"https:\/\/schema.org","@graph":[{"@type":"NewsArticle","@id":"https:\/\/www.apfelpatient.de\/news\/ein-revolutionaeres-konzept-das-zukuenftige-macbook-pro-aus-glas#article","isPartOf":{"@id":"https:\/\/www.apfelpatient.de\/news\/ein-revolutionaeres-konzept-das-zukuenftige-macbook-pro-aus-glas"},"author":{"@type":"Organization","@id":"https:\/\/www.apfelpatient.de\/en\/#organization","name":"Apfelpatient","url":"https:\/\/www.apfelpatient.de\/en\/"},"headline":"Ein revolution\u00e4res Konzept: Das zuk\u00fcnftige MacBook Pro aus Glas","datePublished":"2024-03-23T00:03:11+00:00","dateModified":"2025-04-11T08:01:33+00:00","mainEntityOfPage":{"@id":"https:\/\/www.apfelpatient.de\/news\/ein-revolutionaeres-konzept-das-zukuenftige-macbook-pro-aus-glas"},"wordCount":492,"publisher":{"@type":"Organization","@id":"https:\/\/www.apfelpatient.de\/en\/#organization","name":"Apfelpatient","url":"https:\/\/www.apfelpatient.de\/en\/"},"image":{"@id":"https:\/\/www.apfelpatient.de\/news\/ein-revolutionaeres-konzept-das-zukuenftige-macbook-pro-aus-glas#primaryimage"},"thumbnailUrl":"https:\/\/www.apfelpatient.de\/wp-content\/uploads\/2024\/03\/tianyi-ma-WiONHd_zYI4-unsplash.jpg","keywords":["Apple Patent"],"articleSection":"News","inLanguage":"en-US","copyrightYear":"2024","copyrightHolder":{"@id":"https:\/\/www.apfelpatient.de\/en\/#organization"}},{"@type":"WebPage","@id":"https:\/\/www.apfelpatient.de\/news\/ein-revolutionaeres-konzept-das-zukuenftige-macbook-pro-aus-glas","url":"https:\/\/www.apfelpatient.de\/news\/ein-revolutionaeres-konzept-das-zukuenftige-macbook-pro-aus-glas","name":"A revolutionary concept: The future MacBook Pro made of glass Apfelpatient","isPartOf":{"@id":"https:\/\/www.apfelpatient.de\/#website"},"primaryImageOfPage":{"@id":"https:\/\/www.apfelpatient.de\/news\/ein-revolutionaeres-konzept-das-zukuenftige-macbook-pro-aus-glas#primaryimage"},"image":{"@id":"https:\/\/www.apfelpatient.de\/news\/ein-revolutionaeres-konzept-das-zukuenftige-macbook-pro-aus-glas#primaryimage"},"thumbnailUrl":"https:\/\/www.apfelpatient.de\/wp-content\/uploads\/2024\/03\/tianyi-ma-WiONHd_zYI4-unsplash.jpg","datePublished":"2024-03-23T00:03:11+00:00","dateModified":"2025-04-11T08:01:33+00:00","description":"The glass MacBook Pro: See how innovation and design can redefine the boundaries of technology.","breadcrumb":{"@id":"https:\/\/www.apfelpatient.de\/news\/ein-revolutionaeres-konzept-das-zukuenftige-macbook-pro-aus-glas#breadcrumb"},"inLanguage":"en-US","potentialAction":[{"@type":"ReadAction","target":["https:\/\/www.apfelpatient.de\/news\/ein-revolutionaeres-konzept-das-zukuenftige-macbook-pro-aus-glas"]}]},{"@type":"ImageObject","inLanguage":"en-US","@id":"https:\/\/www.apfelpatient.de\/news\/ein-revolutionaeres-konzept-das-zukuenftige-macbook-pro-aus-glas#primaryimage","url":"https:\/\/www.apfelpatient.de\/wp-content\/uploads\/2024\/03\/tianyi-ma-WiONHd_zYI4-unsplash.jpg","contentUrl":"https:\/\/www.apfelpatient.de\/wp-content\/uploads\/2024\/03\/tianyi-ma-WiONHd_zYI4-unsplash.jpg","width":1600,"height":1058,"caption":"Photo by Unsplash \/ Tianyi Ma"},{"@type":"BreadcrumbList","@id":"https:\/\/www.apfelpatient.de\/news\/ein-revolutionaeres-konzept-das-zukuenftige-macbook-pro-aus-glas#breadcrumb","itemListElement":[{"@type":"ListItem","position":1,"name":"Startseite","item":"https:\/\/www.apfelpatient.de\/"},{"@type":"ListItem","position":2,"name":"Ein revolution\u00e4res Konzept: Das zuk\u00fcnftige MacBook Pro aus Glas"}]},{"@type":"WebSite","@id":"https:\/\/www.apfelpatient.de\/#website","url":"https:\/\/www.apfelpatient.de\/","name":"apple patient","description":"Everything about Apple!","publisher":{"@type":"Organization","@id":"https:\/\/www.apfelpatient.de\/en\/#organization","name":"Apfelpatient","url":"https:\/\/www.apfelpatient.de\/en\/"},"alternateName":"Apfelpatient","potentialAction":[{"@type":"SearchAction","target":{"@type":"EntryPoint","urlTemplate":"https:\/\/www.apfelpatient.de\/?s={search_term_string}"},"query-input":{"@type":"PropertyValueSpecification","valueRequired":true,"valueName":"search_term_string"}}],"inLanguage":"en-US"},{"@type":["Person","Organization"],"@id":"https:\/\/www.apfelpatient.de\/#\/schema\/person\/35b3ddba5832f2bfc7fff5206d4f6b7b","name":"Milan","logo":{"@id":"https:\/\/www.apfelpatient.de\/#\/schema\/person\/image\/"},"description":"Hello and welcome to my technology blog! As a big Apple fan, I report on everything to do with Apple: from the latest news and exciting rumors to helpful tips and tricks and detailed product tests. If you are as enthusiastic about technology as I am, you have come to the right place!","sameAs":["https:\/\/www.facebook.com\/apfelpatientOfficial","https:\/\/www.linkedin.com\/in\/milan-jovicic-42aa0231b"],"url":"https:\/\/www.apfelpatient.de\/en\/author\/apfeladmin"}]}},"_links":{"self":[{"href":"https:\/\/www.apfelpatient.de\/en\/wp-json\/wp\/v2\/posts\/42500","targetHints":{"allow":["GET"]}}],"collection":[{"href":"https:\/\/www.apfelpatient.de\/en\/wp-json\/wp\/v2\/posts"}],"about":[{"href":"https:\/\/www.apfelpatient.de\/en\/wp-json\/wp\/v2\/types\/post"}],"author":[{"embeddable":true,"href":"https:\/\/www.apfelpatient.de\/en\/wp-json\/wp\/v2\/users\/2"}],"replies":[{"embeddable":true,"href":"https:\/\/www.apfelpatient.de\/en\/wp-json\/wp\/v2\/comments?post=42500"}],"version-history":[{"count":0,"href":"https:\/\/www.apfelpatient.de\/en\/wp-json\/wp\/v2\/posts\/42500\/revisions"}],"wp:featuredmedia":[{"embeddable":true,"href":"https:\/\/www.apfelpatient.de\/en\/wp-json\/wp\/v2\/media\/42503"}],"wp:attachment":[{"href":"https:\/\/www.apfelpatient.de\/en\/wp-json\/wp\/v2\/media?parent=42500"}],"wp:term":[{"taxonomy":"category","embeddable":true,"href":"https:\/\/www.apfelpatient.de\/en\/wp-json\/wp\/v2\/categories?post=42500"},{"taxonomy":"post_tag","embeddable":true,"href":"https:\/\/www.apfelpatient.de\/en\/wp-json\/wp\/v2\/tags?post=42500"}],"curies":[{"name":"wp","href":"https:\/\/api.w.org\/{rel}","templated":true}]}}