{"id":42494,"date":"2024-03-21T15:52:49","date_gmt":"2024-03-21T14:52:49","guid":{"rendered":"https:\/\/www.apfelpatient.de\/?p=42494"},"modified":"2024-03-21T15:52:50","modified_gmt":"2024-03-21T14:52:50","slug":"gurman-no-ipad-announcement-planned-for-march-26th","status":"publish","type":"post","link":"https:\/\/www.apfelpatient.de\/en\/rumors\/gurman-keine-ipad-ankuendigung-fuer-den-26-maerz-geplant","title":{"rendered":"Gurman: No iPad announcement planned for March 26"},"content":{"rendered":"<p class=\"has-drop-cap\"><strong>The excitement surrounding Apple&#039;s upcoming iPad models has reached a fever pitch in recent days, with speculations about an imminent announcement on March 26 being fueled by leaks and rumors. However, the latest information from Mark Gurman, a renowned expert in the tech world, has put a damper on these speculations.<\/strong><\/p>\n\n\n\n<p>Mark Gurman, known for his accurate predictions about upcoming Apple products, has <a href=\"https:\/\/twitter.com\/markgurman\/status\/1770662077449093624\" target=\"_blank\" rel=\"noreferrer noopener\">clarified<\/a>that an iPad announcement on March 26 is not planned. While this news may be disappointing for some, it&#039;s worth taking a closer look at what we can expect instead.<\/p>\n\n\n\n<h3 class=\"wp-block-heading\" id=\"h-prazisierung-des-zeitplans-fur-die-markteinfuhrung-der-neuen-tablets\">Clarification of the timetable for the market launch of the new tablets<\/h3>\n\n\n\n<p>In the latest edition of his Power On newsletter, Gurman clarified the timeline a bit. He said that the &quot;variant of iPadOS 17.4&quot; that will ship on the new iPad models won&#039;t be ready until the end of the month at the earliest, and that it could take &quot;a couple of weeks&quot; for the software to be installed on the first shipments. That timeline, Gurman said, will likely push the launch of the new iPads into next month, although an announcement could come a little sooner.<\/p>\n\n\n\n<h3 class=\"wp-block-heading\" id=\"h-was-konnen-wir-von-diesen-neuen-ipad-modellen-erwarten\">What can we expect from these new iPad models?<\/h3>\n\n\n\n\n\n\n\n<p>According to reports, the revamped iPad Pro models will feature groundbreaking OLED displays, Apple&#039;s powerful M3 chip, and other improvements. A new 12.9-inch variant of the iPad Air is also expected, which is sure to catch the attention of many. But that&#039;s not all. Apple is reportedly planning to launch a brand new Magic Keyboard specifically for the iPad Pro, as well as an improved Apple Pencil that will expand the possibilities of drawing and taking notes on the iPad. Although Gurman didn&#039;t give any specific launch dates, his hints suggest that we can probably expect next month to get our hands on the new iPad models. However, an announcement could come sooner, further raising the excitement for Apple enthusiasts. (Photo by Unsplash \/ CardMapr.nl)<\/p>\n\n\n\n<ul class=\"wp-block-list\">\n<li><a href=\"https:\/\/www.apfelpatient.de\/en\/rumors\/ipad-pro-thinner-edges-and-innovative-features-expected\">iPad Pro: Thinner bezels and innovative features expected<\/a><\/li>\n<\/ul>\n\n\n\n<h6 class=\"wp-block-heading translation-block\" id=\"h-kennt-ihr-schon-unsere-amazon-storefront-dort-findet-ihr-eine-handverlesene-auswahl-von-diversen-produkten-f-r-euer-iphone-und-co-viel-spa-beim-st-bern\"><em>Have you already visited our Amazon Storefront? There you&#039;ll find a hand-picked selection of various products for your iPhone and other devices \u2013 <span class=\"has-inline-color has-vivid-red-color\"><a href=\"https:\/\/www.amazon.de\/shop\/apfelpatientofficial\" class=\"ek-link\" data-wpel-link=\"exclude\" rel=\"follow noopener\" target=\"_self\"><span style=\"text-decoration: underline\" class=\"ek-underline\">enjoy browsing<\/span><\/a> !<\/span><\/em><\/h6>\n\n\n\n<h6 class=\"wp-block-heading translation-block\" id=\"h-der-beitrag-enthalt-partnerlinks\">This post contains <a data-type=\"URL\" data-id=\"https:\/\/www.apfelpatient.de\/partnerprogramm\" href=\"https:\/\/www.apfelpatient.de\/en\/partner-program\" data-wpel-link=\"internal\" target=\"_self\">affiliate links<\/a>.<\/h6>","protected":false},"excerpt":{"rendered":"<p>Mark Gurman: No iPad announcement for March 26! Find out what the detailed schedules for the new iPad models mean and more.<\/p>","protected":false},"author":2,"featured_media":42496,"comment_status":"closed","ping_status":"closed","sticky":false,"template":"","format":"standard","meta":{"jnews-multi-image_gallery":[],"jnews_single_post":{"subtitle":"","format":"standard","video":"","gallery":"","source_name":"","source_url":"","via_name":"","via_url":"","override_template":"0","override":[{"template":"4","single_blog_custom":"","parallax":"1","fullscreen":"1","layout":"right-sidebar","sidebar":"default-sidebar","second_sidebar":"default-sidebar","sticky_sidebar":"1","share_position":"top","share_float_style":"share-monocrhome","show_share_counter":"1","show_view_counter":"1","show_featured":"1","show_post_meta":"1","show_post_author":"1","show_post_author_image":"1","show_post_date":"1","post_date_format":"default","post_date_format_custom":"Y\/m\/d","show_post_category":"1","show_post_reading_time":"0","post_reading_time_wpm":"300","show_zoom_button":"0","zoom_button_out_step":"2","zoom_button_in_step":"3","show_post_tag":"1","show_prev_next_post":"1","show_popup_post":"1","number_popup_post":"1","show_author_box":"0","show_post_related":"0","show_inline_post_related":"0"}],"override_image_size":"0","image_override":[{"single_post_thumbnail_size":"crop-500","single_post_gallery_size":"crop-500"}],"trending_post":"0","trending_post_position":"meta","trending_post_label":"Trending","sponsored_post":"0","sponsored_post_label":"Sponsored by","sponsored_post_name":"","sponsored_post_url":"","sponsored_post_logo_enable":"0","sponsored_post_logo":"","sponsored_post_desc":"","disable_ad":"0"},"jnews_primary_category":{"id":"25","hide":""},"footnotes":""},"categories":[25],"tags":[18,240,66],"class_list":["post-42494","post","type-post","status-publish","format-standard","has-post-thumbnail","hentry","category-rumors","tag-ipad","tag-ipad-air","tag-ipad-pro"],"yoast_head":"<!-- This site is optimized with the Yoast SEO Premium plugin v27.5 (Yoast SEO v27.5) - https:\/\/yoast.com\/product\/yoast-seo-premium-wordpress\/ -->\n<title>Gurman: Keine iPad-Ank\u00fcndigung f\u00fcr den 26. M\u00e4rz geplant Apfelpatient<\/title>\n<meta name=\"description\" content=\"Mark Gurman: Keine iPad-Ank\u00fcndigung f\u00fcr den 26. M\u00e4rz! Erfahre, was die pr\u00e4zisierten Zeitpl\u00e4ne f\u00fcr die neuen iPad-Modelle bedeuten und mehr.\" \/>\n<meta name=\"robots\" content=\"index, follow, max-snippet:-1, max-image-preview:large, max-video-preview:-1\" \/>\n<link rel=\"canonical\" href=\"https:\/\/www.apfelpatient.de\/en\/rumors\/gurman-no-ipad-announcement-planned-for-march-26th\" \/>\n<meta property=\"og:locale\" content=\"en_US\" \/>\n<meta property=\"og:type\" content=\"article\" \/>\n<meta property=\"og:title\" content=\"Gurman: Keine iPad-Ank\u00fcndigung f\u00fcr den 26. M\u00e4rz geplant\" \/>\n<meta property=\"og:description\" content=\"Mark Gurman: Keine iPad-Ank\u00fcndigung f\u00fcr den 26. M\u00e4rz! Erfahre, was die pr\u00e4zisierten Zeitpl\u00e4ne f\u00fcr die neuen iPad-Modelle bedeuten und mehr.\" \/>\n<meta property=\"og:url\" content=\"https:\/\/www.apfelpatient.de\/en\/rumors\/gurman-no-ipad-announcement-planned-for-march-26th\" \/>\n<meta property=\"og:site_name\" content=\"Apfelpatient\" \/>\n<meta property=\"article:publisher\" content=\"https:\/\/www.facebook.com\/apfelpatientOfficial\" \/>\n<meta property=\"article:author\" content=\"https:\/\/www.facebook.com\/apfelpatientOfficial\" \/>\n<meta property=\"article:published_time\" content=\"2024-03-21T14:52:49+00:00\" \/>\n<meta property=\"article:modified_time\" content=\"2024-03-21T14:52:50+00:00\" \/>\n<meta property=\"og:image\" content=\"https:\/\/www.apfelpatient.de\/wp-content\/uploads\/2024\/03\/cardmapr-nl-BqVslqlJTm0-unsplash.jpg\" \/>\n\t<meta property=\"og:image:width\" content=\"1600\" \/>\n\t<meta property=\"og:image:height\" content=\"1069\" \/>\n\t<meta property=\"og:image:type\" content=\"image\/jpeg\" \/>\n<meta name=\"author\" content=\"Milan\" \/>\n<meta name=\"twitter:card\" content=\"summary_large_image\" \/>\n<meta name=\"twitter:description\" content=\"Mark Gurman: Keine iPad-Ank\u00fcndigung f\u00fcr den 26. M\u00e4rz! Erfahre, was die pr\u00e4zisierten Zeitpl\u00e4ne f\u00fcr die neuen iPad-Modelle bedeuten und mehr.\" \/>\n<meta name=\"twitter:label1\" content=\"Written by\" \/>\n\t<meta name=\"twitter:data1\" content=\"Milan\" \/>\n\t<meta name=\"twitter:label2\" content=\"Est. reading time\" \/>\n\t<meta name=\"twitter:data2\" content=\"3 minutes\" \/>\n<script type=\"application\/ld+json\" class=\"yoast-schema-graph\">{\"@context\":\"https:\\\/\\\/schema.org\",\"@graph\":[{\"@type\":\"NewsArticle\",\"@id\":\"https:\\\/\\\/www.apfelpatient.de\\\/rumors\\\/gurman-keine-ipad-ankuendigung-fuer-den-26-maerz-geplant#article\",\"isPartOf\":{\"@id\":\"https:\\\/\\\/www.apfelpatient.de\\\/rumors\\\/gurman-keine-ipad-ankuendigung-fuer-den-26-maerz-geplant\"},\"author\":{\"@type\":\"Organization\",\"@id\":\"https:\\\/\\\/www.apfelpatient.de\\\/en\\\/#organization\",\"name\":\"Apfelpatient\",\"url\":\"https:\\\/\\\/www.apfelpatient.de\\\/en\\\/\"},\"headline\":\"Gurman: Keine iPad-Ank\u00fcndigung f\u00fcr den 26. M\u00e4rz geplant\",\"datePublished\":\"2024-03-21T14:52:49+00:00\",\"dateModified\":\"2024-03-21T14:52:50+00:00\",\"mainEntityOfPage\":{\"@id\":\"https:\\\/\\\/www.apfelpatient.de\\\/rumors\\\/gurman-keine-ipad-ankuendigung-fuer-den-26-maerz-geplant\"},\"wordCount\":366,\"publisher\":{\"@type\":\"Organization\",\"@id\":\"https:\\\/\\\/www.apfelpatient.de\\\/en\\\/#organization\",\"name\":\"Apfelpatient\",\"url\":\"https:\\\/\\\/www.apfelpatient.de\\\/en\\\/\"},\"image\":{\"@id\":\"https:\\\/\\\/www.apfelpatient.de\\\/rumors\\\/gurman-keine-ipad-ankuendigung-fuer-den-26-maerz-geplant#primaryimage\"},\"thumbnailUrl\":\"https:\\\/\\\/www.apfelpatient.de\\\/wp-content\\\/uploads\\\/2024\\\/03\\\/cardmapr-nl-BqVslqlJTm0-unsplash.jpg\",\"keywords\":[\"iPad\",\"iPad Air\",\"iPad Pro\"],\"articleSection\":\"Rumors\",\"inLanguage\":\"en-US\",\"copyrightYear\":\"2024\",\"copyrightHolder\":{\"@id\":\"https:\\\/\\\/www.apfelpatient.de\\\/en\\\/#organization\"}},{\"@type\":\"WebPage\",\"@id\":\"https:\\\/\\\/www.apfelpatient.de\\\/rumors\\\/gurman-keine-ipad-ankuendigung-fuer-den-26-maerz-geplant\",\"url\":\"https:\\\/\\\/www.apfelpatient.de\\\/rumors\\\/gurman-keine-ipad-ankuendigung-fuer-den-26-maerz-geplant\",\"name\":\"Gurman: Keine iPad-Ank\u00fcndigung f\u00fcr den 26. M\u00e4rz geplant Apfelpatient\",\"isPartOf\":{\"@id\":\"https:\\\/\\\/www.apfelpatient.de\\\/#website\"},\"primaryImageOfPage\":{\"@id\":\"https:\\\/\\\/www.apfelpatient.de\\\/rumors\\\/gurman-keine-ipad-ankuendigung-fuer-den-26-maerz-geplant#primaryimage\"},\"image\":{\"@id\":\"https:\\\/\\\/www.apfelpatient.de\\\/rumors\\\/gurman-keine-ipad-ankuendigung-fuer-den-26-maerz-geplant#primaryimage\"},\"thumbnailUrl\":\"https:\\\/\\\/www.apfelpatient.de\\\/wp-content\\\/uploads\\\/2024\\\/03\\\/cardmapr-nl-BqVslqlJTm0-unsplash.jpg\",\"datePublished\":\"2024-03-21T14:52:49+00:00\",\"dateModified\":\"2024-03-21T14:52:50+00:00\",\"description\":\"Mark Gurman: Keine iPad-Ank\u00fcndigung f\u00fcr den 26. M\u00e4rz! Erfahre, was die pr\u00e4zisierten Zeitpl\u00e4ne f\u00fcr die neuen iPad-Modelle bedeuten und mehr.\",\"breadcrumb\":{\"@id\":\"https:\\\/\\\/www.apfelpatient.de\\\/rumors\\\/gurman-keine-ipad-ankuendigung-fuer-den-26-maerz-geplant#breadcrumb\"},\"inLanguage\":\"en-US\",\"potentialAction\":[{\"@type\":\"ReadAction\",\"target\":[\"https:\\\/\\\/www.apfelpatient.de\\\/rumors\\\/gurman-keine-ipad-ankuendigung-fuer-den-26-maerz-geplant\"]}]},{\"@type\":\"ImageObject\",\"inLanguage\":\"en-US\",\"@id\":\"https:\\\/\\\/www.apfelpatient.de\\\/rumors\\\/gurman-keine-ipad-ankuendigung-fuer-den-26-maerz-geplant#primaryimage\",\"url\":\"https:\\\/\\\/www.apfelpatient.de\\\/wp-content\\\/uploads\\\/2024\\\/03\\\/cardmapr-nl-BqVslqlJTm0-unsplash.jpg\",\"contentUrl\":\"https:\\\/\\\/www.apfelpatient.de\\\/wp-content\\\/uploads\\\/2024\\\/03\\\/cardmapr-nl-BqVslqlJTm0-unsplash.jpg\",\"width\":1600,\"height\":1069,\"caption\":\"Photo by Unsplash \\\/ CardMapr.nl\"},{\"@type\":\"BreadcrumbList\",\"@id\":\"https:\\\/\\\/www.apfelpatient.de\\\/rumors\\\/gurman-keine-ipad-ankuendigung-fuer-den-26-maerz-geplant#breadcrumb\",\"itemListElement\":[{\"@type\":\"ListItem\",\"position\":1,\"name\":\"Startseite\",\"item\":\"https:\\\/\\\/www.apfelpatient.de\\\/\"},{\"@type\":\"ListItem\",\"position\":2,\"name\":\"Gurman: Keine iPad-Ank\u00fcndigung f\u00fcr den 26. M\u00e4rz geplant\"}]},{\"@type\":\"WebSite\",\"@id\":\"https:\\\/\\\/www.apfelpatient.de\\\/#website\",\"url\":\"https:\\\/\\\/www.apfelpatient.de\\\/\",\"name\":\"Apfelpatient\",\"description\":\"Alles rund um Apple!\",\"publisher\":{\"@type\":\"Organization\",\"@id\":\"https:\\\/\\\/www.apfelpatient.de\\\/en\\\/#organization\",\"name\":\"Apfelpatient\",\"url\":\"https:\\\/\\\/www.apfelpatient.de\\\/en\\\/\"},\"alternateName\":\"Apfelpatient\",\"potentialAction\":[{\"@type\":\"SearchAction\",\"target\":{\"@type\":\"EntryPoint\",\"urlTemplate\":\"https:\\\/\\\/www.apfelpatient.de\\\/?s={search_term_string}\"},\"query-input\":{\"@type\":\"PropertyValueSpecification\",\"valueRequired\":true,\"valueName\":\"search_term_string\"}}],\"inLanguage\":\"en-US\"},{\"@type\":[\"Person\",\"Organization\"],\"@id\":\"https:\\\/\\\/www.apfelpatient.de\\\/#\\\/schema\\\/person\\\/7dc56ad6c8e9824b76d2c08d4c140e13\",\"name\":\"Milan\",\"logo\":{\"@id\":\"https:\\\/\\\/www.apfelpatient.de\\\/#\\\/schema\\\/person\\\/image\\\/\"},\"description\":\"Hallo und herzlich willkommen auf meinem Technik-Blog! Als gro\u00dfer Apple-Fan berichte ich hier \u00fcber alles, was mit Apple zu tun hat: von den neuesten News und spannenden Ger\u00fcchten \u00fcber hilfreiche Tipps und Tricks bis hin zu ausf\u00fchrlichen Produkttests. Wenn du genauso technikbegeistert bist wie ich, bist du hier genau richtig!\",\"sameAs\":[\"https:\\\/\\\/www.facebook.com\\\/apfelpatientOfficial\",\"https:\\\/\\\/www.linkedin.com\\\/in\\\/milan-jovicic-42aa0231b\"],\"url\":\"https:\\\/\\\/www.apfelpatient.de\\\/en\\\/author\\\/apfeladmin\"}]}<\/script>\n<!-- \/ Yoast SEO Premium plugin. -->","yoast_head_json":{"title":"Gurman: No iPad announcement planned for March 26th Apfelpatient","description":"Mark Gurman: No iPad announcement for March 26! Find out what the detailed schedules for the new iPad models mean and more.","robots":{"index":"index","follow":"follow","max-snippet":"max-snippet:-1","max-image-preview":"max-image-preview:large","max-video-preview":"max-video-preview:-1"},"canonical":"https:\/\/www.apfelpatient.de\/en\/rumors\/gurman-no-ipad-announcement-planned-for-march-26th","og_locale":"en_US","og_type":"article","og_title":"Gurman: Keine iPad-Ank\u00fcndigung f\u00fcr den 26. M\u00e4rz geplant","og_description":"Mark Gurman: Keine iPad-Ank\u00fcndigung f\u00fcr den 26. M\u00e4rz! Erfahre, was die pr\u00e4zisierten Zeitpl\u00e4ne f\u00fcr die neuen iPad-Modelle bedeuten und mehr.","og_url":"https:\/\/www.apfelpatient.de\/en\/rumors\/gurman-no-ipad-announcement-planned-for-march-26th","og_site_name":"Apfelpatient","article_publisher":"https:\/\/www.facebook.com\/apfelpatientOfficial","article_author":"https:\/\/www.facebook.com\/apfelpatientOfficial","article_published_time":"2024-03-21T14:52:49+00:00","article_modified_time":"2024-03-21T14:52:50+00:00","og_image":[{"width":1600,"height":1069,"url":"https:\/\/www.apfelpatient.de\/wp-content\/uploads\/2024\/03\/cardmapr-nl-BqVslqlJTm0-unsplash.jpg","type":"image\/jpeg"}],"author":"Milan","twitter_card":"summary_large_image","twitter_description":"Mark Gurman: Keine iPad-Ank\u00fcndigung f\u00fcr den 26. M\u00e4rz! Erfahre, was die pr\u00e4zisierten Zeitpl\u00e4ne f\u00fcr die neuen iPad-Modelle bedeuten und mehr.","twitter_misc":{"Written by":"Milan","Est. reading time":"3 minutes"},"schema":{"@context":"https:\/\/schema.org","@graph":[{"@type":"NewsArticle","@id":"https:\/\/www.apfelpatient.de\/rumors\/gurman-keine-ipad-ankuendigung-fuer-den-26-maerz-geplant#article","isPartOf":{"@id":"https:\/\/www.apfelpatient.de\/rumors\/gurman-keine-ipad-ankuendigung-fuer-den-26-maerz-geplant"},"author":{"@type":"Organization","@id":"https:\/\/www.apfelpatient.de\/en\/#organization","name":"Apfelpatient","url":"https:\/\/www.apfelpatient.de\/en\/"},"headline":"Gurman: Keine iPad-Ank\u00fcndigung f\u00fcr den 26. M\u00e4rz geplant","datePublished":"2024-03-21T14:52:49+00:00","dateModified":"2024-03-21T14:52:50+00:00","mainEntityOfPage":{"@id":"https:\/\/www.apfelpatient.de\/rumors\/gurman-keine-ipad-ankuendigung-fuer-den-26-maerz-geplant"},"wordCount":366,"publisher":{"@type":"Organization","@id":"https:\/\/www.apfelpatient.de\/en\/#organization","name":"Apfelpatient","url":"https:\/\/www.apfelpatient.de\/en\/"},"image":{"@id":"https:\/\/www.apfelpatient.de\/rumors\/gurman-keine-ipad-ankuendigung-fuer-den-26-maerz-geplant#primaryimage"},"thumbnailUrl":"https:\/\/www.apfelpatient.de\/wp-content\/uploads\/2024\/03\/cardmapr-nl-BqVslqlJTm0-unsplash.jpg","keywords":["iPad","iPad Air","iPad Pro"],"articleSection":"Rumors","inLanguage":"en-US","copyrightYear":"2024","copyrightHolder":{"@id":"https:\/\/www.apfelpatient.de\/en\/#organization"}},{"@type":"WebPage","@id":"https:\/\/www.apfelpatient.de\/rumors\/gurman-keine-ipad-ankuendigung-fuer-den-26-maerz-geplant","url":"https:\/\/www.apfelpatient.de\/rumors\/gurman-keine-ipad-ankuendigung-fuer-den-26-maerz-geplant","name":"Gurman: No iPad announcement planned for March 26th Apfelpatient","isPartOf":{"@id":"https:\/\/www.apfelpatient.de\/#website"},"primaryImageOfPage":{"@id":"https:\/\/www.apfelpatient.de\/rumors\/gurman-keine-ipad-ankuendigung-fuer-den-26-maerz-geplant#primaryimage"},"image":{"@id":"https:\/\/www.apfelpatient.de\/rumors\/gurman-keine-ipad-ankuendigung-fuer-den-26-maerz-geplant#primaryimage"},"thumbnailUrl":"https:\/\/www.apfelpatient.de\/wp-content\/uploads\/2024\/03\/cardmapr-nl-BqVslqlJTm0-unsplash.jpg","datePublished":"2024-03-21T14:52:49+00:00","dateModified":"2024-03-21T14:52:50+00:00","description":"Mark Gurman: No iPad announcement for March 26! Find out what the detailed schedules for the new iPad models mean and more.","breadcrumb":{"@id":"https:\/\/www.apfelpatient.de\/rumors\/gurman-keine-ipad-ankuendigung-fuer-den-26-maerz-geplant#breadcrumb"},"inLanguage":"en-US","potentialAction":[{"@type":"ReadAction","target":["https:\/\/www.apfelpatient.de\/rumors\/gurman-keine-ipad-ankuendigung-fuer-den-26-maerz-geplant"]}]},{"@type":"ImageObject","inLanguage":"en-US","@id":"https:\/\/www.apfelpatient.de\/rumors\/gurman-keine-ipad-ankuendigung-fuer-den-26-maerz-geplant#primaryimage","url":"https:\/\/www.apfelpatient.de\/wp-content\/uploads\/2024\/03\/cardmapr-nl-BqVslqlJTm0-unsplash.jpg","contentUrl":"https:\/\/www.apfelpatient.de\/wp-content\/uploads\/2024\/03\/cardmapr-nl-BqVslqlJTm0-unsplash.jpg","width":1600,"height":1069,"caption":"Photo by Unsplash \/ CardMapr.nl"},{"@type":"BreadcrumbList","@id":"https:\/\/www.apfelpatient.de\/rumors\/gurman-keine-ipad-ankuendigung-fuer-den-26-maerz-geplant#breadcrumb","itemListElement":[{"@type":"ListItem","position":1,"name":"Startseite","item":"https:\/\/www.apfelpatient.de\/"},{"@type":"ListItem","position":2,"name":"Gurman: Keine iPad-Ank\u00fcndigung f\u00fcr den 26. M\u00e4rz geplant"}]},{"@type":"WebSite","@id":"https:\/\/www.apfelpatient.de\/#website","url":"https:\/\/www.apfelpatient.de\/","name":"apple patient","description":"Everything about Apple!","publisher":{"@type":"Organization","@id":"https:\/\/www.apfelpatient.de\/en\/#organization","name":"Apfelpatient","url":"https:\/\/www.apfelpatient.de\/en\/"},"alternateName":"Apfelpatient","potentialAction":[{"@type":"SearchAction","target":{"@type":"EntryPoint","urlTemplate":"https:\/\/www.apfelpatient.de\/?s={search_term_string}"},"query-input":{"@type":"PropertyValueSpecification","valueRequired":true,"valueName":"search_term_string"}}],"inLanguage":"en-US"},{"@type":["Person","Organization"],"@id":"https:\/\/www.apfelpatient.de\/#\/schema\/person\/7dc56ad6c8e9824b76d2c08d4c140e13","name":"Milan","logo":{"@id":"https:\/\/www.apfelpatient.de\/#\/schema\/person\/image\/"},"description":"Hello and welcome to my technology blog! As a big Apple fan, I report on everything to do with Apple: from the latest news and exciting rumors to helpful tips and tricks and detailed product tests. If you are as enthusiastic about technology as I am, you have come to the right place!","sameAs":["https:\/\/www.facebook.com\/apfelpatientOfficial","https:\/\/www.linkedin.com\/in\/milan-jovicic-42aa0231b"],"url":"https:\/\/www.apfelpatient.de\/en\/author\/apfeladmin"}]}},"_links":{"self":[{"href":"https:\/\/www.apfelpatient.de\/en\/wp-json\/wp\/v2\/posts\/42494","targetHints":{"allow":["GET"]}}],"collection":[{"href":"https:\/\/www.apfelpatient.de\/en\/wp-json\/wp\/v2\/posts"}],"about":[{"href":"https:\/\/www.apfelpatient.de\/en\/wp-json\/wp\/v2\/types\/post"}],"author":[{"embeddable":true,"href":"https:\/\/www.apfelpatient.de\/en\/wp-json\/wp\/v2\/users\/2"}],"replies":[{"embeddable":true,"href":"https:\/\/www.apfelpatient.de\/en\/wp-json\/wp\/v2\/comments?post=42494"}],"version-history":[{"count":0,"href":"https:\/\/www.apfelpatient.de\/en\/wp-json\/wp\/v2\/posts\/42494\/revisions"}],"wp:featuredmedia":[{"embeddable":true,"href":"https:\/\/www.apfelpatient.de\/en\/wp-json\/wp\/v2\/media\/42496"}],"wp:attachment":[{"href":"https:\/\/www.apfelpatient.de\/en\/wp-json\/wp\/v2\/media?parent=42494"}],"wp:term":[{"taxonomy":"category","embeddable":true,"href":"https:\/\/www.apfelpatient.de\/en\/wp-json\/wp\/v2\/categories?post=42494"},{"taxonomy":"post_tag","embeddable":true,"href":"https:\/\/www.apfelpatient.de\/en\/wp-json\/wp\/v2\/tags?post=42494"}],"curies":[{"name":"wp","href":"https:\/\/api.w.org\/{rel}","templated":true}]}}