{"id":42483,"date":"2024-03-21T04:52:57","date_gmt":"2024-03-21T03:52:57","guid":{"rendered":"https:\/\/www.apfelpatient.de\/?p=42483"},"modified":"2024-03-21T04:52:58","modified_gmt":"2024-03-21T03:52:58","slug":"insight-into-the-international-expansion-of-apple-vision-pro","status":"publish","type":"post","link":"https:\/\/www.apfelpatient.de\/en\/news\/einblick-in-die-internationale-expansion-von-apple-vision-pro","title":{"rendered":"Insight into the international expansion of Apple Vision Pro"},"content":{"rendered":"<p class=\"has-drop-cap\"><strong>The technology world is eagerly awaiting the next evolution in the world of augmented reality (AR) and virtual reality (VR). Apple, a pioneer in innovation, has ushered in a new era with the Vision Pro headset.<\/strong><\/p>\n\n\n\n<p>In a move that could revolutionize the world of corporate presentations and customer interactions, Apple recently posted job listings for &quot;Briefing Experience Specialists&quot; in Australia, China and Japan. This announcement marks another milestone on the road to the international launch of the Vision Pro. Here we take a closer look at Apple&#039;s plans and what this announcement means.<\/p>\n\n\n\n<h3 class=\"wp-block-heading\" id=\"h-apple-auf-der-suche-nach-talenten\">Apple looking for talent<\/h3>\n\n\n\n<p>Apple is looking for talent in Australia, China and Japan who are willing to demonstrate the capabilities of the Vision Pro in innovative ways. The Briefing Experience Specialist position requires not only sales expertise but also the ability to convince potential customers of the headset&#039;s versatile applications. With the Vision Pro, companies can create transformative user experiences and redefine the way they interact with customers. The job posting emphasizes the importance of presenting solutions and representative use cases of the Vision Pro.<\/p>\n\n\n\n<h3 class=\"wp-block-heading\" id=\"h-internationale-expansion-im-fokus\">Focus on international expansion<\/h3>\n\n\n\n<p>These are designed to inspire potential investors to invest not only in the technology itself but also in Apple&#039;s visionary visionOS platform. The company is looking for enthusiastic professionals who are ready to push the boundaries of what is possible and delight customers with the unique features of the Vision Pro. Although the headset is only available in the US so far, the recent publication of job advertisements in Australia, China and Japan suggests that the international expansion of the Vision Pro is imminent. Apple has already published similar job advertisements in the UK, suggesting that global preparations for the headset&#039;s launch are well underway.<\/p>\n\n\n\n<h3 class=\"wp-block-heading\" id=\"h-apple-vision-pro-der-deutsche-markt-steht-ebenfalls-auf-der-liste\">Apple Vision Pro: The German market is also on the list<\/h3>\n\n\n\n\n\n\n\n<p>The publication of job advertisements for Briefing Experience Specialist in Australia, China and Japan marks an important step in Apple&#039;s efforts to launch the Vision Pro internationally. The positions not only demonstrate the company&#039;s commitment to global expansion, but also highlight the key role these countries play in the global augmented reality and virtual reality market. In addition, information from Aaron Perris, an employee of <a href=\"https:\/\/www.macrumors.com\/2024\/03\/20\/apple-vision-pro-job-listings\/\" target=\"_blank\" rel=\"noreferrer noopener\">MacRumors<\/a>, that Apple plans to introduce the Vision Pro in countries such as Australia, Canada, China, France, Germany, Japan, Singapore, South Korea and the UK. The publication of job advertisements in at least four of these countries underlines the seriousness of Apple&#039;s plans to distribute the Vision Pro internationally. The world is eagerly awaiting the next phase of this exciting journey into the future of technology. (Image: Apple)<\/p>\n\n\n\n<p><a href=\"https:\/\/www.apfelpatient.de\/en\/news\/apple-vision-pro-the-future-of-health-app-development\">Apple Vision Pro: The Future of Health App Development<\/a><\/p>\n\n\n\n<h6 class=\"wp-block-heading translation-block\" id=\"h-kennt-ihr-schon-unsere-amazon-storefront-dort-findet-ihr-eine-handverlesene-auswahl-von-diversen-produkten-f-r-euer-iphone-und-co-viel-spa-beim-st-bern\"><em>Have you already visited our Amazon Storefront? There you&#039;ll find a hand-picked selection of various products for your iPhone and other devices \u2013 <span class=\"has-inline-color has-vivid-red-color\"><a href=\"https:\/\/www.amazon.de\/shop\/apfelpatientofficial\" class=\"ek-link\" data-wpel-link=\"exclude\" rel=\"follow noopener\" target=\"_self\"><span style=\"text-decoration: underline\" class=\"ek-underline\">enjoy browsing<\/span><\/a> !<\/span><\/em><\/h6>\n\n\n\n<h6 class=\"wp-block-heading translation-block\" id=\"h-der-beitrag-enthalt-partnerlinks\">This post contains <a data-type=\"URL\" data-id=\"https:\/\/www.apfelpatient.de\/partnerprogramm\" href=\"https:\/\/www.apfelpatient.de\/en\/partner-program\" data-wpel-link=\"internal\" target=\"_self\">affiliate links<\/a>.<\/h6>","protected":false},"excerpt":{"rendered":"<p>Setting new standards in augmented reality: Learn more about Apple&#039;s international expansion with the revolutionary Apple Vision Pro headset.<\/p>","protected":false},"author":2,"featured_media":41960,"comment_status":"closed","ping_status":"closed","sticky":false,"template":"","format":"standard","meta":{"jnews-multi-image_gallery":[],"jnews_single_post":{"subtitle":"","format":"standard","video":"","gallery":"","source_name":"","source_url":"","via_name":"","via_url":"","override_template":"0","override":[{"template":"4","single_blog_custom":"","parallax":"1","fullscreen":"1","layout":"right-sidebar","sidebar":"default-sidebar","second_sidebar":"default-sidebar","sticky_sidebar":"1","share_position":"top","share_float_style":"share-monocrhome","show_share_counter":"1","show_view_counter":"1","show_featured":"1","show_post_meta":"1","show_post_author":"1","show_post_author_image":"1","show_post_date":"1","post_date_format":"default","post_date_format_custom":"Y\/m\/d","show_post_category":"1","show_post_reading_time":"0","post_reading_time_wpm":"300","show_zoom_button":"0","zoom_button_out_step":"2","zoom_button_in_step":"3","show_post_tag":"1","show_prev_next_post":"1","show_popup_post":"1","number_popup_post":"1","show_author_box":"0","show_post_related":"0","show_inline_post_related":"0"}],"override_image_size":"0","image_override":[{"single_post_thumbnail_size":"crop-500","single_post_gallery_size":"crop-500"}],"trending_post":"0","trending_post_position":"meta","trending_post_label":"Trending","sponsored_post":"0","sponsored_post_label":"Sponsored by","sponsored_post_name":"","sponsored_post_url":"","sponsored_post_logo_enable":"0","sponsored_post_logo":"","sponsored_post_desc":"","disable_ad":"0"},"jnews_primary_category":{"id":"9","hide":""},"footnotes":""},"categories":[9],"tags":[843,609],"class_list":["post-42483","post","type-post","status-publish","format-standard","has-post-thumbnail","hentry","category-news","tag-apple-vision-pro","tag-apple-vr-ar"],"yoast_head":"<!-- This site is optimized with the Yoast SEO Premium plugin v27.5 (Yoast SEO v27.5) - https:\/\/yoast.com\/product\/yoast-seo-premium-wordpress\/ -->\n<title>Einblick in die internationale Expansion von Apple Vision Pro Apfelpatient<\/title>\n<meta name=\"description\" content=\"Neue Ma\u00dfst\u00e4be in der Augmented Reality: Erfahre mehr \u00fcber Apples internationale Expansion mit dem revolution\u00e4ren Apple Vision Pro Headset.\" \/>\n<meta name=\"robots\" content=\"index, follow, max-snippet:-1, max-image-preview:large, max-video-preview:-1\" \/>\n<link rel=\"canonical\" href=\"https:\/\/www.apfelpatient.de\/en\/news\/insight-into-the-international-expansion-of-apple-vision-pro\" \/>\n<meta property=\"og:locale\" content=\"en_US\" \/>\n<meta property=\"og:type\" content=\"article\" \/>\n<meta property=\"og:title\" content=\"Einblick in die internationale Expansion von Apple Vision Pro\" \/>\n<meta property=\"og:description\" content=\"Neue Ma\u00dfst\u00e4be in der Augmented Reality: Erfahre mehr \u00fcber Apples internationale Expansion mit dem revolution\u00e4ren Apple Vision Pro Headset.\" \/>\n<meta property=\"og:url\" content=\"https:\/\/www.apfelpatient.de\/en\/news\/insight-into-the-international-expansion-of-apple-vision-pro\" \/>\n<meta property=\"og:site_name\" content=\"Apfelpatient\" \/>\n<meta property=\"article:publisher\" content=\"https:\/\/www.facebook.com\/apfelpatientOfficial\" \/>\n<meta property=\"article:author\" content=\"https:\/\/www.facebook.com\/apfelpatientOfficial\" \/>\n<meta property=\"article:published_time\" content=\"2024-03-21T03:52:57+00:00\" \/>\n<meta property=\"article:modified_time\" content=\"2024-03-21T03:52:58+00:00\" \/>\n<meta property=\"og:image\" content=\"https:\/\/www.apfelpatient.de\/wp-content\/uploads\/2024\/02\/Apple-Vision-Pro-availability-customer-demo-01.jpg\" \/>\n\t<meta property=\"og:image:width\" content=\"1600\" \/>\n\t<meta property=\"og:image:height\" content=\"1066\" \/>\n\t<meta property=\"og:image:type\" content=\"image\/jpeg\" \/>\n<meta name=\"author\" content=\"Milan\" \/>\n<meta name=\"twitter:card\" content=\"summary_large_image\" \/>\n<meta name=\"twitter:description\" content=\"Neue Ma\u00dfst\u00e4be in der Augmented Reality: Erfahre mehr \u00fcber Apples internationale Expansion mit dem revolution\u00e4ren Apple Vision Pro Headset.\" \/>\n<meta name=\"twitter:label1\" content=\"Written by\" \/>\n\t<meta name=\"twitter:data1\" content=\"Milan\" \/>\n\t<meta name=\"twitter:label2\" content=\"Est. reading time\" \/>\n\t<meta name=\"twitter:data2\" content=\"8 minutes\" \/>\n<script type=\"application\/ld+json\" class=\"yoast-schema-graph\">{\"@context\":\"https:\\\/\\\/schema.org\",\"@graph\":[{\"@type\":\"NewsArticle\",\"@id\":\"https:\\\/\\\/www.apfelpatient.de\\\/news\\\/einblick-in-die-internationale-expansion-von-apple-vision-pro#article\",\"isPartOf\":{\"@id\":\"https:\\\/\\\/www.apfelpatient.de\\\/news\\\/einblick-in-die-internationale-expansion-von-apple-vision-pro\"},\"author\":{\"@type\":\"Organization\",\"@id\":\"https:\\\/\\\/www.apfelpatient.de\\\/en\\\/#organization\",\"name\":\"Apfelpatient\",\"url\":\"https:\\\/\\\/www.apfelpatient.de\\\/en\\\/\"},\"headline\":\"Einblick in die internationale Expansion von Apple Vision Pro\",\"datePublished\":\"2024-03-21T03:52:57+00:00\",\"dateModified\":\"2024-03-21T03:52:58+00:00\",\"mainEntityOfPage\":{\"@id\":\"https:\\\/\\\/www.apfelpatient.de\\\/news\\\/einblick-in-die-internationale-expansion-von-apple-vision-pro\"},\"wordCount\":485,\"publisher\":{\"@type\":\"Organization\",\"@id\":\"https:\\\/\\\/www.apfelpatient.de\\\/en\\\/#organization\",\"name\":\"Apfelpatient\",\"url\":\"https:\\\/\\\/www.apfelpatient.de\\\/en\\\/\"},\"image\":{\"@id\":\"https:\\\/\\\/www.apfelpatient.de\\\/news\\\/einblick-in-die-internationale-expansion-von-apple-vision-pro#primaryimage\"},\"thumbnailUrl\":\"https:\\\/\\\/www.apfelpatient.de\\\/wp-content\\\/uploads\\\/2024\\\/02\\\/Apple-Vision-Pro-availability-customer-demo-01.jpg\",\"keywords\":[\"Apple Vision Pro\",\"Apple VR\\\/AR\"],\"articleSection\":\"News\",\"inLanguage\":\"en-US\",\"copyrightYear\":\"2024\",\"copyrightHolder\":{\"@id\":\"https:\\\/\\\/www.apfelpatient.de\\\/en\\\/#organization\"}},{\"@type\":\"WebPage\",\"@id\":\"https:\\\/\\\/www.apfelpatient.de\\\/news\\\/einblick-in-die-internationale-expansion-von-apple-vision-pro\",\"url\":\"https:\\\/\\\/www.apfelpatient.de\\\/news\\\/einblick-in-die-internationale-expansion-von-apple-vision-pro\",\"name\":\"Einblick in die internationale Expansion von Apple Vision Pro Apfelpatient\",\"isPartOf\":{\"@id\":\"https:\\\/\\\/www.apfelpatient.de\\\/#website\"},\"primaryImageOfPage\":{\"@id\":\"https:\\\/\\\/www.apfelpatient.de\\\/news\\\/einblick-in-die-internationale-expansion-von-apple-vision-pro#primaryimage\"},\"image\":{\"@id\":\"https:\\\/\\\/www.apfelpatient.de\\\/news\\\/einblick-in-die-internationale-expansion-von-apple-vision-pro#primaryimage\"},\"thumbnailUrl\":\"https:\\\/\\\/www.apfelpatient.de\\\/wp-content\\\/uploads\\\/2024\\\/02\\\/Apple-Vision-Pro-availability-customer-demo-01.jpg\",\"datePublished\":\"2024-03-21T03:52:57+00:00\",\"dateModified\":\"2024-03-21T03:52:58+00:00\",\"description\":\"Neue Ma\u00dfst\u00e4be in der Augmented Reality: Erfahre mehr \u00fcber Apples internationale Expansion mit dem revolution\u00e4ren Apple Vision Pro Headset.\",\"breadcrumb\":{\"@id\":\"https:\\\/\\\/www.apfelpatient.de\\\/news\\\/einblick-in-die-internationale-expansion-von-apple-vision-pro#breadcrumb\"},\"inLanguage\":\"en-US\",\"potentialAction\":[{\"@type\":\"ReadAction\",\"target\":[\"https:\\\/\\\/www.apfelpatient.de\\\/news\\\/einblick-in-die-internationale-expansion-von-apple-vision-pro\"]}]},{\"@type\":\"ImageObject\",\"inLanguage\":\"en-US\",\"@id\":\"https:\\\/\\\/www.apfelpatient.de\\\/news\\\/einblick-in-die-internationale-expansion-von-apple-vision-pro#primaryimage\",\"url\":\"https:\\\/\\\/www.apfelpatient.de\\\/wp-content\\\/uploads\\\/2024\\\/02\\\/Apple-Vision-Pro-availability-customer-demo-01.jpg\",\"contentUrl\":\"https:\\\/\\\/www.apfelpatient.de\\\/wp-content\\\/uploads\\\/2024\\\/02\\\/Apple-Vision-Pro-availability-customer-demo-01.jpg\",\"width\":1600,\"height\":1066,\"caption\":\"Bild: Apple\"},{\"@type\":\"BreadcrumbList\",\"@id\":\"https:\\\/\\\/www.apfelpatient.de\\\/news\\\/einblick-in-die-internationale-expansion-von-apple-vision-pro#breadcrumb\",\"itemListElement\":[{\"@type\":\"ListItem\",\"position\":1,\"name\":\"Startseite\",\"item\":\"https:\\\/\\\/www.apfelpatient.de\\\/\"},{\"@type\":\"ListItem\",\"position\":2,\"name\":\"Einblick in die internationale Expansion von Apple Vision Pro\"}]},{\"@type\":\"WebSite\",\"@id\":\"https:\\\/\\\/www.apfelpatient.de\\\/#website\",\"url\":\"https:\\\/\\\/www.apfelpatient.de\\\/\",\"name\":\"Apfelpatient\",\"description\":\"Alles rund um Apple!\",\"publisher\":{\"@type\":\"Organization\",\"@id\":\"https:\\\/\\\/www.apfelpatient.de\\\/en\\\/#organization\",\"name\":\"Apfelpatient\",\"url\":\"https:\\\/\\\/www.apfelpatient.de\\\/en\\\/\"},\"alternateName\":\"Apfelpatient\",\"potentialAction\":[{\"@type\":\"SearchAction\",\"target\":{\"@type\":\"EntryPoint\",\"urlTemplate\":\"https:\\\/\\\/www.apfelpatient.de\\\/?s={search_term_string}\"},\"query-input\":{\"@type\":\"PropertyValueSpecification\",\"valueRequired\":true,\"valueName\":\"search_term_string\"}}],\"inLanguage\":\"en-US\"},{\"@type\":[\"Person\",\"Organization\"],\"@id\":\"https:\\\/\\\/www.apfelpatient.de\\\/#\\\/schema\\\/person\\\/35b3ddba5832f2bfc7fff5206d4f6b7b\",\"name\":\"Milan\",\"logo\":{\"@id\":\"https:\\\/\\\/www.apfelpatient.de\\\/#\\\/schema\\\/person\\\/image\\\/\"},\"description\":\"Hallo und herzlich willkommen auf meinem Technik-Blog! Als gro\u00dfer Apple-Fan berichte ich hier \u00fcber alles, was mit Apple zu tun hat: von den neuesten News und spannenden Ger\u00fcchten \u00fcber hilfreiche Tipps und Tricks bis hin zu ausf\u00fchrlichen Produkttests. Wenn du genauso technikbegeistert bist wie ich, bist du hier genau richtig!\",\"sameAs\":[\"https:\\\/\\\/www.facebook.com\\\/apfelpatientOfficial\",\"https:\\\/\\\/www.linkedin.com\\\/in\\\/milan-jovicic-42aa0231b\"],\"url\":\"https:\\\/\\\/www.apfelpatient.de\\\/en\\\/author\\\/apfeladmin\"}]}<\/script>\n<!-- \/ Yoast SEO Premium plugin. -->","yoast_head_json":{"title":"Insight into the international expansion of Apple Vision Pro Apfelpatient","description":"Setting new standards in augmented reality: Learn more about Apple&#039;s international expansion with the revolutionary Apple Vision Pro headset.","robots":{"index":"index","follow":"follow","max-snippet":"max-snippet:-1","max-image-preview":"max-image-preview:large","max-video-preview":"max-video-preview:-1"},"canonical":"https:\/\/www.apfelpatient.de\/en\/news\/insight-into-the-international-expansion-of-apple-vision-pro","og_locale":"en_US","og_type":"article","og_title":"Einblick in die internationale Expansion von Apple Vision Pro","og_description":"Neue Ma\u00dfst\u00e4be in der Augmented Reality: Erfahre mehr \u00fcber Apples internationale Expansion mit dem revolution\u00e4ren Apple Vision Pro Headset.","og_url":"https:\/\/www.apfelpatient.de\/en\/news\/insight-into-the-international-expansion-of-apple-vision-pro","og_site_name":"Apfelpatient","article_publisher":"https:\/\/www.facebook.com\/apfelpatientOfficial","article_author":"https:\/\/www.facebook.com\/apfelpatientOfficial","article_published_time":"2024-03-21T03:52:57+00:00","article_modified_time":"2024-03-21T03:52:58+00:00","og_image":[{"width":1600,"height":1066,"url":"https:\/\/www.apfelpatient.de\/wp-content\/uploads\/2024\/02\/Apple-Vision-Pro-availability-customer-demo-01.jpg","type":"image\/jpeg"}],"author":"Milan","twitter_card":"summary_large_image","twitter_description":"Neue Ma\u00dfst\u00e4be in der Augmented Reality: Erfahre mehr \u00fcber Apples internationale Expansion mit dem revolution\u00e4ren Apple Vision Pro Headset.","twitter_misc":{"Written by":"Milan","Est. reading time":"8 minutes"},"schema":{"@context":"https:\/\/schema.org","@graph":[{"@type":"NewsArticle","@id":"https:\/\/www.apfelpatient.de\/news\/einblick-in-die-internationale-expansion-von-apple-vision-pro#article","isPartOf":{"@id":"https:\/\/www.apfelpatient.de\/news\/einblick-in-die-internationale-expansion-von-apple-vision-pro"},"author":{"@type":"Organization","@id":"https:\/\/www.apfelpatient.de\/en\/#organization","name":"Apfelpatient","url":"https:\/\/www.apfelpatient.de\/en\/"},"headline":"Einblick in die internationale Expansion von Apple Vision Pro","datePublished":"2024-03-21T03:52:57+00:00","dateModified":"2024-03-21T03:52:58+00:00","mainEntityOfPage":{"@id":"https:\/\/www.apfelpatient.de\/news\/einblick-in-die-internationale-expansion-von-apple-vision-pro"},"wordCount":485,"publisher":{"@type":"Organization","@id":"https:\/\/www.apfelpatient.de\/en\/#organization","name":"Apfelpatient","url":"https:\/\/www.apfelpatient.de\/en\/"},"image":{"@id":"https:\/\/www.apfelpatient.de\/news\/einblick-in-die-internationale-expansion-von-apple-vision-pro#primaryimage"},"thumbnailUrl":"https:\/\/www.apfelpatient.de\/wp-content\/uploads\/2024\/02\/Apple-Vision-Pro-availability-customer-demo-01.jpg","keywords":["Apple Vision Pro","Apple VR\/AR"],"articleSection":"News","inLanguage":"en-US","copyrightYear":"2024","copyrightHolder":{"@id":"https:\/\/www.apfelpatient.de\/en\/#organization"}},{"@type":"WebPage","@id":"https:\/\/www.apfelpatient.de\/news\/einblick-in-die-internationale-expansion-von-apple-vision-pro","url":"https:\/\/www.apfelpatient.de\/news\/einblick-in-die-internationale-expansion-von-apple-vision-pro","name":"Insight into the international expansion of Apple Vision Pro Apfelpatient","isPartOf":{"@id":"https:\/\/www.apfelpatient.de\/#website"},"primaryImageOfPage":{"@id":"https:\/\/www.apfelpatient.de\/news\/einblick-in-die-internationale-expansion-von-apple-vision-pro#primaryimage"},"image":{"@id":"https:\/\/www.apfelpatient.de\/news\/einblick-in-die-internationale-expansion-von-apple-vision-pro#primaryimage"},"thumbnailUrl":"https:\/\/www.apfelpatient.de\/wp-content\/uploads\/2024\/02\/Apple-Vision-Pro-availability-customer-demo-01.jpg","datePublished":"2024-03-21T03:52:57+00:00","dateModified":"2024-03-21T03:52:58+00:00","description":"Setting new standards in augmented reality: Learn more about Apple&#039;s international expansion with the revolutionary Apple Vision Pro headset.","breadcrumb":{"@id":"https:\/\/www.apfelpatient.de\/news\/einblick-in-die-internationale-expansion-von-apple-vision-pro#breadcrumb"},"inLanguage":"en-US","potentialAction":[{"@type":"ReadAction","target":["https:\/\/www.apfelpatient.de\/news\/einblick-in-die-internationale-expansion-von-apple-vision-pro"]}]},{"@type":"ImageObject","inLanguage":"en-US","@id":"https:\/\/www.apfelpatient.de\/news\/einblick-in-die-internationale-expansion-von-apple-vision-pro#primaryimage","url":"https:\/\/www.apfelpatient.de\/wp-content\/uploads\/2024\/02\/Apple-Vision-Pro-availability-customer-demo-01.jpg","contentUrl":"https:\/\/www.apfelpatient.de\/wp-content\/uploads\/2024\/02\/Apple-Vision-Pro-availability-customer-demo-01.jpg","width":1600,"height":1066,"caption":"Bild: Apple"},{"@type":"BreadcrumbList","@id":"https:\/\/www.apfelpatient.de\/news\/einblick-in-die-internationale-expansion-von-apple-vision-pro#breadcrumb","itemListElement":[{"@type":"ListItem","position":1,"name":"Startseite","item":"https:\/\/www.apfelpatient.de\/"},{"@type":"ListItem","position":2,"name":"Einblick in die internationale Expansion von Apple Vision Pro"}]},{"@type":"WebSite","@id":"https:\/\/www.apfelpatient.de\/#website","url":"https:\/\/www.apfelpatient.de\/","name":"apple patient","description":"Everything about Apple!","publisher":{"@type":"Organization","@id":"https:\/\/www.apfelpatient.de\/en\/#organization","name":"Apfelpatient","url":"https:\/\/www.apfelpatient.de\/en\/"},"alternateName":"Apfelpatient","potentialAction":[{"@type":"SearchAction","target":{"@type":"EntryPoint","urlTemplate":"https:\/\/www.apfelpatient.de\/?s={search_term_string}"},"query-input":{"@type":"PropertyValueSpecification","valueRequired":true,"valueName":"search_term_string"}}],"inLanguage":"en-US"},{"@type":["Person","Organization"],"@id":"https:\/\/www.apfelpatient.de\/#\/schema\/person\/35b3ddba5832f2bfc7fff5206d4f6b7b","name":"Milan","logo":{"@id":"https:\/\/www.apfelpatient.de\/#\/schema\/person\/image\/"},"description":"Hello and welcome to my technology blog! As a big Apple fan, I report on everything to do with Apple: from the latest news and exciting rumors to helpful tips and tricks and detailed product tests. If you are as enthusiastic about technology as I am, you have come to the right place!","sameAs":["https:\/\/www.facebook.com\/apfelpatientOfficial","https:\/\/www.linkedin.com\/in\/milan-jovicic-42aa0231b"],"url":"https:\/\/www.apfelpatient.de\/en\/author\/apfeladmin"}]}},"_links":{"self":[{"href":"https:\/\/www.apfelpatient.de\/en\/wp-json\/wp\/v2\/posts\/42483","targetHints":{"allow":["GET"]}}],"collection":[{"href":"https:\/\/www.apfelpatient.de\/en\/wp-json\/wp\/v2\/posts"}],"about":[{"href":"https:\/\/www.apfelpatient.de\/en\/wp-json\/wp\/v2\/types\/post"}],"author":[{"embeddable":true,"href":"https:\/\/www.apfelpatient.de\/en\/wp-json\/wp\/v2\/users\/2"}],"replies":[{"embeddable":true,"href":"https:\/\/www.apfelpatient.de\/en\/wp-json\/wp\/v2\/comments?post=42483"}],"version-history":[{"count":0,"href":"https:\/\/www.apfelpatient.de\/en\/wp-json\/wp\/v2\/posts\/42483\/revisions"}],"wp:featuredmedia":[{"embeddable":true,"href":"https:\/\/www.apfelpatient.de\/en\/wp-json\/wp\/v2\/media\/41960"}],"wp:attachment":[{"href":"https:\/\/www.apfelpatient.de\/en\/wp-json\/wp\/v2\/media?parent=42483"}],"wp:term":[{"taxonomy":"category","embeddable":true,"href":"https:\/\/www.apfelpatient.de\/en\/wp-json\/wp\/v2\/categories?post=42483"},{"taxonomy":"post_tag","embeddable":true,"href":"https:\/\/www.apfelpatient.de\/en\/wp-json\/wp\/v2\/tags?post=42483"}],"curies":[{"name":"wp","href":"https:\/\/api.w.org\/{rel}","templated":true}]}}