{"id":42473,"date":"2024-03-20T21:31:44","date_gmt":"2024-03-20T20:31:44","guid":{"rendered":"https:\/\/www.apfelpatient.de\/?p=42473"},"modified":"2024-03-20T21:31:45","modified_gmt":"2024-03-20T20:31:45","slug":"ipad-pro-thinner-edges-and-innovative-features-expected","status":"publish","type":"post","link":"https:\/\/www.apfelpatient.de\/en\/rumors\/ipad-pro-duennere-raender-und-innovative-features-erwartet","title":{"rendered":"iPad Pro: Thinner bezels and innovative features expected"},"content":{"rendered":"<p class=\"has-drop-cap\"><strong>The rumor mill is bubbling again and this time it&#039;s about Apple&#039;s hotly anticipated next generation of the iPad Pro. An anonymous informant named &quot;Instant Digital&quot; has spread more news on the Chinese social media platform Weibo: The upcoming iPad Pro models are said to have thinner bezels than their predecessors.<\/strong><\/p>\n\n\n\n<p>The tech world holds its breath when rumors about upcoming Apple product releases emerge. \u201cInstant Digital\u201d has proven to be a reliable <a href=\"https:\/\/weibo.com\/5143897135\/O5VxfdQGB\" target=\"_blank\" rel=\"noreferrer noopener\">source<\/a> for Apple insider information and now hints at exciting changes that could revolutionize the iPad Pro. But while we eagerly await the official unveiling, it&#039;s worth taking a look at the details that are already doing the rounds.<\/p>\n\n\n\n<h3 class=\"wp-block-heading\" id=\"h-neue-massstabe-setzen-dunnere-rander-und-deutlich-mehr-power\">Setting new standards: thinner edges and significantly more power<\/h3>\n\n\n\n<p>The main attraction of the upcoming iPad Pro models is undoubtedly the prospect of thinner bezels. According to Instant Digital, the bezels around the screen on the 11-inch and 12.9-inch variants will measure just 7.12 mm and 7.08 mm respectively, without taking into account the metal edges of the devices. This would represent a notable improvement over previous models and offer an even more impressive visual experience. In addition to the slimmer bezels, the next generation of iPad Pro also promises other exciting innovations. Apple&#039;s M3 chip promises even more powerful performance, while a revised rear camera design and a landscape-format front camera should expand the possibilities for creative work and video calls.<\/p>\n\n\n\n<h3 class=\"wp-block-heading\" id=\"h-kabelloses-laden-und-neues-zubehor-die-zukunft-des-ipad-pro\">Wireless charging and new accessories: The future of the iPad Pro<\/h3>\n\n\n\n<p>The introduction of wireless charging with MagSafe could be another highlight that improves the user experience and catapults the iPad Pro into the future of technology. Apple is also expected to introduce new accessories, including an updated Magic Keyboard and a redesigned Apple Pencil, designed to make the iPad experience even more seamless. While &quot;Instant Digital&quot; has been spot on in the past, there is still room for speculation and surprise. But evidence is mounting that Apple&#039;s next unveiling is within reach.<\/p>\n\n\n\n<h3 class=\"wp-block-heading\" id=\"h-auf-dem-weg-zur-digitalen-revolution-das-nachste-ipad-pro-definiert-innovation-neu\">On the way to the digital revolution: The next iPad Pro redefines innovation<\/h3>\n\n\n\n\n\n\n\n<p>The iPad Pro has established itself as a benchmark for performance and innovation since its launch, and the next generation promises to continue that tradition. With thin bezels, a powerful M3 chip, and more exciting features, the next iPad Pro seems poised to push the boundaries of what a tablet can do. We can&#039;t wait to see how Apple presents its latest creations to the world and how they will transform our digital lives. (Photo by Unsplash \/ Ernest Ojeh)<\/p>\n\n\n\n<ul class=\"wp-block-list\">\n<li><a href=\"https:\/\/www.apfelpatient.de\/en\/rumors\/new-ipad-pro-matte-display-option-like-studio-display\">New iPad Pro: Matte display option like Studio Display?<\/a><\/li>\n<\/ul>\n\n\n\n<h6 class=\"wp-block-heading translation-block\" id=\"h-kennt-ihr-schon-unsere-amazon-storefront-dort-findet-ihr-eine-handverlesene-auswahl-von-diversen-produkten-f-r-euer-iphone-und-co-viel-spa-beim-st-bern\"><em>Have you already visited our Amazon Storefront? There you&#039;ll find a hand-picked selection of various products for your iPhone and other devices \u2013 <span class=\"has-inline-color has-vivid-red-color\"><a href=\"https:\/\/www.amazon.de\/shop\/apfelpatientofficial\" class=\"ek-link\" data-wpel-link=\"exclude\" rel=\"follow noopener\" target=\"_self\"><span style=\"text-decoration: underline\" class=\"ek-underline\">enjoy browsing<\/span><\/a> !<\/span><\/em><\/h6>\n\n\n\n<h6 class=\"wp-block-heading translation-block\" id=\"h-der-beitrag-enthalt-partnerlinks\">This post contains <a data-type=\"URL\" data-id=\"https:\/\/www.apfelpatient.de\/partnerprogramm\" href=\"https:\/\/www.apfelpatient.de\/en\/partner-program\" data-wpel-link=\"internal\" target=\"_self\">affiliate links<\/a>.<\/h6>","protected":false},"excerpt":{"rendered":"<p>iPad Pro: Thinner bezels and powerful features in sight! Look forward to exciting changes and innovative technologies.<\/p>","protected":false},"author":2,"featured_media":42476,"comment_status":"closed","ping_status":"closed","sticky":false,"template":"","format":"standard","meta":{"jnews-multi-image_gallery":[],"jnews_single_post":{"subtitle":"","format":"standard","video":"","gallery":"","source_name":"","source_url":"","via_name":"","via_url":"","override_template":"0","override":[{"template":"4","single_blog_custom":"","parallax":"1","fullscreen":"1","layout":"right-sidebar","sidebar":"default-sidebar","second_sidebar":"default-sidebar","sticky_sidebar":"1","share_position":"top","share_float_style":"share-monocrhome","show_share_counter":"1","show_view_counter":"1","show_featured":"1","show_post_meta":"1","show_post_author":"1","show_post_author_image":"1","show_post_date":"1","post_date_format":"default","post_date_format_custom":"Y\/m\/d","show_post_category":"1","show_post_reading_time":"0","post_reading_time_wpm":"300","show_zoom_button":"0","zoom_button_out_step":"2","zoom_button_in_step":"3","show_post_tag":"1","show_prev_next_post":"1","show_popup_post":"1","number_popup_post":"1","show_author_box":"0","show_post_related":"0","show_inline_post_related":"0"}],"override_image_size":"0","image_override":[{"single_post_thumbnail_size":"crop-500","single_post_gallery_size":"crop-500"}],"trending_post":"0","trending_post_position":"meta","trending_post_label":"Trending","sponsored_post":"0","sponsored_post_label":"Sponsored by","sponsored_post_name":"","sponsored_post_url":"","sponsored_post_logo_enable":"0","sponsored_post_logo":"","sponsored_post_desc":"","disable_ad":"0"},"jnews_primary_category":{"id":"25","hide":""},"footnotes":""},"categories":[25],"tags":[18,66],"class_list":["post-42473","post","type-post","status-publish","format-standard","has-post-thumbnail","hentry","category-rumors","tag-ipad","tag-ipad-pro"],"yoast_head":"<!-- This site is optimized with the Yoast SEO Premium plugin v27.5 (Yoast SEO v27.5) - https:\/\/yoast.com\/product\/yoast-seo-premium-wordpress\/ -->\n<title>iPad Pro: D\u00fcnnere R\u00e4nder und innovative Features erwartet Apfelpatient<\/title>\n<meta name=\"description\" content=\"iPad Pro: D\u00fcnnere R\u00e4nder und leistungsstarke Features im Blick! Sei gespannt auf aufregende Ver\u00e4nderungen und innovative Technologien.\" \/>\n<meta name=\"robots\" content=\"index, follow, max-snippet:-1, max-image-preview:large, max-video-preview:-1\" \/>\n<link rel=\"canonical\" href=\"https:\/\/www.apfelpatient.de\/en\/rumors\/ipad-pro-thinner-edges-and-innovative-features-expected\" \/>\n<meta property=\"og:locale\" content=\"en_US\" \/>\n<meta property=\"og:type\" content=\"article\" \/>\n<meta property=\"og:title\" content=\"iPad Pro: D\u00fcnnere R\u00e4nder und innovative Features erwartet\" \/>\n<meta property=\"og:description\" content=\"iPad Pro: D\u00fcnnere R\u00e4nder und leistungsstarke Features im Blick! Sei gespannt auf aufregende Ver\u00e4nderungen und innovative Technologien.\" \/>\n<meta property=\"og:url\" content=\"https:\/\/www.apfelpatient.de\/en\/rumors\/ipad-pro-thinner-edges-and-innovative-features-expected\" \/>\n<meta property=\"og:site_name\" content=\"Apfelpatient\" \/>\n<meta property=\"article:publisher\" content=\"https:\/\/www.facebook.com\/apfelpatientOfficial\" \/>\n<meta property=\"article:author\" content=\"https:\/\/www.facebook.com\/apfelpatientOfficial\" \/>\n<meta property=\"article:published_time\" content=\"2024-03-20T20:31:44+00:00\" \/>\n<meta property=\"article:modified_time\" content=\"2024-03-20T20:31:45+00:00\" \/>\n<meta property=\"og:image\" content=\"https:\/\/www.apfelpatient.de\/wp-content\/uploads\/2024\/03\/ernest-ojeh-xSUZWZkjklc-unsplash-1.jpg\" \/>\n\t<meta property=\"og:image:width\" content=\"1600\" \/>\n\t<meta property=\"og:image:height\" content=\"1067\" \/>\n\t<meta property=\"og:image:type\" content=\"image\/jpeg\" \/>\n<meta name=\"author\" content=\"Milan\" \/>\n<meta name=\"twitter:card\" content=\"summary_large_image\" \/>\n<meta name=\"twitter:description\" content=\"iPad Pro: D\u00fcnnere R\u00e4nder und leistungsstarke Features im Blick! Sei gespannt auf aufregende Ver\u00e4nderungen und innovative Technologien.\" \/>\n<meta name=\"twitter:label1\" content=\"Written by\" \/>\n\t<meta name=\"twitter:data1\" content=\"Milan\" \/>\n\t<meta name=\"twitter:label2\" content=\"Est. reading time\" \/>\n\t<meta name=\"twitter:data2\" content=\"8 minutes\" \/>\n<script type=\"application\/ld+json\" class=\"yoast-schema-graph\">{\"@context\":\"https:\\\/\\\/schema.org\",\"@graph\":[{\"@type\":\"NewsArticle\",\"@id\":\"https:\\\/\\\/www.apfelpatient.de\\\/rumors\\\/ipad-pro-duennere-raender-und-innovative-features-erwartet#article\",\"isPartOf\":{\"@id\":\"https:\\\/\\\/www.apfelpatient.de\\\/rumors\\\/ipad-pro-duennere-raender-und-innovative-features-erwartet\"},\"author\":{\"@type\":\"Organization\",\"@id\":\"https:\\\/\\\/www.apfelpatient.de\\\/en\\\/#organization\",\"name\":\"Apfelpatient\",\"url\":\"https:\\\/\\\/www.apfelpatient.de\\\/en\\\/\"},\"headline\":\"iPad Pro: D\u00fcnnere R\u00e4nder und innovative Features erwartet\",\"datePublished\":\"2024-03-20T20:31:44+00:00\",\"dateModified\":\"2024-03-20T20:31:45+00:00\",\"mainEntityOfPage\":{\"@id\":\"https:\\\/\\\/www.apfelpatient.de\\\/rumors\\\/ipad-pro-duennere-raender-und-innovative-features-erwartet\"},\"wordCount\":477,\"publisher\":{\"@type\":\"Organization\",\"@id\":\"https:\\\/\\\/www.apfelpatient.de\\\/en\\\/#organization\",\"name\":\"Apfelpatient\",\"url\":\"https:\\\/\\\/www.apfelpatient.de\\\/en\\\/\"},\"image\":{\"@id\":\"https:\\\/\\\/www.apfelpatient.de\\\/rumors\\\/ipad-pro-duennere-raender-und-innovative-features-erwartet#primaryimage\"},\"thumbnailUrl\":\"https:\\\/\\\/www.apfelpatient.de\\\/wp-content\\\/uploads\\\/2024\\\/03\\\/ernest-ojeh-xSUZWZkjklc-unsplash-1.jpg\",\"keywords\":[\"iPad\",\"iPad Pro\"],\"articleSection\":\"Rumors\",\"inLanguage\":\"en-US\",\"copyrightYear\":\"2024\",\"copyrightHolder\":{\"@id\":\"https:\\\/\\\/www.apfelpatient.de\\\/en\\\/#organization\"}},{\"@type\":\"WebPage\",\"@id\":\"https:\\\/\\\/www.apfelpatient.de\\\/rumors\\\/ipad-pro-duennere-raender-und-innovative-features-erwartet\",\"url\":\"https:\\\/\\\/www.apfelpatient.de\\\/rumors\\\/ipad-pro-duennere-raender-und-innovative-features-erwartet\",\"name\":\"iPad Pro: D\u00fcnnere R\u00e4nder und innovative Features erwartet Apfelpatient\",\"isPartOf\":{\"@id\":\"https:\\\/\\\/www.apfelpatient.de\\\/#website\"},\"primaryImageOfPage\":{\"@id\":\"https:\\\/\\\/www.apfelpatient.de\\\/rumors\\\/ipad-pro-duennere-raender-und-innovative-features-erwartet#primaryimage\"},\"image\":{\"@id\":\"https:\\\/\\\/www.apfelpatient.de\\\/rumors\\\/ipad-pro-duennere-raender-und-innovative-features-erwartet#primaryimage\"},\"thumbnailUrl\":\"https:\\\/\\\/www.apfelpatient.de\\\/wp-content\\\/uploads\\\/2024\\\/03\\\/ernest-ojeh-xSUZWZkjklc-unsplash-1.jpg\",\"datePublished\":\"2024-03-20T20:31:44+00:00\",\"dateModified\":\"2024-03-20T20:31:45+00:00\",\"description\":\"iPad Pro: D\u00fcnnere R\u00e4nder und leistungsstarke Features im Blick! Sei gespannt auf aufregende Ver\u00e4nderungen und innovative Technologien.\",\"breadcrumb\":{\"@id\":\"https:\\\/\\\/www.apfelpatient.de\\\/rumors\\\/ipad-pro-duennere-raender-und-innovative-features-erwartet#breadcrumb\"},\"inLanguage\":\"en-US\",\"potentialAction\":[{\"@type\":\"ReadAction\",\"target\":[\"https:\\\/\\\/www.apfelpatient.de\\\/rumors\\\/ipad-pro-duennere-raender-und-innovative-features-erwartet\"]}]},{\"@type\":\"ImageObject\",\"inLanguage\":\"en-US\",\"@id\":\"https:\\\/\\\/www.apfelpatient.de\\\/rumors\\\/ipad-pro-duennere-raender-und-innovative-features-erwartet#primaryimage\",\"url\":\"https:\\\/\\\/www.apfelpatient.de\\\/wp-content\\\/uploads\\\/2024\\\/03\\\/ernest-ojeh-xSUZWZkjklc-unsplash-1.jpg\",\"contentUrl\":\"https:\\\/\\\/www.apfelpatient.de\\\/wp-content\\\/uploads\\\/2024\\\/03\\\/ernest-ojeh-xSUZWZkjklc-unsplash-1.jpg\",\"width\":1600,\"height\":1067,\"caption\":\"Photo by Unsplash \\\/ Ernest Ojeh\"},{\"@type\":\"BreadcrumbList\",\"@id\":\"https:\\\/\\\/www.apfelpatient.de\\\/rumors\\\/ipad-pro-duennere-raender-und-innovative-features-erwartet#breadcrumb\",\"itemListElement\":[{\"@type\":\"ListItem\",\"position\":1,\"name\":\"Startseite\",\"item\":\"https:\\\/\\\/www.apfelpatient.de\\\/\"},{\"@type\":\"ListItem\",\"position\":2,\"name\":\"iPad Pro: D\u00fcnnere R\u00e4nder und innovative Features erwartet\"}]},{\"@type\":\"WebSite\",\"@id\":\"https:\\\/\\\/www.apfelpatient.de\\\/#website\",\"url\":\"https:\\\/\\\/www.apfelpatient.de\\\/\",\"name\":\"Apfelpatient\",\"description\":\"Alles rund um Apple!\",\"publisher\":{\"@type\":\"Organization\",\"@id\":\"https:\\\/\\\/www.apfelpatient.de\\\/en\\\/#organization\",\"name\":\"Apfelpatient\",\"url\":\"https:\\\/\\\/www.apfelpatient.de\\\/en\\\/\"},\"alternateName\":\"Apfelpatient\",\"potentialAction\":[{\"@type\":\"SearchAction\",\"target\":{\"@type\":\"EntryPoint\",\"urlTemplate\":\"https:\\\/\\\/www.apfelpatient.de\\\/?s={search_term_string}\"},\"query-input\":{\"@type\":\"PropertyValueSpecification\",\"valueRequired\":true,\"valueName\":\"search_term_string\"}}],\"inLanguage\":\"en-US\"},{\"@type\":[\"Person\",\"Organization\"],\"@id\":\"https:\\\/\\\/www.apfelpatient.de\\\/#\\\/schema\\\/person\\\/7dc56ad6c8e9824b76d2c08d4c140e13\",\"name\":\"Milan\",\"logo\":{\"@id\":\"https:\\\/\\\/www.apfelpatient.de\\\/#\\\/schema\\\/person\\\/image\\\/\"},\"description\":\"Hallo und herzlich willkommen auf meinem Technik-Blog! Als gro\u00dfer Apple-Fan berichte ich hier \u00fcber alles, was mit Apple zu tun hat: von den neuesten News und spannenden Ger\u00fcchten \u00fcber hilfreiche Tipps und Tricks bis hin zu ausf\u00fchrlichen Produkttests. Wenn du genauso technikbegeistert bist wie ich, bist du hier genau richtig!\",\"sameAs\":[\"https:\\\/\\\/www.facebook.com\\\/apfelpatientOfficial\",\"https:\\\/\\\/www.linkedin.com\\\/in\\\/milan-jovicic-42aa0231b\"],\"url\":\"https:\\\/\\\/www.apfelpatient.de\\\/en\\\/author\\\/apfeladmin\"}]}<\/script>\n<!-- \/ Yoast SEO Premium plugin. -->","yoast_head_json":{"title":"iPad Pro: Thinner bezels and innovative features expected Apfelpatient","description":"iPad Pro: Thinner bezels and powerful features in sight! Look forward to exciting changes and innovative technologies.","robots":{"index":"index","follow":"follow","max-snippet":"max-snippet:-1","max-image-preview":"max-image-preview:large","max-video-preview":"max-video-preview:-1"},"canonical":"https:\/\/www.apfelpatient.de\/en\/rumors\/ipad-pro-thinner-edges-and-innovative-features-expected","og_locale":"en_US","og_type":"article","og_title":"iPad Pro: D\u00fcnnere R\u00e4nder und innovative Features erwartet","og_description":"iPad Pro: D\u00fcnnere R\u00e4nder und leistungsstarke Features im Blick! Sei gespannt auf aufregende Ver\u00e4nderungen und innovative Technologien.","og_url":"https:\/\/www.apfelpatient.de\/en\/rumors\/ipad-pro-thinner-edges-and-innovative-features-expected","og_site_name":"Apfelpatient","article_publisher":"https:\/\/www.facebook.com\/apfelpatientOfficial","article_author":"https:\/\/www.facebook.com\/apfelpatientOfficial","article_published_time":"2024-03-20T20:31:44+00:00","article_modified_time":"2024-03-20T20:31:45+00:00","og_image":[{"width":1600,"height":1067,"url":"https:\/\/www.apfelpatient.de\/wp-content\/uploads\/2024\/03\/ernest-ojeh-xSUZWZkjklc-unsplash-1.jpg","type":"image\/jpeg"}],"author":"Milan","twitter_card":"summary_large_image","twitter_description":"iPad Pro: D\u00fcnnere R\u00e4nder und leistungsstarke Features im Blick! Sei gespannt auf aufregende Ver\u00e4nderungen und innovative Technologien.","twitter_misc":{"Written by":"Milan","Est. reading time":"8 minutes"},"schema":{"@context":"https:\/\/schema.org","@graph":[{"@type":"NewsArticle","@id":"https:\/\/www.apfelpatient.de\/rumors\/ipad-pro-duennere-raender-und-innovative-features-erwartet#article","isPartOf":{"@id":"https:\/\/www.apfelpatient.de\/rumors\/ipad-pro-duennere-raender-und-innovative-features-erwartet"},"author":{"@type":"Organization","@id":"https:\/\/www.apfelpatient.de\/en\/#organization","name":"Apfelpatient","url":"https:\/\/www.apfelpatient.de\/en\/"},"headline":"iPad Pro: D\u00fcnnere R\u00e4nder und innovative Features erwartet","datePublished":"2024-03-20T20:31:44+00:00","dateModified":"2024-03-20T20:31:45+00:00","mainEntityOfPage":{"@id":"https:\/\/www.apfelpatient.de\/rumors\/ipad-pro-duennere-raender-und-innovative-features-erwartet"},"wordCount":477,"publisher":{"@type":"Organization","@id":"https:\/\/www.apfelpatient.de\/en\/#organization","name":"Apfelpatient","url":"https:\/\/www.apfelpatient.de\/en\/"},"image":{"@id":"https:\/\/www.apfelpatient.de\/rumors\/ipad-pro-duennere-raender-und-innovative-features-erwartet#primaryimage"},"thumbnailUrl":"https:\/\/www.apfelpatient.de\/wp-content\/uploads\/2024\/03\/ernest-ojeh-xSUZWZkjklc-unsplash-1.jpg","keywords":["iPad","iPad Pro"],"articleSection":"Rumors","inLanguage":"en-US","copyrightYear":"2024","copyrightHolder":{"@id":"https:\/\/www.apfelpatient.de\/en\/#organization"}},{"@type":"WebPage","@id":"https:\/\/www.apfelpatient.de\/rumors\/ipad-pro-duennere-raender-und-innovative-features-erwartet","url":"https:\/\/www.apfelpatient.de\/rumors\/ipad-pro-duennere-raender-und-innovative-features-erwartet","name":"iPad Pro: Thinner bezels and innovative features expected Apfelpatient","isPartOf":{"@id":"https:\/\/www.apfelpatient.de\/#website"},"primaryImageOfPage":{"@id":"https:\/\/www.apfelpatient.de\/rumors\/ipad-pro-duennere-raender-und-innovative-features-erwartet#primaryimage"},"image":{"@id":"https:\/\/www.apfelpatient.de\/rumors\/ipad-pro-duennere-raender-und-innovative-features-erwartet#primaryimage"},"thumbnailUrl":"https:\/\/www.apfelpatient.de\/wp-content\/uploads\/2024\/03\/ernest-ojeh-xSUZWZkjklc-unsplash-1.jpg","datePublished":"2024-03-20T20:31:44+00:00","dateModified":"2024-03-20T20:31:45+00:00","description":"iPad Pro: Thinner bezels and powerful features in sight! Look forward to exciting changes and innovative technologies.","breadcrumb":{"@id":"https:\/\/www.apfelpatient.de\/rumors\/ipad-pro-duennere-raender-und-innovative-features-erwartet#breadcrumb"},"inLanguage":"en-US","potentialAction":[{"@type":"ReadAction","target":["https:\/\/www.apfelpatient.de\/rumors\/ipad-pro-duennere-raender-und-innovative-features-erwartet"]}]},{"@type":"ImageObject","inLanguage":"en-US","@id":"https:\/\/www.apfelpatient.de\/rumors\/ipad-pro-duennere-raender-und-innovative-features-erwartet#primaryimage","url":"https:\/\/www.apfelpatient.de\/wp-content\/uploads\/2024\/03\/ernest-ojeh-xSUZWZkjklc-unsplash-1.jpg","contentUrl":"https:\/\/www.apfelpatient.de\/wp-content\/uploads\/2024\/03\/ernest-ojeh-xSUZWZkjklc-unsplash-1.jpg","width":1600,"height":1067,"caption":"Photo by Unsplash \/ Ernest Ojeh"},{"@type":"BreadcrumbList","@id":"https:\/\/www.apfelpatient.de\/rumors\/ipad-pro-duennere-raender-und-innovative-features-erwartet#breadcrumb","itemListElement":[{"@type":"ListItem","position":1,"name":"Startseite","item":"https:\/\/www.apfelpatient.de\/"},{"@type":"ListItem","position":2,"name":"iPad Pro: D\u00fcnnere R\u00e4nder und innovative Features erwartet"}]},{"@type":"WebSite","@id":"https:\/\/www.apfelpatient.de\/#website","url":"https:\/\/www.apfelpatient.de\/","name":"apple patient","description":"Everything about Apple!","publisher":{"@type":"Organization","@id":"https:\/\/www.apfelpatient.de\/en\/#organization","name":"Apfelpatient","url":"https:\/\/www.apfelpatient.de\/en\/"},"alternateName":"Apfelpatient","potentialAction":[{"@type":"SearchAction","target":{"@type":"EntryPoint","urlTemplate":"https:\/\/www.apfelpatient.de\/?s={search_term_string}"},"query-input":{"@type":"PropertyValueSpecification","valueRequired":true,"valueName":"search_term_string"}}],"inLanguage":"en-US"},{"@type":["Person","Organization"],"@id":"https:\/\/www.apfelpatient.de\/#\/schema\/person\/7dc56ad6c8e9824b76d2c08d4c140e13","name":"Milan","logo":{"@id":"https:\/\/www.apfelpatient.de\/#\/schema\/person\/image\/"},"description":"Hello and welcome to my technology blog! As a big Apple fan, I report on everything to do with Apple: from the latest news and exciting rumors to helpful tips and tricks and detailed product tests. If you are as enthusiastic about technology as I am, you have come to the right place!","sameAs":["https:\/\/www.facebook.com\/apfelpatientOfficial","https:\/\/www.linkedin.com\/in\/milan-jovicic-42aa0231b"],"url":"https:\/\/www.apfelpatient.de\/en\/author\/apfeladmin"}]}},"_links":{"self":[{"href":"https:\/\/www.apfelpatient.de\/en\/wp-json\/wp\/v2\/posts\/42473","targetHints":{"allow":["GET"]}}],"collection":[{"href":"https:\/\/www.apfelpatient.de\/en\/wp-json\/wp\/v2\/posts"}],"about":[{"href":"https:\/\/www.apfelpatient.de\/en\/wp-json\/wp\/v2\/types\/post"}],"author":[{"embeddable":true,"href":"https:\/\/www.apfelpatient.de\/en\/wp-json\/wp\/v2\/users\/2"}],"replies":[{"embeddable":true,"href":"https:\/\/www.apfelpatient.de\/en\/wp-json\/wp\/v2\/comments?post=42473"}],"version-history":[{"count":0,"href":"https:\/\/www.apfelpatient.de\/en\/wp-json\/wp\/v2\/posts\/42473\/revisions"}],"wp:featuredmedia":[{"embeddable":true,"href":"https:\/\/www.apfelpatient.de\/en\/wp-json\/wp\/v2\/media\/42476"}],"wp:attachment":[{"href":"https:\/\/www.apfelpatient.de\/en\/wp-json\/wp\/v2\/media?parent=42473"}],"wp:term":[{"taxonomy":"category","embeddable":true,"href":"https:\/\/www.apfelpatient.de\/en\/wp-json\/wp\/v2\/categories?post=42473"},{"taxonomy":"post_tag","embeddable":true,"href":"https:\/\/www.apfelpatient.de\/en\/wp-json\/wp\/v2\/tags?post=42473"}],"curies":[{"name":"wp","href":"https:\/\/api.w.org\/{rel}","templated":true}]}}