{"id":42405,"date":"2024-03-18T14:34:28","date_gmt":"2024-03-18T13:34:28","guid":{"rendered":"https:\/\/www.apfelpatient.de\/?p=42405"},"modified":"2024-03-18T14:51:05","modified_gmt":"2024-03-18T13:51:05","slug":"rumor-next-week-debut-the-new-ipad-air-ipad-pro","status":"publish","type":"post","link":"https:\/\/www.apfelpatient.de\/en\/rumors\/geruecht-naechste-woche-debuetieren-das-neue-ipad-air-ipad-pro","title":{"rendered":"Rumor: The new iPad Air &amp; iPad Pro will debut next week"},"content":{"rendered":"<p class=\"has-drop-cap\"><strong>The world of tech is once again on tenterhooks as rumors of Apple&#039;s upcoming iPad refresh are circulating. After the MacBook Air M3 recently took the spotlight, everything points to the new iPad Pro and iPad Air models taking their place soon. The possible release date of March 26 is eagerly awaited and has already sparked lively discussions in the tech community.<\/strong><\/p>\n\n\n\n<p>The launch of new products from Apple is always accompanied by great anticipation. The company has built a reputation for innovation and precision that sets the hearts of technology enthusiasts around the world racing. With each new product launch, standards are set and expectations exceeded. Now, attention is turning to the upcoming iPad update, which could potentially bring some exciting new features.<\/p>\n\n\n\n<h3 class=\"wp-block-heading\" id=\"h-einblick-in-die-spekulationen-und-hinweise\">Insight into the speculations and clues<\/h3>\n\n\n\n<p>The rumor mill is churning, and sources unanimously point to March 26th as a potential release date for the expected iPad refresh. These speculations were supported by a <a href=\"https:\/\/s.weibo.com\/weibo?q=%23\u65b0\u6b3eiPad\u62163\u670826\u65e5\u53d1\u5e03%23\" target=\"_blank\" rel=\"noreferrer noopener\">Contribution<\/a> on Weibo, in which well-known leaker &quot;Setsuna Digital&quot; raised the possibility of a release on the said date. Citing information from &quot;Boss Hookup,&quot; the post hinted at an upcoming iPad Air and iPad Pro launch. The clues further grew when Amazon listings for accessories were discovered, which also point to March 26 as the launch date. These discoveries further fueled speculation and were picked up by reputable publications such as IT House, which drew a possible connection between the accessory listings and the upcoming iPad update.<\/p>\n\n\n\n<h3 class=\"wp-block-heading\" id=\"h-ipad-air-amp-ipad-pro-auch-neues-zubehor-wird-erwartet\">iPad Air &amp; iPad Pro: New accessories are also expected<\/h3>\n\n\n\n\n\n\n\n<p>Although no specific date was previously given, this information fits seamlessly with reports from industry experts such as Bloomberg&#039;s Mark Gurman. Gurman hinted at an expected update in late March or early April back in early March, supporting speculation about March 26 as a possible release date. Expectations for the upcoming iPad update are high. Apple is expected to revamp the iPad Pro and iPad Air models, as well as introduce improvements to the Magic Keyboard and Apple Pencil. In particular, rumors about the integration of OLED technology in the iPad Pro and the relocation of the FaceTime camera to the long side have caught fans&#039; attention and are increasing anticipation for the upcoming update. (Photo by xMarshall \/ Bigstockphoto)<\/p>\n\n\n\n<ul class=\"wp-block-list\">\n<li><a href=\"https:\/\/www.apfelpatient.de\/en\/rumors\/new-ipads-apple-pencil-and-magic-keyboard-are-on-the-way\">New iPads, Apple Pencil and Magic Keyboard are on the way<\/a><\/li>\n<\/ul>\n\n\n\n<h6 class=\"wp-block-heading translation-block\" id=\"h-kennt-ihr-schon-unsere-amazon-storefront-dort-findet-ihr-eine-handverlesene-auswahl-von-diversen-produkten-f-r-euer-iphone-und-co-viel-spa-beim-st-bern\"><em>Have you already visited our Amazon Storefront? There you&#039;ll find a hand-picked selection of various products for your iPhone and other devices \u2013 <span class=\"has-inline-color has-vivid-red-color\"><a href=\"https:\/\/www.amazon.de\/shop\/apfelpatientofficial\" class=\"ek-link\" data-wpel-link=\"exclude\" rel=\"follow noopener\" target=\"_self\"><span style=\"text-decoration: underline\" class=\"ek-underline\">enjoy browsing<\/span><\/a> !<\/span><\/em><\/h6>\n\n\n\n<h6 class=\"wp-block-heading translation-block\" id=\"h-der-beitrag-enthalt-partnerlinks\">This post contains <a data-type=\"URL\" data-id=\"https:\/\/www.apfelpatient.de\/partnerprogramm\" href=\"https:\/\/www.apfelpatient.de\/en\/partner-program\" data-wpel-link=\"internal\" target=\"_self\">affiliate links<\/a>.<\/h6>","protected":false},"excerpt":{"rendered":"<p>Excitement is building: Rumor has it Apple will unveil the brand-new iPad Air and iPad Pro next week! Read more here!<\/p>","protected":false},"author":2,"featured_media":42407,"comment_status":"closed","ping_status":"closed","sticky":false,"template":"","format":"standard","meta":{"jnews-multi-image_gallery":[],"jnews_single_post":{"subtitle":"","format":"standard","video":"","gallery":"","source_name":"","source_url":"","via_name":"","via_url":"","override_template":"0","override":[{"template":"4","single_blog_custom":"","parallax":"1","fullscreen":"1","layout":"right-sidebar","sidebar":"default-sidebar","second_sidebar":"default-sidebar","sticky_sidebar":"1","share_position":"top","share_float_style":"share-monocrhome","show_share_counter":"1","show_view_counter":"1","show_featured":"1","show_post_meta":"1","show_post_author":"1","show_post_author_image":"1","show_post_date":"1","post_date_format":"default","post_date_format_custom":"Y\/m\/d","show_post_category":"1","show_post_reading_time":"0","post_reading_time_wpm":"300","show_zoom_button":"0","zoom_button_out_step":"2","zoom_button_in_step":"3","show_post_tag":"1","show_prev_next_post":"1","show_popup_post":"1","number_popup_post":"1","show_author_box":"0","show_post_related":"0","show_inline_post_related":"0"}],"override_image_size":"0","image_override":[{"single_post_thumbnail_size":"crop-500","single_post_gallery_size":"crop-500"}],"trending_post":"0","trending_post_position":"meta","trending_post_label":"Trending","sponsored_post":"0","sponsored_post_label":"Sponsored by","sponsored_post_name":"","sponsored_post_url":"","sponsored_post_logo_enable":"0","sponsored_post_logo":"","sponsored_post_desc":"","disable_ad":"0"},"jnews_primary_category":{"id":"25","hide":""},"footnotes":""},"categories":[25],"tags":[18,240,66],"class_list":["post-42405","post","type-post","status-publish","format-standard","has-post-thumbnail","hentry","category-rumors","tag-ipad","tag-ipad-air","tag-ipad-pro"],"yoast_head":"<!-- This site is optimized with the Yoast SEO Premium plugin v27.5 (Yoast SEO v27.5) - https:\/\/yoast.com\/product\/yoast-seo-premium-wordpress\/ -->\n<title>Ger\u00fccht: N\u00e4chste Woche deb\u00fctieren das neue iPad Air &amp; iPad Pro Apfelpatient<\/title>\n<meta name=\"description\" content=\"Spannung steigt: Das Ger\u00fccht besagt, dass Apple n\u00e4chste Woche das brandneue iPad Air &amp; iPad Pro enth\u00fcllt! Mehr dazu hier bei uns!\" \/>\n<meta name=\"robots\" content=\"index, follow, max-snippet:-1, max-image-preview:large, max-video-preview:-1\" \/>\n<link rel=\"canonical\" href=\"https:\/\/www.apfelpatient.de\/en\/rumors\/rumor-next-week-debut-the-new-ipad-air-ipad-pro\" \/>\n<meta property=\"og:locale\" content=\"en_US\" \/>\n<meta property=\"og:type\" content=\"article\" \/>\n<meta property=\"og:title\" content=\"Ger\u00fccht: N\u00e4chste Woche deb\u00fctieren das neue iPad Air &amp; iPad Pro\" \/>\n<meta property=\"og:description\" content=\"Spannung steigt: Das Ger\u00fccht besagt, dass Apple n\u00e4chste Woche das brandneue iPad Air &amp; iPad Pro enth\u00fcllt! Mehr dazu hier bei uns!\" \/>\n<meta property=\"og:url\" content=\"https:\/\/www.apfelpatient.de\/en\/rumors\/rumor-next-week-debut-the-new-ipad-air-ipad-pro\" \/>\n<meta property=\"og:site_name\" content=\"Apfelpatient\" \/>\n<meta property=\"article:publisher\" content=\"https:\/\/www.facebook.com\/apfelpatientOfficial\" \/>\n<meta property=\"article:author\" content=\"https:\/\/www.facebook.com\/apfelpatientOfficial\" \/>\n<meta property=\"article:published_time\" content=\"2024-03-18T13:34:28+00:00\" \/>\n<meta property=\"article:modified_time\" content=\"2024-03-18T13:51:05+00:00\" \/>\n<meta property=\"og:image\" content=\"https:\/\/www.apfelpatient.de\/wp-content\/uploads\/2024\/03\/bigstock-Zagreb-Croatia-February-284983750.jpg\" \/>\n\t<meta property=\"og:image:width\" content=\"1600\" \/>\n\t<meta property=\"og:image:height\" content=\"1068\" \/>\n\t<meta property=\"og:image:type\" content=\"image\/jpeg\" \/>\n<meta name=\"author\" content=\"Milan\" \/>\n<meta name=\"twitter:card\" content=\"summary_large_image\" \/>\n<meta name=\"twitter:description\" content=\"Spannung steigt: Das Ger\u00fccht besagt, dass Apple n\u00e4chste Woche das brandneue iPad Air &amp; iPad Pro enth\u00fcllt! Mehr dazu hier bei uns!\" \/>\n<meta name=\"twitter:label1\" content=\"Written by\" \/>\n\t<meta name=\"twitter:data1\" content=\"Milan\" \/>\n\t<meta name=\"twitter:label2\" content=\"Est. reading time\" \/>\n\t<meta name=\"twitter:data2\" content=\"3 minutes\" \/>\n<script type=\"application\/ld+json\" class=\"yoast-schema-graph\">{\"@context\":\"https:\\\/\\\/schema.org\",\"@graph\":[{\"@type\":\"NewsArticle\",\"@id\":\"https:\\\/\\\/www.apfelpatient.de\\\/rumors\\\/geruecht-naechste-woche-debuetieren-das-neue-ipad-air-ipad-pro#article\",\"isPartOf\":{\"@id\":\"https:\\\/\\\/www.apfelpatient.de\\\/rumors\\\/geruecht-naechste-woche-debuetieren-das-neue-ipad-air-ipad-pro\"},\"author\":{\"@type\":\"Organization\",\"@id\":\"https:\\\/\\\/www.apfelpatient.de\\\/en\\\/#organization\",\"name\":\"Apfelpatient\",\"url\":\"https:\\\/\\\/www.apfelpatient.de\\\/en\\\/\"},\"headline\":\"Ger\u00fccht: N\u00e4chste Woche deb\u00fctieren das neue iPad Air &#038; iPad Pro\",\"datePublished\":\"2024-03-18T13:34:28+00:00\",\"dateModified\":\"2024-03-18T13:51:05+00:00\",\"mainEntityOfPage\":{\"@id\":\"https:\\\/\\\/www.apfelpatient.de\\\/rumors\\\/geruecht-naechste-woche-debuetieren-das-neue-ipad-air-ipad-pro\"},\"wordCount\":437,\"publisher\":{\"@type\":\"Organization\",\"@id\":\"https:\\\/\\\/www.apfelpatient.de\\\/en\\\/#organization\",\"name\":\"Apfelpatient\",\"url\":\"https:\\\/\\\/www.apfelpatient.de\\\/en\\\/\"},\"image\":{\"@id\":\"https:\\\/\\\/www.apfelpatient.de\\\/rumors\\\/geruecht-naechste-woche-debuetieren-das-neue-ipad-air-ipad-pro#primaryimage\"},\"thumbnailUrl\":\"https:\\\/\\\/www.apfelpatient.de\\\/wp-content\\\/uploads\\\/2024\\\/03\\\/bigstock-Zagreb-Croatia-February-284983750.jpg\",\"keywords\":[\"iPad\",\"iPad Air\",\"iPad Pro\"],\"articleSection\":\"Rumors\",\"inLanguage\":\"en-US\",\"copyrightYear\":\"2024\",\"copyrightHolder\":{\"@id\":\"https:\\\/\\\/www.apfelpatient.de\\\/en\\\/#organization\"}},{\"@type\":\"WebPage\",\"@id\":\"https:\\\/\\\/www.apfelpatient.de\\\/rumors\\\/geruecht-naechste-woche-debuetieren-das-neue-ipad-air-ipad-pro\",\"url\":\"https:\\\/\\\/www.apfelpatient.de\\\/rumors\\\/geruecht-naechste-woche-debuetieren-das-neue-ipad-air-ipad-pro\",\"name\":\"Ger\u00fccht: N\u00e4chste Woche deb\u00fctieren das neue iPad Air & iPad Pro Apfelpatient\",\"isPartOf\":{\"@id\":\"https:\\\/\\\/www.apfelpatient.de\\\/#website\"},\"primaryImageOfPage\":{\"@id\":\"https:\\\/\\\/www.apfelpatient.de\\\/rumors\\\/geruecht-naechste-woche-debuetieren-das-neue-ipad-air-ipad-pro#primaryimage\"},\"image\":{\"@id\":\"https:\\\/\\\/www.apfelpatient.de\\\/rumors\\\/geruecht-naechste-woche-debuetieren-das-neue-ipad-air-ipad-pro#primaryimage\"},\"thumbnailUrl\":\"https:\\\/\\\/www.apfelpatient.de\\\/wp-content\\\/uploads\\\/2024\\\/03\\\/bigstock-Zagreb-Croatia-February-284983750.jpg\",\"datePublished\":\"2024-03-18T13:34:28+00:00\",\"dateModified\":\"2024-03-18T13:51:05+00:00\",\"description\":\"Spannung steigt: Das Ger\u00fccht besagt, dass Apple n\u00e4chste Woche das brandneue iPad Air & iPad Pro enth\u00fcllt! Mehr dazu hier bei uns!\",\"breadcrumb\":{\"@id\":\"https:\\\/\\\/www.apfelpatient.de\\\/rumors\\\/geruecht-naechste-woche-debuetieren-das-neue-ipad-air-ipad-pro#breadcrumb\"},\"inLanguage\":\"en-US\",\"potentialAction\":[{\"@type\":\"ReadAction\",\"target\":[\"https:\\\/\\\/www.apfelpatient.de\\\/rumors\\\/geruecht-naechste-woche-debuetieren-das-neue-ipad-air-ipad-pro\"]}]},{\"@type\":\"ImageObject\",\"inLanguage\":\"en-US\",\"@id\":\"https:\\\/\\\/www.apfelpatient.de\\\/rumors\\\/geruecht-naechste-woche-debuetieren-das-neue-ipad-air-ipad-pro#primaryimage\",\"url\":\"https:\\\/\\\/www.apfelpatient.de\\\/wp-content\\\/uploads\\\/2024\\\/03\\\/bigstock-Zagreb-Croatia-February-284983750.jpg\",\"contentUrl\":\"https:\\\/\\\/www.apfelpatient.de\\\/wp-content\\\/uploads\\\/2024\\\/03\\\/bigstock-Zagreb-Croatia-February-284983750.jpg\",\"width\":1600,\"height\":1068,\"caption\":\"ZAGREB, CROATIA - FEBRUARY 18, 2019: Women hands holding a box of Apple iPad Pro 11 inch surrounded by Apple Pencil 2, computer and camera on white marble table. iPad Pro 11 inch ready for unboxing.\"},{\"@type\":\"BreadcrumbList\",\"@id\":\"https:\\\/\\\/www.apfelpatient.de\\\/rumors\\\/geruecht-naechste-woche-debuetieren-das-neue-ipad-air-ipad-pro#breadcrumb\",\"itemListElement\":[{\"@type\":\"ListItem\",\"position\":1,\"name\":\"Startseite\",\"item\":\"https:\\\/\\\/www.apfelpatient.de\\\/\"},{\"@type\":\"ListItem\",\"position\":2,\"name\":\"Ger\u00fccht: N\u00e4chste Woche deb\u00fctieren das neue iPad Air &#038; iPad Pro\"}]},{\"@type\":\"WebSite\",\"@id\":\"https:\\\/\\\/www.apfelpatient.de\\\/#website\",\"url\":\"https:\\\/\\\/www.apfelpatient.de\\\/\",\"name\":\"Apfelpatient\",\"description\":\"Alles rund um Apple!\",\"publisher\":{\"@type\":\"Organization\",\"@id\":\"https:\\\/\\\/www.apfelpatient.de\\\/en\\\/#organization\",\"name\":\"Apfelpatient\",\"url\":\"https:\\\/\\\/www.apfelpatient.de\\\/en\\\/\"},\"alternateName\":\"Apfelpatient\",\"potentialAction\":[{\"@type\":\"SearchAction\",\"target\":{\"@type\":\"EntryPoint\",\"urlTemplate\":\"https:\\\/\\\/www.apfelpatient.de\\\/?s={search_term_string}\"},\"query-input\":{\"@type\":\"PropertyValueSpecification\",\"valueRequired\":true,\"valueName\":\"search_term_string\"}}],\"inLanguage\":\"en-US\"},{\"@type\":[\"Person\",\"Organization\"],\"@id\":\"https:\\\/\\\/www.apfelpatient.de\\\/#\\\/schema\\\/person\\\/35b3ddba5832f2bfc7fff5206d4f6b7b\",\"name\":\"Milan\",\"logo\":{\"@id\":\"https:\\\/\\\/www.apfelpatient.de\\\/#\\\/schema\\\/person\\\/image\\\/\"},\"description\":\"Hallo und herzlich willkommen auf meinem Technik-Blog! Als gro\u00dfer Apple-Fan berichte ich hier \u00fcber alles, was mit Apple zu tun hat: von den neuesten News und spannenden Ger\u00fcchten \u00fcber hilfreiche Tipps und Tricks bis hin zu ausf\u00fchrlichen Produkttests. Wenn du genauso technikbegeistert bist wie ich, bist du hier genau richtig!\",\"sameAs\":[\"https:\\\/\\\/www.facebook.com\\\/apfelpatientOfficial\",\"https:\\\/\\\/www.linkedin.com\\\/in\\\/milan-jovicic-42aa0231b\"],\"url\":\"https:\\\/\\\/www.apfelpatient.de\\\/en\\\/author\\\/apfeladmin\"}]}<\/script>\n<!-- \/ Yoast SEO Premium plugin. -->","yoast_head_json":{"title":"Rumor: New iPad Air &amp; iPad Pro to debut next week Apfelpatient","description":"Excitement is building: Rumor has it that Apple will unveil the brand new iPad Air &amp; iPad Pro next week! Read more here!","robots":{"index":"index","follow":"follow","max-snippet":"max-snippet:-1","max-image-preview":"max-image-preview:large","max-video-preview":"max-video-preview:-1"},"canonical":"https:\/\/www.apfelpatient.de\/en\/rumors\/rumor-next-week-debut-the-new-ipad-air-ipad-pro","og_locale":"en_US","og_type":"article","og_title":"Ger\u00fccht: N\u00e4chste Woche deb\u00fctieren das neue iPad Air & iPad Pro","og_description":"Spannung steigt: Das Ger\u00fccht besagt, dass Apple n\u00e4chste Woche das brandneue iPad Air & iPad Pro enth\u00fcllt! Mehr dazu hier bei uns!","og_url":"https:\/\/www.apfelpatient.de\/en\/rumors\/rumor-next-week-debut-the-new-ipad-air-ipad-pro","og_site_name":"Apfelpatient","article_publisher":"https:\/\/www.facebook.com\/apfelpatientOfficial","article_author":"https:\/\/www.facebook.com\/apfelpatientOfficial","article_published_time":"2024-03-18T13:34:28+00:00","article_modified_time":"2024-03-18T13:51:05+00:00","og_image":[{"width":1600,"height":1068,"url":"https:\/\/www.apfelpatient.de\/wp-content\/uploads\/2024\/03\/bigstock-Zagreb-Croatia-February-284983750.jpg","type":"image\/jpeg"}],"author":"Milan","twitter_card":"summary_large_image","twitter_description":"Spannung steigt: Das Ger\u00fccht besagt, dass Apple n\u00e4chste Woche das brandneue iPad Air & iPad Pro enth\u00fcllt! Mehr dazu hier bei uns!","twitter_misc":{"Written by":"Milan","Est. reading time":"3 minutes"},"schema":{"@context":"https:\/\/schema.org","@graph":[{"@type":"NewsArticle","@id":"https:\/\/www.apfelpatient.de\/rumors\/geruecht-naechste-woche-debuetieren-das-neue-ipad-air-ipad-pro#article","isPartOf":{"@id":"https:\/\/www.apfelpatient.de\/rumors\/geruecht-naechste-woche-debuetieren-das-neue-ipad-air-ipad-pro"},"author":{"@type":"Organization","@id":"https:\/\/www.apfelpatient.de\/en\/#organization","name":"Apfelpatient","url":"https:\/\/www.apfelpatient.de\/en\/"},"headline":"Ger\u00fccht: N\u00e4chste Woche deb\u00fctieren das neue iPad Air &#038; iPad Pro","datePublished":"2024-03-18T13:34:28+00:00","dateModified":"2024-03-18T13:51:05+00:00","mainEntityOfPage":{"@id":"https:\/\/www.apfelpatient.de\/rumors\/geruecht-naechste-woche-debuetieren-das-neue-ipad-air-ipad-pro"},"wordCount":437,"publisher":{"@type":"Organization","@id":"https:\/\/www.apfelpatient.de\/en\/#organization","name":"Apfelpatient","url":"https:\/\/www.apfelpatient.de\/en\/"},"image":{"@id":"https:\/\/www.apfelpatient.de\/rumors\/geruecht-naechste-woche-debuetieren-das-neue-ipad-air-ipad-pro#primaryimage"},"thumbnailUrl":"https:\/\/www.apfelpatient.de\/wp-content\/uploads\/2024\/03\/bigstock-Zagreb-Croatia-February-284983750.jpg","keywords":["iPad","iPad Air","iPad Pro"],"articleSection":"Rumors","inLanguage":"en-US","copyrightYear":"2024","copyrightHolder":{"@id":"https:\/\/www.apfelpatient.de\/en\/#organization"}},{"@type":"WebPage","@id":"https:\/\/www.apfelpatient.de\/rumors\/geruecht-naechste-woche-debuetieren-das-neue-ipad-air-ipad-pro","url":"https:\/\/www.apfelpatient.de\/rumors\/geruecht-naechste-woche-debuetieren-das-neue-ipad-air-ipad-pro","name":"Rumor: New iPad Air &amp; iPad Pro to debut next week Apfelpatient","isPartOf":{"@id":"https:\/\/www.apfelpatient.de\/#website"},"primaryImageOfPage":{"@id":"https:\/\/www.apfelpatient.de\/rumors\/geruecht-naechste-woche-debuetieren-das-neue-ipad-air-ipad-pro#primaryimage"},"image":{"@id":"https:\/\/www.apfelpatient.de\/rumors\/geruecht-naechste-woche-debuetieren-das-neue-ipad-air-ipad-pro#primaryimage"},"thumbnailUrl":"https:\/\/www.apfelpatient.de\/wp-content\/uploads\/2024\/03\/bigstock-Zagreb-Croatia-February-284983750.jpg","datePublished":"2024-03-18T13:34:28+00:00","dateModified":"2024-03-18T13:51:05+00:00","description":"Excitement is building: Rumor has it that Apple will unveil the brand new iPad Air &amp; iPad Pro next week! Read more here!","breadcrumb":{"@id":"https:\/\/www.apfelpatient.de\/rumors\/geruecht-naechste-woche-debuetieren-das-neue-ipad-air-ipad-pro#breadcrumb"},"inLanguage":"en-US","potentialAction":[{"@type":"ReadAction","target":["https:\/\/www.apfelpatient.de\/rumors\/geruecht-naechste-woche-debuetieren-das-neue-ipad-air-ipad-pro"]}]},{"@type":"ImageObject","inLanguage":"en-US","@id":"https:\/\/www.apfelpatient.de\/rumors\/geruecht-naechste-woche-debuetieren-das-neue-ipad-air-ipad-pro#primaryimage","url":"https:\/\/www.apfelpatient.de\/wp-content\/uploads\/2024\/03\/bigstock-Zagreb-Croatia-February-284983750.jpg","contentUrl":"https:\/\/www.apfelpatient.de\/wp-content\/uploads\/2024\/03\/bigstock-Zagreb-Croatia-February-284983750.jpg","width":1600,"height":1068,"caption":"ZAGREB, CROATIA - FEBRUARY 18, 2019: Women hands holding a box of Apple iPad Pro 11 inch surrounded by Apple Pencil 2, computer and camera on white marble table. iPad Pro 11 inch ready for unboxing."},{"@type":"BreadcrumbList","@id":"https:\/\/www.apfelpatient.de\/rumors\/geruecht-naechste-woche-debuetieren-das-neue-ipad-air-ipad-pro#breadcrumb","itemListElement":[{"@type":"ListItem","position":1,"name":"Startseite","item":"https:\/\/www.apfelpatient.de\/"},{"@type":"ListItem","position":2,"name":"Ger\u00fccht: N\u00e4chste Woche deb\u00fctieren das neue iPad Air &#038; iPad Pro"}]},{"@type":"WebSite","@id":"https:\/\/www.apfelpatient.de\/#website","url":"https:\/\/www.apfelpatient.de\/","name":"apple patient","description":"Everything about Apple!","publisher":{"@type":"Organization","@id":"https:\/\/www.apfelpatient.de\/en\/#organization","name":"Apfelpatient","url":"https:\/\/www.apfelpatient.de\/en\/"},"alternateName":"Apfelpatient","potentialAction":[{"@type":"SearchAction","target":{"@type":"EntryPoint","urlTemplate":"https:\/\/www.apfelpatient.de\/?s={search_term_string}"},"query-input":{"@type":"PropertyValueSpecification","valueRequired":true,"valueName":"search_term_string"}}],"inLanguage":"en-US"},{"@type":["Person","Organization"],"@id":"https:\/\/www.apfelpatient.de\/#\/schema\/person\/35b3ddba5832f2bfc7fff5206d4f6b7b","name":"Milan","logo":{"@id":"https:\/\/www.apfelpatient.de\/#\/schema\/person\/image\/"},"description":"Hello and welcome to my technology blog! As a big Apple fan, I report on everything to do with Apple: from the latest news and exciting rumors to helpful tips and tricks and detailed product tests. If you are as enthusiastic about technology as I am, you have come to the right place!","sameAs":["https:\/\/www.facebook.com\/apfelpatientOfficial","https:\/\/www.linkedin.com\/in\/milan-jovicic-42aa0231b"],"url":"https:\/\/www.apfelpatient.de\/en\/author\/apfeladmin"}]}},"_links":{"self":[{"href":"https:\/\/www.apfelpatient.de\/en\/wp-json\/wp\/v2\/posts\/42405","targetHints":{"allow":["GET"]}}],"collection":[{"href":"https:\/\/www.apfelpatient.de\/en\/wp-json\/wp\/v2\/posts"}],"about":[{"href":"https:\/\/www.apfelpatient.de\/en\/wp-json\/wp\/v2\/types\/post"}],"author":[{"embeddable":true,"href":"https:\/\/www.apfelpatient.de\/en\/wp-json\/wp\/v2\/users\/2"}],"replies":[{"embeddable":true,"href":"https:\/\/www.apfelpatient.de\/en\/wp-json\/wp\/v2\/comments?post=42405"}],"version-history":[{"count":0,"href":"https:\/\/www.apfelpatient.de\/en\/wp-json\/wp\/v2\/posts\/42405\/revisions"}],"wp:featuredmedia":[{"embeddable":true,"href":"https:\/\/www.apfelpatient.de\/en\/wp-json\/wp\/v2\/media\/42407"}],"wp:attachment":[{"href":"https:\/\/www.apfelpatient.de\/en\/wp-json\/wp\/v2\/media?parent=42405"}],"wp:term":[{"taxonomy":"category","embeddable":true,"href":"https:\/\/www.apfelpatient.de\/en\/wp-json\/wp\/v2\/categories?post=42405"},{"taxonomy":"post_tag","embeddable":true,"href":"https:\/\/www.apfelpatient.de\/en\/wp-json\/wp\/v2\/tags?post=42405"}],"curies":[{"name":"wp","href":"https:\/\/api.w.org\/{rel}","templated":true}]}}