{"id":42337,"date":"2024-03-12T06:25:29","date_gmt":"2024-03-12T05:25:29","guid":{"rendered":"https:\/\/www.apfelpatient.de\/?p=42337"},"modified":"2024-03-12T06:25:29","modified_gmt":"2024-03-12T05:25:29","slug":"apple-reportedly-begins-development-of-the-m4-macbook-pro","status":"publish","type":"post","link":"https:\/\/www.apfelpatient.de\/en\/rumors\/apple-beginnt-angeblich-mit-der-entwicklung-des-m4-macbook-pro","title":{"rendered":"Apple reportedly begins development of the M4 MacBook Pro"},"content":{"rendered":"<p class=\"has-drop-cap\"><strong>Looking at the latest revelations and speculations surrounding the tech giants, Apple is once again in the spotlight. According to recent reports, the company has initiated the development of a new masterpiece: the M4 MacBook Pro. This news has once again caused excitement in the tech world and raised numerous questions.<\/strong><\/p>\n\n\n\n<p>The world of technology is constantly changing, and Apple remains at the forefront of that progress. With each new reveal and innovation, the company leaves a profound impact on the industry and the way we use technology. Recent speculation about the M4 MacBook Pro is piquing the curiosity of professionals and consumers alike, as it suggests that Apple continues to strive to push boundaries and set standards.<\/p>\n\n\n\n<h3 class=\"wp-block-heading\" id=\"h-aktuelle-einblicke-das-m4-macbook-pro-und-die-zukunft-von-apple\">Current Insights: The M4 MacBook Pro and the Future of Apple<\/h3>\n\n\n\n<p>The latest insights come from Bloomberg\u2019s Mark Gurman, who during a <a href=\"https:\/\/www.bloomberg.com\/news\/live-blog\/2024-03-11\/apple-car-canceled--live-q-a-with-bloomberg-s-mark-gurman\" target=\"_blank\" rel=\"noreferrer noopener\">question and answer session<\/a> on the subject of Apple Car some <a href=\"https:\/\/www.apfelpatient.de\/en\/rumors\/innovation-behind-the-scenes-of-the-apple-chip-for-the-car-project\">revealed fascinating details<\/a>. Among other things, he revealed that the vehicle&#039;s chip consists of four M2 Ultra chips and includes an innovative &quot;safetyOS&quot; system as part of its operating system. In addition to this information, Gurman also touched on the ongoing development of the M4 MacBook Pro, but did not reveal any deeper details. Developing new chips is an integral part of Apple&#039;s innovation strategy, and the M4 chip is no exception. After the launch of the M1 chip in 2020, followed by the M2 chip in 2022 and the M3 chip in 2023, the M4 chip seems likely to launch in the first half of 2025, according to the timeline so far.<\/p>\n\n\n\n<h3 class=\"wp-block-heading\" id=\"h-spekulationen-uber-den-m4-chip-was-erwartet-uns\">Speculations about the M4 chip: What can we expect?<\/h3>\n\n\n\n<p>The specifications of the M4 chip remain a mystery for now, but rumors suggest that it could include an improved Neural Engine with significantly more artificial intelligence cores. This promises a further increase in performance and efficiency for the upcoming MacBook Pro models. Additionally, it is worth noting that Apple&#039;s chipmaker TSMC is expected to begin mass production of chips using the 2nm process in the second half of 2025. This suggests that the M4 chip will most likely be manufactured using the 3nm process, but with an improved version of that process to further increase performance.<\/p>\n\n\n\n<h3 class=\"wp-block-heading\" id=\"h-die-zukunft-des-macbooks\">The Future of the MacBook<\/h3>\n\n\n\n\n\n\n\n<p>Innovation and progress are the cornerstones of Apple&#039;s DNA, and the upcoming M4 MacBook Pro promises to continue that tradition. With a projected launch date in the first half of 2025 and a potential slew of improvements over its predecessors, this new device will no doubt grab the attention of tech enthusiasts and consumers alike. While we eagerly await further details and confirmations from Apple, one thing remains certain: the future of technology is moving, and Apple is leading the way. (Image: Apple)<\/p>\n\n\n\n<ul class=\"wp-block-list\">\n<li><a href=\"https:\/\/www.apfelpatient.de\/en\/rumors\/ios-18-macos-15-freeform-app-with-scene-function\">iOS 18 &amp; macOS 15: Freeform app with scene function?<\/a><\/li>\n<\/ul>\n\n\n\n<h6 class=\"wp-block-heading translation-block\" id=\"h-kennt-ihr-schon-unsere-amazon-storefront-dort-findet-ihr-eine-handverlesene-auswahl-von-diversen-produkten-f-r-euer-iphone-und-co-viel-spa-beim-st-bern\"><em>Have you already visited our Amazon Storefront? There you&#039;ll find a hand-picked selection of various products for your iPhone and other devices \u2013 <span class=\"has-inline-color has-vivid-red-color\"><a href=\"https:\/\/www.amazon.de\/shop\/apfelpatientofficial\" class=\"ek-link\" data-wpel-link=\"exclude\" rel=\"follow noopener\" target=\"_self\"><span style=\"text-decoration: underline\" class=\"ek-underline\">enjoy browsing<\/span><\/a> !<\/span><\/em><\/h6>\n\n\n\n<h6 class=\"wp-block-heading translation-block\" id=\"h-der-beitrag-enthalt-partnerlinks\">This post contains <a data-type=\"URL\" data-id=\"https:\/\/www.apfelpatient.de\/partnerprogramm\" href=\"https:\/\/www.apfelpatient.de\/en\/partner-program\" data-wpel-link=\"internal\" target=\"_self\">affiliate links<\/a>.<\/h6>","protected":false},"excerpt":{"rendered":"<p>Exciting revelations: Apple begins development of the M4 MacBook Pro. Learn more about the coming technology revolution!<\/p>","protected":false},"author":2,"featured_media":42339,"comment_status":"closed","ping_status":"closed","sticky":false,"template":"","format":"standard","meta":{"jnews-multi-image_gallery":[],"jnews_single_post":{"subtitle":"","format":"standard","video":"","gallery":"","source_name":"","source_url":"","via_name":"","via_url":"","override_template":"0","override":[{"template":"4","single_blog_custom":"","parallax":"1","fullscreen":"1","layout":"right-sidebar","sidebar":"default-sidebar","second_sidebar":"default-sidebar","sticky_sidebar":"1","share_position":"top","share_float_style":"share-monocrhome","show_share_counter":"1","show_view_counter":"1","show_featured":"1","show_post_meta":"1","show_post_author":"1","show_post_author_image":"1","show_post_date":"1","post_date_format":"default","post_date_format_custom":"Y\/m\/d","show_post_category":"1","show_post_reading_time":"0","post_reading_time_wpm":"300","show_zoom_button":"0","zoom_button_out_step":"2","zoom_button_in_step":"3","show_post_tag":"1","show_prev_next_post":"1","show_popup_post":"1","number_popup_post":"1","show_author_box":"0","show_post_related":"0","show_inline_post_related":"0"}],"override_image_size":"0","image_override":[{"single_post_thumbnail_size":"crop-500","single_post_gallery_size":"crop-500"}],"trending_post":"0","trending_post_position":"meta","trending_post_label":"Trending","sponsored_post":"0","sponsored_post_label":"Sponsored by","sponsored_post_name":"","sponsored_post_url":"","sponsored_post_logo_enable":"0","sponsored_post_logo":"","sponsored_post_desc":"","disable_ad":"0"},"jnews_primary_category":{"id":"25","hide":""},"footnotes":""},"categories":[25],"tags":[40,50],"class_list":["post-42337","post","type-post","status-publish","format-standard","has-post-thumbnail","hentry","category-rumors","tag-mac","tag-macbook-pro"],"yoast_head":"<!-- This site is optimized with the Yoast SEO Premium plugin v27.5 (Yoast SEO v27.5) - https:\/\/yoast.com\/product\/yoast-seo-premium-wordpress\/ -->\n<title>Apple beginnt angeblich mit der Entwicklung des M4 MacBook Pro Apfelpatient<\/title>\n<meta name=\"description\" content=\"Spannende Enth\u00fcllungen: Apple beginnt mit der Entwicklung des M4 MacBook Pro. Erfahre mehr \u00fcber die kommende Technologie-Revolution!\" \/>\n<meta name=\"robots\" content=\"index, follow, max-snippet:-1, max-image-preview:large, max-video-preview:-1\" \/>\n<link rel=\"canonical\" href=\"https:\/\/www.apfelpatient.de\/en\/rumors\/apple-reportedly-begins-development-of-the-m4-macbook-pro\" \/>\n<meta property=\"og:locale\" content=\"en_US\" \/>\n<meta property=\"og:type\" content=\"article\" \/>\n<meta property=\"og:title\" content=\"Apple beginnt angeblich mit der Entwicklung des M4 MacBook Pro\" \/>\n<meta property=\"og:description\" content=\"Spannende Enth\u00fcllungen: Apple beginnt mit der Entwicklung des M4 MacBook Pro. Erfahre mehr \u00fcber die kommende Technologie-Revolution!\" \/>\n<meta property=\"og:url\" content=\"https:\/\/www.apfelpatient.de\/en\/rumors\/apple-reportedly-begins-development-of-the-m4-macbook-pro\" \/>\n<meta property=\"og:site_name\" content=\"Apfelpatient\" \/>\n<meta property=\"article:publisher\" content=\"https:\/\/www.facebook.com\/apfelpatientOfficial\" \/>\n<meta property=\"article:author\" content=\"https:\/\/www.facebook.com\/apfelpatientOfficial\" \/>\n<meta property=\"article:published_time\" content=\"2024-03-12T05:25:29+00:00\" \/>\n<meta property=\"og:image\" content=\"https:\/\/www.apfelpatient.de\/wp-content\/uploads\/2024\/03\/Apple-MacBook-Pro-2up-231030.jpg\" \/>\n\t<meta property=\"og:image:width\" content=\"1600\" \/>\n\t<meta property=\"og:image:height\" content=\"900\" \/>\n\t<meta property=\"og:image:type\" content=\"image\/jpeg\" \/>\n<meta name=\"author\" content=\"Milan\" \/>\n<meta name=\"twitter:card\" content=\"summary_large_image\" \/>\n<meta name=\"twitter:description\" content=\"Spannende Enth\u00fcllungen: Apple beginnt mit der Entwicklung des M4 MacBook Pro. Erfahre mehr \u00fcber die kommende Technologie-Revolution!\" \/>\n<meta name=\"twitter:label1\" content=\"Written by\" \/>\n\t<meta name=\"twitter:data1\" content=\"Milan\" \/>\n\t<meta name=\"twitter:label2\" content=\"Est. reading time\" \/>\n\t<meta name=\"twitter:data2\" content=\"3 minutes\" \/>\n<script type=\"application\/ld+json\" class=\"yoast-schema-graph\">{\"@context\":\"https:\\\/\\\/schema.org\",\"@graph\":[{\"@type\":\"NewsArticle\",\"@id\":\"https:\\\/\\\/www.apfelpatient.de\\\/rumors\\\/apple-beginnt-angeblich-mit-der-entwicklung-des-m4-macbook-pro#article\",\"isPartOf\":{\"@id\":\"https:\\\/\\\/www.apfelpatient.de\\\/rumors\\\/apple-beginnt-angeblich-mit-der-entwicklung-des-m4-macbook-pro\"},\"author\":{\"@type\":\"Organization\",\"@id\":\"https:\\\/\\\/www.apfelpatient.de\\\/en\\\/#organization\",\"name\":\"Apfelpatient\",\"url\":\"https:\\\/\\\/www.apfelpatient.de\\\/en\\\/\"},\"headline\":\"Apple beginnt angeblich mit der Entwicklung des M4 MacBook Pro\",\"datePublished\":\"2024-03-12T05:25:29+00:00\",\"mainEntityOfPage\":{\"@id\":\"https:\\\/\\\/www.apfelpatient.de\\\/rumors\\\/apple-beginnt-angeblich-mit-der-entwicklung-des-m4-macbook-pro\"},\"wordCount\":482,\"publisher\":{\"@type\":\"Organization\",\"@id\":\"https:\\\/\\\/www.apfelpatient.de\\\/en\\\/#organization\",\"name\":\"Apfelpatient\",\"url\":\"https:\\\/\\\/www.apfelpatient.de\\\/en\\\/\"},\"image\":{\"@id\":\"https:\\\/\\\/www.apfelpatient.de\\\/rumors\\\/apple-beginnt-angeblich-mit-der-entwicklung-des-m4-macbook-pro#primaryimage\"},\"thumbnailUrl\":\"https:\\\/\\\/www.apfelpatient.de\\\/wp-content\\\/uploads\\\/2024\\\/03\\\/Apple-MacBook-Pro-2up-231030.jpg\",\"keywords\":[\"Mac\",\"MacBook Pro\"],\"articleSection\":\"Rumors\",\"inLanguage\":\"en-US\",\"copyrightYear\":\"2024\",\"copyrightHolder\":{\"@id\":\"https:\\\/\\\/www.apfelpatient.de\\\/en\\\/#organization\"}},{\"@type\":\"WebPage\",\"@id\":\"https:\\\/\\\/www.apfelpatient.de\\\/rumors\\\/apple-beginnt-angeblich-mit-der-entwicklung-des-m4-macbook-pro\",\"url\":\"https:\\\/\\\/www.apfelpatient.de\\\/rumors\\\/apple-beginnt-angeblich-mit-der-entwicklung-des-m4-macbook-pro\",\"name\":\"Apple beginnt angeblich mit der Entwicklung des M4 MacBook Pro Apfelpatient\",\"isPartOf\":{\"@id\":\"https:\\\/\\\/www.apfelpatient.de\\\/#website\"},\"primaryImageOfPage\":{\"@id\":\"https:\\\/\\\/www.apfelpatient.de\\\/rumors\\\/apple-beginnt-angeblich-mit-der-entwicklung-des-m4-macbook-pro#primaryimage\"},\"image\":{\"@id\":\"https:\\\/\\\/www.apfelpatient.de\\\/rumors\\\/apple-beginnt-angeblich-mit-der-entwicklung-des-m4-macbook-pro#primaryimage\"},\"thumbnailUrl\":\"https:\\\/\\\/www.apfelpatient.de\\\/wp-content\\\/uploads\\\/2024\\\/03\\\/Apple-MacBook-Pro-2up-231030.jpg\",\"datePublished\":\"2024-03-12T05:25:29+00:00\",\"description\":\"Spannende Enth\u00fcllungen: Apple beginnt mit der Entwicklung des M4 MacBook Pro. Erfahre mehr \u00fcber die kommende Technologie-Revolution!\",\"breadcrumb\":{\"@id\":\"https:\\\/\\\/www.apfelpatient.de\\\/rumors\\\/apple-beginnt-angeblich-mit-der-entwicklung-des-m4-macbook-pro#breadcrumb\"},\"inLanguage\":\"en-US\",\"potentialAction\":[{\"@type\":\"ReadAction\",\"target\":[\"https:\\\/\\\/www.apfelpatient.de\\\/rumors\\\/apple-beginnt-angeblich-mit-der-entwicklung-des-m4-macbook-pro\"]}]},{\"@type\":\"ImageObject\",\"inLanguage\":\"en-US\",\"@id\":\"https:\\\/\\\/www.apfelpatient.de\\\/rumors\\\/apple-beginnt-angeblich-mit-der-entwicklung-des-m4-macbook-pro#primaryimage\",\"url\":\"https:\\\/\\\/www.apfelpatient.de\\\/wp-content\\\/uploads\\\/2024\\\/03\\\/Apple-MacBook-Pro-2up-231030.jpg\",\"contentUrl\":\"https:\\\/\\\/www.apfelpatient.de\\\/wp-content\\\/uploads\\\/2024\\\/03\\\/Apple-MacBook-Pro-2up-231030.jpg\",\"width\":1600,\"height\":900,\"caption\":\"Bild: Apple\"},{\"@type\":\"BreadcrumbList\",\"@id\":\"https:\\\/\\\/www.apfelpatient.de\\\/rumors\\\/apple-beginnt-angeblich-mit-der-entwicklung-des-m4-macbook-pro#breadcrumb\",\"itemListElement\":[{\"@type\":\"ListItem\",\"position\":1,\"name\":\"Startseite\",\"item\":\"https:\\\/\\\/www.apfelpatient.de\\\/\"},{\"@type\":\"ListItem\",\"position\":2,\"name\":\"Apple beginnt angeblich mit der Entwicklung des M4 MacBook Pro\"}]},{\"@type\":\"WebSite\",\"@id\":\"https:\\\/\\\/www.apfelpatient.de\\\/#website\",\"url\":\"https:\\\/\\\/www.apfelpatient.de\\\/\",\"name\":\"Apfelpatient\",\"description\":\"Alles rund um Apple!\",\"publisher\":{\"@type\":\"Organization\",\"@id\":\"https:\\\/\\\/www.apfelpatient.de\\\/en\\\/#organization\",\"name\":\"Apfelpatient\",\"url\":\"https:\\\/\\\/www.apfelpatient.de\\\/en\\\/\"},\"alternateName\":\"Apfelpatient\",\"potentialAction\":[{\"@type\":\"SearchAction\",\"target\":{\"@type\":\"EntryPoint\",\"urlTemplate\":\"https:\\\/\\\/www.apfelpatient.de\\\/?s={search_term_string}\"},\"query-input\":{\"@type\":\"PropertyValueSpecification\",\"valueRequired\":true,\"valueName\":\"search_term_string\"}}],\"inLanguage\":\"en-US\"},{\"@type\":[\"Person\",\"Organization\"],\"@id\":\"https:\\\/\\\/www.apfelpatient.de\\\/#\\\/schema\\\/person\\\/7dc56ad6c8e9824b76d2c08d4c140e13\",\"name\":\"Milan\",\"logo\":{\"@id\":\"https:\\\/\\\/www.apfelpatient.de\\\/#\\\/schema\\\/person\\\/image\\\/\"},\"description\":\"Hallo und herzlich willkommen auf meinem Technik-Blog! Als gro\u00dfer Apple-Fan berichte ich hier \u00fcber alles, was mit Apple zu tun hat: von den neuesten News und spannenden Ger\u00fcchten \u00fcber hilfreiche Tipps und Tricks bis hin zu ausf\u00fchrlichen Produkttests. Wenn du genauso technikbegeistert bist wie ich, bist du hier genau richtig!\",\"sameAs\":[\"https:\\\/\\\/www.facebook.com\\\/apfelpatientOfficial\",\"https:\\\/\\\/www.linkedin.com\\\/in\\\/milan-jovicic-42aa0231b\"],\"url\":\"https:\\\/\\\/www.apfelpatient.de\\\/en\\\/author\\\/apfeladmin\"}]}<\/script>\n<!-- \/ Yoast SEO Premium plugin. -->","yoast_head_json":{"title":"Apple reportedly begins development of the M4 MacBook Pro Apfelpatient","description":"Exciting revelations: Apple begins development of the M4 MacBook Pro. Learn more about the coming technology revolution!","robots":{"index":"index","follow":"follow","max-snippet":"max-snippet:-1","max-image-preview":"max-image-preview:large","max-video-preview":"max-video-preview:-1"},"canonical":"https:\/\/www.apfelpatient.de\/en\/rumors\/apple-reportedly-begins-development-of-the-m4-macbook-pro","og_locale":"en_US","og_type":"article","og_title":"Apple beginnt angeblich mit der Entwicklung des M4 MacBook Pro","og_description":"Spannende Enth\u00fcllungen: Apple beginnt mit der Entwicklung des M4 MacBook Pro. Erfahre mehr \u00fcber die kommende Technologie-Revolution!","og_url":"https:\/\/www.apfelpatient.de\/en\/rumors\/apple-reportedly-begins-development-of-the-m4-macbook-pro","og_site_name":"Apfelpatient","article_publisher":"https:\/\/www.facebook.com\/apfelpatientOfficial","article_author":"https:\/\/www.facebook.com\/apfelpatientOfficial","article_published_time":"2024-03-12T05:25:29+00:00","og_image":[{"width":1600,"height":900,"url":"https:\/\/www.apfelpatient.de\/wp-content\/uploads\/2024\/03\/Apple-MacBook-Pro-2up-231030.jpg","type":"image\/jpeg"}],"author":"Milan","twitter_card":"summary_large_image","twitter_description":"Spannende Enth\u00fcllungen: Apple beginnt mit der Entwicklung des M4 MacBook Pro. Erfahre mehr \u00fcber die kommende Technologie-Revolution!","twitter_misc":{"Written by":"Milan","Est. reading time":"3 minutes"},"schema":{"@context":"https:\/\/schema.org","@graph":[{"@type":"NewsArticle","@id":"https:\/\/www.apfelpatient.de\/rumors\/apple-beginnt-angeblich-mit-der-entwicklung-des-m4-macbook-pro#article","isPartOf":{"@id":"https:\/\/www.apfelpatient.de\/rumors\/apple-beginnt-angeblich-mit-der-entwicklung-des-m4-macbook-pro"},"author":{"@type":"Organization","@id":"https:\/\/www.apfelpatient.de\/en\/#organization","name":"Apfelpatient","url":"https:\/\/www.apfelpatient.de\/en\/"},"headline":"Apple beginnt angeblich mit der Entwicklung des M4 MacBook Pro","datePublished":"2024-03-12T05:25:29+00:00","mainEntityOfPage":{"@id":"https:\/\/www.apfelpatient.de\/rumors\/apple-beginnt-angeblich-mit-der-entwicklung-des-m4-macbook-pro"},"wordCount":482,"publisher":{"@type":"Organization","@id":"https:\/\/www.apfelpatient.de\/en\/#organization","name":"Apfelpatient","url":"https:\/\/www.apfelpatient.de\/en\/"},"image":{"@id":"https:\/\/www.apfelpatient.de\/rumors\/apple-beginnt-angeblich-mit-der-entwicklung-des-m4-macbook-pro#primaryimage"},"thumbnailUrl":"https:\/\/www.apfelpatient.de\/wp-content\/uploads\/2024\/03\/Apple-MacBook-Pro-2up-231030.jpg","keywords":["Mac","MacBook Pro"],"articleSection":"Rumors","inLanguage":"en-US","copyrightYear":"2024","copyrightHolder":{"@id":"https:\/\/www.apfelpatient.de\/en\/#organization"}},{"@type":"WebPage","@id":"https:\/\/www.apfelpatient.de\/rumors\/apple-beginnt-angeblich-mit-der-entwicklung-des-m4-macbook-pro","url":"https:\/\/www.apfelpatient.de\/rumors\/apple-beginnt-angeblich-mit-der-entwicklung-des-m4-macbook-pro","name":"Apple reportedly begins development of the M4 MacBook Pro Apfelpatient","isPartOf":{"@id":"https:\/\/www.apfelpatient.de\/#website"},"primaryImageOfPage":{"@id":"https:\/\/www.apfelpatient.de\/rumors\/apple-beginnt-angeblich-mit-der-entwicklung-des-m4-macbook-pro#primaryimage"},"image":{"@id":"https:\/\/www.apfelpatient.de\/rumors\/apple-beginnt-angeblich-mit-der-entwicklung-des-m4-macbook-pro#primaryimage"},"thumbnailUrl":"https:\/\/www.apfelpatient.de\/wp-content\/uploads\/2024\/03\/Apple-MacBook-Pro-2up-231030.jpg","datePublished":"2024-03-12T05:25:29+00:00","description":"Exciting revelations: Apple begins development of the M4 MacBook Pro. Learn more about the coming technology revolution!","breadcrumb":{"@id":"https:\/\/www.apfelpatient.de\/rumors\/apple-beginnt-angeblich-mit-der-entwicklung-des-m4-macbook-pro#breadcrumb"},"inLanguage":"en-US","potentialAction":[{"@type":"ReadAction","target":["https:\/\/www.apfelpatient.de\/rumors\/apple-beginnt-angeblich-mit-der-entwicklung-des-m4-macbook-pro"]}]},{"@type":"ImageObject","inLanguage":"en-US","@id":"https:\/\/www.apfelpatient.de\/rumors\/apple-beginnt-angeblich-mit-der-entwicklung-des-m4-macbook-pro#primaryimage","url":"https:\/\/www.apfelpatient.de\/wp-content\/uploads\/2024\/03\/Apple-MacBook-Pro-2up-231030.jpg","contentUrl":"https:\/\/www.apfelpatient.de\/wp-content\/uploads\/2024\/03\/Apple-MacBook-Pro-2up-231030.jpg","width":1600,"height":900,"caption":"Bild: Apple"},{"@type":"BreadcrumbList","@id":"https:\/\/www.apfelpatient.de\/rumors\/apple-beginnt-angeblich-mit-der-entwicklung-des-m4-macbook-pro#breadcrumb","itemListElement":[{"@type":"ListItem","position":1,"name":"Startseite","item":"https:\/\/www.apfelpatient.de\/"},{"@type":"ListItem","position":2,"name":"Apple beginnt angeblich mit der Entwicklung des M4 MacBook Pro"}]},{"@type":"WebSite","@id":"https:\/\/www.apfelpatient.de\/#website","url":"https:\/\/www.apfelpatient.de\/","name":"apple patient","description":"Everything about Apple!","publisher":{"@type":"Organization","@id":"https:\/\/www.apfelpatient.de\/en\/#organization","name":"Apfelpatient","url":"https:\/\/www.apfelpatient.de\/en\/"},"alternateName":"Apfelpatient","potentialAction":[{"@type":"SearchAction","target":{"@type":"EntryPoint","urlTemplate":"https:\/\/www.apfelpatient.de\/?s={search_term_string}"},"query-input":{"@type":"PropertyValueSpecification","valueRequired":true,"valueName":"search_term_string"}}],"inLanguage":"en-US"},{"@type":["Person","Organization"],"@id":"https:\/\/www.apfelpatient.de\/#\/schema\/person\/7dc56ad6c8e9824b76d2c08d4c140e13","name":"Milan","logo":{"@id":"https:\/\/www.apfelpatient.de\/#\/schema\/person\/image\/"},"description":"Hello and welcome to my technology blog! As a big Apple fan, I report on everything to do with Apple: from the latest news and exciting rumors to helpful tips and tricks and detailed product tests. If you are as enthusiastic about technology as I am, you have come to the right place!","sameAs":["https:\/\/www.facebook.com\/apfelpatientOfficial","https:\/\/www.linkedin.com\/in\/milan-jovicic-42aa0231b"],"url":"https:\/\/www.apfelpatient.de\/en\/author\/apfeladmin"}]}},"_links":{"self":[{"href":"https:\/\/www.apfelpatient.de\/en\/wp-json\/wp\/v2\/posts\/42337","targetHints":{"allow":["GET"]}}],"collection":[{"href":"https:\/\/www.apfelpatient.de\/en\/wp-json\/wp\/v2\/posts"}],"about":[{"href":"https:\/\/www.apfelpatient.de\/en\/wp-json\/wp\/v2\/types\/post"}],"author":[{"embeddable":true,"href":"https:\/\/www.apfelpatient.de\/en\/wp-json\/wp\/v2\/users\/2"}],"replies":[{"embeddable":true,"href":"https:\/\/www.apfelpatient.de\/en\/wp-json\/wp\/v2\/comments?post=42337"}],"version-history":[{"count":0,"href":"https:\/\/www.apfelpatient.de\/en\/wp-json\/wp\/v2\/posts\/42337\/revisions"}],"wp:featuredmedia":[{"embeddable":true,"href":"https:\/\/www.apfelpatient.de\/en\/wp-json\/wp\/v2\/media\/42339"}],"wp:attachment":[{"href":"https:\/\/www.apfelpatient.de\/en\/wp-json\/wp\/v2\/media?parent=42337"}],"wp:term":[{"taxonomy":"category","embeddable":true,"href":"https:\/\/www.apfelpatient.de\/en\/wp-json\/wp\/v2\/categories?post=42337"},{"taxonomy":"post_tag","embeddable":true,"href":"https:\/\/www.apfelpatient.de\/en\/wp-json\/wp\/v2\/tags?post=42337"}],"curies":[{"name":"wp","href":"https:\/\/api.w.org\/{rel}","templated":true}]}}